{"id":269188,"date":"2025-07-25T07:40:44","date_gmt":"2025-07-25T10:40:44","guid":{"rendered":"https:\/\/www.agrobase.com.br\/concursos\/?p=269188"},"modified":"2025-07-24T13:04:44","modified_gmt":"2025-07-24T16:04:44","slug":"ses-sc-selecao-simplificada-34-2025","status":"publish","type":"post","link":"https:\/\/www.agrobase.com.br\/concursos\/2025\/ses-sc-selecao-simplificada-34-2025\/","title":{"rendered":"SES (SC) &#8211; Sele\u00e7\u00e3o Simplificada 34\/2025"},"content":{"rendered":"<h2>Informa\u00e7\u00f5es Gerais<\/h2>\n<p>A Secretaria de Estado da Sa\u00fade de Santa Catarina (SES\/SC) publicou o edital do Processo Seletivo Simplificado n\u00ba 034\/2025\/SES. O certame tem como objetivo a contrata\u00e7\u00e3o de pessoal por prazo determinado de 24 meses, podendo ser prorrogado uma vez pelo mesmo per\u00edodo, para preencher vagas imediatas e formar cadastro de reserva. As oportunidades s\u00e3o para cargos de n\u00edveis m\u00e9dio\/t\u00e9cnico e superior, com lota\u00e7\u00e3o em unidades da SES na Grande Florian\u00f3polis.<\/p>\n<p>Este processo seletivo contempla diversas \u00e1reas da sa\u00fade e administra\u00e7\u00e3o. <strong>H\u00e1 vagas de destaque para Nutricionista, Engenheiro de Alimentos e Engenheiro Sanitarista e Ambiental<\/strong>, al\u00e9m de oportunidades para T\u00e9cnico em Enfermagem, Administrador, Qu\u00edmico, Fonoaudi\u00f3logo, entre outros.<\/p>\n<h2>Inscri\u00e7\u00f5es<\/h2>\n<p>As inscri\u00e7\u00f5es para o Processo Seletivo Simplificado da SES\/SC estar\u00e3o abertas no per\u00edodo de <strong>23 de julho a 05 de agosto de 2025<\/strong>. Todo o procedimento deve ser realizado <em>exclusivamente de forma online<\/em>, atrav\u00e9s do portal de Processos Seletivos Simplificados da SES\/SC. Uma excelente not\u00edcia para os candidatos \u00e9 que <strong>n\u00e3o ser\u00e1 cobrada taxa de inscri\u00e7\u00e3o<\/strong> para participar deste certame.<\/p>\n<p>Para se inscrever, o candidato dever\u00e1 primeiro realizar seu cadastro no sistema, que ser\u00e1 \u00fanico para todos os processos seletivos da SES. Ap\u00f3s o login, ser\u00e1 necess\u00e1rio escolher o edital e o cargo de interesse, anexando toda a documenta\u00e7\u00e3o comprobat\u00f3ria exigida em formato PDF. \u00c9 importante observar que cada arquivo n\u00e3o pode exceder 2MB.<\/p>\n<p>Aten\u00e7\u00e3o: o candidato poder\u00e1 se inscrever em apenas uma vaga e n\u00e3o ser\u00e1 poss\u00edvel editar a inscri\u00e7\u00e3o, trocar de cargo ou anexar novos documentos ap\u00f3s a confirma\u00e7\u00e3o. Ao finalizar, uma confirma\u00e7\u00e3o ser\u00e1 enviada para o e-mail cadastrado. \u00c9 fundamental que o candidato revise todas as informa\u00e7\u00f5es e documentos antes de submeter a inscri\u00e7\u00e3o.<\/p>\n<h2>Etapas e Provas<\/h2>\n<p>O processo seletivo ser\u00e1 realizado em <strong>etapa \u00fanica<\/strong>, consistindo na <strong>An\u00e1lise de T\u00edtulos e Experi\u00eancia Profissional<\/strong>, de car\u00e1ter eliminat\u00f3rio e classificat\u00f3rio. A avalia\u00e7\u00e3o ser\u00e1 baseada nos documentos enviados pelo candidato no ato da inscri\u00e7\u00e3o online.<\/p>\n<p>A etapa possui duas naturezas distintas:<\/p>\n<ul>\n<li><strong>Car\u00e1ter Eliminat\u00f3rio:<\/strong> Refere-se \u00e0 comprova\u00e7\u00e3o dos requisitos m\u00ednimos para o cargo, como documento de identifica\u00e7\u00e3o e diploma de forma\u00e7\u00e3o acad\u00eamica. A n\u00e3o apresenta\u00e7\u00e3o ou a inadequa\u00e7\u00e3o de qualquer documento obrigat\u00f3rio resultar\u00e1 na elimina\u00e7\u00e3o do candidato.<\/li>\n<li><strong>Car\u00e1ter Classificat\u00f3rio:<\/strong> Consiste na pontua\u00e7\u00e3o atribu\u00edda aos t\u00edtulos e \u00e0 experi\u00eancia profissional que excedem os requisitos m\u00ednimos. O candidato que n\u00e3o apresentar documentos para esta fase n\u00e3o ser\u00e1 eliminado, apenas n\u00e3o receber\u00e1 a pontua\u00e7\u00e3o correspondente.<\/li>\n<\/ul>\n<p>A pontua\u00e7\u00e3o ser\u00e1 calculada da seguinte forma:<\/p>\n<ul>\n<li><strong>Experi\u00eancia Profissional:<\/strong> Ser\u00e3o contabilizados os meses de atua\u00e7\u00e3o na \u00e1rea do cargo pretendido, comprovados por meio de declara\u00e7\u00e3o de tempo de servi\u00e7o ou Carteira de Trabalho (f\u00edsica ou digital). Per\u00edodos de est\u00e1gio, bolsa ou trabalho volunt\u00e1rio n\u00e3o ser\u00e3o pontuados.<\/li>\n<li><strong>T\u00edtulos (para n\u00edvel superior):<\/strong> Ser\u00e3o pontuados cursos de P\u00f3s-Gradua\u00e7\u00e3o (Lato Sensu), Mestrado, Doutorado e Resid\u00eancias em Sa\u00fade, desde que conclu\u00eddos e relacionados \u00e0 \u00e1rea de atua\u00e7\u00e3o do cargo. Cada categoria de t\u00edtulo possui uma pontua\u00e7\u00e3o espec\u00edfica e n\u00e3o cumulativa.<\/li>\n<\/ul>\n<h2>Resultados e Gabarito<\/h2>\n<p>A divulga\u00e7\u00e3o dos resultados do processo seletivo ser\u00e1 realizada em fases, com publica\u00e7\u00f5es no site oficial da Secretaria de Estado da Sa\u00fade (SES\/SC) e, ao final, no Di\u00e1rio Oficial do Estado. O <strong>Resultado Preliminar<\/strong> ser\u00e1 publicado ap\u00f3s a conclus\u00e3o da an\u00e1lise documental pela comiss\u00e3o. Os candidatos poder\u00e3o consultar sua classifica\u00e7\u00e3o e a justificativa para eventual n\u00e3o classifica\u00e7\u00e3o acessando a \u00e1rea restrita no portal de inscri\u00e7\u00f5es.<\/p>\n<p>Em caso de empate na pontua\u00e7\u00e3o final, ser\u00e3o aplicados os seguintes crit\u00e9rios de desempate, nesta ordem:<\/p>\n<ul>\n<li>Maior pontua\u00e7\u00e3o por t\u00edtulos;<\/li>\n<li>Maior pontua\u00e7\u00e3o (meses) de experi\u00eancia comprovada;<\/li>\n<li>Maior idade;<\/li>\n<li>Maior n\u00famero de filhos menores de 14 anos;<\/li>\n<li>Exerc\u00edcio efetivo da fun\u00e7\u00e3o de jurado ou mes\u00e1rio.<\/li>\n<\/ul>\n<p>Ap\u00f3s o per\u00edodo de recursos, o <strong>Resultado Final<\/strong> ser\u00e1 homologado por meio de Portaria e publicado no Di\u00e1rio Oficial do Estado. A convoca\u00e7\u00e3o dos candidatos aprovados, seguindo rigorosamente a ordem de classifica\u00e7\u00e3o, ocorrer\u00e1 por e-mail, enviado para o endere\u00e7o eletr\u00f4nico informado no ato da inscri\u00e7\u00e3o. A SES\/SC recomenda cadastrar o e-mail <em>ingresso@saude.sc.gov.br<\/em> nos contatos para evitar que a mensagem seja direcionada ao spam.<\/p>\n<p>\u00c9 de responsabilidade exclusiva do candidato acompanhar todas as publica\u00e7\u00f5es oficiais no site da SES\/SC e no Di\u00e1rio Oficial para n\u00e3o perder prazos e convoca\u00e7\u00f5es.<\/p>\n","protected":false},"excerpt":{"rendered":"<p>Inscri\u00e7\u00f5es abrem 23\/07! Sel. Simplificada SES (SC) p\/ Administrador e Eng. Alimentos (T\u00e9cnico\/Sup.). Sal\u00e1rios at\u00e9 R$ 5.2k. 14+CR vagas. Veja o edital!<\/p>\n","protected":false},"author":7,"featured_media":269187,"comment_status":"open","ping_status":"open","sticky":false,"template":"","format":"standard","meta":{"_acf_changed":false,"_breakdance_hide_in_design_set":false,"_breakdance_tags":"","footnotes":""},"categories":[3,13,79,16,19,23,27,108,161,134],"tags":[61],"_amplo":[],"destaque":[],"instituicoes":[],"class_list":["post-269188","post","type-post","status-publish","format-standard","has-post-thumbnail","hentry","category-administracao","category-engenharia-ambiental","category-engenharia-alimentos","category-engenharia-sanitaria","category-fonoaudiologia","category-nutricao","category-quimica","category-tecnico-enfermagem","category-tecnico-laboratorio","category-terapia-ocupacional","tag-santa-catarina"],"acf":{"_tipo_vagas":"vagas","_numero_vagas":"","_quadro_vagas":"","_cargos":"diversos","_cargos_especificos":"","_salario_max":"R$ 5202.76","_abertura":"20250723","_encerramento":"20250805","_inscricoes":"https:\/\/sigrhportal.sea.sc.gov.br\/SIGRHPPS\/","_executora_concurso":"","_instituicao_concurso":[],"_link_adicional":null,"_anexos":null,"_produtos":null,"_vagas":"14 vagas + CR","_salario_min":"R$ 4092.64","_instituicao":"SES","_edital":"https:\/\/www.agrobase.com.br\/concursos\/wp-content\/uploads\/sites\/4\/2025\/07\/edital-34-2025-ses-sc.pdf","_anexos_edital":"https:\/\/www.agrobase.com.br\/concursos\/wp-content\/uploads\/sites\/4\/2025\/07\/anexos-edital-34-2025-ses-sc.pdf","_fund_incompleto":"","_fund_completo":"","_medio":"<div>\r\n<table class=\"quadro\">\r\n<thead>\r\n<tr>\r\n<th class=\"hcargo\">Cargo<\/th>\r\n<th class=\"hvagas\">Vagas<\/th>\r\n<th class=\"hremuneracao\">Remunera\u00e7\u00e3o<\/th>\r\n<\/tr>\r\n<\/thead>\r\n    <tbody>\r\n      <td class=\"ccargos\">\r\n<span data-balloon-length=\"medium\" aria-label=\"Conclus\u00e3o de Curso de Ensino M\u00e9dio de T\u00e9cnico Industrial e\/ou Agr\u00edcola, em escola autorizada ou reconhecida, regularmente constitu\u00edda, nos termos do Decreto n\u00ba 90.922\/1985 e altera\u00e7\u00f5es e Carteira Nacional de Habilita\u00e7\u00e3o - categoria B\" data-balloon-pos=\"up\">AGENTE AUXILIAR DE SA\u00daDE P\u00daBLICA<\/span><\/td>\r\n<td class=\"cvagas\">01 + CR<\/td>\r\n<td class=\"cremuneracao\">R$ 4.092,64 \/30h<\/td>\r\n<\/tr><td class=\"ccargos\">\r\n<span data-balloon-length=\"medium\" aria-label=\"Conclus\u00e3o do Curso T\u00e9cnico em Enfermagem e conclus\u00e3o de Curso de Especializa\u00e7\u00e3o T\u00e9cnica em Enfermagem do Trabalho, conforme Resolu\u00e7\u00e3o 609\/2019-COFEN\" data-balloon-pos=\"up\">T\u00c9CNICO EM ENFERMAGEM<\/span><\/td>\r\n<td class=\"cvagas\">01 + CR<\/td>\r\n<td class=\"cremuneracao\">R$ 4.092,64 \/30h<\/td>\r\n<\/tr><td class=\"ccargos\">\r\n<span data-balloon-length=\"medium\" aria-label=\"Conclus\u00e3o do Curso T\u00e9cnico em Enfermagem e experi\u00eancia comprovada, de no m\u00ednimo 06 meses, em Necropsia e\/ou Tanatopraxia e\/ou Auxiliar M\u00e9dico Legal, no cargo de T\u00e9cnico em Enfermagem.\" data-balloon-pos=\"up\">T\u00c9CNICO EM ENFERMAGEM<\/span><\/td>\r\n<td class=\"cvagas\">01 + CR<\/td>\r\n<td class=\"cremuneracao\">R$ 4.092,64 \/30h<\/td>\r\n<\/tr><td class=\"ccargos\">\r\n<span data-balloon-length=\"medium\" aria-label=\"Conclus\u00e3o de Curso T\u00e9cnico de N\u00edvel M\u00e9dio de T\u00e9cnico em Laborat\u00f3rio ou An\u00e1lises Cl\u00ednicas ou Patologia Cl\u00ednica e experi\u00eancia, treinamento e\/ou curso de t\u00e9cnicas de: histologia, macroscopia e colora\u00e7\u00e3o de l\u00e2minas.\" data-balloon-pos=\"up\">T\u00c9CNICO EM LABORAT\u00d3RIO<\/span><\/td>\r\n<td class=\"cvagas\">01 + CR<\/td>\r\n<td class=\"cremuneracao\">R$ 4.092,64 \/30h<\/td>\r\n<\/tr><td class=\"ccargos\">\r\n<span data-balloon-length=\"medium\" aria-label=\"Conclus\u00e3o de Ensino M\u00e9dio e comprova\u00e7\u00e3o de habilita\u00e7\u00e3o em T\u00e9cnico de \u00d3rtese e Pr\u00f3tese e\/ou experi\u00eancia m\u00ednima de 12 meses na \u00e1rea de confec\u00e7\u00e3o de \u00f3rtese e pr\u00f3tese ortop\u00e9dica sob medida.\" data-balloon-pos=\"up\">T\u00c9CNICO EM PR\u00d3TESE E \u00d3RTESE<\/span><\/td>\r\n<td class=\"cvagas\">01 + CR<\/td>\r\n<td class=\"cremuneracao\">R$ 4.092,64 \/30h<\/td>\r\n<\/tr>\r\n    <\/tbody>\r\n  <\/table>\r\n<\/div>","_superior":"<div>\r\n<table class=\"quadro\">\r\n<thead>\r\n<tr>\r\n<th class=\"hcargo\">Cargo<\/th>\r\n<th class=\"hvagas\">Vagas<\/th>\r\n<th class=\"hremuneracao\">Remunera\u00e7\u00e3o<\/th>\r\n<\/tr>\r\n<\/thead>\r\n    <tbody>\r\n      <tr>\r\n<td class=\"ccargos\">\r\n<span data-balloon-length=\"medium\" aria-label=\"Conclus\u00e3o do Curso Superior em Administra\u00e7\u00e3o e conclus\u00e3o de P\u00f3s-Gradua\u00e7\u00e3o Lato Sensu em Gest\u00e3o em Sa\u00fade e\/ou experi\u00eancia de 36 meses, em Gest\u00e3o em Sa\u00fade\" data-balloon-pos=\"up\">ADMINISTRADOR<\/span><\/td>\r\n<td class=\"cvagas\">01 + CR<\/td>\r\n<td class=\"cremuneracao\">R$ 5.202,76 \/30h<\/td>\r\n<\/tr><tr>\r\n<td class=\"ccargos\">\r\n<span data-balloon-length=\"medium\" aria-label=\"Conclus\u00e3o de Curso Superior de Engenharia de Alimentos e Certificado ou Diploma de conclus\u00e3o de P\u00f3s-Gradua\u00e7\u00e3o, no m\u00ednimo em n\u00edvel de especializa\u00e7\u00e3o na \u00e1rea da Sa\u00fade P\u00fablica ou Sa\u00fade Coletiva ou Engenharia de Alimentos e\/ou experi\u00eancia comprovada de no m\u00ednimo 6 meses na \u00e1rea da sa\u00fade ou Engenharia de Alimentos.\" data-balloon-pos=\"up\">ENGENHEIRO DE ALIMENTOS<\/span><\/td>\r\n<td class=\"cvagas\">01 + CR<\/td>\r\n<td class=\"cremuneracao\">R$ 5.202,76 \/30h<\/td>\r\n<\/tr><tr>\r\n<td class=\"ccargos\">\r\n<span data-balloon-length=\"medium\" aria-label=\"Conclus\u00e3o de Curso Superior em Engenharia Sanit\u00e1ria e Ambiental e Certificado ou Diploma de conclus\u00e3o de P\u00f3s-Gradua\u00e7\u00e3o, no m\u00ednimo em n\u00edvel de especializa\u00e7\u00e3o, na \u00e1rea da sa\u00fade e\/ou experi\u00eancia comprovada de, no m\u00ednimo, 06 meses de atua\u00e7\u00e3o na \u00e1rea da sa\u00fade.\" data-balloon-pos=\"up\">ENGENHEIRO SANITARISTA E AMBIENTAL<\/span><\/td>\r\n<td class=\"cvagas\">01 + CR<\/td>\r\n<td class=\"cremuneracao\">R$ 5.202,76 \/30h<\/td>\r\n<\/tr><tr>\r\n<td class=\"ccargos\">\r\n<span data-balloon-length=\"medium\" aria-label=\"Conclus\u00e3o do Curso Superior em Nutri\u00e7\u00e3o e conclus\u00e3o de P\u00f3s-Gradua\u00e7\u00e3o Lato Sensu ou Resid\u00eancia Multiprofissional em Unidade Hospitalar\" data-balloon-pos=\"up\">NUTRICIONISTA<\/span><\/td>\r\n<td class=\"cvagas\">01 + CR<\/td>\r\n<td class=\"cremuneracao\">R$ 5.202,76 \/30h<\/td>\r\n<\/tr><tr>\r\n<td class=\"ccargos\">\r\n<span data-balloon-length=\"medium\" aria-label=\"Certificado ou Diploma de Curso Superior em Qu\u00edmica e P\u00f3s-Gradua\u00e7\u00e3o na \u00e1rea da Sa\u00fade P\u00fablica ou Sa\u00fade Coletiva ou Qu\u00edmica e\/ou experi\u00eancia comprovada na \u00e1rea da sa\u00fade ou qu\u00edmica, de no m\u00ednimo 6 meses.\" data-balloon-pos=\"up\">QU\u00cdMICO<\/span><\/td>\r\n<td class=\"cvagas\">01 + CR<\/td>\r\n<td class=\"cremuneracao\">R$ 5.202,76 \/30h<\/td>\r\n<\/tr><tr>\r\n<td class=\"ccargos\">\r\n<span data-balloon-length=\"medium\" aria-label=\"Conclus\u00e3o do Curso Superior em Fonoaudiologia e conclus\u00e3o de P\u00f3s-Gradua\u00e7\u00e3o Lato Sensu, nas \u00e1reas de Disfagia, Linguagem, Sa\u00fade Mental, Desenvolvimento Infantil, Educa\u00e7\u00e3o Especial e Reabilita\u00e7\u00e3o\" data-balloon-pos=\"up\">FONOAUDI\u00d3LOGO<\/span><\/td>\r\n<td class=\"cvagas\">01 + CR<\/td>\r\n<td class=\"cremuneracao\">R$ 5.202,76 \/30h<\/td>\r\n<\/tr><tr>\r\n<td class=\"ccargos\">\r\n<span data-balloon-length=\"medium\" aria-label=\"Conclus\u00e3o do Curso Superior em Terapia Ocupacional\" data-balloon-pos=\"up\">TERAPEUTA OCUPACIONAL<\/span><\/td>\r\n<td class=\"cvagas\">01 + CR<\/td>\r\n<td class=\"cremuneracao\">R$ 5.202,76 \/30h<\/td>\r\n<\/tr><tr>\r\n<td class=\"ccargos\">\r\n<span data-balloon-length=\"medium\" aria-label=\"Conclus\u00e3o do Curso Superior em Fonoaudiologia e conclus\u00e3o de Resid\u00eancia Multiprofissional na \u00e1rea Hospitalar e\/ou experi\u00eancia, de no m\u00ednimo 12 meses nas \u00e1reas de Disfagia e\/ou Motricidade Orofacial e\/ou Fonoaudiologia Hospitalar\" data-balloon-pos=\"up\">FONOAUDI\u00d3LOGO<\/span><\/td>\r\n<td class=\"cvagas\">01 + CR<\/td>\r\n<td class=\"cremuneracao\">R$ 5.202,76 \/30h<\/td>\r\n<\/tr><tr>\r\n<td class=\"ccargos\">\r\n<span data-balloon-length=\"medium\" aria-label=\"Conclus\u00e3o do Curso Superior em Fonoaudiologia\" data-balloon-pos=\"up\">FONOAUDI\u00d3LOGO<\/span><\/td>\r\n<td class=\"cvagas\">01 + CR<\/td>\r\n<td class=\"cremuneracao\">R$ 5.202,76 \/30h<\/td>\r\n<\/tr>\r\n    <\/tbody>\r\n  <\/table>\r\n<\/div>"},"_links":{"self":[{"href":"https:\/\/www.agrobase.com.br\/concursos\/wp-json\/wp\/v2\/posts\/269188","targetHints":{"allow":["GET"]}}],"collection":[{"href":"https:\/\/www.agrobase.com.br\/concursos\/wp-json\/wp\/v2\/posts"}],"about":[{"href":"https:\/\/www.agrobase.com.br\/concursos\/wp-json\/wp\/v2\/types\/post"}],"author":[{"embeddable":true,"href":"https:\/\/www.agrobase.com.br\/concursos\/wp-json\/wp\/v2\/users\/7"}],"replies":[{"embeddable":true,"href":"https:\/\/www.agrobase.com.br\/concursos\/wp-json\/wp\/v2\/comments?post=269188"}],"version-history":[{"count":2,"href":"https:\/\/www.agrobase.com.br\/concursos\/wp-json\/wp\/v2\/posts\/269188\/revisions"}],"predecessor-version":[{"id":269192,"href":"https:\/\/www.agrobase.com.br\/concursos\/wp-json\/wp\/v2\/posts\/269188\/revisions\/269192"}],"wp:featuredmedia":[{"embeddable":true,"href":"https:\/\/www.agrobase.com.br\/concursos\/wp-json\/wp\/v2\/media\/269187"}],"wp:attachment":[{"href":"https:\/\/www.agrobase.com.br\/concursos\/wp-json\/wp\/v2\/media?parent=269188"}],"wp:term":[{"taxonomy":"category","embeddable":true,"href":"https:\/\/www.agrobase.com.br\/concursos\/wp-json\/wp\/v2\/categories?post=269188"},{"taxonomy":"post_tag","embeddable":true,"href":"https:\/\/www.agrobase.com.br\/concursos\/wp-json\/wp\/v2\/tags?post=269188"},{"taxonomy":"_amplo","embeddable":true,"href":"https:\/\/www.agrobase.com.br\/concursos\/wp-json\/wp\/v2\/_amplo?post=269188"},{"taxonomy":"destaque","embeddable":true,"href":"https:\/\/www.agrobase.com.br\/concursos\/wp-json\/wp\/v2\/destaque?post=269188"},{"taxonomy":"instituicoes","embeddable":true,"href":"https:\/\/www.agrobase.com.br\/concursos\/wp-json\/wp\/v2\/instituicoes?post=269188"}],"curies":[{"name":"wp","href":"https:\/\/api.w.org\/{rel}","templated":true}]}}