{"id":269182,"date":"2025-07-25T07:30:14","date_gmt":"2025-07-25T10:30:14","guid":{"rendered":"https:\/\/www.agrobase.com.br\/concursos\/?p=269182"},"modified":"2025-07-24T12:47:24","modified_gmt":"2025-07-24T15:47:24","slug":"prefeitura-vila-valerio-es-selecao-simplificada-01-2025","status":"publish","type":"post","link":"https:\/\/www.agrobase.com.br\/concursos\/2025\/prefeitura-vila-valerio-es-selecao-simplificada-01-2025\/","title":{"rendered":"Prefeitura Vila Val\u00e9rio (ES) &#8211; Sele\u00e7\u00e3o Simplificada 01\/2025"},"content":{"rendered":"<h2>Informa\u00e7\u00f5es Gerais<\/h2>\n<p>A Prefeitura Municipal de Vila Val\u00e9rio, no estado do Esp\u00edrito Santo, publicou o edital de seu Processo Seletivo Simplificado. O objetivo \u00e9 a contrata\u00e7\u00e3o tempor\u00e1ria e a forma\u00e7\u00e3o de cadastro de reserva para atender \u00e0s necessidades da administra\u00e7\u00e3o p\u00fablica. As oportunidades abrangem os n\u00edveis de escolaridade fundamental, m\u00e9dio, t\u00e9cnico e superior, com contrata\u00e7\u00e3o por tempo determinado.<\/p>\n<p>As vagas est\u00e3o distribu\u00eddas em diversas \u00e1reas, como servi\u00e7os gerais, administrativa, educa\u00e7\u00e3o e sa\u00fade. <strong>O certame se destaca por oferecer oportunidades para os cargos de T\u00e9cnico Agr\u00edcola, Engenheiro Ambiental, M\u00e9dico Veterin\u00e1rio e Nutricionista<\/strong>, \u00e1reas de grande interesse para nossos leitores.<\/p>\n<p>Este processo seletivo \u00e9 uma excelente chance para profissionais que buscam uma coloca\u00e7\u00e3o no servi\u00e7o p\u00fablico municipal.<\/p>\n<h2>Inscri\u00e7\u00f5es<\/h2>\n<p>As inscri\u00e7\u00f5es para o Processo Seletivo de Vila Val\u00e9rio (ES) estar\u00e3o abertas entre <strong>28 de julho e 01 de agosto de 2025<\/strong>. A participa\u00e7\u00e3o \u00e9 gratuita, pois o edital n\u00e3o prev\u00ea cobran\u00e7a de taxa de inscri\u00e7\u00e3o.<\/p>\n<p>O procedimento de inscri\u00e7\u00e3o \u00e9 exclusivamente <strong>presencial<\/strong>. Os interessados devem entregar um envelope lacrado na Prefeitura Municipal de Vila Val\u00e9rio, localizada na Rua Loren\u00e7o de Martins, n\u00ba 191, Centro. O hor\u00e1rio de recebimento \u00e9 das 11h \u00e0s 16h (de segunda a quinta-feira) e das 7h \u00e0s 11h (na sexta-feira).<\/p>\n<p>Dentro do envelope, o candidato deve incluir o requerimento de inscri\u00e7\u00e3o preenchido (Anexos III, IV ou V do edital), a capa de identifica\u00e7\u00e3o (Anexo II) e as c\u00f3pias de todos os documentos exigidos, como identifica\u00e7\u00e3o com foto, CPF, comprovante de escolaridade, t\u00edtulos e experi\u00eancia profissional. N\u00e3o ser\u00e1 permitida a inclus\u00e3o de documentos ap\u00f3s o ato da inscri\u00e7\u00e3o.<\/p>\n<p>\u00c9 fundamental a leitura completa do edital para conferir a lista detalhada de documentos e seguir corretamente todas as instru\u00e7\u00f5es.<\/p>\n<h2>Etapas e Provas<\/h2>\n<p>O processo seletivo ser\u00e1 realizado em uma \u00fanica etapa, que combina an\u00e1lise de t\u00edtulos e, para cargos espec\u00edficos, uma prova pr\u00e1tica. A estrutura de avalia\u00e7\u00e3o \u00e9 a seguinte:<\/p>\n<ul>\n<li><strong>Prova de T\u00edtulos:<\/strong> De car\u00e1ter classificat\u00f3rio, esta etapa \u00e9 v\u00e1lida para todos os cargos. A pontua\u00e7\u00e3o m\u00e1xima \u00e9 de 100 pontos, atribu\u00edda com base na forma\u00e7\u00e3o acad\u00eamica (doutorado, mestrado, especializa\u00e7\u00e3o), qualifica\u00e7\u00e3o profissional (cursos na \u00e1rea) e tempo de experi\u00eancia profissional. Os crit\u00e9rios e pesos variam conforme o n\u00edvel de escolaridade do cargo.<\/li>\n<li><strong>Prova Pr\u00e1tica:<\/strong> De car\u00e1ter eliminat\u00f3rio e classificat\u00f3rio, \u00e9 exclusiva para os cargos de <em>Motorista<\/em> e <em>Operador de M\u00e1quinas<\/em>. A prova vale at\u00e9 60 pontos, e o candidato precisa obter no m\u00ednimo 10 pontos para ser aprovado. Para Motoristas, a avalia\u00e7\u00e3o consistir\u00e1 na condu\u00e7\u00e3o de um ve\u00edculo em vias p\u00fablicas. Para Operadores de M\u00e1quinas, ser\u00e1 avaliada a habilidade na opera\u00e7\u00e3o de motoniveladora e retroescavadeira. A apresenta\u00e7\u00e3o da CNH categoria \u201cD\u201d ou superior \u00e9 obrigat\u00f3ria.<\/li>\n<\/ul>\n<p>\u00c9 importante notar que os candidatos aos cargos de Motorista e Operador de M\u00e1quinas s\u00f3 ter\u00e3o seus t\u00edtulos avaliados se forem aprovados na prova pr\u00e1tica. Para conhecer em detalhes os crit\u00e9rios de pontua\u00e7\u00e3o e as regras de cada avalia\u00e7\u00e3o, consulte o edital completo.<\/p>\n<h2>Resultados e Gabarito<\/h2>\n<p>O cronograma de divulga\u00e7\u00e3o dos resultados seguir\u00e1 as datas previstas no edital. A classifica\u00e7\u00e3o preliminar ser\u00e1 publicada em <strong>14 de agosto de 2025<\/strong> no site oficial da prefeitura. Os candidatos poder\u00e3o interpor recurso presencialmente no dia 15 de agosto, e o resultado final do certame est\u00e1 previsto para <strong>20 de agosto de 2025<\/strong>.<\/p>\n<p>A classifica\u00e7\u00e3o final ser\u00e1 organizada em ordem decrescente da pontua\u00e7\u00e3o total, obtida pela soma dos pontos da Prova de T\u00edtulos e da Prova Pr\u00e1tica (quando aplic\u00e1vel). Os crit\u00e9rios de desempate, em ordem, s\u00e3o:<\/p>\n<ul>\n<li>Idade igual ou superior a 60 anos;<\/li>\n<li>Maior nota na Prova Pr\u00e1tica (se houver);<\/li>\n<li>Maior nota na Prova de T\u00edtulos;<\/li>\n<li>Maior idade (considerando ano, m\u00eas e dia);<\/li>\n<li>Sorteio p\u00fablico, caso o empate persista.<\/li>\n<\/ul>\n<p>A homologa\u00e7\u00e3o do resultado final ser\u00e1 divulgada no site da Prefeitura de Vila Val\u00e9rio. A convoca\u00e7\u00e3o dos aprovados ocorrer\u00e1 de acordo com a necessidade da administra\u00e7\u00e3o e ser\u00e1 comunicada por meio de edital espec\u00edfico, tamb\u00e9m publicado no portal oficial.<\/p>\n<p>\u00c9 de responsabilidade exclusiva do candidato acompanhar todas as publica\u00e7\u00f5es oficiais no site da Prefeitura de Vila Val\u00e9rio, pois a administra\u00e7\u00e3o n\u00e3o fornecer\u00e1 informa\u00e7\u00f5es por outros meios, como telefone ou e-mail.<\/p>\n","protected":false},"excerpt":{"rendered":"<p>Inscri\u00e7\u00f5es abrem 28\/07! Sel. Simplificada Pref. Vila Val\u00e9rio (ES) p\/ Motorista e Operador (Fund. a Sup.). Sal\u00e1rios at\u00e9 R$ 12k. Prepare-se e veja o edital!<\/p>\n","protected":false},"author":7,"featured_media":269181,"comment_status":"open","ping_status":"open","sticky":false,"template":"","format":"standard","meta":{"_acf_changed":false,"_breakdance_hide_in_design_set":false,"_breakdance_tags":"","footnotes":""},"categories":[3,9,10,11,12,13,17,18,21,22,23,24,25,26,101,29,30,108],"tags":[45],"_amplo":[],"destaque":[],"instituicoes":[],"class_list":["post-269182","post","type-post","status-publish","format-standard","has-post-thumbnail","hentry","category-administracao","category-ciencias-contabeis","category-direito","category-educacao-fisica","category-enfermagem","category-engenharia-ambiental","category-farmacia","category-fisioterapia","category-medicina","category-veterinaria","category-nutricao","category-odontologia","category-pedagogia","category-psicologia","category-servico-social","category-tecnico-agricola","category-tecnico-agropecuaria","category-tecnico-enfermagem","tag-espirito-santo"],"acf":{"_tipo_vagas":"vagas","_numero_vagas":"","_quadro_vagas":"","_cargos":"diversos","_cargos_especificos":"","_salario_max":"R$ 12013.88","_abertura":"20250728","_encerramento":"20250801","_inscricoes":"https:\/\/vilavalerio.es.gov.br\/","_executora_concurso":"","_instituicao_concurso":[],"_link_adicional":null,"_anexos":null,"_produtos":null,"_vagas":"CR","_salario_min":"R$ 1536.69","_instituicao":"Prefeitura de Vila Val\u00e9rio","_edital":"https:\/\/www.agrobase.com.br\/concursos\/wp-content\/uploads\/sites\/4\/2025\/07\/edital-01-2025-prefeitura-de-vila-valerio-es.pdf","_anexos_edital":"https:\/\/www.agrobase.com.br\/concursos\/wp-content\/uploads\/sites\/4\/2025\/07\/anexos-edital-01-2025-prefeitura-de-vila-valerio-es.pdf","_fund_incompleto":"","_fund_completo":"<div>\r\n<table class=\"quadro\">\r\n<thead>\r\n<tr>\r\n<th class=\"hcargo\">Cargo<\/th>\r\n<th class=\"hvagas\">Vagas<\/th>\r\n<th class=\"hremuneracao\">Remunera\u00e7\u00e3o<\/th>\r\n<\/tr>\r\n<\/thead>\r\n    <tbody>\r\n      <td class=\"ccargos\">\r\n<span data-balloon-length=\"medium\" aria-label=\"Ensino Fundamental Completo\" data-balloon-pos=\"up\">Auxiliar de Obras<\/span><\/td>\r\n<td class=\"cvagas\">CR<\/td>\r\n<td class=\"cremuneracao\">R$ 1.567,08 \/40h<\/td>\r\n<\/tr><td class=\"ccargos\">\r\n<span data-balloon-length=\"medium\" aria-label=\"Ensino Fundamental Completo\" data-balloon-pos=\"up\">Auxiliar de Servi\u00e7os Gerais - POR SETOR<\/span><\/td>\r\n<td class=\"cvagas\">CR<\/td>\r\n<td class=\"cremuneracao\">R$ 1.536,69 \/40h<\/td>\r\n<\/tr><td class=\"ccargos\">\r\n<span data-balloon-length=\"medium\" aria-label=\"Ensino Fundamental Completo\" data-balloon-pos=\"up\">Cuidador (Educa\u00e7\u00e3o) - POR SETOR<\/span><\/td>\r\n<td class=\"cvagas\">CR<\/td>\r\n<td class=\"cremuneracao\">R$ 1.536,69 \/30h<\/td>\r\n<\/tr><td class=\"ccargos\">\r\n<span data-balloon-length=\"medium\" aria-label=\"Ensino Fundamental Completo\" data-balloon-pos=\"up\">Guarda Patrimonial<\/span><\/td>\r\n<td class=\"cvagas\">CR<\/td>\r\n<td class=\"cremuneracao\">R$ 1.536,69 \/40h<\/td>\r\n<\/tr><td class=\"ccargos\">\r\n<span data-balloon-length=\"medium\" data-balloon-pos=\"up\">Motorista<\/span><\/td>\r\n<td class=\"cvagas\">CR<\/td>\r\n<td class=\"cremuneracao\">R$ 2.074,73 \/40h<\/td>\r\n<\/tr><td class=\"ccargos\">\r\n<span data-balloon-length=\"medium\" data-balloon-pos=\"up\">Operador de M\u00e1quinas<\/span><\/td>\r\n<td class=\"cvagas\">CR<\/td>\r\n<td class=\"cremuneracao\">R$ 2.074,73 \/40h<\/td>\r\n<\/tr>\r\n    <\/tbody>\r\n  <\/table>\r\n<\/div>","_medio":"<div>\r\n<table class=\"quadro\">\r\n<thead>\r\n<tr>\r\n<th class=\"hcargo\">Cargo<\/th>\r\n<th class=\"hvagas\">Vagas<\/th>\r\n<th class=\"hremuneracao\">Remunera\u00e7\u00e3o<\/th>\r\n<\/tr>\r\n<\/thead>\r\n    <tbody>\r\n      <td class=\"ccargos\">\r\n<span data-balloon-length=\"medium\" aria-label=\"Ensino M\u00e9dio Completo\" data-balloon-pos=\"up\">Cuidador Social<\/span><\/td>\r\n<td class=\"cvagas\">CR<\/td>\r\n<td class=\"cremuneracao\">R$ 1.536,69 \/30h<\/td>\r\n<\/tr><td class=\"ccargos\">\r\n<span data-balloon-length=\"medium\" aria-label=\"Ensino M\u00e9dio Completo\" data-balloon-pos=\"up\">Educador Social<\/span><\/td>\r\n<td class=\"cvagas\">CR<\/td>\r\n<td class=\"cremuneracao\">R$ 1.886,12 \/40h<\/td>\r\n<\/tr><td class=\"ccargos\">\r\n<span data-balloon-length=\"medium\" aria-label=\"Ensino M\u00e9dio Completo\" data-balloon-pos=\"up\">Fiscal de Atividades Urbanas<\/span><\/td>\r\n<td class=\"cvagas\">CR<\/td>\r\n<td class=\"cremuneracao\">R$ 2.904,62 \/30h<\/td>\r\n<\/tr><td class=\"ccargos\">\r\n<span data-balloon-length=\"medium\" aria-label=\"Ensino M\u00e9dio Completo e N\u00edvel T\u00e9cnico profissionalizante: T\u00e9cnico agr\u00edcola ou em Agropecu\u00e1ria.\" data-balloon-pos=\"up\">T\u00e9cnico Agr\u00edcola<\/span><\/td>\r\n<td class=\"cvagas\">CR<\/td>\r\n<td class=\"cremuneracao\">R$ 2.074,73 \/30h<\/td>\r\n<\/tr><td class=\"ccargos\">\r\n<span data-balloon-length=\"medium\" aria-label=\"Curso T\u00e9cnico em Enfermagem + Registro no COREN\" data-balloon-pos=\"up\">T\u00e9cnico de Enfermagem<\/span><\/td>\r\n<td class=\"cvagas\">CR<\/td>\r\n<td class=\"cremuneracao\">R$ 1.726,50 \/30h<\/td>\r\n<\/tr><td class=\"ccargos\">\r\n<span data-balloon-length=\"medium\" aria-label=\"Curso T\u00e9cnico em Enfermagem + Registro no COREN\" data-balloon-pos=\"up\">T\u00e9cnico de Enfermagem PSF<\/span><\/td>\r\n<td class=\"cvagas\">CR<\/td>\r\n<td class=\"cremuneracao\">R$ 2.302,02 \/40h<\/td>\r\n<\/tr><td class=\"ccargos\">\r\n<span data-balloon-length=\"medium\" aria-label=\"Curso T\u00e9cnico em Radiologia + Registro no CRTR\" data-balloon-pos=\"up\">T\u00e9cnico em Radiologia<\/span><\/td>\r\n<td class=\"cvagas\">CR<\/td>\r\n<td class=\"cremuneracao\">R$ 1.726,50 \/30h<\/td>\r\n<\/tr><td class=\"ccargos\">\r\n<span data-balloon-length=\"medium\" aria-label=\"Ensino M\u00e9dio Completo com Forma\u00e7\u00e3o ou Comprova\u00e7\u00e3o de experi\u00eancia na \u00e1rea de seguran\u00e7a, preferencialmente seguran\u00e7a Escolar\" data-balloon-pos=\"up\">Vigilante Escolar<\/span><\/td>\r\n<td class=\"cvagas\">CR<\/td>\r\n<td class=\"cremuneracao\">R$ 2.074,73 \/30h<\/td>\r\n<\/tr>\r\n    <\/tbody>\r\n  <\/table>\r\n<\/div>","_superior":"<div>\r\n<table class=\"quadro\">\r\n<thead>\r\n<tr>\r\n<th class=\"hcargo\">Cargo<\/th>\r\n<th class=\"hvagas\">Vagas<\/th>\r\n<th class=\"hremuneracao\">Remunera\u00e7\u00e3o<\/th>\r\n<\/tr>\r\n<\/thead>\r\n    <tbody>\r\n      <tr>\r\n<td class=\"ccargos\">\r\n<span data-balloon-length=\"medium\" aria-label=\"Ensino Superior em Servi\u00e7o Social e Registro no Conselho Regional da Classe\" data-balloon-pos=\"up\">Assistente Social<\/span><\/td>\r\n<td class=\"cvagas\">CR<\/td>\r\n<td class=\"cremuneracao\">R$ 2.904,62 \/30h<\/td>\r\n<\/tr><tr>\r\n<td class=\"ccargos\">\r\n<span data-balloon-length=\"medium\" aria-label=\"N\u00edvel Superior em Odontologia + Registro no CRO\" data-balloon-pos=\"up\">Dentista<\/span><\/td>\r\n<td class=\"cvagas\">CR<\/td>\r\n<td class=\"cremuneracao\">R$ 2.815,08 \/30h<\/td>\r\n<\/tr><tr>\r\n<td class=\"ccargos\">\r\n<span data-balloon-length=\"medium\" aria-label=\"N\u00edvel Superior em Enfermagem + Registro no COREN\" data-balloon-pos=\"up\">Enfermeiro<\/span><\/td>\r\n<td class=\"cvagas\">CR<\/td>\r\n<td class=\"cremuneracao\">R$ 2.815,08 \/30h<\/td>\r\n<\/tr><tr>\r\n<td class=\"ccargos\">\r\n<span data-balloon-length=\"medium\" aria-label=\"N\u00edvel Superior em Enfermagem + Registro no COREN\" data-balloon-pos=\"up\">Enfermeiro PSF<\/span><\/td>\r\n<td class=\"cvagas\">CR<\/td>\r\n<td class=\"cremuneracao\">R$ 3.753,45 \/40h<\/td>\r\n<\/tr><tr>\r\n<td class=\"ccargos\">\r\n<span data-balloon-length=\"medium\" aria-label=\"Ensino Superior em Engenharia Ambiental e Registro no Conselho Regional da Classe\" data-balloon-pos=\"up\">Engenheiro Ambiental<\/span><\/td>\r\n<td class=\"cvagas\">CR<\/td>\r\n<td class=\"cremuneracao\">R$ 4.500,00 \/30h<\/td>\r\n<\/tr><tr>\r\n<td class=\"ccargos\">\r\n<span data-balloon-length=\"medium\" aria-label=\"N\u00edvel Superior em Farm\u00e1cia + Registro no CRF\" data-balloon-pos=\"up\">Farmac\u00eautico<\/span><\/td>\r\n<td class=\"cvagas\">CR<\/td>\r\n<td class=\"cremuneracao\">R$ 3.566,06 \/30h<\/td>\r\n<\/tr><tr>\r\n<td class=\"ccargos\">\r\n<span data-balloon-length=\"medium\" aria-label=\"Ensino Superior Completo em Administra\u00e7\u00e3o OU Ensino Superior Completo em Contabilidade OU Ensino Superior Completo em Direito.\" data-balloon-pos=\"up\">Fiscal de Tributos<\/span><\/td>\r\n<td class=\"cvagas\">CR<\/td>\r\n<td class=\"cremuneracao\">R$ 2.904,62 \/40h<\/td>\r\n<\/tr><tr>\r\n<td class=\"ccargos\">\r\n<span data-balloon-length=\"medium\" aria-label=\"N\u00edvel Superior em Fisioterapia + Registro no CREFITO.\" data-balloon-pos=\"up\">Fisioterapeuta<\/span><\/td>\r\n<td class=\"cvagas\">CR<\/td>\r\n<td class=\"cremuneracao\">R$ 2.904,62 \/30h<\/td>\r\n<\/tr><tr>\r\n<td class=\"ccargos\">\r\n<span data-balloon-length=\"medium\" aria-label=\"N\u00edvel Superior em Medicina + Registro no CRM.\" data-balloon-pos=\"up\">M\u00e9dico - PSF<\/span><\/td>\r\n<td class=\"cvagas\">CR<\/td>\r\n<td class=\"cremuneracao\">R$ 3.753,45 \/40h<\/td>\r\n<\/tr><tr>\r\n<td class=\"ccargos\">\r\n<span data-balloon-length=\"medium\" aria-label=\"N\u00edvel Superior em Medicina Veterin\u00e1ria + Registro no CRMV.\" data-balloon-pos=\"up\">M\u00e9dico Veterin\u00e1rio<\/span><\/td>\r\n<td class=\"cvagas\">CR<\/td>\r\n<td class=\"cremuneracao\">R$ 2.904,62 \/30h<\/td>\r\n<\/tr><tr>\r\n<td class=\"ccargos\">\r\n<span data-balloon-length=\"medium\" aria-label=\"Ensino Superior em Nutri\u00e7\u00e3o e Registro no Conselho Regional de Nutricionista.\" data-balloon-pos=\"up\">Nutricionista<\/span><\/td>\r\n<td class=\"cvagas\">CR<\/td>\r\n<td class=\"cremuneracao\">R$ 2.904,62 \/30h<\/td>\r\n<\/tr><tr>\r\n<td class=\"ccargos\">\r\n<span data-balloon-length=\"medium\" aria-label=\"Licenciatura em Educa\u00e7\u00e3o F\u00edsica OU Diploma de Bacharel\/Tecn\u00f3logo acrescido do Programa Especial de Forma\u00e7\u00e3o Pedag\u00f3gica para Docentes com habilita\u00e7\u00e3o em Educa\u00e7\u00e3o F\u00edsica.\" data-balloon-pos=\"up\">Professor de Educa\u00e7\u00e3o F\u00edsica (Assist\u00eancia Social)<\/span><\/td>\r\n<td class=\"cvagas\">CR<\/td>\r\n<td class=\"cremuneracao\">R$ 12.013,88 \/25h<\/td>\r\n<\/tr><tr>\r\n<td class=\"ccargos\">\r\n<span data-balloon-length=\"medium\" aria-label=\"N\u00edvel Superior em Psicologia + Registro no CRP.\" data-balloon-pos=\"up\">Psic\u00f3logo<\/span><\/td>\r\n<td class=\"cvagas\">CR<\/td>\r\n<td class=\"cremuneracao\">R$ 2.904,62 \/30h<\/td>\r\n<\/tr><tr>\r\n<td class=\"ccargos\">\r\n<span data-balloon-length=\"medium\" aria-label=\"N\u00edvel Superior em Psicologia e Registro no Conselho Profissional.\" data-balloon-pos=\"up\">Psic\u00f3logo Educacional<\/span><\/td>\r\n<td class=\"cvagas\">CR<\/td>\r\n<td class=\"cremuneracao\">R$ 2.904,62 \/30h<\/td>\r\n<\/tr>\r\n    <\/tbody>\r\n  <\/table>\r\n<\/div>"},"_links":{"self":[{"href":"https:\/\/www.agrobase.com.br\/concursos\/wp-json\/wp\/v2\/posts\/269182","targetHints":{"allow":["GET"]}}],"collection":[{"href":"https:\/\/www.agrobase.com.br\/concursos\/wp-json\/wp\/v2\/posts"}],"about":[{"href":"https:\/\/www.agrobase.com.br\/concursos\/wp-json\/wp\/v2\/types\/post"}],"author":[{"embeddable":true,"href":"https:\/\/www.agrobase.com.br\/concursos\/wp-json\/wp\/v2\/users\/7"}],"replies":[{"embeddable":true,"href":"https:\/\/www.agrobase.com.br\/concursos\/wp-json\/wp\/v2\/comments?post=269182"}],"version-history":[{"count":2,"href":"https:\/\/www.agrobase.com.br\/concursos\/wp-json\/wp\/v2\/posts\/269182\/revisions"}],"predecessor-version":[{"id":269186,"href":"https:\/\/www.agrobase.com.br\/concursos\/wp-json\/wp\/v2\/posts\/269182\/revisions\/269186"}],"wp:featuredmedia":[{"embeddable":true,"href":"https:\/\/www.agrobase.com.br\/concursos\/wp-json\/wp\/v2\/media\/269181"}],"wp:attachment":[{"href":"https:\/\/www.agrobase.com.br\/concursos\/wp-json\/wp\/v2\/media?parent=269182"}],"wp:term":[{"taxonomy":"category","embeddable":true,"href":"https:\/\/www.agrobase.com.br\/concursos\/wp-json\/wp\/v2\/categories?post=269182"},{"taxonomy":"post_tag","embeddable":true,"href":"https:\/\/www.agrobase.com.br\/concursos\/wp-json\/wp\/v2\/tags?post=269182"},{"taxonomy":"_amplo","embeddable":true,"href":"https:\/\/www.agrobase.com.br\/concursos\/wp-json\/wp\/v2\/_amplo?post=269182"},{"taxonomy":"destaque","embeddable":true,"href":"https:\/\/www.agrobase.com.br\/concursos\/wp-json\/wp\/v2\/destaque?post=269182"},{"taxonomy":"instituicoes","embeddable":true,"href":"https:\/\/www.agrobase.com.br\/concursos\/wp-json\/wp\/v2\/instituicoes?post=269182"}],"curies":[{"name":"wp","href":"https:\/\/api.w.org\/{rel}","templated":true}]}}