{"id":269167,"date":"2025-08-29T07:20:43","date_gmt":"2025-08-29T10:20:43","guid":{"rendered":"https:\/\/www.agrobase.com.br\/concursos\/?p=269167"},"modified":"2025-08-28T12:50:55","modified_gmt":"2025-08-28T15:50:55","slug":"degase-rj-concurso-01-2025","status":"publish","type":"post","link":"https:\/\/www.agrobase.com.br\/concursos\/2025\/degase-rj-concurso-01-2025\/","title":{"rendered":"DEGASE (RJ) &#8211; Concurso 01\/2025 [prorrogado]"},"content":{"rendered":"<h2>Informa\u00e7\u00f5es Gerais<\/h2>\n<p>O edital para o concurso p\u00fablico do Departamento Geral de A\u00e7\u00f5es Socioeducativas (DEGASE-RJ) foi publicado. Organizado pelo Instituto de Desenvolvimento Educacional, Cultural e Assistencial Nacional (IDECAN), o certame, regido pelo Processo N\u00ba SEI\u2011030002\/007371\/2025, oferece um total de <strong>564 vagas imediatas<\/strong> para cargos efetivos de n\u00edveis m\u00e9dio, m\u00e9dio t\u00e9cnico e superior. O objetivo \u00e9 o provimento de cargos para reposi\u00e7\u00e3o de vac\u00e2ncias no quadro de pessoal do DEGASE.<\/p>\n<p>As oportunidades abrangem diversas \u00e1reas, como administrativa, seguran\u00e7a socioeducativa, tecnologia da informa\u00e7\u00e3o, sa\u00fade e educa\u00e7\u00e3o. Para os profissionais de \u00e1reas espec\u00edficas, h\u00e1 vagas para cargos como <strong>Nutricionista<\/strong>, M\u00e9dico, Enfermeiro, Psic\u00f3logo, Assistente Social, entre outros. O regime de contrata\u00e7\u00e3o \u00e9 efetivo, garantindo estabilidade aos aprovados. A validade do concurso ser\u00e1 de dois anos, podendo ser prorrogada por igual per\u00edodo.<\/p>\n<h2>Inscri\u00e7\u00f5es<\/h2>\n<p>As inscri\u00e7\u00f5es para o concurso DEGASE-RJ estar\u00e3o abertas entre <strong>14h00 do dia 22 de julho de 2025 e 23h59 do dia <del datetime=\"2025-07-30T16:04:23+00:00\">05<\/del>08 de setembro de 2025<\/strong>. Os interessados poder\u00e3o se inscrever de forma online, atrav\u00e9s do site da banca organizadora, IDECAN, no endere\u00e7o <em>www.idecan.org.br<\/em>. O edital tamb\u00e9m prev\u00ea a possibilidade de inscri\u00e7\u00e3o por via postal ou presencialmente no Rio de Janeiro.<\/p>\n<p>Os valores da taxa de inscri\u00e7\u00e3o foram definidos da seguinte forma:<\/p>\n<ul>\n<li><strong>N\u00edvel M\u00e9dio\/T\u00e9cnico:<\/strong> R$ 90,00<\/li>\n<li><strong>N\u00edvel Superior:<\/strong> R$ 120,00<\/li>\n<\/ul>\n<p>O pagamento da taxa dever\u00e1 ser efetuado via boleto banc\u00e1rio at\u00e9 o primeiro dia \u00fatil ap\u00f3s o encerramento do per\u00edodo de inscri\u00e7\u00f5es. \u00c9 fundamental que o candidato confira todos os dados antes de confirmar o pagamento. Os procedimentos para solicitar a isen\u00e7\u00e3o da taxa est\u00e3o especificados no edital. Uma vez efetivada, a inscri\u00e7\u00e3o n\u00e3o permitir\u00e1 altera\u00e7\u00e3o do cargo escolhido. Acompanhe todas as atualiza\u00e7\u00f5es na sua \u00e1rea de candidato no site da banca.<\/p>\n<h2>Etapas e Provas<\/h2>\n<p>O processo seletivo do concurso DEGASE-RJ ser\u00e1 dividido em duas fases principais, compostas por m\u00faltiplas etapas para todos os cargos. A estrutura de avalia\u00e7\u00e3o foi projetada para analisar diferentes compet\u00eancias dos candidatos.<\/p>\n<p><strong>Primeira Fase:<\/strong><\/p>\n<ul>\n<li><strong>Prova Objetiva:<\/strong> De car\u00e1ter eliminat\u00f3rio e classificat\u00f3rio, com quest\u00f5es de m\u00faltipla escolha, aplicada a todos os candidatos.<\/li>\n<li><strong>Prova de Reda\u00e7\u00e3o:<\/strong> De car\u00e1ter eliminat\u00f3rio e classificat\u00f3rio, realizada no mesmo dia da prova objetiva para todos os cargos.<\/li>\n<li><strong>Prova de T\u00edtulos:<\/strong> De car\u00e1ter exclusivamente classificat\u00f3rio, aplic\u00e1vel apenas aos cargos especificados no edital.<\/li>\n<li><strong>Avalia\u00e7\u00e3o Biopsicossocial:<\/strong> Etapa obrigat\u00f3ria para os candidatos que se inscreveram na condi\u00e7\u00e3o de pessoa com defici\u00eancia.<\/li>\n<li><strong>Procedimento de Heteroidentifica\u00e7\u00e3o:<\/strong> Destinado aos candidatos autodeclarados negros ou ind\u00edgenas para verifica\u00e7\u00e3o da autodeclara\u00e7\u00e3o.<\/li>\n<\/ul>\n<p><strong>Segunda Fase:<\/strong><\/p>\n<ul>\n<li><strong>Curso de Forma\u00e7\u00e3o:<\/strong> De car\u00e1ter eliminat\u00f3rio e classificat\u00f3rio, aplicado a todos os candidatos aprovados na primeira fase. As regras espec\u00edficas desta etapa ser\u00e3o divulgadas em edital pr\u00f3prio.<\/li>\n<\/ul>\n<p>As provas objetivas e de reda\u00e7\u00e3o ocorrer\u00e3o em datas distintas conforme o cargo, com dura\u00e7\u00e3o de 5 horas: no dia 11 de outubro de 2025 para os cargos de n\u00edvel m\u00e9dio\/t\u00e9cnico e superior e no dia 12 de outubro de 2025 para Agente de Seguran\u00e7a Socioeducativa.<\/p>\n<h2>Resultados e Gabarito<\/h2>\n<p>O cronograma do concurso DEGASE-RJ prev\u00ea a divulga\u00e7\u00e3o dos resultados em v\u00e1rias etapas. Os gabaritos preliminares da prova objetiva ser\u00e3o publicados em <strong>13 de outubro de 2025<\/strong>, com a vers\u00e3o definitiva e o resultado preliminar da prova sendo liberados em 04 de novembro de 2025. O resultado definitivo desta etapa est\u00e1 previsto para 24 de novembro de 2025. J\u00e1 os resultados da prova discursiva ser\u00e3o divulgados preliminarmente em 01 de dezembro de 2025 e, de forma definitiva, em 22 de dezembro de 2025.<\/p>\n<p>Os crit\u00e9rios de desempate, caso ocorra igualdade na nota final, seguir\u00e3o a seguinte ordem: maior idade para candidatos idosos, maior pontua\u00e7\u00e3o no Curso de Forma\u00e7\u00e3o, maior pontua\u00e7\u00e3o na Primeira Etapa, maior nota na Prova Objetiva, maior nota na Reda\u00e7\u00e3o e, por fim, maior idade entre os candidatos n\u00e3o idosos. A homologa\u00e7\u00e3o do resultado final do concurso ocorrer\u00e1 em data a ser definida posteriormente.<\/p>\n<p>As convoca\u00e7\u00f5es para posse ser\u00e3o publicadas no site oficial do DEGASE e no Di\u00e1rio Oficial do Estado do Rio de Janeiro. O acompanhamento de todas as publica\u00e7\u00f5es, incluindo convoca\u00e7\u00f5es, avisos e resultados, no site da banca organizadora (IDECAN) e nos meios oficiais, \u00e9 de responsabilidade exclusiva do candidato.<\/p>\n","protected":false},"excerpt":{"rendered":"<p>Inscri\u00e7\u00f5es abrem 22\/07! Concurso DEGASE (RJ) p\/ Agente Socioeducativo e Administrativo (M\u00e9dio\/Sup.). At\u00e9 R$ 4.4k. 564+CR vagas. Veja o edital!<\/p>\n","protected":false},"author":7,"featured_media":269166,"comment_status":"open","ping_status":"open","sticky":false,"template":"","format":"standard","meta":{"_acf_changed":false,"_breakdance_hide_in_design_set":false,"_breakdance_tags":"","footnotes":""},"categories":[144,94,9,6434,12,136,17,21,23,24,25,26,101,128,108,130,157,159,134],"tags":[56],"_amplo":[],"destaque":[],"instituicoes":[],"class_list":["post-269167","post","type-post","status-publish","format-standard","has-post-thumbnail","hentry","category-arquivologia","category-biblioteconomia","category-ciencias-contabeis","category-educacao-fisica-licenciatura","category-enfermagem","category-estatistica","category-farmacia","category-medicina","category-nutricao","category-odontologia","category-pedagogia","category-psicologia","category-servico-social","category-tecnico-em-contabilidade","category-tecnico-enfermagem","category-tecnico-informatica","category-tecnico-seguranca-trabalho","category-tecnologia-da-informacao","category-terapia-ocupacional","tag-rio-de-janeiro"],"acf":{"_tipo_vagas":"vagas","_numero_vagas":"","_quadro_vagas":"","_cargos":"diversos","_cargos_especificos":"","_salario_max":"R$ 4441.89","_abertura":"20250722","_encerramento":"20250908","_inscricoes":"https:\/\/www.idecan.org.br","_executora_concurso":"","_instituicao_concurso":[],"_link_adicional":null,"_anexos":[{"_arquivo_anexo":269425,"_titulo_anexo":"Edital consolidado com as altera\u00e7\u00f5es"},{"_arquivo_anexo":270619,"_titulo_anexo":"Edital de Prorroga\u00e7\u00e3o"}],"_produtos":null,"_vagas":"564 vagas + CR","_salario_min":"R$ 3634.25","_instituicao":"DEGASE","_edital":"https:\/\/www.agrobase.com.br\/concursos\/wp-content\/uploads\/sites\/4\/2025\/07\/edital-01-2025-degase-rj.pdf","_anexos_edital":"","_fund_incompleto":"","_fund_completo":"","_medio":"<div>\r\n<table class=\"quadro\">\r\n<thead>\r\n<tr>\r\n<th class=\"hcargo\">Cargo<\/th>\r\n<th class=\"hvagas\">Vagas<\/th>\r\n<th class=\"hremuneracao\">Remunera\u00e7\u00e3o<\/th>\r\n<\/tr>\r\n<\/thead>\r\n    <tbody>\r\n      <td class=\"ccargos\">\r\n<span data-balloon-length=\"medium\" aria-label=\"Ensino M\u00e9dio completo\" data-balloon-pos=\"up\">Agente Administrativo<\/span><\/td>\r\n<td class=\"cvagas\">60<\/td>\r\n<td class=\"cremuneracao\">R$ 3.634,25 \/40h<\/td>\r\n<\/tr><td class=\"ccargos\">\r\n<span data-balloon-length=\"medium\" aria-label=\"Curso T\u00e9cnico de Contabilidade de N\u00edvel M\u00e9dio completo e registro no CRC\" data-balloon-pos=\"up\">T\u00e9cnico de Contabilidade<\/span><\/td>\r\n<td class=\"cvagas\">02<\/td>\r\n<td class=\"cremuneracao\">R$ 3.634,25 \/40h<\/td>\r\n<\/tr><td class=\"ccargos\">\r\n<span data-balloon-length=\"medium\" aria-label=\"Ensino M\u00e9dio completo, curso T\u00e9cnico em Enfermagem ou Curso T\u00e9cnico de Enfermagem de N\u00edvel M\u00e9dio e registro no COREN\" data-balloon-pos=\"up\">T\u00e9cnico de Enfermagem<\/span><\/td>\r\n<td class=\"cvagas\">02<\/td>\r\n<td class=\"cremuneracao\">R$ 3.634,25 \/30h<\/td>\r\n<\/tr><td class=\"ccargos\">\r\n<span data-balloon-length=\"medium\" aria-label=\"Ensino M\u00e9dio completo, curso T\u00e9cnico de Seguran\u00e7a de Trabalho\" data-balloon-pos=\"up\">T\u00e9cnico de Seguran\u00e7a do Trabalho<\/span><\/td>\r\n<td class=\"cvagas\">10<\/td>\r\n<td class=\"cremuneracao\">R$ 3.634,25 \/40h<\/td>\r\n<\/tr><td class=\"ccargos\">\r\n<span data-balloon-length=\"medium\" aria-label=\"Ensino M\u00e9dio completo, curso T\u00e9cnico de Inform\u00e1tica ou Curso T\u00e9cnico de Inform\u00e1tica de N\u00edvel M\u00e9dio\" data-balloon-pos=\"up\">T\u00e9cnico em Suporte e Comunica\u00e7\u00e3o em TI<\/span><\/td>\r\n<td class=\"cvagas\">01<\/td>\r\n<td class=\"cremuneracao\">R$ 3.634,25 \/40h<\/td>\r\n<\/tr>\r\n    <\/tbody>\r\n  <\/table>\r\n<\/div>","_superior":"<div>\r\n<table class=\"quadro\">\r\n<thead>\r\n<tr>\r\n<th class=\"hcargo\">Cargo<\/th>\r\n<th class=\"hvagas\">Vagas<\/th>\r\n<th class=\"hremuneracao\">Remunera\u00e7\u00e3o<\/th>\r\n<\/tr>\r\n<\/thead>\r\n    <tbody>\r\n      <tr>\r\n<td class=\"ccargos\">\r\n<span data-balloon-length=\"medium\" aria-label=\"Gradua\u00e7\u00e3o Completa\" data-balloon-pos=\"up\">Agente de Seguran\u00e7a Socioeducativa Feminino<\/span><\/td>\r\n<td class=\"cvagas\">15<\/td>\r\n<td class=\"cremuneracao\">R$ 4.441,89 \/40h<\/td>\r\n<\/tr><tr>\r\n<td class=\"ccargos\">\r\n<span data-balloon-length=\"medium\" aria-label=\"Gradua\u00e7\u00e3o Completa\" data-balloon-pos=\"up\">Agente de Seguran\u00e7a Socioeducativa Masculino<\/span><\/td>\r\n<td class=\"cvagas\">387<\/td>\r\n<td class=\"cremuneracao\">R$ 4.441,89 \/40h<\/td>\r\n<\/tr><tr>\r\n<td class=\"ccargos\">\r\n<span data-balloon-length=\"medium\" aria-label=\"Gradua\u00e7\u00e3o em Tecnologia da Informa\u00e7\u00e3o, Processamento de Dados, An\u00e1lise de Sistemas ou Curso equivalente de n\u00edvel superior, reconhecido pelo MEC\" data-balloon-pos=\"up\">Analista de Tecnologia da Informa\u00e7\u00e3o<\/span><\/td>\r\n<td class=\"cvagas\">02<\/td>\r\n<td class=\"cremuneracao\">R$ 4.441,89 \/40h<\/td>\r\n<\/tr><tr>\r\n<td class=\"ccargos\">\r\n<span data-balloon-length=\"medium\" aria-label=\"Gradua\u00e7\u00e3o em Servi\u00e7o Social e registro no CRESS\" data-balloon-pos=\"up\">Assistente Social<\/span><\/td>\r\n<td class=\"cvagas\">08<\/td>\r\n<td class=\"cremuneracao\">R$ 4.441,89 \/24h<\/td>\r\n<\/tr><tr>\r\n<td class=\"ccargos\">\r\n<span data-balloon-length=\"medium\" aria-label=\"Gradua\u00e7\u00e3o em Arquivologia\" data-balloon-pos=\"up\">Arquivologista<\/span><\/td>\r\n<td class=\"cvagas\">CR<\/td>\r\n<td class=\"cremuneracao\">R$ 4.441,89 \/40h<\/td>\r\n<\/tr><tr>\r\n<td class=\"ccargos\">\r\n<span data-balloon-length=\"medium\" aria-label=\"Gradua\u00e7\u00e3o em Biblioteconomia e registro no CRB\" data-balloon-pos=\"up\">Bibliotec\u00e1rio<\/span><\/td>\r\n<td class=\"cvagas\">07<\/td>\r\n<td class=\"cremuneracao\">R$ 4.441,89 \/40h<\/td>\r\n<\/tr><tr>\r\n<td class=\"ccargos\">\r\n<span data-balloon-length=\"medium\" aria-label=\"Gradua\u00e7\u00e3o em Ci\u00eancias Cont\u00e1beis e registro no CRC\" data-balloon-pos=\"up\">Contador<\/span><\/td>\r\n<td class=\"cvagas\">01<\/td>\r\n<td class=\"cremuneracao\">R$ 4.441,89 \/40h<\/td>\r\n<\/tr><tr>\r\n<td class=\"ccargos\">\r\n<span data-balloon-length=\"medium\" aria-label=\"Gradua\u00e7\u00e3o em Enfermagem, especializa\u00e7\u00e3o em Enfermagem do Trabalho e registro no COREN\" data-balloon-pos=\"up\">Enfermeiro do trabalho<\/span><\/td>\r\n<td class=\"cvagas\">CR<\/td>\r\n<td class=\"cremuneracao\">R$ 4.441,89 \/30h<\/td>\r\n<\/tr><tr>\r\n<td class=\"ccargos\">\r\n<span data-balloon-length=\"medium\" aria-label=\"Gradua\u00e7\u00e3o em Enfermagem e registro no COREN\" data-balloon-pos=\"up\">Enfermeiro<\/span><\/td>\r\n<td class=\"cvagas\">CR<\/td>\r\n<td class=\"cremuneracao\">R$ 4.441,89 \/30h<\/td>\r\n<\/tr><tr>\r\n<td class=\"ccargos\">\r\n<span data-balloon-length=\"medium\" aria-label=\"Gradua\u00e7\u00e3o em Estat\u00edstica e registro no CONRE\" data-balloon-pos=\"up\">Estat\u00edstico<\/span><\/td>\r\n<td class=\"cvagas\">CR<\/td>\r\n<td class=\"cremuneracao\">R$ 4.441,89 \/40h<\/td>\r\n<\/tr><tr>\r\n<td class=\"ccargos\">\r\n<span data-balloon-length=\"medium\" aria-label=\"Gradua\u00e7\u00e3o em Farm\u00e1cia e registro no CRF\" data-balloon-pos=\"up\">Farmac\u00eautico<\/span><\/td>\r\n<td class=\"cvagas\">CR<\/td>\r\n<td class=\"cremuneracao\">R$ 4.441,89 \/30h<\/td>\r\n<\/tr><tr>\r\n<td class=\"ccargos\">\r\n<span data-balloon-length=\"medium\" aria-label=\"Gradua\u00e7\u00e3o em Medicina e registro no CRM\" data-balloon-pos=\"up\">M\u00e9dico Cl\u00ednico<\/span><\/td>\r\n<td class=\"cvagas\">01<\/td>\r\n<td class=\"cremuneracao\">R$ 4.441,89 \/20h<\/td>\r\n<\/tr><tr>\r\n<td class=\"ccargos\">\r\n<span data-balloon-length=\"medium\" aria-label=\"Gradua\u00e7\u00e3o em Medicina, especializa\u00e7\u00e3o em Psiquiatria e registro no CRM\" data-balloon-pos=\"up\">M\u00e9dico Psiquiatra<\/span><\/td>\r\n<td class=\"cvagas\">01<\/td>\r\n<td class=\"cremuneracao\">R$ 4.441,89 \/20h<\/td>\r\n<\/tr><tr>\r\n<td class=\"ccargos\">\r\n<span data-balloon-length=\"medium\" aria-label=\"Gradua\u00e7\u00e3o em Musicoterapia\" data-balloon-pos=\"up\">Musicoterapeuta<\/span><\/td>\r\n<td class=\"cvagas\">CR<\/td>\r\n<td class=\"cremuneracao\">R$ 4.441,89 \/30h<\/td>\r\n<\/tr><tr>\r\n<td class=\"ccargos\">\r\n<span data-balloon-length=\"medium\" aria-label=\"Gradua\u00e7\u00e3o em Nutri\u00e7\u00e3o e registro no CRN\" data-balloon-pos=\"up\">Nutricionista<\/span><\/td>\r\n<td class=\"cvagas\">01<\/td>\r\n<td class=\"cremuneracao\">R$ 4.441,89 \/32,3h<\/td>\r\n<\/tr><tr>\r\n<td class=\"ccargos\">\r\n<span data-balloon-length=\"medium\" aria-label=\"Gradua\u00e7\u00e3o em Odontologia e registro no CRO\" data-balloon-pos=\"up\">Odont\u00f3logo<\/span><\/td>\r\n<td class=\"cvagas\">01<\/td>\r\n<td class=\"cremuneracao\">R$ 4.441,89 \/20h<\/td>\r\n<\/tr><tr>\r\n<td class=\"ccargos\">\r\n<span data-balloon-length=\"medium\" aria-label=\"Gradua\u00e7\u00e3o em Pedagogia\" data-balloon-pos=\"up\">Pedagogo<\/span><\/td>\r\n<td class=\"cvagas\">06<\/td>\r\n<td class=\"cremuneracao\">R$ 4.441,89 \/30h<\/td>\r\n<\/tr><tr>\r\n<td class=\"ccargos\">\r\n<span data-balloon-length=\"medium\" aria-label=\"Licenciatura em Educa\u00e7\u00e3o F\u00edsica e registro no CREF\" data-balloon-pos=\"up\">Professor DEGASE de Ed. F\u00edsica<\/span><\/td>\r\n<td class=\"cvagas\">CR<\/td>\r\n<td class=\"cremuneracao\">R$ 4.441,89 \/20h<\/td>\r\n<\/tr><tr>\r\n<td class=\"ccargos\">\r\n<span data-balloon-length=\"medium\" aria-label=\"Gradua\u00e7\u00e3o em Psicologia e registro no CRP\" data-balloon-pos=\"up\">Psic\u00f3logo<\/span><\/td>\r\n<td class=\"cvagas\">08<\/td>\r\n<td class=\"cremuneracao\">R$ 4.441,89 \/24h<\/td>\r\n<\/tr><tr>\r\n<td class=\"ccargos\">\r\n<span data-balloon-length=\"medium\" aria-label=\"Gradua\u00e7\u00e3o em Terapia Ocupacional e registro no CREFITO\" data-balloon-pos=\"up\">Terapeuta Ocupacional<\/span><\/td>\r\n<td class=\"cvagas\">01<\/td>\r\n<td class=\"cremuneracao\">R$ 4.441,89 \/30h<\/td>\r\n<\/tr>\r\n    <\/tbody>\r\n  <\/table>\r\n<\/div>"},"_links":{"self":[{"href":"https:\/\/www.agrobase.com.br\/concursos\/wp-json\/wp\/v2\/posts\/269167","targetHints":{"allow":["GET"]}}],"collection":[{"href":"https:\/\/www.agrobase.com.br\/concursos\/wp-json\/wp\/v2\/posts"}],"about":[{"href":"https:\/\/www.agrobase.com.br\/concursos\/wp-json\/wp\/v2\/types\/post"}],"author":[{"embeddable":true,"href":"https:\/\/www.agrobase.com.br\/concursos\/wp-json\/wp\/v2\/users\/7"}],"replies":[{"embeddable":true,"href":"https:\/\/www.agrobase.com.br\/concursos\/wp-json\/wp\/v2\/comments?post=269167"}],"version-history":[{"count":5,"href":"https:\/\/www.agrobase.com.br\/concursos\/wp-json\/wp\/v2\/posts\/269167\/revisions"}],"predecessor-version":[{"id":270620,"href":"https:\/\/www.agrobase.com.br\/concursos\/wp-json\/wp\/v2\/posts\/269167\/revisions\/270620"}],"wp:featuredmedia":[{"embeddable":true,"href":"https:\/\/www.agrobase.com.br\/concursos\/wp-json\/wp\/v2\/media\/269166"}],"wp:attachment":[{"href":"https:\/\/www.agrobase.com.br\/concursos\/wp-json\/wp\/v2\/media?parent=269167"}],"wp:term":[{"taxonomy":"category","embeddable":true,"href":"https:\/\/www.agrobase.com.br\/concursos\/wp-json\/wp\/v2\/categories?post=269167"},{"taxonomy":"post_tag","embeddable":true,"href":"https:\/\/www.agrobase.com.br\/concursos\/wp-json\/wp\/v2\/tags?post=269167"},{"taxonomy":"_amplo","embeddable":true,"href":"https:\/\/www.agrobase.com.br\/concursos\/wp-json\/wp\/v2\/_amplo?post=269167"},{"taxonomy":"destaque","embeddable":true,"href":"https:\/\/www.agrobase.com.br\/concursos\/wp-json\/wp\/v2\/destaque?post=269167"},{"taxonomy":"instituicoes","embeddable":true,"href":"https:\/\/www.agrobase.com.br\/concursos\/wp-json\/wp\/v2\/instituicoes?post=269167"}],"curies":[{"name":"wp","href":"https:\/\/api.w.org\/{rel}","templated":true}]}}