{"id":269109,"date":"2025-07-23T12:33:37","date_gmt":"2025-07-23T15:33:37","guid":{"rendered":"https:\/\/www.agrobase.com.br\/concursos\/?p=269109"},"modified":"2025-07-23T12:34:46","modified_gmt":"2025-07-23T15:34:46","slug":"prefeitura-nova-olinda-ce-selecao-simplificada-01-2025","status":"publish","type":"post","link":"https:\/\/www.agrobase.com.br\/concursos\/2025\/prefeitura-nova-olinda-ce-selecao-simplificada-01-2025\/","title":{"rendered":"Prefeitura Nova Olinda (CE) &#8211; Sele\u00e7\u00e3o Simplificada 01\/2025"},"content":{"rendered":"<h2>Informa\u00e7\u00f5es Gerais<\/h2>\n<p>A Prefeitura de Nova Olinda, no Cear\u00e1, por meio da Secretaria Municipal de Sa\u00fade, publicou o edital para seu novo Processo Seletivo Simplificado. O certame visa \u00e0 forma\u00e7\u00e3o de <strong>cadastro de reserva<\/strong> para futuras contrata\u00e7\u00f5es tempor\u00e1rias, buscando suprir car\u00eancias no quadro de pessoal da sa\u00fade municipal, incluindo a Aten\u00e7\u00e3o Prim\u00e1ria e o Hospital de Pequeno Porte Ana Alencar Alves. As oportunidades s\u00e3o para cargos de n\u00edveis m\u00e9dio, t\u00e9cnico e superior, sob regime de contrata\u00e7\u00e3o por tempo determinado, com validade de 12 meses, prorrog\u00e1vel por igual per\u00edodo.<\/p>\n<p>As vagas abrangem diversas \u00e1reas da sa\u00fade, como enfermagem, medicina, odontologia, psicologia e agentes comunit\u00e1rios de sa\u00fade. <strong>Destaca-se a oportunidade para o cargo de Zootecnista<\/strong>, voltado para profissionais com forma\u00e7\u00e3o superior na \u00e1rea. Este processo seletivo \u00e9 uma excelente chance para profissionais que desejam atuar no servi\u00e7o p\u00fablico municipal e contribuir com a sa\u00fade da popula\u00e7\u00e3o de Nova Olinda. Continue a leitura para conferir os detalhes sobre as inscri\u00e7\u00f5es, etapas e cronograma do certame.<\/p>\n<h2>Inscri\u00e7\u00f5es<\/h2>\n<p>As inscri\u00e7\u00f5es para o Processo Seletivo da Prefeitura de Nova Olinda-CE est\u00e3o previstas para ocorrer presencialmente nos dias <strong>22 e 23 de julho de 2025<\/strong>, das 08h \u00e0s 15h. Os interessados dever\u00e3o comparecer \u00e0 sede da Secretaria Municipal de Sa\u00fade, localizada na Rua Alvin Alves, 146, Centro, Nova Olinda &#8211; CE. N\u00e3o haver\u00e1 a cobran\u00e7a de taxa de inscri\u00e7\u00e3o para este certame.<\/p>\n<p>Para se inscrever, o candidato dever\u00e1 preencher a Ficha de Inscri\u00e7\u00e3o (dispon\u00edvel no Anexo II do edital), anexar uma foto 3&#215;4 recente e entregar o Curriculum Vitae padronizado (modelos nos Anexos III e IV), juntamente com c\u00f3pias autenticadas ou acompanhadas dos originais de todos os t\u00edtulos e documentos comprobat\u00f3rios de experi\u00eancia profissional e requisitos do cargo. A inscri\u00e7\u00e3o pode ser realizada pessoalmente ou por meio de um procurador com procura\u00e7\u00e3o p\u00fablica. \u00c9 fundamental que todas as informa\u00e7\u00f5es prestadas sejam corretas, pois dados incorretos ou rasurados podem levar \u00e0 anula\u00e7\u00e3o da inscri\u00e7\u00e3o. Para conhecer todos os detalhes e acessar os modelos de documentos, \u00e9 indispens\u00e1vel a leitura completa do edital.<\/p>\n<h2>Etapas e Provas<\/h2>\n<p>O processo de sele\u00e7\u00e3o ser\u00e1 realizado em duas etapas distintas, com pontua\u00e7\u00e3o total m\u00e1xima de 100 pontos. \u00c9 fundamental que os candidatos se preparem para ambas as fases para garantir a classifica\u00e7\u00e3o.<\/p>\n<p>As etapas s\u00e3o organizadas da seguinte forma:<\/p>\n<ul>\n<li><strong>An\u00e1lise Curricular e Documental:<\/strong> De car\u00e1ter <em>eliminat\u00f3rio<\/em>, esta fase consiste na avalia\u00e7\u00e3o dos t\u00edtulos e da experi\u00eancia profissional comprovada pelo candidato. A pontua\u00e7\u00e3o m\u00e1xima \u00e9 de 80 pontos. Para avan\u00e7ar para a pr\u00f3xima etapa, o candidato dever\u00e1 atingir uma pontua\u00e7\u00e3o m\u00ednima de 30 pontos. A an\u00e1lise ser\u00e1 realizada nos dias 24 e 25 de julho de 2025.<\/li>\n<li><strong>Entrevista:<\/strong> De car\u00e1ter <em>classificat\u00f3rio<\/em>, esta etapa ser\u00e1 conduzida por um profissional da \u00e1rea de Psicologia para avaliar compet\u00eancias, habilidades e relacionamento interpessoal. A entrevista valer\u00e1 at\u00e9 20 pontos. Embora seja classificat\u00f3ria, o n\u00e3o comparecimento do candidato resultar\u00e1 em sua elimina\u00e7\u00e3o do certame.<\/li>\n<\/ul>\n<p>A convoca\u00e7\u00e3o para a entrevista ser\u00e1 divulgada ap\u00f3s o resultado da an\u00e1lise curricular. Para informa\u00e7\u00f5es detalhadas sobre os crit\u00e9rios de pontua\u00e7\u00e3o do curr\u00edculo, regras de comprova\u00e7\u00e3o de experi\u00eancia e o cronograma completo, consulte o edital oficial do processo seletivo.<\/p>\n<h2>Resultados e Gabarito<\/h2>\n<p>Os candidatos dever\u00e3o acompanhar atentamente as publica\u00e7\u00f5es oficiais para n\u00e3o perderem nenhum prazo. O resultado preliminar da primeira etapa (An\u00e1lise Curricular) est\u00e1 previsto para ser divulgado no dia <strong>28 de julho de 2025<\/strong>. A convoca\u00e7\u00e3o para a entrevista, com data e hor\u00e1rio, ser\u00e1 publicada ap\u00f3s essa divulga\u00e7\u00e3o.<\/p>\n<p>O resultado final do processo seletivo ser\u00e1 divulgado em at\u00e9 3 dias \u00fateis ap\u00f3s o t\u00e9rmino do prazo de recursos da etapa de entrevista. A classifica\u00e7\u00e3o final ser\u00e1 determinada pela soma dos pontos obtidos na an\u00e1lise curricular e na entrevista, em ordem decrescente. Os crit\u00e9rios de desempate, caso necess\u00e1rios, ser\u00e3o: 1\u00ba) idade igual ou superior a 60 anos; 2\u00ba) maior tempo de atua\u00e7\u00e3o na \u00e1rea; 3\u00ba) maior idade. A homologa\u00e7\u00e3o do resultado final ser\u00e1 feita pelo Chefe do Poder Executivo, e a convoca\u00e7\u00e3o dos aprovados ocorrer\u00e1 conforme a necessidade da administra\u00e7\u00e3o, por meio de edital espec\u00edfico.<\/p>\n<p>\u00c9 de responsabilidade exclusiva do candidato acompanhar todas as publica\u00e7\u00f5es, incluindo resultados, convoca\u00e7\u00f5es e homologa\u00e7\u00e3o, que ser\u00e3o afixadas na sede da Secretaria de Sa\u00fade e divulgadas no Di\u00e1rio Oficial dos Munic\u00edpios, no site <em>www.diariomunicipal.com.br<\/em>.<\/p>\n","protected":false},"excerpt":{"rendered":"<p>Inscri\u00e7\u00f5es abrem 22\/07! Sel. Simplificada Pref. Nova Olinda (CE) p\/ Dentista e M\u00e9dico (T\u00e9cnico\/Superior). Sal\u00e1rios at\u00e9 R$ 7.5k. Prepare-se e veja o edital!<\/p>\n","protected":false},"author":7,"featured_media":269108,"comment_status":"open","ping_status":"open","sticky":false,"template":"","format":"standard","meta":{"_acf_changed":false,"_breakdance_hide_in_design_set":false,"_breakdance_tags":"","footnotes":""},"categories":[11,12,17,19,21,24,26,108,134,28],"tags":[43],"_amplo":[],"destaque":[],"instituicoes":[],"class_list":["post-269109","post","type-post","status-publish","format-standard","has-post-thumbnail","hentry","category-educacao-fisica","category-enfermagem","category-farmacia","category-fonoaudiologia","category-medicina","category-odontologia","category-psicologia","category-tecnico-enfermagem","category-terapia-ocupacional","category-zootecnia","tag-ceara"],"acf":{"_tipo_vagas":"vagas","_numero_vagas":"","_quadro_vagas":"","_cargos":"diversos","_cargos_especificos":"","_salario_max":"R$ 7500","_abertura":"20250722","_encerramento":"20250723","_inscricoes":"","_executora_concurso":"","_instituicao_concurso":[],"_link_adicional":null,"_anexos":null,"_produtos":null,"_vagas":"CR","_salario_min":"R$ 1518","_instituicao":"Prefeitura de Nova Olinda","_edital":"https:\/\/www.agrobase.com.br\/concursos\/wp-content\/uploads\/sites\/4\/2025\/07\/edital-01-2025-prefeitura-de-nova-olinda-ce.pdf","_anexos_edital":"","_fund_incompleto":"","_fund_completo":"","_medio":"<div>\r\n<table class=\"quadro\">\r\n<thead>\r\n<tr>\r\n<th class=\"hcargo\">Cargo<\/th>\r\n<th class=\"hvagas\">Vagas<\/th>\r\n<th class=\"hremuneracao\">Remunera\u00e7\u00e3o<\/th>\r\n<\/tr>\r\n<\/thead>\r\n    <tbody>\r\n      <td class=\"ccargos\">\r\n<span data-balloon-length=\"medium\" aria-label=\"Certificado de Conclus\u00e3o do Ensino M\u00e9dio, Certificado de Curso T\u00e9cnico espec\u00edfico e registro no \u00f3rg\u00e3o profissional competente - CRO\" data-balloon-pos=\"up\">AUXILIAR DE CONSULT\u00d3RIO DENT\u00c1RIO ASB<\/span><\/td>\r\n<td class=\"cvagas\">CR<\/td>\r\n<td class=\"cremuneracao\">R$ 1.518,00 \/40h<\/td>\r\n<\/tr><td class=\"ccargos\">\r\n<span data-balloon-length=\"medium\" aria-label=\"Certificado de Conclus\u00e3o do Ensino M\u00e9dio e Certificado de Curso T\u00e9cnico espec\u00edfico\" data-balloon-pos=\"up\">T\u00c9CNICO EM RADIOLOGIA<\/span><\/td>\r\n<td class=\"cvagas\">CR<\/td>\r\n<td class=\"cremuneracao\">R$ 1.793,73 \/24h<\/td>\r\n<\/tr><td class=\"ccargos\">\r\n<span data-balloon-length=\"medium\" aria-label=\"Certificado de Conclus\u00e3o do Ensino M\u00e9dio, Certificado de Curso T\u00e9cnico espec\u00edfico e registro no org\u00e3o profissional competente - COREN\" data-balloon-pos=\"up\">T\u00c9CNICO DE ENFERMAGEM<\/span><\/td>\r\n<td class=\"cvagas\">CR<\/td>\r\n<td class=\"cremuneracao\">R$ 1.518,00 \/40h<\/td>\r\n<\/tr><td class=\"ccargos\">\r\n<span data-balloon-length=\"medium\" aria-label=\"Ensino M\u00e9dio Completo \/ Comprovante de endere\u00e7o em seu nome comprovando que reside na \u00e1rea de atua\u00e7\u00e3o \/ Conhecimento b\u00e1sico em computa\u00e7\u00e3o.\" data-balloon-pos=\"up\">AGENTE COMUNIT\u00c1RIO DE SA\u00daDE - \u00c1REA 6 PISSARREIRA<\/span><\/td>\r\n<td class=\"cvagas\">CR<\/td>\r\n<td class=\"cremuneracao\">R$ 3.036,00 \/40h<\/td>\r\n<\/tr><td class=\"ccargos\">\r\n<span data-balloon-length=\"medium\" aria-label=\"Ensino M\u00e9dio Completo \/ Comprovante de endere\u00e7o em seu nome comprovando que reside na \u00e1rea de atua\u00e7\u00e3o \/ Conhecimento b\u00e1sico em computa\u00e7\u00e3o.\" data-balloon-pos=\"up\">AGENTE COMUNIT\u00c1RIO DE SA\u00daDE - \u00c1REA 4 - SERRA DO CATOL\u00c9 E SERRA DO ZABEL\u00ca<\/span><\/td>\r\n<td class=\"cvagas\">CR<\/td>\r\n<td class=\"cremuneracao\">R$ 3.036,00 \/40h<\/td>\r\n<\/tr><td class=\"ccargos\">\r\n<span data-balloon-length=\"medium\" aria-label=\"Ensino M\u00e9dio Completo \/ Comprovante de endere\u00e7o em seu nome comprovando que reside na \u00e1rea de atua\u00e7\u00e3o \/ Conhecimento b\u00e1sico em computa\u00e7\u00e3o.\" data-balloon-pos=\"up\">AGENTE COMUNIT\u00c1RIO DE SA\u00daDE - \u00c1REA 3 - CENTRO<\/span><\/td>\r\n<td class=\"cvagas\">CR<\/td>\r\n<td class=\"cremuneracao\">R$ 3.036,00 \/40h<\/td>\r\n<\/tr><td class=\"ccargos\">\r\n<span data-balloon-length=\"medium\" aria-label=\"Ensino M\u00e9dio Completo \/ Comprovante de endere\u00e7o em seu nome comprovando que reside na \u00e1rea de atua\u00e7\u00e3o \/ Conhecimento b\u00e1sico em computa\u00e7\u00e3o.\" data-balloon-pos=\"up\">AGENTE COMUNIT\u00c1RIO DE SA\u00daDE - \u00c1REA 1 - VILA ALTA<\/span><\/td>\r\n<td class=\"cvagas\">CR<\/td>\r\n<td class=\"cremuneracao\">R$ 3.036,00 \/40h<\/td>\r\n<\/tr>\r\n    <\/tbody>\r\n  <\/table>\r\n<\/div>","_superior":"<div>\r\n<table class=\"quadro\">\r\n<thead>\r\n<tr>\r\n<th class=\"hcargo\">Cargo<\/th>\r\n<th class=\"hvagas\">Vagas<\/th>\r\n<th class=\"hremuneracao\">Remunera\u00e7\u00e3o<\/th>\r\n<\/tr>\r\n<\/thead>\r\n    <tbody>\r\n      <tr>\r\n<td class=\"ccargos\">\r\n<span data-balloon-length=\"medium\" aria-label=\"Gradua\u00e7\u00e3o em Odontologia, Registro no \u00f3rg\u00e3o profissional competente e CRO ativo, Certificado de Especializa\u00e7\u00e3o e\/ou de curso de aperfei\u00e7oamento em Endodontia.\" data-balloon-pos=\"up\">CIRURGI\u00c3O DENTISTA (ENDODONTIA)<\/span><\/td>\r\n<td class=\"cvagas\">CR<\/td>\r\n<td class=\"cremuneracao\">R$ 3.906,00 \/20h<\/td>\r\n<\/tr><tr>\r\n<td class=\"ccargos\">\r\n<span data-balloon-length=\"medium\" aria-label=\"Gradua\u00e7\u00e3o em Odontologia, Registro no \u00f3rg\u00e3o profissional competente e CRO ativo e Certificado de Especializa\u00e7\u00e3o e\/ou de curso de aperfei\u00e7oamento em Cirurgia Traumato- Buco-Maxilo-Facial\/ Estomatologia\" data-balloon-pos=\"up\">CIRURGI\u00c3O DENTISTA (TRAUMATO-BUCO-MAXILO-FACIAL\/ESTOMATOLOGIA)<\/span><\/td>\r\n<td class=\"cvagas\">CR<\/td>\r\n<td class=\"cremuneracao\">R$ 3.906,00 \/20h<\/td>\r\n<\/tr><tr>\r\n<td class=\"ccargos\">\r\n<span data-balloon-length=\"medium\" aria-label=\"Gradua\u00e7\u00e3o em Odontologia, Registro no \u00f3rg\u00e3o profissional competente e CRO ativo e Certificado de Especializa\u00e7\u00e3o e\/ou de curso de aperfei\u00e7oamento em Periodontia.\" data-balloon-pos=\"up\">CIRURGI\u00c3O DENTISTA (PERIODONTIA)<\/span><\/td>\r\n<td class=\"cvagas\">CR<\/td>\r\n<td class=\"cremuneracao\">R$ 3.906,00 \/20h<\/td>\r\n<\/tr><tr>\r\n<td class=\"ccargos\">\r\n<span data-balloon-length=\"medium\" aria-label=\"Gradua\u00e7\u00e3o em Odontologia, Registro no \u00f3rg\u00e3o profissional competente e CRO ativo Certificado de Especializa\u00e7\u00e3o e\/ou de curso de aperfei\u00e7oamento em Odontopediatria.\" data-balloon-pos=\"up\">CIRURGI\u00c3O DENTISTA (PACIENTES ESPECIAIS\/ODONTO PEDIATRIA)<\/span><\/td>\r\n<td class=\"cvagas\">CR<\/td>\r\n<td class=\"cremuneracao\">R$ 3.906,00 \/20h<\/td>\r\n<\/tr><tr>\r\n<td class=\"ccargos\">\r\n<span data-balloon-length=\"medium\" aria-label=\"Gradua\u00e7\u00e3o em Odontologia, Registro no \u00f3rg\u00e3o profissional competente e CRO ativo e Certificado de Especializa\u00e7\u00e3o e\/ou de curso de aperfei\u00e7oamento em Protese Dent\u00e1ria.\" data-balloon-pos=\"up\">CIRURGI\u00c3O DENTISTA (PROTESISTA)<\/span><\/td>\r\n<td class=\"cvagas\">CR<\/td>\r\n<td class=\"cremuneracao\">R$ 3.906,00 \/20h<\/td>\r\n<\/tr><tr>\r\n<td class=\"ccargos\">\r\n<span data-balloon-length=\"medium\" aria-label=\"Gradua\u00e7\u00e3o em Medicina com registro no \u00f3rg\u00e3o Profissional competente - CRM\" data-balloon-pos=\"up\">M\u00c9DICO PLANTONISTA<\/span><\/td>\r\n<td class=\"cvagas\">CR<\/td>\r\n<td class=\"cremuneracao\">R$ 2.200,00 \/24h<\/td>\r\n<\/tr><tr>\r\n<td class=\"ccargos\">\r\n<span data-balloon-length=\"medium\" aria-label=\"Gradua\u00e7\u00e3o e Medicina com registro \u00f3rg\u00e3o Profissional competente - CRM\" data-balloon-pos=\"up\">M\u00c9DICO ESF<\/span><\/td>\r\n<td class=\"cvagas\">CR<\/td>\r\n<td class=\"cremuneracao\">R$ 7.500,00 \/40h<\/td>\r\n<\/tr><tr>\r\n<td class=\"ccargos\">\r\n<span data-balloon-length=\"medium\" aria-label=\"Gradua\u00e7\u00e3o em Educa\u00e7\u00e3o F\u00edsica com registro no \u00f3rg\u00e3o Profissional - Cref\/CE.\" data-balloon-pos=\"up\">EDUCADOR F\u00cdSICO<\/span><\/td>\r\n<td class=\"cvagas\">CR<\/td>\r\n<td class=\"cremuneracao\">R$ 1.518,00 \/40h<\/td>\r\n<\/tr><tr>\r\n<td class=\"ccargos\">\r\n<span data-balloon-length=\"medium\" aria-label=\"Gradua\u00e7\u00e3o em Psicologia com registro profissional no \u00f3rg\u00e3o competente;\" data-balloon-pos=\"up\">PSIC\u00d3LOGO<\/span><\/td>\r\n<td class=\"cvagas\">CR<\/td>\r\n<td class=\"cremuneracao\">R$ 1.662,40 \/40h<\/td>\r\n<\/tr><tr>\r\n<td class=\"ccargos\">\r\n<span data-balloon-length=\"medium\" aria-label=\"Gradua\u00e7\u00e3o em Enfermagem com registro profissional no \u00f3rg\u00e3o competente (COREN).\" data-balloon-pos=\"up\">ENFERMEIRO<\/span><\/td>\r\n<td class=\"cvagas\">CR<\/td>\r\n<td class=\"cremuneracao\">R$ 2.800,00 \/40h<\/td>\r\n<\/tr><tr>\r\n<td class=\"ccargos\">\r\n<span data-balloon-length=\"medium\" aria-label=\"N\u00edvel Superior em Zootecnia + Registro no Conselho de Classe\" data-balloon-pos=\"up\">ZOOTECNISTA<\/span><\/td>\r\n<td class=\"cvagas\">CR<\/td>\r\n<td class=\"cremuneracao\">R$ 2.100,00 \/40h<\/td>\r\n<\/tr><tr>\r\n<td class=\"ccargos\">\r\n<span data-balloon-length=\"medium\" aria-label=\"N\u00edvel Superior em Terapia Ocupacional + Registro no Conselho de Classe\" data-balloon-pos=\"up\">TERAPAUTA OCUPACIONAL<\/span><\/td>\r\n<td class=\"cvagas\">CR<\/td>\r\n<td class=\"cremuneracao\">R$ 2.100,00 \/20h<\/td>\r\n<\/tr><tr>\r\n<td class=\"ccargos\">\r\n<span data-balloon-length=\"medium\" aria-label=\"N\u00edvel Superior em Farm\u00e1cia + Registro no Conselho de Classe\" data-balloon-pos=\"up\">FARMACEUTICO<\/span><\/td>\r\n<td class=\"cvagas\">CR<\/td>\r\n<td class=\"cremuneracao\">R$ 1.518,00 \/40h<\/td>\r\n<\/tr><tr>\r\n<td class=\"ccargos\">\r\n<span data-balloon-length=\"medium\" aria-label=\"N\u00edvel Superior em Fonoaudiologia + Registro no Conselho de Classe\" data-balloon-pos=\"up\">FONOAUDI\u00d3LOGO<\/span><\/td>\r\n<td class=\"cvagas\">CR<\/td>\r\n<td class=\"cremuneracao\">R$ 1.518,00 \/20h<\/td>\r\n<\/tr><tr>\r\n<td class=\"ccargos\">\r\n<span data-balloon-length=\"medium\" aria-label=\"Gradua\u00e7\u00e3o em Odontologia com Registro ativo no Conselho de Classe - CRO\" data-balloon-pos=\"up\">CIRURGI\u00c3O DENTISTA<\/span><\/td>\r\n<td class=\"cvagas\">CR<\/td>\r\n<td class=\"cremuneracao\">R$ 2.800,00 \/40h<\/td>\r\n<\/tr>\r\n    <\/tbody>\r\n  <\/table>\r\n<\/div>"},"_links":{"self":[{"href":"https:\/\/www.agrobase.com.br\/concursos\/wp-json\/wp\/v2\/posts\/269109","targetHints":{"allow":["GET"]}}],"collection":[{"href":"https:\/\/www.agrobase.com.br\/concursos\/wp-json\/wp\/v2\/posts"}],"about":[{"href":"https:\/\/www.agrobase.com.br\/concursos\/wp-json\/wp\/v2\/types\/post"}],"author":[{"embeddable":true,"href":"https:\/\/www.agrobase.com.br\/concursos\/wp-json\/wp\/v2\/users\/7"}],"replies":[{"embeddable":true,"href":"https:\/\/www.agrobase.com.br\/concursos\/wp-json\/wp\/v2\/comments?post=269109"}],"version-history":[{"count":1,"href":"https:\/\/www.agrobase.com.br\/concursos\/wp-json\/wp\/v2\/posts\/269109\/revisions"}],"predecessor-version":[{"id":269111,"href":"https:\/\/www.agrobase.com.br\/concursos\/wp-json\/wp\/v2\/posts\/269109\/revisions\/269111"}],"wp:featuredmedia":[{"embeddable":true,"href":"https:\/\/www.agrobase.com.br\/concursos\/wp-json\/wp\/v2\/media\/269108"}],"wp:attachment":[{"href":"https:\/\/www.agrobase.com.br\/concursos\/wp-json\/wp\/v2\/media?parent=269109"}],"wp:term":[{"taxonomy":"category","embeddable":true,"href":"https:\/\/www.agrobase.com.br\/concursos\/wp-json\/wp\/v2\/categories?post=269109"},{"taxonomy":"post_tag","embeddable":true,"href":"https:\/\/www.agrobase.com.br\/concursos\/wp-json\/wp\/v2\/tags?post=269109"},{"taxonomy":"_amplo","embeddable":true,"href":"https:\/\/www.agrobase.com.br\/concursos\/wp-json\/wp\/v2\/_amplo?post=269109"},{"taxonomy":"destaque","embeddable":true,"href":"https:\/\/www.agrobase.com.br\/concursos\/wp-json\/wp\/v2\/destaque?post=269109"},{"taxonomy":"instituicoes","embeddable":true,"href":"https:\/\/www.agrobase.com.br\/concursos\/wp-json\/wp\/v2\/instituicoes?post=269109"}],"curies":[{"name":"wp","href":"https:\/\/api.w.org\/{rel}","templated":true}]}}