{"id":269085,"date":"2025-07-23T08:00:25","date_gmt":"2025-07-23T11:00:25","guid":{"rendered":"https:\/\/www.agrobase.com.br\/concursos\/?p=269085"},"modified":"2025-07-22T13:45:51","modified_gmt":"2025-07-22T16:45:51","slug":"iftm-mg-selecao-simplificada-19-2025","status":"publish","type":"post","link":"https:\/\/www.agrobase.com.br\/concursos\/2025\/iftm-mg-selecao-simplificada-19-2025\/","title":{"rendered":"IFTM (MG) &#8211; Sele\u00e7\u00e3o Simplificada 19\/2025"},"content":{"rendered":"<h2>Informa\u00e7\u00f5es Gerais<\/h2>\n<p>O Instituto Federal de Educa\u00e7\u00e3o, Ci\u00eancia e Tecnologia do Tri\u00e2ngulo Mineiro (IFTM) publicou o edital n\u00ba 19\/2025\/DGPC-REI para seu novo Processo Seletivo Simplificado. O objetivo \u00e9 a contrata\u00e7\u00e3o tempor\u00e1ria de Professores Substitutos para o Campus Uberl\u00e2ndia. O certame visa preencher 4 vagas imediatas de n\u00edvel superior, sob o regime da Lei n\u00ba 8.745\/1993.<\/p>\n<p>As oportunidades contemplam diversas \u00e1reas do conhecimento, com <strong>destaque para vagas em Agronomia, Alimentos e Meio Ambiente<\/strong>, al\u00e9m de Filosofia\/Sociologia. Este processo seletivo \u00e9 uma excelente oportunidade para profissionais que desejam atuar no Ensino B\u00e1sico, T\u00e9cnico e Tecnol\u00f3gico.<\/p>\n<p>Continue a leitura para conferir os detalhes sobre as inscri\u00e7\u00f5es, as etapas de avalia\u00e7\u00e3o e o cronograma completo do processo seletivo.<\/p>\n<h2>Inscri\u00e7\u00f5es<\/h2>\n<p>As inscri\u00e7\u00f5es para o processo seletivo do IFTM estar\u00e3o abertas entre <strong>21 de julho de 2025 e 31 de julho de 2025<\/strong>. Os interessados podem se inscrever de duas formas: online ou presencialmente.<\/p>\n<p>Para a inscri\u00e7\u00e3o online, o candidato deve preencher o formul\u00e1rio eletr\u00f4nico e enviar a documenta\u00e7\u00e3o exigida em formato PDF. A inscri\u00e7\u00e3o presencial deve ser feita na Coordena\u00e7\u00e3o de Gest\u00e3o de Pessoas do IFTM &#8211; Campus Uberl\u00e2ndia, em dias \u00fateis, das 8h \u00e0s 11h e das 13h \u00e0s 15h.<\/p>\n<p>O edital n\u00e3o menciona a cobran\u00e7a de taxa de inscri\u00e7\u00e3o. \u00c9 fundamental que o candidato apresente a Ficha de Inscri\u00e7\u00e3o (ANEXO III do edital) devidamente preenchida, junto com um documento de identifica\u00e7\u00e3o oficial com foto e o CPF. A lista final de inscritos ser\u00e1 divulgada no site oficial do IFTM.<\/p>\n<p>Para garantir a correta participa\u00e7\u00e3o, \u00e9 imprescind\u00edvel a leitura completa do edital.<\/p>\n<h2>Etapas e Provas<\/h2>\n<p>O processo seletivo ser\u00e1 composto por duas etapas principais, aplicadas a todos os cargos:<\/p>\n<ul>\n<li><strong>Prova de Desempenho Did\u00e1tico-Pedag\u00f3gico:<\/strong> De car\u00e1ter eliminat\u00f3rio e classificat\u00f3rio, esta etapa consiste em uma aula expositiva presencial com dura\u00e7\u00e3o de 30 minutos, seguida por uma argui\u00e7\u00e3o de at\u00e9 10 minutos pela banca. O tema da aula ser\u00e1 sorteado previamente. A avalia\u00e7\u00e3o valer\u00e1 100 pontos, e o candidato dever\u00e1 obter no m\u00ednimo 50 pontos para ser classificado. Os crit\u00e9rios incluem plano de aula, dom\u00ednio do conte\u00fado, clareza, uso de recursos e capacidade de s\u00edntese.<\/li>\n<li><strong>Avalia\u00e7\u00e3o de T\u00edtulos e Experi\u00eancia Profissional:<\/strong> De car\u00e1ter apenas classificat\u00f3rio, esta etapa \u00e9 destinada somente aos candidatos aprovados na prova did\u00e1tica. A pontua\u00e7\u00e3o m\u00e1xima \u00e9 de 25 pontos, distribu\u00eddos entre forma\u00e7\u00e3o acad\u00eamica (Doutorado, Mestrado ou Especializa\u00e7\u00e3o) e experi\u00eancia comprovada no magist\u00e9rio (1 ponto por ano, limitado a 10 pontos).<\/li>\n<\/ul>\n<p>Para informa\u00e7\u00f5es detalhadas sobre os conte\u00fados, crit\u00e9rios de avalia\u00e7\u00e3o e o cronograma completo de cada fase, consulte o edital oficial do certame.<\/p>\n<h2>Resultados e Gabarito<\/h2>\n<p>A divulga\u00e7\u00e3o dos resultados seguir\u00e1 o cronograma oficial. O resultado preliminar est\u00e1 previsto para <strong>29 de agosto de 2025<\/strong>, e o resultado final ser\u00e1 publicado em <strong>8 de setembro de 2025<\/strong>, ap\u00f3s o per\u00edodo de recursos. A classifica\u00e7\u00e3o final ser\u00e1 definida pela soma dos pontos obtidos na prova did\u00e1tico-pedag\u00f3gica e na avalia\u00e7\u00e3o de t\u00edtulos.<\/p>\n<p>Os crit\u00e9rios de desempate, em ordem de prioridade, s\u00e3o:<\/p>\n<ul>\n<li>Idade igual ou superior a 60 anos;<\/li>\n<li>Maior nota na prova de desempenho did\u00e1tico-pedag\u00f3gico;<\/li>\n<li>Maior tempo de experi\u00eancia no magist\u00e9rio;<\/li>\n<li>Maior titula\u00e7\u00e3o acad\u00eamica;<\/li>\n<li>Maior idade (para candidatos com menos de 60 anos).<\/li>\n<\/ul>\n<p>A convoca\u00e7\u00e3o dos aprovados ser\u00e1 realizada por e-mail e\/ou correspond\u00eancia, sendo que o candidato ter\u00e1 48 horas para manifestar interesse na vaga. Ap\u00f3s a convoca\u00e7\u00e3o, o candidato ter\u00e1 um prazo para apresentar a documenta\u00e7\u00e3o necess\u00e1ria para a contrata\u00e7\u00e3o.<\/p>\n<p>\u00c9 de responsabilidade exclusiva do candidato acompanhar todas as publica\u00e7\u00f5es, convoca\u00e7\u00f5es e comunicados referentes ao processo seletivo no site do IFTM e nos meios oficiais de divulga\u00e7\u00e3o.<\/p>\n","protected":false},"excerpt":{"rendered":"<p>Aguardando in\u00edcio: Sel. Simplificada IFTM (MG) com edital publicado! Vagas p\/ Professores Substitutos (Superior). Inscri\u00e7\u00f5es a partir de 21\/07. Confira detalhes!<\/p>\n","protected":false},"author":7,"featured_media":269084,"comment_status":"open","ping_status":"open","sticky":false,"template":"","format":"standard","meta":{"_acf_changed":false,"_breakdance_hide_in_design_set":false,"_breakdance_tags":"","footnotes":""},"categories":[4,6433,121,95,13,14,79,16,112,155],"tags":[50],"_amplo":[],"destaque":[],"instituicoes":[],"class_list":["post-269085","post","type-post","status-publish","format-standard","has-post-thumbnail","hentry","category-agronomia","category-biologia-licenciatura","category-ciencias-sociais","category-engenharia-agricola","category-engenharia-ambiental","category-engenharia","category-engenharia-alimentos","category-engenharia-sanitaria","category-filosofia","category-gestao-ambiental","tag-minas-gerais"],"acf":{"_tipo_vagas":"vagas","_numero_vagas":"","_quadro_vagas":"","_cargos":"diversos","_cargos_especificos":"","_salario_max":"R$ 8.058,29","_abertura":"20250721","_encerramento":"20250731","_inscricoes":"https:\/\/forms.gle\/1KfTk2AxBTE1TIA37","_executora_concurso":"","_instituicao_concurso":[],"_link_adicional":null,"_anexos":null,"_produtos":null,"_vagas":"4 vagas","_salario_min":"R$ 4.326,60","_instituicao":"IFTM","_edital":"https:\/\/www.agrobase.com.br\/concursos\/wp-content\/uploads\/sites\/4\/2025\/07\/edital-19-2025-iftm-mg.pdf","_anexos_edital":"https:\/\/www.agrobase.com.br\/concursos\/wp-content\/uploads\/sites\/4\/2025\/07\/anexos-edital-19-2025-iftm-mg.pdf","_fund_incompleto":"","_fund_completo":"","_medio":"","_superior":"<div>\r\n<table class=\"quadro\">\r\n<thead>\r\n<tr>\r\n<th class=\"hcargo\">Cargo<\/th>\r\n<th class=\"hvagas\">Vagas<\/th>\r\n<th class=\"hremuneracao\">Remunera\u00e7\u00e3o<\/th>\r\n<\/tr>\r\n<\/thead>\r\n    <tbody>\r\n      <tr>\r\n<td class=\"ccargos\">\r\n<span data-balloon-length=\"medium\" aria-label=\"Diploma, devidamente registrado, de conclus\u00e3o de curso superior, reconhecido pelo \u00f3rg\u00e3o governamental competente, de Gradua\u00e7\u00e3o em Engenharia Agron\u00f4mica; ou Gradua\u00e7\u00e3o em Agronomia; ou Gradua\u00e7\u00e3o em Engenharia Agr\u00edcola.\" data-balloon-pos=\"up\">Professor Substituto - Agronomia<\/span><\/td>\r\n<td class=\"cvagas\">01<\/td>\r\n<td class=\"cremuneracao\">R$ 0,00 \/40h<\/td>\r\n<\/tr><tr>\r\n<td class=\"ccargos\">\r\n<span data-balloon-length=\"medium\" aria-label=\"Diploma, devidamente registrado, de conclus\u00e3o de curso superior, reconhecido pelo \u00f3rg\u00e3o governamental competente, de Gradua\u00e7\u00e3o em Engenharia de Alimentos; ou Gradua\u00e7\u00e3o em Tecnologia de Alimentos; ou Gradua\u00e7\u00e3o em Ci\u00eancia e Tecnologia em Alimentos; ou Gradua\u00e7\u00e3o em Ci\u00eancia dos Alimentos.\" data-balloon-pos=\"up\">Professor Substituto - Alimentos<\/span><\/td>\r\n<td class=\"cvagas\">01<\/td>\r\n<td class=\"cremuneracao\">R$ 0,00 \/40h<\/td>\r\n<\/tr><tr>\r\n<td class=\"ccargos\">\r\n<span data-balloon-length=\"medium\" aria-label=\"Diploma, devidamente registrado, de conclus\u00e3o de curso superior, reconhecido pelo \u00f3rg\u00e3o governamental competente, de Gradua\u00e7\u00e3o em Filosofia; ou Gradua\u00e7\u00e3o em Ci\u00eancias Sociais.\" data-balloon-pos=\"up\">Professor Substituto - Filosofia\/Sociologia<\/span><\/td>\r\n<td class=\"cvagas\">01<\/td>\r\n<td class=\"cremuneracao\">R$ 0,00 \/40h<\/td>\r\n<\/tr><tr>\r\n<td class=\"ccargos\">\r\n<span data-balloon-length=\"medium\" aria-label=\"Diploma, devidamente registrado, de conclus\u00e3o de curso superior, reconhecido pelo \u00f3rg\u00e3o governamental competente, de Gradua\u00e7\u00e3o em Engenharia Ambiental; ou Gradua\u00e7\u00e3o em Engenharia Agr\u00edcola e Ambiental; ou Gradua\u00e7\u00e3o em Engenharia Sanit\u00e1ria; ou Gradua\u00e7\u00e3o em Engenharia Ambiental e Sanit\u00e1ria; ou Gradua\u00e7\u00e3o em Engenharia Civil, com Especializa\u00e7\u00e3o na \u00e1rea Ambiental e Sanit\u00e1ria; ou Gradua\u00e7\u00e3o em Biologia com Especializa\u00e7\u00e3o na \u00e1rea de Saneamento Ambiental; ou Gradua\u00e7\u00e3o em Gest\u00e3o Ambiental.\" data-balloon-pos=\"up\">Professor Substituto - Meio Ambiente<\/span><\/td>\r\n<td class=\"cvagas\">01<\/td>\r\n<td class=\"cremuneracao\">R$ 0,00 \/40h<\/td>\r\n<\/tr>\r\n    <\/tbody>\r\n  <\/table>\r\n<\/div>"},"_links":{"self":[{"href":"https:\/\/www.agrobase.com.br\/concursos\/wp-json\/wp\/v2\/posts\/269085","targetHints":{"allow":["GET"]}}],"collection":[{"href":"https:\/\/www.agrobase.com.br\/concursos\/wp-json\/wp\/v2\/posts"}],"about":[{"href":"https:\/\/www.agrobase.com.br\/concursos\/wp-json\/wp\/v2\/types\/post"}],"author":[{"embeddable":true,"href":"https:\/\/www.agrobase.com.br\/concursos\/wp-json\/wp\/v2\/users\/7"}],"replies":[{"embeddable":true,"href":"https:\/\/www.agrobase.com.br\/concursos\/wp-json\/wp\/v2\/comments?post=269085"}],"version-history":[{"count":2,"href":"https:\/\/www.agrobase.com.br\/concursos\/wp-json\/wp\/v2\/posts\/269085\/revisions"}],"predecessor-version":[{"id":269089,"href":"https:\/\/www.agrobase.com.br\/concursos\/wp-json\/wp\/v2\/posts\/269085\/revisions\/269089"}],"wp:featuredmedia":[{"embeddable":true,"href":"https:\/\/www.agrobase.com.br\/concursos\/wp-json\/wp\/v2\/media\/269084"}],"wp:attachment":[{"href":"https:\/\/www.agrobase.com.br\/concursos\/wp-json\/wp\/v2\/media?parent=269085"}],"wp:term":[{"taxonomy":"category","embeddable":true,"href":"https:\/\/www.agrobase.com.br\/concursos\/wp-json\/wp\/v2\/categories?post=269085"},{"taxonomy":"post_tag","embeddable":true,"href":"https:\/\/www.agrobase.com.br\/concursos\/wp-json\/wp\/v2\/tags?post=269085"},{"taxonomy":"_amplo","embeddable":true,"href":"https:\/\/www.agrobase.com.br\/concursos\/wp-json\/wp\/v2\/_amplo?post=269085"},{"taxonomy":"destaque","embeddable":true,"href":"https:\/\/www.agrobase.com.br\/concursos\/wp-json\/wp\/v2\/destaque?post=269085"},{"taxonomy":"instituicoes","embeddable":true,"href":"https:\/\/www.agrobase.com.br\/concursos\/wp-json\/wp\/v2\/instituicoes?post=269085"}],"curies":[{"name":"wp","href":"https:\/\/api.w.org\/{rel}","templated":true}]}}