{"id":269046,"date":"2025-07-22T08:30:45","date_gmt":"2025-07-22T11:30:45","guid":{"rendered":"https:\/\/www.agrobase.com.br\/concursos\/?p=269046"},"modified":"2025-07-21T15:19:50","modified_gmt":"2025-07-21T18:19:50","slug":"prefeitura-fernando-falcao-ma-concurso-01-2025","status":"publish","type":"post","link":"https:\/\/www.agrobase.com.br\/concursos\/2025\/prefeitura-fernando-falcao-ma-concurso-01-2025\/","title":{"rendered":"Prefeitura Fernando Falc\u00e3o (MA) &#8211; Concurso 01\/2025"},"content":{"rendered":"<h2>Informa\u00e7\u00f5es Gerais<\/h2>\n<p>A Prefeitura Municipal de Fernando Falc\u00e3o, no Maranh\u00e3o, publicou o edital n\u00ba 01\/2025 de seu novo concurso p\u00fablico, sob organiza\u00e7\u00e3o do Instituto Legatus. O certame visa o preenchimento de 71 vagas imediatas, al\u00e9m da forma\u00e7\u00e3o de cadastro de reserva, para cargos de n\u00edveis fundamental, m\u00e9dio\/t\u00e9cnico e superior. Os candidatos aprovados e nomeados ser\u00e3o submetidos ao regime estatut\u00e1rio.<\/p>\n<p>As oportunidades abrangem diversas \u00e1reas, como administrativa, operacional, sa\u00fade e educa\u00e7\u00e3o. <strong>\u00c9 uma excelente oportunidade para profissionais da \u00e1rea da sa\u00fade, com vagas para Nutricionista, Enfermeiro, Farmac\u00eautico-Bioqu\u00edmico e Cirurgi\u00e3o Dentista.<\/strong> O concurso ter\u00e1 validade de dois anos, podendo ser prorrogado uma vez por igual per\u00edodo.<\/p>\n<h2>Inscri\u00e7\u00f5es<\/h2>\n<p>As inscri\u00e7\u00f5es para o concurso da Prefeitura de Fernando Falc\u00e3o (MA) estar\u00e3o abertas entre <strong>21 de julho e 18 de agosto de 2025<\/strong>. O procedimento deve ser realizado exclusivamente pela internet, atrav\u00e9s do site da banca organizadora, o Instituto Legatus.<\/p>\n<p>As taxas de inscri\u00e7\u00e3o foram definidas de acordo com o n\u00edvel de escolaridade do cargo pretendido:<\/p>\n<ul>\n<li><strong>N\u00edvel Superior (e Professor de Educa\u00e7\u00e3o Infantil):<\/strong> R$ 137,00<\/li>\n<li><strong>N\u00edvel M\u00e9dio:<\/strong> R$ 115,00<\/li>\n<li><strong>N\u00edvel Fundamental:<\/strong> R$ 80,00<\/li>\n<\/ul>\n<p>O pagamento pode ser efetuado via boleto banc\u00e1rio ou PIX (utilizando o QR Code gerado no ato da inscri\u00e7\u00e3o), com prazo final at\u00e9 o primeiro dia \u00fatil ap\u00f3s o encerramento das inscri\u00e7\u00f5es, ou seja, 19 de agosto de 2025. O edital prev\u00ea a possibilidade de solicitar isen\u00e7\u00e3o da taxa, e os candidatos devem verificar os crit\u00e9rios e prazos espec\u00edficos no documento oficial. Ap\u00f3s o pagamento, \u00e9 fundamental acompanhar a confirma\u00e7\u00e3o da inscri\u00e7\u00e3o na \u201c\u00c1rea do Candidato\u201d no site da banca. Lembre-se que n\u00e3o \u00e9 poss\u00edvel alterar o cargo ap\u00f3s a finaliza\u00e7\u00e3o da inscri\u00e7\u00e3o.<\/p>\n<h2>Etapas e Provas<\/h2>\n<p>O processo seletivo para o concurso de Fernando Falc\u00e3o (MA) ser\u00e1 estruturado em duas etapas principais, dependendo do cargo escolhido pelo candidato:<\/p>\n<ul>\n<li><strong>Prova Escrita Objetiva:<\/strong> De car\u00e1ter <em>eliminat\u00f3rio e classificat\u00f3rio<\/em>, aplicada a todos os cargos. A prova est\u00e1 prevista para o dia <strong>21 de setembro de 2025<\/strong>, com dura\u00e7\u00e3o de 4 horas. Ser\u00e1 composta por 40 quest\u00f5es de m\u00faltipla escolha, com cinco alternativas cada. As disciplinas cobradas variam conforme o cargo, mas geralmente incluem L\u00edngua Portuguesa, Conhecimentos Espec\u00edficos e Locais, e, a depender da vaga, No\u00e7\u00f5es de Inform\u00e1tica, Racioc\u00ednio L\u00f3gico-Matem\u00e1tico e Conhecimentos Pedag\u00f3gicos. Para ser classificado, o candidato deve atingir a pontua\u00e7\u00e3o m\u00ednima exigida no edital.<\/li>\n<li><strong>Avalia\u00e7\u00e3o de T\u00edtulos:<\/strong> De car\u00e1ter apenas <em>classificat\u00f3rio<\/em>, exclusiva para os candidatos aos cargos de Professor que forem aprovados na prova objetiva. Nesta fase, ser\u00e3o pontuados diplomas de Doutorado, Mestrado e P\u00f3s-Gradua\u00e7\u00e3o (Especializa\u00e7\u00e3o), com pontua\u00e7\u00e3o m\u00e1xima de 10 pontos.<\/li>\n<\/ul>\n<p>Os locais e hor\u00e1rios de prova ser\u00e3o divulgados no dia 16 de setembro de 2025.<\/p>\n<h2>Resultados e Gabarito<\/h2>\n<p>A divulga\u00e7\u00e3o dos resultados do concurso seguir\u00e1 um cronograma detalhado. O gabarito preliminar da prova objetiva ser\u00e1 publicado em <strong>23 de setembro de 2025<\/strong>, com per\u00edodo para recursos nos dias seguintes. O resultado final do concurso est\u00e1 previsto para ser divulgado em <strong>3 de dezembro de 2025<\/strong>.<\/p>\n<p>A classifica\u00e7\u00e3o final dos candidatos ser\u00e1 baseada na ordem decrescente da nota final, que corresponde \u00e0 soma dos pontos da prova objetiva e, para os cargos de professor, da avalia\u00e7\u00e3o de t\u00edtulos. Os crit\u00e9rios de desempate, caso necess\u00e1rios, seguir\u00e3o a seguinte ordem de prioridade: idade igual ou superior a 60 anos, maior nota em conhecimentos espec\u00edficos e locais, maior nota em l\u00edngua portuguesa, entre outros. A homologa\u00e7\u00e3o do resultado final ser\u00e1 publicada no Di\u00e1rio Oficial dos Munic\u00edpios e no site do Instituto Legatus.<\/p>\n<p>A convoca\u00e7\u00e3o dos aprovados para a nomea\u00e7\u00e3o \u00e9 de responsabilidade da Prefeitura de Fernando Falc\u00e3o e ser\u00e1 realizada por meio de publica\u00e7\u00e3o no Di\u00e1rio Oficial ou por comunica\u00e7\u00e3o direta. \u00c9 fundamental que o candidato mantenha seus dados de contato atualizados.<\/p>\n<p>O acompanhamento de todas as publica\u00e7\u00f5es, como gabaritos, resultados, convoca\u00e7\u00f5es e outros comunicados, no site da banca organizadora e nos meios oficiais de comunica\u00e7\u00e3o, \u00e9 de responsabilidade exclusiva do candidato.<\/p>\n","protected":false},"excerpt":{"rendered":"<p>Aguardando in\u00edcio: Concurso Pref. Fernando Falc\u00e3o (MA) com vagas p\/ Professor e Advogado (Fund. a Sup.). Inscri\u00e7\u00f5es a partir de 21\/07. At\u00e9 R$ 3k. Confira detalhes!<\/p>\n","protected":false},"author":7,"featured_media":269045,"comment_status":"open","ping_status":"open","sticky":false,"template":"","format":"standard","meta":{"_acf_changed":false,"_breakdance_hide_in_design_set":false,"_breakdance_tags":"","footnotes":""},"categories":[5,106,9,10,6434,12,17,111,100,20,116,23,24,25,26,108],"tags":[49],"_amplo":[],"destaque":[],"instituicoes":[],"class_list":["post-269046","post","type-post","status-publish","format-standard","has-post-thumbnail","hentry","category-arquitetura","category-bioquimica","category-ciencias-contabeis","category-direito","category-educacao-fisica-licenciatura","category-enfermagem","category-farmacia","category-geografia","category-historia","category-letras","category-matematica","category-nutricao","category-odontologia","category-pedagogia","category-psicologia","category-tecnico-enfermagem","tag-maranhao"],"acf":{"_tipo_vagas":"vagas","_numero_vagas":"","_quadro_vagas":"","_cargos":"diversos","_cargos_especificos":"","_salario_max":"R$ 3036","_abertura":"20250721","_encerramento":"20250818","_inscricoes":"https:\/\/www.legatus.org.br","_executora_concurso":"","_instituicao_concurso":[],"_link_adicional":null,"_anexos":null,"_produtos":null,"_vagas":"71 vagas","_salario_min":"R$ 1518","_instituicao":"Prefeitura de Fernando Falc\u00e3o","_edital":"https:\/\/www.agrobase.com.br\/concursos\/wp-content\/uploads\/sites\/4\/2025\/07\/edital-01-2025-prefeitura-de-fernando-falcao-ma.pdf","_anexos_edital":"https:\/\/www.agrobase.com.br\/concursos\/wp-content\/uploads\/sites\/4\/2025\/07\/anexos-edital-01-2025-prefeitura-de-fernando-falcao-ma.pdf","_fund_incompleto":"","_fund_completo":"<div>\r\n<table class=\"quadro\">\r\n<thead>\r\n<tr>\r\n<th class=\"hcargo\">Cargo<\/th>\r\n<th class=\"hvagas\">Vagas<\/th>\r\n<th class=\"hremuneracao\">Remunera\u00e7\u00e3o<\/th>\r\n<\/tr>\r\n<\/thead>\r\n    <tbody>\r\n      <td class=\"ccargos\">\r\n<span data-balloon-length=\"medium\" aria-label=\"Ensino fundamental completo.\" data-balloon-pos=\"up\">Agente Operacional de Servi\u00e7os Gerais \u2013 Zona Urbana<\/span><\/td>\r\n<td class=\"cvagas\">07<\/td>\r\n<td class=\"cremuneracao\">R$ 1.518,00 \/40h<\/td>\r\n<\/tr><td class=\"ccargos\">\r\n<span data-balloon-length=\"medium\" aria-label=\"Ensino fundamental completo.\" data-balloon-pos=\"up\">Agente Operacional de Servi\u00e7os Gerais - Zona Rural<\/span><\/td>\r\n<td class=\"cvagas\">10<\/td>\r\n<td class=\"cremuneracao\">R$ 1.518,00 \/40h<\/td>\r\n<\/tr><td class=\"ccargos\">\r\n<span data-balloon-length=\"medium\" aria-label=\"Ensino fundamental completo e CNH categoria AB.\" data-balloon-pos=\"up\">Motorista AB<\/span><\/td>\r\n<td class=\"cvagas\">01<\/td>\r\n<td class=\"cremuneracao\">R$ 1.518,00 \/40h<\/td>\r\n<\/tr><td class=\"ccargos\">\r\n<span data-balloon-length=\"medium\" aria-label=\"Ensino fundamental completo e CNH categoria D.\" data-balloon-pos=\"up\">Motorista D<\/span><\/td>\r\n<td class=\"cvagas\">03<\/td>\r\n<td class=\"cremuneracao\">R$ 1.518,00 \/40h<\/td>\r\n<\/tr><td class=\"ccargos\">\r\n<span data-balloon-length=\"medium\" aria-label=\"Ensino fundamental completo e CNH categoria C.\" data-balloon-pos=\"up\">Operador de M\u00e1quinas Pesadas<\/span><\/td>\r\n<td class=\"cvagas\">01<\/td>\r\n<td class=\"cremuneracao\">R$ 1.518,00 \/40h<\/td>\r\n<\/tr>\r\n    <\/tbody>\r\n  <\/table>\r\n<\/div>","_medio":"<div>\r\n<table class=\"quadro\">\r\n<thead>\r\n<tr>\r\n<th class=\"hcargo\">Cargo<\/th>\r\n<th class=\"hvagas\">Vagas<\/th>\r\n<th class=\"hremuneracao\">Remunera\u00e7\u00e3o<\/th>\r\n<\/tr>\r\n<\/thead>\r\n    <tbody>\r\n      <td class=\"ccargos\">\r\n<span data-balloon-length=\"medium\" aria-label=\"Ensino m\u00e9dio completo.\" data-balloon-pos=\"up\">Auxiliar Administrativo - Zona Urbana<\/span><\/td>\r\n<td class=\"cvagas\">06<\/td>\r\n<td class=\"cremuneracao\">R$ 1.518,00 \/40h<\/td>\r\n<\/tr><td class=\"ccargos\">\r\n<span data-balloon-length=\"medium\" aria-label=\"Ensino m\u00e9dio completo.\" data-balloon-pos=\"up\">Auxiliar Administrativo - Zona Rural<\/span><\/td>\r\n<td class=\"cvagas\">05<\/td>\r\n<td class=\"cremuneracao\">R$ 1.518,00 \/40h<\/td>\r\n<\/tr><td class=\"ccargos\">\r\n<span data-balloon-length=\"medium\" aria-label=\"Ensino m\u00e9dio, curso t\u00e9cnico em enfermagem e registro no conselho de classe.\" data-balloon-pos=\"up\">T\u00e9cnico em Enfermagem<\/span><\/td>\r\n<td class=\"cvagas\">03<\/td>\r\n<td class=\"cremuneracao\">R$ 1.518,00 \/40h<\/td>\r\n<\/tr>\r\n    <\/tbody>\r\n  <\/table>\r\n<\/div>","_superior":"<div>\r\n<table class=\"quadro\">\r\n<thead>\r\n<tr>\r\n<th class=\"hcargo\">Cargo<\/th>\r\n<th class=\"hvagas\">Vagas<\/th>\r\n<th class=\"hremuneracao\">Remunera\u00e7\u00e3o<\/th>\r\n<\/tr>\r\n<\/thead>\r\n    <tbody>\r\n      <tr>\r\n<td class=\"ccargos\">\r\n<span data-balloon-length=\"medium\" aria-label=\"Curso superior em direito e inscri\u00e7\u00e3o na OAB.\" data-balloon-pos=\"up\">Advogado<\/span><\/td>\r\n<td class=\"cvagas\">01<\/td>\r\n<td class=\"cremuneracao\">R$ 3.000,00 \/30h<\/td>\r\n<\/tr><tr>\r\n<td class=\"ccargos\">\r\n<span data-balloon-length=\"medium\" aria-label=\"Curso superior em arquitetura e registro no conselho de classe.\" data-balloon-pos=\"up\">Arquiteto e Urbanista<\/span><\/td>\r\n<td class=\"cvagas\">01<\/td>\r\n<td class=\"cremuneracao\">R$ 3.036,00 \/40h<\/td>\r\n<\/tr><tr>\r\n<td class=\"ccargos\">\r\n<span data-balloon-length=\"medium\" aria-label=\"Curso superior em odontologia e registro no conselho de classe.\" data-balloon-pos=\"up\">Cirurgi\u00e3o Dentista<\/span><\/td>\r\n<td class=\"cvagas\">02<\/td>\r\n<td class=\"cremuneracao\">R$ 2.500,00 \/40h<\/td>\r\n<\/tr><tr>\r\n<td class=\"ccargos\">\r\n<span data-balloon-length=\"medium\" aria-label=\"Curso superior em contabilidade e registro no conselho de classe.\" data-balloon-pos=\"up\">Contador<\/span><\/td>\r\n<td class=\"cvagas\">01<\/td>\r\n<td class=\"cremuneracao\">R$ 3.000,00 \/30h<\/td>\r\n<\/tr><tr>\r\n<td class=\"ccargos\">\r\n<span data-balloon-length=\"medium\" aria-label=\"Curso superior em enfermagem e registro no conselho de classe.\" data-balloon-pos=\"up\">Enfermeiro<\/span><\/td>\r\n<td class=\"cvagas\">02<\/td>\r\n<td class=\"cremuneracao\">R$ 2.000,00 \/40h<\/td>\r\n<\/tr><tr>\r\n<td class=\"ccargos\">\r\n<span data-balloon-length=\"medium\" aria-label=\"Curso superior em farm\u00e1cia com especializa\u00e7\u00e3o em an\u00e1lises cl\u00ednicas e registro no conselho de classe.\" data-balloon-pos=\"up\">Farmac\u00eautico \u2013 Bioqu\u00edmico<\/span><\/td>\r\n<td class=\"cvagas\">01<\/td>\r\n<td class=\"cremuneracao\">R$ 2.500,00 \/30h<\/td>\r\n<\/tr><tr>\r\n<td class=\"ccargos\">\r\n<span data-balloon-length=\"medium\" aria-label=\"Curso superior em nutri\u00e7\u00e3o e registro no conselho de classe.\" data-balloon-pos=\"up\">Nutricionista<\/span><\/td>\r\n<td class=\"cvagas\">02<\/td>\r\n<td class=\"cremuneracao\">R$ 2.500,00 \/30h<\/td>\r\n<\/tr><tr>\r\n<td class=\"ccargos\">\r\n<span data-balloon-length=\"medium\" aria-label=\"Curso superior em psicologia e registro no conselho de classe.\" data-balloon-pos=\"up\">Psic\u00f3logo<\/span><\/td>\r\n<td class=\"cvagas\">01<\/td>\r\n<td class=\"cremuneracao\">R$ 2.000,00 \/30h<\/td>\r\n<\/tr><tr>\r\n<td class=\"ccargos\">\r\n<span data-balloon-length=\"medium\" aria-label=\"Licenciatura em qualquer \u00e1rea de forma\u00e7\u00e3o com especializa\u00e7\u00e3o em educa\u00e7\u00e3o especial.\" data-balloon-pos=\"up\">Professor de Educa\u00e7\u00e3o Especial - Zona Rural<\/span><\/td>\r\n<td class=\"cvagas\">02<\/td>\r\n<td class=\"cremuneracao\">R$ 2.433,88 \/20h<\/td>\r\n<\/tr><tr>\r\n<td class=\"ccargos\">\r\n<span data-balloon-length=\"medium\" aria-label=\"Licenciatura em educa\u00e7\u00e3o f\u00edsica e registro no conselho de classe.\" data-balloon-pos=\"up\">Professor de Educa\u00e7\u00e3o F\u00edsica - Zona Urbana<\/span><\/td>\r\n<td class=\"cvagas\">01<\/td>\r\n<td class=\"cremuneracao\">R$ 2.433,88 \/20h<\/td>\r\n<\/tr><tr>\r\n<td class=\"ccargos\">\r\n<span data-balloon-length=\"medium\" aria-label=\"Normal superior ou licenciatura em pedagogia.\" data-balloon-pos=\"up\">Professor de Ensino Fundamental - 1\u00ba ao 5\u00ba ano \u2013 Zona Rural<\/span><\/td>\r\n<td class=\"cvagas\">03<\/td>\r\n<td class=\"cremuneracao\">R$ 2.433,88 \/20h<\/td>\r\n<\/tr><tr>\r\n<td class=\"ccargos\">\r\n<span data-balloon-length=\"medium\" aria-label=\"Normal superior ou licenciatura em pedagogia.\" data-balloon-pos=\"up\">Professor de Ensino Fundamental - 1\u00ba ao 5\u00ba ano - Zona Urbana<\/span><\/td>\r\n<td class=\"cvagas\">01<\/td>\r\n<td class=\"cremuneracao\">R$ 2.433,88 \/20h<\/td>\r\n<\/tr><tr>\r\n<td class=\"ccargos\">\r\n<span data-balloon-length=\"medium\" aria-label=\"Licenciatura em geografia.\" data-balloon-pos=\"up\">Professor de Geografia - 6\u00ba ao 9\u00ba ano \u2013 Zona Rural<\/span><\/td>\r\n<td class=\"cvagas\">01<\/td>\r\n<td class=\"cremuneracao\">R$ 2.433,88 \/20h<\/td>\r\n<\/tr><tr>\r\n<td class=\"ccargos\">\r\n<span data-balloon-length=\"medium\" aria-label=\"Licenciatura em geografia.\" data-balloon-pos=\"up\">Professor de Geografia - 6\u00ba ao 9\u00ba ano \u2013 Zona Urbana<\/span><\/td>\r\n<td class=\"cvagas\">01<\/td>\r\n<td class=\"cremuneracao\">R$ 2.433,88 \/20h<\/td>\r\n<\/tr><tr>\r\n<td class=\"ccargos\">\r\n<span data-balloon-length=\"medium\" aria-label=\"Licenciatura em hist\u00f3ria.\" data-balloon-pos=\"up\">Professor de Hist\u00f3ria - 6\u00ba ao 9\u00ba ano \u2013 Zona Rural<\/span><\/td>\r\n<td class=\"cvagas\">01<\/td>\r\n<td class=\"cremuneracao\">R$ 2.433,88 \/20h<\/td>\r\n<\/tr><tr>\r\n<td class=\"ccargos\">\r\n<span data-balloon-length=\"medium\" aria-label=\"Licenciatura em matem\u00e1tica, ou f\u00edsica, ou ci\u00eancias f\u00edsicas e biol\u00f3gicas com habilita\u00e7\u00e3o em matem\u00e1tica.\" data-balloon-pos=\"up\">Professor de Matem\u00e1tica - 6\u00ba ao 9\u00ba ano \u2013 Zona Rural<\/span><\/td>\r\n<td class=\"cvagas\">02<\/td>\r\n<td class=\"cremuneracao\">R$ 2.433,88 \/20h<\/td>\r\n<\/tr><tr>\r\n<td class=\"ccargos\">\r\n<span data-balloon-length=\"medium\" aria-label=\"Licenciatura em matem\u00e1tica, ou f\u00edsica, ou ci\u00eancias f\u00edsicas e biol\u00f3gicas com habilita\u00e7\u00e3o em matem\u00e1tica.\" data-balloon-pos=\"up\">Professor de Matem\u00e1tica - 6\u00ba ao 9\u00ba ano \u2013 Zona Urbana<\/span><\/td>\r\n<td class=\"cvagas\">01<\/td>\r\n<td class=\"cremuneracao\">R$ 2.433,88 \/20h<\/td>\r\n<\/tr><tr>\r\n<td class=\"ccargos\">\r\n<span data-balloon-length=\"medium\" aria-label=\"Licenciatura em letras com habilita\u00e7\u00e3o em l\u00edngua portuguesa.\" data-balloon-pos=\"up\">Professor de Portugu\u00eas - 6\u00ba ao 9\u00ba ano \u2013 Zona Urbana<\/span><\/td>\r\n<td class=\"cvagas\">01<\/td>\r\n<td class=\"cremuneracao\">R$ 2.433,88 \/20h<\/td>\r\n<\/tr><tr>\r\n<td class=\"ccargos\">\r\n<span data-balloon-length=\"medium\" aria-label=\"N\u00edvel m\u00e9dio com forma\u00e7\u00e3o para o magist\u00e9rio; ou normal superior; ou licenciatura em pedagogia.\" data-balloon-pos=\"up\">Professor de Educa\u00e7\u00e3o Infantil - Zona Urbana<\/span><\/td>\r\n<td class=\"cvagas\">04<\/td>\r\n<td class=\"cremuneracao\">R$ 2.433,88 \/20h<\/td>\r\n<\/tr><tr>\r\n<td class=\"ccargos\">\r\n<span data-balloon-length=\"medium\" aria-label=\"N\u00edvel m\u00e9dio com forma\u00e7\u00e3o para o magist\u00e9rio; ou normal superior; ou licenciatura em pedagogia.\" data-balloon-pos=\"up\">Professor de Educa\u00e7\u00e3o Infantil - Zona Rural<\/span><\/td>\r\n<td class=\"cvagas\">01<\/td>\r\n<td class=\"cremuneracao\">R$ 2.433,88 \/20h<\/td>\r\n<\/tr>\r\n    <\/tbody>\r\n  <\/table>\r\n<\/div>"},"_links":{"self":[{"href":"https:\/\/www.agrobase.com.br\/concursos\/wp-json\/wp\/v2\/posts\/269046","targetHints":{"allow":["GET"]}}],"collection":[{"href":"https:\/\/www.agrobase.com.br\/concursos\/wp-json\/wp\/v2\/posts"}],"about":[{"href":"https:\/\/www.agrobase.com.br\/concursos\/wp-json\/wp\/v2\/types\/post"}],"author":[{"embeddable":true,"href":"https:\/\/www.agrobase.com.br\/concursos\/wp-json\/wp\/v2\/users\/7"}],"replies":[{"embeddable":true,"href":"https:\/\/www.agrobase.com.br\/concursos\/wp-json\/wp\/v2\/comments?post=269046"}],"version-history":[{"count":2,"href":"https:\/\/www.agrobase.com.br\/concursos\/wp-json\/wp\/v2\/posts\/269046\/revisions"}],"predecessor-version":[{"id":269050,"href":"https:\/\/www.agrobase.com.br\/concursos\/wp-json\/wp\/v2\/posts\/269046\/revisions\/269050"}],"wp:featuredmedia":[{"embeddable":true,"href":"https:\/\/www.agrobase.com.br\/concursos\/wp-json\/wp\/v2\/media\/269045"}],"wp:attachment":[{"href":"https:\/\/www.agrobase.com.br\/concursos\/wp-json\/wp\/v2\/media?parent=269046"}],"wp:term":[{"taxonomy":"category","embeddable":true,"href":"https:\/\/www.agrobase.com.br\/concursos\/wp-json\/wp\/v2\/categories?post=269046"},{"taxonomy":"post_tag","embeddable":true,"href":"https:\/\/www.agrobase.com.br\/concursos\/wp-json\/wp\/v2\/tags?post=269046"},{"taxonomy":"_amplo","embeddable":true,"href":"https:\/\/www.agrobase.com.br\/concursos\/wp-json\/wp\/v2\/_amplo?post=269046"},{"taxonomy":"destaque","embeddable":true,"href":"https:\/\/www.agrobase.com.br\/concursos\/wp-json\/wp\/v2\/destaque?post=269046"},{"taxonomy":"instituicoes","embeddable":true,"href":"https:\/\/www.agrobase.com.br\/concursos\/wp-json\/wp\/v2\/instituicoes?post=269046"}],"curies":[{"name":"wp","href":"https:\/\/api.w.org\/{rel}","templated":true}]}}