{"id":269035,"date":"2025-07-22T08:10:31","date_gmt":"2025-07-22T11:10:31","guid":{"rendered":"https:\/\/www.agrobase.com.br\/concursos\/?p=269035"},"modified":"2025-07-21T14:45:43","modified_gmt":"2025-07-21T17:45:43","slug":"prefeitura-santa-cecilia-sc-selecao-publica-01-2025","status":"publish","type":"post","link":"https:\/\/www.agrobase.com.br\/concursos\/2025\/prefeitura-santa-cecilia-sc-selecao-publica-01-2025\/","title":{"rendered":"Prefeitura Santa Cec\u00edlia (SC) &#8211; Sele\u00e7\u00e3o P\u00fablica 01\/2025"},"content":{"rendered":"<h2>Informa\u00e7\u00f5es Gerais<\/h2>\n<p>O edital do Processo Seletivo da Prefeitura de Santa Cec\u00edlia (SC) foi publicado! Organizado pelo Instituto Brasileiro de Administra\u00e7\u00e3o Municipal (IBAM), o certame visa o preenchimento de vagas tempor\u00e1rias e a forma\u00e7\u00e3o de cadastro de reserva em diversos cargos. As oportunidades contemplam todos os n\u00edveis de escolaridade: fundamental, m\u00e9dio, t\u00e9cnico e superior.<\/p>\n<p>As vagas est\u00e3o distribu\u00eddas em \u00e1reas como sa\u00fade, administra\u00e7\u00e3o, assist\u00eancia social, obras e servi\u00e7os gerais. Para os profissionais das \u00e1reas de interesse do nosso site, o concurso oferece oportunidades para <strong>Nutricionista<\/strong> e <strong>Operador de M\u00e1quinas Agr\u00edcolas<\/strong>, al\u00e9m de outras fun\u00e7\u00f5es relevantes na \u00e1rea da sa\u00fade e engenharia.<\/p>\n<p>O regime de contrata\u00e7\u00e3o \u00e9 tempor\u00e1rio, com validade inicial de um ano, podendo ser prorrogado.<\/p>\n<h2>Inscri\u00e7\u00f5es<\/h2>\n<p>As inscri\u00e7\u00f5es para o Processo Seletivo da Prefeitura de Santa Cec\u00edlia estar\u00e3o abertas de <strong>10 de julho a 08 de agosto de 2025<\/strong>. O procedimento deve ser realizado exclusivamente pela internet, atrav\u00e9s do site da banca organizadora, o IBAM.<\/p>\n<p>Os valores da taxa de inscri\u00e7\u00e3o variam conforme o n\u00edvel de escolaridade do cargo pretendido:<\/p>\n<ul>\n<li><strong>N\u00edvel Superior:<\/strong> R$ 120,00<\/li>\n<li><strong>N\u00edvel M\u00e9dio\/T\u00e9cnico:<\/strong> R$ 90,00<\/li>\n<li><strong>N\u00edvel Fundamental:<\/strong> R$ 80,00<\/li>\n<\/ul>\n<p>O pagamento deve ser efetuado por meio de boleto banc\u00e1rio, que pode ser quitado em esp\u00e9cie ou via internet banking at\u00e9 a data de vencimento. <em>Aten\u00e7\u00e3o:<\/em> n\u00e3o ser\u00e3o aceitos pagamentos via PIX, cheque ou agendamento eletr\u00f4nico. Ap\u00f3s a inscri\u00e7\u00e3o, \u00e9 fundamental que o candidato acompanhe a confirma\u00e7\u00e3o do pagamento e o status da sua candidatura na \u201c\u00c1rea do Candidato\u201d no portal do IBAM.<\/p>\n<h2>Etapas e Provas<\/h2>\n<p>O processo seletivo ser\u00e1 composto por at\u00e9 duas etapas, a depender do cargo escolhido, com datas e crit\u00e9rios espec\u00edficos para cada uma. A estrutura de avalia\u00e7\u00e3o \u00e9 a seguinte:<\/p>\n<ul>\n<li><strong>Prova Escrita Objetiva:<\/strong> de car\u00e1ter <em>eliminat\u00f3rio e classificat\u00f3rio<\/em>, ser\u00e1 aplicada a todos os candidatos. A prova est\u00e1 prevista para o dia <strong>31 de agosto de 2025<\/strong>, com dura\u00e7\u00e3o de 2 horas e 30 minutos. A avalia\u00e7\u00e3o ser\u00e1 composta por quest\u00f5es de m\u00faltipla escolha sobre as seguintes \u00e1reas de conhecimento:\n<ul>\n<li>Conhecimentos T\u00e9cnico-profissionais<\/li>\n<li>L\u00edngua Portuguesa<\/li>\n<li>Matem\u00e1tica (apenas para n\u00edvel fundamental)<\/li>\n<li>Conhecimentos Gerais (para n\u00edveis m\u00e9dio e superior)<\/li>\n<\/ul>\n<\/li>\n<li><strong>Prova Pr\u00e1tica:<\/strong> de car\u00e1ter <em>eliminat\u00f3rio e classificat\u00f3rio<\/em>, destinada exclusivamente aos candidatos aprovados na prova objetiva para os cargos de Motorista, Operador de M\u00e1quinas Agr\u00edcolas e Operador de M\u00e1quinas Pesadas. A avalia\u00e7\u00e3o consistir\u00e1 na execu\u00e7\u00e3o de tarefas pr\u00e1ticas com ve\u00edculos e equipamentos pertinentes \u00e0 fun\u00e7\u00e3o. A data, o local e os crit\u00e9rios de avalia\u00e7\u00e3o ser\u00e3o divulgados em um edital de convoca\u00e7\u00e3o espec\u00edfico.<\/li>\n<\/ul>\n<h2>Resultados e Gabarito<\/h2>\n<p>A divulga\u00e7\u00e3o dos resultados seguir\u00e1 um cronograma pr\u00e9-definido, que deve ser acompanhado atentamente pelos candidatos. As principais datas previstas s\u00e3o:<\/p>\n<ul>\n<li><strong>Gabarito Preliminar:<\/strong> 01 de setembro de 2025.<\/li>\n<li><strong>Gabarito Definitivo e Classifica\u00e7\u00e3o Preliminar:<\/strong> 17 de setembro de 2025.<\/li>\n<li><strong>Classifica\u00e7\u00e3o Final:<\/strong> 03 de outubro de 2025.<\/li>\n<\/ul>\n<p>Em caso de empate na pontua\u00e7\u00e3o final, ser\u00e3o aplicados os seguintes crit\u00e9rios de desempate, nesta ordem: maior nota em Conhecimentos T\u00e9cnico-profissionais, seguida por outras disciplinas espec\u00edficas de cada n\u00edvel e, por \u00faltimo, maior idade. Candidatos com 60 anos ou mais ter\u00e3o a idade como primeiro crit\u00e9rio de desempate. A homologa\u00e7\u00e3o do resultado final ser\u00e1 publicada por ato do Prefeito Municipal, e a convoca\u00e7\u00e3o dos aprovados ocorrer\u00e1 conforme a necessidade da administra\u00e7\u00e3o, seguindo a ordem de classifica\u00e7\u00e3o. O acompanhamento das chamadas dever\u00e1 ser feito no site oficial da Prefeitura de Santa Cec\u00edlia.<\/p>\n<p>\u00c9 de inteira responsabilidade do candidato acompanhar todas as publica\u00e7\u00f5es, comunicados e editais referentes ao processo seletivo nos sites do IBAM e da Prefeitura, bem como manter seus dados de contato atualizados durante todo o per\u00edodo de validade do certame.<\/p>\n","protected":false},"excerpt":{"rendered":"<p>Processo Seletivo Pref. Santa Cec\u00edlia (SC) com edital publicado! Vagas p\/ Enfermeiro, Motorista (Fund. a Sup.). Inscri\u00e7\u00f5es a partir de 10\/07. Confira detalhes!<\/p>\n","protected":false},"author":7,"featured_media":269034,"comment_status":"open","ping_status":"open","sticky":false,"template":"","format":"standard","meta":{"_acf_changed":false,"_breakdance_hide_in_design_set":false,"_breakdance_tags":"","footnotes":""},"categories":[5,106,6434,12,152,17,18,19,23,24,26,101,108,161,157],"tags":[61],"_amplo":[],"destaque":[],"instituicoes":[],"class_list":["post-269035","post","type-post","status-publish","format-standard","has-post-thumbnail","hentry","category-arquitetura","category-bioquimica","category-educacao-fisica-licenciatura","category-enfermagem","category-engenharia-seguranca-trabalho","category-farmacia","category-fisioterapia","category-fonoaudiologia","category-nutricao","category-odontologia","category-psicologia","category-servico-social","category-tecnico-enfermagem","category-tecnico-laboratorio","category-tecnico-seguranca-trabalho","tag-santa-catarina"],"acf":{"_tipo_vagas":"vagas","_numero_vagas":"","_quadro_vagas":"","_cargos":"diversos","_cargos_especificos":"","_salario_max":"R$ 7103.88","_abertura":"20250710","_encerramento":"20250808","_inscricoes":"https:\/\/www.ibam-concursos.org.br","_executora_concurso":"","_instituicao_concurso":[],"_link_adicional":null,"_anexos":null,"_produtos":null,"_vagas":"113 vagas + CR","_salario_min":"R$ 2547.71","_instituicao":"Prefeitura de Santa Cec\u00edlia","_edital":"https:\/\/www.agrobase.com.br\/concursos\/wp-content\/uploads\/sites\/4\/2025\/07\/edital-01-2025-prefeitura-de-santa-cecilia-sc.pdf","_anexos_edital":"https:\/\/www.agrobase.com.br\/concursos\/wp-content\/uploads\/sites\/4\/2025\/07\/anexos-edital-01-2025-prefeitura-de-santa-cecilia-sc.pdf","_fund_incompleto":"","_fund_completo":"<div>\r\n<table class=\"quadro\">\r\n<thead>\r\n<tr>\r\n<th class=\"hcargo\">Cargo<\/th>\r\n<th class=\"hvagas\">Vagas<\/th>\r\n<th class=\"hremuneracao\">Remunera\u00e7\u00e3o<\/th>\r\n<\/tr>\r\n<\/thead>\r\n    <tbody>\r\n      <td class=\"ccargos\">\r\n<span data-balloon-length=\"medium\" aria-label=\"Certificado de conclus\u00e3o das s\u00e9ries iniciais do Ensino Fundamental\" data-balloon-pos=\"up\">CALCETEIRO<\/span><\/td>\r\n<td class=\"cvagas\">03<\/td>\r\n<td class=\"cremuneracao\">R$ 2.547,71 \/40h<\/td>\r\n<\/tr><td class=\"ccargos\">\r\n<span data-balloon-length=\"medium\" aria-label=\"Certificado de conclus\u00e3o das s\u00e9ries iniciais do Ensino Fundamental\" data-balloon-pos=\"up\">CARPINTEIRO<\/span><\/td>\r\n<td class=\"cvagas\">02<\/td>\r\n<td class=\"cremuneracao\">R$ 2.547,71 \/40h<\/td>\r\n<\/tr><td class=\"ccargos\">\r\n<span data-balloon-length=\"medium\" aria-label=\"Certificado de conclus\u00e3o das s\u00e9ries iniciais do Ensino Fundamental\" data-balloon-pos=\"up\">ELETRICISTA<\/span><\/td>\r\n<td class=\"cvagas\">CR<\/td>\r\n<td class=\"cremuneracao\">R$ 2.547,71 \/40h<\/td>\r\n<\/tr><td class=\"ccargos\">\r\n<span data-balloon-length=\"medium\" aria-label=\"Certificado de conclus\u00e3o das s\u00e9ries iniciais do Ensino Fundamental\" data-balloon-pos=\"up\">ENCANADOR<\/span><\/td>\r\n<td class=\"cvagas\">02<\/td>\r\n<td class=\"cremuneracao\">R$ 2.547,71 \/40h<\/td>\r\n<\/tr><td class=\"ccargos\">\r\n<span data-balloon-length=\"medium\" aria-label=\"Certificado de conclus\u00e3o das s\u00e9ries iniciais do Ensino Fundamental\" data-balloon-pos=\"up\">GARI COLETOR DE LIXO<\/span><\/td>\r\n<td class=\"cvagas\">02<\/td>\r\n<td class=\"cremuneracao\">R$ 2.547,71 \/40h<\/td>\r\n<\/tr><td class=\"ccargos\">\r\n<span data-balloon-length=\"medium\" aria-label=\"Certificado de conclus\u00e3o das s\u00e9ries iniciais do Ensino Fundamental, com Carteira Nacional de Habilita\u00e7\u00e3o na categoria C, D ou E, e Curso Especializado para Condutores de Ve\u00edculos de Emerg\u00eancia e Ve\u00edculos de Passageiros e exame toxicol\u00f3gico realizado h\u00e1, no m\u00e1ximo, 90 dias.\" data-balloon-pos=\"up\">MOTORISTA (Ambul\u00e2ncia\/Van)<\/span><\/td>\r\n<td class=\"cvagas\">05<\/td>\r\n<td class=\"cremuneracao\">R$ 2.547,71 \/40h<\/td>\r\n<\/tr><td class=\"ccargos\">\r\n<span data-balloon-length=\"medium\" aria-label=\"Certificado de conclus\u00e3o das s\u00e9ries iniciais do Ensino Fundamental e Carteira Nacional de Habilita\u00e7\u00e3o, categoria \u201cB\u201d.\" data-balloon-pos=\"up\">MOTORISTA (Autom\u00f3vel)<\/span><\/td>\r\n<td class=\"cvagas\">01<\/td>\r\n<td class=\"cremuneracao\">R$ 2.547,71 \/40h<\/td>\r\n<\/tr><td class=\"ccargos\">\r\n<span data-balloon-length=\"medium\" data-balloon-pos=\"up\">MOTORISTA (Caminh\u00f5es)<\/span><\/td>\r\n<td class=\"cvagas\">05<\/td>\r\n<td class=\"cremuneracao\">R$ 2.547,71 \/40h<\/td>\r\n<\/tr><td class=\"ccargos\">\r\n<span data-balloon-length=\"medium\" aria-label=\"Certificado de conclus\u00e3o das s\u00e9ries iniciais do Ensino Fundamental, com Carteira Nacional de Habilita\u00e7\u00e3o na categoria D ou E, e Curso Especializado para Condutores de Ve\u00edculos de Passageiros e exame toxicol\u00f3gico realizado h\u00e1, no m\u00e1ximo, 90 dias.\" data-balloon-pos=\"up\">MOTORISTA (\u00d4nibus)<\/span><\/td>\r\n<td class=\"cvagas\">05<\/td>\r\n<td class=\"cremuneracao\">R$ 2.547,71 \/40h<\/td>\r\n<\/tr><td class=\"ccargos\">\r\n<span data-balloon-length=\"medium\" aria-label=\"Certificado de conclus\u00e3o das s\u00e9ries iniciais do Ensino Fundamental e Carteira Nacional de Habilita\u00e7\u00e3o, categoria C e curso de operador de m\u00e1quinas agr\u00edcolas ou m\u00e1quinas pesadas.\" data-balloon-pos=\"up\">OPERADOR DE M\u00c1QUINAS AGR\u00cdCOLAS (Trator de Pneu)<\/span><\/td>\r\n<td class=\"cvagas\">03<\/td>\r\n<td class=\"cremuneracao\">R$ 2.547,71 \/40h<\/td>\r\n<\/tr><td class=\"ccargos\">\r\n<span data-balloon-length=\"medium\" aria-label=\"Certificado de conclus\u00e3o das s\u00e9ries iniciais do Ensino Fundamental e Carteira Nacional de Habilita\u00e7\u00e3o, categoria C e curso de operador de m\u00e1quinas pesadas.\" data-balloon-pos=\"up\">OPERADOR DE M\u00c1QUINAS PESADAS<\/span><\/td>\r\n<td class=\"cvagas\">07<\/td>\r\n<td class=\"cremuneracao\">R$ 2.547,71 \/40h<\/td>\r\n<\/tr><td class=\"ccargos\">\r\n<span data-balloon-length=\"medium\" aria-label=\"Certificado de conclus\u00e3o das s\u00e9ries iniciais do Ensino Fundamental\" data-balloon-pos=\"up\">PEDREIRO<\/span><\/td>\r\n<td class=\"cvagas\">04<\/td>\r\n<td class=\"cremuneracao\">R$ 2.547,71 \/40h<\/td>\r\n<\/tr><td class=\"ccargos\">\r\n<span data-balloon-length=\"medium\" aria-label=\"Certificado de conclus\u00e3o das s\u00e9ries iniciais do Ensino Fundamental\" data-balloon-pos=\"up\">VIGIA<\/span><\/td>\r\n<td class=\"cvagas\">07<\/td>\r\n<td class=\"cremuneracao\">R$ 2.547,71 \/40h<\/td>\r\n<\/tr>\r\n    <\/tbody>\r\n  <\/table>\r\n<\/div>","_medio":"<div>\r\n<table class=\"quadro\">\r\n<thead>\r\n<tr>\r\n<th class=\"hcargo\">Cargo<\/th>\r\n<th class=\"hvagas\">Vagas<\/th>\r\n<th class=\"hremuneracao\">Remunera\u00e7\u00e3o<\/th>\r\n<\/tr>\r\n<\/thead>\r\n    <tbody>\r\n      <td class=\"ccargos\">\r\n<span data-balloon-length=\"medium\" aria-label=\"Diploma de conclus\u00e3o de Ensino M\u00e9dio\" data-balloon-pos=\"up\">AGENTE ADMINISTRATIVO<\/span><\/td>\r\n<td class=\"cvagas\">05<\/td>\r\n<td class=\"cremuneracao\">R$ 2.852,82 \/40h<\/td>\r\n<\/tr><td class=\"ccargos\">\r\n<span data-balloon-length=\"medium\" aria-label=\"Diploma de conclus\u00e3o de Ensino M\u00e9dio\" data-balloon-pos=\"up\">AGENTE DE RECEP\u00c7\u00c3O E TELEFONIA<\/span><\/td>\r\n<td class=\"cvagas\">11<\/td>\r\n<td class=\"cremuneracao\">R$ 2.852,82 \/40h<\/td>\r\n<\/tr><td class=\"ccargos\">\r\n<span data-balloon-length=\"medium\" aria-label=\"Diploma de conclus\u00e3o de Ensino M\u00e9dio\" data-balloon-pos=\"up\">ATENDENTE DE FARM\u00c1CIA<\/span><\/td>\r\n<td class=\"cvagas\">02<\/td>\r\n<td class=\"cremuneracao\">R$ 2.852,82 \/40h<\/td>\r\n<\/tr><td class=\"ccargos\">\r\n<span data-balloon-length=\"medium\" aria-label=\"Diploma de conclus\u00e3o de Ensino M\u00e9dio\" data-balloon-pos=\"up\">ATENDENTE DE SA\u00daDE<\/span><\/td>\r\n<td class=\"cvagas\">03<\/td>\r\n<td class=\"cremuneracao\">R$ 2.852,82 \/40h<\/td>\r\n<\/tr><td class=\"ccargos\">\r\n<span data-balloon-length=\"medium\" aria-label=\"Diploma de conclus\u00e3o de Ensino M\u00e9dio\" data-balloon-pos=\"up\">AUXILIAR DE CONSULT\u00d3RIO ODONTOL\u00d3GICO<\/span><\/td>\r\n<td class=\"cvagas\">02<\/td>\r\n<td class=\"cremuneracao\">R$ 2.852,82 \/40h<\/td>\r\n<\/tr><td class=\"ccargos\">\r\n<span data-balloon-length=\"medium\" aria-label=\"Diploma de conclus\u00e3o de Ensino M\u00e9dio\" data-balloon-pos=\"up\">CUIDADOR SOCIAL<\/span><\/td>\r\n<td class=\"cvagas\">02<\/td>\r\n<td class=\"cremuneracao\">R$ 2.852,82 \/40h<\/td>\r\n<\/tr><td class=\"ccargos\">\r\n<span data-balloon-length=\"medium\" aria-label=\"Diploma de conclus\u00e3o de Ensino M\u00e9dio\" data-balloon-pos=\"up\">EDUCADOR SOCIAL<\/span><\/td>\r\n<td class=\"cvagas\">05<\/td>\r\n<td class=\"cremuneracao\">R$ 2.852,82 \/40h<\/td>\r\n<\/tr><td class=\"ccargos\">\r\n<span data-balloon-length=\"medium\" aria-label=\"Diploma de conclus\u00e3o de Ensino M\u00e9dio\" data-balloon-pos=\"up\">ENCARREGADO DE CEMIT\u00c9RIO<\/span><\/td>\r\n<td class=\"cvagas\">01<\/td>\r\n<td class=\"cremuneracao\">R$ 2.852,82 \/40h<\/td>\r\n<\/tr><td class=\"ccargos\">\r\n<span data-balloon-length=\"medium\" aria-label=\"Diploma de conclus\u00e3o de Ensino M\u00e9dio\" data-balloon-pos=\"up\">FISCAL DE OBRAS<\/span><\/td>\r\n<td class=\"cvagas\">01<\/td>\r\n<td class=\"cremuneracao\">R$ 2.852,82 \/40h<\/td>\r\n<\/tr><td class=\"ccargos\">\r\n<span data-balloon-length=\"medium\" aria-label=\"Diploma de conclus\u00e3o de Ensino M\u00e9dio de T\u00e9cnico em Enfermagem e registro no COREN. (Para atingir o piso nacional da enfermagem (Lei 14.434\/2022) h\u00e1 uma complementa\u00e7\u00e3o do vencimento.)\" data-balloon-pos=\"up\">T\u00c9CNICO EM ENFERMAGEM<\/span><\/td>\r\n<td class=\"cvagas\">10<\/td>\r\n<td class=\"cremuneracao\">R$ 3.119,81 \/40h<\/td>\r\n<\/tr><td class=\"ccargos\">\r\n<span data-balloon-length=\"medium\" aria-label=\"Diploma de conclus\u00e3o de Ensino M\u00e9dio e certificado de curso em An\u00e1lises Laboratoriais\" data-balloon-pos=\"up\">T\u00c9CNICO EM LABORAT\u00d3RIO<\/span><\/td>\r\n<td class=\"cvagas\">01<\/td>\r\n<td class=\"cremuneracao\">R$ 3.119,81 \/40h<\/td>\r\n<\/tr><td class=\"ccargos\">\r\n<span data-balloon-length=\"medium\" aria-label=\"Diploma de conclus\u00e3o de Ensino M\u00e9dio de T\u00e9cnico em Radiologia e registro no CRTR\" data-balloon-pos=\"up\">T\u00c9CNICO EM RADIOLOGIA<\/span><\/td>\r\n<td class=\"cvagas\">01<\/td>\r\n<td class=\"cremuneracao\">R$ 3.250,77 \/20h<\/td>\r\n<\/tr><td class=\"ccargos\">\r\n<span data-balloon-length=\"medium\" aria-label=\"Diploma de conclus\u00e3o de Ensino M\u00e9dio de T\u00e9cnico em Seguran\u00e7a do Trabalho\" data-balloon-pos=\"up\">T\u00c9CNICO EM SEGURAN\u00c7A DO TRABALHO<\/span><\/td>\r\n<td class=\"cvagas\">01<\/td>\r\n<td class=\"cremuneracao\">R$ 3.119,81 \/40h<\/td>\r\n<\/tr>\r\n    <\/tbody>\r\n  <\/table>\r\n<\/div>","_superior":"<div>\r\n<table class=\"quadro\">\r\n<thead>\r\n<tr>\r\n<th class=\"hcargo\">Cargo<\/th>\r\n<th class=\"hvagas\">Vagas<\/th>\r\n<th class=\"hremuneracao\">Remunera\u00e7\u00e3o<\/th>\r\n<\/tr>\r\n<\/thead>\r\n    <tbody>\r\n      <tr>\r\n<td class=\"ccargos\">\r\n<span data-balloon-length=\"medium\" aria-label=\"Diploma de conclus\u00e3o de gradua\u00e7\u00e3o em Servi\u00e7o Social e registro no CRESS.\" data-balloon-pos=\"up\">ASSISTENTE SOCIAL<\/span><\/td>\r\n<td class=\"cvagas\">02<\/td>\r\n<td class=\"cremuneracao\">R$ 4.103,09 \/30h<\/td>\r\n<\/tr><tr>\r\n<td class=\"ccargos\">\r\n<span data-balloon-length=\"medium\" aria-label=\"Diploma de conclus\u00e3o de gradua\u00e7\u00e3o em Bioqu\u00edmica e registro no CFQ.\" data-balloon-pos=\"up\">BIOQU\u00cdMICO - 40h<\/span><\/td>\r\n<td class=\"cvagas\">02<\/td>\r\n<td class=\"cremuneracao\">R$ 7.103,88 \/40h<\/td>\r\n<\/tr><tr>\r\n<td class=\"ccargos\">\r\n<span data-balloon-length=\"medium\" aria-label=\"Diploma de conclus\u00e3o de gradua\u00e7\u00e3o em Bioqu\u00edmica e registro no CFQ.\" data-balloon-pos=\"up\">BIOQU\u00cdMICO - 10h<\/span><\/td>\r\n<td class=\"cvagas\">01<\/td>\r\n<td class=\"cremuneracao\">R$ 2.667,97 \/10h<\/td>\r\n<\/tr><tr>\r\n<td class=\"ccargos\">\r\n<span data-balloon-length=\"medium\" aria-label=\"Diploma de conclus\u00e3o da gradua\u00e7\u00e3o em Enfermagem e comprovante de registro no COREN. (Para atingir o piso nacional da enfermagem (Lei 14.434\/2022) h\u00e1 uma complementa\u00e7\u00e3o do vencimento.)\" data-balloon-pos=\"up\">ENFERMEIRO<\/span><\/td>\r\n<td class=\"cvagas\">06<\/td>\r\n<td class=\"cremuneracao\">R$ 4.103,09 \/40h<\/td>\r\n<\/tr><tr>\r\n<td class=\"ccargos\">\r\n<span data-balloon-length=\"medium\" aria-label=\"Diploma de gradua\u00e7\u00e3o em Educa\u00e7\u00e3o F\u00edsica e comprovante de registro no CREF.\" data-balloon-pos=\"up\">EDUCADOR F\u00cdSICO<\/span><\/td>\r\n<td class=\"cvagas\">01<\/td>\r\n<td class=\"cremuneracao\">R$ 3.472,73 \/40h<\/td>\r\n<\/tr><tr>\r\n<td class=\"ccargos\">\r\n<span data-balloon-length=\"medium\" aria-label=\"Diploma de conclus\u00e3o da gradua\u00e7\u00e3o em Engenharia ou Arquitetura e Especializa\u00e7\u00e3o em Seguran\u00e7a do Trabalho e comprovante de registro no CREA.\" data-balloon-pos=\"up\">ENGENHEIRO EM SEGURAN\u00c7A DO TRABALHO<\/span><\/td>\r\n<td class=\"cvagas\">01<\/td>\r\n<td class=\"cremuneracao\">R$ 4.103,09 \/20h<\/td>\r\n<\/tr><tr>\r\n<td class=\"ccargos\">\r\n<span data-balloon-length=\"medium\" aria-label=\"Diploma de conclus\u00e3o da gradua\u00e7\u00e3o em Farm\u00e1cia e comprovante de registro no CRF.\" data-balloon-pos=\"up\">FARMAC\u00caUTICO \u2013 40h<\/span><\/td>\r\n<td class=\"cvagas\">02<\/td>\r\n<td class=\"cremuneracao\">R$ 7.103,88 \/40h<\/td>\r\n<\/tr><tr>\r\n<td class=\"ccargos\">\r\n<span data-balloon-length=\"medium\" aria-label=\"Diploma de conclus\u00e3o da gradua\u00e7\u00e3o em Farm\u00e1cia e comprovante de registro no CRF.\" data-balloon-pos=\"up\">FARMAC\u00caUTICO - 20h<\/span><\/td>\r\n<td class=\"cvagas\">01<\/td>\r\n<td class=\"cremuneracao\">R$ 4.494,50 \/20h<\/td>\r\n<\/tr><tr>\r\n<td class=\"ccargos\">\r\n<span data-balloon-length=\"medium\" aria-label=\"Diploma de conclus\u00e3o da gradua\u00e7\u00e3o em Fisioterapia e comprovante de registro no CREFITO.\" data-balloon-pos=\"up\">FISIOTERAPEUTA \u2013 30h<\/span><\/td>\r\n<td class=\"cvagas\">02<\/td>\r\n<td class=\"cremuneracao\">R$ 5.668,75 \/30h<\/td>\r\n<\/tr><tr>\r\n<td class=\"ccargos\">\r\n<span data-balloon-length=\"medium\" aria-label=\"Diploma de conclus\u00e3o da gradua\u00e7\u00e3o em Fisioterapia e comprovante de registro no CREFITO.\" data-balloon-pos=\"up\">FISIOTERAPEUTA \u2013 20h<\/span><\/td>\r\n<td class=\"cvagas\">01<\/td>\r\n<td class=\"cremuneracao\">R$ 4.494,50 \/20h<\/td>\r\n<\/tr><tr>\r\n<td class=\"ccargos\">\r\n<span data-balloon-length=\"medium\" aria-label=\"Diploma de conclus\u00e3o da gradua\u00e7\u00e3o em Fonoaudiologia e comprovante de registro no CREFONO.\" data-balloon-pos=\"up\">FONOAUDI\u00d3LOGO<\/span><\/td>\r\n<td class=\"cvagas\">01<\/td>\r\n<td class=\"cremuneracao\">R$ 5.483,76 \/30h<\/td>\r\n<\/tr><tr>\r\n<td class=\"ccargos\">\r\n<span data-balloon-length=\"medium\" aria-label=\"Diploma de conclus\u00e3o da gradua\u00e7\u00e3o em Nutri\u00e7\u00e3o e comprovante de registro no CRN.\" data-balloon-pos=\"up\">NUTRICIONISTA<\/span><\/td>\r\n<td class=\"cvagas\">01<\/td>\r\n<td class=\"cremuneracao\">R$ 4.197,95 \/40h<\/td>\r\n<\/tr><tr>\r\n<td class=\"ccargos\">\r\n<span data-balloon-length=\"medium\" aria-label=\"Diploma de conclus\u00e3o de gradua\u00e7\u00e3o em Odontologia e registro no CRO.\" data-balloon-pos=\"up\">ODONT\u00d3LOGO<\/span><\/td>\r\n<td class=\"cvagas\">01<\/td>\r\n<td class=\"cremuneracao\">R$ 7.103,88 \/40h<\/td>\r\n<\/tr><tr>\r\n<td class=\"ccargos\">\r\n<span data-balloon-length=\"medium\" aria-label=\"Diploma de conclus\u00e3o de gradua\u00e7\u00e3o em Psicologia e registro no CRP.\" data-balloon-pos=\"up\">PSIC\u00d3LOGO \u2013 40h<\/span><\/td>\r\n<td class=\"cvagas\">03<\/td>\r\n<td class=\"cremuneracao\">R$ 4.197,95 \/40h<\/td>\r\n<\/tr><tr>\r\n<td class=\"ccargos\">\r\n<span data-balloon-length=\"medium\" aria-label=\"Diploma de conclus\u00e3o de gradua\u00e7\u00e3o em Psicologia e registro no CRP.\" data-balloon-pos=\"up\">PSIC\u00d3LOGO \u2013 30h<\/span><\/td>\r\n<td class=\"cvagas\">03<\/td>\r\n<td class=\"cremuneracao\">R$ 3.261,58 \/30h<\/td>\r\n<\/tr>\r\n    <\/tbody>\r\n  <\/table>\r\n<\/div>"},"_links":{"self":[{"href":"https:\/\/www.agrobase.com.br\/concursos\/wp-json\/wp\/v2\/posts\/269035","targetHints":{"allow":["GET"]}}],"collection":[{"href":"https:\/\/www.agrobase.com.br\/concursos\/wp-json\/wp\/v2\/posts"}],"about":[{"href":"https:\/\/www.agrobase.com.br\/concursos\/wp-json\/wp\/v2\/types\/post"}],"author":[{"embeddable":true,"href":"https:\/\/www.agrobase.com.br\/concursos\/wp-json\/wp\/v2\/users\/7"}],"replies":[{"embeddable":true,"href":"https:\/\/www.agrobase.com.br\/concursos\/wp-json\/wp\/v2\/comments?post=269035"}],"version-history":[{"count":2,"href":"https:\/\/www.agrobase.com.br\/concursos\/wp-json\/wp\/v2\/posts\/269035\/revisions"}],"predecessor-version":[{"id":269039,"href":"https:\/\/www.agrobase.com.br\/concursos\/wp-json\/wp\/v2\/posts\/269035\/revisions\/269039"}],"wp:featuredmedia":[{"embeddable":true,"href":"https:\/\/www.agrobase.com.br\/concursos\/wp-json\/wp\/v2\/media\/269034"}],"wp:attachment":[{"href":"https:\/\/www.agrobase.com.br\/concursos\/wp-json\/wp\/v2\/media?parent=269035"}],"wp:term":[{"taxonomy":"category","embeddable":true,"href":"https:\/\/www.agrobase.com.br\/concursos\/wp-json\/wp\/v2\/categories?post=269035"},{"taxonomy":"post_tag","embeddable":true,"href":"https:\/\/www.agrobase.com.br\/concursos\/wp-json\/wp\/v2\/tags?post=269035"},{"taxonomy":"_amplo","embeddable":true,"href":"https:\/\/www.agrobase.com.br\/concursos\/wp-json\/wp\/v2\/_amplo?post=269035"},{"taxonomy":"destaque","embeddable":true,"href":"https:\/\/www.agrobase.com.br\/concursos\/wp-json\/wp\/v2\/destaque?post=269035"},{"taxonomy":"instituicoes","embeddable":true,"href":"https:\/\/www.agrobase.com.br\/concursos\/wp-json\/wp\/v2\/instituicoes?post=269035"}],"curies":[{"name":"wp","href":"https:\/\/api.w.org\/{rel}","templated":true}]}}