{"id":269029,"date":"2025-07-30T08:00:32","date_gmt":"2025-07-30T11:00:32","guid":{"rendered":"https:\/\/www.agrobase.com.br\/concursos\/?p=269029"},"modified":"2025-07-29T15:22:48","modified_gmt":"2025-07-29T18:22:48","slug":"prefeitura-capao-bonito-sp-concurso-02-2025","status":"publish","type":"post","link":"https:\/\/www.agrobase.com.br\/concursos\/2025\/prefeitura-capao-bonito-sp-concurso-02-2025\/","title":{"rendered":"Prefeitura Cap\u00e3o Bonito (SP) &#8211; Concurso 02\/2025 [prorrogado]"},"content":{"rendered":"<h2>Informa\u00e7\u00f5es Gerais<\/h2>\n<p>A Prefeitura Municipal de Cap\u00e3o Bonito, em S\u00e3o Paulo, publicou o edital do Concurso P\u00fablico n\u00ba 2\/2025, organizado pela Publiconsult ACP EPP. O certame visa \u00e0 forma\u00e7\u00e3o de <strong>Cadastro de Reserva (CR)<\/strong> para diversos empregos p\u00fablicos na \u00e1rea da Educa\u00e7\u00e3o, com contrata\u00e7\u00f5es regidas pela Consolida\u00e7\u00e3o das Leis de Trabalho (CLT). As oportunidades s\u00e3o exclusivamente para candidatos com <strong>n\u00edvel superior<\/strong>.<\/p>\n<p>As vagas contemplam cargos de gest\u00e3o e doc\u00eancia, como Coordenador Pedag\u00f3gico, Diretor de Escola, Supervisor de Ensino e Professor para diversas especialidades. Destaca-se a oportunidade para <strong>Professor de Educa\u00e7\u00e3o B\u00e1sica II &#8211; Ci\u00eancias F\u00edsicas e Biol\u00f3gicas<\/strong>, \u00e1rea de grande interesse para profissionais formados em Biologia e \u00e1reas correlatas.<\/p>\n<p>Este concurso representa uma excelente chance para profissionais da educa\u00e7\u00e3o que buscam uma coloca\u00e7\u00e3o no servi\u00e7o p\u00fablico municipal.<\/p>\n<h2>Inscri\u00e7\u00f5es<\/h2>\n<p>As inscri\u00e7\u00f5es para o Concurso P\u00fablico da Prefeitura de Cap\u00e3o Bonito estar\u00e3o abertas no per\u00edodo de <strong>18 de julho a <del datetime=\"2025-07-29T18:03:48+00:00\">01<\/del>12 de agosto de 2025, at\u00e9 as 21h00<\/strong>. Todo o procedimento deve ser realizado exclusivamente de forma online, atrav\u00e9s do site da banca organizadora, Publiconsult.<\/p>\n<p>Para se inscrever, o candidato dever\u00e1 acessar o portal <em>www.publiconsult.com.br<\/em>, localizar o certame, preencher o formul\u00e1rio de inscri\u00e7\u00e3o e gerar o boleto banc\u00e1rio. O pagamento da taxa de inscri\u00e7\u00e3o dever\u00e1 ser efetuado at\u00e9 o dia 12 de agosto de 2025, em qualquer ag\u00eancia banc\u00e1ria ou estabelecimento autorizado. O edital n\u00e3o informa os valores das taxas de inscri\u00e7\u00e3o nem os procedimentos para solicita\u00e7\u00e3o de isen\u00e7\u00e3o.<\/p>\n<p>Ap\u00f3s a inscri\u00e7\u00e3o, \u00e9 fundamental que o candidato acompanhe a confirma\u00e7\u00e3o (deferimento) no site da Publiconsult, na \u00e1rea do candidato. N\u00e3o ser\u00e3o aceitos pagamentos fora do prazo ou por meios diferentes do boleto banc\u00e1rio. Para garantir sua participa\u00e7\u00e3o, leia atentamente todas as instru\u00e7\u00f5es contidas no edital completo.<\/p>\n<h2>Etapas e Provas<\/h2>\n<p>O processo seletivo ser\u00e1 estruturado em duas fases principais, aplicadas a todos os cargos, com diferentes crit\u00e9rios de avalia\u00e7\u00e3o. A prepara\u00e7\u00e3o adequada para cada uma delas \u00e9 fundamental para a aprova\u00e7\u00e3o.<\/p>\n<p>As etapas do concurso s\u00e3o:<\/p>\n<ul>\n<li><strong>Prova Objetiva:<\/strong> De car\u00e1ter <em>eliminat\u00f3rio e classificat\u00f3rio<\/em>, ser\u00e1 aplicada a todos os candidatos. A prova consistir\u00e1 em 35 quest\u00f5es de m\u00faltipla escolha, com dura\u00e7\u00e3o total de 3 horas. A avalia\u00e7\u00e3o est\u00e1 prevista para o dia <del datetime=\"2025-07-29T18:03:48+00:00\">24 de agosto de 2025<\/del> <strong>14 de setembro de 2025<\/strong>. Para ser classificado, o candidato dever\u00e1 obter no m\u00ednimo 50 pontos de um total de 100. As disciplinas cobradas ser\u00e3o:\n<ul>\n<li>L\u00edngua Portuguesa e Interpreta\u00e7\u00e3o de Textos<\/li>\n<li>Legisla\u00e7\u00e3o do Ensino<\/li>\n<li>Conhecimentos Pedag\u00f3gicos<\/li>\n<li>Conhecimentos Espec\u00edficos<\/li>\n<\/ul>\n<\/li>\n<li><strong>Prova de T\u00edtulos:<\/strong> De car\u00e1ter apenas <em>classificat\u00f3rio<\/em>, esta etapa ser\u00e1 aplicada somente aos candidatos aprovados na Prova Objetiva. Ser\u00e3o pontuados t\u00edtulos de p\u00f3s-gradua\u00e7\u00e3o (Especializa\u00e7\u00e3o, Mestrado e Doutorado) relacionados \u00e0 \u00e1rea de atua\u00e7\u00e3o do cargo. Os documentos (c\u00f3pias autenticadas) dever\u00e3o ser entregues ao fiscal de sala no dia da realiza\u00e7\u00e3o da prova objetiva.<\/li>\n<\/ul>\n<h2>Resultados e Gabarito<\/h2>\n<p>A divulga\u00e7\u00e3o dos resultados ocorrer\u00e1 em etapas, seguindo o cronograma estabelecido pela banca organizadora. Ap\u00f3s a realiza\u00e7\u00e3o das provas, os candidatos dever\u00e3o acompanhar a publica\u00e7\u00e3o do gabarito e das listas de classifica\u00e7\u00e3o provis\u00f3ria no site da Publiconsult. O resultado final ser\u00e1 obtido pela soma da pontua\u00e7\u00e3o da Prova Objetiva com a pontua\u00e7\u00e3o da Prova de T\u00edtulos.<\/p>\n<p>Os crit\u00e9rios de desempate, caso ocorram, seguir\u00e3o a seguinte ordem de prioridade:<\/p>\n<ul>\n<li>Idade igual ou superior a 60 anos;<\/li>\n<li>Maior pontua\u00e7\u00e3o na Prova de T\u00edtulos;<\/li>\n<li>Maior idade (para candidatos com menos de 60 anos);<\/li>\n<li>Maior n\u00famero de filhos dependentes;<\/li>\n<li>Outros crit\u00e9rios previstos no edital, incluindo sorteio p\u00fablico se o empate persistir.<\/li>\n<\/ul>\n<p>A <strong>homologa\u00e7\u00e3o do resultado final<\/strong> ser\u00e1 publicada no site da Publiconsult, no site da Prefeitura e, de forma oficial, na Imprensa Oficial do Munic\u00edpio de Cap\u00e3o Bonito. A convoca\u00e7\u00e3o dos aprovados para a posse ocorrer\u00e1 de acordo com a necessidade da administra\u00e7\u00e3o municipal e seguir\u00e1 rigorosamente a ordem de classifica\u00e7\u00e3o. O acompanhamento das convoca\u00e7\u00f5es na Imprensa Oficial \u00e9 de responsabilidade do candidato.<\/p>\n<p>\u00c9 fundamental que o candidato acompanhe todas as publica\u00e7\u00f5es oficiais no site da banca organizadora (www.publiconsult.com.br) e nos canais de comunica\u00e7\u00e3o da Prefeitura de Cap\u00e3o Bonito, pois o acompanhamento de todas as fases do certame \u00e9 de sua exclusiva responsabilidade.<\/p>\n","protected":false},"excerpt":{"rendered":"<p>Aguardando in\u00edcio: Concurso Pref. Cap\u00e3o Bonito (SP) com vagas p\/ Coordenador, Professor (Superior). Inscri\u00e7\u00f5es a partir de 18\/07. Sal\u00e1rios at\u00e9 R$ 8.1k. Confira detalhes!<\/p>\n","protected":false},"author":7,"featured_media":269028,"comment_status":"open","ping_status":"open","sticky":false,"template":"","format":"standard","meta":{"_acf_changed":false,"_breakdance_hide_in_design_set":false,"_breakdance_tags":"","footnotes":""},"categories":[145,140,6433,141,6434,6436,111,100,20,6871,116,25,6435],"tags":[62],"_amplo":[],"destaque":[],"instituicoes":[],"class_list":["post-269029","post","type-post","status-publish","format-standard","has-post-thumbnail","hentry","category-artes-cenicas","category-artes-plasticas","category-biologia-licenciatura","category-educacao-artistica","category-educacao-fisica-licenciatura","category-fisica-licenciatura","category-geografia","category-historia","category-letras","category-letras-ingles","category-matematica","category-pedagogia","category-quimica-licenciatura","tag-sao-paulo"],"acf":{"_tipo_vagas":"vagas","_numero_vagas":"","_quadro_vagas":"","_cargos":"diversos","_cargos_especificos":"","_salario_max":"R$ 8126.62","_abertura":"20250718","_encerramento":"20250812","_inscricoes":"https:\/\/www.publiconsult.com.br","_executora_concurso":"","_instituicao_concurso":[],"_link_adicional":null,"_anexos":[{"_arquivo_anexo":269381,"_titulo_anexo":"Edital de Prorroga\u00e7\u00e3o"}],"_produtos":null,"_vagas":"CR","_salario_min":"R$ 2337.6","_instituicao":"Prefeitura de Cap\u00e3o Bonito","_edital":"https:\/\/www.agrobase.com.br\/concursos\/wp-content\/uploads\/sites\/4\/2025\/07\/edital-02-2025-prefeitura-de-capao-bonito-sp.pdf","_anexos_edital":"https:\/\/www.agrobase.com.br\/concursos\/wp-content\/uploads\/sites\/4\/2025\/07\/anexos-edital-02-2025-prefeitura-de-capao-bonito-sp.pdf","_fund_incompleto":"","_fund_completo":"","_medio":"","_superior":"<div>\r\n<table class=\"quadro\">\r\n<thead>\r\n<tr>\r\n<th class=\"hcargo\">Cargo<\/th>\r\n<th class=\"hvagas\">Vagas<\/th>\r\n<th class=\"hremuneracao\">Remunera\u00e7\u00e3o<\/th>\r\n<\/tr>\r\n<\/thead>\r\n    <tbody>\r\n      <tr>\r\n<td class=\"ccargos\">\r\n<span data-balloon-length=\"medium\" aria-label=\"M\u00ednimo de 03 (tr\u00eas) anos de exerc\u00edcio na doc\u00eancia, efetivamente prestado no Magist\u00e9rio oficial, desde que exercido em escola devidamente autorizada e reconhecida; e Diploma de Licenciatura Plena em Pedagogia.\" data-balloon-pos=\"up\">Coordenador Pedag\u00f3gico<\/span><\/td>\r\n<td class=\"cvagas\">CR<\/td>\r\n<td class=\"cremuneracao\">R$ 6.064,22 \/40h<\/td>\r\n<\/tr><tr>\r\n<td class=\"ccargos\">\r\n<span data-balloon-length=\"medium\" aria-label=\"Ter no m\u00ednimo de 05 (cinco) anos de exerc\u00edcio na doc\u00eancia, efetivamente prestada no Magist\u00e9rio oficial, desde que exercido em escola devidamente autorizada e reconhecida; e N\u00edvel Superior em curso de Gradua\u00e7\u00e3o em Pedagogia Plena com habilita\u00e7\u00e3o em Gest\u00e3o Escolar ou Administra\u00e7\u00e3o Escolar; ou P\u00f3s-gradua\u00e7\u00e3o Stricto Sensu em Gest\u00e3o Escolar ou Administra\u00e7\u00e3o Escolar devidamente reconhecido pelo MEC.\" data-balloon-pos=\"up\">Diretor de Escola<\/span><\/td>\r\n<td class=\"cvagas\">CR<\/td>\r\n<td class=\"cremuneracao\">R$ 7.739,62 \/40h<\/td>\r\n<\/tr><tr>\r\n<td class=\"ccargos\">\r\n<span data-balloon-length=\"medium\" aria-label=\"Curso Normal, oferecido em n\u00edvel m\u00e9dio ou Superior com Habilita\u00e7\u00e3o em Magist\u00e9rio; ou Licenciatura em Pedagogia com Habilita\u00e7\u00e3o em Magist\u00e9rio; ou Programa Especial de Forma\u00e7\u00e3o Pedag\u00f3gica Superior, qualquer que seja a nomenclatura do curso, com habilita\u00e7\u00e3o em Magist\u00e9rio.\" data-balloon-pos=\"up\">Professor de Educa\u00e7\u00e3o B\u00e1sica I<\/span><\/td>\r\n<td class=\"cvagas\">CR<\/td>\r\n<td class=\"cremuneracao\">R$ 3.896,00 \/40h<\/td>\r\n<\/tr><tr>\r\n<td class=\"ccargos\">\r\n<span data-balloon-length=\"medium\" aria-label=\"Ser portador de diploma de Licenciatura Plena em Educa\u00e7\u00e3o Art\u00edstica, ou ser portador de diploma de Licenciatura Plena em Arte em qualquer das linguagens: Artes Visuais, Artes Pl\u00e1sticas, Design, M\u00fasica, Teatro, Artes C\u00eanicas e Dan\u00e7a, ou ser portador de diploma de Licenciatura Plena em Educa\u00e7\u00e3o Musical.\" data-balloon-pos=\"up\">Professor de Educa\u00e7\u00e3o B\u00e1sica II - Artes<\/span><\/td>\r\n<td class=\"cvagas\">CR<\/td>\r\n<td class=\"cremuneracao\">R$ 2.337,60 \/24h<\/td>\r\n<\/tr><tr>\r\n<td class=\"ccargos\">\r\n<span data-balloon-length=\"medium\" aria-label=\"Ser portador de diploma de Licenciatura Plena em Biologia ou Ci\u00eancias F\u00edsicas e Biol\u00f3gicas, ou Ci\u00eancias Biol\u00f3gicas, ou Hist\u00f3ria Natural, ou Ci\u00eancias da Natureza; ou ser portador de diploma de Licenciatura Plena em Ci\u00eancias, com habilita\u00e7\u00e3o em Biologia, ou em Qu\u00edmica, ou em Matem\u00e1tica ou em F\u00edsica.\" data-balloon-pos=\"up\">Professor de Educa\u00e7\u00e3o B\u00e1sica II - Ci\u00eancias F\u00edsicas e Biol\u00f3gicas<\/span><\/td>\r\n<td class=\"cvagas\">CR<\/td>\r\n<td class=\"cremuneracao\">R$ 2.337,60 \/24h<\/td>\r\n<\/tr><tr>\r\n<td class=\"ccargos\">\r\n<span data-balloon-length=\"medium\" aria-label=\"Diploma de Licenciatura Plena em Educa\u00e7\u00e3o F\u00edsica e comprovar credenciamento no Conselho Regional de Educa\u00e7\u00e3o F\u00edsica - CREF.\" data-balloon-pos=\"up\">Professor de Educa\u00e7\u00e3o B\u00e1sica II - Educa\u00e7\u00e3o F\u00edsica<\/span><\/td>\r\n<td class=\"cvagas\">CR<\/td>\r\n<td class=\"cremuneracao\">R$ 2.337,60 \/24h<\/td>\r\n<\/tr><tr>\r\n<td class=\"ccargos\">\r\n<span data-balloon-length=\"medium\" aria-label=\"Ser portador de diploma de Licenciatura Plena em Geografia; ou ser portador de diploma de Licenciatura Plena em Estudos Sociais ou Ci\u00eancias Sociais com habilita\u00e7\u00e3o em Geografia.\" data-balloon-pos=\"up\">Professor de Educa\u00e7\u00e3o B\u00e1sica II - Geografia<\/span><\/td>\r\n<td class=\"cvagas\">CR<\/td>\r\n<td class=\"cremuneracao\">R$ 2.337,60 \/24h<\/td>\r\n<\/tr><tr>\r\n<td class=\"ccargos\">\r\n<span data-balloon-length=\"medium\" aria-label=\"Ser portador de diploma de Licenciatura Plena em Hist\u00f3ria; ou ser portador de diploma de Licenciatura Plena em Estudos Sociais ou Ci\u00eancias Sociais com habilita\u00e7\u00e3o em Hist\u00f3ria.\" data-balloon-pos=\"up\">Professor de Educa\u00e7\u00e3o B\u00e1sica II - Hist\u00f3ria<\/span><\/td>\r\n<td class=\"cvagas\">CR<\/td>\r\n<td class=\"cremuneracao\">R$ 2.337,60 \/24h<\/td>\r\n<\/tr><tr>\r\n<td class=\"ccargos\">\r\n<span data-balloon-length=\"medium\" aria-label=\"Ser portador de diploma de Licenciatura em Letras com habilita\u00e7\u00e3o em Ingl\u00eas.\" data-balloon-pos=\"up\">Professor de Educa\u00e7\u00e3o B\u00e1sica II - L\u00edngua Inglesa<\/span><\/td>\r\n<td class=\"cvagas\">CR<\/td>\r\n<td class=\"cremuneracao\">R$ 2.337,60 \/24h<\/td>\r\n<\/tr><tr>\r\n<td class=\"ccargos\">\r\n<span data-balloon-length=\"medium\" aria-label=\"Ser portador de diploma de Licenciatura Plena em Letras com habilita\u00e7\u00e3o em L\u00edngua Portuguesa.\" data-balloon-pos=\"up\">Professor de Educa\u00e7\u00e3o B\u00e1sica II - L\u00edngua Portuguesa<\/span><\/td>\r\n<td class=\"cvagas\">CR<\/td>\r\n<td class=\"cremuneracao\">R$ 2.337,60 \/24h<\/td>\r\n<\/tr><tr>\r\n<td class=\"ccargos\">\r\n<span data-balloon-length=\"medium\" aria-label=\"Ser portador de diploma de Licenciatura Plena em Matem\u00e1tica; ou ser portador de diploma de Licenciatura Plena em Ci\u00eancias (ou Ci\u00eancias Exatas), com habilita\u00e7\u00e3o em Matem\u00e1tica.\" data-balloon-pos=\"up\">Professor de Educa\u00e7\u00e3o B\u00e1sica II - Matem\u00e1tica<\/span><\/td>\r\n<td class=\"cvagas\">CR<\/td>\r\n<td class=\"cremuneracao\">R$ 2.337,60 \/24h<\/td>\r\n<\/tr><tr>\r\n<td class=\"ccargos\">\r\n<span data-balloon-length=\"medium\" aria-label=\"Curso Normal, oferecido em n\u00edvel m\u00e9dio ou Superior com Habilita\u00e7\u00e3o em Magist\u00e9rio; ou Licenciatura em Pedagogia com Habilita\u00e7\u00e3o em Magist\u00e9rio; ou Programa Especial de Forma\u00e7\u00e3o Pedag\u00f3gica Superior, qualquer que seja a nomenclatura do curso, com Habilita\u00e7\u00e3o em Magist\u00e9rio.\" data-balloon-pos=\"up\">Professor de Educa\u00e7\u00e3o Infantil<\/span><\/td>\r\n<td class=\"cvagas\">CR<\/td>\r\n<td class=\"cremuneracao\">R$ 3.701,20 \/38h<\/td>\r\n<\/tr><tr>\r\n<td class=\"ccargos\">\r\n<span data-balloon-length=\"medium\" aria-label=\"Licenciatura em Educa\u00e7\u00e3o Especial (Parecer CEE 65\/2015); Licenciatura em Educa\u00e7\u00e3o Especial e Inclusiva; Licenciatura em Pedagogia com P\u00f3s-Gradua\u00e7\u00e3o lato sensu em educa\u00e7\u00e3o especial, educa\u00e7\u00e3o inclusiva, \u00e1reas das defici\u00eancias (intelectual, f\u00edsica, transtorno do espectro autista); Licenciatura nos componentes curriculares com P\u00f3s-Gradua\u00e7\u00e3o lato sensu em educa\u00e7\u00e3o especial, educa\u00e7\u00e3o inclusiva, \u00e1reas das defici\u00eancias (intelectual, f\u00edsica, transtorno do espectro autista); Mestrado ou Doutorado na \u00e1rea de especialidade, com pr\u00e9via forma\u00e7\u00e3o docente em qualquer \u00e1rea de forma\u00e7\u00e3o; Especializa\u00e7\u00e3o realizada nos termos das Delibera\u00e7\u00f5es CEE 112\/2012 e 197\/2021, com pr\u00e9via Forma\u00e7\u00e3o docente em qualquer licenciatura; Especializa\u00e7\u00e3o autorizada pelo MEC, CNE ou outros Conselhos Estaduais ou Distrital de Educa\u00e7\u00e3o, com pr\u00e9via forma\u00e7\u00e3o docente em qualquer licenciatura.\" data-balloon-pos=\"up\">Professor de Educa\u00e7\u00e3o B\u00e1sica II AEE - Atendimento Educacional Especializado<\/span><\/td>\r\n<td class=\"cvagas\">CR<\/td>\r\n<td class=\"cremuneracao\">R$ 2.337,60 \/24h<\/td>\r\n<\/tr><tr>\r\n<td class=\"ccargos\">\r\n<span data-balloon-length=\"medium\" aria-label=\"M\u00ednimo de 08 (oito) anos de exerc\u00edcio na doc\u00eancia, efetivamente prestado no Magist\u00e9rio oficial, desde que exercido em escola devidamente autorizada e reconhecida; N\u00edvel Superior em curso de Gradua\u00e7\u00e3o em Pedagogia Plena com habilita\u00e7\u00e3o em Gest\u00e3o Escolar ou Administra\u00e7\u00e3o Escolar ou Supervis\u00e3o Escolar; ou P\u00f3s-gradua\u00e7\u00e3o Stricto Sensu em Gest\u00e3o Escolar ou Administra\u00e7\u00e3o Escolar ou Supervis\u00e3o Escolar, devidamente reconhecido pelo MEC.\" data-balloon-pos=\"up\">Supervisor de Ensino<\/span><\/td>\r\n<td class=\"cvagas\">CR<\/td>\r\n<td class=\"cremuneracao\">R$ 8.126,62 \/40h<\/td>\r\n<\/tr>\r\n    <\/tbody>\r\n  <\/table>\r\n<\/div>"},"_links":{"self":[{"href":"https:\/\/www.agrobase.com.br\/concursos\/wp-json\/wp\/v2\/posts\/269029","targetHints":{"allow":["GET"]}}],"collection":[{"href":"https:\/\/www.agrobase.com.br\/concursos\/wp-json\/wp\/v2\/posts"}],"about":[{"href":"https:\/\/www.agrobase.com.br\/concursos\/wp-json\/wp\/v2\/types\/post"}],"author":[{"embeddable":true,"href":"https:\/\/www.agrobase.com.br\/concursos\/wp-json\/wp\/v2\/users\/7"}],"replies":[{"embeddable":true,"href":"https:\/\/www.agrobase.com.br\/concursos\/wp-json\/wp\/v2\/comments?post=269029"}],"version-history":[{"count":5,"href":"https:\/\/www.agrobase.com.br\/concursos\/wp-json\/wp\/v2\/posts\/269029\/revisions"}],"predecessor-version":[{"id":269383,"href":"https:\/\/www.agrobase.com.br\/concursos\/wp-json\/wp\/v2\/posts\/269029\/revisions\/269383"}],"wp:featuredmedia":[{"embeddable":true,"href":"https:\/\/www.agrobase.com.br\/concursos\/wp-json\/wp\/v2\/media\/269028"}],"wp:attachment":[{"href":"https:\/\/www.agrobase.com.br\/concursos\/wp-json\/wp\/v2\/media?parent=269029"}],"wp:term":[{"taxonomy":"category","embeddable":true,"href":"https:\/\/www.agrobase.com.br\/concursos\/wp-json\/wp\/v2\/categories?post=269029"},{"taxonomy":"post_tag","embeddable":true,"href":"https:\/\/www.agrobase.com.br\/concursos\/wp-json\/wp\/v2\/tags?post=269029"},{"taxonomy":"_amplo","embeddable":true,"href":"https:\/\/www.agrobase.com.br\/concursos\/wp-json\/wp\/v2\/_amplo?post=269029"},{"taxonomy":"destaque","embeddable":true,"href":"https:\/\/www.agrobase.com.br\/concursos\/wp-json\/wp\/v2\/destaque?post=269029"},{"taxonomy":"instituicoes","embeddable":true,"href":"https:\/\/www.agrobase.com.br\/concursos\/wp-json\/wp\/v2\/instituicoes?post=269029"}],"curies":[{"name":"wp","href":"https:\/\/api.w.org\/{rel}","templated":true}]}}