{"id":269023,"date":"2025-07-30T08:10:34","date_gmt":"2025-07-30T11:10:34","guid":{"rendered":"https:\/\/www.agrobase.com.br\/concursos\/?p=269023"},"modified":"2025-07-29T15:33:47","modified_gmt":"2025-07-29T18:33:47","slug":"prefeitura-capao-bonito-sp-concurso-01-2025","status":"publish","type":"post","link":"https:\/\/www.agrobase.com.br\/concursos\/2025\/prefeitura-capao-bonito-sp-concurso-01-2025\/","title":{"rendered":"Prefeitura Cap\u00e3o Bonito (SP) &#8211; Concurso 01\/2025"},"content":{"rendered":"<h2>Informa\u00e7\u00f5es Gerais<\/h2>\n<p>A Prefeitura Municipal de Cap\u00e3o Bonito, em S\u00e3o Paulo, publicou o edital n\u00ba 1\/2025 de seu novo concurso p\u00fablico. O certame, organizado pela Publiconsult, visa ao provimento de vagas efetivas e \u00e0 forma\u00e7\u00e3o de cadastro de reserva para diversos empregos p\u00fablicos. As contrata\u00e7\u00f5es ser\u00e3o regidas pela Consolida\u00e7\u00e3o das Leis de Trabalho (CLT).<\/p>\n<p>O concurso contempla oportunidades para candidatos de n\u00edveis fundamental, m\u00e9dio, t\u00e9cnico e superior, abrangendo \u00e1reas como administrativa, jur\u00eddica, de servi\u00e7os gerais, engenharia e sa\u00fade. <strong>Destacam-se as vagas para os cargos de Engenheiro Agr\u00f4nomo, Auxiliar de Veterin\u00e1rio, Biologista e Nutricionista.<\/strong><\/p>\n<p>Este guia detalha as principais informa\u00e7\u00f5es sobre o processo de inscri\u00e7\u00e3o, as etapas de avalia\u00e7\u00e3o e o cronograma de resultados para ajudar voc\u00ea a se preparar.<\/p>\n<h2>Inscri\u00e7\u00f5es<\/h2>\n<p>As inscri\u00e7\u00f5es para o concurso da Prefeitura de Cap\u00e3o Bonito estar\u00e3o abertas no per\u00edodo de <strong>18 de julho de 2025 a <del datetime=\"2025-07-29T18:23:55+00:00\">01<\/del>12 de agosto de 2025, encerrando-se \u00e0s 21h00<\/strong> do \u00faltimo dia. O procedimento deve ser realizado exclusivamente de forma online, atrav\u00e9s do site da banca organizadora, Publiconsult.<\/p>\n<p>Para se inscrever, o candidato deve acessar o portal <em>www.publiconsult.com.br<\/em>, localizar o Concurso P\u00fablico n\u00ba 1\/2025 da Prefeitura de Cap\u00e3o Bonito, preencher o formul\u00e1rio de inscri\u00e7\u00e3o e gerar o boleto banc\u00e1rio. O pagamento da taxa de inscri\u00e7\u00e3o dever\u00e1 ser efetuado at\u00e9 o dia 12 de agosto de 2025, em qualquer ag\u00eancia banc\u00e1ria ou estabelecimento autorizado. A confirma\u00e7\u00e3o da inscri\u00e7\u00e3o est\u00e1 condicionada \u00e0 compensa\u00e7\u00e3o do pagamento.<\/p>\n<p>Ap\u00f3s o encerramento do prazo, ser\u00e1 divulgado o Edital de Deferimento de Inscri\u00e7\u00f5es. \u00c9 responsabilidade do candidato acompanhar a confirma\u00e7\u00e3o de sua inscri\u00e7\u00e3o no site da organizadora. N\u00e3o haver\u00e1 devolu\u00e7\u00e3o do valor da taxa em nenhuma hip\u00f3tese.<\/p>\n<h2>Etapas e Provas<\/h2>\n<p>O processo seletivo do concurso da Prefeitura de Cap\u00e3o Bonito ser\u00e1 composto por uma \u00fanica fase para todos os empregos p\u00fablicos:<\/p>\n<ul>\n<li><strong>Prova Objetiva:<\/strong> de car\u00e1ter eliminat\u00f3rio e classificat\u00f3rio, com dura\u00e7\u00e3o total de 3 horas. A prova ser\u00e1 composta por 35 quest\u00f5es de m\u00faltipla escolha, valendo um total de 100 pontos. Para ser considerado classificado, o candidato dever\u00e1 obter uma pontua\u00e7\u00e3o m\u00ednima de 50 pontos.<\/li>\n<\/ul>\n<p>A estrutura da prova varia conforme o cargo pretendido, com as disciplinas distribu\u00eddas da seguinte forma:<\/p>\n<ul>\n<li><strong>Para cargos de n\u00edvel superior da \u00e1rea da Sa\u00fade, Assist\u00eancia Social e Educa\u00e7\u00e3o:<\/strong> L\u00edngua Portuguesa, Matem\u00e1tica e Racioc\u00ednio L\u00f3gico, Conhecimentos Gerais e Atualidades, Legisla\u00e7\u00e3o de Sa\u00fade P\u00fablica e Conhecimentos Espec\u00edficos.<\/li>\n<li><strong>Para cargos de n\u00edvel m\u00e9dio, t\u00e9cnico e superior das \u00e1reas Administrativa e de Engenharia:<\/strong> L\u00edngua Portuguesa, Matem\u00e1tica e Racioc\u00ednio L\u00f3gico, Conhecimentos Gerais e Atualidades, No\u00e7\u00f5es de Inform\u00e1tica e Conhecimentos Espec\u00edficos.<\/li>\n<li><strong>Para o cargo de Auxiliar de Veterin\u00e1rio:<\/strong> L\u00edngua Portuguesa, Matem\u00e1tica e Racioc\u00ednio L\u00f3gico, Conhecimentos Gerais e Atualidades, Legisla\u00e7\u00e3o de \u00c1rea Veterin\u00e1ria e Conhecimentos Espec\u00edficos.<\/li>\n<li><strong>Para cargos de n\u00edvel fundamental:<\/strong> L\u00edngua Portuguesa, Matem\u00e1tica e Racioc\u00ednio L\u00f3gico, Conhecimentos Gerais e Atualidades e Conhecimentos Espec\u00edficos.<\/li>\n<\/ul>\n<p>A aplica\u00e7\u00e3o da prova est\u00e1 prevista para o dia <del datetime=\"2025-07-29T18:23:55+00:00\">24 de agosto de 2025<\/del> <strong>14 de setembro de 2025<\/strong>, no munic\u00edpio de Cap\u00e3o Bonito\/SP. Para informa\u00e7\u00f5es detalhadas sobre o conte\u00fado program\u00e1tico, crit\u00e9rios de avalia\u00e7\u00e3o e cronograma completo, consulte o edital oficial.<\/p>\n<h2>Resultados e Gabarito<\/h2>\n<p>A divulga\u00e7\u00e3o dos resultados do concurso ser\u00e1 realizada em etapas, com a publica\u00e7\u00e3o do Edital de Classifica\u00e7\u00e3o Provis\u00f3ria e, posteriormente, do Edital de Classifica\u00e7\u00e3o Final. Ambos ser\u00e3o disponibilizados nos sites da Publiconsult (www.publiconsult.com.br) e da Prefeitura de Cap\u00e3o Bonito. A homologa\u00e7\u00e3o do resultado final ser\u00e1 publicada tamb\u00e9m na Imprensa Oficial do Munic\u00edpio.<\/p>\n<p>Em caso de empate na pontua\u00e7\u00e3o final, os crit\u00e9rios de desempate seguir\u00e3o a seguinte ordem de prefer\u00eancia:<\/p>\n<ul>\n<li>Candidato com idade igual ou superior a 60 anos;<\/li>\n<li>Candidato com maior idade (entre os com menos de 60 anos);<\/li>\n<li>Maior n\u00famero de filhos dependentes;<\/li>\n<li>Casado;<\/li>\n<li>Vi\u00favo;<\/li>\n<li>Separado judicialmente;<\/li>\n<li>Quem tiver exercido a fun\u00e7\u00e3o de jurado;<\/li>\n<li>Sorteio p\u00fablico.<\/li>\n<\/ul>\n<p>A convoca\u00e7\u00e3o dos candidatos aprovados ocorrer\u00e1 de acordo com a necessidade da administra\u00e7\u00e3o municipal e seguir\u00e1 rigorosamente a ordem de classifica\u00e7\u00e3o. O acompanhamento das convoca\u00e7\u00f5es dever\u00e1 ser feito por meio da Imprensa Oficial do Munic\u00edpio de Cap\u00e3o Bonito, sendo esta a forma oficial de comunica\u00e7\u00e3o.<\/p>\n<p>\u00c9 de responsabilidade exclusiva do candidato acompanhar todas as publica\u00e7\u00f5es, editais e comunicados referentes ao concurso nos canais oficiais informados, como o site da banca organizadora e o Di\u00e1rio Oficial do munic\u00edpio.<\/p>\n","protected":false},"excerpt":{"rendered":"<p>Aguardando in\u00edcio: Concurso Pref. Cap\u00e3o Bonito (SP) com edital publicado! Vagas p\/ M\u00e9dico, Advogado (Fund. a Sup.). Inscri\u00e7\u00f5es a partir de 18\/07. Confira detalhes!<\/p>\n","protected":false},"author":7,"featured_media":269022,"comment_status":"open","ping_status":"open","sticky":false,"template":"","format":"standard","meta":{"_acf_changed":false,"_breakdance_hide_in_design_set":false,"_breakdance_tags":"","footnotes":""},"categories":[4,5,94,6,9,10,11,12,14,103,152,17,18,19,21,23,24,25,26,101,30,108,143,134],"tags":[62],"_amplo":[],"destaque":[],"instituicoes":[],"class_list":["post-269023","post","type-post","status-publish","format-standard","has-post-thumbnail","hentry","category-agronomia","category-arquitetura","category-biblioteconomia","category-biologia","category-ciencias-contabeis","category-direito","category-educacao-fisica","category-enfermagem","category-engenharia","category-engenharia-eletrica","category-engenharia-seguranca-trabalho","category-farmacia","category-fisioterapia","category-fonoaudiologia","category-medicina","category-nutricao","category-odontologia","category-pedagogia","category-psicologia","category-servico-social","category-tecnico-agropecuaria","category-tecnico-enfermagem","category-tecnico-odontologia","category-terapia-ocupacional","tag-sao-paulo"],"acf":{"_tipo_vagas":"vagas","_numero_vagas":"","_quadro_vagas":"","_cargos":"diversos","_cargos_especificos":"","_salario_max":"R$ 17362.37","_abertura":"20250718","_encerramento":"20250801","_inscricoes":"https:\/\/www.publiconsult.com.br","_executora_concurso":"","_instituicao_concurso":[],"_link_adicional":null,"_anexos":[{"_arquivo_anexo":269386,"_titulo_anexo":"Edital com altera\u00e7\u00f5es"}],"_produtos":null,"_vagas":"CR","_salario_min":"R$ 1571.47","_instituicao":"Prefeitura de Cap\u00e3o Bonito","_edital":"https:\/\/www.agrobase.com.br\/concursos\/wp-content\/uploads\/sites\/4\/2025\/07\/edital-01-2025-prefeitura-de-capao-bonito-sp.pdf","_anexos_edital":"https:\/\/www.agrobase.com.br\/concursos\/wp-content\/uploads\/sites\/4\/2025\/07\/anexos-edital-01-2025-prefeitura-de-capao-bonito-sp.pdf","_fund_incompleto":"","_fund_completo":"<div>\r\n<table class=\"quadro\">\r\n<thead>\r\n<tr>\r\n<th class=\"hcargo\">Cargo<\/th>\r\n<th class=\"hvagas\">Vagas<\/th>\r\n<th class=\"hremuneracao\">Remunera\u00e7\u00e3o<\/th>\r\n<\/tr>\r\n<\/thead>\r\n    <tbody>\r\n      <td class=\"ccargos\">\r\n<span data-balloon-length=\"medium\" aria-label=\"Ensino Fundamental Completo.\" data-balloon-pos=\"up\">Auxiliar de Servi\u00e7os Diversos<\/span><\/td>\r\n<td class=\"cvagas\">CR<\/td>\r\n<td class=\"cremuneracao\">R$ 1.571,47 \/40h<\/td>\r\n<\/tr><td class=\"ccargos\">\r\n<span data-balloon-length=\"medium\" aria-label=\"Ensino Fundamental Completo.\" data-balloon-pos=\"up\">Copeira<\/span><\/td>\r\n<td class=\"cvagas\">CR<\/td>\r\n<td class=\"cremuneracao\">R$ 1.571,47 \/40h<\/td>\r\n<\/tr><td class=\"ccargos\">\r\n<span data-balloon-length=\"medium\" aria-label=\"Ensino Fundamental Completo e Carteira Nacional de Habilita\u00e7\u00e3o.\" data-balloon-pos=\"up\">Lavador de Autos e Caminh\u00f5es<\/span><\/td>\r\n<td class=\"cvagas\">CR<\/td>\r\n<td class=\"cremuneracao\">R$ 1.571,47 \/40h<\/td>\r\n<\/tr><td class=\"ccargos\">\r\n<span data-balloon-length=\"medium\" aria-label=\"Ensino Fundamental Completo.\" data-balloon-pos=\"up\">Visitador Social<\/span><\/td>\r\n<td class=\"cvagas\">CR<\/td>\r\n<td class=\"cremuneracao\">R$ 1.571,47 \/40h<\/td>\r\n<\/tr>\r\n    <\/tbody>\r\n  <\/table>\r\n<\/div>","_medio":"<div>\r\n<table class=\"quadro\">\r\n<thead>\r\n<tr>\r\n<th class=\"hcargo\">Cargo<\/th>\r\n<th class=\"hvagas\">Vagas<\/th>\r\n<th class=\"hremuneracao\">Remunera\u00e7\u00e3o<\/th>\r\n<\/tr>\r\n<\/thead>\r\n    <tbody>\r\n      <td class=\"ccargos\">\r\n<span data-balloon-length=\"medium\" aria-label=\"Ensino M\u00e9dio Completo.\" data-balloon-pos=\"up\">Agente Sanit\u00e1rio<\/span><\/td>\r\n<td class=\"cvagas\">CR<\/td>\r\n<td class=\"cremuneracao\">R$ 2.417,53 \/40h<\/td>\r\n<\/tr><td class=\"ccargos\">\r\n<span data-balloon-length=\"medium\" aria-label=\"Ensino M\u00e9dio Completo conhecimentos b\u00e1sicos de inform\u00e1tica (sistema operacional e pacote de escrit\u00f3rio).\" data-balloon-pos=\"up\">Almoxarife<\/span><\/td>\r\n<td class=\"cvagas\">CR<\/td>\r\n<td class=\"cremuneracao\">R$ 1.571,47 \/40h<\/td>\r\n<\/tr><td class=\"ccargos\">\r\n<span data-balloon-length=\"medium\" aria-label=\"Ensino M\u00e9dio Completo, no\u00e7\u00f5es b\u00e1sicas em inform\u00e1tica.\" data-balloon-pos=\"up\">Atendente<\/span><\/td>\r\n<td class=\"cvagas\">CR<\/td>\r\n<td class=\"cremuneracao\">R$ 1.571,47 \/40h<\/td>\r\n<\/tr><td class=\"ccargos\">\r\n<span data-balloon-length=\"medium\" aria-label=\"Ensino M\u00e9dio e curso profissionalizante de Auxiliar em Sa\u00fade Bucal e Registro no Conselho Regional de Odontologia.\" data-balloon-pos=\"up\">Auxiliar em Sa\u00fade Bucal<\/span><\/td>\r\n<td class=\"cvagas\">CR<\/td>\r\n<td class=\"cremuneracao\">R$ 1.571,47 \/40h<\/td>\r\n<\/tr><td class=\"ccargos\">\r\n<span data-balloon-length=\"medium\" aria-label=\"Ensino m\u00e9dio completo, certificado de cursos ou forma\u00e7\u00e3o t\u00e9cnica em veterin\u00e1ria.\" data-balloon-pos=\"up\">Auxiliar de Veterin\u00e1rio<\/span><\/td>\r\n<td class=\"cvagas\">CR<\/td>\r\n<td class=\"cremuneracao\">R$ 1.571,47 \/40h<\/td>\r\n<\/tr><td class=\"ccargos\">\r\n<span data-balloon-length=\"medium\" aria-label=\"Ensino M\u00e9dio Completo.\" data-balloon-pos=\"up\">Balconista de Farm\u00e1cia<\/span><\/td>\r\n<td class=\"cvagas\">CR<\/td>\r\n<td class=\"cremuneracao\">R$ 1.571,47 \/40h<\/td>\r\n<\/tr><td class=\"ccargos\">\r\n<span data-balloon-length=\"medium\" aria-label=\"N\u00edvel M\u00e9dio Completo.\" data-balloon-pos=\"up\">Cuidador Social<\/span><\/td>\r\n<td class=\"cvagas\">CR<\/td>\r\n<td class=\"cremuneracao\">R$ 1.785,57 \/40h<\/td>\r\n<\/tr><td class=\"ccargos\">\r\n<span data-balloon-length=\"medium\" aria-label=\"Ensino M\u00e9dio Completo conhecimentos b\u00e1sicos de inform\u00e1tica (sistema operacional e pacote de escrit\u00f3rio).\" data-balloon-pos=\"up\">Digitador<\/span><\/td>\r\n<td class=\"cvagas\">CR<\/td>\r\n<td class=\"cremuneracao\">R$ 1.571,47 \/30h<\/td>\r\n<\/tr><td class=\"ccargos\">\r\n<span data-balloon-length=\"medium\" aria-label=\"Ensino M\u00e9dio Completo e conhecimentos em inform\u00e1tica.\" data-balloon-pos=\"up\">Entrevistador do Cad\u00danico<\/span><\/td>\r\n<td class=\"cvagas\">CR<\/td>\r\n<td class=\"cremuneracao\">R$ 2.332,16 \/40h<\/td>\r\n<\/tr><td class=\"ccargos\">\r\n<span data-balloon-length=\"medium\" aria-label=\"Ensino M\u00e9dio Completo conhecimentos b\u00e1sicos de inform\u00e1tica (sistema operacional e pacote de escrit\u00f3rio).\" data-balloon-pos=\"up\">Escritur\u00e1rio<\/span><\/td>\r\n<td class=\"cvagas\">CR<\/td>\r\n<td class=\"cremuneracao\">R$ 1.571,47 \/40h<\/td>\r\n<\/tr><td class=\"ccargos\">\r\n<span data-balloon-length=\"medium\" aria-label=\"Ensino M\u00e9dio Completo, conhecimentos b\u00e1sicos de Inform\u00e1tica (aplicativos de texto, planilhas, sistema operacional Windows) e CNH categoria A e B ou superior.\" data-balloon-pos=\"up\">Fiscal<\/span><\/td>\r\n<td class=\"cvagas\">CR<\/td>\r\n<td class=\"cremuneracao\">R$ 1.740,30 \/40h<\/td>\r\n<\/tr><td class=\"ccargos\">\r\n<span data-balloon-length=\"medium\" aria-label=\"Ensino M\u00e9dio Completo, conhecimentos b\u00e1sicos de Inform\u00e1tica (aplicativos de texto, planilhas, sistema operacional Windows) e CNH categoria A e B ou superior.\" data-balloon-pos=\"up\">Fiscal de Obras<\/span><\/td>\r\n<td class=\"cvagas\">CR<\/td>\r\n<td class=\"cremuneracao\">R$ 1.740,30 \/40h<\/td>\r\n<\/tr><td class=\"ccargos\">\r\n<span data-balloon-length=\"medium\" aria-label=\"Ensino M\u00e9dio Completo, conhecimentos b\u00e1sicos de Inform\u00e1tica (aplicativos de texto, planilhas, sistema operacional Windows) e CNH categoria A e B ou superior.\" data-balloon-pos=\"up\">Fiscal de Tributos<\/span><\/td>\r\n<td class=\"cvagas\">CR<\/td>\r\n<td class=\"cremuneracao\">R$ 1.740,30 \/40h<\/td>\r\n<\/tr><td class=\"ccargos\">\r\n<span data-balloon-length=\"medium\" aria-label=\"Ensino M\u00e9dio Completo.\" data-balloon-pos=\"up\">Monitor<\/span><\/td>\r\n<td class=\"cvagas\">CR<\/td>\r\n<td class=\"cremuneracao\">R$ 2.132,42 \/40h<\/td>\r\n<\/tr><td class=\"ccargos\">\r\n<span data-balloon-length=\"medium\" aria-label=\"Ensino M\u00e9dio Completo e conhecimento intermedi\u00e1rio em inform\u00e1tica (sistema operacional, software editor de textos e planilhas).\" data-balloon-pos=\"up\">Oficial Administrativo<\/span><\/td>\r\n<td class=\"cvagas\">CR<\/td>\r\n<td class=\"cremuneracao\">R$ 1.740,30 \/40h<\/td>\r\n<\/tr><td class=\"ccargos\">\r\n<span data-balloon-length=\"medium\" aria-label=\"Ensino M\u00e9dio Completo e conhecimento intermedi\u00e1rio em inform\u00e1tica (sistema operacional, software editor de textos e planilhas).\" data-balloon-pos=\"up\">Secret\u00e1rio de Escola<\/span><\/td>\r\n<td class=\"cvagas\">CR<\/td>\r\n<td class=\"cremuneracao\">R$ 3.299,62 \/40h<\/td>\r\n<\/tr><td class=\"ccargos\">\r\n<span data-balloon-length=\"medium\" aria-label=\"Curso T\u00e9cnico em Agropecu\u00e1ria e Registro no CFTA.\" data-balloon-pos=\"up\">T\u00e9cnico Agropecu\u00e1rio<\/span><\/td>\r\n<td class=\"cvagas\">CR<\/td>\r\n<td class=\"cremuneracao\">R$ 3.007,24 \/40h<\/td>\r\n<\/tr><td class=\"ccargos\">\r\n<span data-balloon-length=\"medium\" aria-label=\"Curso T\u00e9cnico em Enfermagem e Registro no COREN.\" data-balloon-pos=\"up\">T\u00e9cnico de Enfermagem<\/span><\/td>\r\n<td class=\"cvagas\">CR<\/td>\r\n<td class=\"cremuneracao\">R$ 2.506,03 \/40h<\/td>\r\n<\/tr><td class=\"ccargos\">\r\n<span data-balloon-length=\"medium\" aria-label=\"Curso Profissionalizante de T\u00e9cnico de Enfermagem e especializa\u00e7\u00e3o T\u00e9cnica em Enfermagem do Trabalho.\" data-balloon-pos=\"up\">T\u00e9cnico de Enfermagem do Trabalho<\/span><\/td>\r\n<td class=\"cvagas\">CR<\/td>\r\n<td class=\"cremuneracao\">R$ 3.007,24 \/40h<\/td>\r\n<\/tr><td class=\"ccargos\">\r\n<span data-balloon-length=\"medium\" aria-label=\"Ensino M\u00e9dio Profissionalizante em Servi\u00e7os Jur\u00eddicos, devidamente reconhecido pelo MEC.\" data-balloon-pos=\"up\">T\u00e9cnico em Servi\u00e7os Jur\u00eddicos<\/span><\/td>\r\n<td class=\"cvagas\">CR<\/td>\r\n<td class=\"cremuneracao\">R$ 2.142,68 \/40h<\/td>\r\n<\/tr><td class=\"ccargos\">\r\n<span data-balloon-length=\"medium\" aria-label=\"Ensino M\u00e9dio Profissionalizante em Topografia\/Agrimensura, devidamente reconhecido pelo MEC.\" data-balloon-pos=\"up\">Top\u00f3grafo<\/span><\/td>\r\n<td class=\"cvagas\">CR<\/td>\r\n<td class=\"cremuneracao\">R$ 3.007,24 \/40h<\/td>\r\n<\/tr>\r\n    <\/tbody>\r\n  <\/table>\r\n<\/div>","_superior":"<div>\r\n<table class=\"quadro\">\r\n<thead>\r\n<tr>\r\n<th class=\"hcargo\">Cargo<\/th>\r\n<th class=\"hvagas\">Vagas<\/th>\r\n<th class=\"hremuneracao\">Remunera\u00e7\u00e3o<\/th>\r\n<\/tr>\r\n<\/thead>\r\n    <tbody>\r\n      <tr>\r\n<td class=\"ccargos\">\r\n<span data-balloon-length=\"medium\" aria-label=\"Forma\u00e7\u00e3o Superior com Habilita\u00e7\u00e3o Profissional na \u00e1rea e inscri\u00e7\u00e3o no respectivo \u00f3rg\u00e3o de classe.\" data-balloon-pos=\"up\">Advogado<\/span><\/td>\r\n<td class=\"cvagas\">CR<\/td>\r\n<td class=\"cremuneracao\">R$ 4.835,96 \/20h<\/td>\r\n<\/tr><tr>\r\n<td class=\"ccargos\">\r\n<span data-balloon-length=\"medium\" aria-label=\"Forma\u00e7\u00e3o Superior com Habilita\u00e7\u00e3o Profissional na \u00e1rea e inscri\u00e7\u00e3o no respectivo \u00f3rg\u00e3o de classe.\" data-balloon-pos=\"up\">Advogado do CREAS<\/span><\/td>\r\n<td class=\"cvagas\">CR<\/td>\r\n<td class=\"cremuneracao\">R$ 4.835,96 \/20h<\/td>\r\n<\/tr><tr>\r\n<td class=\"ccargos\">\r\n<span data-balloon-length=\"medium\" aria-label=\"Forma\u00e7\u00e3o Superior com Habilita\u00e7\u00e3o Profissional na \u00e1rea e inscri\u00e7\u00e3o no respectivo \u00f3rg\u00e3o de classe.\" data-balloon-pos=\"up\">Arquiteto<\/span><\/td>\r\n<td class=\"cvagas\">CR<\/td>\r\n<td class=\"cremuneracao\">R$ 4.029,98 \/20h<\/td>\r\n<\/tr><tr>\r\n<td class=\"ccargos\">\r\n<span data-balloon-length=\"medium\" aria-label=\"Forma\u00e7\u00e3o Superior com Habilita\u00e7\u00e3o Profissional na \u00e1rea e inscri\u00e7\u00e3o no respectivo \u00f3rg\u00e3o de classe.\" data-balloon-pos=\"up\">Assistente Social - 20h<\/span><\/td>\r\n<td class=\"cvagas\">CR<\/td>\r\n<td class=\"cremuneracao\">R$ 3.608,68 \/20h<\/td>\r\n<\/tr><tr>\r\n<td class=\"ccargos\">\r\n<span data-balloon-length=\"medium\" aria-label=\"Gradua\u00e7\u00e3o em Servi\u00e7o Social com registro no Conselho Regional de Servi\u00e7o Social (CRESS), habilidades de comunica\u00e7\u00e3o verbal e escrita, com capacidade para se relacionar com diferentes p\u00fablicos, capacidade de lidar com quest\u00f5es sociais complexas, demonstrando empatia e sensibilidade \u00e0s realidades dos usu\u00e1rios; habilidade para trabalhar em equipe e colaborar com outros profissionais e institui\u00e7\u00f5es.\" data-balloon-pos=\"up\">Assistente Social - 30h<\/span><\/td>\r\n<td class=\"cvagas\">CR<\/td>\r\n<td class=\"cremuneracao\">R$ 5.400,85 \/30h<\/td>\r\n<\/tr><tr>\r\n<td class=\"ccargos\">\r\n<span data-balloon-length=\"medium\" aria-label=\"Curso Superior com Habilita\u00e7\u00e3o Profissional e Registro no CRB.\" data-balloon-pos=\"up\">Bibliotec\u00e1rio<\/span><\/td>\r\n<td class=\"cvagas\">CR<\/td>\r\n<td class=\"cremuneracao\">R$ 3.358,30 \/40h<\/td>\r\n<\/tr><tr>\r\n<td class=\"ccargos\">\r\n<span data-balloon-length=\"medium\" aria-label=\"Forma\u00e7\u00e3o Superior com Habilita\u00e7\u00e3o Profissional na \u00e1rea e inscri\u00e7\u00e3o no respectivo \u00f3rg\u00e3o de classe.\" data-balloon-pos=\"up\">Biologista (para Laborat\u00f3rio de An\u00e1lises)<\/span><\/td>\r\n<td class=\"cvagas\">CR<\/td>\r\n<td class=\"cremuneracao\">R$ 3.007,24 \/20h<\/td>\r\n<\/tr><tr>\r\n<td class=\"ccargos\">\r\n<span data-balloon-length=\"medium\" aria-label=\"Forma\u00e7\u00e3o Superior com Habilita\u00e7\u00e3o Profissional na \u00e1rea e inscri\u00e7\u00e3o no respectivo \u00f3rg\u00e3o de classe.\" data-balloon-pos=\"up\">Contador<\/span><\/td>\r\n<td class=\"cvagas\">CR<\/td>\r\n<td class=\"cremuneracao\">R$ 4.605,70 \/40h<\/td>\r\n<\/tr><tr>\r\n<td class=\"ccargos\">\r\n<span data-balloon-length=\"medium\" aria-label=\"Gradua\u00e7\u00e3o em Odontologia, registro ativo no Conselho Regional de Odontologia (CRO), excelente comunica\u00e7\u00e3o e habilidades interpessoais, capacidade de trabalhar em equipe, proatividade e compromisso com a qualidade do atendimento, sensibilidade para lidar com diferentes perfis de pacientes e conhecimento em inform\u00e1tica para o registro e gest\u00e3o de dados dos pacientes.\" data-balloon-pos=\"up\">Dentista<\/span><\/td>\r\n<td class=\"cvagas\">CR<\/td>\r\n<td class=\"cremuneracao\">R$ 5.331,65 \/40h<\/td>\r\n<\/tr><tr>\r\n<td class=\"ccargos\">\r\n<span data-balloon-length=\"medium\" aria-label=\"Forma\u00e7\u00e3o Superior com Habilita\u00e7\u00e3o Profissional na \u00e1rea e inscri\u00e7\u00e3o no respectivo \u00f3rg\u00e3o de classe.\" data-balloon-pos=\"up\">Educador F\u00edsico - NASF<\/span><\/td>\r\n<td class=\"cvagas\">CR<\/td>\r\n<td class=\"cremuneracao\">R$ 4.617,51 \/40h<\/td>\r\n<\/tr><tr>\r\n<td class=\"ccargos\">\r\n<span data-balloon-length=\"medium\" aria-label=\"Forma\u00e7\u00e3o superior em Enfermagem, com registro ativo no Conselho Regional de Enfermagem (COREN) Experi\u00eancia anterior em servi\u00e7os de sa\u00fade, preferencialmente em aten\u00e7\u00e3o prim\u00e1ria ou postos de sa\u00fade, habilidade para trabalhar em equipe e desenvolver relacionamentos interpessoais positivos, capacidade de comunica\u00e7\u00e3o clara pacientes e familiares.\" data-balloon-pos=\"up\">Enfermeiro<\/span><\/td>\r\n<td class=\"cvagas\">CR<\/td>\r\n<td class=\"cremuneracao\">R$ 5.331,65 \/40h<\/td>\r\n<\/tr><tr>\r\n<td class=\"ccargos\">\r\n<span data-balloon-length=\"medium\" aria-label=\"Forma\u00e7\u00e3o Superior com Habilita\u00e7\u00e3o Profissional na \u00e1rea e, inscri\u00e7\u00e3o no respectivo \u00f3rg\u00e3o de classe.\" data-balloon-pos=\"up\">Engenheiro Agr\u00f4nomo<\/span><\/td>\r\n<td class=\"cvagas\">CR<\/td>\r\n<td class=\"cremuneracao\">R$ 3.608,68 \/20h<\/td>\r\n<\/tr><tr>\r\n<td class=\"ccargos\">\r\n<span data-balloon-length=\"medium\" aria-label=\"Forma\u00e7\u00e3o Superior com Habilita\u00e7\u00e3o Profissional na \u00e1rea e, inscri\u00e7\u00e3o no respectivo \u00f3rg\u00e3o de classe.\" data-balloon-pos=\"up\">Engenheiro Civil<\/span><\/td>\r\n<td class=\"cvagas\">CR<\/td>\r\n<td class=\"cremuneracao\">R$ 4.029,98 \/20h<\/td>\r\n<\/tr><tr>\r\n<td class=\"ccargos\">\r\n<span data-balloon-length=\"medium\" aria-label=\"Ensino Superior com P\u00f3s-gradua\u00e7\u00e3o na \u00e1rea de Engenharia da Seguran\u00e7a do Trabalho e registro no CREA.\" data-balloon-pos=\"up\">Engenheiro de Seguran\u00e7a do Trabalho<\/span><\/td>\r\n<td class=\"cvagas\">CR<\/td>\r\n<td class=\"cremuneracao\">R$ 4.898,45 \/20h<\/td>\r\n<\/tr><tr>\r\n<td class=\"ccargos\">\r\n<span data-balloon-length=\"medium\" aria-label=\"Forma\u00e7\u00e3o Superior com Habilita\u00e7\u00e3o Profissional na \u00e1rea e inscri\u00e7\u00e3o no respectivo \u00f3rg\u00e3o de classe.\" data-balloon-pos=\"up\">Engenheiro Eletricista<\/span><\/td>\r\n<td class=\"cvagas\">CR<\/td>\r\n<td class=\"cremuneracao\">R$ 4.029,98 \/20h<\/td>\r\n<\/tr><tr>\r\n<td class=\"ccargos\">\r\n<span data-balloon-length=\"medium\" aria-label=\"Gradua\u00e7\u00e3o em Farm\u00e1cia, Registro ativo no Conselho Regional de Farm\u00e1cia (CRF) da respectiva regi\u00e3o, legisla\u00e7\u00e3o farmac\u00eautica e diretrizes de sa\u00fade p\u00fablica, habilidades de comunica\u00e7\u00e3o e relacionamento interpessoal, Aptid\u00e3o para trabalhar em colabora\u00e7\u00e3o com outros profissionais de sa\u00fade.\" data-balloon-pos=\"up\">Farmac\u00eautico<\/span><\/td>\r\n<td class=\"cvagas\">CR<\/td>\r\n<td class=\"cremuneracao\">R$ 5.331,65 \/40h<\/td>\r\n<\/tr><tr>\r\n<td class=\"ccargos\">\r\n<span data-balloon-length=\"medium\" aria-label=\"Forma\u00e7\u00e3o Superior com Habilita\u00e7\u00e3o Profissional na \u00e1rea e inscri\u00e7\u00e3o no respectivo \u00f3rg\u00e3o de classe.\" data-balloon-pos=\"up\">Fisioterapeuta<\/span><\/td>\r\n<td class=\"cvagas\">CR<\/td>\r\n<td class=\"cremuneracao\">R$ 3.608,68 \/20h<\/td>\r\n<\/tr><tr>\r\n<td class=\"ccargos\">\r\n<span data-balloon-length=\"medium\" aria-label=\"Gradua\u00e7\u00e3o em Fisioterapia, com registro ativo no Conselho Regional (CREFITO) com p\u00f3s-gradua\u00e7\u00e3o em fisioterapia cardiorespirat\u00f3ria.\" data-balloon-pos=\"up\">Fisioterapeuta Cardiorespirat\u00f3rio<\/span><\/td>\r\n<td class=\"cvagas\">CR<\/td>\r\n<td class=\"cremuneracao\">R$ 5.670,58 \/30h<\/td>\r\n<\/tr><tr>\r\n<td class=\"ccargos\">\r\n<span data-balloon-length=\"medium\" aria-label=\"Gradua\u00e7\u00e3o em Fisioterapia Registro ativo no Conselho Regional de Fisioterapia (CREFITO) p\u00f3s em lato senso no m\u00ednimo 360 horas em Fisioterapia Neurofuncional Adultos.\" data-balloon-pos=\"up\">Fisioterapeuta Neurofuncional Adulto<\/span><\/td>\r\n<td class=\"cvagas\">CR<\/td>\r\n<td class=\"cremuneracao\">R$ 5.670,58 \/30h<\/td>\r\n<\/tr><tr>\r\n<td class=\"ccargos\">\r\n<span data-balloon-length=\"medium\" aria-label=\"Gradua\u00e7\u00e3o em Fisioterapia Registro ativo no Conselho Regional de Fisioterapia (CREFITO) com p\u00f3s em Psicomotricidade no m\u00ednimo de 360 horas.\" data-balloon-pos=\"up\">Fisioterapeuta Psicomotricista<\/span><\/td>\r\n<td class=\"cvagas\">CR<\/td>\r\n<td class=\"cremuneracao\">R$ 5.670,58 \/30h<\/td>\r\n<\/tr><tr>\r\n<td class=\"ccargos\">\r\n<span data-balloon-length=\"medium\" aria-label=\"Forma\u00e7\u00e3o Superior com Habilita\u00e7\u00e3o Profissional na \u00e1rea e inscri\u00e7\u00e3o no respectivo \u00f3rg\u00e3o de classe.\" data-balloon-pos=\"up\">Fonoaudi\u00f3logo<\/span><\/td>\r\n<td class=\"cvagas\">CR<\/td>\r\n<td class=\"cremuneracao\">R$ 3.608,68 \/20h<\/td>\r\n<\/tr><tr>\r\n<td class=\"ccargos\">\r\n<span data-balloon-length=\"medium\" aria-label=\"Gradua\u00e7\u00e3o em Medicina e registro ativo no Conselho Regional de Medicina (CRM).\" data-balloon-pos=\"up\">M\u00e9dico<\/span><\/td>\r\n<td class=\"cvagas\">CR<\/td>\r\n<td class=\"cremuneracao\">R$ 3.608,68 \/12h<\/td>\r\n<\/tr><tr>\r\n<td class=\"ccargos\">\r\n<span data-balloon-length=\"medium\" aria-label=\"Gradua\u00e7\u00e3o em Medicina e registro ativo no Conselho Regional de Medicina (CRM), conhecimentos b\u00e1sicos de inform\u00e1tica (sistema operacional e pacote de escrit\u00f3rio).\" data-balloon-pos=\"up\">M\u00e9dico Cl\u00ednico Geral<\/span><\/td>\r\n<td class=\"cvagas\">CR<\/td>\r\n<td class=\"cremuneracao\">R$ 17.362,37 \/40h<\/td>\r\n<\/tr><tr>\r\n<td class=\"ccargos\">\r\n<span data-balloon-length=\"medium\" aria-label=\"Gradua\u00e7\u00e3o Em Medicina, Registro Profissional No Conselho Da Categoria, Registro de Qualifica\u00e7\u00e3o (RQE) em Medicina do Trabalho.\" data-balloon-pos=\"up\">M\u00e9dico do Trabalho<\/span><\/td>\r\n<td class=\"cvagas\">CR<\/td>\r\n<td class=\"cremuneracao\">R$ 6.251,82 \/20h<\/td>\r\n<\/tr><tr>\r\n<td class=\"ccargos\">\r\n<span data-balloon-length=\"medium\" aria-label=\"Forma\u00e7\u00e3o Superior com Habilita\u00e7\u00e3o Profissional na \u00e1rea e inscri\u00e7\u00e3o no respectivo \u00f3rg\u00e3o de classe.\" data-balloon-pos=\"up\">Nutricionista<\/span><\/td>\r\n<td class=\"cvagas\">CR<\/td>\r\n<td class=\"cremuneracao\">R$ 3.608,68 \/20h<\/td>\r\n<\/tr><tr>\r\n<td class=\"ccargos\">\r\n<span data-balloon-length=\"medium\" aria-label=\"Forma\u00e7\u00e3o Superior com Habilita\u00e7\u00e3o Profissional na \u00e1rea e inscri\u00e7\u00e3o no respectivo \u00f3rg\u00e3o de classe.\" data-balloon-pos=\"up\">Psic\u00f3logo<\/span><\/td>\r\n<td class=\"cvagas\">CR<\/td>\r\n<td class=\"cremuneracao\">R$ 5.400,85 \/30h<\/td>\r\n<\/tr><tr>\r\n<td class=\"ccargos\">\r\n<span data-balloon-length=\"medium\" aria-label=\"Forma\u00e7\u00e3o Superior com Habilita\u00e7\u00e3o Profissional na \u00e1rea e inscri\u00e7\u00e3o no respectivo \u00f3rg\u00e3o de classe.\" data-balloon-pos=\"up\">Terapeuta Ocupacional<\/span><\/td>\r\n<td class=\"cvagas\">CR<\/td>\r\n<td class=\"cremuneracao\">R$ 3.608,68 \/20h<\/td>\r\n<\/tr>\r\n    <\/tbody>\r\n  <\/table>\r\n<\/div>"},"_links":{"self":[{"href":"https:\/\/www.agrobase.com.br\/concursos\/wp-json\/wp\/v2\/posts\/269023","targetHints":{"allow":["GET"]}}],"collection":[{"href":"https:\/\/www.agrobase.com.br\/concursos\/wp-json\/wp\/v2\/posts"}],"about":[{"href":"https:\/\/www.agrobase.com.br\/concursos\/wp-json\/wp\/v2\/types\/post"}],"author":[{"embeddable":true,"href":"https:\/\/www.agrobase.com.br\/concursos\/wp-json\/wp\/v2\/users\/7"}],"replies":[{"embeddable":true,"href":"https:\/\/www.agrobase.com.br\/concursos\/wp-json\/wp\/v2\/comments?post=269023"}],"version-history":[{"count":6,"href":"https:\/\/www.agrobase.com.br\/concursos\/wp-json\/wp\/v2\/posts\/269023\/revisions"}],"predecessor-version":[{"id":269387,"href":"https:\/\/www.agrobase.com.br\/concursos\/wp-json\/wp\/v2\/posts\/269023\/revisions\/269387"}],"wp:featuredmedia":[{"embeddable":true,"href":"https:\/\/www.agrobase.com.br\/concursos\/wp-json\/wp\/v2\/media\/269022"}],"wp:attachment":[{"href":"https:\/\/www.agrobase.com.br\/concursos\/wp-json\/wp\/v2\/media?parent=269023"}],"wp:term":[{"taxonomy":"category","embeddable":true,"href":"https:\/\/www.agrobase.com.br\/concursos\/wp-json\/wp\/v2\/categories?post=269023"},{"taxonomy":"post_tag","embeddable":true,"href":"https:\/\/www.agrobase.com.br\/concursos\/wp-json\/wp\/v2\/tags?post=269023"},{"taxonomy":"_amplo","embeddable":true,"href":"https:\/\/www.agrobase.com.br\/concursos\/wp-json\/wp\/v2\/_amplo?post=269023"},{"taxonomy":"destaque","embeddable":true,"href":"https:\/\/www.agrobase.com.br\/concursos\/wp-json\/wp\/v2\/destaque?post=269023"},{"taxonomy":"instituicoes","embeddable":true,"href":"https:\/\/www.agrobase.com.br\/concursos\/wp-json\/wp\/v2\/instituicoes?post=269023"}],"curies":[{"name":"wp","href":"https:\/\/api.w.org\/{rel}","templated":true}]}}