{"id":268945,"date":"2025-07-21T07:20:01","date_gmt":"2025-07-21T10:20:01","guid":{"rendered":"https:\/\/www.agrobase.com.br\/concursos\/?p=268945"},"modified":"2025-07-18T13:50:44","modified_gmt":"2025-07-18T16:50:44","slug":"prefeitura-francisco-macedo-pi-selecao-simplificada-01-2025","status":"publish","type":"post","link":"https:\/\/www.agrobase.com.br\/concursos\/2025\/prefeitura-francisco-macedo-pi-selecao-simplificada-01-2025\/","title":{"rendered":"Prefeitura Francisco Mac\u00eado (PI) &#8211; Sele\u00e7\u00e3o Simplificada 01\/2025"},"content":{"rendered":"<h2>Informa\u00e7\u00f5es Gerais<\/h2>\n<p>A Prefeitura Municipal de Francisco Mac\u00eado, no Piau\u00ed, publicou o edital n\u00ba 01\/2025 para seu novo Processo Seletivo Simplificado. Organizado pela banca Inovaty Assessoria &amp; Consultoria, o certame visa o preenchimento de vagas tempor\u00e1rias e forma\u00e7\u00e3o de cadastro de reserva para as Secretarias de Administra\u00e7\u00e3o, Sa\u00fade e Educa\u00e7\u00e3o.<\/p>\n<p>As oportunidades abrangem os n\u00edveis de escolaridade fundamental, m\u00e9dio\/t\u00e9cnico e superior. Os candidatos aprovados ser\u00e3o contratados por tempo determinado, com validade inicial de 1 ano, prorrog\u00e1vel por igual per\u00edodo, e estar\u00e3o subordinados ao regime estatut\u00e1rio do munic\u00edpio.<\/p>\n<p>O processo seletivo oferece vagas em diversas \u00e1reas, com destaque para a \u00e1rea da sa\u00fade, incluindo oportunidades para o cargo de <strong>Nutricionista<\/strong>. Para conhecer todos os detalhes sobre as inscri\u00e7\u00f5es, etapas e cronograma, continue a leitura das se\u00e7\u00f5es a seguir.<\/p>\n<h2>Inscri\u00e7\u00f5es<\/h2>\n<p>As inscri\u00e7\u00f5es para o Processo Seletivo da Prefeitura de Francisco Mac\u00eado &#8211; PI est\u00e3o previstas para ocorrer exclusivamente online, atrav\u00e9s do site da banca organizadora, Inovaty Assessoria &amp; Consultoria. O per\u00edodo para se inscrever ser\u00e1 de <strong>24 de julho de 2025 a 1\u00ba de agosto de 2025, at\u00e9 as 18h<\/strong> (hor\u00e1rio de Bras\u00edlia).<\/p>\n<p>Para efetivar a participa\u00e7\u00e3o, o candidato dever\u00e1 preencher o formul\u00e1rio de inscri\u00e7\u00e3o no portal da banca e gerar o boleto banc\u00e1rio para pagamento da taxa. Os valores das taxas de inscri\u00e7\u00e3o s\u00e3o de R$ 70,00 ou R$ 100,00, dependendo do cargo. \u00c9 permitido se inscrever para apenas um cargo.<\/p>\n<p>Haver\u00e1 possibilidade de solicitar isen\u00e7\u00e3o da taxa de inscri\u00e7\u00e3o, especificamente para mes\u00e1rios, conforme a Lei Municipal n\u00ba 226\/2018. O pedido de isen\u00e7\u00e3o deve ser feito no mesmo per\u00edodo das inscri\u00e7\u00f5es. Candidatos que tiverem o pedido de isen\u00e7\u00e3o indeferido ter\u00e3o at\u00e9 o dia 11 de agosto de 2025 para realizar o pagamento do boleto.<\/p>\n<p>\u00c9 fundamental que o candidato acompanhe a homologa\u00e7\u00e3o de sua inscri\u00e7\u00e3o na \u00e1rea restrita do site da banca. A leitura completa do edital \u00e9 indispens\u00e1vel para conhecer todas as regras e procedimentos.<\/p>\n<h2>Etapas e Provas<\/h2>\n<p>O processo de sele\u00e7\u00e3o para todos os cargos do certame da Prefeitura de Francisco Mac\u00eado &#8211; PI ser\u00e1 realizado em uma \u00fanica etapa: a Prova Objetiva, de car\u00e1ter eliminat\u00f3rio e classificat\u00f3rio. A aplica\u00e7\u00e3o est\u00e1 prevista para o dia <strong>30 de agosto de 2025<\/strong>, no munic\u00edpio de Francisco Mac\u00eado &#8211; PI.<\/p>\n<p>A avalia\u00e7\u00e3o ter\u00e1 as seguintes caracter\u00edsticas:<\/p>\n<ul>\n<li><strong>Dura\u00e7\u00e3o:<\/strong> 3 horas.<\/li>\n<li><strong>Formato:<\/strong> 30 quest\u00f5es de m\u00faltipla escolha, com 4 alternativas cada, sendo apenas uma correta.<\/li>\n<li><strong>Disciplinas:<\/strong> A estrutura da prova varia por cargo, mas o edital indica a cobran\u00e7a de conhecimentos em L\u00edngua Portuguesa, Matem\u00e1tica e Conhecimentos Espec\u00edficos da \u00e1rea de atua\u00e7\u00e3o.<\/li>\n<li><strong>Crit\u00e9rio de aprova\u00e7\u00e3o:<\/strong> Para ser aprovado, o candidato dever\u00e1 obter uma pontua\u00e7\u00e3o m\u00ednima de 50% em cada uma das mat\u00e9rias que comp\u00f5em a prova, conforme detalhado no Anexo II do edital.<\/li>\n<\/ul>\n<p>Candidatos que n\u00e3o atingirem a pontua\u00e7\u00e3o m\u00ednima ser\u00e3o eliminados do processo seletivo. Para informa\u00e7\u00f5es detalhadas sobre o conte\u00fado program\u00e1tico de cada disciplina, a estrutura da prova por cargo e o cronograma completo, \u00e9 essencial a consulta ao edital oficial.<\/p>\n<h2>Resultados e Gabarito<\/h2>\n<p>O acompanhamento dos resultados do Processo Seletivo de Francisco Mac\u00eado &#8211; PI deve ser feito atrav\u00e9s do site da banca Inovaty Assessoria &amp; Consultoria. O cronograma prev\u00ea a divulga\u00e7\u00e3o do gabarito preliminar no dia 02 de setembro de 2025, com o gabarito definitivo sendo publicado em 10 de setembro de 2025.<\/p>\n<p>O resultado preliminar da prova objetiva ser\u00e1 divulgado em 22 de setembro de 2025, e o resultado final do certame est\u00e1 previsto para <strong>29 de setembro de 2025<\/strong>. A homologa\u00e7\u00e3o do resultado final, de responsabilidade da Prefeitura, ser\u00e1 publicada no Di\u00e1rio Oficial das Prefeituras Piauienses at\u00e9 03 de outubro de 2025.<\/p>\n<p>Em caso de empate na pontua\u00e7\u00e3o final, os crit\u00e9rios de desempate seguir\u00e3o a seguinte ordem de prioridade:<\/p>\n<ul>\n<li>Candidato com idade igual ou superior a 60 anos (Estatuto do Idoso).<\/li>\n<li>Maior pontua\u00e7\u00e3o na prova de Conhecimentos Espec\u00edficos.<\/li>\n<li>Maior pontua\u00e7\u00e3o na prova de L\u00edngua Portuguesa.<\/li>\n<li>Maior pontua\u00e7\u00e3o na prova de Matem\u00e1tica.<\/li>\n<li>Candidato com maior idade (entre os n\u00e3o idosos).<\/li>\n<\/ul>\n<p>A convoca\u00e7\u00e3o dos aprovados seguir\u00e1 a ordem de classifica\u00e7\u00e3o e a necessidade da administra\u00e7\u00e3o municipal. \u00c9 de responsabilidade exclusiva do candidato acompanhar todas as publica\u00e7\u00f5es oficiais no site da banca organizadora e no Di\u00e1rio Oficial.<\/p>\n","protected":false},"excerpt":{"rendered":"<p>Inscri\u00e7\u00f5es abrem 24\/07! Sel. Simplificada Pref. Francisco Mac\u00eado (PI) p\/ Motorista e ACS (Fund. a Sup.). Sal\u00e1rios at\u00e9 R$ 3.6k. 90+CR vagas. Veja o edital!<\/p>\n","protected":false},"author":7,"featured_media":268944,"comment_status":"open","ping_status":"open","sticky":false,"template":"","format":"standard","meta":{"_acf_changed":false,"_breakdance_hide_in_design_set":false,"_breakdance_tags":"","footnotes":""},"categories":[6434,12,18,20,6871,116,23,24,25,26,101,108,143],"tags":[55],"_amplo":[6427],"destaque":[],"instituicoes":[],"class_list":["post-268945","post","type-post","status-publish","format-standard","has-post-thumbnail","hentry","category-educacao-fisica-licenciatura","category-enfermagem","category-fisioterapia","category-letras","category-letras-ingles","category-matematica","category-nutricao","category-odontologia","category-pedagogia","category-psicologia","category-servico-social","category-tecnico-enfermagem","category-tecnico-odontologia","tag-piaui","_amplo-nivel-medio"],"acf":{"_tipo_vagas":"vagas","_numero_vagas":"","_quadro_vagas":"","_cargos":"diversos","_cargos_especificos":"","_salario_max":"R$ 3653.3","_abertura":"20250724","_encerramento":"20250801","_inscricoes":"https:\/\/concursos.inovaty.com.br\/public\/","_executora_concurso":"","_instituicao_concurso":[],"_link_adicional":null,"_anexos":null,"_produtos":null,"_vagas":"90 vagas + CR","_salario_min":"R$ 1518","_instituicao":"Prefeitura de Francisco Mac\u00eado","_edital":"https:\/\/www.agrobase.com.br\/concursos\/wp-content\/uploads\/sites\/4\/2025\/07\/edital-01-2025-prefeitura-de-francisco-macedo-pi.pdf","_anexos_edital":"https:\/\/www.agrobase.com.br\/concursos\/wp-content\/uploads\/sites\/4\/2025\/07\/anexos-edital-01-2025-prefeitura-de-francisco-macedo-pi.pdf","_fund_incompleto":"","_fund_completo":"<div>\r\n<table class=\"quadro\">\r\n<thead>\r\n<tr>\r\n<th class=\"hcargo\">Cargo<\/th>\r\n<th class=\"hvagas\">Vagas<\/th>\r\n<th class=\"hremuneracao\">Remunera\u00e7\u00e3o<\/th>\r\n<\/tr>\r\n<\/thead>\r\n    <tbody>\r\n      <td class=\"ccargos\">\r\n<span data-balloon-length=\"medium\" aria-label=\"Ensino Fundamental Completo + CNH B\" data-balloon-pos=\"up\">MOTORISTA<\/span><\/td>\r\n<td class=\"cvagas\">2 + CR<\/td>\r\n<td class=\"cremuneracao\">R$ 1.945,08 \/40h<\/td>\r\n<\/tr><td class=\"ccargos\">\r\n<span data-balloon-length=\"medium\" aria-label=\"Ensino Fundamental Completo + CNH D\" data-balloon-pos=\"up\">MOTORISTA<\/span><\/td>\r\n<td class=\"cvagas\">4 + CR<\/td>\r\n<td class=\"cremuneracao\">R$ 1.945,08 \/40h<\/td>\r\n<\/tr>\r\n    <\/tbody>\r\n  <\/table>\r\n<\/div>","_medio":"<div>\r\n<table class=\"quadro\">\r\n<thead>\r\n<tr>\r\n<th class=\"hcargo\">Cargo<\/th>\r\n<th class=\"hvagas\">Vagas<\/th>\r\n<th class=\"hremuneracao\">Remunera\u00e7\u00e3o<\/th>\r\n<\/tr>\r\n<\/thead>\r\n    <tbody>\r\n      <td class=\"ccargos\">\r\n<span data-balloon-length=\"medium\" aria-label=\"Ensino M\u00e9dio Completo + Residir no Munic\u00edpio de Francisco Mac\u00eado - PI\" data-balloon-pos=\"up\">AGENTE COMUNIT\u00c1RIO DE SA\u00daDE -ACS<\/span><\/td>\r\n<td class=\"cvagas\">6 + CR<\/td>\r\n<td class=\"cremuneracao\">R$ 0,00 \/40h<\/td>\r\n<\/tr><td class=\"ccargos\">\r\n<span data-balloon-length=\"medium\" aria-label=\"Curso T\u00e9cnico em Enfermagem + Registro COREN\" data-balloon-pos=\"up\">T\u00c9CNICO DE ENFERMAGEM<\/span><\/td>\r\n<td class=\"cvagas\">4 + CR<\/td>\r\n<td class=\"cremuneracao\">R$ 0,00 \/40h<\/td>\r\n<\/tr><td class=\"ccargos\">\r\n<span data-balloon-length=\"medium\" aria-label=\"Curso T\u00e9cnico em Higiene Dental + Registro no CRO\" data-balloon-pos=\"up\">AUXILIAR DE SA\u00daDE BUCAL<\/span><\/td>\r\n<td class=\"cvagas\">4 + CR<\/td>\r\n<td class=\"cremuneracao\">R$ 1.518,00 \/40h<\/td>\r\n<\/tr><td class=\"ccargos\">\r\n<span data-balloon-length=\"medium\" aria-label=\"Ensino M\u00e9dio Completo\" data-balloon-pos=\"up\">MONITOR D DE EDUCA\u00c7\u00c3O INFANTIL<\/span><\/td>\r\n<td class=\"cvagas\">13 + CR<\/td>\r\n<td class=\"cremuneracao\">R$ 1.518,00 \/40h<\/td>\r\n<\/tr><td class=\"ccargos\">\r\n<span data-balloon-length=\"medium\" aria-label=\"Ensino M\u00e9dio Completo\" data-balloon-pos=\"up\">MONITOR D DE ENSINO FUNDAMENTAL \u2013 ANOS INICIAIS<\/span><\/td>\r\n<td class=\"cvagas\">13 + CR<\/td>\r\n<td class=\"cremuneracao\">R$ 1.518,00 \/40h<\/td>\r\n<\/tr>\r\n    <\/tbody>\r\n  <\/table>\r\n<\/div>","_superior":"<div>\r\n<table class=\"quadro\">\r\n<thead>\r\n<tr>\r\n<th class=\"hcargo\">Cargo<\/th>\r\n<th class=\"hvagas\">Vagas<\/th>\r\n<th class=\"hremuneracao\">Remunera\u00e7\u00e3o<\/th>\r\n<\/tr>\r\n<\/thead>\r\n    <tbody>\r\n      <tr>\r\n<td class=\"ccargos\">\r\n<span data-balloon-length=\"medium\" aria-label=\"Gradua\u00e7\u00e3o em Fisioterapia + Registro no CREFITO\" data-balloon-pos=\"up\">FISIOTERAPEUTA<\/span><\/td>\r\n<td class=\"cvagas\">4 + CR<\/td>\r\n<td class=\"cremuneracao\">R$ 3.653,30 \/30h<\/td>\r\n<\/tr><tr>\r\n<td class=\"ccargos\">\r\n<span data-balloon-length=\"medium\" aria-label=\"Gradua\u00e7\u00e3o em Assist\u00eancia Social + Registro no CRESS\" data-balloon-pos=\"up\">ASSISTENTE SOCIAL<\/span><\/td>\r\n<td class=\"cvagas\">2 + CR<\/td>\r\n<td class=\"cremuneracao\">R$ 2.505,77 \/30h<\/td>\r\n<\/tr><tr>\r\n<td class=\"ccargos\">\r\n<span data-balloon-length=\"medium\" aria-label=\"Gradua\u00e7\u00e3o em Odontologia + Registro no CRO\" data-balloon-pos=\"up\">ODONT\u00d3LOGO(A)<\/span><\/td>\r\n<td class=\"cvagas\">4 + CR<\/td>\r\n<td class=\"cremuneracao\">R$ 3.458,44 \/40h<\/td>\r\n<\/tr><tr>\r\n<td class=\"ccargos\">\r\n<span data-balloon-length=\"medium\" aria-label=\"Gradua\u00e7\u00e3o em Enfermagem + Registro no COREN\" data-balloon-pos=\"up\">ENFERMEIRO(A)<\/span><\/td>\r\n<td class=\"cvagas\">2 + CR<\/td>\r\n<td class=\"cremuneracao\">R$ 0,00 \/40h<\/td>\r\n<\/tr><tr>\r\n<td class=\"ccargos\">\r\n<span data-balloon-length=\"medium\" aria-label=\"Ensino Superior Completo em Nutri\u00e7\u00e3o por institui\u00e7\u00e3o de ensino superior reconhecida pelo MEC; Registro no conselho competente\" data-balloon-pos=\"up\">NUTRICIONISTA<\/span><\/td>\r\n<td class=\"cvagas\">2 + CR<\/td>\r\n<td class=\"cremuneracao\">R$ 2.505,77 \/40h<\/td>\r\n<\/tr><tr>\r\n<td class=\"ccargos\">\r\n<span data-balloon-length=\"medium\" aria-label=\"Gradua\u00e7\u00e3o Plena em Psicologia + Registro no CRP\" data-balloon-pos=\"up\">PSIC\u00d3LOGO(A)<\/span><\/td>\r\n<td class=\"cvagas\">2 + CR<\/td>\r\n<td class=\"cremuneracao\">R$ 2.505,77 \/30h<\/td>\r\n<\/tr><tr>\r\n<td class=\"ccargos\">\r\n<span data-balloon-length=\"medium\" aria-label=\"Licenciatura Plena em Educa\u00e7\u00e3o F\u00edsica + Registro no CREF\" data-balloon-pos=\"up\">PROFESSOR DE EDUCA\u00c7\u00c3O F\u00cdSICA<\/span><\/td>\r\n<td class=\"cvagas\">4 + CR<\/td>\r\n<td class=\"cremuneracao\">R$ 0,00 \/20h<\/td>\r\n<\/tr><tr>\r\n<td class=\"ccargos\">\r\n<span data-balloon-length=\"medium\" aria-label=\"Licenciatura Plena em Matem\u00e1tica\" data-balloon-pos=\"up\">PROFESSOR DE MATEM\u00c1TICA \u2013 ENSINO FUNDAMENTAL \u2013 ANOS INICIAIS E FINAIS<\/span><\/td>\r\n<td class=\"cvagas\">2 + CR<\/td>\r\n<td class=\"cremuneracao\">R$ 0,00 \/20h<\/td>\r\n<\/tr><tr>\r\n<td class=\"ccargos\">\r\n<span data-balloon-length=\"medium\" aria-label=\"Licenciatura Plena em Letras\/Portugu\u00eas\/Ingl\u00eas\" data-balloon-pos=\"up\">PROFESSOR DE L\u00cdNGUA PORTUGUESA\/ INGLESA \u2013 ENSINO FUNDAMENTAL \u2013 ANOS INICIAIS E FINAIS<\/span><\/td>\r\n<td class=\"cvagas\">2 + CR<\/td>\r\n<td class=\"cremuneracao\">R$ 0,00 \/20h<\/td>\r\n<\/tr><tr>\r\n<td class=\"ccargos\">\r\n<span data-balloon-length=\"medium\" aria-label=\"Licenciatura Plena em Pedagogia\" data-balloon-pos=\"up\">PROFESSOR DE EDUCA\u00c7\u00c3O INFANTIL<\/span><\/td>\r\n<td class=\"cvagas\">2 + CR<\/td>\r\n<td class=\"cremuneracao\">R$ 0,00 \/20h<\/td>\r\n<\/tr><tr>\r\n<td class=\"ccargos\">\r\n<span data-balloon-length=\"medium\" aria-label=\"Licenciatura Plena na \u00e1rea de Educa\u00e7\u00e3o\" data-balloon-pos=\"up\">PROFESSOR DA EDUCA\u00c7\u00c3O DE JOVENS E ADULTOS \u2013 EJA<\/span><\/td>\r\n<td class=\"cvagas\">4 + CR<\/td>\r\n<td class=\"cremuneracao\">R$ 0,00 \/20h<\/td>\r\n<\/tr><tr>\r\n<td class=\"ccargos\">\r\n<span data-balloon-length=\"medium\" aria-label=\"Ensino Superior Completo e p\u00f3s-gradua\u00e7\u00e3o em Psicopedagogia por institui\u00e7\u00e3o de ensino superior reconhecida pelo MEC.\" data-balloon-pos=\"up\">PSICOPEDAGOGO(A)<\/span><\/td>\r\n<td class=\"cvagas\">2 + CR<\/td>\r\n<td class=\"cremuneracao\">R$ 2.290,00 \/20h<\/td>\r\n<\/tr><tr>\r\n<td class=\"ccargos\">\r\n<span data-balloon-length=\"medium\" aria-label=\"Gradua\u00e7\u00e3o Plena em Psicologia + Registro no CRP\" data-balloon-pos=\"up\">PSIC\u00d3LOGO(A)<\/span><\/td>\r\n<td class=\"cvagas\">2 + CR<\/td>\r\n<td class=\"cremuneracao\">R$ 2.505,77 \/30h<\/td>\r\n<\/tr><tr>\r\n<td class=\"ccargos\">\r\n<span data-balloon-length=\"medium\" aria-label=\"Gradua\u00e7\u00e3o em Assist\u00eancia Social + Registro no CRESS\" data-balloon-pos=\"up\">ASSISTENTE SOCIAL<\/span><\/td>\r\n<td class=\"cvagas\">2 + CR<\/td>\r\n<td class=\"cremuneracao\">R$ 2.505,77 \/30h<\/td>\r\n<\/tr>\r\n    <\/tbody>\r\n  <\/table>\r\n<\/div>"},"_links":{"self":[{"href":"https:\/\/www.agrobase.com.br\/concursos\/wp-json\/wp\/v2\/posts\/268945","targetHints":{"allow":["GET"]}}],"collection":[{"href":"https:\/\/www.agrobase.com.br\/concursos\/wp-json\/wp\/v2\/posts"}],"about":[{"href":"https:\/\/www.agrobase.com.br\/concursos\/wp-json\/wp\/v2\/types\/post"}],"author":[{"embeddable":true,"href":"https:\/\/www.agrobase.com.br\/concursos\/wp-json\/wp\/v2\/users\/7"}],"replies":[{"embeddable":true,"href":"https:\/\/www.agrobase.com.br\/concursos\/wp-json\/wp\/v2\/comments?post=268945"}],"version-history":[{"count":3,"href":"https:\/\/www.agrobase.com.br\/concursos\/wp-json\/wp\/v2\/posts\/268945\/revisions"}],"predecessor-version":[{"id":268950,"href":"https:\/\/www.agrobase.com.br\/concursos\/wp-json\/wp\/v2\/posts\/268945\/revisions\/268950"}],"wp:featuredmedia":[{"embeddable":true,"href":"https:\/\/www.agrobase.com.br\/concursos\/wp-json\/wp\/v2\/media\/268944"}],"wp:attachment":[{"href":"https:\/\/www.agrobase.com.br\/concursos\/wp-json\/wp\/v2\/media?parent=268945"}],"wp:term":[{"taxonomy":"category","embeddable":true,"href":"https:\/\/www.agrobase.com.br\/concursos\/wp-json\/wp\/v2\/categories?post=268945"},{"taxonomy":"post_tag","embeddable":true,"href":"https:\/\/www.agrobase.com.br\/concursos\/wp-json\/wp\/v2\/tags?post=268945"},{"taxonomy":"_amplo","embeddable":true,"href":"https:\/\/www.agrobase.com.br\/concursos\/wp-json\/wp\/v2\/_amplo?post=268945"},{"taxonomy":"destaque","embeddable":true,"href":"https:\/\/www.agrobase.com.br\/concursos\/wp-json\/wp\/v2\/destaque?post=268945"},{"taxonomy":"instituicoes","embeddable":true,"href":"https:\/\/www.agrobase.com.br\/concursos\/wp-json\/wp\/v2\/instituicoes?post=268945"}],"curies":[{"name":"wp","href":"https:\/\/api.w.org\/{rel}","templated":true}]}}