{"id":268913,"date":"2025-07-18T08:00:38","date_gmt":"2025-07-18T11:00:38","guid":{"rendered":"https:\/\/www.agrobase.com.br\/concursos\/?p=268913"},"modified":"2025-07-17T13:47:04","modified_gmt":"2025-07-17T16:47:04","slug":"prefeitura-ibiracu-es-selecao-simplificada-12-2025","status":"publish","type":"post","link":"https:\/\/www.agrobase.com.br\/concursos\/2025\/prefeitura-ibiracu-es-selecao-simplificada-12-2025\/","title":{"rendered":"Prefeitura Ibira\u00e7u (ES) &#8211; Sele\u00e7\u00e3o Simplificada 12\/2025"},"content":{"rendered":"<h2>Informa\u00e7\u00f5es Gerais<\/h2>\n<p>A Prefeitura Municipal de Ibira\u00e7u, no Esp\u00edrito Santo, publicou o edital n\u00ba 012\/2025 para seu novo Processo Seletivo Simplificado, organizado pela Secretaria Municipal de Educa\u00e7\u00e3o. O certame visa a contrata\u00e7\u00e3o tempor\u00e1ria e a forma\u00e7\u00e3o de cadastro de reserva para profissionais da \u00e1rea da educa\u00e7\u00e3o. As oportunidades abrangem os n\u00edveis de escolaridade fundamental, m\u00e9dio\/t\u00e9cnico e superior.<\/p>\n<p>O regime de contrata\u00e7\u00e3o ser\u00e1 tempor\u00e1rio, com os profissionais vinculados ao Regime Geral de Previd\u00eancia Social (RGPS), para atender a necessidades de excepcional interesse p\u00fablico. As vagas s\u00e3o para cargos como Professor, Cuidador, Monitor de Transporte Escolar e Servente. Continue a leitura para conferir os detalhes sobre inscri\u00e7\u00f5es, etapas e cronograma.<\/p>\n<h2>Inscri\u00e7\u00f5es<\/h2>\n<p>As inscri\u00e7\u00f5es para o Processo Seletivo de Ibira\u00e7u\/ES est\u00e3o abertas e devem ser realizadas presencialmente nos dias <strong>30 e 31 de julho de 2025<\/strong>, das 08h \u00e0s 12h e das 13h \u00e0s 16h. N\u00e3o h\u00e1 cobran\u00e7a de taxa de inscri\u00e7\u00e3o.<\/p>\n<p>Para se inscrever, o candidato deve preencher o formul\u00e1rio de inscri\u00e7\u00e3o (Anexo III do edital), sem rasuras, e entreg\u00e1-lo \u00e0 comiss\u00e3o no seguinte local: <strong>Complexo Cultural Roque Peruchi, no Centro de Ibira\u00e7u\/ES<\/strong>. No ato da inscri\u00e7\u00e3o, \u00e9 obrigat\u00f3rio anexar uma c\u00f3pia leg\u00edvel de um documento de identidade com foto. Ser\u00e1 aceita apenas uma inscri\u00e7\u00e3o por CPF.<\/p>\n<p>Inscri\u00e7\u00f5es por procura\u00e7\u00e3o s\u00e3o permitidas, desde que o documento tenha firma reconhecida em cart\u00f3rio. \u00c9 fundamental que o candidato preencha todas as informa\u00e7\u00f5es corretamente, pois n\u00e3o ser\u00e1 poss\u00edvel realizar altera\u00e7\u00f5es ap\u00f3s a entrega do formul\u00e1rio. A leitura completa do edital \u00e9 indispens\u00e1vel antes de efetuar a inscri\u00e7\u00e3o.<\/p>\n<h2>Etapas e Provas<\/h2>\n<p>O processo seletivo ser\u00e1 realizado em uma \u00fanica etapa, consistindo em <strong>An\u00e1lise de T\u00edtulos e Experi\u00eancia Profissional<\/strong>, de car\u00e1ter exclusivamente classificat\u00f3rio. N\u00e3o haver\u00e1 aplica\u00e7\u00e3o de provas objetivas ou pr\u00e1ticas.<\/p>\n<p>A pontua\u00e7\u00e3o dos candidatos ser\u00e1 definida com base nos documentos comprobat\u00f3rios de qualifica\u00e7\u00e3o e experi\u00eancia, que dever\u00e3o ser apresentados no momento da convoca\u00e7\u00e3o. Ser\u00e3o avaliados os seguintes crit\u00e9rios:<\/p>\n<ul>\n<li><strong>Experi\u00eancia Profissional:<\/strong> Tempo de servi\u00e7o prestado na \u00e1rea p\u00fablica ou privada, no cargo pleiteado ou em fun\u00e7\u00e3o correlata, comprovado conforme as regras do edital.<\/li>\n<li><strong>Qualifica\u00e7\u00e3o Profissional:<\/strong> Cursos de forma\u00e7\u00e3o, como gradua\u00e7\u00e3o, p\u00f3s-gradua\u00e7\u00e3o (lato sensu), mestrado e doutorado, al\u00e9m de outros cursos de qualifica\u00e7\u00e3o conclu\u00eddos a partir de 2020, desde que relacionados \u00e0 \u00e1rea de atua\u00e7\u00e3o.<\/li>\n<\/ul>\n<p>A pontua\u00e7\u00e3o obedecer\u00e1 aos crit\u00e9rios detalhados nos quadros de t\u00edtulos presentes no edital. Itens exigidos como pr\u00e9-requisito para o cargo n\u00e3o ser\u00e3o pontuados. Para conhecer todas as regras de pontua\u00e7\u00e3o, documentos aceitos e crit\u00e9rios de avalia\u00e7\u00e3o, consulte o edital completo.<\/p>\n<h2>Resultados e Gabarito<\/h2>\n<p>A divulga\u00e7\u00e3o dos resultados e demais atos do certame ser\u00e1 feita no site oficial da Prefeitura de Ibira\u00e7u e afixada no mural da institui\u00e7\u00e3o. O cronograma previsto \u00e9:<\/p>\n<ul>\n<li><strong>Resultado Preliminar:<\/strong> Divulga\u00e7\u00e3o a partir das 13h do dia 11 de agosto de 2025.<\/li>\n<li><strong>Resultado Final:<\/strong> Publica\u00e7\u00e3o a partir das 13h do dia 15 de agosto de 2025.<\/li>\n<\/ul>\n<p>A classifica\u00e7\u00e3o final dos candidatos ser\u00e1 em ordem decrescente de pontua\u00e7\u00e3o. Em caso de empate, os crit\u00e9rios de desempate seguir\u00e3o a seguinte ordem: 1\u00ba) maior pontua\u00e7\u00e3o em exerc\u00edcio profissional; 2\u00ba) maior pontua\u00e7\u00e3o em qualifica\u00e7\u00e3o profissional; 3\u00ba) candidato de maior idade.<\/p>\n<p>A homologa\u00e7\u00e3o do resultado final dar\u00e1 in\u00edcio ao prazo de validade do processo seletivo, que \u00e9 de 12 meses. A convoca\u00e7\u00e3o dos aprovados ocorrer\u00e1 conforme a necessidade da Secretaria Municipal de Educa\u00e7\u00e3o, seguindo rigorosamente a ordem de classifica\u00e7\u00e3o.<\/p>\n<p>\u00c9 de responsabilidade exclusiva do candidato acompanhar todas as publica\u00e7\u00f5es oficiais no site <strong>www.ibiracu.es.gov.br<\/strong>, pois a prefeitura n\u00e3o realizar\u00e1 comunica\u00e7\u00f5es individuais.<\/p>\n","protected":false},"excerpt":{"rendered":"<p>Inscri\u00e7\u00f5es abrem 30\/07! Sel. Simplificada Pref. Ibira\u00e7u (ES) p\/ Professor e Cuidador (Fund. a Sup.). Sal\u00e1rios at\u00e9 R$ 2.8k. 2+CR vagas. Veja o edital!<\/p>\n","protected":false},"author":7,"featured_media":268912,"comment_status":"open","ping_status":"open","sticky":false,"template":"","format":"standard","meta":{"_acf_changed":false,"_breakdance_hide_in_design_set":false,"_breakdance_tags":"","footnotes":""},"categories":[140,141,25],"tags":[45],"_amplo":[],"destaque":[],"instituicoes":[],"class_list":["post-268913","post","type-post","status-publish","format-standard","has-post-thumbnail","hentry","category-artes-plasticas","category-educacao-artistica","category-pedagogia","tag-espirito-santo"],"acf":{"_tipo_vagas":"vagas","_numero_vagas":"","_quadro_vagas":"","_cargos":"diversos","_cargos_especificos":"","_salario_max":"R$ 2869.14","_abertura":"20250730","_encerramento":"20250731","_inscricoes":"","_executora_concurso":"","_instituicao_concurso":[],"_link_adicional":null,"_anexos":null,"_produtos":null,"_vagas":"2 vagas + CR","_salario_min":"R$ 1518","_instituicao":"Prefeitura de Ibira\u00e7u","_edital":"https:\/\/www.agrobase.com.br\/concursos\/wp-content\/uploads\/sites\/4\/2025\/07\/edital-12-2025-prefeitura-de-ibiracu-es.pdf","_anexos_edital":"https:\/\/www.agrobase.com.br\/concursos\/wp-content\/uploads\/sites\/4\/2025\/07\/anexos-edital-12-2025-prefeitura-de-ibiracu-es.pdf","_fund_incompleto":"","_fund_completo":"<div>\r\n<table class=\"quadro\">\r\n<thead>\r\n<tr>\r\n<th class=\"hcargo\">Cargo<\/th>\r\n<th class=\"hvagas\">Vagas<\/th>\r\n<th class=\"hremuneracao\">Remunera\u00e7\u00e3o<\/th>\r\n<\/tr>\r\n<\/thead>\r\n    <tbody>\r\n      <td class=\"ccargos\">\r\n<span data-balloon-length=\"medium\" aria-label=\"Fundamental Completo.\" data-balloon-pos=\"up\">SERVENTE - EMEIEF VEREADOR LEANDRO ZINGER - PROFISSIONAL PARA ATUAR NA EMEIEF VEREADOR LEANDRO ZINGER<\/span><\/td>\r\n<td class=\"cvagas\">01 + CR<\/td>\r\n<td class=\"cremuneracao\">R$ 1.518,00 \/40h<\/td>\r\n<\/tr><td class=\"ccargos\">\r\n<span data-balloon-length=\"medium\" aria-label=\"Fundamental Completo.\" data-balloon-pos=\"up\">SERVENTE - PROFISSIONAL PARA ATUAR NOS CENTROS DE EDUCA\u00c7\u00c3O INFANTIL OU ESCOLAS MUNICIPAIS DE ENSINO FUNDAMENTAL - ANOS INICIAIS OU CEMAE OU SECRETARIA MUNICIPAL DE EDUCA\u00c7\u00c3O.<\/span><\/td>\r\n<td class=\"cvagas\">CR<\/td>\r\n<td class=\"cremuneracao\">R$ 1.518,00 \/40h<\/td>\r\n<\/tr>\r\n    <\/tbody>\r\n  <\/table>\r\n<\/div>","_medio":"<div>\r\n<table class=\"quadro\">\r\n<thead>\r\n<tr>\r\n<th class=\"hcargo\">Cargo<\/th>\r\n<th class=\"hvagas\">Vagas<\/th>\r\n<th class=\"hremuneracao\">Remunera\u00e7\u00e3o<\/th>\r\n<\/tr>\r\n<\/thead>\r\n    <tbody>\r\n      <td class=\"ccargos\">\r\n<span data-balloon-length=\"medium\" aria-label=\"Ensino M\u00e9dio Completo (Diploma de Conclus\u00e3o e Hist\u00f3rico Escolar do Ensino M\u00e9dio ou Equivalente OU Declara\u00e7\u00e3o de Conclus\u00e3o de N\u00edvel M\u00e9dio com validade de 30 dias), expedidos por institui\u00e7\u00e3o de ensino regularizada pelos \u00f3rg\u00e3os do Sistema de Ensino. ACRESCIDO DE: Curso de Cuidador de Crian\u00e7as com Necessidades Especiais com carga hor\u00e1ria m\u00ednima de 80 horas.\" data-balloon-pos=\"up\">CUIDADOR - SERVI\u00c7O DE APOIO AO EDUCANDO - PROFISSIONAL PARA ATUAR NOS CENTROS DE EDUCA\u00c7\u00c3O INFANTIL - CRECHE E PR\u00c9-ESCOLA, ESCOLAS DE ENSINO FUNDAMENTAL - ANOS INICIAIS E CEMAE.<\/span><\/td>\r\n<td class=\"cvagas\">CR<\/td>\r\n<td class=\"cremuneracao\">R$ 1.518,00 \/25h<\/td>\r\n<\/tr><td class=\"ccargos\">\r\n<span data-balloon-length=\"medium\" aria-label=\"Ensino M\u00e9dio Completo (Diploma de Conclus\u00e3o e Hist\u00f3rico Escolar do Ensino M\u00e9dio ou Equivalente OU Declara\u00e7\u00e3o de Conclus\u00e3o de N\u00edvel M\u00e9dio com validade de 30 dias), expedidos por institui\u00e7\u00e3o de ensino regularizada pelos \u00f3rg\u00e3os do Sistema de Ensino. ACRESCIDO DE: Curso de Cuidador de Crian\u00e7as com Necessidades Especiais com carga hor\u00e1ria m\u00ednima de 80 horas.\" data-balloon-pos=\"up\">CUIDADOR - SERVI\u00c7O DE AP\u039f\u0399\u039f AO EDUCANDO - PROFISSIONAL PARA ATUAR ESCOLA MUNICIPAL DE EDUCA\u00c7\u00c3O INFANTIL E ENSINO FUNDAMENTAL VEREADOR LEANDRO ZINGER.<\/span><\/td>\r\n<td class=\"cvagas\">01 + CR<\/td>\r\n<td class=\"cremuneracao\">R$ 1.518,00 \/40h<\/td>\r\n<\/tr><td class=\"ccargos\">\r\n<span data-balloon-length=\"medium\" aria-label=\"Ensino M\u00e9dio Completo; Curso B\u00e1sico de Inform\u00e1tica; Curso de Microsoft Word e Excel com carga hor\u00e1ria m\u00ednima de 160 horas; Curso de Monitor Escolar credenciado pelo DETRAN; Carteira de Autoriza\u00e7\u00e3o para Acompanhante de Transporte de Escolares emitida pelo DETRAN; Certid\u00e3o Negativa Criminal relativa a crimes espec\u00edficos (homic\u00eddio, roubo, estupro, corrup\u00e7\u00e3o de menores), renov\u00e1vel a cada cinco anos.\" data-balloon-pos=\"up\">MONITOR DE TRANSPORTE ESCOLAR - PROFISSIONAL PARA ATENDER OS ALUNOS QUE UTILIZAM O TRANSPORTE ESCOLAR REALIZADO PELOS \u00d4NIBUS ESCOLARES DA FROTA MUNICIPAL.<\/span><\/td>\r\n<td class=\"cvagas\">CR<\/td>\r\n<td class=\"cremuneracao\">R$ 1.518,00 \/40h<\/td>\r\n<\/tr>\r\n    <\/tbody>\r\n  <\/table>\r\n<\/div>","_superior":"<div>\r\n<table class=\"quadro\">\r\n<thead>\r\n<tr>\r\n<th class=\"hcargo\">Cargo<\/th>\r\n<th class=\"hvagas\">Vagas<\/th>\r\n<th class=\"hremuneracao\">Remunera\u00e7\u00e3o<\/th>\r\n<\/tr>\r\n<\/thead>\r\n    <tbody>\r\n      <tr>\r\n<td class=\"ccargos\">\r\n<span data-balloon-length=\"medium\" aria-label=\"Licenciatura Plena em Pedagogia (com habilita\u00e7\u00e3o em Magist\u00e9rio das s\u00e9ries iniciais em n\u00edvel superior OU amparada pela Resolu\u00e7\u00e3o CNE\/CP n\u00ba 1\/2006), OU Licenciatura em qualquer \u00e1rea da educa\u00e7\u00e3o, OU Magist\u00e9rio das s\u00e9ries iniciais em n\u00edvel superior. ACRESCIDO DE: Curso de Atendimento Educacional Especializado na \u00c1rea da Defici\u00eancia Auditiva \u2013 CAEEDA com 180 horas E Curso de LIBRAS com carga hor\u00e1ria m\u00ednima de 240 horas.\" data-balloon-pos=\"up\">PROFESSOR MAPA ATENDIMENTO ESPECIALIZADO NA \u00c1REA DE DEFICI\u00caNCIA AUDITIVA PARA ATUAR NAS TURMAS DE EDUCA\u00c7\u00c3O INFANTIL E ENSINO FUNDAMENTAL - ANOS INICIAIS<\/span><\/td>\r\n<td class=\"cvagas\">CR<\/td>\r\n<td class=\"cremuneracao\">R$ 2.869,14 \/25h<\/td>\r\n<\/tr><tr>\r\n<td class=\"ccargos\">\r\n<span data-balloon-length=\"medium\" aria-label=\"Licenciatura Plena em Pedagogia (com habilita\u00e7\u00e3o em Administra\u00e7\u00e3o, Planejamento, Inspe\u00e7\u00e3o, Supervis\u00e3o e Orienta\u00e7\u00e3o Educacional OU regulamentada pela Resolu\u00e7\u00e3o CNE\/CP n\u00ba 1\/2006 OU acrescida de P\u00f3s-Gradua\u00e7\u00e3o Lato Sensu em Administra\u00e7\u00e3o, Planejamento, Inspe\u00e7\u00e3o, Supervis\u00e3o, Orienta\u00e7\u00e3o, Gest\u00e3o Educacional ou Gest\u00e3o Escolar) E vinte e quatro (24) meses de experi\u00eancia em reg\u00eancia de classe em Institui\u00e7\u00e3o de Ensino P\u00fablica e\/ou Privada (Diploma + Hist\u00f3rico).\" data-balloon-pos=\"up\">PROFESSOR MAPP PEDAGOGO PARA ATUAR NOS CENTROS DE EDUCA\u00c7\u00c3O INFANTIL OU NAS ESCOLAS DE ENSINO FUNDAMENTAL - ANOS INICIAIS OU NA SECRETARIA MUNICIPAL DE EDUCA\u00c7\u00c3O, NESTE MUNIC\u00cdPIO.<\/span><\/td>\r\n<td class=\"cvagas\">CR<\/td>\r\n<td class=\"cremuneracao\">R$ 2.869,14 \/25h<\/td>\r\n<\/tr><tr>\r\n<td class=\"ccargos\">\r\n<span data-balloon-length=\"medium\" aria-label=\"Licenciatura Plena em Pedagogia (com habilita\u00e7\u00e3o em Administra\u00e7\u00e3o, Planejamento, Inspe\u00e7\u00e3o, Supervis\u00e3o e Orienta\u00e7\u00e3o Educacional OU regulamentada pela Resolu\u00e7\u00e3o CNE\/CP n\u00ba 1\/2006 OU acrescida de P\u00f3s-Gradua\u00e7\u00e3o Lato Sensu em Administra\u00e7\u00e3o, Planejamento, Inspe\u00e7\u00e3o, Supervis\u00e3o, Orienta\u00e7\u00e3o, Gest\u00e3o Educacional ou Gest\u00e3o Escolar) E vinte e quatro (24) meses de experi\u00eancia em reg\u00eancia de classe em Institui\u00e7\u00e3o de Ensino P\u00fablica e\/ou Privada (Diploma + Hist\u00f3rico).\" data-balloon-pos=\"up\">PROFESSOR MAPP PEDAGOGO PARA ATUAR NA EMEIEF VEREADOR LEANDRO ZINGER, NA COMUNIDADE DE RIO LAMP\u00ca.<\/span><\/td>\r\n<td class=\"cvagas\">CR<\/td>\r\n<td class=\"cremuneracao\">R$ 2.869,14 \/25h<\/td>\r\n<\/tr><tr>\r\n<td class=\"ccargos\">\r\n<span data-balloon-length=\"medium\" aria-label=\"Licenciatura Plena em: Arte ou Educa\u00e7\u00e3o Art\u00edstica ou Artes Visuais ou Artes Pl\u00e1sticas ou M\u00fasica ou Teatro (Diploma + Hist\u00f3rico); OU Gradua\u00e7\u00e3o (Diploma + Hist\u00f3rico) acrescida de Forma\u00e7\u00e3o Pedag\u00f3gica de Docentes espec\u00edfica para o cargo pleiteado, regulamentada pela Resolu\u00e7\u00e3o CNE\/CEB n\u00b0 02\/97.\" data-balloon-pos=\"up\">PROFESSOR MAPB - ARTE-PROFESSOR PARA ATUAR NAS TURMAS DA PR\u00c9-ESCOLA E ENSINO FUNDAMENTAL - ANOS INICIAIS, DA ESCOLA MUNICIPAL DE ENSINO FUNDAMENTAL VEREADOR LEANDRO ZINGER.<\/span><\/td>\r\n<td class=\"cvagas\">CR<\/td>\r\n<td class=\"cremuneracao\">R$ 2.869,14 \/25h<\/td>\r\n<\/tr>\r\n    <\/tbody>\r\n  <\/table>\r\n<\/div>"},"_links":{"self":[{"href":"https:\/\/www.agrobase.com.br\/concursos\/wp-json\/wp\/v2\/posts\/268913","targetHints":{"allow":["GET"]}}],"collection":[{"href":"https:\/\/www.agrobase.com.br\/concursos\/wp-json\/wp\/v2\/posts"}],"about":[{"href":"https:\/\/www.agrobase.com.br\/concursos\/wp-json\/wp\/v2\/types\/post"}],"author":[{"embeddable":true,"href":"https:\/\/www.agrobase.com.br\/concursos\/wp-json\/wp\/v2\/users\/7"}],"replies":[{"embeddable":true,"href":"https:\/\/www.agrobase.com.br\/concursos\/wp-json\/wp\/v2\/comments?post=268913"}],"version-history":[{"count":1,"href":"https:\/\/www.agrobase.com.br\/concursos\/wp-json\/wp\/v2\/posts\/268913\/revisions"}],"predecessor-version":[{"id":268915,"href":"https:\/\/www.agrobase.com.br\/concursos\/wp-json\/wp\/v2\/posts\/268913\/revisions\/268915"}],"wp:featuredmedia":[{"embeddable":true,"href":"https:\/\/www.agrobase.com.br\/concursos\/wp-json\/wp\/v2\/media\/268912"}],"wp:attachment":[{"href":"https:\/\/www.agrobase.com.br\/concursos\/wp-json\/wp\/v2\/media?parent=268913"}],"wp:term":[{"taxonomy":"category","embeddable":true,"href":"https:\/\/www.agrobase.com.br\/concursos\/wp-json\/wp\/v2\/categories?post=268913"},{"taxonomy":"post_tag","embeddable":true,"href":"https:\/\/www.agrobase.com.br\/concursos\/wp-json\/wp\/v2\/tags?post=268913"},{"taxonomy":"_amplo","embeddable":true,"href":"https:\/\/www.agrobase.com.br\/concursos\/wp-json\/wp\/v2\/_amplo?post=268913"},{"taxonomy":"destaque","embeddable":true,"href":"https:\/\/www.agrobase.com.br\/concursos\/wp-json\/wp\/v2\/destaque?post=268913"},{"taxonomy":"instituicoes","embeddable":true,"href":"https:\/\/www.agrobase.com.br\/concursos\/wp-json\/wp\/v2\/instituicoes?post=268913"}],"curies":[{"name":"wp","href":"https:\/\/api.w.org\/{rel}","templated":true}]}}