{"id":268905,"date":"2025-07-18T07:40:15","date_gmt":"2025-07-18T10:40:15","guid":{"rendered":"https:\/\/www.agrobase.com.br\/concursos\/?p=268905"},"modified":"2025-07-17T12:40:13","modified_gmt":"2025-07-17T15:40:13","slug":"prefeitura-sao-gabriel-do-oeste-ms-selecao-simplificada-01-2025","status":"publish","type":"post","link":"https:\/\/www.agrobase.com.br\/concursos\/2025\/prefeitura-sao-gabriel-do-oeste-ms-selecao-simplificada-01-2025\/","title":{"rendered":"Prefeitura S\u00e3o Gabriel do Oeste (MS) &#8211; Sele\u00e7\u00e3o Simplificada 01\/2025"},"content":{"rendered":"<h2>Informa\u00e7\u00f5es Gerais<\/h2>\n<p>A Secretaria Municipal de Sa\u00fade de S\u00e3o Gabriel do Oeste, no Mato Grosso do Sul, publicou o edital n\u00ba 001\/2025 para seu Processo Seletivo Simplificado. O objetivo \u00e9 formar um banco de profissionais habilitados (cadastro reserva) para futuras contrata\u00e7\u00f5es tempor\u00e1rias, conforme a necessidade da administra\u00e7\u00e3o p\u00fablica. As oportunidades abrangem os n\u00edveis de escolaridade fundamental, m\u00e9dio\/t\u00e9cnico e superior, com vagas destinadas exclusivamente para a \u00e1rea da sa\u00fade.<\/p>\n<p>Este certame \u00e9 uma excelente oportunidade para profissionais de diversas \u00e1reas, com destaque para o cargo de <strong>Nutricionista<\/strong>. Al\u00e9m disso, h\u00e1 vagas para Enfermeiro, Farmac\u00eautico-Bioqu\u00edmico, Fisioterapeuta, Fonoaudi\u00f3logo, Odont\u00f3logo, Psic\u00f3logo, entre outros. A contrata\u00e7\u00e3o ser\u00e1 regida pela Lei Municipal n\u00ba 908\/2013, com validade de 12 meses, podendo ser prorrogada por igual per\u00edodo. Continue a leitura para conferir os detalhes sobre as inscri\u00e7\u00f5es, etapas e o cronograma completo.<\/p>\n<h2>Inscri\u00e7\u00f5es<\/h2>\n<p>As inscri\u00e7\u00f5es para o Processo Seletivo Simplificado da Prefeitura de S\u00e3o Gabriel do Oeste (MS) ser\u00e3o realizadas de forma presencial entre os dias <strong>22 e 25 de julho de 2025<\/strong>, nos hor\u00e1rios das 7h \u00e0s 11h e das 13h \u00e0s 17h. N\u00e3o h\u00e1 cobran\u00e7a de taxa de inscri\u00e7\u00e3o. Os interessados dever\u00e3o comparecer \u00e0 Secretaria Municipal de Sa\u00fade, localizada na Rua Martimiano Alves Dias, n\u00ba 1.211, Bairro Primo Maffissoni.<\/p>\n<p>Para se inscrever, o candidato dever\u00e1 preencher e assinar os Anexos I e II, dispon\u00edveis no site oficial da prefeitura, e entreg\u00e1-los em um envelope lacrado juntamente com as c\u00f3pias dos documentos comprobat\u00f3rios de t\u00edtulos e experi\u00eancia profissional. A entrega pode ser feita por terceiros, mediante procura\u00e7\u00e3o. \u00c9 fundamental que os anexos estejam corretamente preenchidos e assinados, pois a aus\u00eancia de assinatura no Anexo II resultar\u00e1 na desclassifica\u00e7\u00e3o. Para acessar os modelos de formul\u00e1rios e obter mais informa\u00e7\u00f5es, visite o site <a href=\"https:\/\/www.saogabriel.ms.gov.br\" target=\"_blank\" rel=\"noopener noreferrer\">www.saogabriel.ms.gov.br<\/a>. Recomenda-se a leitura atenta do edital para conferir toda a documenta\u00e7\u00e3o exigida.<\/p>\n<h2>Etapas e Provas<\/h2>\n<p>O processo seletivo ser\u00e1 realizado em uma \u00fanica etapa, que consiste em uma <strong>An\u00e1lise Curricular de T\u00edtulos e Experi\u00eancia Profissional<\/strong>, de car\u00e1ter eliminat\u00f3rio e classificat\u00f3rio. Nesta fase, a comiss\u00e3o avaliadora analisar\u00e1 os documentos entregues pelo candidato no ato da inscri\u00e7\u00e3o para atribuir a pontua\u00e7\u00e3o final.<\/p>\n<p>Ser\u00e3o considerados para pontua\u00e7\u00e3o:<\/p>\n<ul>\n<li><strong>Forma\u00e7\u00e3o acad\u00eamica e escolaridade:<\/strong> Conforme o requisito do cargo pretendido.<\/li>\n<li><strong>Cursos de capacita\u00e7\u00e3o:<\/strong> Ser\u00e3o aceitos apenas certificados de cursos realizados nos \u00faltimos 5 anos, que contenham o conte\u00fado program\u00e1tico e sejam compat\u00edveis com a \u00e1rea de atua\u00e7\u00e3o.<\/li>\n<li><strong>Experi\u00eancia profissional:<\/strong> O tempo de servi\u00e7o ser\u00e1 computado em per\u00edodos de 12 meses completos, comprovado por meio de certid\u00e3o ou carteira de trabalho.<\/li>\n<\/ul>\n<p>Documentos ileg\u00edveis, com rasuras, ou que n\u00e3o atendam \u00e0s especifica\u00e7\u00f5es do edital n\u00e3o ser\u00e3o pontuados. A falta do comprovante de escolaridade m\u00ednima exigida para o cargo \u00e9 um crit\u00e9rio eliminat\u00f3rio. Para conhecer em detalhes os crit\u00e9rios de pontua\u00e7\u00e3o, a documenta\u00e7\u00e3o aceita e as regras de avalia\u00e7\u00e3o, \u00e9 indispens\u00e1vel a leitura completa do edital.<\/p>\n<h2>Resultados e Gabarito<\/h2>\n<p>O cronograma oficial do certame prev\u00ea a divulga\u00e7\u00e3o do resultado preliminar da an\u00e1lise curricular no dia <strong>01 de agosto de 2025<\/strong>. Os candidatos poder\u00e3o interpor recursos no dia 04 de agosto, e a publica\u00e7\u00e3o do resultado final, juntamente com a homologa\u00e7\u00e3o do processo seletivo, est\u00e1 agendada para <strong>05 de agosto de 2025<\/strong>. A convoca\u00e7\u00e3o dos aprovados para apresenta\u00e7\u00e3o de documentos e contrata\u00e7\u00e3o iniciar\u00e1 a partir de 06 de agosto de 2025.<\/p>\n<p>Em caso de empate na pontua\u00e7\u00e3o final, os crit\u00e9rios de desempate seguir\u00e3o a seguinte ordem: <\/p>\n<ul>\n<li>Candidato com idade mais elevada;<\/li>\n<li>Maior pontua\u00e7\u00e3o no item de tempo de servi\u00e7o p\u00fablico no cargo pretendido;<\/li>\n<li>Maior pontua\u00e7\u00e3o no item de tempo de servi\u00e7o p\u00fablico em qualquer \u00e1rea.<\/li>\n<\/ul>\n<p> A convoca\u00e7\u00e3o dos classificados ocorrer\u00e1 de acordo com a necessidade da Secretaria Municipal de Sa\u00fade e ser\u00e1 publicada no Di\u00e1rio Oficial dos Munic\u00edpios do Estado de Mato Grosso do Sul (ASSOMASUL).<\/p>\n<p>\u00c9 de responsabilidade exclusiva do candidato acompanhar todas as publica\u00e7\u00f5es de resultados, convoca\u00e7\u00f5es e demais atos do processo seletivo no site da Prefeitura de S\u00e3o Gabriel do Oeste e no Di\u00e1rio Oficial.<\/p>\n","protected":false},"excerpt":{"rendered":"<p>Aguardando in\u00edcio: Processo Seletivo Pref. S\u00e3o Gabriel do Oeste (MS) p\/ Enfermeiro e + (Fund. a Sup.). Inscri\u00e7\u00f5es a partir de 22\/07. Sal\u00e1rios at\u00e9 R$ 8.2k. Confira detalhes!<\/p>\n","protected":false},"author":7,"featured_media":268904,"comment_status":"open","ping_status":"open","sticky":false,"template":"","format":"standard","meta":{"_acf_changed":false,"_breakdance_hide_in_design_set":false,"_breakdance_tags":"","footnotes":""},"categories":[106,12,17,18,19,23,24,26,161,143],"tags":[48],"_amplo":[],"destaque":[],"instituicoes":[],"class_list":["post-268905","post","type-post","status-publish","format-standard","has-post-thumbnail","hentry","category-bioquimica","category-enfermagem","category-farmacia","category-fisioterapia","category-fonoaudiologia","category-nutricao","category-odontologia","category-psicologia","category-tecnico-laboratorio","category-tecnico-odontologia","tag-mato-grosso-do-sul"],"acf":{"_tipo_vagas":"vagas","_numero_vagas":"","_quadro_vagas":"","_cargos":"diversos","_cargos_especificos":"","_salario_max":"R$ 8271.09","_abertura":"20250722","_encerramento":"20250725","_inscricoes":"https:\/\/www.saogabriel.ms.gov.br","_executora_concurso":"","_instituicao_concurso":[],"_link_adicional":null,"_anexos":null,"_produtos":null,"_vagas":"CR","_salario_min":"R$ 2255.71","_instituicao":"Prefeitura de S\u00e3o Gabriel do Oeste","_edital":"https:\/\/www.agrobase.com.br\/concursos\/wp-content\/uploads\/sites\/4\/2025\/07\/edital-01-2025-prefeitura-de-sao-gabriel-do-oeste-ms.pdf","_anexos_edital":"","_fund_incompleto":"","_fund_completo":"<div>\r\n<table class=\"quadro\">\r\n<thead>\r\n<tr>\r\n<th class=\"hcargo\">Cargo<\/th>\r\n<th class=\"hvagas\">Vagas<\/th>\r\n<th class=\"hremuneracao\">Remunera\u00e7\u00e3o<\/th>\r\n<\/tr>\r\n<\/thead>\r\n    <tbody>\r\n      <td class=\"ccargos\">\r\n<span data-balloon-length=\"medium\" aria-label=\"Ensino Fundamental; Certificado de conclus\u00e3o do Curso de Auxiliar de Sa\u00fade Bucal e\/ou Auxiliar de Consult\u00f3rio Dent\u00e1rio ou declara\u00e7\u00e3o equivalente; Comprovante de registro no respectivo conselho de classe.\" data-balloon-pos=\"up\">AUXILIAR DE SA\u00daDE BUCAL<\/span><\/td>\r\n<td class=\"cvagas\">CR<\/td>\r\n<td class=\"cremuneracao\">R$ 2.255,71 \/40h<\/td>\r\n<\/tr><td class=\"ccargos\">\r\n<span data-balloon-length=\"medium\" aria-label=\"Ensino Fundamental; Carteira Nacional de Habilita\u00e7\u00e3o Categoria 'D' h\u00e1 no m\u00ednimo 1 ano com observa\u00e7\u00e3o EAR (Exerce Atividade Remunerada); Comprovante de curso especializado de transporte de ve\u00edculos de emerg\u00eancia (CETVE) vigente; Capacita\u00e7\u00e3o em atendimento pr\u00e9-hospitalar (APH), m\u00ednimo de 100 horas\/aula; Exame toxicol\u00f3gico com validade vigente.\" data-balloon-pos=\"up\">MOTORISTA DE AMBULANCIA (CONDUTOR\/ SOCORRISTA SAMU)<\/span><\/td>\r\n<td class=\"cvagas\">CR<\/td>\r\n<td class=\"cremuneracao\">R$ 2.255,71 \/40h ou 24\/72h<\/td>\r\n<\/tr>\r\n    <\/tbody>\r\n  <\/table>\r\n<\/div>","_medio":"<div>\r\n<table class=\"quadro\">\r\n<thead>\r\n<tr>\r\n<th class=\"hcargo\">Cargo<\/th>\r\n<th class=\"hvagas\">Vagas<\/th>\r\n<th class=\"hremuneracao\">Remunera\u00e7\u00e3o<\/th>\r\n<\/tr>\r\n<\/thead>\r\n    <tbody>\r\n      <td class=\"ccargos\">\r\n<span data-balloon-length=\"medium\" aria-label=\"Ensino M\u00e9dio; Diploma\/declara\u00e7\u00e3o de conclus\u00e3o de curso de T\u00e9cnico de Laborat\u00f3rio\/An\u00e1lises Cl\u00ednicas.\" data-balloon-pos=\"up\">T\u00c9CNICO DE LABORAT\u00d3RIO<\/span><\/td>\r\n<td class=\"cvagas\">CR<\/td>\r\n<td class=\"cremuneracao\">R$ 3.195,64 \/40h<\/td>\r\n<\/tr>\r\n    <\/tbody>\r\n  <\/table>\r\n<\/div>","_superior":"<div>\r\n<table class=\"quadro\">\r\n<thead>\r\n<tr>\r\n<th class=\"hcargo\">Cargo<\/th>\r\n<th class=\"hvagas\">Vagas<\/th>\r\n<th class=\"hremuneracao\">Remunera\u00e7\u00e3o<\/th>\r\n<\/tr>\r\n<\/thead>\r\n    <tbody>\r\n      <tr>\r\n<td class=\"ccargos\">\r\n<span data-balloon-length=\"medium\" aria-label=\"Ensino Superior em Enfermagem; Comprovante de registro no respectivo conselho de classe.\" data-balloon-pos=\"up\">ENFERMEIRO<\/span><\/td>\r\n<td class=\"cvagas\">CR<\/td>\r\n<td class=\"cremuneracao\">R$ 8.271,09 \/40h<\/td>\r\n<\/tr><tr>\r\n<td class=\"ccargos\">\r\n<span data-balloon-length=\"medium\" aria-label=\"Ensino Superior em Farm\u00e1cia \u2013 Bioqu\u00edmica com registro no conselho de classe; OU Ensino Superior em Farm\u00e1cia com p\u00f3s-gradua\u00e7\u00e3o em An\u00e1lises Cl\u00ednicas e registro no conselho de classe.\" data-balloon-pos=\"up\">FARMAC\u00caUTICO-BIOQU\u00cdMICO<\/span><\/td>\r\n<td class=\"cvagas\">CR<\/td>\r\n<td class=\"cremuneracao\">R$ 4.135,55 \/20h<\/td>\r\n<\/tr><tr>\r\n<td class=\"ccargos\">\r\n<span data-balloon-length=\"medium\" aria-label=\"Ensino Superior em Fisioterapia; Comprovante de registro no respectivo conselho de classe.\" data-balloon-pos=\"up\">FISIOTERAPEUTA<\/span><\/td>\r\n<td class=\"cvagas\">CR<\/td>\r\n<td class=\"cremuneracao\">R$ 8.271,09 \/30h<\/td>\r\n<\/tr><tr>\r\n<td class=\"ccargos\">\r\n<span data-balloon-length=\"medium\" aria-label=\"Ensino Superior em Fonoaudiologia; Comprovante de registro no respectivo conselho de classe.\" data-balloon-pos=\"up\">FONOAUDI\u00d3LOGO<\/span><\/td>\r\n<td class=\"cvagas\">CR<\/td>\r\n<td class=\"cremuneracao\">R$ 8.271,09 \/40h<\/td>\r\n<\/tr><tr>\r\n<td class=\"ccargos\">\r\n<span data-balloon-length=\"medium\" aria-label=\"Ensino Superior em Nutri\u00e7\u00e3o; Comprovante de registro no conselho regional de Nutri\u00e7\u00e3o (CRN).\" data-balloon-pos=\"up\">NUTRICIONISTA<\/span><\/td>\r\n<td class=\"cvagas\">CR<\/td>\r\n<td class=\"cremuneracao\">R$ 8.271,09 \/40h<\/td>\r\n<\/tr><tr>\r\n<td class=\"ccargos\">\r\n<span data-balloon-length=\"medium\" aria-label=\"Ensino Superior em Odontologia; Comprovante de registro no respectivo conselho de classe.\" data-balloon-pos=\"up\">ODONTOLOGO<\/span><\/td>\r\n<td class=\"cvagas\">CR<\/td>\r\n<td class=\"cremuneracao\">R$ 8.271,09 \/40h<\/td>\r\n<\/tr><tr>\r\n<td class=\"ccargos\">\r\n<span data-balloon-length=\"medium\" aria-label=\"Ensino Superior em Psicologia; Comprovante de registro no respectivo conselho de classe.\" data-balloon-pos=\"up\">PSIC\u00d3LOGO(4h)<\/span><\/td>\r\n<td class=\"cvagas\">CR<\/td>\r\n<td class=\"cremuneracao\">R$ 4.135,55 \/20h<\/td>\r\n<\/tr><tr>\r\n<td class=\"ccargos\">\r\n<span data-balloon-length=\"medium\" aria-label=\"Ensino Superior em Psicologia; Comprovante de registro no respectivo conselho de classe.\" data-balloon-pos=\"up\">PSIC\u00d3LOGO(8h)<\/span><\/td>\r\n<td class=\"cvagas\">CR<\/td>\r\n<td class=\"cremuneracao\">R$ 8.271,09 \/40h<\/td>\r\n<\/tr>\r\n    <\/tbody>\r\n  <\/table>\r\n<\/div>"},"_links":{"self":[{"href":"https:\/\/www.agrobase.com.br\/concursos\/wp-json\/wp\/v2\/posts\/268905","targetHints":{"allow":["GET"]}}],"collection":[{"href":"https:\/\/www.agrobase.com.br\/concursos\/wp-json\/wp\/v2\/posts"}],"about":[{"href":"https:\/\/www.agrobase.com.br\/concursos\/wp-json\/wp\/v2\/types\/post"}],"author":[{"embeddable":true,"href":"https:\/\/www.agrobase.com.br\/concursos\/wp-json\/wp\/v2\/users\/7"}],"replies":[{"embeddable":true,"href":"https:\/\/www.agrobase.com.br\/concursos\/wp-json\/wp\/v2\/comments?post=268905"}],"version-history":[{"count":1,"href":"https:\/\/www.agrobase.com.br\/concursos\/wp-json\/wp\/v2\/posts\/268905\/revisions"}],"predecessor-version":[{"id":268907,"href":"https:\/\/www.agrobase.com.br\/concursos\/wp-json\/wp\/v2\/posts\/268905\/revisions\/268907"}],"wp:featuredmedia":[{"embeddable":true,"href":"https:\/\/www.agrobase.com.br\/concursos\/wp-json\/wp\/v2\/media\/268904"}],"wp:attachment":[{"href":"https:\/\/www.agrobase.com.br\/concursos\/wp-json\/wp\/v2\/media?parent=268905"}],"wp:term":[{"taxonomy":"category","embeddable":true,"href":"https:\/\/www.agrobase.com.br\/concursos\/wp-json\/wp\/v2\/categories?post=268905"},{"taxonomy":"post_tag","embeddable":true,"href":"https:\/\/www.agrobase.com.br\/concursos\/wp-json\/wp\/v2\/tags?post=268905"},{"taxonomy":"_amplo","embeddable":true,"href":"https:\/\/www.agrobase.com.br\/concursos\/wp-json\/wp\/v2\/_amplo?post=268905"},{"taxonomy":"destaque","embeddable":true,"href":"https:\/\/www.agrobase.com.br\/concursos\/wp-json\/wp\/v2\/destaque?post=268905"},{"taxonomy":"instituicoes","embeddable":true,"href":"https:\/\/www.agrobase.com.br\/concursos\/wp-json\/wp\/v2\/instituicoes?post=268905"}],"curies":[{"name":"wp","href":"https:\/\/api.w.org\/{rel}","templated":true}]}}