{"id":268877,"date":"2025-07-17T08:20:43","date_gmt":"2025-07-17T11:20:43","guid":{"rendered":"https:\/\/www.agrobase.com.br\/concursos\/?p=268877"},"modified":"2025-07-16T14:04:09","modified_gmt":"2025-07-16T17:04:09","slug":"prefeitura-ipanema-mg-concurso-01-2025","status":"publish","type":"post","link":"https:\/\/www.agrobase.com.br\/concursos\/2025\/prefeitura-ipanema-mg-concurso-01-2025\/","title":{"rendered":"Prefeitura Ipanema (MG) &#8211; Concurso 01\/2025"},"content":{"rendered":"<h2>Informa\u00e7\u00f5es Gerais<\/h2>\n<p>A Prefeitura Municipal de Ipanema, em Minas Gerais, publicou o edital n\u00ba 01\/2025 para seu novo Concurso P\u00fablico, organizado pelo Instituto Brasileiro de Gest\u00e3o e Pesquisa (IBGP). O certame visa o preenchimento de 174 vagas imediatas, al\u00e9m da forma\u00e7\u00e3o de cadastro de reserva, para cargos do quadro permanente de pessoal. As oportunidades abrangem os n\u00edveis de escolaridade fundamental, m\u00e9dio, t\u00e9cnico e superior, com contrata\u00e7\u00e3o sob o regime estatut\u00e1rio, que garante estabilidade ao servidor.<\/p>\n<p>As vagas est\u00e3o distribu\u00eddas em diversas \u00e1reas, como administrativa, operacional, sa\u00fade e educa\u00e7\u00e3o. <strong>Para os profissionais das \u00e1reas de agr\u00e1rias e sa\u00fade, o concurso oferece oportunidades para os cargos de M\u00e9dico Veterin\u00e1rio, Zootecnista, Nutricionista e Biom\u00e9dico<\/strong>, representando uma excelente chance de ingresso no servi\u00e7o p\u00fablico municipal.<\/p>\n<p>Este concurso \u00e9 uma porta de entrada para uma carreira s\u00f3lida na administra\u00e7\u00e3o p\u00fablica de Ipanema\/MG. Nas se\u00e7\u00f5es seguintes, voc\u00ea encontrar\u00e1 todos os detalhes sobre o processo de inscri\u00e7\u00e3o, as etapas de avalia\u00e7\u00e3o e o cronograma de resultados para se preparar da melhor forma.<\/p>\n<h2>Inscri\u00e7\u00f5es<\/h2>\n<p>As inscri\u00e7\u00f5es para o Concurso da Prefeitura de Ipanema\/MG ser\u00e3o realizadas exclusivamente pela internet, atrav\u00e9s do site da banca organizadora, o IBGP. O per\u00edodo para se candidatar ter\u00e1 in\u00edcio \u00e0s <strong>09h do dia 1\u00ba de setembro de 2025 e se encerrar\u00e1 \u00e0s 16h do dia 1\u00ba de outubro de 2025<\/strong>. \u00c9 fundamental que os interessados realizem o cadastro e a emiss\u00e3o do boleto dentro deste prazo.<\/p>\n<p>Os valores da taxa de inscri\u00e7\u00e3o foram definidos de acordo com o n\u00edvel de escolaridade do cargo pretendido:<\/p>\n<ul>\n<li><strong>N\u00edvel Fundamental:<\/strong> R$ 60,00<\/li>\n<li><strong>N\u00edvel M\u00e9dio\/T\u00e9cnico:<\/strong> R$ 80,00<\/li>\n<li><strong>N\u00edvel Superior:<\/strong> R$ 100,00<\/li>\n<\/ul>\n<p>O pagamento do boleto banc\u00e1rio dever\u00e1 ser efetuado at\u00e9 o dia 02 de outubro de 2025. O edital alerta que pagamentos via PIX direto, DOC, TED ou dep\u00f3sito n\u00e3o ser\u00e3o aceitos. Ap\u00f3s gerar o boleto, \u00e9 necess\u00e1rio aguardar no m\u00ednimo duas horas para realizar o pagamento. O candidato deve acompanhar a confirma\u00e7\u00e3o da inscri\u00e7\u00e3o na &#8220;\u00c1rea do Candidato&#8221;, no site do IBGP. O edital tamb\u00e9m prev\u00ea a possibilidade de solicitar isen\u00e7\u00e3o da taxa, cujos crit\u00e9rios e procedimentos devem ser consultados no documento oficial. Para garantir sua participa\u00e7\u00e3o, leia atentamente o edital completo antes de efetuar a inscri\u00e7\u00e3o.<\/p>\n<h2>Etapas e Provas<\/h2>\n<p>O processo seletivo do Concurso de Ipanema\/MG ser\u00e1 estruturado em m\u00faltiplas etapas, variando conforme o cargo pretendido. Todos os candidatos ser\u00e3o submetidos \u00e0 primeira etapa, a Prova Objetiva, com as demais fases aplicadas de acordo com a especificidade da fun\u00e7\u00e3o.<\/p>\n<p>As etapas previstas s\u00e3o:<\/p>\n<ul>\n<li><strong>Prova Objetiva de M\u00faltipla Escolha:<\/strong> De car\u00e1ter eliminat\u00f3rio e classificat\u00f3rio, ser\u00e1 aplicada para <em>todos os cargos<\/em>. A prova ter\u00e1 dura\u00e7\u00e3o de 3 horas e ser\u00e1 composta por quest\u00f5es de m\u00faltipla escolha com quatro alternativas. Para ser aprovado, o candidato dever\u00e1 obter no m\u00ednimo 50% do total de pontos, sem zerar em nenhuma das disciplinas, que podem incluir L\u00edngua Portuguesa, Matem\u00e1tica\/Racioc\u00ednio L\u00f3gico, Legisla\u00e7\u00e3o, No\u00e7\u00f5es de Inform\u00e1tica, Conhecimentos Gerais e Conhecimentos Espec\u00edficos.<\/li>\n<li><strong>Prova de T\u00edtulos:<\/strong> De car\u00e1ter apenas classificat\u00f3rio, destinada aos candidatos de <em>n\u00edvel superior<\/em> que forem aprovados na prova objetiva. Ser\u00e3o avaliadas a forma\u00e7\u00e3o acad\u00eamica e a experi\u00eancia profissional do candidato.<\/li>\n<li><strong>Prova Pr\u00e1tica:<\/strong> De car\u00e1ter eliminat\u00f3rio, exclusiva para os candidatos aos cargos de <em>Motorista, Operador de M\u00e1quinas e Oper\u00e1rio<\/em> aprovados na fase objetiva. A avalia\u00e7\u00e3o consistir\u00e1 em tarefas pr\u00e1ticas da fun\u00e7\u00e3o, e o candidato ser\u00e1 considerado &#8220;apto&#8221; ou &#8220;inapto&#8221;, sendo necess\u00e1rio atingir 50% de aproveitamento para ser aprovado.<\/li>\n<li><strong>Prova de Desempenho Did\u00e1tico:<\/strong> De car\u00e1ter eliminat\u00f3rio e classificat\u00f3rio, voltada para os candidatos aos cargos de <em>Professor II<\/em>. Consistir\u00e1 na apresenta\u00e7\u00e3o de uma aula com dura\u00e7\u00e3o de at\u00e9 30 minutos, avaliada por uma banca examinadora. A pontua\u00e7\u00e3o m\u00ednima para aprova\u00e7\u00e3o \u00e9 de 60% do total de pontos.<\/li>\n<\/ul>\n<p>Para informa\u00e7\u00f5es detalhadas sobre o conte\u00fado program\u00e1tico, crit\u00e9rios de avalia\u00e7\u00e3o e cronograma completo de cada etapa, \u00e9 indispens\u00e1vel a leitura do edital oficial.<\/p>\n<h2>Resultados e Gabarito<\/h2>\n<p>A divulga\u00e7\u00e3o dos resultados do Concurso de Ipanema\/MG seguir\u00e1 um cronograma estabelecido pela banca organizadora, o IBGP. Os candidatos dever\u00e3o acompanhar a publica\u00e7\u00e3o dos gabaritos preliminares e definitivos da prova objetiva, bem como os resultados de cada etapa, no site oficial do concurso. A classifica\u00e7\u00e3o final ser\u00e1 determinada pela soma dos pontos obtidos na Prova Objetiva e, para os cargos de n\u00edvel superior, na Prova de T\u00edtulos.<\/p>\n<p>Em caso de empate na nota final, ser\u00e3o aplicados os seguintes crit\u00e9rios de desempate, em ordem de prefer\u00eancia:<\/p>\n<ul>\n<li>Idade igual ou superior a 60 anos;<\/li>\n<li>Maior pontua\u00e7\u00e3o em Conhecimentos Espec\u00edficos;<\/li>\n<li>Maior pontua\u00e7\u00e3o em L\u00edngua Portuguesa;<\/li>\n<li>Maior pontua\u00e7\u00e3o em Legisla\u00e7\u00e3o;<\/li>\n<li>Maior pontua\u00e7\u00e3o em Matem\u00e1tica\/Racioc\u00ednio L\u00f3gico;<\/li>\n<li>Maior pontua\u00e7\u00e3o em Conhecimentos Gerais;<\/li>\n<li>Maior pontua\u00e7\u00e3o em No\u00e7\u00f5es de Inform\u00e1tica;<\/li>\n<li>Ter exercido a fun\u00e7\u00e3o de jurado;<\/li>\n<li>Maior idade.<\/li>\n<\/ul>\n<p>O resultado final do certame ser\u00e1 homologado pelo Prefeito Municipal e publicado no Di\u00e1rio Oficial do Munic\u00edpio e nos sites da Prefeitura de Ipanema\/MG e do IBGP. A convoca\u00e7\u00e3o dos aprovados para a nomea\u00e7\u00e3o seguir\u00e1 rigorosamente a ordem de classifica\u00e7\u00e3o e ser\u00e1 comunicada por meio de publica\u00e7\u00f5es oficiais, que devem ser acompanhadas pelos candidatos.<\/p>\n<p>\u00c9 de responsabilidade exclusiva do candidato acompanhar todas as publica\u00e7\u00f5es, convoca\u00e7\u00f5es e comunicados referentes ao concurso no site da banca organizadora e no Di\u00e1rio Oficial do Munic\u00edpio.<\/p>\n","protected":false},"excerpt":{"rendered":"<p>Concurso Pref. Ipanema (MG) com edital publicado! Vagas p\/ Professores (Fund. a Sup.). Inscri\u00e7\u00f5es a partir de 01\/09. Sal\u00e1rios at\u00e9 R$ 2.7k. Confira detalhes!<\/p>\n","protected":false},"author":7,"featured_media":268876,"comment_status":"open","ping_status":"open","sticky":false,"template":"","format":"standard","meta":{"_acf_changed":false,"_breakdance_hide_in_design_set":false,"_breakdance_tags":"","footnotes":""},"categories":[5,94,6433,7,10,141,6434,12,17,18,19,111,100,20,6871,116,22,23,24,25,26,101,108,28],"tags":[50],"_amplo":[],"destaque":[],"instituicoes":[],"class_list":["post-268877","post","type-post","status-publish","format-standard","has-post-thumbnail","hentry","category-arquitetura","category-biblioteconomia","category-biologia-licenciatura","category-biomedicina","category-direito","category-educacao-artistica","category-educacao-fisica-licenciatura","category-enfermagem","category-farmacia","category-fisioterapia","category-fonoaudiologia","category-geografia","category-historia","category-letras","category-letras-ingles","category-matematica","category-veterinaria","category-nutricao","category-odontologia","category-pedagogia","category-psicologia","category-servico-social","category-tecnico-enfermagem","category-zootecnia","tag-minas-gerais"],"acf":{"_tipo_vagas":"vagas","_numero_vagas":"","_quadro_vagas":"","_cargos":"diversos","_cargos_especificos":"","_salario_max":"R$ 2762.85","_abertura":"20250901","_encerramento":"20251001","_inscricoes":"https:\/\/www.ibgpconcursos.com.br","_executora_concurso":"","_instituicao_concurso":[],"_link_adicional":null,"_anexos":null,"_produtos":null,"_vagas":"174 vagas + CR","_salario_min":"R$ 1518","_instituicao":"Prefeitura de Ipanema","_edital":"https:\/\/www.agrobase.com.br\/concursos\/wp-content\/uploads\/sites\/4\/2025\/07\/edital-01-2025-prefeitura-de-ipanema-mg.pdf","_anexos_edital":"https:\/\/www.agrobase.com.br\/concursos\/wp-content\/uploads\/sites\/4\/2025\/07\/anexos-edital-01-2025-prefeitura-de-ipanema-mg.pdf","_fund_incompleto":"","_fund_completo":"<div>\r\n<table class=\"quadro\">\r\n<thead>\r\n<tr>\r\n<th class=\"hcargo\">Cargo<\/th>\r\n<th class=\"hvagas\">Vagas<\/th>\r\n<th class=\"hremuneracao\">Remunera\u00e7\u00e3o<\/th>\r\n<\/tr>\r\n<\/thead>\r\n    <tbody>\r\n      <td class=\"ccargos\">\r\n<span data-balloon-length=\"medium\" aria-label=\"Elementar\" data-balloon-pos=\"up\">AUXILIAR DE SERVI\u00c7OS GERAIS<\/span><\/td>\r\n<td class=\"cvagas\">08<\/td>\r\n<td class=\"cremuneracao\">R$ 1.518,00 \/40h<\/td>\r\n<\/tr><td class=\"ccargos\">\r\n<span data-balloon-length=\"medium\" data-balloon-pos=\"up\">MOTORISTA<\/span><\/td>\r\n<td class=\"cvagas\">03<\/td>\r\n<td class=\"cremuneracao\">R$ 1.690,00 \/40h<\/td>\r\n<\/tr><td class=\"ccargos\">\r\n<span data-balloon-length=\"medium\" data-balloon-pos=\"up\">OPERADOR DE M\u00c1QUINAS<\/span><\/td>\r\n<td class=\"cvagas\">01<\/td>\r\n<td class=\"cremuneracao\">R$ 1.690,00 \/40h<\/td>\r\n<\/tr><td class=\"ccargos\">\r\n<span data-balloon-length=\"medium\" aria-label=\"Elementar\" data-balloon-pos=\"up\">OPER\u00c1RIO<\/span><\/td>\r\n<td class=\"cvagas\">40<\/td>\r\n<td class=\"cremuneracao\">R$ 1.518,00 \/40h<\/td>\r\n<\/tr><td class=\"ccargos\">\r\n<span data-balloon-length=\"medium\" aria-label=\"Elementar\" data-balloon-pos=\"up\">SERVENTE ESCOLAR<\/span><\/td>\r\n<td class=\"cvagas\">25<\/td>\r\n<td class=\"cremuneracao\">R$ 1.518,00 \/40h<\/td>\r\n<\/tr><td class=\"ccargos\">\r\n<span data-balloon-length=\"medium\" aria-label=\"Elementar\" data-balloon-pos=\"up\">VIGIA<\/span><\/td>\r\n<td class=\"cvagas\">08<\/td>\r\n<td class=\"cremuneracao\">R$ 1.518,00 \/40h<\/td>\r\n<\/tr>\r\n    <\/tbody>\r\n  <\/table>\r\n<\/div>","_medio":"<div>\r\n<table class=\"quadro\">\r\n<thead>\r\n<tr>\r\n<th class=\"hcargo\">Cargo<\/th>\r\n<th class=\"hvagas\">Vagas<\/th>\r\n<th class=\"hremuneracao\">Remunera\u00e7\u00e3o<\/th>\r\n<\/tr>\r\n<\/thead>\r\n    <tbody>\r\n      <td class=\"ccargos\">\r\n<span data-balloon-length=\"medium\" aria-label=\"Forma\u00e7\u00e3o espec\u00edfica na \u00e1rea com registro ativo no Conselho Regional de Odontologia de Minas Gerais\" data-balloon-pos=\"up\">AUXILIAR DE CIRURGI\u00c3O DENTISTA<\/span><\/td>\r\n<td class=\"cvagas\">01<\/td>\r\n<td class=\"cremuneracao\">R$ 1.518,00 \/40h<\/td>\r\n<\/tr><td class=\"ccargos\">\r\n<span data-balloon-length=\"medium\" aria-label=\"Ensino M\u00e9dio Completo\" data-balloon-pos=\"up\">ESCRITUR\u00c1RIO<\/span><\/td>\r\n<td class=\"cvagas\">01<\/td>\r\n<td class=\"cremuneracao\">R$ 1.518,00 \/40h<\/td>\r\n<\/tr><td class=\"ccargos\">\r\n<span data-balloon-length=\"medium\" aria-label=\"Ensino M\u00e9dio Completo\" data-balloon-pos=\"up\">INSTRUTOR DE ATIVIDADES<\/span><\/td>\r\n<td class=\"cvagas\">02<\/td>\r\n<td class=\"cremuneracao\">R$ 1.518,00 \/24h<\/td>\r\n<\/tr><td class=\"ccargos\">\r\n<span data-balloon-length=\"medium\" aria-label=\"Ensino M\u00e9dio Completo\" data-balloon-pos=\"up\">MONITOR<\/span><\/td>\r\n<td class=\"cvagas\">11<\/td>\r\n<td class=\"cremuneracao\">R$ 1.518,00 \/40h<\/td>\r\n<\/tr><td class=\"ccargos\">\r\n<span data-balloon-length=\"medium\" aria-label=\"Ensino M\u00e9dio Completo\" data-balloon-pos=\"up\">T\u00c9CNICO ADMINISTRATIVO<\/span><\/td>\r\n<td class=\"cvagas\">08<\/td>\r\n<td class=\"cremuneracao\">R$ 1.518,00 \/40h<\/td>\r\n<\/tr><td class=\"ccargos\">\r\n<span data-balloon-length=\"medium\" aria-label=\"Curso T\u00e9cnico de Enfermagem e registro no Conselho de Classe ativo no Conselho Regional de Enfermagem de Minas Gerais\" data-balloon-pos=\"up\">T\u00c9CNICO EM ENFERMAGEM<\/span><\/td>\r\n<td class=\"cvagas\">02<\/td>\r\n<td class=\"cremuneracao\">R$ 1.518,00 \/40h<\/td>\r\n<\/tr><td class=\"ccargos\">\r\n<span data-balloon-length=\"medium\" aria-label=\"Curso T\u00e9cnico em Radiologia com registro ativo no Conselho Regional de T\u00e9cnicos em Radiologia\" data-balloon-pos=\"up\">T\u00c9CNICO EM RAIO X<\/span><\/td>\r\n<td class=\"cvagas\">02<\/td>\r\n<td class=\"cremuneracao\">R$ 1.518,00 \/20h<\/td>\r\n<\/tr>\r\n    <\/tbody>\r\n  <\/table>\r\n<\/div>","_superior":"<div>\r\n<table class=\"quadro\">\r\n<thead>\r\n<tr>\r\n<th class=\"hcargo\">Cargo<\/th>\r\n<th class=\"hvagas\">Vagas<\/th>\r\n<th class=\"hremuneracao\">Remunera\u00e7\u00e3o<\/th>\r\n<\/tr>\r\n<\/thead>\r\n    <tbody>\r\n      <tr>\r\n<td class=\"ccargos\">\r\n<span data-balloon-length=\"medium\" aria-label=\"Curso Superior em Direito com registro na OAB\" data-balloon-pos=\"up\">ADVOGADO<\/span><\/td>\r\n<td class=\"cvagas\">01<\/td>\r\n<td class=\"cremuneracao\">R$ 1.714,80 \/20h<\/td>\r\n<\/tr><tr>\r\n<td class=\"ccargos\">\r\n<span data-balloon-length=\"medium\" aria-label=\"Curso Superior em Arquitetura e Urbanismo e registro no Conselho de Classe\" data-balloon-pos=\"up\">ARQUITETO<\/span><\/td>\r\n<td class=\"cvagas\">01<\/td>\r\n<td class=\"cremuneracao\">R$ 1.714,80 \/30h<\/td>\r\n<\/tr><tr>\r\n<td class=\"ccargos\">\r\n<span data-balloon-length=\"medium\" aria-label=\"Curso Superior em Servi\u00e7o Social e registro no Conselho de Classe\" data-balloon-pos=\"up\">ASSISTENTE SOCIAL<\/span><\/td>\r\n<td class=\"cvagas\">01<\/td>\r\n<td class=\"cremuneracao\">R$ 1.690,00 \/20h<\/td>\r\n<\/tr><tr>\r\n<td class=\"ccargos\">\r\n<span data-balloon-length=\"medium\" aria-label=\"Gradua\u00e7\u00e3o Superior em Biblioteconomia ou Ci\u00eancia da Informa\u00e7\u00e3o\" data-balloon-pos=\"up\">BIBLIOTEC\u00c1RIO<\/span><\/td>\r\n<td class=\"cvagas\">02<\/td>\r\n<td class=\"cremuneracao\">R$ 1.518,00 \/24h<\/td>\r\n<\/tr><tr>\r\n<td class=\"ccargos\">\r\n<span data-balloon-length=\"medium\" aria-label=\"Curso Superior em Biomedicina e registro no Conselho de Classe\" data-balloon-pos=\"up\">BIOM\u00c9DICO<\/span><\/td>\r\n<td class=\"cvagas\">01<\/td>\r\n<td class=\"cremuneracao\">R$ 2.000,00 \/20h<\/td>\r\n<\/tr><tr>\r\n<td class=\"ccargos\">\r\n<span data-balloon-length=\"medium\" aria-label=\"Curso Superior em Enfermagem e registro no Conselho de Classe\" data-balloon-pos=\"up\">ENFERMEIRO CHEFE<\/span><\/td>\r\n<td class=\"cvagas\">01<\/td>\r\n<td class=\"cremuneracao\">R$ 2.279,32 \/40h<\/td>\r\n<\/tr><tr>\r\n<td class=\"ccargos\">\r\n<span data-balloon-length=\"medium\" aria-label=\"Curso Superior em Farm\u00e1cia e registro no Conselho de Classe\" data-balloon-pos=\"up\">FARMAC\u00caUTICO<\/span><\/td>\r\n<td class=\"cvagas\">01<\/td>\r\n<td class=\"cremuneracao\">R$ 2.000,00 \/20h<\/td>\r\n<\/tr><tr>\r\n<td class=\"ccargos\">\r\n<span data-balloon-length=\"medium\" aria-label=\"Curso Superior em Fisioterapia e registro no Conselho de Classe\" data-balloon-pos=\"up\">FISIOTERAPEUTA<\/span><\/td>\r\n<td class=\"cvagas\">02<\/td>\r\n<td class=\"cremuneracao\">R$ 2.000,00 \/20h<\/td>\r\n<\/tr><tr>\r\n<td class=\"ccargos\">\r\n<span data-balloon-length=\"medium\" aria-label=\"Curso Superior em Fonoaudiologia e registro no Conselho de Classe\" data-balloon-pos=\"up\">FONOAUDI\u00d3LOGO<\/span><\/td>\r\n<td class=\"cvagas\">02<\/td>\r\n<td class=\"cremuneracao\">R$ 2.000,00 \/20h<\/td>\r\n<\/tr><tr>\r\n<td class=\"ccargos\">\r\n<span data-balloon-length=\"medium\" aria-label=\"Curso Superior em Medicina Veterin\u00e1ria e registro no Conselho de Classe\" data-balloon-pos=\"up\">M\u00c9DICO VETERIN\u00c1RIO<\/span><\/td>\r\n<td class=\"cvagas\">01<\/td>\r\n<td class=\"cremuneracao\">R$ 2.000,00 \/20h<\/td>\r\n<\/tr><tr>\r\n<td class=\"ccargos\">\r\n<span data-balloon-length=\"medium\" aria-label=\"Curso Superior em Nutri\u00e7\u00e3o e registro no Conselho de Classe\" data-balloon-pos=\"up\">NUTRICIONISTA<\/span><\/td>\r\n<td class=\"cvagas\">01<\/td>\r\n<td class=\"cremuneracao\">R$ 2.000,00 \/20h<\/td>\r\n<\/tr><tr>\r\n<td class=\"ccargos\">\r\n<span data-balloon-length=\"medium\" aria-label=\"Curso Superior em Odontologia e registro no Conselho de Classe\" data-balloon-pos=\"up\">ODONT\u00d3LOGO<\/span><\/td>\r\n<td class=\"cvagas\">02<\/td>\r\n<td class=\"cremuneracao\">R$ 2.700,00 \/20h<\/td>\r\n<\/tr><tr>\r\n<td class=\"ccargos\">\r\n<span data-balloon-length=\"medium\" aria-label=\"Curso Normal Superior ou Curso Superior de Pedagogia\" data-balloon-pos=\"up\">PROFESSOR I<\/span><\/td>\r\n<td class=\"cvagas\">20<\/td>\r\n<td class=\"cremuneracao\">R$ 2.652,33 \/24h<\/td>\r\n<\/tr><tr>\r\n<td class=\"ccargos\">\r\n<span data-balloon-length=\"medium\" aria-label=\"Curso de Licenciatura espec\u00edfica na \u00e1rea correspondente\" data-balloon-pos=\"up\">PROFESSOR II \u2013 CI\u00caNCIAS<\/span><\/td>\r\n<td class=\"cvagas\">CR<\/td>\r\n<td class=\"cremuneracao\">R$ 2.721,60 \/24h<\/td>\r\n<\/tr><tr>\r\n<td class=\"ccargos\">\r\n<span data-balloon-length=\"medium\" aria-label=\"Curso de Licenciatura espec\u00edfica na \u00e1rea correspondente\" data-balloon-pos=\"up\">PROFESSOR II \u2013 EDUCA\u00c7\u00c3O ART\u00cdSTICA<\/span><\/td>\r\n<td class=\"cvagas\">03<\/td>\r\n<td class=\"cremuneracao\">R$ 2.721,60 \/24h<\/td>\r\n<\/tr><tr>\r\n<td class=\"ccargos\">\r\n<span data-balloon-length=\"medium\" aria-label=\"Curso de Licenciatura espec\u00edfica na \u00e1rea correspondente\" data-balloon-pos=\"up\">PROFESSOR II \u2013 EDUCA\u00c7\u00c3O F\u00cdSICA<\/span><\/td>\r\n<td class=\"cvagas\">03<\/td>\r\n<td class=\"cremuneracao\">R$ 2.721,60 \/24h<\/td>\r\n<\/tr><tr>\r\n<td class=\"ccargos\">\r\n<span data-balloon-length=\"medium\" aria-label=\"Curso de Licenciatura espec\u00edfica na \u00e1rea correspondente\" data-balloon-pos=\"up\">PROFESSOR II \u2013 EDUCA\u00c7\u00c3O RELIGIOSA<\/span><\/td>\r\n<td class=\"cvagas\">01<\/td>\r\n<td class=\"cremuneracao\">R$ 2.721,60 \/24h<\/td>\r\n<\/tr><tr>\r\n<td class=\"ccargos\">\r\n<span data-balloon-length=\"medium\" aria-label=\"Curso de Licenciatura espec\u00edfica na \u00e1rea correspondente\" data-balloon-pos=\"up\">PROFESSOR II \u2013 GEOGRAFIA<\/span><\/td>\r\n<td class=\"cvagas\">CR<\/td>\r\n<td class=\"cremuneracao\">R$ 2.721,60 \/24h<\/td>\r\n<\/tr><tr>\r\n<td class=\"ccargos\">\r\n<span data-balloon-length=\"medium\" aria-label=\"Curso de Licenciatura espec\u00edfica na \u00e1rea correspondente\" data-balloon-pos=\"up\">PROFESSOR II \u2013 HIST\u00d3RIA<\/span><\/td>\r\n<td class=\"cvagas\">03<\/td>\r\n<td class=\"cremuneracao\">R$ 2.721,60 \/24h<\/td>\r\n<\/tr><tr>\r\n<td class=\"ccargos\">\r\n<span data-balloon-length=\"medium\" aria-label=\"Curso de Licenciatura espec\u00edfica na \u00e1rea correspondente\" data-balloon-pos=\"up\">PROFESSOR II \u2013 INFORM\u00c1TICA<\/span><\/td>\r\n<td class=\"cvagas\">02<\/td>\r\n<td class=\"cremuneracao\">R$ 2.721,60 \/24h<\/td>\r\n<\/tr><tr>\r\n<td class=\"ccargos\">\r\n<span data-balloon-length=\"medium\" aria-label=\"Curso de Licenciatura espec\u00edfica na \u00e1rea correspondente\" data-balloon-pos=\"up\">PROFESSOR II \u2013 INGL\u00caS<\/span><\/td>\r\n<td class=\"cvagas\">02<\/td>\r\n<td class=\"cremuneracao\">R$ 2.721,60 \/24h<\/td>\r\n<\/tr><tr>\r\n<td class=\"ccargos\">\r\n<span data-balloon-length=\"medium\" aria-label=\"Curso de Licenciatura espec\u00edfica na \u00e1rea correspondente\" data-balloon-pos=\"up\">PROFESSOR II \u2013 MATEM\u00c1TICA<\/span><\/td>\r\n<td class=\"cvagas\">03<\/td>\r\n<td class=\"cremuneracao\">R$ 2.721,60 \/24h<\/td>\r\n<\/tr><tr>\r\n<td class=\"ccargos\">\r\n<span data-balloon-length=\"medium\" aria-label=\"Curso de Licenciatura espec\u00edfica na \u00e1rea correspondente\" data-balloon-pos=\"up\">PROFESSOR II \u2013 PORTUGU\u00caS<\/span><\/td>\r\n<td class=\"cvagas\">03<\/td>\r\n<td class=\"cremuneracao\">R$ 2.721,60 \/24h<\/td>\r\n<\/tr><tr>\r\n<td class=\"ccargos\">\r\n<span data-balloon-length=\"medium\" aria-label=\"Curso Superior em Psicologia e registro no Conselho de Classe\" data-balloon-pos=\"up\">PSIC\u00d3LOGO<\/span><\/td>\r\n<td class=\"cvagas\">01<\/td>\r\n<td class=\"cremuneracao\">R$ 1.690,00 \/20h<\/td>\r\n<\/tr><tr>\r\n<td class=\"ccargos\">\r\n<span data-balloon-length=\"medium\" aria-label=\"Curso Superior em Pedagogia; ou Curso Superior em \u00e1rea afim, com especializa\u00e7\u00e3o em Supervis\u00e3o Escolar\" data-balloon-pos=\"up\">SUPERVISOR PEDAG\u00d3GICO<\/span><\/td>\r\n<td class=\"cvagas\">04<\/td>\r\n<td class=\"cremuneracao\">R$ 2.762,85 \/25h<\/td>\r\n<\/tr><tr>\r\n<td class=\"ccargos\">\r\n<span data-balloon-length=\"medium\" aria-label=\"Curso Superior espec\u00edfico da \u00c1rea e registro no Conselho de Classe\" data-balloon-pos=\"up\">ZOOTECNISTA<\/span><\/td>\r\n<td class=\"cvagas\">CR<\/td>\r\n<td class=\"cremuneracao\">R$ 1.690,00 \/20h<\/td>\r\n<\/tr><tr>\r\n<td class=\"ccargos\">\r\n<span data-balloon-length=\"medium\" aria-label=\"Gradua\u00e7\u00e3o em Pedagogia e P\u00f3s-gradua\u00e7\u00e3o em Psicopedagogia Cl\u00ednica ou Institucional\" data-balloon-pos=\"up\">PSICOPEDAGOGO<\/span><\/td>\r\n<td class=\"cvagas\">01<\/td>\r\n<td class=\"cremuneracao\">R$ 2.652,33 \/24h<\/td>\r\n<\/tr>\r\n    <\/tbody>\r\n  <\/table>\r\n<\/div>"},"_links":{"self":[{"href":"https:\/\/www.agrobase.com.br\/concursos\/wp-json\/wp\/v2\/posts\/268877","targetHints":{"allow":["GET"]}}],"collection":[{"href":"https:\/\/www.agrobase.com.br\/concursos\/wp-json\/wp\/v2\/posts"}],"about":[{"href":"https:\/\/www.agrobase.com.br\/concursos\/wp-json\/wp\/v2\/types\/post"}],"author":[{"embeddable":true,"href":"https:\/\/www.agrobase.com.br\/concursos\/wp-json\/wp\/v2\/users\/7"}],"replies":[{"embeddable":true,"href":"https:\/\/www.agrobase.com.br\/concursos\/wp-json\/wp\/v2\/comments?post=268877"}],"version-history":[{"count":1,"href":"https:\/\/www.agrobase.com.br\/concursos\/wp-json\/wp\/v2\/posts\/268877\/revisions"}],"predecessor-version":[{"id":268879,"href":"https:\/\/www.agrobase.com.br\/concursos\/wp-json\/wp\/v2\/posts\/268877\/revisions\/268879"}],"wp:featuredmedia":[{"embeddable":true,"href":"https:\/\/www.agrobase.com.br\/concursos\/wp-json\/wp\/v2\/media\/268876"}],"wp:attachment":[{"href":"https:\/\/www.agrobase.com.br\/concursos\/wp-json\/wp\/v2\/media?parent=268877"}],"wp:term":[{"taxonomy":"category","embeddable":true,"href":"https:\/\/www.agrobase.com.br\/concursos\/wp-json\/wp\/v2\/categories?post=268877"},{"taxonomy":"post_tag","embeddable":true,"href":"https:\/\/www.agrobase.com.br\/concursos\/wp-json\/wp\/v2\/tags?post=268877"},{"taxonomy":"_amplo","embeddable":true,"href":"https:\/\/www.agrobase.com.br\/concursos\/wp-json\/wp\/v2\/_amplo?post=268877"},{"taxonomy":"destaque","embeddable":true,"href":"https:\/\/www.agrobase.com.br\/concursos\/wp-json\/wp\/v2\/destaque?post=268877"},{"taxonomy":"instituicoes","embeddable":true,"href":"https:\/\/www.agrobase.com.br\/concursos\/wp-json\/wp\/v2\/instituicoes?post=268877"}],"curies":[{"name":"wp","href":"https:\/\/api.w.org\/{rel}","templated":true}]}}