{"id":268863,"date":"2025-07-17T08:00:17","date_gmt":"2025-07-17T11:00:17","guid":{"rendered":"https:\/\/www.agrobase.com.br\/concursos\/?p=268863"},"modified":"2025-07-16T13:11:38","modified_gmt":"2025-07-16T16:11:38","slug":"if-sul-de-minas-mg-selecao-simplificada-197-2025","status":"publish","type":"post","link":"https:\/\/www.agrobase.com.br\/concursos\/2025\/if-sul-de-minas-mg-selecao-simplificada-197-2025\/","title":{"rendered":"IF Sul de Minas (MG) &#8211; Sele\u00e7\u00e3o Simplificada 197\/2025"},"content":{"rendered":"<h2>Informa\u00e7\u00f5es Gerais<\/h2>\n<p>O Instituto Federal de Educa\u00e7\u00e3o, Ci\u00eancia e Tecnologia do Sul de Minas Gerais (IFSULDEMINAS) publicou o edital de seu Processo Seletivo Simplificado para a contrata\u00e7\u00e3o tempor\u00e1ria de Professores Visitantes. O certame, regido pela Lei 8.745\/93, visa preencher 11 vagas em diversas \u00e1reas do conhecimento, todas exigindo n\u00edvel superior com t\u00edtulo de Doutor. O contrato inicial \u00e9 de 6 meses, podendo ser prorrogado.<\/p>\n<p>As oportunidades abrangem setores como Educa\u00e7\u00e3o, Humanidades, Computa\u00e7\u00e3o e Administra\u00e7\u00e3o. <strong>Destacam-se as vagas para as \u00e1reas de Biologia Molecular, Ci\u00eancia e Tecnologia de Alimentos, Engenharia Agron\u00f4mica (Ci\u00eancias do Solo e Fitotecnia), Medicina Veterin\u00e1ria (Patologia Cl\u00ednica) e Bot\u00e2nica\/Ecologia.<\/strong><\/p>\n<p>Este processo seletivo \u00e9 uma excelente oportunidade para doutores que desejam contribuir com o ensino, pesquisa e extens\u00e3o em uma institui\u00e7\u00e3o federal de renome. Continue a leitura para conferir os detalhes sobre as inscri\u00e7\u00f5es, etapas e cronograma do certame.<\/p>\n<h2>Inscri\u00e7\u00f5es<\/h2>\n<p>As inscri\u00e7\u00f5es para o processo seletivo do IFSULDEMINAS ser\u00e3o realizadas exclusivamente pela internet, atrav\u00e9s do portal oficial da institui\u00e7\u00e3o. O per\u00edodo para se candidatar est\u00e1 previsto para iniciar em <strong>14 de julho de 2025 e se encerrar em 4 de agosto de 2025<\/strong>. A taxa de inscri\u00e7\u00e3o foi fixada no valor de R$ 200,00 para todos os cargos.<\/p>\n<p>Para efetivar a inscri\u00e7\u00e3o, o candidato dever\u00e1 seguir estes passos:<\/p>\n<ul>\n<li>Acessar o site <em>www.ifsuldeminas.edu.br\/concurso<\/em> e realizar o cadastro.<\/li>\n<li>Preencher o formul\u00e1rio de inscri\u00e7\u00e3o online.<\/li>\n<li>Fazer o upload de toda a documenta\u00e7\u00e3o exigida em um \u00fanico arquivo PDF de at\u00e9 10 MB. Os documentos incluem Curr\u00edculo Lattes, diplomas, memorial acad\u00eamico-profissional e outros comprovantes.<\/li>\n<li>Gerar o boleto banc\u00e1rio e efetuar o pagamento da taxa at\u00e9 um dia \u00fatil ap\u00f3s o t\u00e9rmino do per\u00edodo de inscri\u00e7\u00f5es, observando o hor\u00e1rio de expediente banc\u00e1rio.<\/li>\n<\/ul>\n<p>O edital n\u00e3o prev\u00ea a solicita\u00e7\u00e3o de isen\u00e7\u00e3o da taxa de inscri\u00e7\u00e3o. O candidato \u00e9 respons\u00e1vel por acompanhar o status de sua inscri\u00e7\u00e3o e demais publica\u00e7\u00f5es na \u00e1rea do candidato e no site do concurso. \u00c9 fundamental a leitura completa do edital para conhecer todas as regras e exig\u00eancias.<\/p>\n<h2>Etapas e Provas<\/h2>\n<p>O processo seletivo para Professor Visitante do IFSULDEMINAS ser\u00e1 composto por duas etapas principais, ambas de car\u00e1ter eliminat\u00f3rio e classificat\u00f3rio. Os candidatos precisam obter nota m\u00ednima de 60 pontos em cada uma para serem aprovados.<\/p>\n<p>As etapas s\u00e3o as seguintes:<\/p>\n<ul>\n<li><strong>Avalia\u00e7\u00e3o do Curr\u00edculo Lattes:<\/strong> De car\u00e1ter eliminat\u00f3rio e classificat\u00f3rio, esta fase consiste na an\u00e1lise dos documentos comprobat\u00f3rios enviados no ato da inscri\u00e7\u00e3o. A pontua\u00e7\u00e3o m\u00e1xima \u00e9 de 100 pontos, atribu\u00edda com base em crit\u00e9rios de forma\u00e7\u00e3o acad\u00eamica, produ\u00e7\u00e3o cient\u00edfica e experi\u00eancia profissional, conforme detalhado no Anexo III do edital.<\/li>\n<li><strong>Apresenta\u00e7\u00e3o Oral do Memorial Acad\u00eamico-Profissional:<\/strong> Etapa eliminat\u00f3ria e classificat\u00f3ria, destinada apenas aos 8 candidatos mais bem classificados na avalia\u00e7\u00e3o de curr\u00edculo. A apresenta\u00e7\u00e3o ser\u00e1 realizada por videoconfer\u00eancia (Google Meet) perante uma banca avaliadora, com dura\u00e7\u00e3o m\u00e1xima de 20 minutos, seguida por uma argui\u00e7\u00e3o de at\u00e9 15 minutos. A nota final, de 0 a 100 pontos, ser\u00e1 a m\u00e9dia das notas atribu\u00eddas pelos avaliadores.<\/li>\n<\/ul>\n<p>Para informa\u00e7\u00f5es detalhadas sobre os crit\u00e9rios de pontua\u00e7\u00e3o, conte\u00fado do memorial e o cronograma completo das avalia\u00e7\u00f5es, \u00e9 indispens\u00e1vel a consulta ao edital oficial do certame.<\/p>\n<h2>Resultados e Gabarito<\/h2>\n<p>A classifica\u00e7\u00e3o final dos candidatos ser\u00e1 determinada pela m\u00e9dia dos pontos obtidos na Avalia\u00e7\u00e3o de Curr\u00edculo e na Apresenta\u00e7\u00e3o Oral, totalizando um m\u00e1ximo de 200 pontos. Os resultados preliminares de cada etapa e o resultado final ser\u00e3o divulgados no site oficial do concurso, <em>www.ifsuldeminas.edu.br\/concurso<\/em>, conforme as datas previstas no cronograma.<\/p>\n<p>Em caso de empate na pontua\u00e7\u00e3o final, os crit\u00e9rios de desempate seguir\u00e3o a seguinte ordem:<\/p>\n<ul>\n<li>Candidato com idade igual ou superior a 60 anos (Estatuto do Idoso).<\/li>\n<li>Maior pontua\u00e7\u00e3o na Avalia\u00e7\u00e3o de Curr\u00edculo.<\/li>\n<li>Maior pontua\u00e7\u00e3o na Apresenta\u00e7\u00e3o Oral.<\/li>\n<li>Maior idade (para os demais candidatos).<\/li>\n<\/ul>\n<p>O resultado final do processo seletivo ser\u00e1 homologado pelo Reitor do IFSULDEMINAS e publicado no Di\u00e1rio Oficial da Uni\u00e3o. A convoca\u00e7\u00e3o dos aprovados, seguindo a ordem de classifica\u00e7\u00e3o, ser\u00e1 realizada preferencialmente por e-mail e\/ou telefone. O candidato convocado ter\u00e1 48 horas para manifestar seu interesse na vaga. Ap\u00f3s a aceita\u00e7\u00e3o, haver\u00e1 um prazo de cinco dias \u00fateis para o envio da documenta\u00e7\u00e3o contratual.<\/p>\n<p>\u00c9 de responsabilidade exclusiva do candidato acompanhar todas as publica\u00e7\u00f5es, convoca\u00e7\u00f5es e retifica\u00e7\u00f5es no site da institui\u00e7\u00e3o e no Di\u00e1rio Oficial da Uni\u00e3o.<\/p>\n","protected":false},"excerpt":{"rendered":"<p>Processo Seletivo IF Sul de Minas (MG) com edital publicado! Vagas p\/ Professores (Superior). Inscri\u00e7\u00f5es a partir de 14\/07. Confira detalhes!<\/p>\n","protected":false},"author":7,"featured_media":268862,"comment_status":"open","ping_status":"open","sticky":false,"template":"","format":"standard","meta":{"_acf_changed":false,"_breakdance_hide_in_design_set":false,"_breakdance_tags":"","footnotes":""},"categories":[3,4,6433,126,97,6434,12,151,79,112,100,20,22,25,118,159,6525],"tags":[50],"_amplo":[],"destaque":[],"instituicoes":[],"class_list":["post-268863","post","type-post","status-publish","format-standard","has-post-thumbnail","hentry","category-administracao","category-agronomia","category-biologia-licenciatura","category-ciencia-computacao","category-ecologia","category-educacao-fisica-licenciatura","category-enfermagem","category-engenharia-computacao","category-engenharia-alimentos","category-filosofia","category-historia","category-letras","category-veterinaria","category-pedagogia","category-sociologia","category-tecnologia-da-informacao","category-tecnologia-de-alimentos","tag-minas-gerais"],"acf":{"_tipo_vagas":"vagas","_numero_vagas":"","_quadro_vagas":"","_cargos":"diversos","_cargos_especificos":"","_salario_max":"R$ 13.672,88","_abertura":"20250714","_encerramento":"20250804","_inscricoes":"https:\/\/www.ifsuldeminas.edu.br\/concurso","_executora_concurso":"","_instituicao_concurso":[],"_link_adicional":null,"_anexos":null,"_produtos":null,"_vagas":"11 vagas","_salario_min":"R$ 13.672,88","_instituicao":"IF Sul de Minas","_edital":"https:\/\/www.agrobase.com.br\/concursos\/wp-content\/uploads\/sites\/4\/2025\/07\/edital-197-2025-if-sul-de-minas-mg.pdf","_anexos_edital":"https:\/\/www.agrobase.com.br\/concursos\/wp-content\/uploads\/sites\/4\/2025\/07\/anexos-edital-197-2025-if-sul-de-minas-mg.pdf","_fund_incompleto":"","_fund_completo":"","_medio":"","_superior":"<div>\r\n<table class=\"quadro\">\r\n<thead>\r\n<tr>\r\n<th class=\"hcargo\">Cargo<\/th>\r\n<th class=\"hvagas\">Vagas<\/th>\r\n<th class=\"hremuneracao\">Remunera\u00e7\u00e3o<\/th>\r\n<\/tr>\r\n<\/thead>\r\n    <tbody>\r\n      <tr>\r\n<td class=\"ccargos\">\r\n<span data-balloon-length=\"medium\" aria-label=\"Gradua\u00e7\u00e3o em Ci\u00eancias Biol\u00f3gicas; acrescida de Doutorado em Biologia Molecular\" data-balloon-pos=\"up\">Professor de Biologia Molecular<\/span><\/td>\r\n<td class=\"cvagas\">01<\/td>\r\n<td class=\"cremuneracao\">R$ 13.672,88<\/td>\r\n<\/tr><tr>\r\n<td class=\"ccargos\">\r\n<span data-balloon-length=\"medium\" aria-label=\"Gradua\u00e7\u00e3o em Ci\u00eancia e Tecnologia de Alimentos ou \u00e1reas correlatas; acrescida de Doutorado em Ci\u00eancia e Tecnologia de Alimentos e \u00e1reas correlatas\" data-balloon-pos=\"up\">Professor de Ci\u00eancia e Tecnologia de Alimentos<\/span><\/td>\r\n<td class=\"cvagas\">01<\/td>\r\n<td class=\"cremuneracao\">R$ 13.672,88<\/td>\r\n<\/tr><tr>\r\n<td class=\"ccargos\">\r\n<span data-balloon-length=\"medium\" aria-label=\"Gradua\u00e7\u00e3o em Engenharia Agron\u00f4mica acrescida de Doutorado em Ci\u00eancias do Solo\" data-balloon-pos=\"up\">Professor de Engenharia Agron\u00f4mica - Ci\u00eancias do Solo<\/span><\/td>\r\n<td class=\"cvagas\">01<\/td>\r\n<td class=\"cremuneracao\">R$ 13.672,88<\/td>\r\n<\/tr><tr>\r\n<td class=\"ccargos\">\r\n<span data-balloon-length=\"medium\" aria-label=\"Gradua\u00e7\u00e3o em Educa\u00e7\u00e3o F\u00edsica; acrescida de Doutorado em Educa\u00e7\u00e3o F\u00edsica; ou Doutorado na \u00e1rea da Educa\u00e7\u00e3o com experi\u00eancia acad\u00eamica e cient\u00edfica na \u00e1rea de Educa\u00e7\u00e3o F\u00edsica Escolar\" data-balloon-pos=\"up\">Professor de Educa\u00e7\u00e3o F\u00edsica<\/span><\/td>\r\n<td class=\"cvagas\">01<\/td>\r\n<td class=\"cremuneracao\">R$ 13.672,88<\/td>\r\n<\/tr><tr>\r\n<td class=\"ccargos\">\r\n<span data-balloon-length=\"medium\" aria-label=\"Gradua\u00e7\u00e3o em Medicina Veterin\u00e1ria; acrescida de Doutorado em Medicina Veterin\u00e1ria; ou Ci\u00eancia Animal; ou Ci\u00eancias Veterin\u00e1rias; com \u00e1rea de concentra\u00e7\u00e3o em Patologia Cl\u00ednica Veterin\u00e1ria\" data-balloon-pos=\"up\">Professor de Medicina Veterin\u00e1ria - Patologia Cl\u00ednica<\/span><\/td>\r\n<td class=\"cvagas\">01<\/td>\r\n<td class=\"cremuneracao\">R$ 13.672,88<\/td>\r\n<\/tr><tr>\r\n<td class=\"ccargos\">\r\n<span data-balloon-length=\"medium\" aria-label=\"Gradua\u00e7\u00e3o em Enfermagem acrescida de Doutorado na \u00e1rea da Sa\u00fade ou afins\" data-balloon-pos=\"up\">Professor de Enfermagem<\/span><\/td>\r\n<td class=\"cvagas\">01<\/td>\r\n<td class=\"cremuneracao\">R$ 13.672,88<\/td>\r\n<\/tr><tr>\r\n<td class=\"ccargos\">\r\n<span data-balloon-length=\"medium\" aria-label=\"Licenciatura em Pedagogia; ou Sociologia; ou Filosofia; ou Hist\u00f3ria; ou Letra; acrescida de Doutorado em Educa\u00e7\u00e3o ou \u00e1reas afins\" data-balloon-pos=\"up\">Professor de Educa\u00e7\u00e3o\/Humanidades<\/span><\/td>\r\n<td class=\"cvagas\">01<\/td>\r\n<td class=\"cremuneracao\">R$ 13.672,88<\/td>\r\n<\/tr><tr>\r\n<td class=\"ccargos\">\r\n<span data-balloon-length=\"medium\" aria-label=\"Gradua\u00e7\u00e3o em Ci\u00eancias Biol\u00f3gicas; acrescida de Doutorado em Bot\u00e2nica, Biologia Vegetal ou Ecologia\" data-balloon-pos=\"up\">Professor de Bot\u00e2nica\/Ecologia<\/span><\/td>\r\n<td class=\"cvagas\">01<\/td>\r\n<td class=\"cremuneracao\">R$ 13.672,88<\/td>\r\n<\/tr><tr>\r\n<td class=\"ccargos\">\r\n<span data-balloon-length=\"medium\" aria-label=\"Gradua\u00e7\u00e3o em Ci\u00eancia da Computa\u00e7\u00e3o; ou Engenharia da Computa\u00e7\u00e3o; ou Engenharia de Software; ou Sistemas de Informa\u00e7\u00e3o; ou Ci\u00eancia de Dados; ou Tecnologia da Informa\u00e7\u00e3o; ou Tecn\u00f3logo em An\u00e1lise e Desenvolvimento de Sistemas; ou Tecn\u00f3logo em Processamento de Dados; ou Licenciatura em Computa\u00e7\u00e3o; acrescida de Doutorado em Ci\u00eancia da Computa\u00e7\u00e3o; ou Engenharia da Computa\u00e7\u00e3o; ou Engenharia de Software; ou Sistemas de Informa\u00e7\u00e3o; ou Ci\u00eancia de Dados; ou Tecnologia da Informa\u00e7\u00e3o; ou Tecnologia; ou Engenharia El\u00e9trica; ou Telecomunica\u00e7\u00f5es; ou Educa\u00e7\u00e3o; ou Educa\u00e7\u00e3o, Conhecimento e Sociedade; ou Desenvolvimento, Tecnologias e Sociedade.\" data-balloon-pos=\"up\">Professor de Computa\u00e7\u00e3o e Tecnologia<\/span><\/td>\r\n<td class=\"cvagas\">01<\/td>\r\n<td class=\"cremuneracao\">R$ 13.672,88<\/td>\r\n<\/tr><tr>\r\n<td class=\"ccargos\">\r\n<span data-balloon-length=\"medium\" aria-label=\"Gradua\u00e7\u00e3o na \u00e1rea de Ci\u00eancias Sociais Aplicadas (sub\u00e1reas Administra\u00e7\u00e3o ou Economia); acrescida de Doutorado em Administra\u00e7\u00e3o\" data-balloon-pos=\"up\">Professor de Administra\u00e7\u00e3o<\/span><\/td>\r\n<td class=\"cvagas\">01<\/td>\r\n<td class=\"cremuneracao\">R$ 13.672,88<\/td>\r\n<\/tr><tr>\r\n<td class=\"ccargos\">\r\n<span data-balloon-length=\"medium\" aria-label=\"Gradua\u00e7\u00e3o em Engenharia Agron\u00f4mica, acrescida de Doutorado em Fitotecnia com \u00eanfase em Cafeicultura Sustent\u00e1vel e Sistemas de Produ\u00e7\u00e3o Agr\u00edcola\" data-balloon-pos=\"up\">Professor de Engenharia Agron\u00f4mica - Fitotecnia<\/span><\/td>\r\n<td class=\"cvagas\">01<\/td>\r\n<td class=\"cremuneracao\">R$ 13.672,88<\/td>\r\n<\/tr>\r\n    <\/tbody>\r\n  <\/table>\r\n<\/div>"},"_links":{"self":[{"href":"https:\/\/www.agrobase.com.br\/concursos\/wp-json\/wp\/v2\/posts\/268863","targetHints":{"allow":["GET"]}}],"collection":[{"href":"https:\/\/www.agrobase.com.br\/concursos\/wp-json\/wp\/v2\/posts"}],"about":[{"href":"https:\/\/www.agrobase.com.br\/concursos\/wp-json\/wp\/v2\/types\/post"}],"author":[{"embeddable":true,"href":"https:\/\/www.agrobase.com.br\/concursos\/wp-json\/wp\/v2\/users\/7"}],"replies":[{"embeddable":true,"href":"https:\/\/www.agrobase.com.br\/concursos\/wp-json\/wp\/v2\/comments?post=268863"}],"version-history":[{"count":3,"href":"https:\/\/www.agrobase.com.br\/concursos\/wp-json\/wp\/v2\/posts\/268863\/revisions"}],"predecessor-version":[{"id":268868,"href":"https:\/\/www.agrobase.com.br\/concursos\/wp-json\/wp\/v2\/posts\/268863\/revisions\/268868"}],"wp:featuredmedia":[{"embeddable":true,"href":"https:\/\/www.agrobase.com.br\/concursos\/wp-json\/wp\/v2\/media\/268862"}],"wp:attachment":[{"href":"https:\/\/www.agrobase.com.br\/concursos\/wp-json\/wp\/v2\/media?parent=268863"}],"wp:term":[{"taxonomy":"category","embeddable":true,"href":"https:\/\/www.agrobase.com.br\/concursos\/wp-json\/wp\/v2\/categories?post=268863"},{"taxonomy":"post_tag","embeddable":true,"href":"https:\/\/www.agrobase.com.br\/concursos\/wp-json\/wp\/v2\/tags?post=268863"},{"taxonomy":"_amplo","embeddable":true,"href":"https:\/\/www.agrobase.com.br\/concursos\/wp-json\/wp\/v2\/_amplo?post=268863"},{"taxonomy":"destaque","embeddable":true,"href":"https:\/\/www.agrobase.com.br\/concursos\/wp-json\/wp\/v2\/destaque?post=268863"},{"taxonomy":"instituicoes","embeddable":true,"href":"https:\/\/www.agrobase.com.br\/concursos\/wp-json\/wp\/v2\/instituicoes?post=268863"}],"curies":[{"name":"wp","href":"https:\/\/api.w.org\/{rel}","templated":true}]}}