{"id":268847,"date":"2025-07-17T07:30:55","date_gmt":"2025-07-17T10:30:55","guid":{"rendered":"https:\/\/www.agrobase.com.br\/concursos\/?p=268847"},"modified":"2025-07-16T12:26:21","modified_gmt":"2025-07-16T15:26:21","slug":"prefeitura-jaguaretama-ce-selecao-simplificada-03-2025","status":"publish","type":"post","link":"https:\/\/www.agrobase.com.br\/concursos\/2025\/prefeitura-jaguaretama-ce-selecao-simplificada-03-2025\/","title":{"rendered":"Prefeitura Jaguaretama (CE) &#8211; Sele\u00e7\u00e3o Simplificada 03\/2025"},"content":{"rendered":"<h2>Informa\u00e7\u00f5es Gerais<\/h2>\n<p>A Prefeitura Municipal de Jaguaretama, no Cear\u00e1, publicou o edital n\u00ba 003\/2025 para seu Processo Seletivo Simplificado Unificado. O certame, organizado pela Secretaria Municipal de Assist\u00eancia Social, Cidadania e Empreendedorismo, visa a contrata\u00e7\u00e3o tempor\u00e1ria e a forma\u00e7\u00e3o de cadastro de reserva para profissionais de n\u00edveis fundamental, m\u00e9dio e superior. As oportunidades s\u00e3o para atuar em programas e servi\u00e7os da rede de prote\u00e7\u00e3o social do munic\u00edpio. <strong>Para os profissionais da \u00e1rea de sa\u00fade e bem-estar, h\u00e1 vagas para Nutricionista.<\/strong> O processo seletivo representa uma excelente oportunidade para quem busca uma coloca\u00e7\u00e3o no servi\u00e7o p\u00fablico municipal, com contrata\u00e7\u00e3o por tempo determinado. Continue a leitura para conferir os detalhes sobre as inscri\u00e7\u00f5es, etapas e cronograma.<\/p>\n<h2>Inscri\u00e7\u00f5es<\/h2>\n<p>As inscri\u00e7\u00f5es para o processo seletivo da Prefeitura de Jaguaretama ser\u00e3o abertas e devem ser realizadas presencialmente entre os dias <strong>21 e 25 de julho de 2025<\/strong>, das 8h30 \u00e0s 13h30. N\u00e3o haver\u00e1 cobran\u00e7a de taxa de inscri\u00e7\u00e3o. Os interessados devem comparecer \u00e0 sede da Secretaria Municipal de Assist\u00eancia Social, Cidadania e Empreendedorismo, na Rua Te\u00f3filo Peixoto, 520, Centro, Jaguaretama\/CE. Para se inscrever, o candidato precisa preencher o formul\u00e1rio de inscri\u00e7\u00e3o (dispon\u00edvel no site da prefeitura), entregar o curr\u00edculo padronizado conforme o modelo do edital e apresentar c\u00f3pias dos seguintes documentos:<\/p>\n<ul>\n<li>Documento de identidade oficial com foto;<\/li>\n<li>CPF;<\/li>\n<li>Comprovante de resid\u00eancia atualizado;<\/li>\n<li>Comprovante de escolaridade;<\/li>\n<li>T\u00edtulo de eleitor com comprovante de quita\u00e7\u00e3o eleitoral;<\/li>\n<li>Certificado de reservista (para candidatos do sexo masculino).<\/li>\n<\/ul>\n<p>\u00c9 fundamental que o candidato leia atentamente o edital completo para conferir todos os requisitos e procedimentos.<\/p>\n<h2>Etapas e Provas<\/h2>\n<p>O processo seletivo ser\u00e1 composto por duas etapas principais, aplicadas a todos os cargos, com crit\u00e9rios de pontua\u00e7\u00e3o que variam conforme o n\u00edvel de escolaridade.<\/p>\n<ul>\n<li><strong>1\u00aa Etapa: An\u00e1lise Curricular<\/strong> &#8211; De car\u00e1ter classificat\u00f3rio, esta fase avaliar\u00e1 a experi\u00eancia profissional e a forma\u00e7\u00e3o acad\u00eamica dos candidatos. A pontua\u00e7\u00e3o m\u00e1xima \u00e9 de 10 pontos para os n\u00edveis fundamental e m\u00e9dio, e de 20 pontos para o n\u00edvel superior. Os documentos comprobat\u00f3rios devem ser entregues no ato da inscri\u00e7\u00e3o.<\/li>\n<li><strong>2\u00aa Etapa: Entrevista<\/strong> &#8211; De car\u00e1ter eliminat\u00f3rio e classificat\u00f3rio, esta etapa \u00e9 destinada aos candidatos aprovados na an\u00e1lise curricular. A entrevista avaliar\u00e1 compet\u00eancias como aptid\u00e3o comportamental, capacidade de comunica\u00e7\u00e3o, conhecimento t\u00e9cnico sobre a \u00e1rea de atua\u00e7\u00e3o e habilidade para solucionar problemas. A pontua\u00e7\u00e3o m\u00e1xima \u00e9 de 10 pontos para os n\u00edveis fundamental e m\u00e9dio, e de 20 pontos para o n\u00edvel superior.<\/li>\n<\/ul>\n<p>Para ser aprovado, o candidato dever\u00e1 obter no m\u00ednimo 50% da pontua\u00e7\u00e3o total do certame. Recomenda-se a leitura do edital para conhecer em detalhes os crit\u00e9rios de avalia\u00e7\u00e3o, a pontua\u00e7\u00e3o de cada t\u00edtulo e as regras de cada fase.<\/p>\n<h2>Resultados e Gabarito<\/h2>\n<p>O cronograma de divulga\u00e7\u00e3o dos resultados ser\u00e1 publicado no site oficial da Prefeitura de Jaguaretama. A previs\u00e3o \u00e9 que o resultado preliminar da an\u00e1lise curricular seja divulgado em <strong>29 de julho de 2025<\/strong>, com o resultado final desta etapa e a convoca\u00e7\u00e3o para as entrevistas em <strong>04 de agosto de 2025<\/strong>. O resultado final do processo seletivo, ap\u00f3s a fase de entrevistas e recursos, est\u00e1 previsto para <strong>25 de agosto de 2025<\/strong>, com a homologa\u00e7\u00e3o e convoca\u00e7\u00e3o dos aprovados a partir de <strong>26 de agosto de 2025<\/strong>.<\/p>\n<p>A classifica\u00e7\u00e3o final ser\u00e1 em ordem decrescente da nota total. Os crit\u00e9rios de desempate incluem, sucessivamente: idade igual ou superior a 60 anos, maior pontua\u00e7\u00e3o na an\u00e1lise curricular, maior nota na entrevista e maior idade. A convoca\u00e7\u00e3o dos aprovados ser\u00e1 realizada de acordo com a ordem de classifica\u00e7\u00e3o e a necessidade da administra\u00e7\u00e3o p\u00fablica.<\/p>\n<p>\u00c9 de responsabilidade exclusiva do candidato acompanhar todas as publica\u00e7\u00f5es, convoca\u00e7\u00f5es e avisos referentes ao processo seletivo no site da Prefeitura de Jaguaretama e no Di\u00e1rio Oficial dos Munic\u00edpios (APRECE).<\/p>\n","protected":false},"excerpt":{"rendered":"<p>Inscri\u00e7\u00f5es abrem 21\/07! Sel. Simplificada Pref. Jaguaretama (CE) p\/ Assistente Social e Psic\u00f3logo (Fund. a Sup.). At\u00e9 R$ 2.5k. 55+CR vagas. Veja o edital!<\/p>\n","protected":false},"author":7,"featured_media":268846,"comment_status":"open","ping_status":"open","sticky":false,"template":"","format":"standard","meta":{"_acf_changed":false,"_breakdance_hide_in_design_set":false,"_breakdance_tags":"","footnotes":""},"categories":[23,26,101],"tags":[43],"_amplo":[],"destaque":[],"instituicoes":[],"class_list":["post-268847","post","type-post","status-publish","format-standard","has-post-thumbnail","hentry","category-nutricao","category-psicologia","category-servico-social","tag-ceara"],"acf":{"_tipo_vagas":"vagas","_numero_vagas":"","_quadro_vagas":"","_cargos":"diversos","_cargos_especificos":"","_salario_max":"R$ 2500","_abertura":"20250721","_encerramento":"20250725","_inscricoes":"https:\/\/www.jaguaretama.ce.gov.br\/","_executora_concurso":"","_instituicao_concurso":[],"_link_adicional":null,"_anexos":null,"_produtos":null,"_vagas":"55 vagas + CR","_salario_min":"R$ 1518","_instituicao":"Prefeitura de Jaguaretama","_edital":"https:\/\/www.agrobase.com.br\/concursos\/wp-content\/uploads\/sites\/4\/2025\/07\/edital-03-2025-prefeitura-de-jaguaretama-ce.pdf","_anexos_edital":"","_fund_incompleto":"","_fund_completo":"<div>\r\n<table class=\"quadro\">\r\n<thead>\r\n<tr>\r\n<th class=\"hcargo\">Cargo<\/th>\r\n<th class=\"hvagas\">Vagas<\/th>\r\n<th class=\"hremuneracao\">Remunera\u00e7\u00e3o<\/th>\r\n<\/tr>\r\n<\/thead>\r\n    <tbody>\r\n      <td class=\"ccargos\">\r\n<span data-balloon-length=\"medium\" aria-label=\"Ensino Fundamental Completo.\" data-balloon-pos=\"up\">Auxiliar de Servi\u00e7os Gerais<\/span><\/td>\r\n<td class=\"cvagas\">07<\/td>\r\n<td class=\"cremuneracao\">R$ 1.518,00 \/40h<\/td>\r\n<\/tr>\r\n    <\/tbody>\r\n  <\/table>\r\n<\/div>","_medio":"<div>\r\n<table class=\"quadro\">\r\n<thead>\r\n<tr>\r\n<th class=\"hcargo\">Cargo<\/th>\r\n<th class=\"hvagas\">Vagas<\/th>\r\n<th class=\"hremuneracao\">Remunera\u00e7\u00e3o<\/th>\r\n<\/tr>\r\n<\/thead>\r\n    <tbody>\r\n      <td class=\"ccargos\">\r\n<span data-balloon-length=\"medium\" aria-label=\"Ensino M\u00e9dio Completo.\" data-balloon-pos=\"up\">Entrevistador Cadastro \u00danico<\/span><\/td>\r\n<td class=\"cvagas\">07<\/td>\r\n<td class=\"cremuneracao\">R$ 1.518,00 \/40h<\/td>\r\n<\/tr><td class=\"ccargos\">\r\n<span data-balloon-length=\"medium\" aria-label=\"Ensino M\u00e9dio Completo.\" data-balloon-pos=\"up\">Motorista<\/span><\/td>\r\n<td class=\"cvagas\">04<\/td>\r\n<td class=\"cremuneracao\">R$ 1.518,00 \/40h<\/td>\r\n<\/tr><td class=\"ccargos\">\r\n<span data-balloon-length=\"medium\" aria-label=\"Ensino M\u00e9dio Completo.\" data-balloon-pos=\"up\">Orientador Social<\/span><\/td>\r\n<td class=\"cvagas\">09<\/td>\r\n<td class=\"cremuneracao\">R$ 1.518,00 \/40h<\/td>\r\n<\/tr><td class=\"ccargos\">\r\n<span data-balloon-length=\"medium\" aria-label=\"Ensino M\u00e9dio Completo.\" data-balloon-pos=\"up\">Recepcionista<\/span><\/td>\r\n<td class=\"cvagas\">06<\/td>\r\n<td class=\"cremuneracao\">R$ 1.518,00 \/40h<\/td>\r\n<\/tr><td class=\"ccargos\">\r\n<span data-balloon-length=\"medium\" aria-label=\"Ensino M\u00e9dio Completo.\" data-balloon-pos=\"up\">Visitador Social<\/span><\/td>\r\n<td class=\"cvagas\">09<\/td>\r\n<td class=\"cremuneracao\">R$ 1.518,00 \/40h<\/td>\r\n<\/tr>\r\n    <\/tbody>\r\n  <\/table>\r\n<\/div>","_superior":"<div>\r\n<table class=\"quadro\">\r\n<thead>\r\n<tr>\r\n<th class=\"hcargo\">Cargo<\/th>\r\n<th class=\"hvagas\">Vagas<\/th>\r\n<th class=\"hremuneracao\">Remunera\u00e7\u00e3o<\/th>\r\n<\/tr>\r\n<\/thead>\r\n    <tbody>\r\n      <tr>\r\n<td class=\"ccargos\">\r\n<span data-balloon-length=\"medium\" aria-label=\"Diploma devidamente registrado de conclus\u00e3o de curso de n\u00edvel superior em Servi\u00e7o Social, fornecido por institui\u00e7\u00e3o reconhecida pelo MEC, e registro de classe ativo.\" data-balloon-pos=\"up\">Assistente Social<\/span><\/td>\r\n<td class=\"cvagas\">05<\/td>\r\n<td class=\"cremuneracao\">R$ 2.300,00 \/30h<\/td>\r\n<\/tr><tr>\r\n<td class=\"ccargos\">\r\n<span data-balloon-length=\"medium\" aria-label=\"Diploma devidamente registrado de conclus\u00e3o de curso de n\u00edvel superior em Nutri\u00e7\u00e3o, fornecido por institui\u00e7\u00e3o reconhecida pelo MEC, e registro de classe ativo.\" data-balloon-pos=\"up\">Nutricionista<\/span><\/td>\r\n<td class=\"cvagas\">02<\/td>\r\n<td class=\"cremuneracao\">R$ 2.500,00 \/40h<\/td>\r\n<\/tr><tr>\r\n<td class=\"ccargos\">\r\n<span data-balloon-length=\"medium\" aria-label=\"Diploma devidamente registrado de conclus\u00e3o de curso de n\u00edvel superior em Psicologia, fornecido por institui\u00e7\u00e3o reconhecida pelo MEC, e registro de classe ativo.\" data-balloon-pos=\"up\">Psic\u00f3logo<\/span><\/td>\r\n<td class=\"cvagas\">06<\/td>\r\n<td class=\"cremuneracao\">R$ 2.500,00 \/40h<\/td>\r\n<\/tr>\r\n    <\/tbody>\r\n  <\/table>\r\n<\/div>"},"_links":{"self":[{"href":"https:\/\/www.agrobase.com.br\/concursos\/wp-json\/wp\/v2\/posts\/268847","targetHints":{"allow":["GET"]}}],"collection":[{"href":"https:\/\/www.agrobase.com.br\/concursos\/wp-json\/wp\/v2\/posts"}],"about":[{"href":"https:\/\/www.agrobase.com.br\/concursos\/wp-json\/wp\/v2\/types\/post"}],"author":[{"embeddable":true,"href":"https:\/\/www.agrobase.com.br\/concursos\/wp-json\/wp\/v2\/users\/7"}],"replies":[{"embeddable":true,"href":"https:\/\/www.agrobase.com.br\/concursos\/wp-json\/wp\/v2\/comments?post=268847"}],"version-history":[{"count":1,"href":"https:\/\/www.agrobase.com.br\/concursos\/wp-json\/wp\/v2\/posts\/268847\/revisions"}],"predecessor-version":[{"id":268849,"href":"https:\/\/www.agrobase.com.br\/concursos\/wp-json\/wp\/v2\/posts\/268847\/revisions\/268849"}],"wp:featuredmedia":[{"embeddable":true,"href":"https:\/\/www.agrobase.com.br\/concursos\/wp-json\/wp\/v2\/media\/268846"}],"wp:attachment":[{"href":"https:\/\/www.agrobase.com.br\/concursos\/wp-json\/wp\/v2\/media?parent=268847"}],"wp:term":[{"taxonomy":"category","embeddable":true,"href":"https:\/\/www.agrobase.com.br\/concursos\/wp-json\/wp\/v2\/categories?post=268847"},{"taxonomy":"post_tag","embeddable":true,"href":"https:\/\/www.agrobase.com.br\/concursos\/wp-json\/wp\/v2\/tags?post=268847"},{"taxonomy":"_amplo","embeddable":true,"href":"https:\/\/www.agrobase.com.br\/concursos\/wp-json\/wp\/v2\/_amplo?post=268847"},{"taxonomy":"destaque","embeddable":true,"href":"https:\/\/www.agrobase.com.br\/concursos\/wp-json\/wp\/v2\/destaque?post=268847"},{"taxonomy":"instituicoes","embeddable":true,"href":"https:\/\/www.agrobase.com.br\/concursos\/wp-json\/wp\/v2\/instituicoes?post=268847"}],"curies":[{"name":"wp","href":"https:\/\/api.w.org\/{rel}","templated":true}]}}