{"id":268837,"date":"2025-07-17T07:10:50","date_gmt":"2025-07-17T10:10:50","guid":{"rendered":"https:\/\/www.agrobase.com.br\/concursos\/?p=268837"},"modified":"2025-07-16T11:48:15","modified_gmt":"2025-07-16T14:48:15","slug":"prefeitura-itapororoca-pb-selecao-simplificada-03-2025","status":"publish","type":"post","link":"https:\/\/www.agrobase.com.br\/concursos\/2025\/prefeitura-itapororoca-pb-selecao-simplificada-03-2025\/","title":{"rendered":"Prefeitura Itapororoca (PB) &#8211; Sele\u00e7\u00e3o Simplificada 03\/2025"},"content":{"rendered":"<h2>Informa\u00e7\u00f5es Gerais<\/h2>\n<p>A Prefeitura de Itapororoca, na Para\u00edba, publicou o edital n\u00ba 003\/2025 para seu novo Processo Seletivo Simplificado, organizado pela Secretaria Municipal de Sa\u00fade (SMS). O objetivo \u00e9 formar um banco de recursos humanos para contrata\u00e7\u00f5es tempor\u00e1rias, visando atender \u00e0s necessidades da rede de sa\u00fade do munic\u00edpio. As oportunidades s\u00e3o para cargos de n\u00edvel m\u00e9dio\/t\u00e9cnico e superior, com contrata\u00e7\u00e3o por tempo determinado de um ano, podendo ser prorrogado por igual per\u00edodo.<\/p>\n<p>As vagas abrangem diversas \u00e1reas da sa\u00fade, incluindo enfermagem, medicina em v\u00e1rias especialidades e odontologia. <strong>Destaca-se a oportunidade para o cargo de M\u00e9dico Veterin\u00e1rio<\/strong>, uma excelente chance para profissionais da \u00e1rea que buscam uma coloca\u00e7\u00e3o no servi\u00e7o p\u00fablico. Para saber mais sobre o per\u00edodo de inscri\u00e7\u00e3o, as etapas e os requisitos, continue a leitura e explore as se\u00e7\u00f5es a seguir.<\/p>\n<h2>Inscri\u00e7\u00f5es<\/h2>\n<p>As inscri\u00e7\u00f5es para o Processo Seletivo de Itapororoca (PB) ser\u00e3o realizadas exclusivamente pela internet, no per\u00edodo de <strong>19 a 23 de julho de 2025<\/strong>. Os interessados dever\u00e3o acessar o site oficial da Prefeitura Municipal, preencher o formul\u00e1rio e anexar toda a documenta\u00e7\u00e3o exigida em um \u00fanico arquivo no formato PDF.<\/p>\n<p>Os documentos necess\u00e1rios incluem, entre outros, c\u00e9dula de identidade, CPF, comprovante de resid\u00eancia, diploma de escolaridade e certid\u00e3o de antecedentes criminais. N\u00e3o h\u00e1 men\u00e7\u00e3o sobre taxa de inscri\u00e7\u00e3o no edital. Cada candidato poder\u00e1 se inscrever para uma \u00fanica vaga. \u00c9 fundamental que todas as informa\u00e7\u00f5es declaradas e os documentos enviados sejam precisos, pois a comprova\u00e7\u00e3o ser\u00e1 exigida na etapa de contrata\u00e7\u00e3o. Para garantir sua participa\u00e7\u00e3o, leia atentamente todas as normas do edital.<\/p>\n<h2>Etapas e Provas<\/h2>\n<p>O processo seletivo ser\u00e1 realizado em duas etapas principais, ambas de car\u00e1ter eliminat\u00f3rio e classificat\u00f3rio, com a pontua\u00e7\u00e3o final m\u00e1xima de 100 pontos. A sele\u00e7\u00e3o est\u00e1 estruturada da seguinte forma:<\/p>\n<ul>\n<li><strong>Etapa 1: An\u00e1lise Curricular<\/strong>. De car\u00e1ter classificat\u00f3rio e eliminat\u00f3rio, esta fase consiste na avalia\u00e7\u00e3o de t\u00edtulos e experi\u00eancia profissional, valendo at\u00e9 50 pontos. Ser\u00e3o pontuados apenas os t\u00edtulos que excedam a qualifica\u00e7\u00e3o m\u00ednima exigida para o cargo.<\/li>\n<li><strong>Etapa 2: Entrevista<\/strong>. Tamb\u00e9m de car\u00e1ter classificat\u00f3rio e eliminat\u00f3rio, esta etapa vale at\u00e9 50 pontos. Ser\u00e3o convocados os candidatos classificados em at\u00e9 tr\u00eas vezes o n\u00famero de vagas. A entrevista ser\u00e1 presencial e buscar\u00e1 avaliar aspectos como forma\u00e7\u00e3o, experi\u00eancias, habilidades de comunica\u00e7\u00e3o e conhecimentos sobre a \u00e1rea de atua\u00e7\u00e3o.<\/li>\n<\/ul>\n<p>A pontua\u00e7\u00e3o final ser\u00e1 a soma das notas obtidas nas duas etapas. Para conhecer os crit\u00e9rios detalhados de pontua\u00e7\u00e3o e o cronograma completo, \u00e9 indispens\u00e1vel a leitura do edital.<\/p>\n<h2>Resultados e Gabarito<\/h2>\n<p>A divulga\u00e7\u00e3o dos resultados seguir\u00e1 o cronograma oficial. O resultado preliminar da sele\u00e7\u00e3o est\u00e1 previsto para <strong>15 de agosto de 2025<\/strong>, com o per\u00edodo para interposi\u00e7\u00e3o de recursos no dia 18 de agosto. O resultado final ser\u00e1 publicado em <strong>22 de agosto de 2025<\/strong>.<\/p>\n<p>A classifica\u00e7\u00e3o final dos candidatos ser\u00e1 feita em ordem decrescente da nota total, obtida pela soma dos pontos da an\u00e1lise curricular e da entrevista. Em caso de empate, o crit\u00e9rio de desempate ser\u00e1 a maior idade e, persistindo a igualdade, ser\u00e1 realizado um sorteio. A convoca\u00e7\u00e3o dos aprovados ocorrer\u00e1 de acordo com a necessidade da Secretaria Municipal de Sa\u00fade, respeitando a ordem de classifica\u00e7\u00e3o.<\/p>\n<p>\u00c9 de responsabilidade exclusiva do candidato acompanhar todas as publica\u00e7\u00f5es, incluindo convoca\u00e7\u00f5es e resultados, no Di\u00e1rio Oficial do Munic\u00edpio e no site oficial da Prefeitura de Itapororoca.<\/p>\n","protected":false},"excerpt":{"rendered":"<p>Inscri\u00e7\u00f5es abrem 19\/07! Sel. Simplificada Pref. Itapororoca (PB) p\/ M\u00e9dico, Enfermeiro (M\u00e9dio\/Sup.). Sal\u00e1rios at\u00e9 R$ 10k. 30 vagas. Veja o edital!<\/p>\n","protected":false},"author":7,"featured_media":268836,"comment_status":"open","ping_status":"open","sticky":false,"template":"","format":"standard","meta":{"_acf_changed":false,"_breakdance_hide_in_design_set":false,"_breakdance_tags":"","footnotes":""},"categories":[7,106,12,17,19,21,22,24,26,108,161,143],"tags":[53],"_amplo":[],"destaque":[],"instituicoes":[],"class_list":["post-268837","post","type-post","status-publish","format-standard","has-post-thumbnail","hentry","category-biomedicina","category-bioquimica","category-enfermagem","category-farmacia","category-fonoaudiologia","category-medicina","category-veterinaria","category-odontologia","category-psicologia","category-tecnico-enfermagem","category-tecnico-laboratorio","category-tecnico-odontologia","tag-paraiba"],"acf":{"_tipo_vagas":"vagas","_numero_vagas":"","_quadro_vagas":"","_cargos":"diversos","_cargos_especificos":"","_salario_max":"R$ 10000","_abertura":"20250719","_encerramento":"20250723","_inscricoes":"https:\/\/www.itapororoca.pb.gov.br","_executora_concurso":"","_instituicao_concurso":[],"_link_adicional":null,"_anexos":null,"_produtos":null,"_vagas":"30 vagas","_salario_min":"R$ 1518","_instituicao":"Prefeitura de Itapororoca","_edital":"https:\/\/www.agrobase.com.br\/concursos\/wp-content\/uploads\/sites\/4\/2025\/07\/edital-03-2025-prefeitura-de-itapororoca-pb.pdf","_anexos_edital":"https:\/\/www.agrobase.com.br\/concursos\/wp-content\/uploads\/sites\/4\/2025\/07\/anexos-edital-03-2025-prefeitura-de-itapororoca-pb.pdf","_fund_incompleto":"","_fund_completo":"","_medio":"<div>\r\n<table class=\"quadro\">\r\n<thead>\r\n<tr>\r\n<th class=\"hcargo\">Cargo<\/th>\r\n<th class=\"hvagas\">Vagas<\/th>\r\n<th class=\"hremuneracao\">Remunera\u00e7\u00e3o<\/th>\r\n<\/tr>\r\n<\/thead>\r\n    <tbody>\r\n      <td class=\"ccargos\">\r\n<span data-balloon-length=\"medium\" aria-label=\"Curso T\u00e9cnico de Auxiliar de Sa\u00fade bucal, com registro ativo no CRO.\" data-balloon-pos=\"up\">AUXILIAR DE CONSULT\u00d3RIO DENT\u00c1RIO<\/span><\/td>\r\n<td class=\"cvagas\">04<\/td>\r\n<td class=\"cremuneracao\">R$ 1.602,00 \/40h<\/td>\r\n<\/tr><td class=\"ccargos\">\r\n<span data-balloon-length=\"medium\" aria-label=\"Curso T\u00e9cnico de Enfermagem, registro ativo COREN.\" data-balloon-pos=\"up\">T\u00c9CNICO DE ENFERMAGEM<\/span><\/td>\r\n<td class=\"cvagas\">04<\/td>\r\n<td class=\"cremuneracao\">R$ 1.518,00 \/40h<\/td>\r\n<\/tr><td class=\"ccargos\">\r\n<span data-balloon-length=\"medium\" aria-label=\"Curso T\u00e9cnico em An\u00e1lises Cl\u00ednicas, registro ativo no CRBM.\" data-balloon-pos=\"up\">T\u00c9CNICO DE LABORAT\u00d3RIO<\/span><\/td>\r\n<td class=\"cvagas\">01<\/td>\r\n<td class=\"cremuneracao\">R$ 1.518,00 \/40h<\/td>\r\n<\/tr>\r\n    <\/tbody>\r\n  <\/table>\r\n<\/div>","_superior":"<div>\r\n<table class=\"quadro\">\r\n<thead>\r\n<tr>\r\n<th class=\"hcargo\">Cargo<\/th>\r\n<th class=\"hvagas\">Vagas<\/th>\r\n<th class=\"hremuneracao\">Remunera\u00e7\u00e3o<\/th>\r\n<\/tr>\r\n<\/thead>\r\n    <tbody>\r\n      <tr>\r\n<td class=\"ccargos\">\r\n<span data-balloon-length=\"medium\" aria-label=\"Gradua\u00e7\u00e3o em Farm\u00e1cia e Bioqu\u00edmica\/Bioqu\u00edmica\/Biomedicina, com registro ativo no CRBM.\" data-balloon-pos=\"up\">BIOQU\u00cdMICO<\/span><\/td>\r\n<td class=\"cvagas\">01<\/td>\r\n<td class=\"cremuneracao\">R$ 1.800,00 \/24h<\/td>\r\n<\/tr><tr>\r\n<td class=\"ccargos\">\r\n<span data-balloon-length=\"medium\" aria-label=\"Gradua\u00e7\u00e3o em Enfermagem, com registro ativo no COREN.\" data-balloon-pos=\"up\">ENFERMEIRO<\/span><\/td>\r\n<td class=\"cvagas\">05<\/td>\r\n<td class=\"cremuneracao\">R$ 1.518,00 \/40h<\/td>\r\n<\/tr><tr>\r\n<td class=\"ccargos\">\r\n<span data-balloon-length=\"medium\" aria-label=\"Gradua\u00e7\u00e3o em Enfermagem, com registro ativo no COREN.\" data-balloon-pos=\"up\">ENFERMEIRO - ESF<\/span><\/td>\r\n<td class=\"cvagas\">04<\/td>\r\n<td class=\"cremuneracao\">R$ 3.050,00 \/40h<\/td>\r\n<\/tr><tr>\r\n<td class=\"ccargos\">\r\n<span data-balloon-length=\"medium\" aria-label=\"Gradua\u00e7\u00e3o em Fonoaudiologia, registro ativo no CRFFa.\" data-balloon-pos=\"up\">FONOAUDIOL\u00d3GO<\/span><\/td>\r\n<td class=\"cvagas\">01<\/td>\r\n<td class=\"cremuneracao\">R$ 1.800,00 \/24h<\/td>\r\n<\/tr><tr>\r\n<td class=\"ccargos\">\r\n<span data-balloon-length=\"medium\" aria-label=\"Gradua\u00e7\u00e3o em Medicina, com registro ativo no CRM.\" data-balloon-pos=\"up\">M\u00c9DICO - ESF<\/span><\/td>\r\n<td class=\"cvagas\">01<\/td>\r\n<td class=\"cremuneracao\">R$ 10.000,00 \/40h<\/td>\r\n<\/tr><tr>\r\n<td class=\"ccargos\">\r\n<span data-balloon-length=\"medium\" aria-label=\"Gradua\u00e7\u00e3o em Medicina, registro ativo no CRM e resid\u00eancia ou especializa\u00e7\u00e3o em Cardiologia.\" data-balloon-pos=\"up\">M\u00c9DICO CARDIOLOGISTA<\/span><\/td>\r\n<td class=\"cvagas\">01<\/td>\r\n<td class=\"cremuneracao\">R$ 4.200,00 \/08h<\/td>\r\n<\/tr><tr>\r\n<td class=\"ccargos\">\r\n<span data-balloon-length=\"medium\" aria-label=\"Gradua\u00e7\u00e3o em Medicina, registro ativo no CRM e resid\u00eancia ou especializa\u00e7\u00e3o em Pediatria.\" data-balloon-pos=\"up\">M\u00c9DICO PEDIATRA<\/span><\/td>\r\n<td class=\"cvagas\">01<\/td>\r\n<td class=\"cremuneracao\">R$ 4.200,00 \/08h<\/td>\r\n<\/tr><tr>\r\n<td class=\"ccargos\">\r\n<span data-balloon-length=\"medium\" aria-label=\"Gradua\u00e7\u00e3o em Medicina e registro ativo no CRM\" data-balloon-pos=\"up\">M\u00c9DICO PLANTONISTA SAMU<\/span><\/td>\r\n<td class=\"cvagas\">01<\/td>\r\n<td class=\"cremuneracao\">R$ 1.700,00 \/42h<\/td>\r\n<\/tr><tr>\r\n<td class=\"ccargos\">\r\n<span data-balloon-length=\"medium\" aria-label=\"Gradua\u00e7\u00e3o em Medicina Veterin\u00e1ria, registro ativo no CRMV.\" data-balloon-pos=\"up\">M\u00c9DICO VETRERIN\u00c1RIO<\/span><\/td>\r\n<td class=\"cvagas\">01<\/td>\r\n<td class=\"cremuneracao\">R$ 1.518,00 \/16h<\/td>\r\n<\/tr><tr>\r\n<td class=\"ccargos\">\r\n<span data-balloon-length=\"medium\" aria-label=\"Gradua\u00e7\u00e3o em Odontologia, registro ativo no CRO.\" data-balloon-pos=\"up\">ODONT\u00d3LOGO - ESF<\/span><\/td>\r\n<td class=\"cvagas\">03<\/td>\r\n<td class=\"cremuneracao\">R$ 3.636,00 \/40h<\/td>\r\n<\/tr><tr>\r\n<td class=\"ccargos\">\r\n<span data-balloon-length=\"medium\" aria-label=\"Gradua\u00e7\u00e3o em Psicologia, registro ativo no CRP.\" data-balloon-pos=\"up\">PSIC\u00d3LOGO<\/span><\/td>\r\n<td class=\"cvagas\">01<\/td>\r\n<td class=\"cremuneracao\">R$ 1.800,00 \/24h<\/td>\r\n<\/tr>\r\n    <\/tbody>\r\n  <\/table>\r\n<\/div>"},"_links":{"self":[{"href":"https:\/\/www.agrobase.com.br\/concursos\/wp-json\/wp\/v2\/posts\/268837","targetHints":{"allow":["GET"]}}],"collection":[{"href":"https:\/\/www.agrobase.com.br\/concursos\/wp-json\/wp\/v2\/posts"}],"about":[{"href":"https:\/\/www.agrobase.com.br\/concursos\/wp-json\/wp\/v2\/types\/post"}],"author":[{"embeddable":true,"href":"https:\/\/www.agrobase.com.br\/concursos\/wp-json\/wp\/v2\/users\/7"}],"replies":[{"embeddable":true,"href":"https:\/\/www.agrobase.com.br\/concursos\/wp-json\/wp\/v2\/comments?post=268837"}],"version-history":[{"count":2,"href":"https:\/\/www.agrobase.com.br\/concursos\/wp-json\/wp\/v2\/posts\/268837\/revisions"}],"predecessor-version":[{"id":268845,"href":"https:\/\/www.agrobase.com.br\/concursos\/wp-json\/wp\/v2\/posts\/268837\/revisions\/268845"}],"wp:featuredmedia":[{"embeddable":true,"href":"https:\/\/www.agrobase.com.br\/concursos\/wp-json\/wp\/v2\/media\/268836"}],"wp:attachment":[{"href":"https:\/\/www.agrobase.com.br\/concursos\/wp-json\/wp\/v2\/media?parent=268837"}],"wp:term":[{"taxonomy":"category","embeddable":true,"href":"https:\/\/www.agrobase.com.br\/concursos\/wp-json\/wp\/v2\/categories?post=268837"},{"taxonomy":"post_tag","embeddable":true,"href":"https:\/\/www.agrobase.com.br\/concursos\/wp-json\/wp\/v2\/tags?post=268837"},{"taxonomy":"_amplo","embeddable":true,"href":"https:\/\/www.agrobase.com.br\/concursos\/wp-json\/wp\/v2\/_amplo?post=268837"},{"taxonomy":"destaque","embeddable":true,"href":"https:\/\/www.agrobase.com.br\/concursos\/wp-json\/wp\/v2\/destaque?post=268837"},{"taxonomy":"instituicoes","embeddable":true,"href":"https:\/\/www.agrobase.com.br\/concursos\/wp-json\/wp\/v2\/instituicoes?post=268837"}],"curies":[{"name":"wp","href":"https:\/\/api.w.org\/{rel}","templated":true}]}}