{"id":268801,"date":"2025-07-16T07:50:18","date_gmt":"2025-07-16T10:50:18","guid":{"rendered":"https:\/\/www.agrobase.com.br\/concursos\/?p=268801"},"modified":"2025-07-15T13:30:43","modified_gmt":"2025-07-15T16:30:43","slug":"prefeitura-joao-neiva-es-selecao-simplificada-02-2025","status":"publish","type":"post","link":"https:\/\/www.agrobase.com.br\/concursos\/2025\/prefeitura-joao-neiva-es-selecao-simplificada-02-2025\/","title":{"rendered":"Prefeitura Jo\u00e3o Neiva (ES) &#8211; Sele\u00e7\u00e3o Simplificada 02\/2025"},"content":{"rendered":"<h2>Informa\u00e7\u00f5es Gerais<\/h2>\n<p>A Prefeitura de Jo\u00e3o Neiva, no Esp\u00edrito Santo, por meio da Secretaria Municipal de Sa\u00fade (SEMSA), publicou o edital n\u00ba 002\/2025 de seu novo Processo Seletivo Simplificado. O certame tem como objetivo a contrata\u00e7\u00e3o imediata e a forma\u00e7\u00e3o de cadastro de reserva para profissionais da \u00e1rea da sa\u00fade. As oportunidades s\u00e3o para os n\u00edveis m\u00e9dio\/t\u00e9cnico e superior, com contrata\u00e7\u00e3o tempor\u00e1ria pelo per\u00edodo de at\u00e9 12 meses, prorrog\u00e1vel por igual per\u00edodo.<\/p>\n<p>As vagas abrangem diversas especialidades, como enfermagem, odontologia, fisioterapia, psicologia e medicina. <strong>Para os profissionais da \u00e1rea de Nutri\u00e7\u00e3o, h\u00e1 oportunidades para o cargo de Nutricionista.<\/strong> Se voc\u00ea busca uma vaga no servi\u00e7o p\u00fablico de sa\u00fade, continue a leitura para conferir os detalhes sobre inscri\u00e7\u00f5es, etapas e cronograma deste processo seletivo.<\/p>\n<h2>Inscri\u00e7\u00f5es<\/h2>\n<p>As inscri\u00e7\u00f5es para o processo seletivo da Prefeitura de Jo\u00e3o Neiva estar\u00e3o abertas entre os dias <strong>21 e 24 de julho de 2025<\/strong>. O procedimento ser\u00e1 realizado de forma <em>exclusivamente presencial<\/em>, na sede da Secretaria Municipal de Sa\u00fade, localizada na Rua Pl\u00e1cido Vassolo, 48, 2\u00ba pavimento, Centro. O atendimento ocorrer\u00e1 das 8h \u00e0s 10h30 e das 13h \u00e0s 16h.<\/p>\n<p>A participa\u00e7\u00e3o no certame \u00e9 <strong>gratuita<\/strong>, n\u00e3o havendo cobran\u00e7a de taxa de inscri\u00e7\u00e3o. Para se inscrever, o candidato ou seu procurador dever\u00e1 entregar um envelope lacrado contendo a documenta\u00e7\u00e3o exigida no edital. Na parte externa do envelope, deve ser fixada a ficha de inscri\u00e7\u00e3o (Anexo I) devidamente preenchida. Os documentos necess\u00e1rios incluem c\u00f3pias do CPF, documento de identifica\u00e7\u00e3o com foto, comprovante de escolaridade e registro no conselho de classe, quando aplic\u00e1vel. \u00c9 permitida apenas uma inscri\u00e7\u00e3o por candidato.<\/p>\n<p>\u00c9 fundamental ler o edital completo para conferir a lista detalhada de documentos e todas as regras do processo de inscri\u00e7\u00e3o.<\/p>\n<h2>Etapas e Provas<\/h2>\n<p>O Processo Seletivo Simplificado da Prefeitura de Jo\u00e3o Neiva ser\u00e1 realizado em uma \u00fanica etapa, consistindo na <strong>An\u00e1lise de T\u00edtulos e Experi\u00eancia Profissional<\/strong>, de car\u00e1ter classificat\u00f3rio e eliminat\u00f3rio. Nesta fase, a comiss\u00e3o avaliar\u00e1 os documentos apresentados pelos candidatos no ato da inscri\u00e7\u00e3o para atribuir a pontua\u00e7\u00e3o final.<\/p>\n<p>Ser\u00e3o considerados os seguintes crit\u00e9rios:<\/p>\n<ul>\n<li><strong>Experi\u00eancia Profissional:<\/strong> Ser\u00e1 pontuado o tempo de servi\u00e7o comprovado na \u00e1rea do cargo pretendido, seja no setor p\u00fablico ou privado. A comprova\u00e7\u00e3o deve ser feita por meio de carteira de trabalho, certid\u00f5es ou contratos de presta\u00e7\u00e3o de servi\u00e7o.<\/li>\n<li><strong>Qualifica\u00e7\u00e3o Profissional:<\/strong> Ser\u00e3o avaliados cursos de forma\u00e7\u00e3o continuada, capacita\u00e7\u00f5es, gradua\u00e7\u00e3o e p\u00f3s-gradua\u00e7\u00e3o (lato sensu, mestrado e doutorado) relacionados \u00e0 \u00e1rea de atua\u00e7\u00e3o. Apenas cursos conclu\u00eddos a partir de julho de 2020 ser\u00e3o considerados para pontua\u00e7\u00e3o.<\/li>\n<\/ul>\n<p>Os documentos comprobat\u00f3rios devem ser apresentados em envelope lacrado no momento da inscri\u00e7\u00e3o. N\u00e3o ser\u00e3o pontuados os t\u00edtulos que s\u00e3o pr\u00e9-requisitos para o cargo, nem experi\u00eancias de est\u00e1gio ou trabalho volunt\u00e1rio. Para conhecer os crit\u00e9rios detalhados de pontua\u00e7\u00e3o e a documenta\u00e7\u00e3o aceita, \u00e9 indispens\u00e1vel a consulta aos anexos do edital.<\/p>\n<h2>Resultados e Gabarito<\/h2>\n<p>Todos os resultados e comunicados oficiais do processo seletivo ser\u00e3o divulgados no site da Prefeitura de Jo\u00e3o Neiva (www.joaoneiva.es.gov.br), no Di\u00e1rio Oficial dos Munic\u00edpios do Esp\u00edrito Santo (DOM\/ES) e afixados nos murais da Prefeitura e da Secretaria Municipal de Sa\u00fade. Ap\u00f3s o t\u00e9rmino das inscri\u00e7\u00f5es, ser\u00e1 publicada uma lista com a classifica\u00e7\u00e3o parcial dos candidatos. O resultado final, ap\u00f3s a an\u00e1lise de eventuais recursos, ser\u00e1 homologado e divulgado nos mesmos canais.<\/p>\n<p>Em caso de empate na pontua\u00e7\u00e3o final, os crit\u00e9rios de desempate seguir\u00e3o a seguinte ordem:<\/p>\n<ul>\n<li>Maior idade (considerando dia, m\u00eas e ano);<\/li>\n<li>Maior tempo de experi\u00eancia profissional comprovada;<\/li>\n<li>Maior titula\u00e7\u00e3o apresentada;<\/li>\n<li>Menor n\u00famero de inscri\u00e7\u00e3o.<\/li>\n<\/ul>\n<p>A convoca\u00e7\u00e3o dos candidatos aprovados ser\u00e1 realizada conforme a necessidade da administra\u00e7\u00e3o municipal. Os convocados dever\u00e3o comparecer no local e data informados, portando os documentos originais apresentados na inscri\u00e7\u00e3o para confer\u00eancia, sob pena de desclassifica\u00e7\u00e3o.<\/p>\n<p>\u00c9 de responsabilidade exclusiva do candidato acompanhar todas as publica\u00e7\u00f5es referentes ao certame, desde o edital de abertura at\u00e9 a convoca\u00e7\u00e3o final, nos meios de comunica\u00e7\u00e3o oficiais indicados pela Prefeitura.<\/p>\n","protected":false},"excerpt":{"rendered":"<p>Aguardando in\u00edcio: Sel. Simplificada Pref. Jo\u00e3o Neiva (ES) p\/ M\u00e9dico, Fonoaudi\u00f3logo (M\u00e9dio a Sup.). Inscri\u00e7\u00f5es a partir de 21\/07. At\u00e9 R$ 14.1k. Confira detalhes!<\/p>\n","protected":false},"author":7,"featured_media":268800,"comment_status":"open","ping_status":"open","sticky":false,"template":"","format":"standard","meta":{"_acf_changed":false,"_breakdance_hide_in_design_set":false,"_breakdance_tags":"","footnotes":""},"categories":[12,18,19,21,23,24,26,108,143,134],"tags":[45],"_amplo":[6427],"destaque":[],"instituicoes":[],"class_list":["post-268801","post","type-post","status-publish","format-standard","has-post-thumbnail","hentry","category-enfermagem","category-fisioterapia","category-fonoaudiologia","category-medicina","category-nutricao","category-odontologia","category-psicologia","category-tecnico-enfermagem","category-tecnico-odontologia","category-terapia-ocupacional","tag-espirito-santo","_amplo-nivel-medio"],"acf":{"_tipo_vagas":"vagas","_numero_vagas":"","_quadro_vagas":"","_cargos":"diversos","_cargos_especificos":"","_salario_max":"R$ 14191.07","_abertura":"20250721","_encerramento":"20250724","_inscricoes":"","_executora_concurso":"","_instituicao_concurso":[],"_link_adicional":null,"_anexos":null,"_produtos":null,"_vagas":"03 vagas + CR","_salario_min":"R$ 1918","_instituicao":"Prefeitura de Jo\u00e3o Neiva","_edital":"https:\/\/www.agrobase.com.br\/concursos\/wp-content\/uploads\/sites\/4\/2025\/07\/edital-02-2025-prefeitura-de-joao-neiva-es.pdf","_anexos_edital":"https:\/\/www.agrobase.com.br\/concursos\/wp-content\/uploads\/sites\/4\/2025\/07\/anexos-edital-02-2025-prefeitura-de-joao-neiva-es.pdf","_fund_incompleto":"","_fund_completo":"","_medio":"<div>\r\n<table class=\"quadro\">\r\n<thead>\r\n<tr>\r\n<th class=\"hcargo\">Cargo<\/th>\r\n<th class=\"hvagas\">Vagas<\/th>\r\n<th class=\"hremuneracao\">Remunera\u00e7\u00e3o<\/th>\r\n<\/tr>\r\n<\/thead>\r\n    <tbody>\r\n      <td class=\"ccargos\">\r\n<span data-balloon-length=\"medium\" aria-label=\"Ensino m\u00e9dio completo; Inscri\u00e7\u00e3o e registro no Conselho de Classe correspondente.\" data-balloon-pos=\"up\">T\u00e9cnico de Enfermagem<\/span><\/td>\r\n<td class=\"cvagas\">CR<\/td>\r\n<td class=\"cremuneracao\">R$ 2.279,58 \/40h<\/td>\r\n<\/tr><td class=\"ccargos\">\r\n<span data-balloon-length=\"medium\" aria-label=\"Ensino m\u00e9dio completo; Inscri\u00e7\u00e3o e registro no Conselho de Classe correspondente.\" data-balloon-pos=\"up\">Atendente de Consult\u00f3rio Dent\u00e1rio do Programa de Sa\u00fade Bucal<\/span><\/td>\r\n<td class=\"cvagas\">CR<\/td>\r\n<td class=\"cremuneracao\">R$ 1.918,00 \/40h<\/td>\r\n<\/tr><td class=\"ccargos\">\r\n<span data-balloon-length=\"medium\" aria-label=\"Ensino m\u00e9dio completo; Curso completo de T\u00e9cnico em Enfermagem; Inscri\u00e7\u00e3o e registro no Conselho de Classe correspondente.\" data-balloon-pos=\"up\">T\u00e9cnico em Enfermagem da ESF<\/span><\/td>\r\n<td class=\"cvagas\">CR<\/td>\r\n<td class=\"cremuneracao\">R$ 1.997,56 \/40h<\/td>\r\n<\/tr><td class=\"ccargos\">\r\n<span data-balloon-length=\"medium\" aria-label=\"Ensino m\u00e9dio completo; Curso completo de T\u00e9cnico em Enfermagem; Inscri\u00e7\u00e3o e registro no Conselho de Classe correspondente.\" data-balloon-pos=\"up\">T\u00e9cnico em Enfermagem da ESF (Exclusivo para UBS Acioli)<\/span><\/td>\r\n<td class=\"cvagas\">CR<\/td>\r\n<td class=\"cremuneracao\">R$ 1.997,56 \/40h<\/td>\r\n<\/tr>\r\n    <\/tbody>\r\n  <\/table>\r\n<\/div>","_superior":"<div>\r\n<table class=\"quadro\">\r\n<thead>\r\n<tr>\r\n<th class=\"hcargo\">Cargo<\/th>\r\n<th class=\"hvagas\">Vagas<\/th>\r\n<th class=\"hremuneracao\">Remunera\u00e7\u00e3o<\/th>\r\n<\/tr>\r\n<\/thead>\r\n    <tbody>\r\n      <tr>\r\n<td class=\"ccargos\">\r\n<span data-balloon-length=\"medium\" aria-label=\"Superior completo em Fisioterapia; Inscri\u00e7\u00e3o e registro no Conselho de Classe correspondente.\" data-balloon-pos=\"up\">Fisioterapeuta I<\/span><\/td>\r\n<td class=\"cvagas\">CR<\/td>\r\n<td class=\"cremuneracao\">R$ 3.219,36 \/30h<\/td>\r\n<\/tr><tr>\r\n<td class=\"ccargos\">\r\n<span data-balloon-length=\"medium\" aria-label=\"Superior completo em Fonoaudiologia; Inscri\u00e7\u00e3o e registro no Conselho de Classe correspondente.\" data-balloon-pos=\"up\">Fonoaudi\u00f3logo<\/span><\/td>\r\n<td class=\"cvagas\">CR<\/td>\r\n<td class=\"cremuneracao\">R$ 3.219,36 \/30h<\/td>\r\n<\/tr><tr>\r\n<td class=\"ccargos\">\r\n<span data-balloon-length=\"medium\" aria-label=\"Superior completo em Nutri\u00e7\u00e3o; Inscri\u00e7\u00e3o e registro no Conselho de Classe correspondente.\" data-balloon-pos=\"up\">Nutricionista<\/span><\/td>\r\n<td class=\"cvagas\">CR<\/td>\r\n<td class=\"cremuneracao\">R$ 3.219,36 \/40h<\/td>\r\n<\/tr><tr>\r\n<td class=\"ccargos\">\r\n<span data-balloon-length=\"medium\" aria-label=\"Superior completo em Psicologia; Inscri\u00e7\u00e3o e registro no Conselho de Classe correspondente.\" data-balloon-pos=\"up\">Psic\u00f3logo I<\/span><\/td>\r\n<td class=\"cvagas\">CR<\/td>\r\n<td class=\"cremuneracao\">R$ 3.219,36 \/40h<\/td>\r\n<\/tr><tr>\r\n<td class=\"ccargos\">\r\n<span data-balloon-length=\"medium\" aria-label=\"Superior completo em Terapia Ocupacional; Inscri\u00e7\u00e3o e registro no Conselho de Classe correspondente.\" data-balloon-pos=\"up\">Terapeuta Ocupacional<\/span><\/td>\r\n<td class=\"cvagas\">CR<\/td>\r\n<td class=\"cremuneracao\">R$ 3.219,36 \/30h<\/td>\r\n<\/tr><tr>\r\n<td class=\"ccargos\">\r\n<span data-balloon-length=\"medium\" aria-label=\"Gradua\u00e7\u00e3o em Odontologia; Inscri\u00e7\u00e3o e registro no Conselho de Classe correspondente.\" data-balloon-pos=\"up\">Cirurgi\u00e3o Dentista do Programa de Sa\u00fade Bucal<\/span><\/td>\r\n<td class=\"cvagas\">CR<\/td>\r\n<td class=\"cremuneracao\">R$ 4.613,94 \/40h<\/td>\r\n<\/tr><tr>\r\n<td class=\"ccargos\">\r\n<span data-balloon-length=\"medium\" aria-label=\"Gradua\u00e7\u00e3o em Curso Superior de Fisioterapia; Inscri\u00e7\u00e3o e registro no Conselho Regional de Fisioterapia.\" data-balloon-pos=\"up\">Fisioterapeuta da ESF<\/span><\/td>\r\n<td class=\"cvagas\">CR<\/td>\r\n<td class=\"cremuneracao\">R$ 2.796,34 \/30h<\/td>\r\n<\/tr><tr>\r\n<td class=\"ccargos\">\r\n<span data-balloon-length=\"medium\" aria-label=\"Superior completo em Fonoaudiologia; Inscri\u00e7\u00e3o e registro no Conselho de Classe correspondente.\" data-balloon-pos=\"up\">Fonoaudi\u00f3logo da eMulti<\/span><\/td>\r\n<td class=\"cvagas\">01 + CR<\/td>\r\n<td class=\"cremuneracao\">R$ 3.544,90 \/30h<\/td>\r\n<\/tr><tr>\r\n<td class=\"ccargos\">\r\n<span data-balloon-length=\"medium\" aria-label=\"Gradua\u00e7\u00e3o em Medicina; Inscri\u00e7\u00e3o e registro no Conselho de Classe correspondente.\" data-balloon-pos=\"up\">M\u00e9dico da ESF<\/span><\/td>\r\n<td class=\"cvagas\">CR<\/td>\r\n<td class=\"cremuneracao\">R$ 14.191,07 \/40h<\/td>\r\n<\/tr><tr>\r\n<td class=\"ccargos\">\r\n<span data-balloon-length=\"medium\" aria-label=\"Gradua\u00e7\u00e3o em Medicina; Certificado de Resid\u00eancia em Pediatria e\/ou T\u00edtulo de Especialista em Pediatria; Inscri\u00e7\u00e3o e registro no Conselho de Classe correspondente.\" data-balloon-pos=\"up\">M\u00e9dico Pediatra da eMulti<\/span><\/td>\r\n<td class=\"cvagas\">01 + CR<\/td>\r\n<td class=\"cremuneracao\">R$ 6.689,80 \/10h<\/td>\r\n<\/tr><tr>\r\n<td class=\"ccargos\">\r\n<span data-balloon-length=\"medium\" aria-label=\"Superior completo em Terapia Ocupacional; Inscri\u00e7\u00e3o e registro no Conselho de Classe correspondente.\" data-balloon-pos=\"up\">Terapeuta Ocupacional da eMulti<\/span><\/td>\r\n<td class=\"cvagas\">01 + CR<\/td>\r\n<td class=\"cremuneracao\">R$ 3.544,90 \/20h<\/td>\r\n<\/tr>\r\n    <\/tbody>\r\n  <\/table>\r\n<\/div>"},"_links":{"self":[{"href":"https:\/\/www.agrobase.com.br\/concursos\/wp-json\/wp\/v2\/posts\/268801","targetHints":{"allow":["GET"]}}],"collection":[{"href":"https:\/\/www.agrobase.com.br\/concursos\/wp-json\/wp\/v2\/posts"}],"about":[{"href":"https:\/\/www.agrobase.com.br\/concursos\/wp-json\/wp\/v2\/types\/post"}],"author":[{"embeddable":true,"href":"https:\/\/www.agrobase.com.br\/concursos\/wp-json\/wp\/v2\/users\/7"}],"replies":[{"embeddable":true,"href":"https:\/\/www.agrobase.com.br\/concursos\/wp-json\/wp\/v2\/comments?post=268801"}],"version-history":[{"count":2,"href":"https:\/\/www.agrobase.com.br\/concursos\/wp-json\/wp\/v2\/posts\/268801\/revisions"}],"predecessor-version":[{"id":268806,"href":"https:\/\/www.agrobase.com.br\/concursos\/wp-json\/wp\/v2\/posts\/268801\/revisions\/268806"}],"wp:featuredmedia":[{"embeddable":true,"href":"https:\/\/www.agrobase.com.br\/concursos\/wp-json\/wp\/v2\/media\/268800"}],"wp:attachment":[{"href":"https:\/\/www.agrobase.com.br\/concursos\/wp-json\/wp\/v2\/media?parent=268801"}],"wp:term":[{"taxonomy":"category","embeddable":true,"href":"https:\/\/www.agrobase.com.br\/concursos\/wp-json\/wp\/v2\/categories?post=268801"},{"taxonomy":"post_tag","embeddable":true,"href":"https:\/\/www.agrobase.com.br\/concursos\/wp-json\/wp\/v2\/tags?post=268801"},{"taxonomy":"_amplo","embeddable":true,"href":"https:\/\/www.agrobase.com.br\/concursos\/wp-json\/wp\/v2\/_amplo?post=268801"},{"taxonomy":"destaque","embeddable":true,"href":"https:\/\/www.agrobase.com.br\/concursos\/wp-json\/wp\/v2\/destaque?post=268801"},{"taxonomy":"instituicoes","embeddable":true,"href":"https:\/\/www.agrobase.com.br\/concursos\/wp-json\/wp\/v2\/instituicoes?post=268801"}],"curies":[{"name":"wp","href":"https:\/\/api.w.org\/{rel}","templated":true}]}}