{"id":268761,"date":"2025-07-15T08:20:17","date_gmt":"2025-07-15T11:20:17","guid":{"rendered":"https:\/\/www.agrobase.com.br\/concursos\/?p=268761"},"modified":"2025-07-14T15:43:08","modified_gmt":"2025-07-14T18:43:08","slug":"prefeitura-sao-pedro-de-alcantara-sc-concurso-02-2025","status":"publish","type":"post","link":"https:\/\/www.agrobase.com.br\/concursos\/2025\/prefeitura-sao-pedro-de-alcantara-sc-concurso-02-2025\/","title":{"rendered":"Prefeitura S\u00e3o Pedro de Alc\u00e2ntara (SC) &#8211; Concurso 02\/2025"},"content":{"rendered":"<h2>Informa\u00e7\u00f5es Gerais<\/h2>\n<p>O edital do Concurso P\u00fablico da Prefeitura de S\u00e3o Pedro de Alc\u00e2ntara, em Santa Catarina, foi publicado. Organizado pelo Instituto Fucap, o certame visa o preenchimento de <strong>36 vagas imediatas e a forma\u00e7\u00e3o de cadastro de reserva<\/strong> para cargos de n\u00edveis fundamental incompleto, m\u00e9dio, t\u00e9cnico e superior. As contrata\u00e7\u00f5es ser\u00e3o realizadas sob o regime Estatut\u00e1rio, garantindo estabilidade aos aprovados.<\/p>\n<p>As oportunidades abrangem diversas \u00e1reas, como Administra\u00e7\u00e3o, Sa\u00fade, Educa\u00e7\u00e3o, Operacional e Fiscal. <strong>Para os profissionais de ci\u00eancias agr\u00e1rias, h\u00e1 vagas para Engenheiro Agr\u00f4nomo e M\u00e9dico Veterin\u00e1rio<\/strong>, al\u00e9m de outras carreiras de n\u00edvel superior como Contador, Enfermeiro, M\u00e9dico e Engenheiro Civil.<\/p>\n<p>Este concurso representa uma excelente oportunidade para ingressar no servi\u00e7o p\u00fablico municipal. Nas se\u00e7\u00f5es seguintes, voc\u00ea encontrar\u00e1 todos os detalhes sobre o processo de inscri\u00e7\u00e3o, as etapas de avalia\u00e7\u00e3o e o cronograma de resultados para se preparar da melhor forma.<\/p>\n<h2>Inscri\u00e7\u00f5es<\/h2>\n<p>As inscri\u00e7\u00f5es para o concurso estar\u00e3o abertas e dever\u00e3o ser realizadas exclusivamente pela internet, no site da banca organizadora. O per\u00edodo para se candidatar vai de <strong>15 de julho de 2025 at\u00e9 27 de agosto de 2025<\/strong>.<\/p>\n<p>Os valores da taxa de inscri\u00e7\u00e3o variam conforme o n\u00edvel de escolaridade do cargo pretendido:<\/p>\n<ul>\n<li><strong>N\u00edvel Superior:<\/strong> R$ 120,00<\/li>\n<li><strong>N\u00edvel M\u00e9dio\/T\u00e9cnico:<\/strong> R$ 100,00<\/li>\n<li><strong>N\u00edvel Fundamental:<\/strong> R$ 80,00<\/li>\n<\/ul>\n<p>O pagamento do boleto banc\u00e1rio, gerado ao final do preenchimento do formul\u00e1rio, dever\u00e1 ser efetuado at\u00e9 o dia <strong>28 de agosto de 2025<\/strong>. O edital prev\u00ea a possibilidade de solicitar isen\u00e7\u00e3o da taxa, e os crit\u00e9rios e procedimentos para o pedido devem ser consultados diretamente no documento oficial. Ap\u00f3s a inscri\u00e7\u00e3o, \u00e9 fundamental que o candidato acompanhe a confirma\u00e7\u00e3o e demais comunicados na sua \u00e1rea restrita no site do Instituto Fucap. \u00c9 permitida a inscri\u00e7\u00e3o para at\u00e9 dois cargos, desde que os turnos de prova (matutino e vespertino) n\u00e3o coincidam.<\/p>\n<p>Para garantir sua participa\u00e7\u00e3o, leia atentamente o edital completo e siga todas as instru\u00e7\u00f5es da banca organizadora.<\/p>\n<h2>Etapas e Provas<\/h2>\n<p>O processo seletivo ser\u00e1 composto por at\u00e9 tr\u00eas etapas, variando de acordo com o cargo escolhido. A estrutura de avalia\u00e7\u00e3o foi organizada da seguinte forma:<\/p>\n<ul>\n<li><strong>Prova Objetiva:<\/strong> De car\u00e1ter <em>eliminat\u00f3rio e classificat\u00f3rio<\/em>, ser\u00e1 aplicada para todos os cargos no dia <strong>21 de setembro de 2025<\/strong>. A prova ter\u00e1 dura\u00e7\u00e3o de 4 horas e ser\u00e1 composta por quest\u00f5es de m\u00faltipla escolha sobre L\u00edngua Portuguesa, Legisla\u00e7\u00e3o, Conhecimentos Espec\u00edficos e, para cargos de n\u00edvel fundamental, Higiene, Seguran\u00e7a e \u00c9tica no Trabalho. Para ser aprovado, o candidato precisa obter nota m\u00ednima de 6,0 pontos (n\u00edvel superior, m\u00e9dio e t\u00e9cnico) ou 5,0 pontos (n\u00edvel fundamental).<\/li>\n<li><strong>Prova de T\u00edtulos:<\/strong> De car\u00e1ter apenas <em>classificat\u00f3rio<\/em>, destinada exclusivamente aos candidatos de n\u00edvel superior. Ser\u00e3o pontuados diplomas de especializa\u00e7\u00e3o, mestrado e doutorado, com pontua\u00e7\u00e3o m\u00e1xima de 3,0 pontos. Os documentos dever\u00e3o ser enviados digitalmente conforme cronograma.<\/li>\n<li><strong>Prova de Aptid\u00e3o Pr\u00e1tica:<\/strong> De car\u00e1ter <em>eliminat\u00f3rio e classificat\u00f3rio<\/em>, ser\u00e1 exigida para os cargos de Motorista (30h e 40h), Operador de M\u00e1quinas Leves e Operador de M\u00e1quinas Pesadas. Esta etapa visa avaliar as habilidades pr\u00e1ticas dos candidatos na execu\u00e7\u00e3o das tarefas do cargo.<\/li>\n<\/ul>\n<p>Para obter informa\u00e7\u00f5es detalhadas sobre o conte\u00fado program\u00e1tico, os crit\u00e9rios de avalia\u00e7\u00e3o de cada etapa e as datas espec\u00edficas, \u00e9 indispens\u00e1vel a consulta ao edital oficial do concurso.<\/p>\n<h2>Resultados e Gabarito<\/h2>\n<p>A divulga\u00e7\u00e3o dos resultados seguir\u00e1 um cronograma definido, que deve ser acompanhado de perto pelos candidatos. O gabarito preliminar da prova objetiva ser\u00e1 publicado em <strong>22 de setembro de 2025<\/strong>. O resultado definitivo da prova objetiva e da prova de t\u00edtulos est\u00e1 previsto para <strong>29 de outubro de 2025<\/strong>, enquanto o resultado final do concurso e sua homologa\u00e7\u00e3o ser\u00e3o divulgados em <strong>21 de novembro de 2025<\/strong>.<\/p>\n<p>A classifica\u00e7\u00e3o final ser\u00e1 calculada com base na nota da prova objetiva para os cargos de n\u00edvel m\u00e9dio e t\u00e9cnico. Para o n\u00edvel superior, ser\u00e1 a soma das notas da prova objetiva e da prova de t\u00edtulos. Para os cargos com avalia\u00e7\u00e3o pr\u00e1tica, a nota final ser\u00e1 a soma da prova objetiva com a prova pr\u00e1tica.<\/p>\n<p>Os crit\u00e9rios de desempate, em ordem de prioridade, s\u00e3o: idade igual ou superior a 60 anos, maior n\u00famero de acertos em Conhecimentos Espec\u00edficos, maior n\u00famero de acertos em Conhecimentos Gerais, maior idade e ter exercido a fun\u00e7\u00e3o de jurado. A convoca\u00e7\u00e3o dos aprovados ser\u00e1 realizada conforme a necessidade da administra\u00e7\u00e3o municipal, seguindo a ordem de classifica\u00e7\u00e3o.<\/p>\n<p>\u00c9 de responsabilidade exclusiva do candidato acompanhar todas as publica\u00e7\u00f5es de resultados, convoca\u00e7\u00f5es e outros atos no site do Instituto Fucap (<strong>https:\/\/www.institutofucap.org.br\/concursos\/<\/strong>) e nos canais oficiais do Munic\u00edpio de S\u00e3o Pedro de Alc\u00e2ntara.<\/p>\n","protected":false},"excerpt":{"rendered":"<p>Concurso Pref. S\u00e3o Pedro de Alc\u00e2ntara (SC) com edital publicado! Vagas p\/ M\u00e9dico, T\u00e9cnico Enfermagem (Fund. a Sup.). Inscri\u00e7\u00f5es a partir de 15\/07. Confira detalhes!<\/p>\n","protected":false},"author":7,"featured_media":268760,"comment_status":"open","ping_status":"open","sticky":false,"template":"","format":"standard","meta":{"_acf_changed":false,"_breakdance_hide_in_design_set":false,"_breakdance_tags":"","footnotes":""},"categories":[3,4,94,9,10,12,95,14,17,18,19,21,22,24,26,101,108],"tags":[61],"_amplo":[6427],"destaque":[],"instituicoes":[],"class_list":["post-268761","post","type-post","status-publish","format-standard","has-post-thumbnail","hentry","category-administracao","category-agronomia","category-biblioteconomia","category-ciencias-contabeis","category-direito","category-enfermagem","category-engenharia-agricola","category-engenharia","category-farmacia","category-fisioterapia","category-fonoaudiologia","category-medicina","category-veterinaria","category-odontologia","category-psicologia","category-servico-social","category-tecnico-enfermagem","tag-santa-catarina","_amplo-nivel-medio"],"acf":{"_tipo_vagas":"vagas","_numero_vagas":"","_quadro_vagas":"","_cargos":"diversos","_cargos_especificos":"","_salario_max":"R$ 14586.53","_abertura":"20250715","_encerramento":"20250827","_inscricoes":"https:\/\/www.institutofucap.org.br\/concursos","_executora_concurso":"","_instituicao_concurso":[],"_link_adicional":null,"_anexos":null,"_produtos":null,"_vagas":"36 vagas + CR","_salario_min":"R$ 1809.61","_instituicao":"Prefeitura de S\u00e3o Pedro de Alc\u00e2ntara","_edital":"https:\/\/www.agrobase.com.br\/concursos\/wp-content\/uploads\/sites\/4\/2025\/07\/edital-02-2025-prefeitura-de-sao-pedro-de-alcantara-sc.pdf","_anexos_edital":"https:\/\/www.agrobase.com.br\/concursos\/wp-content\/uploads\/sites\/4\/2025\/07\/anexos-edital-02-2025-prefeitura-de-sao-pedro-de-alcantara-sc.pdf","_fund_incompleto":"<div>\r\n<table class=\"quadro\">\r\n<thead>\r\n<tr>\r\n<th class=\"hcargo\">Cargo<\/th>\r\n<th class=\"hvagas\">Vagas<\/th>\r\n<th class=\"hremuneracao\">Remunera\u00e7\u00e3o<\/th>\r\n<\/tr>\r\n<\/thead>\r\n    <tbody>\r\n      <td class=\"ccargos\">\r\n<span data-balloon-length=\"medium\" aria-label=\"Ensino Fundamental Incompleto e CNH categoria \u201cD\u201d.\" data-balloon-pos=\"up\">Motorista \u2013 40H<\/span><\/td>\r\n<td class=\"cvagas\">04<\/td>\r\n<td class=\"cremuneracao\">R$ 2.412,81 \/40h<\/td>\r\n<\/tr><td class=\"ccargos\">\r\n<span data-balloon-length=\"medium\" aria-label=\"Ensino Fundamental Incompleto e CNH categoria \u201cD\u201d.\" data-balloon-pos=\"up\">Motorista \u2013 30H<\/span><\/td>\r\n<td class=\"cvagas\">04<\/td>\r\n<td class=\"cremuneracao\">R$ 1.809,61 \/30h<\/td>\r\n<\/tr><td class=\"ccargos\">\r\n<span data-balloon-length=\"medium\" aria-label=\"Ensino Fundamental Incompleto e CNH categoria \u201cD\u201d.\" data-balloon-pos=\"up\">Operador M\u00e1quinas Leves<\/span><\/td>\r\n<td class=\"cvagas\">02<\/td>\r\n<td class=\"cremuneracao\">R$ 2.412,81 \/40h<\/td>\r\n<\/tr><td class=\"ccargos\">\r\n<span data-balloon-length=\"medium\" aria-label=\"Ensino Fundamental Incompleto e CNH categoria \u201cE\u201d.\" data-balloon-pos=\"up\">Operador M\u00e1quinas Pesadas<\/span><\/td>\r\n<td class=\"cvagas\">02<\/td>\r\n<td class=\"cremuneracao\">R$ 3.860,49 \/40h<\/td>\r\n<\/tr>\r\n    <\/tbody>\r\n  <\/table>\r\n<\/div>","_fund_completo":"","_medio":"<div>\r\n<table class=\"quadro\">\r\n<thead>\r\n<tr>\r\n<th class=\"hcargo\">Cargo<\/th>\r\n<th class=\"hvagas\">Vagas<\/th>\r\n<th class=\"hremuneracao\">Remunera\u00e7\u00e3o<\/th>\r\n<\/tr>\r\n<\/thead>\r\n    <tbody>\r\n      <td class=\"ccargos\">\r\n<span data-balloon-length=\"medium\" aria-label=\"Ensino M\u00e9dio Completo.\" data-balloon-pos=\"up\">Agente Administrativo<\/span><\/td>\r\n<td class=\"cvagas\">02<\/td>\r\n<td class=\"cremuneracao\">R$ 2.763,76 \/40h<\/td>\r\n<\/tr><td class=\"ccargos\">\r\n<span data-balloon-length=\"medium\" aria-label=\"Ensino M\u00e9dio Completo e Curso T\u00e9cnico em Enfermagem, com registro no Coren\/SC e Capacita\u00e7\u00e3o para sala de vacina.\" data-balloon-pos=\"up\">Agente de Vigil\u00e2ncia Epidemiol\u00f3gica<\/span><\/td>\r\n<td class=\"cvagas\">01<\/td>\r\n<td class=\"cremuneracao\">R$ 2.763,76 \/40h<\/td>\r\n<\/tr><td class=\"ccargos\">\r\n<span data-balloon-length=\"medium\" aria-label=\"Ensino M\u00e9dio Completo, resid\u00eancia no munic\u00edpio de S\u00e3o Pedro de Alc\u00e2ntara\" data-balloon-pos=\"up\">Agente de Combate a Endemias<\/span><\/td>\r\n<td class=\"cvagas\">CR<\/td>\r\n<td class=\"cremuneracao\">R$ 3.036,00 \/40h<\/td>\r\n<\/tr><td class=\"ccargos\">\r\n<span data-balloon-length=\"medium\" aria-label=\"Ensino M\u00e9dio Completo, resid\u00eancia no munic\u00edpio de S\u00e3o Pedro de Alc\u00e2ntara na \u00e1rea urbana \u2013 Bairros Fojoca, Vira Copos, Boa Parada.\" data-balloon-pos=\"up\">Agente Comunit\u00e1rio de Sa\u00fade \u2013 \u00c1rea Urbana<\/span><\/td>\r\n<td class=\"cvagas\">01<\/td>\r\n<td class=\"cremuneracao\">R$ 3.036,00 \/40h<\/td>\r\n<\/tr><td class=\"ccargos\">\r\n<span data-balloon-length=\"medium\" aria-label=\"Ensino M\u00e9dio Completo, resid\u00eancia no munic\u00edpio de S\u00e3o Pedro de Alc\u00e2ntara na \u00e1rea rural \u2013 Bairros Campo de Demonstra\u00e7\u00e3o, Santa Filomena, Barro Branco, Rio Forquilhas, Invernada, Rocinha.\" data-balloon-pos=\"up\">Agente Comunit\u00e1rio de Sa\u00fade \u2013 \u00c1rea Rural<\/span><\/td>\r\n<td class=\"cvagas\">01<\/td>\r\n<td class=\"cremuneracao\">R$ 3.036,00 \/40h<\/td>\r\n<\/tr><td class=\"ccargos\">\r\n<span data-balloon-length=\"medium\" aria-label=\"Ensino M\u00e9dio Completo e Curso T\u00e9cnico em Edifica\u00e7\u00f5es.\" data-balloon-pos=\"up\">Fiscal de Obras e Posturas<\/span><\/td>\r\n<td class=\"cvagas\">01<\/td>\r\n<td class=\"cremuneracao\">R$ 3.098,27 \/40h<\/td>\r\n<\/tr><td class=\"ccargos\">\r\n<span data-balloon-length=\"medium\" aria-label=\"Ensino M\u00e9dio Completo e Curso T\u00e9cnico em Vigil\u00e2ncia Sanit\u00e1ria.\" data-balloon-pos=\"up\">Fiscal de Vigil\u00e2ncia Sanit\u00e1ria<\/span><\/td>\r\n<td class=\"cvagas\">CR<\/td>\r\n<td class=\"cremuneracao\">R$ 3.098,27 \/40h<\/td>\r\n<\/tr><td class=\"ccargos\">\r\n<span data-balloon-length=\"medium\" aria-label=\"Ensino M\u00e9dio Completo e Curso T\u00e9cnico em Enfermagem, com registro no Coren\/SC.\" data-balloon-pos=\"up\">T\u00e9cnico em Enfermagem<\/span><\/td>\r\n<td class=\"cvagas\">03<\/td>\r\n<td class=\"cremuneracao\">R$ 3.860,49 \/40h<\/td>\r\n<\/tr>\r\n    <\/tbody>\r\n  <\/table>\r\n<\/div>","_superior":"<div>\r\n<table class=\"quadro\">\r\n<thead>\r\n<tr>\r\n<th class=\"hcargo\">Cargo<\/th>\r\n<th class=\"hvagas\">Vagas<\/th>\r\n<th class=\"hremuneracao\">Remunera\u00e7\u00e3o<\/th>\r\n<\/tr>\r\n<\/thead>\r\n    <tbody>\r\n      <tr>\r\n<td class=\"ccargos\">\r\n<span data-balloon-length=\"medium\" aria-label=\"Ensino Superior completo em Administra\u00e7\u00e3o ou Direito, e registro no conselho por SC.\" data-balloon-pos=\"up\">Agente de Contrata\u00e7\u00e3o P\u00fablica<\/span><\/td>\r\n<td class=\"cvagas\">CR<\/td>\r\n<td class=\"cremuneracao\">R$ 4.400,00 \/40h<\/td>\r\n<\/tr><tr>\r\n<td class=\"ccargos\">\r\n<span data-balloon-length=\"medium\" aria-label=\"Ensino Superior Completo em Servi\u00e7o Social e registro no CRESS 12\u00aa regi\u00e3o.\" data-balloon-pos=\"up\">Assistente Social CRAS<\/span><\/td>\r\n<td class=\"cvagas\">01<\/td>\r\n<td class=\"cremuneracao\">R$ 5.319,15 \/40h<\/td>\r\n<\/tr><tr>\r\n<td class=\"ccargos\">\r\n<span data-balloon-length=\"medium\" aria-label=\"Ensino Superior completo em Administra\u00e7\u00e3o, Ci\u00eancias Cont\u00e1beis e ou em Recursos Humanos.\" data-balloon-pos=\"up\">Analista de Departamento Pessoal<\/span><\/td>\r\n<td class=\"cvagas\">01<\/td>\r\n<td class=\"cremuneracao\">R$ 3.860,49 \/40h<\/td>\r\n<\/tr><tr>\r\n<td class=\"ccargos\">\r\n<span data-balloon-length=\"medium\" aria-label=\"Ensino Superior completo em Administra\u00e7\u00e3o, Ci\u00eancias Cont\u00e1beis, Direito, Economia, Engenharia ou Gest\u00e3o P\u00fablica.\" data-balloon-pos=\"up\">Auditor-Fiscal De Tributos Municipais<\/span><\/td>\r\n<td class=\"cvagas\">01<\/td>\r\n<td class=\"cremuneracao\">R$ 6.196,53 \/40h<\/td>\r\n<\/tr><tr>\r\n<td class=\"ccargos\">\r\n<span data-balloon-length=\"medium\" aria-label=\"Ensino Superior Completo em Biblioteconomia e registro no CRB-14\/SC.\" data-balloon-pos=\"up\">Bibliotec\u00e1rio<\/span><\/td>\r\n<td class=\"cvagas\">CR<\/td>\r\n<td class=\"cremuneracao\">R$ 5.319,15 \/40h<\/td>\r\n<\/tr><tr>\r\n<td class=\"ccargos\">\r\n<span data-balloon-length=\"medium\" aria-label=\"Ensino Superior Completo em Ci\u00eancias Cont\u00e1beis e registro no CRC\/SC.\" data-balloon-pos=\"up\">Contador<\/span><\/td>\r\n<td class=\"cvagas\">01<\/td>\r\n<td class=\"cremuneracao\">R$ 6.196,53 \/40h<\/td>\r\n<\/tr><tr>\r\n<td class=\"ccargos\">\r\n<span data-balloon-length=\"medium\" aria-label=\"Ensino Superior Completo em Odontologia e registro no CRO\/SC.\" data-balloon-pos=\"up\">Dentista<\/span><\/td>\r\n<td class=\"cvagas\">01<\/td>\r\n<td class=\"cremuneracao\">R$ 5.511,08 \/40h<\/td>\r\n<\/tr><tr>\r\n<td class=\"ccargos\">\r\n<span data-balloon-length=\"medium\" aria-label=\"Portador de certificado de conclus\u00e3o de curso superior, com registro no Coren\/SC.\" data-balloon-pos=\"up\">Enfermeiro - ESF<\/span><\/td>\r\n<td class=\"cvagas\">01<\/td>\r\n<td class=\"cremuneracao\">R$ 5.511,08 \/40h<\/td>\r\n<\/tr><tr>\r\n<td class=\"ccargos\">\r\n<span data-balloon-length=\"medium\" aria-label=\"Ensino Superior Completo em Agronomia, nas titula\u00e7\u00f5es Engenheiro Agr\u00f4nomo ou Engenheiro Agr\u00edcola e registro no CREA\/SC.\" data-balloon-pos=\"up\">Engenheiro Agr\u00f4nomo<\/span><\/td>\r\n<td class=\"cvagas\">CR<\/td>\r\n<td class=\"cremuneracao\">R$ 6.196,53 \/40h<\/td>\r\n<\/tr><tr>\r\n<td class=\"ccargos\">\r\n<span data-balloon-length=\"medium\" aria-label=\"Ensino Superior Completo em Engenharia, na modalidade Civil, e registro no CREA\/SC.\" data-balloon-pos=\"up\">Engenheiro Civil<\/span><\/td>\r\n<td class=\"cvagas\">01<\/td>\r\n<td class=\"cremuneracao\">R$ 6.196,53 \/40h<\/td>\r\n<\/tr><tr>\r\n<td class=\"ccargos\">\r\n<span data-balloon-length=\"medium\" aria-label=\"Ensino Superior Completo em Farm\u00e1cia e registro no CRF\/SC.\" data-balloon-pos=\"up\">Farmac\u00eautico<\/span><\/td>\r\n<td class=\"cvagas\">01<\/td>\r\n<td class=\"cremuneracao\">R$ 6.712,00 \/40h<\/td>\r\n<\/tr><tr>\r\n<td class=\"ccargos\">\r\n<span data-balloon-length=\"medium\" aria-label=\"Ensino Superior Completo em Fisioterapia e registro no CREFITO-10\/SC.\" data-balloon-pos=\"up\">Fisioterapeuta<\/span><\/td>\r\n<td class=\"cvagas\">CR<\/td>\r\n<td class=\"cremuneracao\">R$ 5.319,15 \/40h<\/td>\r\n<\/tr><tr>\r\n<td class=\"ccargos\">\r\n<span data-balloon-length=\"medium\" aria-label=\"Ensino Superior Completo em Fonoaudiologia e registro no CREFONO\/SC.\" data-balloon-pos=\"up\">Fonoaudi\u00f3logo<\/span><\/td>\r\n<td class=\"cvagas\">CR<\/td>\r\n<td class=\"cremuneracao\">R$ 5.319,15 \/40h<\/td>\r\n<\/tr><tr>\r\n<td class=\"ccargos\">\r\n<span data-balloon-length=\"medium\" aria-label=\"Ensino Superior Completo em Medicina e registro no CRM\/SC.\" data-balloon-pos=\"up\">M\u00e9dico Cl\u00ednico Geral \u2013 20h<\/span><\/td>\r\n<td class=\"cvagas\">CR<\/td>\r\n<td class=\"cremuneracao\">R$ 7.293,26 \/20h<\/td>\r\n<\/tr><tr>\r\n<td class=\"ccargos\">\r\n<span data-balloon-length=\"medium\" aria-label=\"Ensino Superior Completo em Medicina e registro no CRM\/SC.\" data-balloon-pos=\"up\">M\u00e9dico Cl\u00ednico Geral - 30h<\/span><\/td>\r\n<td class=\"cvagas\">01<\/td>\r\n<td class=\"cremuneracao\">R$ 10.939,90 \/30h<\/td>\r\n<\/tr><tr>\r\n<td class=\"ccargos\">\r\n<span data-balloon-length=\"medium\" aria-label=\"Ensino Superior Completo em Medicina e registro no CRM\/SC.\" data-balloon-pos=\"up\">M\u00e9dico Cl\u00ednico Geral - ESF<\/span><\/td>\r\n<td class=\"cvagas\">02<\/td>\r\n<td class=\"cremuneracao\">R$ 14.586,53 \/40h<\/td>\r\n<\/tr><tr>\r\n<td class=\"ccargos\">\r\n<span data-balloon-length=\"medium\" aria-label=\"Ensino Superior Completo em Medicina, registro no CRM\/SC e Resid\u00eancia em Ginecologia e Obstetr\u00edcia.\" data-balloon-pos=\"up\">M\u00e9dico Ginecologista Obstetra<\/span><\/td>\r\n<td class=\"cvagas\">01<\/td>\r\n<td class=\"cremuneracao\">R$ 9.113,14 \/20h<\/td>\r\n<\/tr><tr>\r\n<td class=\"ccargos\">\r\n<span data-balloon-length=\"medium\" aria-label=\"Ensino Superior Completo em Medicina, registro no CRM\/SC e Resid\u00eancia em Pediatria.\" data-balloon-pos=\"up\">M\u00e9dico Pediatra<\/span><\/td>\r\n<td class=\"cvagas\">01<\/td>\r\n<td class=\"cremuneracao\">R$ 9.113,14 \/20h<\/td>\r\n<\/tr><tr>\r\n<td class=\"ccargos\">\r\n<span data-balloon-length=\"medium\" aria-label=\"Ensino Superior Completo em Medicina Veterin\u00e1ria, e registro no CRMV\/SC.\" data-balloon-pos=\"up\">M\u00e9dico Veterin\u00e1rio<\/span><\/td>\r\n<td class=\"cvagas\">CR<\/td>\r\n<td class=\"cremuneracao\">R$ 3.098,27 \/20h<\/td>\r\n<\/tr><tr>\r\n<td class=\"ccargos\">\r\n<span data-balloon-length=\"medium\" aria-label=\"Ensino Superior Completo em Psicologia e registro CRP\/SC.\" data-balloon-pos=\"up\">Psic\u00f3logo - CRAS<\/span><\/td>\r\n<td class=\"cvagas\">01<\/td>\r\n<td class=\"cremuneracao\">R$ 5.319,15 \/40h<\/td>\r\n<\/tr><tr>\r\n<td class=\"ccargos\">\r\n<span data-balloon-length=\"medium\" aria-label=\"Ensino Superior Completo em Psicologia e registro CRP\/SC.\" data-balloon-pos=\"up\">Psic\u00f3logo - UBS<\/span><\/td>\r\n<td class=\"cvagas\">01<\/td>\r\n<td class=\"cremuneracao\">R$ 5.319,15 \/40h<\/td>\r\n<\/tr><tr>\r\n<td class=\"ccargos\">\r\n<span data-balloon-length=\"medium\" aria-label=\"Ensino Superior completo em Administra\u00e7\u00e3o, Ci\u00eancias Cont\u00e1beis ou Economia, e registro no conselho da classe em SC.\" data-balloon-pos=\"up\">Tesoureiro<\/span><\/td>\r\n<td class=\"cvagas\">01<\/td>\r\n<td class=\"cremuneracao\">R$ 4.400,00 \/40h<\/td>\r\n<\/tr>\r\n    <\/tbody>\r\n  <\/table>\r\n<\/div>"},"_links":{"self":[{"href":"https:\/\/www.agrobase.com.br\/concursos\/wp-json\/wp\/v2\/posts\/268761","targetHints":{"allow":["GET"]}}],"collection":[{"href":"https:\/\/www.agrobase.com.br\/concursos\/wp-json\/wp\/v2\/posts"}],"about":[{"href":"https:\/\/www.agrobase.com.br\/concursos\/wp-json\/wp\/v2\/types\/post"}],"author":[{"embeddable":true,"href":"https:\/\/www.agrobase.com.br\/concursos\/wp-json\/wp\/v2\/users\/7"}],"replies":[{"embeddable":true,"href":"https:\/\/www.agrobase.com.br\/concursos\/wp-json\/wp\/v2\/comments?post=268761"}],"version-history":[{"count":1,"href":"https:\/\/www.agrobase.com.br\/concursos\/wp-json\/wp\/v2\/posts\/268761\/revisions"}],"predecessor-version":[{"id":268763,"href":"https:\/\/www.agrobase.com.br\/concursos\/wp-json\/wp\/v2\/posts\/268761\/revisions\/268763"}],"wp:featuredmedia":[{"embeddable":true,"href":"https:\/\/www.agrobase.com.br\/concursos\/wp-json\/wp\/v2\/media\/268760"}],"wp:attachment":[{"href":"https:\/\/www.agrobase.com.br\/concursos\/wp-json\/wp\/v2\/media?parent=268761"}],"wp:term":[{"taxonomy":"category","embeddable":true,"href":"https:\/\/www.agrobase.com.br\/concursos\/wp-json\/wp\/v2\/categories?post=268761"},{"taxonomy":"post_tag","embeddable":true,"href":"https:\/\/www.agrobase.com.br\/concursos\/wp-json\/wp\/v2\/tags?post=268761"},{"taxonomy":"_amplo","embeddable":true,"href":"https:\/\/www.agrobase.com.br\/concursos\/wp-json\/wp\/v2\/_amplo?post=268761"},{"taxonomy":"destaque","embeddable":true,"href":"https:\/\/www.agrobase.com.br\/concursos\/wp-json\/wp\/v2\/destaque?post=268761"},{"taxonomy":"instituicoes","embeddable":true,"href":"https:\/\/www.agrobase.com.br\/concursos\/wp-json\/wp\/v2\/instituicoes?post=268761"}],"curies":[{"name":"wp","href":"https:\/\/api.w.org\/{rel}","templated":true}]}}