{"id":268749,"date":"2025-07-15T08:00:31","date_gmt":"2025-07-15T11:00:31","guid":{"rendered":"https:\/\/www.agrobase.com.br\/concursos\/?p=268749"},"modified":"2025-07-14T15:05:46","modified_gmt":"2025-07-14T18:05:46","slug":"prefeitura-lindoeste-pr-concurso-31-2025","status":"publish","type":"post","link":"https:\/\/www.agrobase.com.br\/concursos\/2025\/prefeitura-lindoeste-pr-concurso-31-2025\/","title":{"rendered":"Prefeitura Lindoeste (PR) &#8211; Concurso 31\/2025"},"content":{"rendered":"<h2>Informa\u00e7\u00f5es Gerais<\/h2>\n<p>A Prefeitura do Munic\u00edpio de Lindoeste, no Paran\u00e1, publicou o edital n.\u00ba 31\/2025 de seu novo Concurso P\u00fablico, que est\u00e1 com o edital publicado. Organizado pela Funda\u00e7\u00e3o FAFIPA \u2013 Campus de Paranava\u00ed, o certame visa o preenchimento de vagas imediatas e a forma\u00e7\u00e3o de cadastro de reserva para o quadro de servidores efetivos, sob o regime Estatut\u00e1rio.<\/p>\n<p>As oportunidades abrangem cargos de n\u00edveis fundamental, m\u00e9dio, t\u00e9cnico e superior, distribu\u00eddos em diversas \u00e1reas da administra\u00e7\u00e3o p\u00fablica, como sa\u00fade, educa\u00e7\u00e3o, operacional e administrativa. <strong>O concurso se destaca por oferecer vagas em \u00e1reas de grande interesse, como Medicina Veterin\u00e1ria e Nutri\u00e7\u00e3o<\/strong>, al\u00e9m de diversas outras carreiras.<\/p>\n<p>Este \u00e9 um certame de grande porte, com um quadro de vagas diversificado e sal\u00e1rios competitivos. Para conhecer os detalhes sobre como se inscrever, quais s\u00e3o as etapas de sele\u00e7\u00e3o e o cronograma completo, continue a leitura das se\u00e7\u00f5es a seguir.<\/p>\n<h2>Inscri\u00e7\u00f5es<\/h2>\n<p>As inscri\u00e7\u00f5es para o Concurso P\u00fablico de Lindoeste (PR) devem ser realizadas exclusivamente pela internet. O per\u00edodo para se candidatar inicia \u00e0s <strong>08h00 do dia 14 de julho de 2025 e encerra \u00e0s 23h59 do dia 14 de agosto de 2025<\/strong>.<\/p>\n<p>Para efetuar a inscri\u00e7\u00e3o, o candidato deve acessar o site da banca organizadora, a Funda\u00e7\u00e3o FAFIPA, no endere\u00e7o <em>www.fundacaofafipa.org.br<\/em>, preencher o formul\u00e1rio eletr\u00f4nico com seus dados e optar por um \u00fanico cargo. O valor da taxa de inscri\u00e7\u00e3o varia conforme o n\u00edvel de escolaridade, e os valores espec\u00edficos devem ser consultados no edital.<\/p>\n<p>O pagamento da taxa deve ser feito por meio de boleto banc\u00e1rio, que pode ser impresso na \u201c\u00c1rea do Candidato\u201d. \u00c9 fundamental que o candidato confira os dados do boleto antes de efetuar o pagamento, que deve ser realizado at\u00e9 o dia <strong>15 de agosto de 2025<\/strong>. A confirma\u00e7\u00e3o da inscri\u00e7\u00e3o pode levar at\u00e9 72 horas para ser processada pelo sistema. N\u00e3o haver\u00e1 devolu\u00e7\u00e3o da taxa, exceto em caso de cancelamento do certame.<\/p>\n<p>O edital n\u00e3o especifica os crit\u00e9rios para solicita\u00e7\u00e3o de isen\u00e7\u00e3o da taxa, sendo necess\u00e1rio consultar o documento oficial para verificar os requisitos e procedimentos. \u00c9 de inteira responsabilidade do candidato acompanhar o status de sua inscri\u00e7\u00e3o e todas as publica\u00e7\u00f5es na \u00e1rea restrita do site da organizadora. Para garantir o cumprimento de todos os requisitos, a leitura completa do edital \u00e9 indispens\u00e1vel.<\/p>\n<h2>Etapas e Provas<\/h2>\n<p>O processo seletivo do Concurso de Lindoeste ser\u00e1 estruturado em at\u00e9 tr\u00eas etapas, variando conforme o cargo pretendido. Confira os detalhes de cada fase:<\/p>\n<ul>\n<li><strong>Prova Objetiva:<\/strong> De car\u00e1ter eliminat\u00f3rio e classificat\u00f3rio, ser\u00e1 aplicada para <em>todos os cargos<\/em> na data prov\u00e1vel de 14 de setembro de 2025. A prova ter\u00e1 dura\u00e7\u00e3o de 3 horas e ser\u00e1 composta por 30 quest\u00f5es de m\u00faltipla escolha. As disciplinas variam conforme o n\u00edvel:\n<ul>\n<li><strong>N\u00edvel Fundamental:<\/strong> L\u00edngua Portuguesa, Matem\u00e1tica e Conhecimentos Gerais.<\/li>\n<li><strong>N\u00edvel M\u00e9dio, T\u00e9cnico e Magist\u00e9rio:<\/strong> L\u00edngua Portuguesa, Matem\u00e1tica, Conhecimentos Gerais e Conhecimentos Espec\u00edficos.<\/li>\n<li><strong>N\u00edvel Superior:<\/strong> A estrutura pode incluir L\u00edngua Portuguesa, Matem\u00e1tica, Conhecimentos Gerais e Conhecimentos Espec\u00edficos, dependendo do cargo.<\/li>\n<\/ul>\n<p>Para ser aprovado, o candidato de n\u00edvel fundamental, m\u00e9dio ou t\u00e9cnico deve obter nota igual ou superior a 50 pontos, enquanto para o n\u00edvel superior a nota m\u00ednima \u00e9 de 70 pontos.<\/p>\n<\/li>\n<li><strong>Prova Pr\u00e1tica:<\/strong> De car\u00e1ter eliminat\u00f3rio e classificat\u00f3rio, esta etapa \u00e9 exclusiva para os cargos de <strong>Motorista<\/strong> e <strong>Operador de M\u00e1quinas<\/strong>. Ser\u00e3o convocados apenas os candidatos aprovados na prova objetiva e classificados dentro do limite de vagas estabelecido. A avalia\u00e7\u00e3o consistir\u00e1 em tarefas pr\u00e1ticas de dire\u00e7\u00e3o e opera\u00e7\u00e3o de equipamentos, sendo necess\u00e1rio obter no m\u00ednimo 50 de 100 pontos para n\u00e3o ser eliminado.<\/li>\n<li><strong>Prova de T\u00edtulos:<\/strong> De car\u00e1ter apenas classificat\u00f3rio, \u00e9 destinada aos candidatos dos cargos de <strong>N\u00edvel Superior<\/strong>, <strong>Agente de Apoio<\/strong>, <strong>Educador Infantil<\/strong> e <strong>Professor<\/strong>. Os candidatos habilitados na prova objetiva poder\u00e3o submeter documentos comprobat\u00f3rios de forma\u00e7\u00e3o acad\u00eamica para obter at\u00e9 15 pontos adicionais na classifica\u00e7\u00e3o final.<\/li>\n<\/ul>\n<p>Para informa\u00e7\u00f5es detalhadas sobre o conte\u00fado program\u00e1tico, os crit\u00e9rios de avalia\u00e7\u00e3o da prova pr\u00e1tica e os t\u00edtulos aceitos, \u00e9 fundamental a leitura atenta do edital completo.<\/p>\n<h2>Resultados e Gabarito<\/h2>\n<p>A divulga\u00e7\u00e3o dos resultados do Concurso P\u00fablico de Lindoeste seguir\u00e1 um cronograma detalhado. O gabarito preliminar da prova objetiva ser\u00e1 publicado um dia ap\u00f3s sua aplica\u00e7\u00e3o, em <strong>15 de setembro de 2025<\/strong>, no site da Funda\u00e7\u00e3o FAFIPA. Os candidatos poder\u00e3o consultar suas folhas de respostas digitalizadas a partir da divulga\u00e7\u00e3o do resultado preliminar da prova objetiva, prevista para <strong>8 de outubro de 2025<\/strong>.<\/p>\n<p>O resultado final do certame, com a classifica\u00e7\u00e3o dos aprovados, est\u00e1 previsto para ser divulgado em <strong>13 de novembro de 2025<\/strong>, ap\u00f3s a conclus\u00e3o de todas as etapas e prazos de recurso. A homologa\u00e7\u00e3o do resultado final ocorrer\u00e1 em <strong>25 de novembro de 2025<\/strong>, com publica\u00e7\u00e3o no Di\u00e1rio Oficial do Munic\u00edpio e nos sites da banca e da prefeitura.<\/p>\n<p>A classifica\u00e7\u00e3o final ser\u00e1 organizada em ordem decrescente da nota total. Os crit\u00e9rios de desempate, caso necess\u00e1rios, seguir\u00e3o a seguinte ordem de prioridade: idade igual ou superior a 60 anos, maior nota em Conhecimentos Espec\u00edficos, maior nota em L\u00edngua Portuguesa, e outros crit\u00e9rios detalhados no edital. A convoca\u00e7\u00e3o dos aprovados ser\u00e1 realizada de acordo com a necessidade da administra\u00e7\u00e3o municipal e publicada no Di\u00e1rio Oficial do Munic\u00edpio e no site <em>www.lindoeste.pr.gov.br<\/em>.<\/p>\n<p>\u00c9 de <strong>responsabilidade exclusiva do candidato<\/strong> acompanhar todas as publica\u00e7\u00f5es oficiais nos canais informados para n\u00e3o perder os prazos de nomea\u00e7\u00e3o e posse. Embora a prefeitura possa realizar contatos adicionais, o acompanhamento das publica\u00e7\u00f5es oficiais \u00e9 obrigat\u00f3rio.<\/p>\n","protected":false},"excerpt":{"rendered":"<p>Concurso Pref. Lindoeste (PR) com edital publicado! Vagas p\/ Professor, M\u00e9dico (Fund. a Sup.). Inscri\u00e7\u00f5es a partir de 14\/07. Sal\u00e1rios at\u00e9 R$ 16.2k. Confira detalhes!<\/p>\n","protected":false},"author":7,"featured_media":268748,"comment_status":"open","ping_status":"open","sticky":false,"template":"","format":"standard","meta":{"_acf_changed":false,"_breakdance_hide_in_design_set":false,"_breakdance_tags":"","footnotes":""},"categories":[9,10,11,12,17,18,19,21,22,23,25,26,101,128,108,143],"tags":[52],"_amplo":[],"destaque":[],"instituicoes":[],"class_list":["post-268749","post","type-post","status-publish","format-standard","has-post-thumbnail","hentry","category-ciencias-contabeis","category-direito","category-educacao-fisica","category-enfermagem","category-farmacia","category-fisioterapia","category-fonoaudiologia","category-medicina","category-veterinaria","category-nutricao","category-pedagogia","category-psicologia","category-servico-social","category-tecnico-em-contabilidade","category-tecnico-enfermagem","category-tecnico-odontologia","tag-parana"],"acf":{"_tipo_vagas":"vagas","_numero_vagas":"","_quadro_vagas":"","_cargos":"diversos","_cargos_especificos":"","_salario_max":"R$ 16206.17","_abertura":"20250714","_encerramento":"20250814","_inscricoes":"https:\/\/www.fundacaofafipa.org.br","_executora_concurso":"","_instituicao_concurso":[],"_link_adicional":null,"_anexos":null,"_produtos":null,"_vagas":"48 vagas + CR","_salario_min":"R$ 1518","_instituicao":"Prefeitura de Lindoeste","_edital":"https:\/\/www.agrobase.com.br\/concursos\/wp-content\/uploads\/sites\/4\/2025\/07\/edital-31-2025-prefeitura-de-lindoeste-pr.pdf","_anexos_edital":"https:\/\/www.agrobase.com.br\/concursos\/wp-content\/uploads\/sites\/4\/2025\/07\/anexos-edital-31-2025-prefeitura-de-lindoeste-pr.pdf","_fund_incompleto":"","_fund_completo":"<div>\r\n<table class=\"quadro\">\r\n<thead>\r\n<tr>\r\n<th class=\"hcargo\">Cargo<\/th>\r\n<th class=\"hvagas\">Vagas<\/th>\r\n<th class=\"hremuneracao\">Remunera\u00e7\u00e3o<\/th>\r\n<\/tr>\r\n<\/thead>\r\n    <tbody>\r\n      <td class=\"ccargos\">\r\n<span data-balloon-length=\"medium\" aria-label=\"Ensino fundamental completo c\/c curso na \u00e1rea de atua\u00e7\u00e3o.\" data-balloon-pos=\"up\">Eletricista<\/span><\/td>\r\n<td class=\"cvagas\">01 + CR<\/td>\r\n<td class=\"cremuneracao\">R$ 1.518,00 \/40h<\/td>\r\n<\/tr><td class=\"ccargos\">\r\n<span data-balloon-length=\"medium\" aria-label=\"Ensino fundamental completo, Carteira Nacional de Habilita\u00e7\u00e3o categoria B ou superior.\" data-balloon-pos=\"up\">Motorista<\/span><\/td>\r\n<td class=\"cvagas\">05 + CR<\/td>\r\n<td class=\"cremuneracao\">R$ 1.742,76 \/40h<\/td>\r\n<\/tr><td class=\"ccargos\">\r\n<span data-balloon-length=\"medium\" aria-label=\"Ensino fundamental completo, Carteira Nacional de Habilita\u00e7\u00e3o categoria C ou superior e curso b\u00e1sico de qualifica\u00e7\u00e3o profissional na \u00e1rea de atua\u00e7\u00e3o.\" data-balloon-pos=\"up\">Operador de M\u00e1quinas<\/span><\/td>\r\n<td class=\"cvagas\">04 + CR<\/td>\r\n<td class=\"cremuneracao\">R$ 1.871,56 \/40h<\/td>\r\n<\/tr><td class=\"ccargos\">\r\n<span data-balloon-length=\"medium\" aria-label=\"Ensino fundamental completo\" data-balloon-pos=\"up\">Pedreiro<\/span><\/td>\r\n<td class=\"cvagas\">02 + CR<\/td>\r\n<td class=\"cremuneracao\">R$ 1.518,00 \/40h<\/td>\r\n<\/tr>\r\n    <\/tbody>\r\n  <\/table>\r\n<\/div>","_medio":"<div>\r\n<table class=\"quadro\">\r\n<thead>\r\n<tr>\r\n<th class=\"hcargo\">Cargo<\/th>\r\n<th class=\"hvagas\">Vagas<\/th>\r\n<th class=\"hremuneracao\">Remunera\u00e7\u00e3o<\/th>\r\n<\/tr>\r\n<\/thead>\r\n    <tbody>\r\n      <td class=\"ccargos\">\r\n<span data-balloon-length=\"medium\" aria-label=\"Ensino m\u00e9dio completo; Residir na \u00e1rea da comunidade em for que atuar; desde a data da publica\u00e7\u00e3o deste edital; Haver conclu\u00eddo com aproveitamento, curso de forma\u00e7\u00e3o inicial com carga hor\u00e1ria m\u00ednima de 40 (quarenta) horas ou a qualquer tempo, enquanto permanecer no cargo, quando oferecido o curso de qualifica\u00e7\u00e3o b\u00e1sica para forma\u00e7\u00e3o de Agente Comunit\u00e1rio de Sa\u00fade por meio da Escola de Sa\u00fade P\u00fablica do Estado.\" data-balloon-pos=\"up\">Agente Comunit\u00e1rio de Sa\u00fade<\/span><\/td>\r\n<td class=\"cvagas\">02 + CR<\/td>\r\n<td class=\"cremuneracao\">R$ 3.036,00 \/40h<\/td>\r\n<\/tr><td class=\"ccargos\">\r\n<span data-balloon-length=\"medium\" aria-label=\"Ensino m\u00e9dio completo\" data-balloon-pos=\"up\">Agente de Apoio<\/span><\/td>\r\n<td class=\"cvagas\">05 + CR<\/td>\r\n<td class=\"cremuneracao\">R$ 2.443,88 \/40h<\/td>\r\n<\/tr><td class=\"ccargos\">\r\n<span data-balloon-length=\"medium\" aria-label=\"Ensino m\u00e9dio completo e conclus\u00e3o com aproveitamento, curso de forma\u00e7\u00e3o inicial com carga hor\u00e1ria m\u00ednima de 40 (quarenta) horas ou a qualquer tempo, enquanto permanecer no cargo, quando oferecido o curso por meio da Escola de Sa\u00fade P\u00fablica do Estado.\" data-balloon-pos=\"up\">Agente de Combate a Endemias<\/span><\/td>\r\n<td class=\"cvagas\">01 + CR<\/td>\r\n<td class=\"cremuneracao\">R$ 3.036,00 \/40h<\/td>\r\n<\/tr><td class=\"ccargos\">\r\n<span data-balloon-length=\"medium\" aria-label=\"Ensino m\u00e9dio completo, mais curso em Auxiliar de Sa\u00fade Bucal, com Registro no Conselho de Classe, CRO\/PR, ativo.\" data-balloon-pos=\"up\">Auxiliar de Sa\u00fade Bucal<\/span><\/td>\r\n<td class=\"cvagas\">01 + CR<\/td>\r\n<td class=\"cremuneracao\">R$ 1.894,32 \/40h<\/td>\r\n<\/tr><td class=\"ccargos\">\r\n<span data-balloon-length=\"medium\" aria-label=\"Ensino m\u00e9dio completo\" data-balloon-pos=\"up\">Fiscal Sanit\u00e1rio<\/span><\/td>\r\n<td class=\"cvagas\">01 + CR<\/td>\r\n<td class=\"cremuneracao\">R$ 1.932,19 \/40h<\/td>\r\n<\/tr><td class=\"ccargos\">\r\n<span data-balloon-length=\"medium\" aria-label=\"Ensino m\u00e9dio t\u00e9cnico em contabilidade.\" data-balloon-pos=\"up\">T\u00e9cnico em Contabilidade<\/span><\/td>\r\n<td class=\"cvagas\">01 + CR<\/td>\r\n<td class=\"cremuneracao\">R$ 3.044,55 \/40h<\/td>\r\n<\/tr><td class=\"ccargos\">\r\n<span data-balloon-length=\"medium\" aria-label=\"Ensino m\u00e9dio t\u00e9cnico em Enfermagem, com registro no Conselho de Classe - COREN\/PR, ativo\" data-balloon-pos=\"up\">T\u00e9cnico em Enfermagem<\/span><\/td>\r\n<td class=\"cvagas\">02 + CR<\/td>\r\n<td class=\"cremuneracao\">R$ 1.927,65 \/36h<\/td>\r\n<\/tr>\r\n    <\/tbody>\r\n  <\/table>\r\n<\/div>","_superior":"<div>\r\n<table class=\"quadro\">\r\n<thead>\r\n<tr>\r\n<th class=\"hcargo\">Cargo<\/th>\r\n<th class=\"hvagas\">Vagas<\/th>\r\n<th class=\"hremuneracao\">Remunera\u00e7\u00e3o<\/th>\r\n<\/tr>\r\n<\/thead>\r\n    <tbody>\r\n      <tr>\r\n<td class=\"ccargos\">\r\n<span data-balloon-length=\"medium\" aria-label=\"Forma\u00e7\u00e3o m\u00ednima obtida em n\u00edvel m\u00e9dio (Magist\u00e9rio) ou curso superior de gradua\u00e7\u00e3o, licenciatura plena com habilita\u00e7\u00e3o espec\u00edfica (pedagogia), ou curso normal superior.\" data-balloon-pos=\"up\">Educador Infantil<\/span><\/td>\r\n<td class=\"cvagas\">01 + CR<\/td>\r\n<td class=\"cremuneracao\">R$ 4.867,77 \/40h<\/td>\r\n<\/tr><tr>\r\n<td class=\"ccargos\">\r\n<span data-balloon-length=\"medium\" aria-label=\"Forma\u00e7\u00e3o m\u00ednima obtida em n\u00edvel m\u00e9dio (Magist\u00e9rio) ou curso superior de gradua\u00e7\u00e3o, licenciatura plena com habilita\u00e7\u00e3o espec\u00edfica (pedagogia), ou curso normal superior.\" data-balloon-pos=\"up\">Professor de Ensino Fundamental (Anos Iniciais)<\/span><\/td>\r\n<td class=\"cvagas\">10 + CR<\/td>\r\n<td class=\"cremuneracao\">R$ 2.433,88 \/20h<\/td>\r\n<\/tr><tr>\r\n<td class=\"ccargos\">\r\n<span data-balloon-length=\"medium\" aria-label=\"Ensino superior completo gradua\u00e7\u00e3o em Direito, com registro na OAB.\" data-balloon-pos=\"up\">Advogado<\/span><\/td>\r\n<td class=\"cvagas\">01 + CR<\/td>\r\n<td class=\"cremuneracao\">R$ 5.141,93 \/20h<\/td>\r\n<\/tr><tr>\r\n<td class=\"ccargos\">\r\n<span data-balloon-length=\"medium\" aria-label=\"Ensino superior em Servi\u00e7o Social, com registro no Conselho de Classe, CRESS\/PR, ativo.\" data-balloon-pos=\"up\">Assistente Social<\/span><\/td>\r\n<td class=\"cvagas\">01 + CR<\/td>\r\n<td class=\"cremuneracao\">R$ 3.382,49 \/30h<\/td>\r\n<\/tr><tr>\r\n<td class=\"ccargos\">\r\n<span data-balloon-length=\"medium\" aria-label=\"Ensino superior completo gradua\u00e7\u00e3o em Ci\u00eancias Cont\u00e1beis, com registro na CRC.\" data-balloon-pos=\"up\">Contador<\/span><\/td>\r\n<td class=\"cvagas\">CR<\/td>\r\n<td class=\"cremuneracao\">R$ 5.425,32 \/40h<\/td>\r\n<\/tr><tr>\r\n<td class=\"ccargos\">\r\n<span data-balloon-length=\"medium\" aria-label=\"Ensino superior completo na \u00e1rea e registro no respectivo conselho de classe - CREF\/PR.\" data-balloon-pos=\"up\">Educador F\u00edsico<\/span><\/td>\r\n<td class=\"cvagas\">01 + CR<\/td>\r\n<td class=\"cremuneracao\">R$ 2.515,39 \/20h<\/td>\r\n<\/tr><tr>\r\n<td class=\"ccargos\">\r\n<span data-balloon-length=\"medium\" aria-label=\"Ensino superior completo em Enfermagem, com registro no Conselho de Classe - COREN\/PR, ativo\" data-balloon-pos=\"up\">Enfermeiro<\/span><\/td>\r\n<td class=\"cvagas\">02 + CR<\/td>\r\n<td class=\"cremuneracao\">R$ 4.447,85 \/36h<\/td>\r\n<\/tr><tr>\r\n<td class=\"ccargos\">\r\n<span data-balloon-length=\"medium\" aria-label=\"Ensino superior completo em Farm\u00e1cia, com registro no Conselho de Classe, CRF\/PR, ativo.\" data-balloon-pos=\"up\">Farmac\u00eautico<\/span><\/td>\r\n<td class=\"cvagas\">01 + CR<\/td>\r\n<td class=\"cremuneracao\">R$ 4.417,55 \/40h<\/td>\r\n<\/tr><tr>\r\n<td class=\"ccargos\">\r\n<span data-balloon-length=\"medium\" aria-label=\"Ensino superior completo em Fisioterapia, com registro no Conselho de Classe - CREFITO, ativo.\" data-balloon-pos=\"up\">Fisioterapeuta<\/span><\/td>\r\n<td class=\"cvagas\">01 + CR<\/td>\r\n<td class=\"cremuneracao\">R$ 2.902,84 \/30h<\/td>\r\n<\/tr><tr>\r\n<td class=\"ccargos\">\r\n<span data-balloon-length=\"medium\" aria-label=\"Ensino superior completo em Fonoaudiologia, com registro no Conselho de Classe - CREFONO, ativo.\" data-balloon-pos=\"up\">Fonoaudi\u00f3logo<\/span><\/td>\r\n<td class=\"cvagas\">01 + CR<\/td>\r\n<td class=\"cremuneracao\">R$ 3.326,87 \/30h<\/td>\r\n<\/tr><tr>\r\n<td class=\"ccargos\">\r\n<span data-balloon-length=\"medium\" aria-label=\"Ensino superior completo em Medicina, com registro no \u00f3rg\u00e3o de classe \u2013 CRM, ativo.\" data-balloon-pos=\"up\">M\u00e9dico Generalista<\/span><\/td>\r\n<td class=\"cvagas\">01 + CR<\/td>\r\n<td class=\"cremuneracao\">R$ 16.206,17 \/40h<\/td>\r\n<\/tr><tr>\r\n<td class=\"ccargos\">\r\n<span data-balloon-length=\"medium\" aria-label=\"Ensino superior completo em Medicina Veterin\u00e1ria c\/c registro no \u00f3rg\u00e3o de classe \u2013 CRMV, ativo.\" data-balloon-pos=\"up\">M\u00e9dico Veterin\u00e1rio<\/span><\/td>\r\n<td class=\"cvagas\">01 + CR<\/td>\r\n<td class=\"cremuneracao\">R$ 6.232,39 \/40h<\/td>\r\n<\/tr><tr>\r\n<td class=\"ccargos\">\r\n<span data-balloon-length=\"medium\" aria-label=\"Ensino superior completo em Nutri\u00e7\u00e3o, com registro no Conselho de Classe - CRN, ativo.\" data-balloon-pos=\"up\">Nutricionista<\/span><\/td>\r\n<td class=\"cvagas\">02 + CR<\/td>\r\n<td class=\"cremuneracao\">R$ 3.273,38 \/40h<\/td>\r\n<\/tr><tr>\r\n<td class=\"ccargos\">\r\n<span data-balloon-length=\"medium\" aria-label=\"Ensino superior completo, com Registro no Conselho de Classe - CRP\/PR, ativo.\" data-balloon-pos=\"up\">Psic\u00f3logo<\/span><\/td>\r\n<td class=\"cvagas\">02 + CR<\/td>\r\n<td class=\"cremuneracao\">R$ 3.429,47 \/40h<\/td>\r\n<\/tr>\r\n    <\/tbody>\r\n  <\/table>\r\n<\/div>"},"_links":{"self":[{"href":"https:\/\/www.agrobase.com.br\/concursos\/wp-json\/wp\/v2\/posts\/268749","targetHints":{"allow":["GET"]}}],"collection":[{"href":"https:\/\/www.agrobase.com.br\/concursos\/wp-json\/wp\/v2\/posts"}],"about":[{"href":"https:\/\/www.agrobase.com.br\/concursos\/wp-json\/wp\/v2\/types\/post"}],"author":[{"embeddable":true,"href":"https:\/\/www.agrobase.com.br\/concursos\/wp-json\/wp\/v2\/users\/7"}],"replies":[{"embeddable":true,"href":"https:\/\/www.agrobase.com.br\/concursos\/wp-json\/wp\/v2\/comments?post=268749"}],"version-history":[{"count":3,"href":"https:\/\/www.agrobase.com.br\/concursos\/wp-json\/wp\/v2\/posts\/268749\/revisions"}],"predecessor-version":[{"id":269388,"href":"https:\/\/www.agrobase.com.br\/concursos\/wp-json\/wp\/v2\/posts\/268749\/revisions\/269388"}],"wp:featuredmedia":[{"embeddable":true,"href":"https:\/\/www.agrobase.com.br\/concursos\/wp-json\/wp\/v2\/media\/268748"}],"wp:attachment":[{"href":"https:\/\/www.agrobase.com.br\/concursos\/wp-json\/wp\/v2\/media?parent=268749"}],"wp:term":[{"taxonomy":"category","embeddable":true,"href":"https:\/\/www.agrobase.com.br\/concursos\/wp-json\/wp\/v2\/categories?post=268749"},{"taxonomy":"post_tag","embeddable":true,"href":"https:\/\/www.agrobase.com.br\/concursos\/wp-json\/wp\/v2\/tags?post=268749"},{"taxonomy":"_amplo","embeddable":true,"href":"https:\/\/www.agrobase.com.br\/concursos\/wp-json\/wp\/v2\/_amplo?post=268749"},{"taxonomy":"destaque","embeddable":true,"href":"https:\/\/www.agrobase.com.br\/concursos\/wp-json\/wp\/v2\/destaque?post=268749"},{"taxonomy":"instituicoes","embeddable":true,"href":"https:\/\/www.agrobase.com.br\/concursos\/wp-json\/wp\/v2\/instituicoes?post=268749"}],"curies":[{"name":"wp","href":"https:\/\/api.w.org\/{rel}","templated":true}]}}