{"id":268682,"date":"2025-07-14T08:00:17","date_gmt":"2025-07-14T11:00:17","guid":{"rendered":"https:\/\/www.agrobase.com.br\/concursos\/?p=268682"},"modified":"2025-07-11T14:14:50","modified_gmt":"2025-07-11T17:14:50","slug":"prefeitura-sao-jose-do-piaui-pi-concurso-01-2025","status":"publish","type":"post","link":"https:\/\/www.agrobase.com.br\/concursos\/2025\/prefeitura-sao-jose-do-piaui-pi-concurso-01-2025\/","title":{"rendered":"Prefeitura S\u00e3o Jos\u00e9 do Piau\u00ed (PI) &#8211; Concurso 01\/2025"},"content":{"rendered":"<h2>Informa\u00e7\u00f5es Gerais<\/h2>\n<p>A Prefeitura Municipal de S\u00e3o Jos\u00e9 do Piau\u00ed publicou o edital para seu novo Concurso P\u00fablico, organizado pela banca Planejar Consultoria. O certame visa o preenchimento de <strong>30 vagas imediatas e a forma\u00e7\u00e3o de cadastro de reserva<\/strong> para cargos de n\u00edveis fundamental, m\u00e9dio, t\u00e9cnico e superior. As contrata\u00e7\u00f5es ser\u00e3o realizadas sob o regime Estatut\u00e1rio, garantindo estabilidade aos aprovados.<\/p>\n<p>As oportunidades abrangem diversas \u00e1reas, com destaque para os setores de Sa\u00fade (M\u00e9dico, Enfermeiro, T\u00e9cnico em Enfermagem), Educa\u00e7\u00e3o (Professores de diversas especialidades e Psicopedagogo), Administrativo (Agente Administrativo) e Operacional (Motorista, Vigia). Este concurso representa uma excelente chance para profissionais que buscam uma carreira no servi\u00e7o p\u00fablico municipal.<\/p>\n<p>Para saber todos os detalhes sobre como participar, continue a leitura e confira as informa\u00e7\u00f5es sobre inscri\u00e7\u00f5es, etapas e cronograma do processo seletivo.<\/p>\n<h2>Inscri\u00e7\u00f5es<\/h2>\n<p>As inscri\u00e7\u00f5es para o concurso da Prefeitura de S\u00e3o Jos\u00e9 do Piau\u00ed ser\u00e3o realizadas exclusivamente pela internet, atrav\u00e9s do site da banca organizadora, a Planejar Concursos. O per\u00edodo para se inscrever est\u00e1 previsto para iniciar em <strong>10 de julho de 2025 e se encerrar \u00e0s 23h59 do dia 15 de agosto de 2025<\/strong>.<\/p>\n<p>Os valores das taxas de inscri\u00e7\u00e3o foram definidos de acordo com o n\u00edvel de escolaridade do cargo pretendido:<\/p>\n<ul>\n<li><strong>N\u00edvel Superior:<\/strong> R$ 100,00<\/li>\n<li><strong>N\u00edvel M\u00e9dio\/T\u00e9cnico:<\/strong> R$ 85,00<\/li>\n<li><strong>N\u00edvel Fundamental:<\/strong> R$ 70,00<\/li>\n<\/ul>\n<p>Ap\u00f3s preencher o formul\u00e1rio de inscri\u00e7\u00e3o online, o candidato dever\u00e1 imprimir o boleto banc\u00e1rio e efetuar o pagamento at\u00e9 a data de vencimento, <strong>16 de agosto de 2025<\/strong>. A confirma\u00e7\u00e3o da inscri\u00e7\u00e3o ocorrer\u00e1 ap\u00f3s a compensa\u00e7\u00e3o banc\u00e1ria, e o candidato poder\u00e1 verificar o status a partir do dia 27 de agosto de 2025 na \u00e1rea do candidato no site da banca. O edital prev\u00ea a possibilidade de isen\u00e7\u00e3o da taxa, cujos crit\u00e9rios e procedimentos devem ser consultados no item 4.14 do documento oficial.<\/p>\n<p>\u00c9 fundamental que o candidato leia atentamente o edital completo para conhecer todas as regras e evitar problemas durante o processo de inscri\u00e7\u00e3o.<\/p>\n<h2>Etapas e Provas<\/h2>\n<p>O processo seletivo para o concurso da Prefeitura de S\u00e3o Jos\u00e9 do Piau\u00ed ser\u00e1 estruturado em duas etapas principais, variando conforme o cargo pretendido:<\/p>\n<p><strong>1. Prova Objetiva<\/strong> (car\u00e1ter eliminat\u00f3rio e classificat\u00f3rio)<\/p>\n<ul>\n<li>Aplic\u00e1vel a <em>todos os cargos<\/em>.<\/li>\n<li>Composta por quest\u00f5es de m\u00faltipla escolha, com cinco alternativas (A, B, C, D e E).<\/li>\n<li>A prova ter\u00e1 dura\u00e7\u00e3o total de <strong>3 horas<\/strong> e est\u00e1 prevista para ser realizada no dia <strong>14 de setembro de 2025<\/strong>.<\/li>\n<li>A pontua\u00e7\u00e3o m\u00e1xima ser\u00e1 de 95 pontos para cargos de n\u00edvel superior e 100 pontos para os demais.<\/li>\n<li>Para ser classificado, o candidato dever\u00e1 obter no m\u00ednimo 50% de acertos no total da prova.<\/li>\n<\/ul>\n<p><strong>2. Prova de T\u00edtulos<\/strong> (car\u00e1ter classificat\u00f3rio)<\/p>\n<ul>\n<li>Destinada exclusivamente aos candidatos aos cargos de <em>N\u00edvel Superior e Professor<\/em> que forem aprovados na Prova Objetiva.<\/li>\n<li>Os t\u00edtulos dever\u00e3o ser entregues no mesmo dia da prova objetiva, em local a ser divulgado no edital de convoca\u00e7\u00e3o.<\/li>\n<li>Ser\u00e3o avaliados diplomas de p\u00f3s-gradua\u00e7\u00e3o (especializa\u00e7\u00e3o, mestrado e doutorado) e comprovantes de aprova\u00e7\u00e3o em outros concursos p\u00fablicos, com pontua\u00e7\u00e3o m\u00e1xima de 5,0 pontos.<\/li>\n<\/ul>\n<p>Para informa\u00e7\u00f5es detalhadas sobre o conte\u00fado program\u00e1tico de cada cargo, os crit\u00e9rios de avalia\u00e7\u00e3o e o cronograma completo, a leitura do edital \u00e9 indispens\u00e1vel.<\/p>\n<h2>Resultados e Gabarito<\/h2>\n<p>A divulga\u00e7\u00e3o dos resultados do concurso seguir\u00e1 um cronograma espec\u00edfico. O <strong>gabarito preliminar<\/strong> da prova objetiva ser\u00e1 publicado em at\u00e9 dois dias \u00fateis ap\u00f3s a aplica\u00e7\u00e3o da prova, abrindo o prazo para recursos. Ap\u00f3s a an\u00e1lise dos recursos, o gabarito definitivo e os resultados preliminares ser\u00e3o divulgados no site da banca organizadora.<\/p>\n<p>A classifica\u00e7\u00e3o final dos candidatos ser\u00e1 feita em ordem decrescente da nota final. Em caso de empate, os crit\u00e9rios de desempate seguir\u00e3o a seguinte ordem:<\/p>\n<ol>\n<li>Maior idade (conforme o Estatuto do Idoso).<\/li>\n<li>Maior pontua\u00e7\u00e3o nas quest\u00f5es de Conhecimentos Espec\u00edficos.<\/li>\n<li>Maior pontua\u00e7\u00e3o nas quest\u00f5es de Portugu\u00eas.<\/li>\n<li>Sorteio p\u00fablico.<\/li>\n<\/ol>\n<p>O resultado final do concurso ser\u00e1 <strong>homologado<\/strong> e publicado nos canais oficiais da Prefeitura, momento a partir do qual o certame passa a ter validade de 2 anos, podendo ser prorrogado por igual per\u00edodo. A convoca\u00e7\u00e3o dos aprovados ocorrer\u00e1 de acordo com a necessidade da administra\u00e7\u00e3o municipal, e os candidatos dever\u00e3o acompanhar as publica\u00e7\u00f5es para n\u00e3o perderem o prazo de posse, que \u00e9 de 30 dias ap\u00f3s a nomea\u00e7\u00e3o.<\/p>\n<p>\u00c9 de responsabilidade exclusiva do candidato acompanhar todas as publica\u00e7\u00f5es oficiais, incluindo convoca\u00e7\u00f5es e resultados, no site da Planejar Concursos e nos meios de comunica\u00e7\u00e3o da Prefeitura de S\u00e3o Jos\u00e9 do Piau\u00ed.<\/p>\n","protected":false},"excerpt":{"rendered":"<p>Concurso Pref. S\u00e3o Jos\u00e9 do Piau\u00ed (PI) com edital publicado! Vagas p\/ M\u00e9dico, Professor (Fund. a Sup.). Inscri\u00e7\u00f5es a partir de 10\/07. At\u00e9 R$ 7k. Confira detalhes!<\/p>\n","protected":false},"author":7,"featured_media":268681,"comment_status":"open","ping_status":"open","sticky":false,"template":"","format":"standard","meta":{"_acf_changed":false,"_breakdance_hide_in_design_set":false,"_breakdance_tags":"","footnotes":""},"categories":[6434,12,111,20,116,21,25,26,108,143],"tags":[55],"_amplo":[6427],"destaque":[],"instituicoes":[],"class_list":["post-268682","post","type-post","status-publish","format-standard","has-post-thumbnail","hentry","category-educacao-fisica-licenciatura","category-enfermagem","category-geografia","category-letras","category-matematica","category-medicina","category-pedagogia","category-psicologia","category-tecnico-enfermagem","category-tecnico-odontologia","tag-piaui","_amplo-nivel-medio"],"acf":{"_tipo_vagas":"vagas","_numero_vagas":"","_quadro_vagas":"","_cargos":"diversos","_cargos_especificos":"","_salario_max":"R$ 7000","_abertura":"20250710","_encerramento":"20250815","_inscricoes":"https:\/\/www.planejarconcursos.com.br","_executora_concurso":"","_instituicao_concurso":[],"_link_adicional":null,"_anexos":null,"_produtos":null,"_vagas":"30 vagas + CR","_salario_min":"R$ 1518","_instituicao":"Prefeitura de S\u00e3o Jos\u00e9 do Piau\u00ed","_edital":"https:\/\/www.agrobase.com.br\/concursos\/wp-content\/uploads\/sites\/4\/2025\/07\/edital-01-2025-prefeitura-de-sao-jose-do-piaui-pi.pdf","_anexos_edital":"https:\/\/www.agrobase.com.br\/concursos\/wp-content\/uploads\/sites\/4\/2025\/07\/anexos-edital-01-2025-prefeitura-de-sao-jose-do-piaui-pi.pdf","_fund_incompleto":"","_fund_completo":"<div>\r\n<table class=\"quadro\">\r\n<thead>\r\n<tr>\r\n<th class=\"hcargo\">Cargo<\/th>\r\n<th class=\"hvagas\">Vagas<\/th>\r\n<th class=\"hremuneracao\">Remunera\u00e7\u00e3o<\/th>\r\n<\/tr>\r\n<\/thead>\r\n    <tbody>\r\n      <td class=\"ccargos\">\r\n<span data-balloon-length=\"medium\" aria-label=\"Ensino Fundamental + Categoria D\" data-balloon-pos=\"up\">MOTORISTA \u2013 CNH D<\/span><\/td>\r\n<td class=\"cvagas\">01 + CR<\/td>\r\n<td class=\"cremuneracao\">R$ 1.833,01 \/40h<\/td>\r\n<\/tr><td class=\"ccargos\">\r\n<span data-balloon-length=\"medium\" aria-label=\"Ensino Fundamental + Categoria D\" data-balloon-pos=\"up\">MOTORISTA \u2013 CNH D<\/span><\/td>\r\n<td class=\"cvagas\">01 + CR<\/td>\r\n<td class=\"cremuneracao\">R$ 1.833,01 \/40h<\/td>\r\n<\/tr><td class=\"ccargos\">\r\n<span data-balloon-length=\"medium\" aria-label=\"Ensino Fundamental + Categoria D\" data-balloon-pos=\"up\">MOTORISTA ONIBUS ESCOLAR - CNH D<\/span><\/td>\r\n<td class=\"cvagas\">01 + CR<\/td>\r\n<td class=\"cremuneracao\">R$ 1.833,01 \/40h<\/td>\r\n<\/tr><td class=\"ccargos\">\r\n<span data-balloon-length=\"medium\" aria-label=\"Ensino Fundamental\" data-balloon-pos=\"up\">AGENTE OPERACIONAL DE SERVI\u00c7OS \u2013 SERVI\u00c7OS GERAIS<\/span><\/td>\r\n<td class=\"cvagas\">02 + CR<\/td>\r\n<td class=\"cremuneracao\">R$ 1.518,00 \/40h<\/td>\r\n<\/tr><td class=\"ccargos\">\r\n<span data-balloon-length=\"medium\" aria-label=\"Ensino Fundamental\" data-balloon-pos=\"up\">AGENTE OPERACIONAL DE SERVI\u00c7OS - VIGILANTE<\/span><\/td>\r\n<td class=\"cvagas\">01 + CR<\/td>\r\n<td class=\"cremuneracao\">R$ 1.518,00 \/40h<\/td>\r\n<\/tr><td class=\"ccargos\">\r\n<span data-balloon-length=\"medium\" aria-label=\"Ensino Fundamental\" data-balloon-pos=\"up\">AGENTE OPERACIONAL DE SERVI\u00c7OS - VIGILANTE<\/span><\/td>\r\n<td class=\"cvagas\">01 + CR<\/td>\r\n<td class=\"cremuneracao\">R$ 1.518,00 \/40h<\/td>\r\n<\/tr>\r\n    <\/tbody>\r\n  <\/table>\r\n<\/div>","_medio":"<div>\r\n<table class=\"quadro\">\r\n<thead>\r\n<tr>\r\n<th class=\"hcargo\">Cargo<\/th>\r\n<th class=\"hvagas\">Vagas<\/th>\r\n<th class=\"hremuneracao\">Remunera\u00e7\u00e3o<\/th>\r\n<\/tr>\r\n<\/thead>\r\n    <tbody>\r\n      <td class=\"ccargos\">\r\n<span data-balloon-length=\"medium\" aria-label=\"Ensino M\u00e9dio Completo de Curso T\u00e9cnico em Enfermagem e Registro definitivo no COREN.\" data-balloon-pos=\"up\">T\u00c9CNICO(A) EM ENFERMAGEM<\/span><\/td>\r\n<td class=\"cvagas\">01 + CR<\/td>\r\n<td class=\"cremuneracao\">R$ 0,00 \/40h<\/td>\r\n<\/tr><td class=\"ccargos\">\r\n<span data-balloon-length=\"medium\" aria-label=\"Ensino M\u00e9dio Completo de Curso T\u00e9cnico em Enfermagem e Registro definitivo no COREN.\" data-balloon-pos=\"up\">T\u00c9CNICO(A) EM ENFERMAGEM \u2013 PSF<\/span><\/td>\r\n<td class=\"cvagas\">01 + CR<\/td>\r\n<td class=\"cremuneracao\">R$ 0,00 \/40h<\/td>\r\n<\/tr><td class=\"ccargos\">\r\n<span data-balloon-length=\"medium\" aria-label=\"Ensino M\u00e9dio Completo de Curso T\u00e9cnico em Sa\u00fade Bucal e Registro no Conselho.\" data-balloon-pos=\"up\">T\u00c9CNICO(A) EM SA\u00daDE BUCAL<\/span><\/td>\r\n<td class=\"cvagas\">01 + CR<\/td>\r\n<td class=\"cremuneracao\">R$ 1.518,00 \/40h<\/td>\r\n<\/tr><td class=\"ccargos\">\r\n<span data-balloon-length=\"medium\" aria-label=\"Ensino M\u00e9dio Completo.\" data-balloon-pos=\"up\">AGENTE ADMINISTRATIVO<\/span><\/td>\r\n<td class=\"cvagas\">02 + CR<\/td>\r\n<td class=\"cremuneracao\">R$ 2.522,75 \/40h<\/td>\r\n<\/tr><td class=\"ccargos\">\r\n<span data-balloon-length=\"medium\" aria-label=\"N\u00edvel M\u00e9dio + Residir no munic\u00edpio desde a data da publica\u00e7\u00e3o do edital conforme previsto na Lei Federal n\u00ba. 11.350, de 05 de outubro de 2006 art. 6\u00ba, I, II, III.\" data-balloon-pos=\"up\">AGENTE COMUNIT\u00c1RIO DE SA\u00daDE<\/span><\/td>\r\n<td class=\"cvagas\">01 + CR<\/td>\r\n<td class=\"cremuneracao\">R$ 0,00 \/40h<\/td>\r\n<\/tr>\r\n    <\/tbody>\r\n  <\/table>\r\n<\/div>","_superior":"<div>\r\n<table class=\"quadro\">\r\n<thead>\r\n<tr>\r\n<th class=\"hcargo\">Cargo<\/th>\r\n<th class=\"hvagas\">Vagas<\/th>\r\n<th class=\"hremuneracao\">Remunera\u00e7\u00e3o<\/th>\r\n<\/tr>\r\n<\/thead>\r\n    <tbody>\r\n      <tr>\r\n<td class=\"ccargos\">\r\n<span data-balloon-length=\"medium\" aria-label=\"Ensino superior completo em Enfermagem com registro ativo no \u00f3rg\u00e3o\/conselho de classe.\" data-balloon-pos=\"up\">ENFERMEIRO(A) PSF<\/span><\/td>\r\n<td class=\"cvagas\">02 + CR<\/td>\r\n<td class=\"cremuneracao\">R$ 0,00 \/40h<\/td>\r\n<\/tr><tr>\r\n<td class=\"ccargos\">\r\n<span data-balloon-length=\"medium\" aria-label=\"Ensino Superior Completo em Medicina, com registro ativo no \u00f3rg\u00e3o\/conselho de classe.\" data-balloon-pos=\"up\">M\u00c9DICO(A) PSF<\/span><\/td>\r\n<td class=\"cvagas\">03 + CR<\/td>\r\n<td class=\"cremuneracao\">R$ 7.000,00 \/40h<\/td>\r\n<\/tr><tr>\r\n<td class=\"ccargos\">\r\n<span data-balloon-length=\"medium\" aria-label=\"Ensino Superior Completo em Psicologia, com registro ativo no \u00f3rg\u00e3o\/conselho de classe.\" data-balloon-pos=\"up\">PSIC\u00d3LOGO(A)<\/span><\/td>\r\n<td class=\"cvagas\">01 + CR<\/td>\r\n<td class=\"cremuneracao\">R$ 2.741,33 \/30h<\/td>\r\n<\/tr><tr>\r\n<td class=\"ccargos\">\r\n<span data-balloon-length=\"medium\" aria-label=\"Ensino Superior Completo em Pedagogia, com especializa\u00e7\u00e3o na \u00e1rea espec\u00edfica da Psicopedagogia.\" data-balloon-pos=\"up\">PSICOPEDAGOGO(A)<\/span><\/td>\r\n<td class=\"cvagas\">01 + CR<\/td>\r\n<td class=\"cremuneracao\">R$ 1.800,00 \/40h<\/td>\r\n<\/tr><tr>\r\n<td class=\"ccargos\">\r\n<span data-balloon-length=\"medium\" aria-label=\"Forma\u00e7\u00e3o em Curso Superior de gradua\u00e7\u00e3o com Licenciatura Plena com habilita\u00e7\u00e3o espec\u00edfica em \u00e1rea pr\u00f3pria, fornecido por institui\u00e7\u00e3o devidamente reconhecida pelo MEC. Licenciatura em Educa\u00e7\u00e3o F\u00edsica com registro no respectivo Conselho.\" data-balloon-pos=\"up\">PROFESSOR(A) DE EDUCA\u00c7\u00c3O FIS\u00cdCA<\/span><\/td>\r\n<td class=\"cvagas\">01 + CR<\/td>\r\n<td class=\"cremuneracao\">R$ 0,00 \/20h<\/td>\r\n<\/tr><tr>\r\n<td class=\"ccargos\">\r\n<span data-balloon-length=\"medium\" aria-label=\"Forma\u00e7\u00e3o em Curso Superior de gradua\u00e7\u00e3o com Licenciatura Plena com habilita\u00e7\u00e3o espec\u00edfica em \u00e1rea pr\u00f3pria, fornecido por institui\u00e7\u00e3o devidamente reconhecida pelo MEC.\" data-balloon-pos=\"up\">PROFESSOR(A) DE GEOGRAFIA<\/span><\/td>\r\n<td class=\"cvagas\">01 + CR<\/td>\r\n<td class=\"cremuneracao\">R$ 0,00 \/20h<\/td>\r\n<\/tr><tr>\r\n<td class=\"ccargos\">\r\n<span data-balloon-length=\"medium\" aria-label=\"Forma\u00e7\u00e3o em Curso Superior de gradua\u00e7\u00e3o com Licenciatura Plena com habilita\u00e7\u00e3o espec\u00edfica em \u00e1rea pr\u00f3pria, fornecido por institui\u00e7\u00e3o devidamente reconhecida pelo MEC.\" data-balloon-pos=\"up\">PROFESSOR(A) DE LINGUA PORTUGUESA<\/span><\/td>\r\n<td class=\"cvagas\">01 + CR<\/td>\r\n<td class=\"cremuneracao\">R$ 0,00 \/20h<\/td>\r\n<\/tr><tr>\r\n<td class=\"ccargos\">\r\n<span data-balloon-length=\"medium\" aria-label=\"Forma\u00e7\u00e3o em Curso Superior de gradua\u00e7\u00e3o com Licenciatura Plena com habilita\u00e7\u00e3o espec\u00edfica em \u00e1rea pr\u00f3pria, fornecido por institui\u00e7\u00e3o devidamente reconhecida pelo MEC.\" data-balloon-pos=\"up\">PROFESSOR(A) DE MATEM\u00c1TICA<\/span><\/td>\r\n<td class=\"cvagas\">01 + CR<\/td>\r\n<td class=\"cremuneracao\">R$ 0,00 \/20h<\/td>\r\n<\/tr><tr>\r\n<td class=\"ccargos\">\r\n<span data-balloon-length=\"medium\" aria-label=\"Ensino Superior Completo em Pedagogia ou Forma\u00e7\u00e3o em Curso Superior de gradua\u00e7\u00e3o com Licenciatura.\" data-balloon-pos=\"up\">PROFESSOR(A) DE POLIVAL\u00caNCIA<\/span><\/td>\r\n<td class=\"cvagas\">03 + CR<\/td>\r\n<td class=\"cremuneracao\">R$ 0,00 \/20h<\/td>\r\n<\/tr>\r\n    <\/tbody>\r\n  <\/table>\r\n<\/div>"},"_links":{"self":[{"href":"https:\/\/www.agrobase.com.br\/concursos\/wp-json\/wp\/v2\/posts\/268682","targetHints":{"allow":["GET"]}}],"collection":[{"href":"https:\/\/www.agrobase.com.br\/concursos\/wp-json\/wp\/v2\/posts"}],"about":[{"href":"https:\/\/www.agrobase.com.br\/concursos\/wp-json\/wp\/v2\/types\/post"}],"author":[{"embeddable":true,"href":"https:\/\/www.agrobase.com.br\/concursos\/wp-json\/wp\/v2\/users\/7"}],"replies":[{"embeddable":true,"href":"https:\/\/www.agrobase.com.br\/concursos\/wp-json\/wp\/v2\/comments?post=268682"}],"version-history":[{"count":2,"href":"https:\/\/www.agrobase.com.br\/concursos\/wp-json\/wp\/v2\/posts\/268682\/revisions"}],"predecessor-version":[{"id":268686,"href":"https:\/\/www.agrobase.com.br\/concursos\/wp-json\/wp\/v2\/posts\/268682\/revisions\/268686"}],"wp:featuredmedia":[{"embeddable":true,"href":"https:\/\/www.agrobase.com.br\/concursos\/wp-json\/wp\/v2\/media\/268681"}],"wp:attachment":[{"href":"https:\/\/www.agrobase.com.br\/concursos\/wp-json\/wp\/v2\/media?parent=268682"}],"wp:term":[{"taxonomy":"category","embeddable":true,"href":"https:\/\/www.agrobase.com.br\/concursos\/wp-json\/wp\/v2\/categories?post=268682"},{"taxonomy":"post_tag","embeddable":true,"href":"https:\/\/www.agrobase.com.br\/concursos\/wp-json\/wp\/v2\/tags?post=268682"},{"taxonomy":"_amplo","embeddable":true,"href":"https:\/\/www.agrobase.com.br\/concursos\/wp-json\/wp\/v2\/_amplo?post=268682"},{"taxonomy":"destaque","embeddable":true,"href":"https:\/\/www.agrobase.com.br\/concursos\/wp-json\/wp\/v2\/destaque?post=268682"},{"taxonomy":"instituicoes","embeddable":true,"href":"https:\/\/www.agrobase.com.br\/concursos\/wp-json\/wp\/v2\/instituicoes?post=268682"}],"curies":[{"name":"wp","href":"https:\/\/api.w.org\/{rel}","templated":true}]}}