{"id":268422,"date":"2025-07-08T07:50:10","date_gmt":"2025-07-08T10:50:10","guid":{"rendered":"https:\/\/www.agrobase.com.br\/concursos\/?p=268422"},"modified":"2025-07-07T13:54:17","modified_gmt":"2025-07-07T16:54:17","slug":"prefeitura-arantina-mg-concurso-01-2025","status":"publish","type":"post","link":"https:\/\/www.agrobase.com.br\/concursos\/2025\/prefeitura-arantina-mg-concurso-01-2025\/","title":{"rendered":"Prefeitura Arantina (MG) &#8211; Concurso 01\/2025"},"content":{"rendered":"<h2>Informa\u00e7\u00f5es Gerais<\/h2>\n<p>O edital do <strong>Concurso P\u00fablico da Prefeitura de Arantina<\/strong>, em Minas Gerais, foi publicado! Organizado pelo Instituto Brasileiro de Gest\u00e3o e Pesquisa (IBGP), o certame, regido pelo Edital n\u00ba 01\/2025, oferece <strong>62 vagas imediatas<\/strong> e forma\u00e7\u00e3o de cadastro de reserva para o quadro permanente de pessoal. As oportunidades abrangem os n\u00edveis de escolaridade <strong>alfabetizado, fundamental, m\u00e9dio, t\u00e9cnico e superior<\/strong>, com contrata\u00e7\u00e3o sob o regime jur\u00eddico Estatut\u00e1rio.<\/p>\n<p>As vagas est\u00e3o distribu\u00eddas em diversas \u00e1reas, como administrativa, operacional, educa\u00e7\u00e3o, assist\u00eancia social e sa\u00fade. Para os profissionais de engenharia, h\u00e1 uma excelente oportunidade para o cargo de <strong>Engenheiro Civil<\/strong>. Este concurso representa uma \u00f3tima chance para ingressar no servi\u00e7o p\u00fablico municipal e construir uma carreira s\u00f3lida.<\/p>\n<h2>Inscri\u00e7\u00f5es<\/h2>\n<p>As inscri\u00e7\u00f5es para o Concurso de Arantina\/MG ser\u00e3o realizadas exclusivamente pela internet, atrav\u00e9s do site da banca organizadora. O per\u00edodo para se inscrever vai das <strong>09h do dia 25 de junho de 2025 at\u00e9 as 16h do dia 31 de julho de 2025<\/strong>. \u00c9 fundamental que o candidato preencha o formul\u00e1rio eletr\u00f4nico com aten\u00e7\u00e3o, pois as informa\u00e7\u00f5es prestadas s\u00e3o de sua inteira responsabilidade.<\/p>\n<p>Os valores da taxa de inscri\u00e7\u00e3o variam conforme o n\u00edvel de escolaridade do cargo pretendido:<\/p>\n<ul>\n<li><strong>N\u00edvel Alfabetizado\/Fundamental:<\/strong> R$ 60,00<\/li>\n<li><strong>N\u00edvel M\u00e9dio\/T\u00e9cnico:<\/strong> R$ 80,00<\/li>\n<li><strong>N\u00edvel Superior:<\/strong> R$ 100,00<\/li>\n<\/ul>\n<p>O pagamento deve ser efetuado por meio de boleto banc\u00e1rio at\u00e9 o dia <strong>01 de agosto de 2025<\/strong>. O edital especifica que n\u00e3o ser\u00e3o aceitos pagamentos via PIX, cheque, dep\u00f3sito ou transfer\u00eancia. Ap\u00f3s a inscri\u00e7\u00e3o, o candidato deve acompanhar todas as atualiza\u00e7\u00f5es e a confirma\u00e7\u00e3o do status do seu registro na &#8220;\u00c1rea do Candidato&#8221;, no portal do IBGP. O edital tamb\u00e9m prev\u00ea regras para a solicita\u00e7\u00e3o de isen\u00e7\u00e3o da taxa, cujos crit\u00e9rios e prazos devem ser consultados no documento oficial.<\/p>\n<h2>Etapas e Provas<\/h2>\n<p>O processo seletivo do Concurso de Arantina\/MG ser\u00e1 estruturado em diferentes etapas, de acordo com o cargo pretendido. Todos os candidatos ser\u00e3o avaliados por meio de uma Prova Objetiva, e etapas adicionais ser\u00e3o aplicadas para cargos espec\u00edficos.<\/p>\n<p>As etapas previstas s\u00e3o:<\/p>\n<ul>\n<li><strong>Prova Objetiva de M\u00faltipla Escolha:<\/strong> De car\u00e1ter <em>eliminat\u00f3rio e classificat\u00f3rio<\/em>, ser\u00e1 aplicada a todos os candidatos. A prova ter\u00e1 dura\u00e7\u00e3o de 3 horas e ser\u00e1 composta por quest\u00f5es de m\u00faltipla escolha com quatro alternativas. Para ser aprovado, o candidato dever\u00e1 obter, no m\u00ednimo, 40% do total de pontos. As disciplinas cobradas incluem L\u00edngua Portuguesa, Matem\u00e1tica\/Racioc\u00ednio L\u00f3gico, Legisla\u00e7\u00e3o, Conhecimentos Gerais, No\u00e7\u00f5es de Inform\u00e1tica e Conhecimentos Espec\u00edficos, variando conforme o cargo.<\/li>\n<li><strong>Prova de T\u00edtulos:<\/strong> De car\u00e1ter apenas <em>classificat\u00f3rio<\/em>, destinada exclusivamente aos candidatos de n\u00edvel superior aprovados na Prova Objetiva. Nesta fase, ser\u00e3o avaliados e pontuados os t\u00edtulos de forma\u00e7\u00e3o acad\u00eamica e a experi\u00eancia profissional, conforme os crit\u00e9rios definidos no edital.<\/li>\n<li><strong>Prova Pr\u00e1tica:<\/strong> De car\u00e1ter <em>eliminat\u00f3rio<\/em>, ser\u00e1 aplicada somente aos candidatos aos cargos de Motorista, Operador de Motoniveladora, Pedreiro e Tratorista que forem aprovados na Prova Objetiva. A avalia\u00e7\u00e3o consistir\u00e1 em uma simula\u00e7\u00e3o das atividades da fun\u00e7\u00e3o, e o candidato ser\u00e1 considerado &#8220;apto&#8221; ou &#8220;inapto&#8221;.<\/li>\n<\/ul>\n<p>Para obter informa\u00e7\u00f5es detalhadas sobre o conte\u00fado program\u00e1tico de cada cargo, os crit\u00e9rios de avalia\u00e7\u00e3o de cada etapa e o cronograma completo, \u00e9 fundamental consultar o edital oficial do certame.<\/p>\n<h2>Resultados e Gabarito<\/h2>\n<p>A divulga\u00e7\u00e3o dos resultados do Concurso de Arantina\/MG ocorrer\u00e1 em etapas, com publica\u00e7\u00f5es no site da banca organizadora, o IBGP. A classifica\u00e7\u00e3o final dos candidatos ser\u00e1 determinada pela soma dos pontos obtidos na Prova Objetiva e, para os cargos de n\u00edvel superior, na Prova de T\u00edtulos. Os resultados da Prova Pr\u00e1tica ser\u00e3o divulgados em at\u00e9 sete dias ap\u00f3s sua realiza\u00e7\u00e3o.<\/p>\n<p>Em caso de empate na pontua\u00e7\u00e3o final, os crit\u00e9rios de desempate seguir\u00e3o a seguinte ordem de prefer\u00eancia:<\/p>\n<ul>\n<li>Idade igual ou superior a 60 anos (Estatuto do Idoso);<\/li>\n<li>Maior pontua\u00e7\u00e3o em Conhecimentos Espec\u00edficos;<\/li>\n<li>Maior pontua\u00e7\u00e3o em L\u00edngua Portuguesa;<\/li>\n<li>Maior pontua\u00e7\u00e3o em Legisla\u00e7\u00e3o;<\/li>\n<li>Maior pontua\u00e7\u00e3o em Matem\u00e1tica\/Racioc\u00ednio L\u00f3gico;<\/li>\n<li>Maior pontua\u00e7\u00e3o em Conhecimentos Gerais;<\/li>\n<li>Maior pontua\u00e7\u00e3o em No\u00e7\u00f5es de Inform\u00e1tica;<\/li>\n<li>Ter exercido a fun\u00e7\u00e3o de jurado;<\/li>\n<li>Maior idade.<\/li>\n<\/ul>\n<p>Ap\u00f3s a conclus\u00e3o de todas as etapas e a an\u00e1lise de recursos, o resultado final ser\u00e1 homologado pelo Prefeito Municipal e publicado no site da Prefeitura de Arantina e no portal do IBGP. A partir da homologa\u00e7\u00e3o, a convoca\u00e7\u00e3o para nomea\u00e7\u00e3o e posse dos aprovados ser\u00e1 divulgada nos canais oficiais do munic\u00edpio.<\/p>\n<p>\u00c9 de responsabilidade exclusiva do candidato acompanhar todas as publica\u00e7\u00f5es oficiais, incluindo convoca\u00e7\u00f5es, cronogramas e resultados, no site da banca organizadora e nos meios de comunica\u00e7\u00e3o oficiais da Prefeitura de Arantina.<\/p>\n","protected":false},"excerpt":{"rendered":"<p>Concurso Pref. Arantina (MG) com edital publicado! Vagas p\/ Enfermeiro e + (Fund. a Sup.). Inscri\u00e7\u00f5es a partir de 25\/06. Sal\u00e1rios at\u00e9 R$ 4.3k. Confira detalhes!<\/p>\n","protected":false},"author":7,"featured_media":268421,"comment_status":"open","ping_status":"open","sticky":false,"template":"","format":"standard","meta":{"_acf_changed":false,"_breakdance_hide_in_design_set":false,"_breakdance_tags":"","footnotes":""},"categories":[3,9,10,117,6434,12,14,17,6436,18,19,111,20,116,24,26,101,108],"tags":[50],"_amplo":[],"destaque":[],"instituicoes":[],"class_list":["post-268422","post","type-post","status-publish","format-standard","has-post-thumbnail","hentry","category-administracao","category-ciencias-contabeis","category-direito","category-economia","category-educacao-fisica-licenciatura","category-enfermagem","category-engenharia","category-farmacia","category-fisica-licenciatura","category-fisioterapia","category-fonoaudiologia","category-geografia","category-letras","category-matematica","category-odontologia","category-psicologia","category-servico-social","category-tecnico-enfermagem","tag-minas-gerais"],"acf":{"_tipo_vagas":"vagas","_numero_vagas":"","_quadro_vagas":"","_cargos":"diversos","_cargos_especificos":"","_salario_max":"R$ 4313.75","_abertura":"20250625","_encerramento":"20250731","_inscricoes":"https:\/\/www.ibgpconcursos.com.br","_executora_concurso":"","_instituicao_concurso":[],"_link_adicional":null,"_anexos":null,"_produtos":null,"_vagas":"62 vagas + CR","_salario_min":"R$ 27.04","_instituicao":"Prefeitura de Arantina","_edital":"https:\/\/www.agrobase.com.br\/concursos\/wp-content\/uploads\/sites\/4\/2025\/07\/edital-01-2025-prefeitura-de-arantina-mg.pdf","_anexos_edital":"https:\/\/www.agrobase.com.br\/concursos\/wp-content\/uploads\/sites\/4\/2025\/07\/anexos-edital-01-2025-prefeitura-de-arantina-mg.pdf","_fund_incompleto":"<div>\r\n<table class=\"quadro\">\r\n<thead>\r\n<tr>\r\n<th class=\"hcargo\">Cargo<\/th>\r\n<th class=\"hvagas\">Vagas<\/th>\r\n<th class=\"hremuneracao\">Remunera\u00e7\u00e3o<\/th>\r\n<\/tr>\r\n<\/thead>\r\n    <tbody>\r\n      <td class=\"ccargos\">\r\n<span data-balloon-length=\"medium\" aria-label=\"Alfabetizado.\" data-balloon-pos=\"up\">AJUDANTE DE SERVI\u00c7OS GERAIS<\/span><\/td>\r\n<td class=\"cvagas\">07<\/td>\r\n<td class=\"cremuneracao\">R$ 1.518,00 \/44h<\/td>\r\n<\/tr><td class=\"ccargos\">\r\n<span data-balloon-length=\"medium\" aria-label=\"Alfabetizado.\" data-balloon-pos=\"up\">AUXILIAR ADMINISTRATIVO I<\/span><\/td>\r\n<td class=\"cvagas\">01<\/td>\r\n<td class=\"cremuneracao\">R$ 1.518,00 \/40h<\/td>\r\n<\/tr><td class=\"ccargos\">\r\n<span data-balloon-length=\"medium\" aria-label=\"Alfabetizado.\" data-balloon-pos=\"up\">AUXILIAR DE SERVI\u00c7OS GERAIS<\/span><\/td>\r\n<td class=\"cvagas\">07<\/td>\r\n<td class=\"cremuneracao\">R$ 1.518,00 \/44h<\/td>\r\n<\/tr><td class=\"ccargos\">\r\n<span data-balloon-length=\"medium\" aria-label=\"Alfabetizado e Carteira Nacional de Habilita\u00e7\u00e3o categoria D ou superior.\" data-balloon-pos=\"up\">MOTORISTA<\/span><\/td>\r\n<td class=\"cvagas\">10<\/td>\r\n<td class=\"cremuneracao\">R$ 1.518,00 \/44h<\/td>\r\n<\/tr><td class=\"ccargos\">\r\n<span data-balloon-length=\"medium\" aria-label=\"Alfabetizado e Carteira Nacional de Habilita\u00e7\u00e3o categoria D.\" data-balloon-pos=\"up\">OPERADOR DE MOTONIVELADORA<\/span><\/td>\r\n<td class=\"cvagas\">01<\/td>\r\n<td class=\"cremuneracao\">R$ 2.311,33 \/44h<\/td>\r\n<\/tr><td class=\"ccargos\">\r\n<span data-balloon-length=\"medium\" aria-label=\"Alfabetizado.\" data-balloon-pos=\"up\">PEDREIRO<\/span><\/td>\r\n<td class=\"cvagas\">02<\/td>\r\n<td class=\"cremuneracao\">R$ 1.518,00 \/44h<\/td>\r\n<\/tr><td class=\"ccargos\">\r\n<span data-balloon-length=\"medium\" aria-label=\"Alfabetizado e Carteira Nacional de Habilita\u00e7\u00e3o categoria B.\" data-balloon-pos=\"up\">TRATORISTA<\/span><\/td>\r\n<td class=\"cvagas\">02<\/td>\r\n<td class=\"cremuneracao\">R$ 1.518,00 \/44h<\/td>\r\n<\/tr><td class=\"ccargos\">\r\n<span data-balloon-length=\"medium\" aria-label=\"Alfabetizado.\" data-balloon-pos=\"up\">ATENDENTE DE CRECHE<\/span><\/td>\r\n<td class=\"cvagas\">01<\/td>\r\n<td class=\"cremuneracao\">R$ 1.518,00 \/40h<\/td>\r\n<\/tr>\r\n    <\/tbody>\r\n  <\/table>\r\n<\/div>","_fund_completo":"<div>\r\n<table class=\"quadro\">\r\n<thead>\r\n<tr>\r\n<th class=\"hcargo\">Cargo<\/th>\r\n<th class=\"hvagas\">Vagas<\/th>\r\n<th class=\"hremuneracao\">Remunera\u00e7\u00e3o<\/th>\r\n<\/tr>\r\n<\/thead>\r\n    <tbody>\r\n      <td class=\"ccargos\">\r\n<span data-balloon-length=\"medium\" aria-label=\"Ensino Fundamental Completo.\" data-balloon-pos=\"up\">ASSISTENTE ADMINISTRATIVO<\/span><\/td>\r\n<td class=\"cvagas\">04<\/td>\r\n<td class=\"cremuneracao\">R$ 1.518,00 \/40h<\/td>\r\n<\/tr><td class=\"ccargos\">\r\n<span data-balloon-length=\"medium\" aria-label=\"Ensino Fundamental Completo.\" data-balloon-pos=\"up\">RECEPCIONISTA<\/span><\/td>\r\n<td class=\"cvagas\">03<\/td>\r\n<td class=\"cremuneracao\">R$ 1.518,00 \/40h<\/td>\r\n<\/tr>\r\n    <\/tbody>\r\n  <\/table>\r\n<\/div>","_medio":"<div>\r\n<table class=\"quadro\">\r\n<thead>\r\n<tr>\r\n<th class=\"hcargo\">Cargo<\/th>\r\n<th class=\"hvagas\">Vagas<\/th>\r\n<th class=\"hremuneracao\">Remunera\u00e7\u00e3o<\/th>\r\n<\/tr>\r\n<\/thead>\r\n    <tbody>\r\n      <td class=\"ccargos\">\r\n<span data-balloon-length=\"medium\" aria-label=\"Ensino M\u00e9dio Completo. Ter conclu\u00eddo, com aproveitamento, curso de forma\u00e7\u00e3o inicial, com carga hor\u00e1ria m\u00ednima de 40 horas.\" data-balloon-pos=\"up\">AGENTE DE COMBATE \u00c0S ENDEMIAS<\/span><\/td>\r\n<td class=\"cvagas\">02<\/td>\r\n<td class=\"cremuneracao\">R$ 3.036,00 \/40h<\/td>\r\n<\/tr><td class=\"ccargos\">\r\n<span data-balloon-length=\"medium\" aria-label=\"Ensino M\u00e9dio Completo.\" data-balloon-pos=\"up\">AUXILIAR ADMINISTRATIVO CRAS<\/span><\/td>\r\n<td class=\"cvagas\">01<\/td>\r\n<td class=\"cremuneracao\">R$ 1.518,00 \/40h<\/td>\r\n<\/tr><td class=\"ccargos\">\r\n<span data-balloon-length=\"medium\" aria-label=\"Ensino M\u00e9dio Completo.\" data-balloon-pos=\"up\">FISCAL VIGIL\u00c2NCIA SANIT\u00c1RIA<\/span><\/td>\r\n<td class=\"cvagas\">02<\/td>\r\n<td class=\"cremuneracao\">R$ 1.518,00 \/40h<\/td>\r\n<\/tr><td class=\"ccargos\">\r\n<span data-balloon-length=\"medium\" aria-label=\"Ensino M\u00e9dio Completo, curso T\u00e9cnico de Enfermagem e registro no Conselho Regional de Enfermagem.\" data-balloon-pos=\"up\">T\u00c9CNICO DE ENFERMAGEM<\/span><\/td>\r\n<td class=\"cvagas\">05<\/td>\r\n<td class=\"cremuneracao\">R$ 1.518,00 \/40h<\/td>\r\n<\/tr>\r\n    <\/tbody>\r\n  <\/table>\r\n<\/div>","_superior":"<div>\r\n<table class=\"quadro\">\r\n<thead>\r\n<tr>\r\n<th class=\"hcargo\">Cargo<\/th>\r\n<th class=\"hvagas\">Vagas<\/th>\r\n<th class=\"hremuneracao\">Remunera\u00e7\u00e3o<\/th>\r\n<\/tr>\r\n<\/thead>\r\n    <tbody>\r\n      <tr>\r\n<td class=\"ccargos\">\r\n<span data-balloon-length=\"medium\" aria-label=\"Ensino Superior Completo em Servi\u00e7o Social e registro no respectivo Conselho de Classe.\" data-balloon-pos=\"up\">ASSISTENTE SOCIAL CRAS<\/span><\/td>\r\n<td class=\"cvagas\">01<\/td>\r\n<td class=\"cremuneracao\">R$ 2.465,42 \/30h<\/td>\r\n<\/tr><tr>\r\n<td class=\"ccargos\">\r\n<span data-balloon-length=\"medium\" aria-label=\"Ensino Superior Completo em Servi\u00e7o Social e registro no respectivo Conselho de Classe.\" data-balloon-pos=\"up\">ASSISTENTE SOCIAL EDUCA\u00c7\u00c3O<\/span><\/td>\r\n<td class=\"cvagas\">01<\/td>\r\n<td class=\"cremuneracao\">R$ 2.465,42 \/30h<\/td>\r\n<\/tr><tr>\r\n<td class=\"ccargos\">\r\n<span data-balloon-length=\"medium\" aria-label=\"Ensino Superior Completo em Servi\u00e7o Social e registro no respectivo Conselho de Classe.\" data-balloon-pos=\"up\">ASSISTENTE SOCIAL SA\u00daDE<\/span><\/td>\r\n<td class=\"cvagas\">01<\/td>\r\n<td class=\"cremuneracao\">R$ 2.465,42 \/30h<\/td>\r\n<\/tr><tr>\r\n<td class=\"ccargos\">\r\n<span data-balloon-length=\"medium\" aria-label=\"Ensino Superior Completo em Direito, Administra\u00e7\u00e3o, Economia ou Ci\u00eancias Cont\u00e1beis.\" data-balloon-pos=\"up\">CONTROLADOR INTERNO<\/span><\/td>\r\n<td class=\"cvagas\">01<\/td>\r\n<td class=\"cremuneracao\">R$ 3.200,00 \/40h<\/td>\r\n<\/tr><tr>\r\n<td class=\"ccargos\">\r\n<span data-balloon-length=\"medium\" aria-label=\"Ensino Superior Completo em Odontologia e registro no Conselho Regional de Odontologia.\" data-balloon-pos=\"up\">DENTISTA UBS<\/span><\/td>\r\n<td class=\"cvagas\">01<\/td>\r\n<td class=\"cremuneracao\">R$ 4.277,50 \/40h<\/td>\r\n<\/tr><tr>\r\n<td class=\"ccargos\">\r\n<span data-balloon-length=\"medium\" aria-label=\"Ensino Superior Completo em Enfermagem e registro no respectivo Conselho de Classe.\" data-balloon-pos=\"up\">ENFERMEIRO<\/span><\/td>\r\n<td class=\"cvagas\">02<\/td>\r\n<td class=\"cremuneracao\">R$ 3.119,67 \/40h<\/td>\r\n<\/tr><tr>\r\n<td class=\"ccargos\">\r\n<span data-balloon-length=\"medium\" aria-label=\"Ensino Superior Completo em Engenharia Civil e registro no respectivo Conselho de Classe.\" data-balloon-pos=\"up\">ENGENHEIRO CIVIL<\/span><\/td>\r\n<td class=\"cvagas\">01<\/td>\r\n<td class=\"cremuneracao\">R$ 3.269,53 \/20h<\/td>\r\n<\/tr><tr>\r\n<td class=\"ccargos\">\r\n<span data-balloon-length=\"medium\" aria-label=\"Ensino Superior Completo em Farm\u00e1cia e registro no respectivo Conselho de Classe.\" data-balloon-pos=\"up\">FARMAC\u00caUTICO UBS<\/span><\/td>\r\n<td class=\"cvagas\">01<\/td>\r\n<td class=\"cremuneracao\">R$ 4.313,75 \/40h<\/td>\r\n<\/tr><tr>\r\n<td class=\"ccargos\">\r\n<span data-balloon-length=\"medium\" aria-label=\"Ensino Superior Completo em Fisioterapia e registro no respectivo Conselho de Classe.\" data-balloon-pos=\"up\">FISIOTERAPEUTA UBS<\/span><\/td>\r\n<td class=\"cvagas\">01<\/td>\r\n<td class=\"cremuneracao\">R$ 3.481,68 \/30h<\/td>\r\n<\/tr><tr>\r\n<td class=\"ccargos\">\r\n<span data-balloon-length=\"medium\" aria-label=\"Ensino Superior Completo em Fonoaudiologia e registro no Conselho Regional de Fonoaudiologia.\" data-balloon-pos=\"up\">FONOAUDI\u00d3LOGO UBS<\/span><\/td>\r\n<td class=\"cvagas\">01<\/td>\r\n<td class=\"cremuneracao\">R$ 2.305,26 \/20h<\/td>\r\n<\/tr><tr>\r\n<td class=\"ccargos\">\r\n<span data-balloon-length=\"medium\" aria-label=\"Ensino Superior Completo em Psicologia e registro no respectivo Conselho de Classe.\" data-balloon-pos=\"up\">PSIC\u00d3LOGO CRAS<\/span><\/td>\r\n<td class=\"cvagas\">01<\/td>\r\n<td class=\"cremuneracao\">R$ 2.465,42 \/30h<\/td>\r\n<\/tr><tr>\r\n<td class=\"ccargos\">\r\n<span data-balloon-length=\"medium\" aria-label=\"Ensino Superior Completo em Psicologia e registro no respectivo Conselho de Classe.\" data-balloon-pos=\"up\">PSIC\u00d3LOGO EDUCA\u00c7\u00c3O<\/span><\/td>\r\n<td class=\"cvagas\">01<\/td>\r\n<td class=\"cremuneracao\">R$ 2.465,42 \/30h<\/td>\r\n<\/tr><tr>\r\n<td class=\"ccargos\">\r\n<span data-balloon-length=\"medium\" aria-label=\"Ensino Superior Completo de Licenciatura na \u00e1rea espec\u00edfica de atua\u00e7\u00e3o (Educa\u00e7\u00e3o F\u00edsica).\" data-balloon-pos=\"up\">PROFESSOR REGENTE II - EDUCA\u00c7\u00c3O F\u00cdSICA<\/span><\/td>\r\n<td class=\"cvagas\">CR<\/td>\r\n<td class=\"cremuneracao\">R$ 27,04 \/24h<\/td>\r\n<\/tr><tr>\r\n<td class=\"ccargos\">\r\n<span data-balloon-length=\"medium\" aria-label=\"Ensino Superior Completo de Licenciatura na \u00e1rea espec\u00edfica de atua\u00e7\u00e3o (Geografia).\" data-balloon-pos=\"up\">PROFESSOR REGENTE II - GEOGRAFIA<\/span><\/td>\r\n<td class=\"cvagas\">CR<\/td>\r\n<td class=\"cremuneracao\">R$ 27,04 \/24h<\/td>\r\n<\/tr><tr>\r\n<td class=\"ccargos\">\r\n<span data-balloon-length=\"medium\" aria-label=\"Ensino Superior Completo de Licenciatura na \u00e1rea espec\u00edfica de atua\u00e7\u00e3o (Matem\u00e1tica).\" data-balloon-pos=\"up\">PROFESSOR REGENTE II - MATEM\u00c1TICA<\/span><\/td>\r\n<td class=\"cvagas\">CR<\/td>\r\n<td class=\"cremuneracao\">R$ 27,04 \/24h<\/td>\r\n<\/tr><tr>\r\n<td class=\"ccargos\">\r\n<span data-balloon-length=\"medium\" aria-label=\"Ensino Superior Completo de Licenciatura na \u00e1rea espec\u00edfica de atua\u00e7\u00e3o (Letras - L\u00edngua Portuguesa).\" data-balloon-pos=\"up\">PROFESSOR REGENTE II - PORTUGU\u00caS<\/span><\/td>\r\n<td class=\"cvagas\">CR<\/td>\r\n<td class=\"cremuneracao\">R$ 27,04 \/24h<\/td>\r\n<\/tr><tr>\r\n<td class=\"ccargos\">\r\n<span data-balloon-length=\"medium\" aria-label=\"Ensino Superior Completo em Psicologia e registro no respectivo Conselho de Classe.\" data-balloon-pos=\"up\">PSIC\u00d3LOGO UBS<\/span><\/td>\r\n<td class=\"cvagas\">01<\/td>\r\n<td class=\"cremuneracao\">R$ 2.465,42 \/30h<\/td>\r\n<\/tr>\r\n    <\/tbody>\r\n  <\/table>\r\n<\/div>"},"_links":{"self":[{"href":"https:\/\/www.agrobase.com.br\/concursos\/wp-json\/wp\/v2\/posts\/268422","targetHints":{"allow":["GET"]}}],"collection":[{"href":"https:\/\/www.agrobase.com.br\/concursos\/wp-json\/wp\/v2\/posts"}],"about":[{"href":"https:\/\/www.agrobase.com.br\/concursos\/wp-json\/wp\/v2\/types\/post"}],"author":[{"embeddable":true,"href":"https:\/\/www.agrobase.com.br\/concursos\/wp-json\/wp\/v2\/users\/7"}],"replies":[{"embeddable":true,"href":"https:\/\/www.agrobase.com.br\/concursos\/wp-json\/wp\/v2\/comments?post=268422"}],"version-history":[{"count":2,"href":"https:\/\/www.agrobase.com.br\/concursos\/wp-json\/wp\/v2\/posts\/268422\/revisions"}],"predecessor-version":[{"id":268426,"href":"https:\/\/www.agrobase.com.br\/concursos\/wp-json\/wp\/v2\/posts\/268422\/revisions\/268426"}],"wp:featuredmedia":[{"embeddable":true,"href":"https:\/\/www.agrobase.com.br\/concursos\/wp-json\/wp\/v2\/media\/268421"}],"wp:attachment":[{"href":"https:\/\/www.agrobase.com.br\/concursos\/wp-json\/wp\/v2\/media?parent=268422"}],"wp:term":[{"taxonomy":"category","embeddable":true,"href":"https:\/\/www.agrobase.com.br\/concursos\/wp-json\/wp\/v2\/categories?post=268422"},{"taxonomy":"post_tag","embeddable":true,"href":"https:\/\/www.agrobase.com.br\/concursos\/wp-json\/wp\/v2\/tags?post=268422"},{"taxonomy":"_amplo","embeddable":true,"href":"https:\/\/www.agrobase.com.br\/concursos\/wp-json\/wp\/v2\/_amplo?post=268422"},{"taxonomy":"destaque","embeddable":true,"href":"https:\/\/www.agrobase.com.br\/concursos\/wp-json\/wp\/v2\/destaque?post=268422"},{"taxonomy":"instituicoes","embeddable":true,"href":"https:\/\/www.agrobase.com.br\/concursos\/wp-json\/wp\/v2\/instituicoes?post=268422"}],"curies":[{"name":"wp","href":"https:\/\/api.w.org\/{rel}","templated":true}]}}