{"id":268404,"date":"2025-07-08T07:20:32","date_gmt":"2025-07-08T10:20:32","guid":{"rendered":"https:\/\/www.agrobase.com.br\/concursos\/?p=268404"},"modified":"2025-07-07T13:11:36","modified_gmt":"2025-07-07T16:11:36","slug":"prefeitura-sao-francisco-de-assis-rs-selecao-simplificada-06-2025","status":"publish","type":"post","link":"https:\/\/www.agrobase.com.br\/concursos\/2025\/prefeitura-sao-francisco-de-assis-rs-selecao-simplificada-06-2025\/","title":{"rendered":"Prefeitura S\u00e3o Francisco de Assis (RS) &#8211; Sele\u00e7\u00e3o Simplificada 06\/2025"},"content":{"rendered":"<h2>Informa\u00e7\u00f5es Gerais<\/h2>\n<p>A Prefeitura Municipal de S\u00e3o Francisco de Assis, no Rio Grande do Sul, publicou o edital n\u00ba 006\/2025 para seu novo Processo Seletivo Simplificado. O certame visa a contrata\u00e7\u00e3o tempor\u00e1ria de <strong>1 (um) profissional para o cargo de Fiscal Ambiental<\/strong>, al\u00e9m da forma\u00e7\u00e3o de cadastro de reserva.<\/p>\n<p>A oportunidade \u00e9 destinada a candidatos com forma\u00e7\u00e3o de n\u00edvel t\u00e9cnico ou superior. Os requisitos incluem forma\u00e7\u00e3o em \u00e1reas como <strong>ambiental, ci\u00eancias biol\u00f3gicas, engenharia florestal, agronomia, qu\u00edmica, geologia ou agr\u00edcola<\/strong>, com registro no respectivo conselho de classe.<\/p>\n<p>O prazo de validade do processo seletivo ser\u00e1 de um ano, podendo ser prorrogado por igual per\u00edodo. Continue a leitura para conferir os detalhes sobre o per\u00edodo de inscri\u00e7\u00f5es, as etapas de sele\u00e7\u00e3o e o cronograma completo.<\/p>\n<h2>Inscri\u00e7\u00f5es<\/h2>\n<p>As inscri\u00e7\u00f5es para o Processo Seletivo de S\u00e3o Francisco de Assis ser\u00e3o realizadas de forma <strong>presencial<\/strong>, entre os dias <strong>04 de julho de 2025 e 18 de julho de 2025<\/strong>, das 08h \u00e0s 12h. Os interessados devem comparecer \u00e0 Secretaria Municipal do Meio Ambiente, localizada na Rua Borges de Medeiros, n\u00ba 1445, sala 3 (Rodovi\u00e1ria).<\/p>\n<p>A taxa de inscri\u00e7\u00e3o \u00e9 de <strong>R$ 50,00<\/strong> e o pagamento deve ser efetuado diretamente na Secretaria Municipal da Fazenda. No ato da inscri\u00e7\u00e3o, o candidato dever\u00e1 entregar a ficha de inscri\u00e7\u00e3o preenchida, c\u00f3pias de documentos pessoais e o envelope lacrado com os comprovantes para a Prova de T\u00edtulos, conforme especificado no edital.<\/p>\n<p>\u00c9 permitida a inscri\u00e7\u00e3o por procura\u00e7\u00e3o com firma reconhecida. N\u00e3o h\u00e1 previs\u00e3o de isen\u00e7\u00e3o da taxa. Todas as informa\u00e7\u00f5es e atualiza\u00e7\u00f5es ser\u00e3o divulgadas no site oficial da prefeitura. Para garantir sua participa\u00e7\u00e3o, leia atentamente o edital completo.<\/p>\n<h2>Etapas e Provas<\/h2>\n<p>A sele\u00e7\u00e3o dos candidatos ser\u00e1 realizada em uma \u00fanica etapa: <strong>Prova de T\u00edtulos<\/strong>, de car\u00e1ter exclusivamente classificat\u00f3rio. Nesta fase, ser\u00e3o avaliados a experi\u00eancia profissional e a forma\u00e7\u00e3o acad\u00eamica do candidato, com base nos documentos entregues no ato da inscri\u00e7\u00e3o.<\/p>\n<p>A pontua\u00e7\u00e3o ser\u00e1 distribu\u00edda da seguinte forma:<\/p>\n<ul>\n<li><strong>Experi\u00eancia Profissional (at\u00e9 50 pontos):<\/strong> Ser\u00e3o pontuadas atividades comprovadas como Fiscal Ambiental ou em outras \u00e1reas ambientais, tanto no setor p\u00fablico quanto como profissional aut\u00f4nomo.<\/li>\n<li><strong>T\u00edtulos Acad\u00eamicos:<\/strong> Ser\u00e3o atribu\u00eddos pontos para certificados de conclus\u00e3o de cursos de p\u00f3s-gradua\u00e7\u00e3o na \u00e1rea ambiental, sendo 8 pontos para especializa\u00e7\u00e3o, 12 para mestrado e 15 para doutorado.<\/li>\n<\/ul>\n<p>Os documentos comprobat\u00f3rios devem ser entregues em envelope lacrado no momento da inscri\u00e7\u00e3o, seguindo rigorosamente as orienta\u00e7\u00f5es do edital. Para conhecer todos os crit\u00e9rios de pontua\u00e7\u00e3o e os documentos aceitos, consulte o edital oficial do certame.<\/p>\n<h2>Resultados e Gabarito<\/h2>\n<p>O cronograma do processo seletivo prev\u00ea a divulga\u00e7\u00e3o da lista preliminar de inscritos em <strong>21 de julho de 2025<\/strong> e da lista final em <strong>25 de julho de 2025<\/strong>. O resultado preliminar da Prova de T\u00edtulos ser\u00e1 publicado em <strong>30 de julho de 2025<\/strong>, com prazo para recursos no dia seguinte.<\/p>\n<p>Em caso de empate na pontua\u00e7\u00e3o final, os crit\u00e9rios de desempate s\u00e3o: 1\u00ba) maior pontua\u00e7\u00e3o em Experi\u00eancia Profissional; 2\u00ba) maior pontua\u00e7\u00e3o em T\u00edtulos; 3\u00ba) maior idade. Se o empate persistir, ser\u00e1 realizado um sorteio p\u00fablico. A homologa\u00e7\u00e3o do resultado final est\u00e1 prevista para <strong>08 de agosto de 2025<\/strong>.<\/p>\n<p>A convoca\u00e7\u00e3o dos aprovados ser\u00e1 feita pessoalmente, por WhatsApp ou por correspond\u00eancia. \u00c9 de responsabilidade exclusiva do candidato acompanhar todas as publica\u00e7\u00f5es oficiais no painel de avisos da Prefeitura e no site www.saofranciscodeassis.rs.gov.br.<\/p>\n","protected":false},"excerpt":{"rendered":"<p>Sele\u00e7\u00e3o Simplificada Pref. S\u00e3o Francisco de Assis (RS) p\/ Fiscal Ambiental (M\u00e9dio a Sup.). Inscri\u00e7\u00f5es a partir de 04\/07. Sal\u00e1rio R$ 2.8k. Confira detalhes!<\/p>\n","protected":false},"author":7,"featured_media":268403,"comment_status":"open","ping_status":"open","sticky":false,"template":"","format":"standard","meta":{"_acf_changed":false,"_breakdance_hide_in_design_set":false,"_breakdance_tags":"","footnotes":""},"categories":[4,6,95,13,15,115,27,29,30,31,139],"tags":[58],"_amplo":[],"destaque":[],"instituicoes":[],"class_list":["post-268404","post","type-post","status-publish","format-standard","has-post-thumbnail","hentry","category-agronomia","category-biologia","category-engenharia-agricola","category-engenharia-ambiental","category-engenharia-florestal","category-geologia","category-quimica","category-tecnico-agricola","category-tecnico-agropecuaria","category-tecnico-ambiental","category-tecnico-florestal","tag-rio-grande-sul"],"acf":{"_tipo_vagas":"vagas","_numero_vagas":"","_quadro_vagas":"","_cargos":"diversos","_cargos_especificos":"","_salario_max":"R$ 2800","_abertura":"20250704","_encerramento":"20250718","_inscricoes":"http:\/\/www.saofranciscodeassis.rs.gov.br","_executora_concurso":"","_instituicao_concurso":[],"_link_adicional":null,"_anexos":null,"_produtos":null,"_vagas":"1 vaga + CR","_salario_min":"R$ 2800","_instituicao":"Prefeitura de S\u00e3o Francisco de Assis","_edital":"https:\/\/www.agrobase.com.br\/concursos\/wp-content\/uploads\/sites\/4\/2025\/07\/edital-06-2025-prefeitura-de-sao-francisco-de-assis-rs.pdf","_anexos_edital":"https:\/\/www.agrobase.com.br\/concursos\/wp-content\/uploads\/sites\/4\/2025\/07\/anexos-edital-06-2025-prefeitura-de-sao-francisco-de-assis-rs.pdf","_fund_incompleto":"","_fund_completo":"","_medio":"<div>\r\n<table class=\"quadro\">\r\n<thead>\r\n<tr>\r\n<th class=\"hcargo\">Cargo<\/th>\r\n<th class=\"hvagas\">Vagas<\/th>\r\n<th class=\"hremuneracao\">Remunera\u00e7\u00e3o<\/th>\r\n<\/tr>\r\n<\/thead>\r\n    <tbody>\r\n      <td class=\"ccargos\">\r\n<span data-balloon-length=\"medium\" aria-label=\"Ensino M\u00e9dio completo com forma\u00e7\u00e3o espec\u00edfica t\u00e9cnica ou superior em ao menos uma das seguintes \u00e1reas: ambiental, ci\u00eancias biol\u00f3gicas, florestal, qu\u00edmica, agr\u00edcola ou agron\u00f4mica e\/ou geologia e inscri\u00e7\u00e3o no conselho de classe.\" data-balloon-pos=\"up\">Fiscal Ambiental<\/span><\/td>\r\n<td class=\"cvagas\">01 + CR<\/td>\r\n<td class=\"cremuneracao\">R$ 2.800,00 \/40h<\/td>\r\n<\/tr>\r\n    <\/tbody>\r\n  <\/table>\r\n<\/div>","_superior":""},"_links":{"self":[{"href":"https:\/\/www.agrobase.com.br\/concursos\/wp-json\/wp\/v2\/posts\/268404","targetHints":{"allow":["GET"]}}],"collection":[{"href":"https:\/\/www.agrobase.com.br\/concursos\/wp-json\/wp\/v2\/posts"}],"about":[{"href":"https:\/\/www.agrobase.com.br\/concursos\/wp-json\/wp\/v2\/types\/post"}],"author":[{"embeddable":true,"href":"https:\/\/www.agrobase.com.br\/concursos\/wp-json\/wp\/v2\/users\/7"}],"replies":[{"embeddable":true,"href":"https:\/\/www.agrobase.com.br\/concursos\/wp-json\/wp\/v2\/comments?post=268404"}],"version-history":[{"count":2,"href":"https:\/\/www.agrobase.com.br\/concursos\/wp-json\/wp\/v2\/posts\/268404\/revisions"}],"predecessor-version":[{"id":268408,"href":"https:\/\/www.agrobase.com.br\/concursos\/wp-json\/wp\/v2\/posts\/268404\/revisions\/268408"}],"wp:featuredmedia":[{"embeddable":true,"href":"https:\/\/www.agrobase.com.br\/concursos\/wp-json\/wp\/v2\/media\/268403"}],"wp:attachment":[{"href":"https:\/\/www.agrobase.com.br\/concursos\/wp-json\/wp\/v2\/media?parent=268404"}],"wp:term":[{"taxonomy":"category","embeddable":true,"href":"https:\/\/www.agrobase.com.br\/concursos\/wp-json\/wp\/v2\/categories?post=268404"},{"taxonomy":"post_tag","embeddable":true,"href":"https:\/\/www.agrobase.com.br\/concursos\/wp-json\/wp\/v2\/tags?post=268404"},{"taxonomy":"_amplo","embeddable":true,"href":"https:\/\/www.agrobase.com.br\/concursos\/wp-json\/wp\/v2\/_amplo?post=268404"},{"taxonomy":"destaque","embeddable":true,"href":"https:\/\/www.agrobase.com.br\/concursos\/wp-json\/wp\/v2\/destaque?post=268404"},{"taxonomy":"instituicoes","embeddable":true,"href":"https:\/\/www.agrobase.com.br\/concursos\/wp-json\/wp\/v2\/instituicoes?post=268404"}],"curies":[{"name":"wp","href":"https:\/\/api.w.org\/{rel}","templated":true}]}}