{"id":268202,"date":"2025-07-04T08:00:00","date_gmt":"2025-07-04T11:00:00","guid":{"rendered":"https:\/\/www.agrobase.com.br\/concursos\/?p=268202"},"modified":"2025-07-03T15:46:00","modified_gmt":"2025-07-03T18:46:00","slug":"prefeitura-francisco-beltrao-pr-concurso-01-2025","status":"publish","type":"post","link":"https:\/\/www.agrobase.com.br\/concursos\/2025\/prefeitura-francisco-beltrao-pr-concurso-01-2025\/","title":{"rendered":"Prefeitura Francisco Beltr\u00e3o (PR) &#8211; Concurso 01\/2025"},"content":{"rendered":"<h2>Informa\u00e7\u00f5es Gerais<\/h2>\n<p>A Prefeitura de Francisco Beltr\u00e3o, no estado do Paran\u00e1, publicou o edital para seu novo Concurso P\u00fablico, organizado pela Funda\u00e7\u00e3o FAFIPA. O certame visa o preenchimento de <strong>273 vagas imediatas e a forma\u00e7\u00e3o de cadastro de reserva<\/strong> para cargos de n\u00edveis fundamental, m\u00e9dio, t\u00e9cnico e superior. As contrata\u00e7\u00f5es ser\u00e3o realizadas sob o regime estatut\u00e1rio, garantindo estabilidade aos servidores.<\/p>\n<p>As oportunidades abrangem diversas \u00e1reas, como administrativa, operacional, sa\u00fade e educa\u00e7\u00e3o. <strong>Para os profissionais de \u00e1reas espec\u00edficas, o concurso oferece vagas para Engenheiro Agr\u00f4nomo, M\u00e9dico Veterin\u00e1rio e Nutricionista<\/strong>, al\u00e9m de outras carreiras de n\u00edvel superior. O prazo de validade do concurso ser\u00e1 de dois anos, podendo ser prorrogado por igual per\u00edodo.<\/p>\n<h2>Inscri\u00e7\u00f5es<\/h2>\n<p>As inscri\u00e7\u00f5es para o Concurso P\u00fablico de Francisco Beltr\u00e3o ser\u00e3o realizadas exclusivamente pela internet, no site da banca organizadora. O per\u00edodo para se inscrever ter\u00e1 in\u00edcio <strong>\u00e0s 08h do dia 07 de julho de 2025 e se encerrar\u00e1 \u00e0s 23h59 do dia 05 de agosto de 2025<\/strong>, seguindo o hor\u00e1rio oficial de Bras\u00edlia-DF.<\/p>\n<p>Para se inscrever, o candidato dever\u00e1 acessar o portal da Funda\u00e7\u00e3o FAFIPA, preencher o formul\u00e1rio com seus dados pessoais, escolher o cargo desejado e gerar o boleto banc\u00e1rio. O pagamento da taxa de inscri\u00e7\u00e3o, cujos valores variam conforme o n\u00edvel de escolaridade do cargo, poder\u00e1 ser efetuado at\u00e9 o dia <strong>06 de agosto de 2025<\/strong>. \u00c9 fundamental que o candidato confira os dados do boleto antes de efetuar o pagamento para evitar fraudes.<\/p>\n<p><strong>R$ 100,00:<\/strong> Cargos de N\u00edvel Fundamental;<br \/>\n<strong>R$ 130,00:<\/strong> Cargos de N\u00edvel M\u00e9dio e T\u00e9cnico;<br \/>\n<strong>R$ 150,00:<\/strong> Cargos de N\u00edvel Superior.<\/p>\n<h2>Etapas e Provas<\/h2>\n<p>O processo de sele\u00e7\u00e3o dos candidatos ser\u00e1 composto por diferentes etapas, variando de acordo com o cargo pretendido. A estrutura geral inclui:<\/p>\n<ul>\n<li><strong>Prova Objetiva (PO):<\/strong> De car\u00e1ter eliminat\u00f3rio e classificat\u00f3rio, ser\u00e1 aplicada para <em>todos os cargos<\/em>. A prova ter\u00e1 dura\u00e7\u00e3o de 5 horas e ser\u00e1 composta por 60 quest\u00f5es de m\u00faltipla escolha. Para ser aprovado, o candidato dever\u00e1 obter no m\u00ednimo 60 pontos (de 100) e n\u00e3o zerar em nenhuma das \u00e1reas de conhecimento.<\/li>\n<li><strong>Prova Discursiva (PD):<\/strong> De car\u00e1ter eliminat\u00f3rio e classificat\u00f3rio, exclusiva para os cargos de <em>Professor<\/em>. Consistir\u00e1 em uma reda\u00e7\u00e3o e ser\u00e1 realizada no mesmo dia da prova objetiva. A nota m\u00ednima para aprova\u00e7\u00e3o \u00e9 de 24 pontos (de 40).<\/li>\n<li><strong>Prova Pr\u00e1tica (PP):<\/strong> De car\u00e1ter eliminat\u00f3rio e classificat\u00f3rio, destinada apenas ao cargo de <em>Operador de M\u00e1quinas<\/em>. Avaliar\u00e1 a habilidade do candidato na condu\u00e7\u00e3o e manuten\u00e7\u00e3o de equipamentos. A pontua\u00e7\u00e3o m\u00ednima para aprova\u00e7\u00e3o \u00e9 de 60 pontos (de 100).<\/li>\n<li><strong>Prova de Desempenho Did\u00e1tico (PDD):<\/strong> De car\u00e1ter eliminat\u00f3rio e classificat\u00f3rio, tamb\u00e9m exclusiva para os cargos de <em>Professor<\/em>. Consiste na ministra\u00e7\u00e3o de uma aula com dura\u00e7\u00e3o m\u00e1xima de 20 minutos, exigindo a apresenta\u00e7\u00e3o de um plano de aula. A nota m\u00ednima para aprova\u00e7\u00e3o \u00e9 60 (de 100).<\/li>\n<li><strong>Prova de T\u00edtulos (PT):<\/strong> De car\u00e1ter apenas classificat\u00f3rio, ser\u00e1 aplicada para <em>todos os cargos de n\u00edvel superior, incluindo Professores<\/em>. Os candidatos habilitados dever\u00e3o enviar os documentos comprobat\u00f3rios de forma online, conforme as datas previstas no cronograma.<\/li>\n<\/ul>\n<p>Para obter informa\u00e7\u00f5es detalhadas sobre o conte\u00fado program\u00e1tico de cada disciplina, os crit\u00e9rios de avalia\u00e7\u00e3o e o cronograma completo, \u00e9 fundamental a leitura atenta do edital.<\/p>\n<h2>Resultados e Gabarito<\/h2>\n<p>A divulga\u00e7\u00e3o dos resultados seguir\u00e1 um cronograma detalhado, sendo fundamental que o candidato acompanhe todas as publica\u00e7\u00f5es no site da Funda\u00e7\u00e3o FAFIPA. O <strong>gabarito preliminar da prova objetiva<\/strong> ser\u00e1 disponibilizado um dia ap\u00f3s a sua aplica\u00e7\u00e3o, em 01 de setembro de 2025.<\/p>\n<p>As demais datas importantes incluem a divulga\u00e7\u00e3o do resultado definitivo da prova objetiva e discursiva em 15 de outubro de 2025, e o resultado final da prova pr\u00e1tica em 19 de novembro de 2025. Os resultados da prova de desempenho did\u00e1tico e da prova de t\u00edtulos ser\u00e3o publicados em 09 de dezembro de 2025, mesma data da divulga\u00e7\u00e3o da classifica\u00e7\u00e3o final do concurso.<\/p>\n<p>A classifica\u00e7\u00e3o final ser\u00e1 feita em ordem decrescente da nota total, e os crit\u00e9rios de desempate incluem, sucessivamente: idade (para candidatos com 60 anos ou mais), maior nota em Conhecimentos Espec\u00edficos, e outras pontua\u00e7\u00f5es espec\u00edficas de cada etapa. A <strong>homologa\u00e7\u00e3o do resultado final<\/strong> est\u00e1 prevista para 17 de dezembro de 2025, quando o concurso ser\u00e1 oficialmente validado e publicado no Di\u00e1rio Oficial.<\/p>\n<p>A convoca\u00e7\u00e3o dos aprovados ocorrer\u00e1 de acordo com a necessidade da Prefeitura de Francisco Beltr\u00e3o, respeitando a ordem de classifica\u00e7\u00e3o. \u00c9 de responsabilidade exclusiva do candidato acompanhar todas as publica\u00e7\u00f5es oficiais no site da banca organizadora e nos canais de comunica\u00e7\u00e3o do munic\u00edpio.<\/p>\n","protected":false},"excerpt":{"rendered":"<p>Concurso Pref. Francisco Beltr\u00e3o (PR) com edital publicado! Vagas p\/ Professor e M\u00e9dico (Fund. a Sup.). Inscri\u00e7\u00f5es a partir de 07\/07. At\u00e9 R$ 17.5k. Confira detalhes!<\/p>\n","protected":false},"author":7,"featured_media":268201,"comment_status":"open","ping_status":"open","sticky":false,"template":"","format":"standard","meta":{"_acf_changed":false,"_breakdance_hide_in_design_set":false,"_breakdance_tags":"","footnotes":""},"categories":[4,6433,9,141,6434,12,14,17,18,19,6871,21,22,23,24,25,26,101,128,108,143,157,134],"tags":[52],"_amplo":[],"destaque":[],"instituicoes":[],"class_list":["post-268202","post","type-post","status-publish","format-standard","has-post-thumbnail","hentry","category-agronomia","category-biologia-licenciatura","category-ciencias-contabeis","category-educacao-artistica","category-educacao-fisica-licenciatura","category-enfermagem","category-engenharia","category-farmacia","category-fisioterapia","category-fonoaudiologia","category-letras-ingles","category-medicina","category-veterinaria","category-nutricao","category-odontologia","category-pedagogia","category-psicologia","category-servico-social","category-tecnico-em-contabilidade","category-tecnico-enfermagem","category-tecnico-odontologia","category-tecnico-seguranca-trabalho","category-terapia-ocupacional","tag-parana"],"acf":{"_tipo_vagas":"vagas","_numero_vagas":"","_quadro_vagas":"","_cargos":"diversos","_cargos_especificos":"","_salario_max":"R$ 17589.65","_abertura":"20250707","_encerramento":"20250805","_inscricoes":"https:\/\/www.fundacaofafipa.org.br","_executora_concurso":"","_instituicao_concurso":[],"_link_adicional":null,"_anexos":null,"_produtos":null,"_vagas":"273 vagas + CR","_salario_min":"R$ 1772.26","_instituicao":"Prefeitura de Francisco Beltr\u00e3o","_edital":"https:\/\/www.agrobase.com.br\/concursos\/wp-content\/uploads\/sites\/4\/2025\/07\/edital-01-2025-da-prefeitura-de-francisco-beltrao-pr.pdf","_anexos_edital":"https:\/\/www.agrobase.com.br\/concursos\/wp-content\/uploads\/sites\/4\/2025\/07\/anexos-edital-01-2025-da-prefeitura-de-francisco-beltrao-pr.pdf","_fund_incompleto":"","_fund_completo":"<div>\r\n<table class=\"quadro\">\r\n<thead>\r\n<tr>\r\n<th class=\"hcargo\">Cargo<\/th>\r\n<th class=\"hvagas\">Vagas<\/th>\r\n<th class=\"hremuneracao\">Remunera\u00e7\u00e3o<\/th>\r\n<\/tr>\r\n<\/thead>\r\n    <tbody>\r\n      <td class=\"ccargos\">\r\n<span data-balloon-length=\"medium\" aria-label=\"Ensino Fundamental completo e Carteira Nacional de Habilita\u00e7\u00e3o (CNH) na categoria m\u00ednima D.\" data-balloon-pos=\"up\">Motorista<\/span><\/td>\r\n<td class=\"cvagas\">04 + CR<\/td>\r\n<td class=\"cremuneracao\">R$ 2.153,99 \/40h<\/td>\r\n<\/tr><td class=\"ccargos\">\r\n<span data-balloon-length=\"medium\" aria-label=\"Ensino Fundamental completo e Carteira Nacional de Habilita\u00e7\u00e3o (CNH) na categoria m\u00ednima C.\" data-balloon-pos=\"up\">Operador de M\u00e1quinas<\/span><\/td>\r\n<td class=\"cvagas\">01 + CR<\/td>\r\n<td class=\"cremuneracao\">R$ 2.242,43 \/40h<\/td>\r\n<\/tr>\r\n    <\/tbody>\r\n  <\/table>\r\n<\/div>","_medio":"<div>\r\n<table class=\"quadro\">\r\n<thead>\r\n<tr>\r\n<th class=\"hcargo\">Cargo<\/th>\r\n<th class=\"hvagas\">Vagas<\/th>\r\n<th class=\"hremuneracao\">Remunera\u00e7\u00e3o<\/th>\r\n<\/tr>\r\n<\/thead>\r\n    <tbody>\r\n      <td class=\"ccargos\">\r\n<span data-balloon-length=\"medium\" aria-label=\"Ensino m\u00e9dio completo.\" data-balloon-pos=\"up\">Agente Administrativo<\/span><\/td>\r\n<td class=\"cvagas\">10 + CR<\/td>\r\n<td class=\"cremuneracao\">R$ 2.153,99 \/40h<\/td>\r\n<\/tr><td class=\"ccargos\">\r\n<span data-balloon-length=\"medium\" aria-label=\"Ensino P\u00f3s-M\u00e9dio ou Profissionalizante e registro no respectivo Conselho Profissional.\" data-balloon-pos=\"up\">Atendente de Farm\u00e1cia<\/span><\/td>\r\n<td class=\"cvagas\">CR<\/td>\r\n<td class=\"cremuneracao\">R$ 2.475,68 \/40h<\/td>\r\n<\/tr><td class=\"ccargos\">\r\n<span data-balloon-length=\"medium\" aria-label=\"Ensino P\u00f3s-M\u00e9dio ou Profissionalizante e registro no respectivo Conselho Profissional.\" data-balloon-pos=\"up\">Auxiliar de Sa\u00fade Bucal<\/span><\/td>\r\n<td class=\"cvagas\">01 + CR<\/td>\r\n<td class=\"cremuneracao\">R$ 2.475,68 \/40h<\/td>\r\n<\/tr><td class=\"ccargos\">\r\n<span data-balloon-length=\"medium\" aria-label=\"Ensino M\u00e9dio com Magist\u00e9rio ou Gradua\u00e7\u00e3o em Licenciatura Plena ou Gradua\u00e7\u00e3o em curso de Ci\u00eancias Humanas.\" data-balloon-pos=\"up\">Educador Social<\/span><\/td>\r\n<td class=\"cvagas\">02 + CR<\/td>\r\n<td class=\"cremuneracao\">R$ 2.475,68 \/40h<\/td>\r\n<\/tr><td class=\"ccargos\">\r\n<span data-balloon-length=\"medium\" aria-label=\"Ensino M\u00e9dio completo.\" data-balloon-pos=\"up\">Inspetor Sanit\u00e1rio<\/span><\/td>\r\n<td class=\"cvagas\">02 + CR<\/td>\r\n<td class=\"cremuneracao\">R$ 3.201,85 \/40h<\/td>\r\n<\/tr><td class=\"ccargos\">\r\n<span data-balloon-length=\"medium\" aria-label=\"Ensino P\u00f3s-M\u00e9dio ou Profissionalizante e registro no respectivo Conselho Profissional.\" data-balloon-pos=\"up\">T\u00e9cnico em Contabilidade<\/span><\/td>\r\n<td class=\"cvagas\">01 + CR<\/td>\r\n<td class=\"cremuneracao\">R$ 2.678,86 \/40h<\/td>\r\n<\/tr><td class=\"ccargos\">\r\n<span data-balloon-length=\"medium\" aria-label=\"Ensino P\u00f3s-M\u00e9dio ou Profissionalizante e registro no respectivo Conselho Profissional.\" data-balloon-pos=\"up\">T\u00e9cnico em Enfermagem<\/span><\/td>\r\n<td class=\"cvagas\">10 + CR<\/td>\r\n<td class=\"cremuneracao\">R$ 2.678,86 \/40h<\/td>\r\n<\/tr><td class=\"ccargos\">\r\n<span data-balloon-length=\"medium\" aria-label=\"Ensino P\u00f3s-M\u00e9dio ou Profissionalizante e registro no respectivo Conselho Profissional.\" data-balloon-pos=\"up\">T\u00e9cnico em Seguran\u00e7a do Trabalho<\/span><\/td>\r\n<td class=\"cvagas\">CR<\/td>\r\n<td class=\"cremuneracao\">R$ 2.678,86 \/40h<\/td>\r\n<\/tr><td class=\"ccargos\">\r\n<span data-balloon-length=\"medium\" aria-label=\"Ensino M\u00e9dio T\u00e9cnico em Tradu\u00e7\u00e3o e Interpreta\u00e7\u00e3o de Libras ou Ensino Superior completo em Letras\/Libras e possuir dom\u00ednio da l\u00edngua brasileira de sinais com registro de profici\u00eancia em \u00f3rg\u00e3o oficial.\" data-balloon-pos=\"up\">Tradutor e Int\u00e9rprete de Libras<\/span><\/td>\r\n<td class=\"cvagas\">CR<\/td>\r\n<td class=\"cremuneracao\">R$ 4.061,57 \/40h<\/td>\r\n<\/tr><td class=\"ccargos\">\r\n<span data-balloon-length=\"medium\" aria-label=\"Forma\u00e7\u00e3o em n\u00edvel M\u00e9dio no Curso de Forma\u00e7\u00e3o de Docentes da Educa\u00e7\u00e3o Infantil e dos Anos Iniciais do Ensino Fundamental, na modalidade Normal (Magist\u00e9rio); ou Curso de Licenciatura em Pedagogia, gradua\u00e7\u00e3o plena; ou Curso de Gradua\u00e7\u00e3o Normal Superior.\" data-balloon-pos=\"up\">Professor da Rede Municipal 20h<\/span><\/td>\r\n<td class=\"cvagas\">70 + CR<\/td>\r\n<td class=\"cremuneracao\">R$ 1.772,26 \/20h<\/td>\r\n<\/tr>\r\n    <\/tbody>\r\n  <\/table>\r\n<\/div>","_superior":"<div>\r\n<table class=\"quadro\">\r\n<thead>\r\n<tr>\r\n<th class=\"hcargo\">Cargo<\/th>\r\n<th class=\"hvagas\">Vagas<\/th>\r\n<th class=\"hremuneracao\">Remunera\u00e7\u00e3o<\/th>\r\n<\/tr>\r\n<\/thead>\r\n    <tbody>\r\n      <tr>\r\n<td class=\"ccargos\">\r\n<span data-balloon-length=\"medium\" aria-label=\"Forma\u00e7\u00e3o em n\u00edvel M\u00e9dio no Curso de Forma\u00e7\u00e3o de Docentes da Educa\u00e7\u00e3o Infantil e dos Anos Iniciais do Ensino Fundamental, na modalidade Normal (Magist\u00e9rio); ou Curso de Licenciatura em Pedagogia, gradua\u00e7\u00e3o plena; ou Curso de Gradua\u00e7\u00e3o Normal Superior.\" data-balloon-pos=\"up\">Professor da Rede Municipal 40h<\/span><\/td>\r\n<td class=\"cvagas\">100 + CR<\/td>\r\n<td class=\"cremuneracao\">R$ 3.544,55 \/40h<\/td>\r\n<\/tr><tr>\r\n<td class=\"ccargos\">\r\n<span data-balloon-length=\"medium\" aria-label=\"Curso de Licenciatura, gradua\u00e7\u00e3o plena, na \u00e1rea de conhecimento.\" data-balloon-pos=\"up\">Professor da Rede Municipal 20h - Arte<\/span><\/td>\r\n<td class=\"cvagas\">10 + CR<\/td>\r\n<td class=\"cremuneracao\">R$ 1.772,26 \/20h<\/td>\r\n<\/tr><tr>\r\n<td class=\"ccargos\">\r\n<span data-balloon-length=\"medium\" aria-label=\"Curso de Licenciatura, gradua\u00e7\u00e3o plena, na \u00e1rea de conhecimento e Registro no Conselho de Educa\u00e7\u00e3o F\u00edsica (CREF).\" data-balloon-pos=\"up\">Professor da Rede Municipal 20h - Educa\u00e7\u00e3o F\u00edsica<\/span><\/td>\r\n<td class=\"cvagas\">10 + CR<\/td>\r\n<td class=\"cremuneracao\">R$ 1.772,26 \/20h<\/td>\r\n<\/tr><tr>\r\n<td class=\"ccargos\">\r\n<span data-balloon-length=\"medium\" aria-label=\"Curso de Licenciatura, gradua\u00e7\u00e3o plena, na \u00e1rea de conhecimento.\" data-balloon-pos=\"up\">Professor da Rede Municipal 20h - Ingl\u00eas<\/span><\/td>\r\n<td class=\"cvagas\">10 + CR<\/td>\r\n<td class=\"cremuneracao\">R$ 1.772,26 \/20h<\/td>\r\n<\/tr><tr>\r\n<td class=\"ccargos\">\r\n<span data-balloon-length=\"medium\" aria-label=\"Gradua\u00e7\u00e3o em curso superior de Servi\u00e7o Social e registro no Conselho Regional de Servi\u00e7o Social CRESS.\" data-balloon-pos=\"up\">Assistente Social - Classe 2<\/span><\/td>\r\n<td class=\"cvagas\">01 + CR<\/td>\r\n<td class=\"cremuneracao\">R$ 3.826,45 \/30h<\/td>\r\n<\/tr><tr>\r\n<td class=\"ccargos\">\r\n<span data-balloon-length=\"medium\" aria-label=\"Gradua\u00e7\u00e3o em curso superior de Ci\u00eancias Cont\u00e1beis e registro no Conselho Regional de Contabilidade (CRC).\" data-balloon-pos=\"up\">Contador<\/span><\/td>\r\n<td class=\"cvagas\">01 + CR<\/td>\r\n<td class=\"cremuneracao\">R$ 5.685,10 \/40h<\/td>\r\n<\/tr><tr>\r\n<td class=\"ccargos\">\r\n<span data-balloon-length=\"medium\" aria-label=\"Gradua\u00e7\u00e3o em curso superior de Enfermagem e Registro no Conselho Regional de Enfermagem (COREN).\" data-balloon-pos=\"up\">Enfermeiro<\/span><\/td>\r\n<td class=\"cvagas\">10 + CR<\/td>\r\n<td class=\"cremuneracao\">R$ 4.573,26 \/40h<\/td>\r\n<\/tr><tr>\r\n<td class=\"ccargos\">\r\n<span data-balloon-length=\"medium\" aria-label=\"Gradua\u00e7\u00e3o em curso superior de Agronomia, com Registro no Conselho Regional de Engenharia e Agronomia (CREA).\" data-balloon-pos=\"up\">Engenheiro Agr\u00f4nomo<\/span><\/td>\r\n<td class=\"cvagas\">CR<\/td>\r\n<td class=\"cremuneracao\">R$ 4.573,26 \/40h<\/td>\r\n<\/tr><tr>\r\n<td class=\"ccargos\">\r\n<span data-balloon-length=\"medium\" aria-label=\"Gradua\u00e7\u00e3o em curso superior de Engenharia Civil, com Registro no Conselho Regional de Engenharia e Agronomia (CREA).\" data-balloon-pos=\"up\">Engenheiro Civil<\/span><\/td>\r\n<td class=\"cvagas\">01 + CR<\/td>\r\n<td class=\"cremuneracao\">R$ 4.573,26 \/40h<\/td>\r\n<\/tr><tr>\r\n<td class=\"ccargos\">\r\n<span data-balloon-length=\"medium\" aria-label=\"Gradua\u00e7\u00e3o em curso superior de Farm\u00e1cia e Registro no Conselho Regional de Farm\u00e1cia (CRF) - PR.\" data-balloon-pos=\"up\">Farmac\u00eautico - Classe 2<\/span><\/td>\r\n<td class=\"cvagas\">CR<\/td>\r\n<td class=\"cremuneracao\">R$ 4.573,26 \/40h<\/td>\r\n<\/tr><tr>\r\n<td class=\"ccargos\">\r\n<span data-balloon-length=\"medium\" aria-label=\"Gradua\u00e7\u00e3o em curso superior de Fonoaudiologia e Registro no Conselho Regional de Fonoaudiologia.\" data-balloon-pos=\"up\">Fonoaudi\u00f3logo<\/span><\/td>\r\n<td class=\"cvagas\">01 + CR<\/td>\r\n<td class=\"cremuneracao\">R$ 3.017,50 \/20h<\/td>\r\n<\/tr><tr>\r\n<td class=\"ccargos\">\r\n<span data-balloon-length=\"medium\" aria-label=\"Gradua\u00e7\u00e3o em curso superior de Medicina e Registro no Conselho Regional de Medicina (CRM).\" data-balloon-pos=\"up\">M\u00e9dico Cl\u00ednico Geral<\/span><\/td>\r\n<td class=\"cvagas\">02 + CR<\/td>\r\n<td class=\"cremuneracao\">R$ 5.916,47 \/20h<\/td>\r\n<\/tr><tr>\r\n<td class=\"ccargos\">\r\n<span data-balloon-length=\"medium\" aria-label=\"Gradua\u00e7\u00e3o em curso superior de Medicina e Registro no Conselho Regional de Medicina (CRM).\" data-balloon-pos=\"up\">M\u00e9dico Generalista<\/span><\/td>\r\n<td class=\"cvagas\">10 + CR<\/td>\r\n<td class=\"cremuneracao\">R$ 17.589,65 \/40h<\/td>\r\n<\/tr><tr>\r\n<td class=\"ccargos\">\r\n<span data-balloon-length=\"medium\" aria-label=\"Gradua\u00e7\u00e3o em curso superior de Medicina, Registro no Conselho Regional de Medicina (CRM) e t\u00edtulo de especialista em Ginecologia e Obstetr\u00edcia.\" data-balloon-pos=\"up\">M\u00e9dico Ginecologista<\/span><\/td>\r\n<td class=\"cvagas\">03 + CR<\/td>\r\n<td class=\"cremuneracao\">R$ 5.916,47 \/20h<\/td>\r\n<\/tr><tr>\r\n<td class=\"ccargos\">\r\n<span data-balloon-length=\"medium\" aria-label=\"Gradua\u00e7\u00e3o em curso superior de Medicina, Registro no Conselho Regional de Medicina (CRM) e t\u00edtulo de especialista em Pediatria.\" data-balloon-pos=\"up\">M\u00e9dico Pediatra<\/span><\/td>\r\n<td class=\"cvagas\">03 + CR<\/td>\r\n<td class=\"cremuneracao\">R$ 5.916,47 \/20h<\/td>\r\n<\/tr><tr>\r\n<td class=\"ccargos\">\r\n<span data-balloon-length=\"medium\" aria-label=\"Gradua\u00e7\u00e3o em curso superior de Medicina Veterin\u00e1ria e Registro no Conselho Regional de Medicina Veterin\u00e1ria (CRMV).\" data-balloon-pos=\"up\">M\u00e9dico Veterin\u00e1rio<\/span><\/td>\r\n<td class=\"cvagas\">01 + CR<\/td>\r\n<td class=\"cremuneracao\">R$ 4.573,26 \/40h<\/td>\r\n<\/tr><tr>\r\n<td class=\"ccargos\">\r\n<span data-balloon-length=\"medium\" aria-label=\"Gradua\u00e7\u00e3o em curso superior de Nutri\u00e7\u00e3o e registro no Conselho Regional de Nutri\u00e7\u00e3o (CRN).\" data-balloon-pos=\"up\">Nutricionista<\/span><\/td>\r\n<td class=\"cvagas\">01 + CR<\/td>\r\n<td class=\"cremuneracao\">R$ 4.573,26 \/40h<\/td>\r\n<\/tr><tr>\r\n<td class=\"ccargos\">\r\n<span data-balloon-length=\"medium\" aria-label=\"Gradua\u00e7\u00e3o em curso superior de Odontologia e Registro no Conselho Regional de Odontologia (CRO).\" data-balloon-pos=\"up\">Odont\u00f3logo ESB<\/span><\/td>\r\n<td class=\"cvagas\">05 + CR<\/td>\r\n<td class=\"cremuneracao\">R$ 6.403,73 \/40h<\/td>\r\n<\/tr><tr>\r\n<td class=\"ccargos\">\r\n<span data-balloon-length=\"medium\" aria-label=\"Gradua\u00e7\u00e3o em curso superior de Educa\u00e7\u00e3o F\u00edsica e Registro no Conselho Regional de Educa\u00e7\u00e3o F\u00edsica (CREF).\" data-balloon-pos=\"up\">Profissional de Educa\u00e7\u00e3o F\u00edsica<\/span><\/td>\r\n<td class=\"cvagas\">CR<\/td>\r\n<td class=\"cremuneracao\">R$ 4.061,57 \/40h<\/td>\r\n<\/tr><tr>\r\n<td class=\"ccargos\">\r\n<span data-balloon-length=\"medium\" aria-label=\"Gradua\u00e7\u00e3o em curso superior de Psicologia e Registro no Conselho Regional de Psicologia (CRP).\" data-balloon-pos=\"up\">Psic\u00f3logo - Classe 1<\/span><\/td>\r\n<td class=\"cvagas\">01 + CR<\/td>\r\n<td class=\"cremuneracao\">R$ 3.017,50 \/20h<\/td>\r\n<\/tr><tr>\r\n<td class=\"ccargos\">\r\n<span data-balloon-length=\"medium\" aria-label=\"Gradua\u00e7\u00e3o em curso superior de Psicologia e Registro no Conselho Regional de Psicologia (CRP).\" data-balloon-pos=\"up\">Psic\u00f3logo - Classe 2<\/span><\/td>\r\n<td class=\"cvagas\">CR<\/td>\r\n<td class=\"cremuneracao\">R$ 4.573,26 \/40h<\/td>\r\n<\/tr><tr>\r\n<td class=\"ccargos\">\r\n<span data-balloon-length=\"medium\" aria-label=\"Gradua\u00e7\u00e3o em curso superior de Terapia Ocupacional e registro no Conselho Regional de Fisioterapia e Terapia Ocupacional (CREFITO).\" data-balloon-pos=\"up\">Terapeuta Ocupacional<\/span><\/td>\r\n<td class=\"cvagas\">02 + CR<\/td>\r\n<td class=\"cremuneracao\">R$ 3.017,50 \/20h<\/td>\r\n<\/tr>\r\n    <\/tbody>\r\n  <\/table>\r\n<\/div>"},"_links":{"self":[{"href":"https:\/\/www.agrobase.com.br\/concursos\/wp-json\/wp\/v2\/posts\/268202","targetHints":{"allow":["GET"]}}],"collection":[{"href":"https:\/\/www.agrobase.com.br\/concursos\/wp-json\/wp\/v2\/posts"}],"about":[{"href":"https:\/\/www.agrobase.com.br\/concursos\/wp-json\/wp\/v2\/types\/post"}],"author":[{"embeddable":true,"href":"https:\/\/www.agrobase.com.br\/concursos\/wp-json\/wp\/v2\/users\/7"}],"replies":[{"embeddable":true,"href":"https:\/\/www.agrobase.com.br\/concursos\/wp-json\/wp\/v2\/comments?post=268202"}],"version-history":[{"count":3,"href":"https:\/\/www.agrobase.com.br\/concursos\/wp-json\/wp\/v2\/posts\/268202\/revisions"}],"predecessor-version":[{"id":268207,"href":"https:\/\/www.agrobase.com.br\/concursos\/wp-json\/wp\/v2\/posts\/268202\/revisions\/268207"}],"wp:featuredmedia":[{"embeddable":true,"href":"https:\/\/www.agrobase.com.br\/concursos\/wp-json\/wp\/v2\/media\/268201"}],"wp:attachment":[{"href":"https:\/\/www.agrobase.com.br\/concursos\/wp-json\/wp\/v2\/media?parent=268202"}],"wp:term":[{"taxonomy":"category","embeddable":true,"href":"https:\/\/www.agrobase.com.br\/concursos\/wp-json\/wp\/v2\/categories?post=268202"},{"taxonomy":"post_tag","embeddable":true,"href":"https:\/\/www.agrobase.com.br\/concursos\/wp-json\/wp\/v2\/tags?post=268202"},{"taxonomy":"_amplo","embeddable":true,"href":"https:\/\/www.agrobase.com.br\/concursos\/wp-json\/wp\/v2\/_amplo?post=268202"},{"taxonomy":"destaque","embeddable":true,"href":"https:\/\/www.agrobase.com.br\/concursos\/wp-json\/wp\/v2\/destaque?post=268202"},{"taxonomy":"instituicoes","embeddable":true,"href":"https:\/\/www.agrobase.com.br\/concursos\/wp-json\/wp\/v2\/instituicoes?post=268202"}],"curies":[{"name":"wp","href":"https:\/\/api.w.org\/{rel}","templated":true}]}}