{"id":268196,"date":"2025-07-04T07:50:38","date_gmt":"2025-07-04T10:50:38","guid":{"rendered":"https:\/\/www.agrobase.com.br\/concursos\/?p=268196"},"modified":"2025-07-03T15:20:07","modified_gmt":"2025-07-03T18:20:07","slug":"seduc-rs-rs-concurso-01-2025","status":"publish","type":"post","link":"https:\/\/www.agrobase.com.br\/concursos\/2025\/seduc-rs-rs-concurso-01-2025\/","title":{"rendered":"SEDUC RS (RS) &#8211; Concurso 01\/2025"},"content":{"rendered":"<h2>Informa\u00e7\u00f5es Gerais<\/h2>\n<p>A Secretaria de Estado da Educa\u00e7\u00e3o do Rio Grande do Sul (SEDUC\/RS) publicou o edital n\u00ba 01\/2025 do seu novo Concurso P\u00fablico, organizado pelo Instituto AOCP. O certame visa o preenchimento de 6.000 vagas para o Quadro de Carreira do Magist\u00e9rio P\u00fablico Estadual, com contrata\u00e7\u00e3o sob o regime estatut\u00e1rio. As oportunidades s\u00e3o para cargos de N\u00edvel Superior e N\u00edvel M\u00e9dio (em habilita\u00e7\u00f5es espec\u00edficas para Educa\u00e7\u00e3o Ind\u00edgena).<\/p>\n<p>As vagas abrangem diversas \u00e1reas do conhecimento, como Letras, Matem\u00e1tica, Ci\u00eancias Humanas, Educa\u00e7\u00e3o F\u00edsica e Educa\u00e7\u00e3o Especial. O certame oferece oportunidades em diversas \u00e1reas, com destaque para o cargo de <strong>Professor de Biologia<\/strong>, al\u00e9m de vagas em Ci\u00eancias da Natureza. Este concurso representa uma excelente oportunidade para profissionais da educa\u00e7\u00e3o que desejam ingressar no servi\u00e7o p\u00fablico estadual.<\/p>\n<h2>Inscri\u00e7\u00f5es<\/h2>\n<p>As inscri\u00e7\u00f5es para o concurso da SEDUC\/RS estar\u00e3o abertas no per\u00edodo de <strong>2 de julho de 2025 a 4 de agosto de 2025<\/strong>. O procedimento deve ser realizado exclusivamente pela internet, atrav\u00e9s do site da banca organizadora, o Instituto AOCP. A taxa de inscri\u00e7\u00e3o foi fixada no valor de R$ 110,00 para todos os cargos.<\/p>\n<p>O pagamento da taxa deve ser efetuado por meio de boleto banc\u00e1rio, que pode ser gerado no portal da organizadora. A quita\u00e7\u00e3o \u00e9 permitida at\u00e9 o primeiro dia \u00fatil subsequente ao t\u00e9rmino do per\u00edodo de inscri\u00e7\u00f5es. A confirma\u00e7\u00e3o do pagamento pela institui\u00e7\u00e3o banc\u00e1ria pode levar at\u00e9 cinco dias \u00fateis, e o candidato deve acompanhar o status da sua inscri\u00e7\u00e3o na \u00e1rea restrita do site.<\/p>\n<p>O edital prev\u00ea a possibilidade de solicitar a isen\u00e7\u00e3o da taxa de inscri\u00e7\u00e3o. Os candidatos interessados devem consultar o documento oficial para verificar os crit\u00e9rios, procedimentos e prazos para o pedido. \u00c9 fundamental que o candidato leia atentamente o edital completo antes de realizar sua inscri\u00e7\u00e3o para garantir o cumprimento de todos os requisitos.<\/p>\n<h2>Etapas e Provas<\/h2>\n<p>O processo seletivo para o Concurso da SEDUC\/RS ser\u00e1 estruturado em tr\u00eas fases principais, com car\u00e1ter eliminat\u00f3rio e\/ou classificat\u00f3rio, aplicadas a todos os cargos. As provas objetiva e de reda\u00e7\u00e3o est\u00e3o previstas para ocorrer no mesmo dia, em <strong>28 de setembro de 2025<\/strong>, com dura\u00e7\u00e3o total de 4 horas.<\/p>\n<ul>\n<li><strong>Prova Objetiva:<\/strong> De car\u00e1ter eliminat\u00f3rio e classificat\u00f3rio, ser\u00e1 composta por 60 quest\u00f5es de m\u00faltipla escolha. As disciplinas variam conforme o cargo, mas geralmente abrangem <em>L\u00edngua Portuguesa<\/em>, <em>Conhecimentos Pedag\u00f3gicos<\/em>, <em>Legisla\u00e7\u00e3o da Educa\u00e7\u00e3o<\/em> e <em>Conhecimentos Espec\u00edficos<\/em> da \u00e1rea de habilita\u00e7\u00e3o. Para ser aprovado, o candidato dever\u00e1 obter no m\u00ednimo 50% de acerto em cada \u00e1rea de conhecimento e 60% do total de pontos da prova.<\/li>\n<li><strong>Prova de Reda\u00e7\u00e3o:<\/strong> De car\u00e1ter eliminat\u00f3rio e classificat\u00f3rio, consistir\u00e1 na elabora\u00e7\u00e3o de um texto dissertativo-argumentativo de 15 a 30 linhas. A avalia\u00e7\u00e3o valer\u00e1 100 pontos, sendo necess\u00e1rio obter no m\u00ednimo 50 pontos para n\u00e3o ser eliminado. Apenas as reda\u00e7\u00f5es dos candidatos aprovados na prova objetiva e classificados em at\u00e9 tr\u00eas vezes o n\u00famero de vagas ser\u00e3o corrigidas.<\/li>\n<li><strong>Prova de T\u00edtulos:<\/strong> De car\u00e1ter exclusivamente classificat\u00f3rio, esta etapa \u00e9 destinada aos candidatos aprovados nas fases anteriores. Os convocados dever\u00e3o enviar, de forma online, documentos que comprovem sua forma\u00e7\u00e3o acad\u00eamica e experi\u00eancia profissional, como diplomas de especializa\u00e7\u00e3o, mestrado, doutorado, publica\u00e7\u00f5es e tempo de servi\u00e7o no magist\u00e9rio. A pontua\u00e7\u00e3o m\u00e1xima nesta fase \u00e9 de 100 pontos.<\/li>\n<\/ul>\n<p>Para informa\u00e7\u00f5es detalhadas sobre o conte\u00fado program\u00e1tico, os crit\u00e9rios de avalia\u00e7\u00e3o de cada etapa e o cronograma completo, \u00e9 indispens\u00e1vel a leitura do edital.<\/p>\n<h2>Resultados e Gabarito<\/h2>\n<p>O caderno de quest\u00f5es da prova objetiva ser\u00e1 disponibilizado um dia ap\u00f3s a aplica\u00e7\u00e3o, e a publica\u00e7\u00e3o do gabarito oficial preliminar est\u00e1 prevista para <strong>30 de setembro de 2025<\/strong>. Os documentos ser\u00e3o divulgados no site do Instituto AOCP e no Di\u00e1rio Oficial do Estado.<\/p>\n<p>O resultado preliminar do concurso, com a classifica\u00e7\u00e3o dos candidatos, tem data prov\u00e1vel de divulga\u00e7\u00e3o em <strong>13 de mar\u00e7o de 2026<\/strong>. A nota final ser\u00e1 calculada por uma m\u00e9dia ponderada, atribuindo peso 10 para a Prova Objetiva, peso 3 para a Prova de Reda\u00e7\u00e3o e peso 1 para a Prova de T\u00edtulos. Os crit\u00e9rios de desempate, caso necess\u00e1rios, seguir\u00e3o a ordem estabelecida no edital, priorizando, entre outros, o candidato com maior idade (acima de 60 anos) e a maior pontua\u00e7\u00e3o em L\u00edngua Portuguesa.<\/p>\n<p>A homologa\u00e7\u00e3o do resultado final do concurso est\u00e1 prevista para <strong>27 de mar\u00e7o de 2026<\/strong>. A partir dessa data, o certame passa a ter validade. A convoca\u00e7\u00e3o dos aprovados ser\u00e1 publicada no Di\u00e1rio Oficial do Estado e informada por e-mail, seguindo rigorosamente a ordem de classifica\u00e7\u00e3o por regi\u00e3o e habilita\u00e7\u00e3o.<\/p>\n<p>\u00c9 de responsabilidade exclusiva do candidato acompanhar todas as publica\u00e7\u00f5es oficiais, incluindo resultados, convoca\u00e7\u00f5es e outros comunicados, no site da banca organizadora, www.institutoaocp.org.br, e no Di\u00e1rio Oficial do Estado.<\/p>\n","protected":false},"excerpt":{"rendered":"<p>Concurso SEDUC RS com edital publicado! Vagas p\/ Professores de Portugu\u00eas, Matem\u00e1tica (Superior). Inscri\u00e7\u00f5es a partir de 02\/07. Confira detalhes!<\/p>\n","protected":false},"author":7,"featured_media":268195,"comment_status":"open","ping_status":"open","sticky":false,"template":"","format":"standard","meta":{"_acf_changed":false,"_breakdance_hide_in_design_set":false,"_breakdance_tags":"","footnotes":""},"categories":[6433,126,121,141,6434,151,112,6436,111,100,20,6872,6871,116,119,25,6435,118],"tags":[58],"_amplo":[],"destaque":[],"instituicoes":[],"class_list":["post-268196","post","type-post","status-publish","format-standard","has-post-thumbnail","hentry","category-biologia-licenciatura","category-ciencia-computacao","category-ciencias-sociais","category-educacao-artistica","category-educacao-fisica-licenciatura","category-engenharia-computacao","category-filosofia","category-fisica-licenciatura","category-geografia","category-historia","category-letras","category-letras-espanhol","category-letras-ingles","category-matematica","category-musica","category-pedagogia","category-quimica-licenciatura","category-sociologia","tag-rio-grande-sul"],"acf":{"_tipo_vagas":"vagas","_numero_vagas":"","_quadro_vagas":"","_cargos":"diversos","_cargos_especificos":"","_salario_max":"R$ 0","_abertura":"20250702","_encerramento":"20250804","_inscricoes":"https:\/\/www.institutoaocp.org.br","_executora_concurso":"","_instituicao_concurso":[],"_link_adicional":null,"_anexos":null,"_produtos":null,"_vagas":"6000 vagas","_salario_min":"R$ 0","_instituicao":"SEDUC RS","_edital":"https:\/\/www.agrobase.com.br\/concursos\/wp-content\/uploads\/sites\/4\/2025\/07\/edital-01-2025-da-seduc-rs.pdf","_anexos_edital":"https:\/\/www.agrobase.com.br\/concursos\/wp-content\/uploads\/sites\/4\/2025\/07\/anexos-edital-01-2025-da-seduc-rs.pdf","_fund_incompleto":"","_fund_completo":"","_medio":"","_superior":"<div>\r\n<table class=\"quadro\">\r\n<thead>\r\n<tr>\r\n<th class=\"hcargo\">Cargo<\/th>\r\n<th class=\"hvagas\">Vagas<\/th>\r\n<th class=\"hremuneracao\">Remunera\u00e7\u00e3o<\/th>\r\n<\/tr>\r\n<\/thead>\r\n    <tbody>\r\n      <tr>\r\n<td class=\"ccargos\">\r\n<span data-balloon-length=\"medium\" aria-label=\"Licenciatura Plena \u2013 Letras \/ Portugu\u00eas e Literatura da L\u00edngua Portuguesa. Requisitos: Diploma de Curso Superior em Licenciatura Plena conforme a referida habilita\u00e7\u00e3o exigida. Conforme diretrizes estabelecidas pela Resolu\u00e7\u00e3o CNE\/CP N\u00b0 4\/2024 e Parecer Orientativo CNE\/CP N\u00b0 5\/2025, ser\u00e1 aceito bacharelado ou tecn\u00f3logo relacionados \u00e0 habilita\u00e7\u00e3o pretendida acrescido de curso de forma\u00e7\u00e3o pedag\u00f3gica para graduados n\u00e3o licenciados.\" data-balloon-pos=\"up\">PROFESSOR - LETRAS\/PORTUGU\u00caS<\/span><\/td>\r\n<td class=\"cvagas\">1178<\/td>\r\n<td class=\"cremuneracao\">R$ 0,00<\/td>\r\n<\/tr><tr>\r\n<td class=\"ccargos\">\r\n<span data-balloon-length=\"medium\" aria-label=\"Licenciatura Plena \u2013 Letras\/ Ingl\u00eas e Literatura da L\u00edngua Inglesa. Requisitos: Diploma de Curso Superior em Licenciatura Plena conforme a referida habilita\u00e7\u00e3o exigida. Conforme diretrizes estabelecidas pela Resolu\u00e7\u00e3o CNE\/CP N\u00b0 4\/2024 e Parecer Orientativo CNE\/CP N\u00b0 5\/2025, ser\u00e1 aceito bacharelado ou tecn\u00f3logo relacionados \u00e0 habilita\u00e7\u00e3o pretendida acrescido de curso de forma\u00e7\u00e3o pedag\u00f3gica para graduados n\u00e3o licenciados.\" data-balloon-pos=\"up\">PROFESSOR - LETRAS\/INGL\u00caS<\/span><\/td>\r\n<td class=\"cvagas\">319<\/td>\r\n<td class=\"cremuneracao\">R$ 0,00<\/td>\r\n<\/tr><tr>\r\n<td class=\"ccargos\">\r\n<span data-balloon-length=\"medium\" aria-label=\"Licenciatura Plena \u2013 Letras\/ Espanhol e Literatura da L\u00edngua Espanhola. Requisitos: Diploma de Curso Superior em Licenciatura Plena conforme a referida habilita\u00e7\u00e3o exigida. Conforme diretrizes estabelecidas pela Resolu\u00e7\u00e3o CNE\/CP N\u00b0 4\/2024 e Parecer Orientativo CNE\/CP N\u00b0 5\/2025, ser\u00e1 aceito bacharelado ou tecn\u00f3logo relacionados \u00e0 habilita\u00e7\u00e3o pretendida acrescido de curso de forma\u00e7\u00e3o pedag\u00f3gica para graduados n\u00e3o licenciados.\" data-balloon-pos=\"up\">PROFESSOR - LETRAS\/ESPANHOL<\/span><\/td>\r\n<td class=\"cvagas\">230<\/td>\r\n<td class=\"cremuneracao\">R$ 0,00<\/td>\r\n<\/tr><tr>\r\n<td class=\"ccargos\">\r\n<span data-balloon-length=\"medium\" aria-label=\"Licenciatura Plena \u2013 Artes ou em Artes Visuais ou em Educa\u00e7\u00e3o Art\u00edstica ou Licenciatura em Dan\u00e7a ou Licenciatura em M\u00fasica ou Licenciatura em Teatro ou Licenciatura em Artes C\u00eanicas ou \u00e1reas relacionadas. Requisitos: Diploma de Curso Superior em Licenciatura Plena conforme a referida habilita\u00e7\u00e3o exigida. Conforme diretrizes estabelecidas pela Resolu\u00e7\u00e3o CNE\/CP N\u00b0 4\/2024 e Parecer Orientativo CNE\/CP N\u00b0 5\/2025, ser\u00e1 aceito bacharelado ou tecn\u00f3logo relacionados \u00e0 habilita\u00e7\u00e3o pretendida acrescido de curso de forma\u00e7\u00e3o pedag\u00f3gica para graduados n\u00e3o licenciados.\" data-balloon-pos=\"up\">PROFESSOR - ARTES<\/span><\/td>\r\n<td class=\"cvagas\">245<\/td>\r\n<td class=\"cremuneracao\">R$ 0,00<\/td>\r\n<\/tr><tr>\r\n<td class=\"ccargos\">\r\n<span data-balloon-length=\"medium\" aria-label=\"Licenciatura Plena \u2013 Educa\u00e7\u00e3o F\u00edsica. Requisitos: Diploma de Curso Superior em Licenciatura Plena conforme a referida habilita\u00e7\u00e3o exigida e Registro profissional ativo no Conselho Regional de Educa\u00e7\u00e3o F\u00edsica - CREF2\/RS. Conforme diretrizes estabelecidas pela Resolu\u00e7\u00e3o CNE\/CP N\u00b0 4\/2024 e Parecer Orientativo CNE\/CP N\u00b0 5\/2025, ser\u00e1 aceito bacharelado ou tecn\u00f3logo relacionados \u00e0 habilita\u00e7\u00e3o pretendida acrescido de curso de forma\u00e7\u00e3o pedag\u00f3gica para graduados n\u00e3o licenciados.\" data-balloon-pos=\"up\">PROFESSOR - EDUCA\u00c7\u00c3O F\u00cdSICA<\/span><\/td>\r\n<td class=\"cvagas\">602<\/td>\r\n<td class=\"cremuneracao\">R$ 0,00<\/td>\r\n<\/tr><tr>\r\n<td class=\"ccargos\">\r\n<span data-balloon-length=\"medium\" aria-label=\"Licenciatura Plena em Matem\u00e1tica ou Licenciatura Plena em Ci\u00eancias\/Matem\u00e1tica ou Licenciatura Plena em Ci\u00eancias Exatas. Requisitos: Diploma de Curso Superior em Licenciatura Plena conforme a referida habilita\u00e7\u00e3o exigida. Conforme diretrizes estabelecidas pela Resolu\u00e7\u00e3o CNE\/CP N\u00b0 4\/2024 e Parecer Orientativo CNE\/CP N\u00b0 5\/2025, ser\u00e1 aceito bacharelado ou tecn\u00f3logo relacionados \u00e0 habilita\u00e7\u00e3o pretendida acrescido de curso de forma\u00e7\u00e3o pedag\u00f3gica para graduados n\u00e3o licenciados.\" data-balloon-pos=\"up\">PROFESSOR - MATEM\u00c1TICA<\/span><\/td>\r\n<td class=\"cvagas\">917<\/td>\r\n<td class=\"cremuneracao\">R$ 0,00<\/td>\r\n<\/tr><tr>\r\n<td class=\"ccargos\">\r\n<span data-balloon-length=\"medium\" aria-label=\"Licenciatura Plena em Biologia, ou Licenciatura Plena em Ci\u00eancias Biol\u00f3gicas, ou Licenciatura Plena em Ci\u00eancias\/Biologia ou Licenciatura Plena em Hist\u00f3ria Natural, ou Licenciatura Plena em Ci\u00eancias da Natureza. Requisitos: Diploma de Curso Superior em Licenciatura Plena conforme a referida habilita\u00e7\u00e3o exigida. Conforme diretrizes estabelecidas pela Resolu\u00e7\u00e3o CNE\/CP N\u00b0 4\/2024 e Parecer Orientativo CNE\/CP N\u00b0 5\/2025, ser\u00e1 aceito bacharelado ou tecn\u00f3logo relacionados \u00e0 habilita\u00e7\u00e3o pretendida acrescido de curso de forma\u00e7\u00e3o pedag\u00f3gica para graduados n\u00e3o licenciados.\" data-balloon-pos=\"up\">PROFESSOR - BIOLOGIA<\/span><\/td>\r\n<td class=\"cvagas\">439<\/td>\r\n<td class=\"cremuneracao\">R$ 0,00<\/td>\r\n<\/tr><tr>\r\n<td class=\"ccargos\">\r\n<span data-balloon-length=\"medium\" aria-label=\"Licenciatura Plena em F\u00edsica, ou Licenciatura Plena em Ci\u00eancias\/F\u00edsica, ou Licenciatura Plena Ci\u00eancias da Natureza. Requisitos: Diploma de Curso Superior em Licenciatura Plena conforme a referida habilita\u00e7\u00e3o exigida. Conforme diretrizes estabelecidas pela Resolu\u00e7\u00e3o CNE\/CP N\u00b0 4\/2024 e Parecer Orientativo CNE\/CP N\u00b0 5\/2025, ser\u00e1 aceito bacharelado ou tecn\u00f3logo relacionados \u00e0 habilita\u00e7\u00e3o pretendida acrescido de curso de forma\u00e7\u00e3o pedag\u00f3gica para graduados n\u00e3o licenciados.\" data-balloon-pos=\"up\">PROFESSOR - F\u00cdSICA<\/span><\/td>\r\n<td class=\"cvagas\">218<\/td>\r\n<td class=\"cremuneracao\">R$ 0,00<\/td>\r\n<\/tr><tr>\r\n<td class=\"ccargos\">\r\n<span data-balloon-length=\"medium\" aria-label=\"Licenciatura Plena em Qu\u00edmica ou Licenciatura Plena em Ci\u00eancias\/Qu\u00edmica ou Licenciatura Plena Ci\u00eancias da Natureza. Requisitos: Diploma de Curso Superior em Licenciatura Plena conforme a referida habilita\u00e7\u00e3o exigida. Conforme diretrizes estabelecidas pela Resolu\u00e7\u00e3o CNE\/CP N\u00b0 4\/2024 e Parecer Orientativo CNE\/CP N\u00b0 5\/2025, ser\u00e1 aceito bacharelado ou tecn\u00f3logo relacionados \u00e0 habilita\u00e7\u00e3o pretendida acrescido de curso de forma\u00e7\u00e3o pedag\u00f3gica para graduados n\u00e3o licenciados.\" data-balloon-pos=\"up\">PROFESSOR - QU\u00cdMICA<\/span><\/td>\r\n<td class=\"cvagas\">257<\/td>\r\n<td class=\"cremuneracao\">R$ 0,00<\/td>\r\n<\/tr><tr>\r\n<td class=\"ccargos\">\r\n<span data-balloon-length=\"medium\" aria-label=\"Licenciatura Plena em Geografia ou Licenciatura Plena em Ci\u00eancias Sociais com habilita\u00e7\u00e3o em Geografia. Requisitos: Diploma de Curso Superior em Licenciatura Plena conforme a referida habilita\u00e7\u00e3o exigida. Conforme diretrizes estabelecidas pela Resolu\u00e7\u00e3o CNE\/CP N\u00b0 4\/2024 e Parecer Orientativo CNE\/CP N\u00b0 5\/2025, ser\u00e1 aceito bacharelado ou tecn\u00f3logo relacionados \u00e0 habilita\u00e7\u00e3o pretendida acrescido de curso de forma\u00e7\u00e3o pedag\u00f3gica para graduados n\u00e3o licenciados.\" data-balloon-pos=\"up\">PROFESSOR - GEOGRAFIA<\/span><\/td>\r\n<td class=\"cvagas\">433<\/td>\r\n<td class=\"cremuneracao\">R$ 0,00<\/td>\r\n<\/tr><tr>\r\n<td class=\"ccargos\">\r\n<span data-balloon-length=\"medium\" aria-label=\"Licenciatura Plena em Hist\u00f3ria ou Licenciatura Plena em Ci\u00eancias Sociais com habilita\u00e7\u00e3o em Hist\u00f3ria. Requisitos: Diploma de Curso Superior em Licenciatura Plena conforme a referida habilita\u00e7\u00e3o exigida. Conforme diretrizes estabelecidas pela Resolu\u00e7\u00e3o CNE\/CP N\u00b0 4\/2024 e Parecer Orientativo CNE\/CP N\u00b0 5\/2025, ser\u00e1 aceito bacharelado ou tecn\u00f3logo relacionados \u00e0 habilita\u00e7\u00e3o pretendida acrescido de curso de forma\u00e7\u00e3o pedag\u00f3gica para graduados n\u00e3o licenciados.\" data-balloon-pos=\"up\">PROFESSOR - HIST\u00d3RIA<\/span><\/td>\r\n<td class=\"cvagas\">562<\/td>\r\n<td class=\"cremuneracao\">R$ 0,00<\/td>\r\n<\/tr><tr>\r\n<td class=\"ccargos\">\r\n<span data-balloon-length=\"medium\" aria-label=\"Licenciatura Plena em Sociologia ou Licenciatura Plena em Ci\u00eancias Sociais. Requisitos: Diploma de Curso Superior em Licenciatura Plena conforme a referida habilita\u00e7\u00e3o exigida. Conforme diretrizes estabelecidas pela Resolu\u00e7\u00e3o CNE\/CP N\u00b0 4\/2024 e Parecer Orientativo CNE\/CP N\u00b0 5\/2025, ser\u00e1 aceito bacharelado ou tecn\u00f3logo relacionados \u00e0 habilita\u00e7\u00e3o pretendida acrescido de curso de forma\u00e7\u00e3o pedag\u00f3gica para graduados n\u00e3o licenciados.\" data-balloon-pos=\"up\">PROFESSOR - SOCIOLOGIA<\/span><\/td>\r\n<td class=\"cvagas\">122<\/td>\r\n<td class=\"cremuneracao\">R$ 0,00<\/td>\r\n<\/tr><tr>\r\n<td class=\"ccargos\">\r\n<span data-balloon-length=\"medium\" aria-label=\"Licenciatura Plena em Filosofia. Requisitos: Diploma de Curso Superior em Licenciatura Plena conforme a referida habilita\u00e7\u00e3o exigida. Conforme diretrizes estabelecidas pela Resolu\u00e7\u00e3o CNE\/CP N\u00b0 4\/2024 e Parecer Orientativo CNE\/CP N\u00b0 5\/2025, ser\u00e1 aceito bacharelado ou tecn\u00f3logo relacionados \u00e0 habilita\u00e7\u00e3o pretendida acrescido de curso de forma\u00e7\u00e3o pedag\u00f3gica para graduados n\u00e3o licenciados.\" data-balloon-pos=\"up\">PROFESSOR - FILOSOFIA<\/span><\/td>\r\n<td class=\"cvagas\">138<\/td>\r\n<td class=\"cremuneracao\">R$ 0,00<\/td>\r\n<\/tr><tr>\r\n<td class=\"ccargos\">\r\n<span data-balloon-length=\"medium\" aria-label=\"Licenciatura Plena em Ensino Religioso ou Ci\u00eancia da Religi\u00e3o ou Licenciatura em qualquer \u00e1rea do conhecimento mais complementa\u00e7\u00e3o em cursos de aperfei\u00e7oamento em Ensino Religioso de 400 horas (Resolu\u00e7\u00e3o CEEd n\u00b0 256\/2000). Requisitos: Diploma de Curso Superior em Licenciatura Plena conforme a referida habilita\u00e7\u00e3o exigida, e certificado de curso de aperfei\u00e7oamento, quando for o caso. Conforme diretrizes estabelecidas pela Resolu\u00e7\u00e3o CNE\/CP N\u00b0 4\/2024 e Parecer Orientativo CNE\/CP N\u00b0 5\/2025, ser\u00e1 aceito bacharelado ou tecn\u00f3logo relacionados \u00e0 habilita\u00e7\u00e3o pretendida acrescido de curso de forma\u00e7\u00e3o pedag\u00f3gica para graduados n\u00e3o licenciados.\" data-balloon-pos=\"up\">PROFESSOR - ENSINO RELIGIOSO<\/span><\/td>\r\n<td class=\"cvagas\">30<\/td>\r\n<td class=\"cremuneracao\">R$ 0,00<\/td>\r\n<\/tr><tr>\r\n<td class=\"ccargos\">\r\n<span data-balloon-length=\"medium\" aria-label=\"Licenciatura Plena em Educa\u00e7\u00e3o Especial ou Licenciatura Plena em Pedagogia com habilita\u00e7\u00e3o em Educa\u00e7\u00e3o Especial ou Licenciatura Plena em qualquer \u00e1rea do conhecimento com p\u00f3s-gradua\u00e7\u00e3o em Educa\u00e7\u00e3o Especial e suas \u00eanfases. Requisitos: Diploma de Curso Superior em Licenciatura Plena conforme a referida habilita\u00e7\u00e3o exigida, e p\u00f3s-gradua\u00e7\u00e3o de no m\u00ednimo 360 horas, quando for o caso.\" data-balloon-pos=\"up\">PROFESSOR - EDUCA\u00c7\u00c3O ESPECIAL<\/span><\/td>\r\n<td class=\"cvagas\">213<\/td>\r\n<td class=\"cremuneracao\">R$ 0,00<\/td>\r\n<\/tr><tr>\r\n<td class=\"ccargos\">\r\n<span data-balloon-length=\"medium\" aria-label=\"a) Diploma de Curso Normal Ind\u00edgena Kaingang (N\u00edvel M\u00e9dio); ou b) Diploma de Curso Normal (Magist\u00e9rio) de N\u00edvel M\u00e9dio; ou c) Diploma de Curso Superior em Pedagogia ou Licenciatura intercultural com \u00eanfase em anos iniciais; ou d) Licenciatura Intercultural Ind\u00edgena com habilita\u00e7\u00e3o para a Licenciatura da Inf\u00e2ncia; e e) Declara\u00e7\u00e3o que comprove o pertencimento \u00e0 comunidade ind\u00edgena.\" data-balloon-pos=\"up\">PROFESSOR - ANOS INICIAIS DO ENSINO FUNDAMENTAL \u2013 L\u00cdNGUA KAINGANG<\/span><\/td>\r\n<td class=\"cvagas\">15<\/td>\r\n<td class=\"cremuneracao\">R$ 0,00<\/td>\r\n<\/tr><tr>\r\n<td class=\"ccargos\">\r\n<span data-balloon-length=\"medium\" aria-label=\"a) Diploma de Curso Normal Ind\u00edgena Guarani (N\u00edvel M\u00e9dio); ou b) Diploma de Curso Normal (Magist\u00e9rio) de N\u00edvel M\u00e9dio; ou c) Diploma de Curso Superior em Pedagogia; ou d) Licenciatura Intercultural Ind\u00edgena com habilita\u00e7\u00e3o para a Licenciatura da Inf\u00e2ncia; e e) Declara\u00e7\u00e3o que comprove o pertencimento \u00e0 comunidade ind\u00edgena.\" data-balloon-pos=\"up\">PROFESSOR - ANOS INICIAIS DO ENSINO FUNDAMENTAL \u2013 L\u00cdNGUA GUARANI<\/span><\/td>\r\n<td class=\"cvagas\">09<\/td>\r\n<td class=\"cremuneracao\">R$ 0,00<\/td>\r\n<\/tr><tr>\r\n<td class=\"ccargos\">\r\n<span data-balloon-length=\"medium\" aria-label=\"a) Diploma de Curso Superior Licenciatura Plena - Letras; e\/ou Licenciatura Intercultural Ind\u00edgena com habilita\u00e7\u00e3o para Licenciatura das Linguagens - \u00canfase L\u00ednguas Ind\u00edgenas; e\/ou Mestrado ou Doutorado na \u00e1rea de conhecimento; b) declara\u00e7\u00e3o de pertencimento \u00e0 comunidade ind\u00edgena. Conforme diretrizes estabelecidas pela Resolu\u00e7\u00e3o CNE\/CP N\u00b0 4\/2024 e Parecer Orientativo CNE\/CP N\u00b0 5\/2025, ser\u00e1 aceito bacharelado ou tecn\u00f3logo relacionados \u00e0 habilita\u00e7\u00e3o pretendida acrescido de curso de forma\u00e7\u00e3o pedag\u00f3gica para graduados n\u00e3o licenciados.\" data-balloon-pos=\"up\">PROFESSOR \u2013 ANOS FINAIS E ENSINO M\u00c9DIO \u2013 L\u00cdNGUA KAINGANG - LETRAS<\/span><\/td>\r\n<td class=\"cvagas\">03<\/td>\r\n<td class=\"cremuneracao\">R$ 0,00<\/td>\r\n<\/tr><tr>\r\n<td class=\"ccargos\">\r\n<span data-balloon-length=\"medium\" aria-label=\"a) Diploma de Curso Superior Licenciatura Plena na \u00e1rea das Ci\u00eancias da Natureza e\/ou Licenciatura Interdisciplinar em Ci\u00eancias da Natureza e\/ou Licenciatura Intercultural Ind\u00edgena com habilita\u00e7\u00e3o para Licenciatura do Conhecimento Ambiental - \u00canfase Gest\u00e3o Ambiental e\/ou Mestrado ou Doutorado na \u00e1rea de conhecimento das Ci\u00eancias da Natureza; b) declara\u00e7\u00e3o de pertencimento \u00e0 comunidade ind\u00edgena. Conforme diretrizes estabelecidas pela Resolu\u00e7\u00e3o CNE\/CP N\u00b0 4\/2024 e Parecer Orientativo CNE\/CP N\u00b0 5\/2025, ser\u00e1 aceito bacharelado ou tecn\u00f3logo relacionados \u00e0 habilita\u00e7\u00e3o pretendida acrescido de curso de forma\u00e7\u00e3o pedag\u00f3gica para graduados n\u00e3o licenciados.\" data-balloon-pos=\"up\">PROFESSOR \u2013 EDUCA\u00c7\u00c3O IND\u00cdGENA \u2013 CI\u00caNCIAS DA NATUREZA<\/span><\/td>\r\n<td class=\"cvagas\">01<\/td>\r\n<td class=\"cremuneracao\">R$ 0,00<\/td>\r\n<\/tr><tr>\r\n<td class=\"ccargos\">\r\n<span data-balloon-length=\"medium\" aria-label=\"a) Diploma de Curso Superior em Licenciatura Plena conforme a referida habilita\u00e7\u00e3o exigida e Registro profissional ativo no Conselho Regional de Educa\u00e7\u00e3o F\u00edsica CREF2\/RS; b) declara\u00e7\u00e3o de pertencimento \u00e0 comunidade ind\u00edgena. Conforme diretrizes estabelecidas pela Resolu\u00e7\u00e3o CNE\/CP N\u00b0 4\/2024 e Parecer Orientativo CNE\/CP N\u00b0 5\/2025, ser\u00e1 aceito bacharelado ou tecn\u00f3logo relacionados \u00e0 habilita\u00e7\u00e3o pretendida acrescido de curso de forma\u00e7\u00e3o pedag\u00f3gica para graduados n\u00e3o licenciados.\" data-balloon-pos=\"up\">PROFESSOR \u2013 EDUCA\u00c7\u00c3O IND\u00cdGENA \u2013 EDUCA\u00c7\u00c3O F\u00cdSICA<\/span><\/td>\r\n<td class=\"cvagas\">02<\/td>\r\n<td class=\"cremuneracao\">R$ 0,00<\/td>\r\n<\/tr><tr>\r\n<td class=\"ccargos\">\r\n<span data-balloon-length=\"medium\" aria-label=\"a) Diploma de Curso Superior Licenciatura Plena em Geografia e\/ou Licenciatura Interdisciplinar com habilita\u00e7\u00e3o para Geografia e\/ou Mestrado ou Doutorado na \u00e1rea de conhecimento; b) declara\u00e7\u00e3o de pertencimento \u00e0 comunidade ind\u00edgena. Conforme diretrizes estabelecidas pela Resolu\u00e7\u00e3o CNE\/CP N\u00b0 4\/2024 e Parecer Orientativo CNE\/CP N\u00b0 5\/2025, ser\u00e1 aceito bacharelado ou tecn\u00f3logo relacionados \u00e0 habilita\u00e7\u00e3o pretendida acrescido de curso de forma\u00e7\u00e3o pedag\u00f3gica para graduados n\u00e3o licenciados.\" data-balloon-pos=\"up\">PROFESSOR \u2013 EDUCA\u00c7\u00c3O IND\u00cdGENA \u2013 GEOGRAFIA<\/span><\/td>\r\n<td class=\"cvagas\">01<\/td>\r\n<td class=\"cremuneracao\">R$ 0,00<\/td>\r\n<\/tr><tr>\r\n<td class=\"ccargos\">\r\n<span data-balloon-length=\"medium\" aria-label=\"a) Diploma de Curso Superior Licenciatura Plena em Matem\u00e1tica e\/ou Licenciatura Interdisciplinar em Ci\u00eancias da Natureza com habilita\u00e7\u00e3o para Matem\u00e1tica e\/ou Mestrado ou Doutorado na \u00e1rea de conhecimento da Matem\u00e1tica - Kaingang; b) declara\u00e7\u00e3o de pertencimento \u00e0 comunidade ind\u00edgena. Conforme diretrizes estabelecidas pela Resolu\u00e7\u00e3o CNE\/CP N\u00b0 4\/2024 e Parecer Orientativo CNE\/CP N\u00b0 5\/2025, ser\u00e1 aceito bacharelado ou tecn\u00f3logo relacionados \u00e0 habilita\u00e7\u00e3o pretendida acrescido de curso de forma\u00e7\u00e3o pedag\u00f3gica para graduados n\u00e3o licenciados.\" data-balloon-pos=\"up\">PROFESSOR \u2013 EDUCA\u00c7\u00c3O IND\u00cdGENA \u2013 MATEM\u00c1TICA<\/span><\/td>\r\n<td class=\"cvagas\">02<\/td>\r\n<td class=\"cremuneracao\">R$ 0,00<\/td>\r\n<\/tr><tr>\r\n<td class=\"ccargos\">\r\n<span data-balloon-length=\"medium\" aria-label=\"Bacharel em Administra\u00e7\u00e3o com Forma\u00e7\u00e3o pedag\u00f3gica: Administra\u00e7\u00e3o. Requisitos: Diploma de Curso Superior de bacharelado, conforme a referida habilita\u00e7\u00e3o exigida, com forma\u00e7\u00e3o pedag\u00f3gica ou p\u00f3s-gradua\u00e7\u00e3o na \u00e1rea pedag\u00f3gica. Conforme diretrizes estabelecidas pela Resolu\u00e7\u00e3o CNE\/CP N\u00b0 4\/2024 e Parecer Orientativo CNE\/CP N\u00b0 5\/2025, ser\u00e1 aceito bacharelado ou tecn\u00f3logo relacionados \u00e0 habilita\u00e7\u00e3o pretendida acrescido de curso de forma\u00e7\u00e3o pedag\u00f3gica para graduados n\u00e3o licenciados.\" data-balloon-pos=\"up\">PROFESSOR - ADMINISTRA\u00c7\u00c3O<\/span><\/td>\r\n<td class=\"cvagas\">33<\/td>\r\n<td class=\"cremuneracao\">R$ 0,00<\/td>\r\n<\/tr><tr>\r\n<td class=\"ccargos\">\r\n<span data-balloon-length=\"medium\" aria-label=\"Bacharel em Inform\u00e1tica; ou em Ci\u00eancias da computa\u00e7\u00e3o; ou em Engenharia da Computa\u00e7\u00e3o; ou em Processamento de dados; ou em Sistemas de Informa\u00e7\u00e3o; ou em Tecnologia em processamento de dados, com forma\u00e7\u00e3o pedag\u00f3gica: em Inform\u00e1tica; ou em Ci\u00eancias da computa\u00e7\u00e3o; ou em Engenharia da Computa\u00e7\u00e3o; ou em Processamento de dados; ou em Sistemas de Informa\u00e7\u00e3o; ou em Tecnologia em processamento de dados. Requisitos: Diploma de Curso Superior de bacharelado, conforme a referida habilita\u00e7\u00e3o exigida, com forma\u00e7\u00e3o pedag\u00f3gica ou p\u00f3s-gradua\u00e7\u00e3o na \u00e1rea pedag\u00f3gica. Conforme diretrizes estabelecidas pela Resolu\u00e7\u00e3o CNE\/CP N\u00b0 4\/2024 e Parecer Orientativo CNE\/CP N\u00b0 5\/2025, ser\u00e1 aceito bacharelado ou tecn\u00f3logo relacionados \u00e0 habilita\u00e7\u00e3o pretendida acrescido de curso de forma\u00e7\u00e3o pedag\u00f3gica para graduados n\u00e3o licenciados.\" data-balloon-pos=\"up\">PROFESSOR - INFORM\u00c1TICA<\/span><\/td>\r\n<td class=\"cvagas\">31<\/td>\r\n<td class=\"cremuneracao\">R$ 0,00<\/td>\r\n<\/tr>\r\n    <\/tbody>\r\n  <\/table>\r\n<\/div>"},"_links":{"self":[{"href":"https:\/\/www.agrobase.com.br\/concursos\/wp-json\/wp\/v2\/posts\/268196","targetHints":{"allow":["GET"]}}],"collection":[{"href":"https:\/\/www.agrobase.com.br\/concursos\/wp-json\/wp\/v2\/posts"}],"about":[{"href":"https:\/\/www.agrobase.com.br\/concursos\/wp-json\/wp\/v2\/types\/post"}],"author":[{"embeddable":true,"href":"https:\/\/www.agrobase.com.br\/concursos\/wp-json\/wp\/v2\/users\/7"}],"replies":[{"embeddable":true,"href":"https:\/\/www.agrobase.com.br\/concursos\/wp-json\/wp\/v2\/comments?post=268196"}],"version-history":[{"count":2,"href":"https:\/\/www.agrobase.com.br\/concursos\/wp-json\/wp\/v2\/posts\/268196\/revisions"}],"predecessor-version":[{"id":268200,"href":"https:\/\/www.agrobase.com.br\/concursos\/wp-json\/wp\/v2\/posts\/268196\/revisions\/268200"}],"wp:featuredmedia":[{"embeddable":true,"href":"https:\/\/www.agrobase.com.br\/concursos\/wp-json\/wp\/v2\/media\/268195"}],"wp:attachment":[{"href":"https:\/\/www.agrobase.com.br\/concursos\/wp-json\/wp\/v2\/media?parent=268196"}],"wp:term":[{"taxonomy":"category","embeddable":true,"href":"https:\/\/www.agrobase.com.br\/concursos\/wp-json\/wp\/v2\/categories?post=268196"},{"taxonomy":"post_tag","embeddable":true,"href":"https:\/\/www.agrobase.com.br\/concursos\/wp-json\/wp\/v2\/tags?post=268196"},{"taxonomy":"_amplo","embeddable":true,"href":"https:\/\/www.agrobase.com.br\/concursos\/wp-json\/wp\/v2\/_amplo?post=268196"},{"taxonomy":"destaque","embeddable":true,"href":"https:\/\/www.agrobase.com.br\/concursos\/wp-json\/wp\/v2\/destaque?post=268196"},{"taxonomy":"instituicoes","embeddable":true,"href":"https:\/\/www.agrobase.com.br\/concursos\/wp-json\/wp\/v2\/instituicoes?post=268196"}],"curies":[{"name":"wp","href":"https:\/\/api.w.org\/{rel}","templated":true}]}}