{"id":268188,"date":"2025-07-04T07:40:53","date_gmt":"2025-07-04T10:40:53","guid":{"rendered":"https:\/\/www.agrobase.com.br\/concursos\/?p=268188"},"modified":"2025-07-04T10:24:16","modified_gmt":"2025-07-04T13:24:16","slug":"prefeitura-erval-grande-rs-concurso-02-2025","status":"publish","type":"post","link":"https:\/\/www.agrobase.com.br\/concursos\/2025\/prefeitura-erval-grande-rs-concurso-02-2025\/","title":{"rendered":"Prefeitura Erval Grande (RS) &#8211; Concurso 02\/2025"},"content":{"rendered":"<h2>Informa\u00e7\u00f5es Gerais<\/h2>\n<p>A Prefeitura Municipal de Erval Grande, no Rio Grande do Sul, publicou o edital para seu novo Concurso P\u00fablico, organizado pela banca Legalle Concursos. O certame visa o preenchimento de 27 vagas imediatas, al\u00e9m da forma\u00e7\u00e3o de cadastro de reserva, para cargos de n\u00edveis fundamental (incompleto e completo), m\u00e9dio, t\u00e9cnico e superior. As contrata\u00e7\u00f5es ser\u00e3o realizadas sob o Regime Estatut\u00e1rio, garantindo estabilidade aos servidores nomeados.<\/p>\n<p>As oportunidades abrangem diversas \u00e1reas, como sa\u00fade, educa\u00e7\u00e3o, administra\u00e7\u00e3o, operacional e ambiental. <strong>Destacam-se as vagas para Engenheiro, Fiscal Ambiental e Licenciador Ambiental<\/strong>, que representam excelentes oportunidades para profissionais das \u00e1reas de engenharia e meio ambiente. O concurso tamb\u00e9m oferece postos para professores, agentes de sa\u00fade, t\u00e9cnicos em enfermagem, motoristas, entre outros.<\/p>\n<h2>Inscri\u00e7\u00f5es<\/h2>\n<p>As inscri\u00e7\u00f5es para o Concurso P\u00fablico de Erval Grande\/RS estar\u00e3o abertas no per\u00edodo de <strong>2 de julho de 2025 a 31 de julho de 2025, at\u00e9 as 18h<\/strong>. Todo o processo deve ser realizado de forma online, exclusivamente atrav\u00e9s do site da banca organizadora, Legalle Concursos, no endere\u00e7o eletr\u00f4nico <a href=\"https:\/\/www.legalleconcursos.com.br\" target=\"_blank\" rel=\"noopener noreferrer\">www.legalleconcursos.com.br<\/a>.<\/p>\n<p>Os valores da taxa de inscri\u00e7\u00e3o foram definidos de acordo com o n\u00edvel de escolaridade:<\/p>\n<ul>\n<li><strong>N\u00edvel Fundamental (Alfabetizado e Completo):<\/strong> R$ 42,15<\/li>\n<li><strong>N\u00edvel M\u00e9dio e T\u00e9cnico:<\/strong> R$ 42,15<\/li>\n<li><strong>N\u00edvel Superior:<\/strong> R$ 86,12<\/li>\n<\/ul>\n<p>O pagamento da taxa deve ser efetuado por meio de boleto banc\u00e1rio, que deve ser impresso ap\u00f3s o preenchimento do formul\u00e1rio de inscri\u00e7\u00e3o. O edital prev\u00ea a possibilidade de solicitar isen\u00e7\u00e3o da taxa, conforme crit\u00e9rios espec\u00edficos. Caso o pedido de isen\u00e7\u00e3o seja negado, o candidato dever\u00e1 realizar o pagamento do boleto para confirmar sua participa\u00e7\u00e3o. \u00c9 fundamental acompanhar a homologa\u00e7\u00e3o da inscri\u00e7\u00e3o na \u00e1rea do candidato no site da banca.<\/p>\n<h2>Etapas e Provas<\/h2>\n<p>O processo seletivo do Concurso de Erval Grande ser\u00e1 estruturado em at\u00e9 tr\u00eas etapas, dependendo do cargo escolhido pelo candidato. A avalia\u00e7\u00e3o foi projetada para medir conhecimentos te\u00f3ricos, habilidades pr\u00e1ticas e qualifica\u00e7\u00e3o acad\u00eamica.<\/p>\n<p>As etapas previstas s\u00e3o:<\/p>\n<ul>\n<li><strong>Prova Te\u00f3rico-Objetiva:<\/strong> De car\u00e1ter <em>eliminat\u00f3rio e classificat\u00f3rio<\/em>, esta etapa \u00e9 obrigat\u00f3ria para todos os cargos. A prova ser\u00e1 composta por 40 quest\u00f5es de m\u00faltipla escolha, com quatro alternativas cada. Para ser aprovado, o candidato dever\u00e1 alcan\u00e7ar uma pontua\u00e7\u00e3o m\u00ednima de 50% do total de pontos da prova e atender aos crit\u00e9rios m\u00ednimos por disciplina.<\/li>\n<li><strong>Prova Pr\u00e1tica:<\/strong> De car\u00e1ter <em>eliminat\u00f3rio e classificat\u00f3rio<\/em>, ser\u00e1 aplicada exclusivamente aos candidatos aos cargos de <strong>Motorista<\/strong> e <strong>Operador de M\u00e1quinas Pesadas<\/strong>. Apenas os 20 candidatos mais bem classificados na prova objetiva de cada cargo ser\u00e3o convocados para esta fase, que avaliar\u00e1 a aptid\u00e3o e a experi\u00eancia pr\u00e1tica na execu\u00e7\u00e3o das tarefas da fun\u00e7\u00e3o.<\/li>\n<li><strong>Prova de T\u00edtulos:<\/strong> De car\u00e1ter apenas <em>classificat\u00f3rio<\/em>, esta etapa \u00e9 destinada a todos os cargos de <strong>Professor<\/strong>. Os candidatos aprovados na prova objetiva poder\u00e3o submeter, via sistema online, diplomas de p\u00f3s-gradua\u00e7\u00e3o (especializa\u00e7\u00e3o, mestrado e doutorado) para obter pontua\u00e7\u00e3o adicional na classifica\u00e7\u00e3o final.<\/li>\n<\/ul>\n<p>Para obter informa\u00e7\u00f5es detalhadas sobre o conte\u00fado program\u00e1tico de cada prova, os crit\u00e9rios de avalia\u00e7\u00e3o e o cronograma completo, \u00e9 indispens\u00e1vel a consulta ao edital oficial do concurso.<\/p>\n<h2>Resultados e Gabarito<\/h2>\n<p>A divulga\u00e7\u00e3o dos resultados e demais atos do concurso seguir\u00e1 um cronograma definido, que deve ser acompanhado pelos candidatos. As principais datas incluem:<\/p>\n<ul>\n<li><strong>Gabarito Preliminar da Prova Objetiva:<\/strong> 08 de setembro de 2025.<\/li>\n<li><strong>Gabarito Definitivo e Notas Preliminares da Prova Objetiva:<\/strong> 24 de setembro de 2025.<\/li>\n<li><strong>Notas Oficiais da Prova Objetiva:<\/strong> 02 de outubro de 2025.<\/li>\n<li><strong>Notas Preliminares (Prova Pr\u00e1tica e de T\u00edtulos):<\/strong> 21 de outubro de 2025.<\/li>\n<li><strong>Notas Oficiais (Prova Pr\u00e1tica e de T\u00edtulos):<\/strong> 29 de outubro de 2025.<\/li>\n<li><strong>Homologa\u00e7\u00e3o do Resultado Final:<\/strong> A partir de 31 de outubro de 2025.<\/li>\n<\/ul>\n<p>A classifica\u00e7\u00e3o final ser\u00e1 determinada pela ordem decrescente da soma das notas obtidas em todas as etapas. Em caso de empate, ser\u00e3o aplicados os seguintes crit\u00e9rios, sucessivamente: idade igual ou superior a 60 anos, exerc\u00edcio da fun\u00e7\u00e3o de jurado, maior nota na prova objetiva, maior nota na prova pr\u00e1tica (se aplic\u00e1vel), maior nota na prova de t\u00edtulos (se aplic\u00e1vel), maior nota em disciplinas espec\u00edficas e, por fim, maior idade. Se o empate persistir, ser\u00e1 realizado um sorteio p\u00fablico.<\/p>\n<p>A convoca\u00e7\u00e3o dos candidatos aprovados ser\u00e1 publicada nos meios oficiais da Prefeitura de Erval Grande e no site da banca. Os candidatos tamb\u00e9m poder\u00e3o ser comunicados por via postal, e-mail ou telefone, sendo crucial manter os dados cadastrais atualizados.<\/p>\n<p>\u00c9 de responsabilidade exclusiva do candidato o acompanhamento de todas as publica\u00e7\u00f5es oficiais referentes ao certame no site da Legalle Concursos e nos demais canais de divulga\u00e7\u00e3o informados no edital.<\/p>\n","protected":false},"excerpt":{"rendered":"<p>Concurso Pref. Erval Grande (RS) com edital publicado! Vagas p\/ Professor, Enfermeiro (Fund. a Sup.). Inscri\u00e7\u00f5es a partir de 02\/07. At\u00e9 R$ 7.2k. Confira detalhes!<\/p>\n","protected":false},"author":7,"featured_media":268187,"comment_status":"open","ping_status":"open","sticky":false,"template":"","format":"standard","meta":{"_acf_changed":false,"_breakdance_hide_in_design_set":false,"_breakdance_tags":"","footnotes":""},"categories":[3,6,6433,9,10,11,6434,12,13,14,17,6436,111,100,20,6871,116,25,101,118,108],"tags":[58],"_amplo":[],"destaque":[],"instituicoes":[],"class_list":["post-268188","post","type-post","status-publish","format-standard","has-post-thumbnail","hentry","category-administracao","category-biologia","category-biologia-licenciatura","category-ciencias-contabeis","category-direito","category-educacao-fisica","category-educacao-fisica-licenciatura","category-enfermagem","category-engenharia-ambiental","category-engenharia","category-farmacia","category-fisica-licenciatura","category-geografia","category-historia","category-letras","category-letras-ingles","category-matematica","category-pedagogia","category-servico-social","category-sociologia","category-tecnico-enfermagem","tag-rio-grande-sul"],"acf":{"_tipo_vagas":"vagas","_numero_vagas":"","_quadro_vagas":"","_cargos":"diversos","_cargos_especificos":"","_salario_max":"R$ 7252.73","_abertura":"20250702","_encerramento":"20250731","_inscricoes":"https:\/\/www.legalleconcursos.com.br","_executora_concurso":"","_instituicao_concurso":[],"_link_adicional":null,"_anexos":null,"_produtos":null,"_vagas":"27 vagas + CR","_salario_min":"R$ 1425.6","_instituicao":"Prefeitura de Erval Grande","_edital":"https:\/\/www.agrobase.com.br\/concursos\/wp-content\/uploads\/sites\/4\/2025\/07\/edital-02-2025-prefeitura-de-erval-grande-rs.pdf","_anexos_edital":"https:\/\/www.agrobase.com.br\/concursos\/wp-content\/uploads\/sites\/4\/2025\/07\/anexos-edital-02-2025-prefeitura-de-erval-grande-rs.pdf","_fund_incompleto":"<div>\r\n<table class=\"quadro\">\r\n<thead>\r\n<tr>\r\n<th class=\"hcargo\">Cargo<\/th>\r\n<th class=\"hvagas\">Vagas<\/th>\r\n<th class=\"hremuneracao\">Remunera\u00e7\u00e3o<\/th>\r\n<\/tr>\r\n<\/thead>\r\n    <tbody>\r\n      <td class=\"ccargos\">\r\n<span data-balloon-length=\"medium\" data-balloon-pos=\"up\">Motorista<\/span><\/td>\r\n<td class=\"cvagas\">4 + CR<\/td>\r\n<td class=\"cremuneracao\">R$ 1.910,69 \/44h<\/td>\r\n<\/tr><td class=\"ccargos\">\r\n<span data-balloon-length=\"medium\" aria-label=\"\" data-balloon-pos=\"up\">Oper\u00e1rio<\/span><\/td>\r\n<td class=\"cvagas\">2 + CR<\/td>\r\n<td class=\"cremuneracao\">R$ 1.543,09 \/44h<\/td>\r\n<\/tr><td class=\"ccargos\">\r\n<span data-balloon-length=\"medium\" aria-label=\"\" data-balloon-pos=\"up\">Vigilante<\/span><\/td>\r\n<td class=\"cvagas\">CR<\/td>\r\n<td class=\"cremuneracao\">R$ 1.425,60 \/44h<\/td>\r\n<\/tr>\r\n    <\/tbody>\r\n  <\/table>\r\n<\/div>","_fund_completo":"<div>\r\n<table class=\"quadro\">\r\n<thead>\r\n<tr>\r\n<th class=\"hcargo\">Cargo<\/th>\r\n<th class=\"hvagas\">Vagas<\/th>\r\n<th class=\"hremuneracao\">Remunera\u00e7\u00e3o<\/th>\r\n<\/tr>\r\n<\/thead>\r\n    <tbody>\r\n      <td class=\"ccargos\">\r\n<span data-balloon-length=\"medium\" aria-label=\"\" data-balloon-pos=\"up\">Auxiliar de Creche<\/span><\/td>\r\n<td class=\"cvagas\">4 + CR<\/td>\r\n<td class=\"cremuneracao\">R$ 1.546,73 \/44h<\/td>\r\n<\/tr>\r\n    <\/tbody>\r\n  <\/table>\r\n<\/div>","_medio":"<div>\r\n<table class=\"quadro\">\r\n<thead>\r\n<tr>\r\n<th class=\"hcargo\">Cargo<\/th>\r\n<th class=\"hvagas\">Vagas<\/th>\r\n<th class=\"hremuneracao\">Remunera\u00e7\u00e3o<\/th>\r\n<\/tr>\r\n<\/thead>\r\n    <tbody>\r\n      <td class=\"ccargos\">\r\n<span data-balloon-length=\"medium\" aria-label=\"Residir na \u00e1rea da comunidade em que atuar, desde a data da publica\u00e7\u00e3o deste edital e Ter conclu\u00eddo, com aproveitamento, Curso de Forma\u00e7\u00e3o Inicial, com carga hor\u00e1ria m\u00ednima de (40) quarenta horas.\" data-balloon-pos=\"up\">Agente Comunit\u00e1rio de Sa\u00fade - \u00c1rea 1<\/span><\/td>\r\n<td class=\"cvagas\">1 + CR<\/td>\r\n<td class=\"cremuneracao\">R$ 2.851,20 \/40h<\/td>\r\n<\/tr><td class=\"ccargos\">\r\n<span data-balloon-length=\"medium\" aria-label=\"Residir na \u00e1rea da comunidade em que atuar, desde a data da publica\u00e7\u00e3o deste edital e Ter conclu\u00eddo, com aproveitamento, Curso de Forma\u00e7\u00e3o Inicial, com carga hor\u00e1ria m\u00ednima de (40) quarenta horas.\" data-balloon-pos=\"up\">Agente Comunit\u00e1rio de Sa\u00fade - \u00c1rea 2<\/span><\/td>\r\n<td class=\"cvagas\">1 + CR<\/td>\r\n<td class=\"cremuneracao\">R$ 2.851,20 \/40h<\/td>\r\n<\/tr><td class=\"ccargos\">\r\n<span data-balloon-length=\"medium\" aria-label=\"Residir na \u00e1rea da comunidade em que atuar, desde a data da publica\u00e7\u00e3o deste edital e Ter conclu\u00eddo, com aproveitamento, Curso de Forma\u00e7\u00e3o Inicial, com carga hor\u00e1ria m\u00ednima de (40) quarenta horas.\" data-balloon-pos=\"up\">Agente Comunit\u00e1rio de Sa\u00fade - \u00c1rea 3<\/span><\/td>\r\n<td class=\"cvagas\">1 + CR<\/td>\r\n<td class=\"cremuneracao\">R$ 2.851,20 \/40h<\/td>\r\n<\/tr><td class=\"ccargos\">\r\n<span data-balloon-length=\"medium\" aria-label=\"Ter conclu\u00eddo, com aproveitamento, Curso de Forma\u00e7\u00e3o Inicial, com carga hor\u00e1ria m\u00ednima de (40) quarenta horas.\" data-balloon-pos=\"up\">Agente de Endemias<\/span><\/td>\r\n<td class=\"cvagas\">1 + CR<\/td>\r\n<td class=\"cremuneracao\">R$ 2.911,58 \/40h<\/td>\r\n<\/tr><td class=\"ccargos\">\r\n<span data-balloon-length=\"medium\" aria-label=\"\" data-balloon-pos=\"up\">Auxiliar de Administra\u00e7\u00e3o<\/span><\/td>\r\n<td class=\"cvagas\">CR<\/td>\r\n<td class=\"cremuneracao\">R$ 1.910,69 \/40h<\/td>\r\n<\/tr><td class=\"ccargos\">\r\n<span data-balloon-length=\"medium\" aria-label=\"\" data-balloon-pos=\"up\">Escritur\u00e1rio<\/span><\/td>\r\n<td class=\"cvagas\">CR<\/td>\r\n<td class=\"cremuneracao\">R$ 3.173,12 \/40h<\/td>\r\n<\/tr><td class=\"ccargos\">\r\n<span data-balloon-length=\"medium\" aria-label=\"\" data-balloon-pos=\"up\">Monitor<\/span><\/td>\r\n<td class=\"cvagas\">CR<\/td>\r\n<td class=\"cremuneracao\">R$ 1.910,69 \/40h<\/td>\r\n<\/tr><td class=\"ccargos\">\r\n<span data-balloon-length=\"medium\" data-balloon-pos=\"up\">Operador de M\u00e1quinas Pesadas<\/span><\/td>\r\n<td class=\"cvagas\">1 + CR<\/td>\r\n<td class=\"cremuneracao\">R$ 2.638,68 \/44h<\/td>\r\n<\/tr><td class=\"ccargos\">\r\n<span data-balloon-length=\"medium\" aria-label=\"Forma\u00e7\u00e3o de Magist\u00e9rio, Normal Superior ou Pedagogia com habilita\u00e7\u00e3o em S\u00e9ries Iniciais.\" data-balloon-pos=\"up\">Professor de Anos Iniciais<\/span><\/td>\r\n<td class=\"cvagas\">1 + CR<\/td>\r\n<td class=\"cremuneracao\">R$ 2.542,89 \/20h<\/td>\r\n<\/tr><td class=\"ccargos\">\r\n<span data-balloon-length=\"medium\" aria-label=\"Forma\u00e7\u00e3o de Magist\u00e9rio, Normal Superior ou Pedagogia com habilita\u00e7\u00e3o em Educa\u00e7\u00e3o Infantil.\" data-balloon-pos=\"up\">Professor de Educa\u00e7\u00e3o Infantil<\/span><\/td>\r\n<td class=\"cvagas\">1 + CR<\/td>\r\n<td class=\"cremuneracao\">R$ 2.542,89 \/20h<\/td>\r\n<\/tr><td class=\"ccargos\">\r\n<span data-balloon-length=\"medium\" aria-label=\"Ensino M\u00e9dio espec\u00edfico completo, com habilita\u00e7\u00e3o legal para o exerc\u00edcio da profiss\u00e3o de T\u00e9cnico em Enfermagem, com registro profissional no \u00d3rg\u00e3o de Classe.\" data-balloon-pos=\"up\">T\u00e9cnico em Enfermagem<\/span><\/td>\r\n<td class=\"cvagas\">2 + CR<\/td>\r\n<td class=\"cremuneracao\">R$ 3.842,37 \/40h<\/td>\r\n<\/tr><td class=\"ccargos\">\r\n<span data-balloon-length=\"medium\" aria-label=\"\" data-balloon-pos=\"up\">Tesoureiro<\/span><\/td>\r\n<td class=\"cvagas\">CR<\/td>\r\n<td class=\"cremuneracao\">R$ 5.979,59 \/40h<\/td>\r\n<\/tr>\r\n    <\/tbody>\r\n  <\/table>\r\n<\/div>","_superior":"<div>\r\n<table class=\"quadro\">\r\n<thead>\r\n<tr>\r\n<th class=\"hcargo\">Cargo<\/th>\r\n<th class=\"hvagas\">Vagas<\/th>\r\n<th class=\"hremuneracao\">Remunera\u00e7\u00e3o<\/th>\r\n<\/tr>\r\n<\/thead>\r\n    <tbody>\r\n      <tr>\r\n<td class=\"ccargos\">\r\n<span data-balloon-length=\"medium\" aria-label=\"\" data-balloon-pos=\"up\">Agente de Contrata\u00e7\u00e3o<\/span><\/td>\r\n<td class=\"cvagas\">CR<\/td>\r\n<td class=\"cremuneracao\">R$ 5.641,23 \/40h<\/td>\r\n<\/tr><tr>\r\n<td class=\"ccargos\">\r\n<span data-balloon-length=\"medium\" aria-label=\"Habilita\u00e7\u00e3o legal para o exerc\u00edcio da profiss\u00e3o de Assistente Social, com registro profissional no \u00d3rg\u00e3o de Classe.\" data-balloon-pos=\"up\">Assistente Social<\/span><\/td>\r\n<td class=\"cvagas\">CR<\/td>\r\n<td class=\"cremuneracao\">R$ 4.003,40 \/40h<\/td>\r\n<\/tr><tr>\r\n<td class=\"ccargos\">\r\n<span data-balloon-length=\"medium\" aria-label=\"Habilita\u00e7\u00e3o legal para o exerc\u00edcio da profiss\u00e3o de Contador, com registro profissional no \u00d3rg\u00e3o de Classe e experi\u00eancia comprovada em Contabilidade P\u00fablica.\" data-balloon-pos=\"up\">Contador<\/span><\/td>\r\n<td class=\"cvagas\">CR<\/td>\r\n<td class=\"cremuneracao\">R$ 7.252,73 \/20h<\/td>\r\n<\/tr><tr>\r\n<td class=\"ccargos\">\r\n<span data-balloon-length=\"medium\" aria-label=\"Habilita\u00e7\u00e3o legal para o exerc\u00edcio da profiss\u00e3o de Enfermeiro, com registro profissional no \u00d3rg\u00e3o de Classe.\" data-balloon-pos=\"up\">Enfermeiro<\/span><\/td>\r\n<td class=\"cvagas\">2 + CR<\/td>\r\n<td class=\"cremuneracao\">R$ 5.641,13 \/40h<\/td>\r\n<\/tr><tr>\r\n<td class=\"ccargos\">\r\n<span data-balloon-length=\"medium\" aria-label=\"Habilita\u00e7\u00e3o legal para o exerc\u00edcio da profiss\u00e3o de Engenheiro Civil, com a respectiva inscri\u00e7\u00e3o no \u00d3rg\u00e3o de Classe.\" data-balloon-pos=\"up\">Engenheiro<\/span><\/td>\r\n<td class=\"cvagas\">CR<\/td>\r\n<td class=\"cremuneracao\">R$ 5.914,20 \/20h<\/td>\r\n<\/tr><tr>\r\n<td class=\"ccargos\">\r\n<span data-balloon-length=\"medium\" aria-label=\"Habilita\u00e7\u00e3o legal para o exerc\u00edcio da profiss\u00e3o de Farmac\u00eautico, com registro profissional no \u00d3rg\u00e3o de Classe.\" data-balloon-pos=\"up\">Farmac\u00eautico<\/span><\/td>\r\n<td class=\"cvagas\">1 + CR<\/td>\r\n<td class=\"cremuneracao\">R$ 5.641,23 \/40h<\/td>\r\n<\/tr><tr>\r\n<td class=\"ccargos\">\r\n<span data-balloon-length=\"medium\" aria-label=\"\" data-balloon-pos=\"up\">Fiscal Ambiental<\/span><\/td>\r\n<td class=\"cvagas\">1 + CR<\/td>\r\n<td class=\"cremuneracao\">R$ 5.913,39 \/40h<\/td>\r\n<\/tr><tr>\r\n<td class=\"ccargos\">\r\n<span data-balloon-length=\"medium\" aria-label=\"\" data-balloon-pos=\"up\">Licenciador Ambiental<\/span><\/td>\r\n<td class=\"cvagas\">CR<\/td>\r\n<td class=\"cremuneracao\">R$ 5.913,39 \/40h<\/td>\r\n<\/tr><tr>\r\n<td class=\"ccargos\">\r\n<span data-balloon-length=\"medium\" aria-label=\"\" data-balloon-pos=\"up\">Oficial Administrativo<\/span><\/td>\r\n<td class=\"cvagas\">CR<\/td>\r\n<td class=\"cremuneracao\">R$ 4.913,34 \/40h<\/td>\r\n<\/tr><tr>\r\n<td class=\"ccargos\">\r\n<span data-balloon-length=\"medium\" aria-label=\"Curso Superior, Licenciatura Plena, na respectiva \u00e1rea.\" data-balloon-pos=\"up\">Professor de Ci\u00eancias<\/span><\/td>\r\n<td class=\"cvagas\">CR<\/td>\r\n<td class=\"cremuneracao\">R$ 2.542,89 \/20h<\/td>\r\n<\/tr><tr>\r\n<td class=\"ccargos\">\r\n<span data-balloon-length=\"medium\" aria-label=\"Licenciatura Plena espec\u00edfica para a Educa\u00e7\u00e3o Especial (AEE).\" data-balloon-pos=\"up\">Professor de Educa\u00e7\u00e3o Especial<\/span><\/td>\r\n<td class=\"cvagas\">CR<\/td>\r\n<td class=\"cremuneracao\">R$ 2.542,89 \/20h<\/td>\r\n<\/tr><tr>\r\n<td class=\"ccargos\">\r\n<span data-balloon-length=\"medium\" aria-label=\"Curso Superior, Licenciatura Plena, na respectiva \u00e1rea e registro profissional no \u00d3rg\u00e3o de Classe.\" data-balloon-pos=\"up\">Professor de Educa\u00e7\u00e3o F\u00edsica<\/span><\/td>\r\n<td class=\"cvagas\">1 + CR<\/td>\r\n<td class=\"cremuneracao\">R$ 2.542,89 \/20h<\/td>\r\n<\/tr><tr>\r\n<td class=\"ccargos\">\r\n<span data-balloon-length=\"medium\" aria-label=\"Curso Superior, Licenciatura Plena, na respectiva \u00e1rea.\" data-balloon-pos=\"up\">Professor de Geografia<\/span><\/td>\r\n<td class=\"cvagas\">1 + CR<\/td>\r\n<td class=\"cremuneracao\">R$ 2.542,89 \/20h<\/td>\r\n<\/tr><tr>\r\n<td class=\"ccargos\">\r\n<span data-balloon-length=\"medium\" aria-label=\"Curso Superior, Licenciatura Plena, na respectiva \u00e1rea.\" data-balloon-pos=\"up\">Professor de Hist\u00f3ria<\/span><\/td>\r\n<td class=\"cvagas\">CR<\/td>\r\n<td class=\"cremuneracao\">R$ 2.542,89 \/20h<\/td>\r\n<\/tr><tr>\r\n<td class=\"ccargos\">\r\n<span data-balloon-length=\"medium\" aria-label=\"Curso Superior, Licenciatura Plena, na respectiva \u00e1rea.\" data-balloon-pos=\"up\">Professor de Ingl\u00eas<\/span><\/td>\r\n<td class=\"cvagas\">CR<\/td>\r\n<td class=\"cremuneracao\">R$ 2.542,89 \/20h<\/td>\r\n<\/tr><tr>\r\n<td class=\"ccargos\">\r\n<span data-balloon-length=\"medium\" aria-label=\"Curso Superior, Licenciatura Plena, na respectiva \u00e1rea.\" data-balloon-pos=\"up\">Professor de Matem\u00e1tica<\/span><\/td>\r\n<td class=\"cvagas\">1 + CR<\/td>\r\n<td class=\"cremuneracao\">R$ 2.542,89 \/20h<\/td>\r\n<\/tr><tr>\r\n<td class=\"ccargos\">\r\n<span data-balloon-length=\"medium\" aria-label=\"Curso Superior, Licenciatura Plena, na respectiva \u00e1rea.\" data-balloon-pos=\"up\">Professor de Portugu\u00eas<\/span><\/td>\r\n<td class=\"cvagas\">1 + CR<\/td>\r\n<td class=\"cremuneracao\">R$ 2.542,89 \/20h<\/td>\r\n<\/tr><tr>\r\n<td class=\"ccargos\">\r\n<span data-balloon-length=\"medium\" aria-label=\"Ensino Superior em Administra\u00e7\u00e3o, Ci\u00eancias Cont\u00e1beis ou Ci\u00eancias Jur\u00eddicas Sociais.\" data-balloon-pos=\"up\">T\u00e9cnico de Controle Interno<\/span><\/td>\r\n<td class=\"cvagas\">CR<\/td>\r\n<td class=\"cremuneracao\">R$ 3.184,67 \/40h<\/td>\r\n<\/tr>\r\n    <\/tbody>\r\n  <\/table>\r\n<\/div>"},"_links":{"self":[{"href":"https:\/\/www.agrobase.com.br\/concursos\/wp-json\/wp\/v2\/posts\/268188","targetHints":{"allow":["GET"]}}],"collection":[{"href":"https:\/\/www.agrobase.com.br\/concursos\/wp-json\/wp\/v2\/posts"}],"about":[{"href":"https:\/\/www.agrobase.com.br\/concursos\/wp-json\/wp\/v2\/types\/post"}],"author":[{"embeddable":true,"href":"https:\/\/www.agrobase.com.br\/concursos\/wp-json\/wp\/v2\/users\/7"}],"replies":[{"embeddable":true,"href":"https:\/\/www.agrobase.com.br\/concursos\/wp-json\/wp\/v2\/comments?post=268188"}],"version-history":[{"count":3,"href":"https:\/\/www.agrobase.com.br\/concursos\/wp-json\/wp\/v2\/posts\/268188\/revisions"}],"predecessor-version":[{"id":268230,"href":"https:\/\/www.agrobase.com.br\/concursos\/wp-json\/wp\/v2\/posts\/268188\/revisions\/268230"}],"wp:featuredmedia":[{"embeddable":true,"href":"https:\/\/www.agrobase.com.br\/concursos\/wp-json\/wp\/v2\/media\/268187"}],"wp:attachment":[{"href":"https:\/\/www.agrobase.com.br\/concursos\/wp-json\/wp\/v2\/media?parent=268188"}],"wp:term":[{"taxonomy":"category","embeddable":true,"href":"https:\/\/www.agrobase.com.br\/concursos\/wp-json\/wp\/v2\/categories?post=268188"},{"taxonomy":"post_tag","embeddable":true,"href":"https:\/\/www.agrobase.com.br\/concursos\/wp-json\/wp\/v2\/tags?post=268188"},{"taxonomy":"_amplo","embeddable":true,"href":"https:\/\/www.agrobase.com.br\/concursos\/wp-json\/wp\/v2\/_amplo?post=268188"},{"taxonomy":"destaque","embeddable":true,"href":"https:\/\/www.agrobase.com.br\/concursos\/wp-json\/wp\/v2\/destaque?post=268188"},{"taxonomy":"instituicoes","embeddable":true,"href":"https:\/\/www.agrobase.com.br\/concursos\/wp-json\/wp\/v2\/instituicoes?post=268188"}],"curies":[{"name":"wp","href":"https:\/\/api.w.org\/{rel}","templated":true}]}}