{"id":268108,"date":"2025-07-07T07:35:25","date_gmt":"2025-07-07T10:35:25","guid":{"rendered":"https:\/\/www.agrobase.com.br\/concursos\/?p=268108"},"modified":"2025-07-09T16:18:50","modified_gmt":"2025-07-09T19:18:50","slug":"concurso-cpnu-edicao-2-2025","status":"publish","type":"post","link":"https:\/\/www.agrobase.com.br\/concursos\/2025\/concurso-cpnu-edicao-2-2025\/","title":{"rendered":"Concurso CPNU &#8211; Edi\u00e7\u00e3o 2 \/ 2025"},"content":{"rendered":"<h2>Informa\u00e7\u00f5es Gerais<\/h2>\n<p>O Governo Federal, por meio da Escola Nacional de Administra\u00e7\u00e3o P\u00fablica (ENAP), publicou o edital da <strong>segunda edi\u00e7\u00e3o do Concurso P\u00fablico Nacional Unificado (CPNU 2)<\/strong>, referente ao Edital ENAP n\u00ba 114\/2025. O certame, atualmente com <strong>edital publicado e inscri\u00e7\u00f5es abertas<\/strong> (de 2 a 20 de julho de 2025), oferece <strong>3.652 vagas<\/strong> em <strong>32 \u00f3rg\u00e3os federais<\/strong>, sendo <strong>2.480 vagas imediatas<\/strong> e <strong>1.172 para provimento em curto prazo<\/strong> (cadastro de reserva). Os aprovados ser\u00e3o contratados sob o regime <strong>estatut\u00e1rio<\/strong>, garantindo estabilidade como servidores p\u00fablicos de carreira.<\/p>\n<p>As oportunidades contemplam cargos de <strong>n\u00edvel superior<\/strong> (3.144 vagas) e de <strong>n\u00edvel intermedi\u00e1rio<\/strong> \u2013 ensino m\u00e9dio\/t\u00e9cnico (508 vagas). Para organizar a sele\u00e7\u00e3o, o concurso foi estruturado em <strong>nove blocos tem\u00e1ticos<\/strong>, que agrupam os cargos por grandes \u00e1reas de atua\u00e7\u00e3o. Esses blocos abrangem setores como Seguridade Social (Sa\u00fade, Assist\u00eancia Social e Previd\u00eancia), Cultura e Educa\u00e7\u00e3o, Ci\u00eancias, Dados e Tecnologia, Engenharias e Arquitetura, Administra\u00e7\u00e3o, Desenvolvimento Socioecon\u00f4mico, Justi\u00e7a e Defesa, al\u00e9m de dois blocos espec\u00edficos para cargos de n\u00edvel m\u00e9dio (\u00e1reas de Sa\u00fade e de Regula\u00e7\u00e3o).<\/p>\n<p>Entre os cargos oferecidos, destacam-se oportunidades para profissionais formados em <strong>Agronomia<\/strong>, <strong>Medicina Veterin\u00e1ria<\/strong>, <strong>Zootecnia<\/strong>, <strong>Biologia<\/strong>, <strong>Engenharia Ambiental<\/strong>, <strong>Engenharia Florestal<\/strong> e <strong>Nutri\u00e7\u00e3o<\/strong>. Por exemplo, somente para o cargo de Engenheiro Agr\u00f4nomo h\u00e1 <strong>60 vagas<\/strong> dispon\u00edveis, al\u00e9m de diversas outras posi\u00e7\u00f5es que exigem gradua\u00e7\u00e3o nessas \u00e1reas de interesse.<\/p>\n<p>A segunda edi\u00e7\u00e3o do CPNU traz tamb\u00e9m um forte <strong>compromisso com inclus\u00e3o, seguran\u00e7a e moderniza\u00e7\u00e3o<\/strong> no processo seletivo. As novas regras ampliaram as a\u00e7\u00f5es afirmativas \u2013 cerca de 35% das vagas s\u00e3o reservadas a cotas para grupos sub-representados, em conformidade com a Nova Lei de Cotas (Lei n\u00ba 14.723\/2023) \u2013 e refor\u00e7aram a seguran\u00e7a e a transpar\u00eancia nas etapas do concurso (identifica\u00e7\u00e3o biom\u00e9trica dos candidatos, c\u00f3digos de barra nas provas, entre outras medidas). Com essas melhorias e um grande n\u00famero de vagas distribu\u00eddas nacionalmente, o CPNU 2 representa uma excelente oportunidade para quem busca ingressar na carreira p\u00fablica federal.<\/p>\n<p>Continue lendo para conferir informa\u00e7\u00f5es detalhadas sobre o per\u00edodo de <em>inscri\u00e7\u00f5es<\/em>, as <em>etapas de prova<\/em> e o cronograma de <em>resultados<\/em> deste concurso.<\/p>\n<h2>Inscri\u00e7\u00f5es<\/h2>\n<p>As inscri\u00e7\u00f5es para o CPNU 2 devem ser realizadas <strong>exclusivamente online<\/strong>, e j\u00e1 est\u00e3o abertas no per\u00edodo de <strong>2 a 20 de julho de 2025<\/strong>. O candidato deve acessar o <a href=\"https:\/\/conhecimento.fgv.br\/concursos\" target=\"_blank\" rel=\"noopener\">portal da FGV<\/a>, banca organizadora do certame, e preencher o formul\u00e1rio eletr\u00f4nico para gerar a Guia de Recolhimento da Uni\u00e3o (GRU). A <strong>taxa de inscri\u00e7\u00e3o<\/strong> foi fixada em <strong>R$ 70,00<\/strong> (valor \u00fanico para todos os cargos e n\u00edveis), devendo o boleto ser pago at\u00e9 o dia <strong>21 de julho de 2025<\/strong> para que a inscri\u00e7\u00e3o seja confirmada.<\/p>\n<p>Candidatos que se enquadram em crit\u00e9rios socioecon\u00f4micos espec\u00edficos podem solicitar <strong>isen\u00e7\u00e3o da taxa<\/strong> de inscri\u00e7\u00e3o entre os dias 2 e 8 de julho de 2025. Ter\u00e3o direito ao benef\u00edcio aqueles que:<\/p>\n<ul>\n<li>est\u00e3o inscritos no Cadastro \u00danico para Programas Sociais do Governo Federal (Cad\u00danico);<\/li>\n<li>se declaram doadores de medula \u00f3ssea em entidades reconhecidas pelo Minist\u00e9rio da Sa\u00fade; ou<\/li>\n<li>s\u00e3o estudantes de baixa renda benefici\u00e1rios do financiamento estudantil (FIES) ou do programa Universidade para Todos (ProUni).<\/li>\n<\/ul>\n<p>A isen\u00e7\u00e3o deve ser solicitada no pr\u00f3prio sistema de inscri\u00e7\u00e3o, conforme orienta\u00e7\u00f5es do edital, com o envio da documenta\u00e7\u00e3o comprobat\u00f3ria exigida. Os pedidos ser\u00e3o analisados pela banca, e o resultado das isen\u00e7\u00f5es ser\u00e1 divulgado antes do t\u00e9rmino do per\u00edodo de inscri\u00e7\u00f5es. Quem tiver a solicita\u00e7\u00e3o deferida ter\u00e1 a inscri\u00e7\u00e3o efetivada sem boleto; os demais dever\u00e3o realizar o pagamento normalmente at\u00e9 a data limite.<\/p>\n<p>Ap\u00f3s efetuar a inscri\u00e7\u00e3o e o pagamento, \u00e9 fundamental que o candidato acompanhe a confirma\u00e7\u00e3o do <strong>status da inscri\u00e7\u00e3o<\/strong> na \u00e1rea do candidato, dispon\u00edvel no site da FGV. Caso haja algum problema (como pagamento n\u00e3o identificado ou dados incorretos), o candidato deve entrar em contato com a banca dentro do prazo estabelecido para corre\u00e7\u00f5es. Todas as orienta\u00e7\u00f5es sobre o procedimento de inscri\u00e7\u00e3o, incluindo detalhamento dos documentos para isen\u00e7\u00e3o e formas de pagamento, podem ser encontradas no edital. Recomendamos fortemente a leitura atenta do <strong>edital completo<\/strong> antes de finalizar sua inscri\u00e7\u00e3o.<\/p>\n<h2>Etapas e Provas<\/h2>\n<p>O processo seletivo do CPNU 2 ser\u00e1 composto por diversas <strong>etapas de avalia\u00e7\u00e3o<\/strong>, de car\u00e1ter eliminat\u00f3rio e\/ou classificat\u00f3rio, conforme a natureza de cada fase. Todas as provas ser\u00e3o aplicadas em \u00e2mbito nacional, com estrutura adaptada ao n\u00edvel de escolaridade do cargo. A seguir, apresentamos um resumo das etapas previstas:<\/p>\n<ul>\n<li><strong>Prova Objetiva:<\/strong> primeira fase, de car\u00e1ter eliminat\u00f3rio e classificat\u00f3rio. Consiste em quest\u00f5es de m\u00faltipla escolha (cinco alternativas cada). Para cargos de <em>n\u00edvel superior<\/em> ser\u00e3o 90 quest\u00f5es no total (30 de conhecimentos gerais e 60 de conhecimentos espec\u00edficos do bloco tem\u00e1tico), com dura\u00e7\u00e3o de 5 horas. J\u00e1 para cargos de <em>n\u00edvel intermedi\u00e1rio<\/em>, ser\u00e3o 68 quest\u00f5es (20 de conhecimentos gerais e 48 de espec\u00edficos), com dura\u00e7\u00e3o de 3h30. As disciplinas de conhecimentos gerais incluem conte\u00fados como L\u00edngua Portuguesa, Racioc\u00ednio L\u00f3gico, No\u00e7\u00f5es de Direito e Atualidades, enquanto os conhecimentos espec\u00edficos abrangem temas pr\u00f3prios de cada \u00e1rea\/bloco. Haver\u00e1 nota m\u00ednima exigida (definida em edital) para aprova\u00e7\u00e3o nesta etapa.<\/li>\n<li><strong>Prova Discursiva:<\/strong> segunda fase, de car\u00e1ter eliminat\u00f3rio e classificat\u00f3rio. Para cargos de n\u00edvel superior, ser\u00e3o propostas 2 quest\u00f5es discursivas (que podem envolver reda\u00e7\u00e3o dissertativa, estudo de caso ou desenvolvimento de tema t\u00e9cnico) relacionadas \u00e0s atribui\u00e7\u00f5es do cargo e aos conhecimentos espec\u00edficos do bloco. A prova discursiva de n\u00edvel superior ter\u00e1 dura\u00e7\u00e3o de 3 horas. Para cargos de n\u00edvel intermedi\u00e1rio, a prova discursiva consistir\u00e1 em 1 <em>reda\u00e7\u00e3o<\/em> de tipo dissertativo-argumentativo sobre tema geral ou espec\u00edfico da \u00e1rea, com dura\u00e7\u00e3o de 2 horas. Nessa etapa avaliam-se a capacidade de express\u00e3o escrita, a clareza de argumenta\u00e7\u00e3o e o dom\u00ednio do conte\u00fado por parte do candidato.<\/li>\n<li><strong>Avalia\u00e7\u00e3o de T\u00edtulos:<\/strong> fase de car\u00e1ter <em>classificat\u00f3rio<\/em> (n\u00e3o elimina candidatos), aplicada apenas para os cargos e especialidades que preveem pontua\u00e7\u00e3o de t\u00edtulos. Os candidatos poder\u00e3o apresentar documenta\u00e7\u00e3o comprobat\u00f3ria de <em>forma\u00e7\u00e3o acad\u00eamica<\/em> (como diplomas de especializa\u00e7\u00e3o, mestrado ou doutorado) e de <em>experi\u00eancia profissional<\/em> na \u00e1rea do cargo. Conforme o \u201cQuadro de T\u00edtulos\u201d do edital, cada t\u00edtulo v\u00e1lido soma uma determinada pontua\u00e7\u00e3o (at\u00e9 um m\u00e1ximo de 5 pontos na maioria dos casos), a ser agregada \u00e0 nota final do candidato. Essa etapa valoriza qualifica\u00e7\u00f5es adicionais, mas o candidato que n\u00e3o possuir t\u00edtulos ainda pode permanecer na disputa, pois a aus\u00eancia de pontua\u00e7\u00e3o n\u00e3o resulta em elimina\u00e7\u00e3o.<\/li>\n<li><strong>Verifica\u00e7\u00e3o de Vagas Reservadas:<\/strong> procedimento obrigat\u00f3rio para candidatos que optaram por concorrer nas modalidades de <em>cotas<\/em> (como negros, ind\u00edgenas, quilombolas ou pessoas com defici\u00eancia). Ap\u00f3s as provas, esses candidatos ser\u00e3o convocados para uma <em>banca de heteroidentifica\u00e7\u00e3o<\/em> e\/ou avalia\u00e7\u00e3o documental, a fim de confirmar a veracidade da autodeclara\u00e7\u00e3o e o atendimento aos requisitos legais da vaga reservada. Essa etapa possui car\u00e1ter eliminat\u00f3rio apenas no caso de n\u00e3o confirma\u00e7\u00e3o da condi\u00e7\u00e3o declarada, n\u00e3o atribuindo pontua\u00e7\u00e3o.<\/li>\n<li><strong>Investiga\u00e7\u00e3o Social e Funcional:<\/strong> etapa de car\u00e1ter eliminat\u00f3rio, aplicada <em>exclusivamente<\/em> aos cargos que exigem requisitos de idoneidade e conduta ilibada, em especial o cargo de Analista T\u00e9cnico de Justi\u00e7a e Defesa (Bloco 7). Consiste na an\u00e1lise de antecedentes e conduta do candidato, podendo envolver question\u00e1rios, entrega de certid\u00f5es negativas e outras verifica\u00e7\u00f5es para atestar que o candidato possui perfil adequado para exercer atribui\u00e7\u00f5es de seguran\u00e7a, justi\u00e7a e defesa.<\/li>\n<li><strong>Prova Oral e Defesa de Memorial:<\/strong> fase prevista para algumas carreiras de natureza mais anal\u00edtica ou acad\u00eamica, como determinados cargos de pesquisador. Quando prevista no edital do cargo, essa etapa ser\u00e1 <em>eliminat\u00f3ria<\/em> e consistir\u00e1 na argui\u00e7\u00e3o oral do candidato pela banca examinadora, incluindo a apresenta\u00e7\u00e3o e defesa de um <em>memorial<\/em> (documento em que o candidato relata sua trajet\u00f3ria profissional, produ\u00e7\u00f5es ou projetos relevantes na \u00e1rea). A prova oral avalia conhecimentos especializados, capacidade de comunica\u00e7\u00e3o e seguran\u00e7a nas respostas.<\/li>\n<li><strong>Curso de Forma\u00e7\u00e3o:<\/strong> etapa final, de car\u00e1ter eliminat\u00f3rio e classificat\u00f3rio, prevista para determinados cargos ap\u00f3s a aprova\u00e7\u00e3o nas fases anteriores. Os candidatos aprovados dentro do n\u00famero de vagas (ou classificados em posi\u00e7\u00e3o espec\u00edfica, conforme o edital) ser\u00e3o convocados para um <em>Curso de Forma\u00e7\u00e3o<\/em> presencial, no qual receber\u00e3o capacita\u00e7\u00e3o relacionada \u00e0s atividades do cargo. A participa\u00e7\u00e3o no curso exige confirma\u00e7\u00e3o pr\u00e9via de interesse por parte do candidato e frequ\u00eancia integral durante o per\u00edodo determinado. Ao final do curso, h\u00e1 avalia\u00e7\u00f5es cujo desempenho ser\u00e1 considerado para a classifica\u00e7\u00e3o definitiva do candidato. A n\u00e3o participa\u00e7\u00e3o ou a reprova\u00e7\u00e3o no curso de forma\u00e7\u00e3o resultar\u00e1 na elimina\u00e7\u00e3o do candidato.<\/li>\n<\/ul>\n<p>O edital do concurso detalha exaustivamente cada etapa \u2013 incluindo o conte\u00fado program\u00e1tico das provas, os pesos e notas m\u00ednimas para aprova\u00e7\u00e3o e as regras de convoca\u00e7\u00e3o para as fases subsequentes. \u00c9 indispens\u00e1vel consultar o <strong>edital oficial<\/strong> e seus anexos para se preparar adequadamente, conhecer os crit\u00e9rios de avalia\u00e7\u00e3o e ficar atento ao <strong>cronograma<\/strong> completo de provas.<\/p>\n<h2>Resultados e Gabarito<\/h2>\n<p>O cronograma de resultados do CPNU 2 j\u00e1 est\u00e1 delineado no edital e prev\u00ea diversas publica\u00e7\u00f5es importantes ap\u00f3s cada fase do concurso. A seguir, est\u00e3o destacados os principais marcos relacionados a gabaritos, resultados e convoca\u00e7\u00f5es:<\/p>\n<ul>\n<li><strong>Gabaritos da Prova Objetiva:<\/strong> O <em>gabarito preliminar<\/em> da prova objetiva ser\u00e1 divulgado em at\u00e9 24 horas ap\u00f3s a aplica\u00e7\u00e3o do exame (previsto para o dia 5 de outubro de 2025, portanto divulga\u00e7\u00e3o esperada em 6\/10\/2025). Os candidatos ter\u00e3o um per\u00edodo, definido em edital, para interpor <em>recursos<\/em> contestando as respostas oficiais. Ap\u00f3s a an\u00e1lise de eventuais recursos, ser\u00e1 publicado o <em>gabarito definitivo<\/em>, que servir\u00e1 de base para a corre\u00e7\u00e3o final das provas objetivas.<\/li>\n<li><strong>Resultado da Prova Objetiva:<\/strong> A rela\u00e7\u00e3o de candidatos aprovados na fase objetiva, juntamente com as notas obtidas e a <strong>convoca\u00e7\u00e3o para a prova discursiva<\/strong> (segunda fase), tem divulga\u00e7\u00e3o programada para o dia <strong>12 de novembro de 2025<\/strong>. Nessa listagem, j\u00e1 ser\u00e3o consideradas as altera\u00e7\u00f5es do gabarito ap\u00f3s recursos. \u00c9 importante que o candidato verifique se seu nome consta entre os habilitados para prosseguir no concurso e fique atento \u00e0s instru\u00e7\u00f5es para a etapa discursiva.<\/li>\n<li><strong>Resultados da Prova Discursiva e T\u00edtulos:<\/strong> Ap\u00f3s a realiza\u00e7\u00e3o da prova discursiva (prevista para 7 de dezembro de 2025) e a avalia\u00e7\u00e3o de t\u00edtulos (quando houver, com documentos enviados de 13 a 19 de novembro de 2025), a banca divulgar\u00e1 os <em>resultados preliminares<\/em> dessas fases. Cada resultado preliminar abrir\u00e1 novo prazo para recursos, conforme o cronograma oficial. Somente ap\u00f3s analisados todos os recursos das fases discursiva e de t\u00edtulos \u00e9 que ser\u00e1 consolidada a pontua\u00e7\u00e3o final de cada candidato nessas etapas.<\/li>\n<li><strong>Classifica\u00e7\u00e3o Final e Desempate:<\/strong> Conclu\u00eddas todas as corre\u00e7\u00f5es e c\u00e1lculos, ser\u00e1 publicada a <strong>lista de classifica\u00e7\u00e3o final<\/strong> dos candidatos, com a soma ponderada das notas da objetiva, da discursiva e dos t\u00edtulos (quando aplic\u00e1vel). De acordo com o edital, essa divulga\u00e7\u00e3o est\u00e1 prevista para o in\u00edcio de 2026 \u2013 a primeira lista de classificados deve ser liberada em <strong>30 de janeiro de 2026<\/strong>. Em caso de candidatos com a <em>mesma pontua\u00e7\u00e3o final<\/em>, ser\u00e3o aplicados os crit\u00e9rios de desempate estabelecidos no edital. Geralmente, os primeiros crit\u00e9rios de desempate incluem: maior pontua\u00e7\u00e3o em Conhecimentos Espec\u00edficos, seguida por maior pontua\u00e7\u00e3o na Prova Discursiva, e assim por diante. Tamb\u00e9m \u00e9 respeitado o disposto no Estatuto do Idoso (Lei n\u00ba 10.741\/2003), que d\u00e1 prefer\u00eancia ao candidato com idade igual ou superior a 60 anos, se estiverem empatados.<\/li>\n<li><strong>Homologa\u00e7\u00e3o do Resultado e Convoca\u00e7\u00f5es:<\/strong> Ap\u00f3s encerrada a fase de recursos e definida a classifica\u00e7\u00e3o final, o resultado definitivo do concurso ser\u00e1 <strong>homologado<\/strong> e publicado no <em>Di\u00e1rio Oficial da Uni\u00e3o (DOU)<\/em>. A homologa\u00e7\u00e3o, prevista para o primeiro semestre de 2026, \u00e9 o ato que confirma oficialmente a validade do concurso e inicia a contagem de seu prazo de validade. A partir da\u00ed, os \u00f3rg\u00e3os federais participantes poder\u00e3o come\u00e7ar a <strong>convocar os candidatos aprovados<\/strong> dentro do n\u00famero de vagas para nomea\u00e7\u00e3o e posse. As convoca\u00e7\u00f5es obedecer\u00e3o rigorosamente \u00e0 ordem de classifica\u00e7\u00e3o e ocorrer\u00e3o conforme a necessidade de cada \u00f3rg\u00e3o. Os candidatos devem acompanhar essas publica\u00e7\u00f5es de convoca\u00e7\u00e3o tanto no DOU quanto nos canais oficiais da banca organizadora e dos \u00f3rg\u00e3os onde h\u00e1 vagas, mantendo seus dados de contato atualizados junto \u00e0 organiza\u00e7\u00e3o do concurso.<\/li>\n<\/ul>\n<p><em>Refor\u00e7amos que \u00e9 de responsabilidade exclusiva do candidato<\/em> acompanhar todos os comunicados, resultados, editais de resultado e eventuais convoca\u00e7\u00f5es referentes a este concurso. Informa\u00e7\u00f5es oficiais ser\u00e3o divulgadas no site da FGV (banca examinadora) e no Di\u00e1rio Oficial, entre outros meios previstos. Quem participa do certame deve manter-se vigilante a essas publica\u00e7\u00f5es para n\u00e3o perder prazos importantes ou chances de nomea\u00e7\u00e3o.<\/p>\n","protected":false},"excerpt":{"rendered":"<p>Edi\u00e7\u00e3o 2 de 2025 do Concurso P\u00fablico Nacional Unificado (CPNU) com edital publicado! 3.652 oportunidades com sal\u00e1rios de at\u00e9 R$ 16.413,35. Confira detalhes!<\/p>\n","protected":false},"author":7,"featured_media":268384,"comment_status":"open","ping_status":"open","sticky":false,"template":"","format":"standard","meta":{"_acf_changed":false,"_breakdance_hide_in_design_set":false,"_breakdance_tags":"","footnotes":""},"categories":[3,4,144,140,94,6,6433,137,7,106,8,126,9,121,120,10,117,141,11,12,13,14,151,148,96,125,103,142,15,104,133,102,152,136,17,122,6436,18,19,111,115,100,99,116,21,22,23,98,24,25,26,124,27,6435,110,101,118,150,108,161,143,157,159,134,28],"tags":[88],"_amplo":[6427,6428],"destaque":[6431],"instituicoes":[],"class_list":["post-268108","post","type-post","status-publish","format-standard","has-post-thumbnail","hentry","category-administracao","category-agronomia","category-arquivologia","category-artes-plasticas","category-biblioteconomia","category-biologia","category-biologia-licenciatura","category-biologia-marinha","category-biomedicina","category-bioquimica","category-biotecnologia","category-ciencia-computacao","category-ciencias-contabeis","category-ciencias-sociais","category-comunicacao-social","category-direito","category-economia","category-educacao-artistica","category-educacao-fisica","category-enfermagem","category-engenharia-ambiental","category-engenharia","category-engenharia-computacao","category-engenharia-aquicultura","category-engenharia-pesca","category-engenharia-producao","category-engenharia-eletrica","category-engenharia-eletronica","category-engenharia-florestal","category-engenharia-mecanica","category-engenharia-mecatronica","category-engenharia-quimica","category-engenharia-seguranca-trabalho","category-estatistica","category-farmacia","category-fisica","category-fisica-licenciatura","category-fisioterapia","category-fonoaudiologia","category-geografia","category-geologia","category-historia","category-jornalismo","category-matematica","category-medicina","category-veterinaria","category-nutricao","category-oceanografia","category-odontologia","category-pedagogia","category-psicologia","category-publicidade","category-quimica","category-quimica-licenciatura","category-relacoes-publicas","category-servico-social","category-sociologia","category-tecnico-eletronica","category-tecnico-enfermagem","category-tecnico-laboratorio","category-tecnico-odontologia","category-tecnico-seguranca-trabalho","category-tecnologia-da-informacao","category-terapia-ocupacional","category-zootecnia","tag-nacional","_amplo-nivel-medio","_amplo-nivel-superior","destaque-destaque"],"acf":{"_tipo_vagas":"vagas","_numero_vagas":3652,"_quadro_vagas":"","_cargos":"diversos","_cargos_especificos":"","_salario_max":"R$ 16413.35","_abertura":"20250702","_encerramento":"20250720","_inscricoes":"https:\/\/inscricao-cpnu.conhecimento.fgv.br","_executora_concurso":"","_instituicao_concurso":[],"_link_adicional":null,"_anexos":[{"_arquivo_anexo":268372,"_titulo_anexo":"Concurso CPNU 2025 \/ 2 - Edital Abertura"},{"_arquivo_anexo":268373,"_titulo_anexo":"Concurso CPNU 2025 \/ 2 - Bloco Tem\u00e1tico 1"},{"_arquivo_anexo":268374,"_titulo_anexo":"Concurso CPNU 2025 \/ 2 - Bloco Tem\u00e1tico 2"},{"_arquivo_anexo":268375,"_titulo_anexo":"Concurso CPNU 2025 \/ 2 - Bloco Tem\u00e1tico 3"},{"_arquivo_anexo":268376,"_titulo_anexo":"Concurso CPNU 2025 \/ 2 - Bloco Tem\u00e1tico 4"},{"_arquivo_anexo":268378,"_titulo_anexo":"Concurso CPNU 2025 \/ 2 - Bloco Tem\u00e1tico 5"},{"_arquivo_anexo":268379,"_titulo_anexo":"Concurso CPNU 2025 \/ 2 - Bloco Tem\u00e1tico 6"},{"_arquivo_anexo":268380,"_titulo_anexo":"Concurso CPNU 2025 \/ 2 - Bloco Tem\u00e1tico 7"},{"_arquivo_anexo":268381,"_titulo_anexo":"Concurso CPNU 2025 \/ 2 - Bloco Tem\u00e1tico 8"},{"_arquivo_anexo":268377,"_titulo_anexo":"Concurso CPNU 2025 \/ 2 - Bloco Tem\u00e1tico 9"}],"_produtos":[{"imagem_produto":268584,"_titulo_produto":"Apostilas para Estudo Blocos Tem\u00e1ticos Diversos","url_produto":"https:\/\/www.apostilasopcao.com.br\/concurso\/cnu-concurso-nacional-unificado?afiliado=9896"}],"_vagas":"","_salario_min":"R$ 3551.57","_instituicao":"Concurso P\u00fablico Nacional Unificado (CPNU)","_edital":"","_anexos_edital":"","_fund_incompleto":"","_fund_completo":"","_medio":"","_superior":""},"_links":{"self":[{"href":"https:\/\/www.agrobase.com.br\/concursos\/wp-json\/wp\/v2\/posts\/268108","targetHints":{"allow":["GET"]}}],"collection":[{"href":"https:\/\/www.agrobase.com.br\/concursos\/wp-json\/wp\/v2\/posts"}],"about":[{"href":"https:\/\/www.agrobase.com.br\/concursos\/wp-json\/wp\/v2\/types\/post"}],"author":[{"embeddable":true,"href":"https:\/\/www.agrobase.com.br\/concursos\/wp-json\/wp\/v2\/users\/7"}],"replies":[{"embeddable":true,"href":"https:\/\/www.agrobase.com.br\/concursos\/wp-json\/wp\/v2\/comments?post=268108"}],"version-history":[{"count":15,"href":"https:\/\/www.agrobase.com.br\/concursos\/wp-json\/wp\/v2\/posts\/268108\/revisions"}],"predecessor-version":[{"id":268585,"href":"https:\/\/www.agrobase.com.br\/concursos\/wp-json\/wp\/v2\/posts\/268108\/revisions\/268585"}],"wp:featuredmedia":[{"embeddable":true,"href":"https:\/\/www.agrobase.com.br\/concursos\/wp-json\/wp\/v2\/media\/268384"}],"wp:attachment":[{"href":"https:\/\/www.agrobase.com.br\/concursos\/wp-json\/wp\/v2\/media?parent=268108"}],"wp:term":[{"taxonomy":"category","embeddable":true,"href":"https:\/\/www.agrobase.com.br\/concursos\/wp-json\/wp\/v2\/categories?post=268108"},{"taxonomy":"post_tag","embeddable":true,"href":"https:\/\/www.agrobase.com.br\/concursos\/wp-json\/wp\/v2\/tags?post=268108"},{"taxonomy":"_amplo","embeddable":true,"href":"https:\/\/www.agrobase.com.br\/concursos\/wp-json\/wp\/v2\/_amplo?post=268108"},{"taxonomy":"destaque","embeddable":true,"href":"https:\/\/www.agrobase.com.br\/concursos\/wp-json\/wp\/v2\/destaque?post=268108"},{"taxonomy":"instituicoes","embeddable":true,"href":"https:\/\/www.agrobase.com.br\/concursos\/wp-json\/wp\/v2\/instituicoes?post=268108"}],"curies":[{"name":"wp","href":"https:\/\/api.w.org\/{rel}","templated":true}]}}