{"id":268099,"date":"2025-07-03T08:20:06","date_gmt":"2025-07-03T11:20:06","guid":{"rendered":"https:\/\/www.agrobase.com.br\/concursos\/?p=268099"},"modified":"2025-07-02T17:16:49","modified_gmt":"2025-07-02T20:16:49","slug":"crp-sp-concurso-01-2025","status":"publish","type":"post","link":"https:\/\/www.agrobase.com.br\/concursos\/2025\/crp-sp-concurso-01-2025\/","title":{"rendered":"CRP (SP) &#8211; Concurso 01\/2025"},"content":{"rendered":"<h2>Informa\u00e7\u00f5es Gerais<\/h2>\n<p>O edital do Concurso P\u00fablico do <strong>Conselho Regional de Psicologia da 6\u00aa Regi\u00e3o (CRP-SP)<\/strong> foi publicado! Organizado pelo Instituto Quadrix, o certame visa a forma\u00e7\u00e3o de cadastro de reserva para cargos de n\u00edvel m\u00e9dio, t\u00e9cnico e superior. As oportunidades s\u00e3o para lota\u00e7\u00e3o na sede administrativa e nas subsedes do CRP-SP, distribu\u00eddas em diversas cidades do estado.<\/p>\n<p>Os candidatos aprovados ser\u00e3o contratados sob o regime da Consolida\u00e7\u00e3o das Leis do Trabalho (CLT), com remunera\u00e7\u00f5es que variam de R$ 4.659,07 a R$ 9.453,19. As vagas abrangem \u00e1reas de suporte administrativo, al\u00e9m de cargos t\u00e9cnicos especializados em Administra\u00e7\u00e3o, Contabilidade, Arquivologia, Secretariado, Seguran\u00e7a do Trabalho e Tecnologia da Informa\u00e7\u00e3o. Para o n\u00edvel superior, h\u00e1 oportunidades nas \u00e1reas de Gest\u00e3o, Direito, Comunica\u00e7\u00e3o, Psicologia, entre outras.<\/p>\n<p>Este concurso representa uma excelente oportunidade para profissionais que buscam uma carreira em um conselho de classe relevante e com atua\u00e7\u00e3o em todo o estado de S\u00e3o Paulo. A validade do certame ser\u00e1 de dois anos, podendo ser prorrogada por igual per\u00edodo. Continue a leitura para obter informa\u00e7\u00f5es detalhadas sobre o processo de inscri\u00e7\u00e3o, as etapas de avalia\u00e7\u00e3o e o cronograma de resultados.<\/p>\n<h2>Inscri\u00e7\u00f5es<\/h2>\n<p>As inscri\u00e7\u00f5es para o concurso do CRP-SP estar\u00e3o abertas a partir das 10h do dia <strong>1\u00ba de julho de 2025<\/strong> e se encerram \u00e0s 23h do dia <strong>6 de agosto de 2025<\/strong>. Todo o processo deve ser realizado exclusivamente pela internet, atrav\u00e9s do site da banca organizadora, o Instituto Quadrix.<\/p>\n<p>Os valores das taxas de inscri\u00e7\u00e3o s\u00e3o:<\/p>\n<ul>\n<li><strong>N\u00edvel M\u00e9dio e T\u00e9cnico:<\/strong> R$ 58,00<\/li>\n<li><strong>N\u00edvel Superior:<\/strong> R$ 63,00<\/li>\n<\/ul>\n<p>O pagamento da taxa deve ser efetuado at\u00e9 o dia <strong>8 de agosto de 2025<\/strong>, por meio de boleto banc\u00e1rio, que pode ser pago via PIX, em ag\u00eancias banc\u00e1rias ou casas lot\u00e9ricas. \u00c9 crucial conferir se o nome do benefici\u00e1rio \u00e9 &#8220;INSTITUTO QUADRIX&#8221; antes de finalizar a transa\u00e7\u00e3o.<\/p>\n<p>Candidatos que desejam solicitar a <strong>isen\u00e7\u00e3o da taxa de inscri\u00e7\u00e3o<\/strong> devem realizar o pedido entre os dias 1\u00ba e 3 de julho de 2025, seguindo os procedimentos e enviando a documenta\u00e7\u00e3o comprobat\u00f3ria conforme especificado no edital. Ap\u00f3s a inscri\u00e7\u00e3o, \u00e9 responsabilidade do candidato acompanhar a confirma\u00e7\u00e3o e o status do seu registro na \u00e1rea restrita do site da banca. Lembre-se que n\u00e3o \u00e9 poss\u00edvel se inscrever para mais de um cargo, pois as provas ocorrer\u00e3o no mesmo dia e hor\u00e1rio para todos.<\/p>\n<p>Para garantir sua participa\u00e7\u00e3o e evitar imprevistos, recomendamos a leitura atenta e completa do edital oficial do concurso.<\/p>\n<h2>Etapas e Provas<\/h2>\n<p>O processo seletivo do concurso CRP-SP ser\u00e1 composto por at\u00e9 tr\u00eas fases, variando conforme o cargo pretendido. As provas ser\u00e3o aplicadas nas cidades de Assis, Bauru, Campinas, Mogi das Cruzes, Ribeir\u00e3o Preto, Santo Andr\u00e9, Santos, S\u00e3o Jos\u00e9 do Rio Preto, S\u00e3o Paulo, Sorocaba e Taubat\u00e9.<\/p>\n<p>As etapas s\u00e3o as seguintes:<\/p>\n<ul>\n<li><strong>Prova Objetiva:<\/strong> De car\u00e1ter <em>eliminat\u00f3rio e classificat\u00f3rio<\/em>, ser\u00e1 aplicada a todos os cargos. A prova consistir\u00e1 em 120 itens para julgamento como CERTO ou ERRADO, distribu\u00eddos entre Conhecimentos B\u00e1sicos (40 itens), Conhecimentos Complementares (30 itens) e Conhecimentos Espec\u00edficos (50 itens). Cada resposta correta soma 1,00 ponto, enquanto cada resposta errada subtrai 1,00 ponto. A aprova\u00e7\u00e3o exige pontua\u00e7\u00e3o m\u00ednima em cada \u00e1rea de conhecimento e na nota total. A dura\u00e7\u00e3o ser\u00e1 de 3 horas para cargos com apenas esta etapa e de 4 horas para os que tamb\u00e9m realizam a prova discursiva.<\/li>\n<li><strong>Prova Discursiva:<\/strong> De car\u00e1ter <em>eliminat\u00f3rio e classificat\u00f3rio<\/em>, exclusiva para os cargos de n\u00edvel superior (Analista em Gest\u00e3o e Especialista em Gest\u00e3o). Consistir\u00e1 na elabora\u00e7\u00e3o de um texto dissertativo de 20 a 30 linhas sobre um tema relacionado aos conhecimentos espec\u00edficos do cargo. A prova valer\u00e1 10,00 pontos, e ser\u00e1 necess\u00e1rio obter no m\u00ednimo 5,00 pontos para ser aprovado.<\/li>\n<li><strong>Avalia\u00e7\u00e3o de T\u00edtulos:<\/strong> De car\u00e1ter apenas <em>classificat\u00f3rio<\/em>, esta etapa \u00e9 destinada aos candidatos aprovados nas fases anteriores para os cargos de n\u00edvel t\u00e9cnico e superior. Ser\u00e3o pontuados diplomas e certificados que comprovem a forma\u00e7\u00e3o acad\u00eamica e a experi\u00eancia profissional, com valor m\u00e1ximo de 10,00 pontos.<\/li>\n<\/ul>\n<p>Para obter informa\u00e7\u00f5es detalhadas sobre o conte\u00fado program\u00e1tico de cada disciplina, os crit\u00e9rios de corre\u00e7\u00e3o e o cronograma completo, \u00e9 indispens\u00e1vel a consulta ao edital oficial do concurso.<\/p>\n<h2>Resultados e Gabarito<\/h2>\n<p>O acompanhamento dos resultados \u00e9 uma etapa crucial do concurso. Os candidatos devem ficar atentos \u00e0s datas de divulga\u00e7\u00e3o no site do Instituto Quadrix. O cronograma previsto para a publica\u00e7\u00e3o dos principais resultados \u00e9 o seguinte:<\/p>\n<ul>\n<li><strong>Gabarito Preliminar da Prova Objetiva:<\/strong> 16 de setembro de 2025.<\/li>\n<li><strong>Gabarito Definitivo e Resultado Preliminar da Prova Objetiva:<\/strong> 13 de outubro de 2025.<\/li>\n<li><strong>Resultado Definitivo da Prova Objetiva:<\/strong> 24 de outubro de 2025.<\/li>\n<li><strong>Resultado Preliminar da Prova Discursiva:<\/strong> 03 de novembro de 2025.<\/li>\n<li><strong>Resultado Definitivo da Prova Discursiva:<\/strong> 10 de novembro de 2025.<\/li>\n<li><strong>Resultado Definitivo da Avalia\u00e7\u00e3o de T\u00edtulos:<\/strong> 28 de novembro de 2025.<\/li>\n<\/ul>\n<p>Em caso de empate na nota final, os crit\u00e9rios de desempate seguir\u00e3o a seguinte ordem de prioridade: idade igual ou superior a 60 anos, maior nota na prova objetiva, maior nota na prova discursiva (quando aplic\u00e1vel), maior nota na avalia\u00e7\u00e3o de t\u00edtulos (quando aplic\u00e1vel), maior nota em conhecimentos espec\u00edficos, entre outros. A data de publica\u00e7\u00e3o do resultado final e da homologa\u00e7\u00e3o do concurso ser\u00e1 divulgada oportunamente pela banca organizadora.<\/p>\n<p>A convoca\u00e7\u00e3o dos candidatos aprovados ser\u00e1 realizada conforme a necessidade e conveni\u00eancia do CRP-SP e dever\u00e1 ser acompanhada pelo site do Instituto Quadrix e pelo Di\u00e1rio Oficial da Uni\u00e3o (DOU). \u00c9 de responsabilidade exclusiva do candidato manter-se informado sobre todas as publica\u00e7\u00f5es oficiais referentes ao certame.<\/p>\n","protected":false},"excerpt":{"rendered":"<p>Concurso CRP (SP) com edital publicado! Vagas p\/ Advogado e Administrativo (M\u00e9dio a Sup.). Inscri\u00e7\u00f5es a partir de 01\/07. Sal\u00e1rios at\u00e9 R$ 9.4k. Confira detalhes!<\/p>\n","protected":false},"author":7,"featured_media":268098,"comment_status":"open","ping_status":"open","sticky":false,"template":"","format":"standard","meta":{"_acf_changed":false,"_breakdance_hide_in_design_set":false,"_breakdance_tags":"","footnotes":""},"categories":[3,144,126,9,120,10,117,26,124,135,128,157],"tags":[62],"_amplo":[],"destaque":[],"instituicoes":[],"class_list":["post-268099","post","type-post","status-publish","format-standard","has-post-thumbnail","hentry","category-administracao","category-arquivologia","category-ciencia-computacao","category-ciencias-contabeis","category-comunicacao-social","category-direito","category-economia","category-psicologia","category-publicidade","category-secretariado","category-tecnico-em-contabilidade","category-tecnico-seguranca-trabalho","tag-sao-paulo"],"acf":{"_tipo_vagas":"vagas","_numero_vagas":"","_quadro_vagas":"","_cargos":"diversos","_cargos_especificos":"","_salario_max":"R$ 9453.19","_abertura":"20250701","_encerramento":"20250806","_inscricoes":"https:\/\/www.quadrix.org.br","_executora_concurso":"","_instituicao_concurso":[],"_link_adicional":null,"_anexos":null,"_produtos":null,"_vagas":"6 vagas + CR","_salario_min":"R$ 4659.07","_instituicao":"CRP","_edital":"https:\/\/www.agrobase.com.br\/concursos\/wp-content\/uploads\/sites\/4\/2025\/07\/edital-01-2025-crp-sp.pdf","_anexos_edital":"https:\/\/www.agrobase.com.br\/concursos\/wp-content\/uploads\/sites\/4\/2025\/07\/anexos-edital-01-2025-crp-sp.pdf","_fund_incompleto":"","_fund_completo":"","_medio":"<div>\r\n<table class=\"quadro\">\r\n<thead>\r\n<tr>\r\n<th class=\"hcargo\">Cargo<\/th>\r\n<th class=\"hvagas\">Vagas<\/th>\r\n<th class=\"hremuneracao\">Remunera\u00e7\u00e3o<\/th>\r\n<\/tr>\r\n<\/thead>\r\n    <tbody>\r\n      <td class=\"ccargos\">\r\n<span data-balloon-length=\"medium\" aria-label=\"Diploma ou certificado, devidamente registrado, de conclus\u00e3o de curso de n\u00edvel m\u00e9dio, fornecido por institui\u00e7\u00e3o de ensino reconhecida pelo Minist\u00e9rio da Educa\u00e7\u00e3o (MEC).\" data-balloon-pos=\"up\">Profissional de Suporte Administrativo\/a Unidade de Atua\u00e7\u00e3o: Sede<\/span><\/td>\r\n<td class=\"cvagas\">CR<\/td>\r\n<td class=\"cremuneracao\">R$ 4.659,07 \/30h<\/td>\r\n<\/tr><td class=\"ccargos\">\r\n<span data-balloon-length=\"medium\" aria-label=\"Diploma ou certificado, devidamente registrado, de conclus\u00e3o de curso de n\u00edvel m\u00e9dio, fornecido por institui\u00e7\u00e3o de ensino reconhecida pelo Minist\u00e9rio da Educa\u00e7\u00e3o (MEC).\" data-balloon-pos=\"up\">Profissional de Suporte Administrativo\/a Unidade de Atua\u00e7\u00e3o: Subsede Alto Tiete<\/span><\/td>\r\n<td class=\"cvagas\">CR<\/td>\r\n<td class=\"cremuneracao\">R$ 4.659,07 \/30h<\/td>\r\n<\/tr><td class=\"ccargos\">\r\n<span data-balloon-length=\"medium\" aria-label=\"Diploma ou certificado, devidamente registrado, de conclus\u00e3o de curso de n\u00edvel m\u00e9dio, fornecido por institui\u00e7\u00e3o de ensino reconhecida pelo Minist\u00e9rio da Educa\u00e7\u00e3o (MEC).\" data-balloon-pos=\"up\">Profissional de Suporte Administrativo\/a Unidade de Atua\u00e7\u00e3o: Subsede Assis<\/span><\/td>\r\n<td class=\"cvagas\">CR<\/td>\r\n<td class=\"cremuneracao\">R$ 4.659,07 \/30h<\/td>\r\n<\/tr><td class=\"ccargos\">\r\n<span data-balloon-length=\"medium\" aria-label=\"Diploma ou certificado, devidamente registrado, de conclus\u00e3o de curso de n\u00edvel m\u00e9dio, fornecido por institui\u00e7\u00e3o de ensino reconhecida pelo Minist\u00e9rio da Educa\u00e7\u00e3o (MEC).\" data-balloon-pos=\"up\">Profissional de Suporte Administrativo\/a Unidade de Atua\u00e7\u00e3o: Subsede Baixada Santista e Vale do Ribeira<\/span><\/td>\r\n<td class=\"cvagas\">CR<\/td>\r\n<td class=\"cremuneracao\">R$ 4.659,07 \/30h<\/td>\r\n<\/tr><td class=\"ccargos\">\r\n<span data-balloon-length=\"medium\" aria-label=\"Diploma ou certificado, devidamente registrado, de conclus\u00e3o de curso de n\u00edvel m\u00e9dio, fornecido por institui\u00e7\u00e3o de ensino reconhecida pelo Minist\u00e9rio da Educa\u00e7\u00e3o (MEC).\" data-balloon-pos=\"up\">Profissional de Suporte Administrativo\/a Unidade de Atua\u00e7\u00e3o: Subsede Bauru<\/span><\/td>\r\n<td class=\"cvagas\">CR<\/td>\r\n<td class=\"cremuneracao\">R$ 4.659,07 \/30h<\/td>\r\n<\/tr><td class=\"ccargos\">\r\n<span data-balloon-length=\"medium\" aria-label=\"Diploma ou certificado, devidamente registrado, de conclus\u00e3o de curso de n\u00edvel m\u00e9dio, fornecido por institui\u00e7\u00e3o de ensino reconhecida pelo Minist\u00e9rio da Educa\u00e7\u00e3o (MEC).\" data-balloon-pos=\"up\">Profissional de Suporte Administrativo\/a Unidade de Atua\u00e7\u00e3o: Subsede Campinas<\/span><\/td>\r\n<td class=\"cvagas\">01 + CR<\/td>\r\n<td class=\"cremuneracao\">R$ 4.659,07 \/30h<\/td>\r\n<\/tr><td class=\"ccargos\">\r\n<span data-balloon-length=\"medium\" aria-label=\"Diploma ou certificado, devidamente registrado, de conclus\u00e3o de curso de n\u00edvel m\u00e9dio, fornecido por institui\u00e7\u00e3o de ensino reconhecida pelo Minist\u00e9rio da Educa\u00e7\u00e3o (MEC).\" data-balloon-pos=\"up\">Profissional de Suporte Administrativo\/a Unidade de Atua\u00e7\u00e3o: Subsede Grande ABC<\/span><\/td>\r\n<td class=\"cvagas\">CR<\/td>\r\n<td class=\"cremuneracao\">R$ 4.659,07 \/30h<\/td>\r\n<\/tr><td class=\"ccargos\">\r\n<span data-balloon-length=\"medium\" aria-label=\"Diploma ou certificado, devidamente registrado, de conclus\u00e3o de curso de n\u00edvel m\u00e9dio, fornecido por institui\u00e7\u00e3o de ensino reconhecida pelo Minist\u00e9rio da Educa\u00e7\u00e3o (MEC).\" data-balloon-pos=\"up\">Profissional de Suporte Administrativo\/a Unidade de Atua\u00e7\u00e3o: Subsede Metropolitana<\/span><\/td>\r\n<td class=\"cvagas\">01 + CR<\/td>\r\n<td class=\"cremuneracao\">R$ 4.659,07 \/30h<\/td>\r\n<\/tr><td class=\"ccargos\">\r\n<span data-balloon-length=\"medium\" aria-label=\"Diploma ou certificado, devidamente registrado, de conclus\u00e3o de curso de n\u00edvel m\u00e9dio, fornecido por institui\u00e7\u00e3o de ensino reconhecida pelo Minist\u00e9rio da Educa\u00e7\u00e3o (MEC).\" data-balloon-pos=\"up\">Profissional de Suporte Administrativo\/a Unidade de Atua\u00e7\u00e3o: Subsede Ribeir\u00e3o Preto<\/span><\/td>\r\n<td class=\"cvagas\">CR<\/td>\r\n<td class=\"cremuneracao\">R$ 4.659,07 \/30h<\/td>\r\n<\/tr><td class=\"ccargos\">\r\n<span data-balloon-length=\"medium\" aria-label=\"Diploma ou certificado, devidamente registrado, de conclus\u00e3o de curso de n\u00edvel m\u00e9dio, fornecido por institui\u00e7\u00e3o de ensino reconhecida pelo Minist\u00e9rio da Educa\u00e7\u00e3o (MEC).\" data-balloon-pos=\"up\">Profissional de Suporte Administrativo\/a Unidade de Atua\u00e7\u00e3o: Subsede S\u00e3o Jos\u00e9 do Rio Preto<\/span><\/td>\r\n<td class=\"cvagas\">CR<\/td>\r\n<td class=\"cremuneracao\">R$ 4.659,07 \/30h<\/td>\r\n<\/tr><td class=\"ccargos\">\r\n<span data-balloon-length=\"medium\" aria-label=\"Diploma ou certificado, devidamente registrado, de conclus\u00e3o de curso de n\u00edvel m\u00e9dio, fornecido por institui\u00e7\u00e3o de ensino reconhecida pelo Minist\u00e9rio da Educa\u00e7\u00e3o (MEC).\" data-balloon-pos=\"up\">Profissional de Suporte Administrativo\/a Unidade de Atua\u00e7\u00e3o: Subsede Sorocaba<\/span><\/td>\r\n<td class=\"cvagas\">CR<\/td>\r\n<td class=\"cremuneracao\">R$ 4.659,07 \/30h<\/td>\r\n<\/tr><td class=\"ccargos\">\r\n<span data-balloon-length=\"medium\" aria-label=\"Diploma ou certificado, devidamente registrado, de conclus\u00e3o de curso de n\u00edvel m\u00e9dio, fornecido por institui\u00e7\u00e3o de ensino reconhecida pelo Minist\u00e9rio da Educa\u00e7\u00e3o (MEC).\" data-balloon-pos=\"up\">Profissional de Suporte Administrativo\/a Unidade de Atua\u00e7\u00e3o: Subsede Vale do Para\u00edba e Litoral Norte<\/span><\/td>\r\n<td class=\"cvagas\">CR<\/td>\r\n<td class=\"cremuneracao\">R$ 4.659,07 \/30h<\/td>\r\n<\/tr><td class=\"ccargos\">\r\n<span data-balloon-length=\"medium\" aria-label=\"Diploma ou certificado, devidamente registrado, de conclus\u00e3o de curso de n\u00edvel t\u00e9cnico em Administra\u00e7\u00e3o, fornecido por institui\u00e7\u00e3o de ensino reconhecida pelo Minist\u00e9rio da Educa\u00e7\u00e3o (MEC).\" data-balloon-pos=\"up\">T\u00e9cnico Especializado em Suporte Administrativo - T\u00e9cnico em Administra\u00e7\u00e3o<\/span><\/td>\r\n<td class=\"cvagas\">CR<\/td>\r\n<td class=\"cremuneracao\">R$ 5.874,49 \/30h<\/td>\r\n<\/tr><td class=\"ccargos\">\r\n<span data-balloon-length=\"medium\" aria-label=\"Diploma ou certificado, devidamente registrado, de conclus\u00e3o de curso de n\u00edvel t\u00e9cnico em arquivologia, fornecido por institui\u00e7\u00e3o de ensino reconhecida pelo Minist\u00e9rio da Educa\u00e7\u00e3o (MEC). Alternativamente, ser\u00e1 aceito certificado de conclus\u00e3o de ensino m\u00e9dio regular acrescido de curso profissionalizante na \u00e1rea de Biblioteca ou Documenta\u00e7\u00e3o com carga hor\u00e1ria m\u00ednima de 180 horas.\" data-balloon-pos=\"up\">T\u00e9cnico Especializado em Suporte Administrativo - T\u00e9cnico em Arquivologia<\/span><\/td>\r\n<td class=\"cvagas\">CR<\/td>\r\n<td class=\"cremuneracao\">R$ 5.874,49 \/30h<\/td>\r\n<\/tr><td class=\"ccargos\">\r\n<span data-balloon-length=\"medium\" aria-label=\"Diploma ou certificado, devidamente registrado, de conclus\u00e3o de curso de n\u00edvel t\u00e9cnico em Contabilidade, fornecido por institui\u00e7\u00e3o de ensino reconhecida pelo Minist\u00e9rio da Educa\u00e7\u00e3o (MEC). Ser\u00e1 aceito tamb\u00e9m diploma de curso de gradua\u00e7\u00e3o de n\u00edvel superior conclu\u00eddo de Ci\u00eancias Cont\u00e1beis. Registro ativo no Conselho Regional de Contabilidade (CRC).\" data-balloon-pos=\"up\">T\u00e9cnico Especializado em Suporte Administrativo - T\u00e9cnico em Contabilidade<\/span><\/td>\r\n<td class=\"cvagas\">CR<\/td>\r\n<td class=\"cremuneracao\">R$ 5.874,49 \/30h<\/td>\r\n<\/tr><td class=\"ccargos\">\r\n<span data-balloon-length=\"medium\" aria-label=\"Diploma ou certificado, devidamente registrado, de conclus\u00e3o de curso de n\u00edvel t\u00e9cnico em Secretariado, fornecido por institui\u00e7\u00e3o de ensino reconhecida pelo Minist\u00e9rio da Educa\u00e7\u00e3o (MEC). Registro profissional ativo na Superintend\u00eancia Regional do Trabalho e Emprego (SRTE), \u00f3rg\u00e3o regional vinculado ao Minist\u00e9rio do Trabalho e Emprego (MTE), conforme legisla\u00e7\u00e3o vigente.\" data-balloon-pos=\"up\">T\u00e9cnico Especializado em Suporte Administrativo - T\u00e9cnico em Secretariado<\/span><\/td>\r\n<td class=\"cvagas\">CR<\/td>\r\n<td class=\"cremuneracao\">R$ 5.874,49 \/30h<\/td>\r\n<\/tr><td class=\"ccargos\">\r\n<span data-balloon-length=\"medium\" aria-label=\"Diploma ou certificado, devidamente registrado, de conclus\u00e3o de curso de n\u00edvel t\u00e9cnico em Seguran\u00e7a do Trabalho, fornecido por institui\u00e7\u00e3o de ensino reconhecida pelo Minist\u00e9rio da Educa\u00e7\u00e3o (MEC). Registro profissional ativo na Superintend\u00eancia Regional do Trabalho e Emprego (SRTE), \u00f3rg\u00e3o regional vinculado ao Minist\u00e9rio do Trabalho e Emprego (MTE), conforme legisla\u00e7\u00e3o vigente.\" data-balloon-pos=\"up\">T\u00e9cnico Especializado em Suporte Administrativo - T\u00e9cnico de Seguran\u00e7a do Trabalho<\/span><\/td>\r\n<td class=\"cvagas\">CR<\/td>\r\n<td class=\"cremuneracao\">R$ 5.874,49 \/30h<\/td>\r\n<\/tr><td class=\"ccargos\">\r\n<span data-balloon-length=\"medium\" aria-label=\"Diploma ou certificado, devidamente registrado, de conclus\u00e3o de curso de n\u00edvel t\u00e9cnico em uma das seguintes \u00e1reas: Desenvolvimento de Sistemas, Inform\u00e1tica, Manuten\u00e7\u00e3o e Suporte em Inform\u00e1tica, Redes de Computadores, Tecnologia da Informa\u00e7\u00e3o ou cursos t\u00e9cnicos equivalentes na \u00e1rea de Tecnologia da Informa\u00e7\u00e3o, fornecido por institui\u00e7\u00e3o de ensino reconhecida pelo Minist\u00e9rio da Educa\u00e7\u00e3o (MEC).\" data-balloon-pos=\"up\">T\u00e9cnico Especializado em Suporte Administrativo - T\u00e9cnico em Tecnologia da Informa\u00e7\u00e3o e Comunica\u00e7\u00e3o<\/span><\/td>\r\n<td class=\"cvagas\">CR<\/td>\r\n<td class=\"cremuneracao\">R$ 5.874,49 \/30h<\/td>\r\n<\/tr>\r\n    <\/tbody>\r\n  <\/table>\r\n<\/div>","_superior":"<div>\r\n<table class=\"quadro\">\r\n<thead>\r\n<tr>\r\n<th class=\"hcargo\">Cargo<\/th>\r\n<th class=\"hvagas\">Vagas<\/th>\r\n<th class=\"hremuneracao\">Remunera\u00e7\u00e3o<\/th>\r\n<\/tr>\r\n<\/thead>\r\n    <tbody>\r\n      <tr>\r\n<td class=\"ccargos\">\r\n<span data-balloon-length=\"medium\" aria-label=\"Diploma ou certificado, devidamente registrado, de conclus\u00e3o de curso de gradua\u00e7\u00e3o de n\u00edvel superior em Administra\u00e7\u00e3o ou Gest\u00e3o P\u00fablica, fornecido por institui\u00e7\u00e3o de ensino reconhecida pelo Minist\u00e9rio da Educa\u00e7\u00e3o (MEC). Registro ativo no Conselho Regional de Administra\u00e7\u00e3o (CRA).\" data-balloon-pos=\"up\">Analista em Gest\u00e3o - Administrador\/a<\/span><\/td>\r\n<td class=\"cvagas\">CR<\/td>\r\n<td class=\"cremuneracao\">R$ 8.102,73 \/30h<\/td>\r\n<\/tr><tr>\r\n<td class=\"ccargos\">\r\n<span data-balloon-length=\"medium\" aria-label=\"Diploma ou certificado, devidamente registrado, de conclus\u00e3o de curso de gradua\u00e7\u00e3o de n\u00edvel superior em Administra\u00e7\u00e3o, Ci\u00eancias Cont\u00e1beis, Ci\u00eancias Econ\u00f4micas ou Gest\u00e3o P\u00fablica, fornecido por institui\u00e7\u00e3o de ensino reconhecida pelo Minist\u00e9rio da Educa\u00e7\u00e3o (MEC). Registro ativo no respectivo conselho de classe.\" data-balloon-pos=\"up\">Analista em Gest\u00e3o - Analista Financeiro<\/span><\/td>\r\n<td class=\"cvagas\">CR<\/td>\r\n<td class=\"cremuneracao\">R$ 8.102,73 \/30h<\/td>\r\n<\/tr><tr>\r\n<td class=\"ccargos\">\r\n<span data-balloon-length=\"medium\" aria-label=\"Diploma ou certificado, devidamente registrado, de conclus\u00e3o de curso de gradua\u00e7\u00e3o de n\u00edvel superior em Administra\u00e7\u00e3o, Ci\u00eancias Cont\u00e1beis, Ci\u00eancias Econ\u00f4micas, Direito ou Gest\u00e3o P\u00fablica, fornecido por institui\u00e7\u00e3o de ensino reconhecida pelo Minist\u00e9rio da Educa\u00e7\u00e3o (MEC). Registro ativo no respectivo Conselho de Classe, quando aplic\u00e1vel.\" data-balloon-pos=\"up\">Analista em Gest\u00e3o - Compras e Licita\u00e7\u00f5es<\/span><\/td>\r\n<td class=\"cvagas\">CR<\/td>\r\n<td class=\"cremuneracao\">R$ 8.102,73 \/30h<\/td>\r\n<\/tr><tr>\r\n<td class=\"ccargos\">\r\n<span data-balloon-length=\"medium\" aria-label=\"Diploma ou certificado, devidamente registrado, de conclus\u00e3o de curso de gradua\u00e7\u00e3o de n\u00edvel superior em Comunica\u00e7\u00e3o Social (com habilita\u00e7\u00e3o em Jornalismo, Rela\u00e7\u00f5es P\u00fablicas ou Publicidade e Propaganda), Jornalismo, Marketing, Rela\u00e7\u00f5es P\u00fablicas ou Publicidade e Propaganda, fornecido por institui\u00e7\u00e3o de ensino reconhecida pelo Minist\u00e9rio da Educa\u00e7\u00e3o (MEC). Registro ativo no respectivo conselho de classe ou \u00f3rg\u00e3o regulador da profiss\u00e3o, quando aplic\u00e1vel.\" data-balloon-pos=\"up\">Analista em Gest\u00e3o - Comunica\u00e7\u00e3o<\/span><\/td>\r\n<td class=\"cvagas\">CR<\/td>\r\n<td class=\"cremuneracao\">R$ 8.102,73 \/30h<\/td>\r\n<\/tr><tr>\r\n<td class=\"ccargos\">\r\n<span data-balloon-length=\"medium\" aria-label=\"Diploma ou certificado, devidamente registrado, de conclus\u00e3o de curso de gradua\u00e7\u00e3o de n\u00edvel superior em Direito, fornecido por institui\u00e7\u00e3o de ensino reconhecida pelo Minist\u00e9rio da Educa\u00e7\u00e3o (MEC). Registro ativo na Ordem dos Advogados do Brasil (OAB).\" data-balloon-pos=\"up\">Especialista em Gest\u00e3o - Advogado\/a<\/span><\/td>\r\n<td class=\"cvagas\">01 + CR<\/td>\r\n<td class=\"cremuneracao\">R$ 9.453,19 \/30h<\/td>\r\n<\/tr><tr>\r\n<td class=\"ccargos\">\r\n<span data-balloon-length=\"medium\" aria-label=\"Diploma ou certificado, devidamente registrado, de conclus\u00e3o de curso de gradua\u00e7\u00e3o de n\u00edvel superior em Ci\u00eancias Cont\u00e1beis, fornecido por institui\u00e7\u00e3o de ensino reconhecida pelo Minist\u00e9rio da Educa\u00e7\u00e3o (MEC). Registro ativo no Conselho Regional de Contabilidade (CRC).\" data-balloon-pos=\"up\">Especialista em Gest\u00e3o - Contador\/a<\/span><\/td>\r\n<td class=\"cvagas\">CR<\/td>\r\n<td class=\"cremuneracao\">R$ 9.453,19 \/30h<\/td>\r\n<\/tr><tr>\r\n<td class=\"ccargos\">\r\n<span data-balloon-length=\"medium\" aria-label=\"Diploma ou certificado, devidamente registrado, de conclus\u00e3o de curso de gradua\u00e7\u00e3o de n\u00edvel superior em Arquivologia, fornecido por institui\u00e7\u00e3o de ensino reconhecida pelo Minist\u00e9rio da Educa\u00e7\u00e3o (MEC).\" data-balloon-pos=\"up\">Especialista em Gest\u00e3o - Documental<\/span><\/td>\r\n<td class=\"cvagas\">CR<\/td>\r\n<td class=\"cremuneracao\">R$ 9.453,19 \/30h<\/td>\r\n<\/tr><tr>\r\n<td class=\"ccargos\">\r\n<span data-balloon-length=\"medium\" aria-label=\"Diploma ou certificado, devidamente registrado, de conclus\u00e3o de curso de gradua\u00e7\u00e3o de n\u00edvel superior em Psicologia e curso de p\u00f3s-gradua\u00e7\u00e3o em n\u00edvel de especializa\u00e7\u00e3o (lato sensu), mestrado ou doutorado em Psicologia Organizacional, fornecidos por institui\u00e7\u00e3o de ensino reconhecida pelo Minist\u00e9rio da Educa\u00e7\u00e3o (MEC). Registro ativo no Conselho Regional de Psicologia (CRP).\" data-balloon-pos=\"up\">Especialista em Gest\u00e3o - Psic\u00f3logo\/a Organizacional<\/span><\/td>\r\n<td class=\"cvagas\">CR<\/td>\r\n<td class=\"cremuneracao\">R$ 9.453,19 \/30h<\/td>\r\n<\/tr><tr>\r\n<td class=\"ccargos\">\r\n<span data-balloon-length=\"medium\" aria-label=\"Diploma ou certificado, devidamente registrado, de conclus\u00e3o de curso de gradua\u00e7\u00e3o de n\u00edvel superior em An\u00e1lise e Desenvolvimento de Sistemas, Ci\u00eancia da Computa\u00e7\u00e3o, Engenharia da Computa\u00e7\u00e3o, Engenharia de Software, Sistemas de Informa\u00e7\u00e3o Tecnologia em Redes de Computadores, Tecnologia em Seguran\u00e7a da Informa\u00e7\u00e3o, Tecnologia da Informa\u00e7\u00e3o, ou cursos de gradua\u00e7\u00e3o equivalentes na \u00e1rea de Tecnologia da Informa\u00e7\u00e3o, fornecido por institui\u00e7\u00e3o de ensino reconhecida pelo Minist\u00e9rio da Educa\u00e7\u00e3o (MEC).\" data-balloon-pos=\"up\">Especialista em Gest\u00e3o - Tecnologia da Informa\u00e7\u00e3o e Comunica\u00e7\u00e3o<\/span><\/td>\r\n<td class=\"cvagas\">CR<\/td>\r\n<td class=\"cremuneracao\">R$ 9.453,19 \/30h<\/td>\r\n<\/tr><tr>\r\n<td class=\"ccargos\">\r\n<span data-balloon-length=\"medium\" aria-label=\"Diploma ou certificado, devidamente registrado, de conclus\u00e3o de curso de gradua\u00e7\u00e3o de n\u00edvel superior em Psicologia, fornecido por institui\u00e7\u00e3o de ensino reconhecida pelo Minist\u00e9rio da Educa\u00e7\u00e3o (MEC). Registro ativo no Conselho Regional de Psicologia (CRP).\" data-balloon-pos=\"up\">Especialista T\u00e9cnico - Psic\u00f3logo\/a Unidade de Atua\u00e7\u00e3o: Subsede Alto Tiete<\/span><\/td>\r\n<td class=\"cvagas\">CR<\/td>\r\n<td class=\"cremuneracao\">R$ 9.453,19 \/30h<\/td>\r\n<\/tr><tr>\r\n<td class=\"ccargos\">\r\n<span data-balloon-length=\"medium\" aria-label=\"Diploma ou certificado, devidamente registrado, de conclus\u00e3o de curso de gradua\u00e7\u00e3o de n\u00edvel superior em Psicologia, fornecido por institui\u00e7\u00e3o de ensino reconhecida pelo Minist\u00e9rio da Educa\u00e7\u00e3o (MEC). Registro ativo no Conselho Regional de Psicologia (CRP).\" data-balloon-pos=\"up\">Especialista T\u00e9cnico - Psic\u00f3logo\/a Unidade de Atua\u00e7\u00e3o: Subsede Assis<\/span><\/td>\r\n<td class=\"cvagas\">01 + CR<\/td>\r\n<td class=\"cremuneracao\">R$ 9.453,19 \/30h<\/td>\r\n<\/tr><tr>\r\n<td class=\"ccargos\">\r\n<span data-balloon-length=\"medium\" aria-label=\"Diploma ou certificado, devidamente registrado, de conclus\u00e3o de curso de gradua\u00e7\u00e3o de n\u00edvel superior em Psicologia, fornecido por institui\u00e7\u00e3o de ensino reconhecida pelo Minist\u00e9rio da Educa\u00e7\u00e3o (MEC). Registro ativo no Conselho Regional de Psicologia (CRP).\" data-balloon-pos=\"up\">Especialista T\u00e9cnico - Psic\u00f3logo\/a Unidade de Atua\u00e7\u00e3o: Subsede Baixada Santista e Vale do Ribeira<\/span><\/td>\r\n<td class=\"cvagas\">01 + CR<\/td>\r\n<td class=\"cremuneracao\">R$ 9.453,19 \/30h<\/td>\r\n<\/tr><tr>\r\n<td class=\"ccargos\">\r\n<span data-balloon-length=\"medium\" aria-label=\"Diploma ou certificado, devidamente registrado, de conclus\u00e3o de curso de gradua\u00e7\u00e3o de n\u00edvel superior em Psicologia, fornecido por institui\u00e7\u00e3o de ensino reconhecida pelo Minist\u00e9rio da Educa\u00e7\u00e3o (MEC). Registro ativo no Conselho Regional de Psicologia (CRP).\" data-balloon-pos=\"up\">Especialista T\u00e9cnico - Psic\u00f3logo\/a Unidade de Atua\u00e7\u00e3o: Subsede Bauru<\/span><\/td>\r\n<td class=\"cvagas\">01 + CR<\/td>\r\n<td class=\"cremuneracao\">R$ 9.453,19 \/30h<\/td>\r\n<\/tr><tr>\r\n<td class=\"ccargos\">\r\n<span data-balloon-length=\"medium\" aria-label=\"Diploma ou certificado, devidamente registrado, de conclus\u00e3o de curso de gradua\u00e7\u00e3o de n\u00edvel superior em Psicologia, fornecido por institui\u00e7\u00e3o de ensino reconhecida pelo Minist\u00e9rio da Educa\u00e7\u00e3o (MEC). Registro ativo no Conselho Regional de Psicologia (CRP).\" data-balloon-pos=\"up\">Especialista T\u00e9cnico - Psic\u00f3logo\/a Unidade de Atua\u00e7\u00e3o: Subsede Campinas<\/span><\/td>\r\n<td class=\"cvagas\">CR<\/td>\r\n<td class=\"cremuneracao\">R$ 9.453,19 \/30h<\/td>\r\n<\/tr><tr>\r\n<td class=\"ccargos\">\r\n<span data-balloon-length=\"medium\" aria-label=\"Diploma ou certificado, devidamente registrado, de conclus\u00e3o de curso de gradua\u00e7\u00e3o de n\u00edvel superior em Psicologia, fornecido por institui\u00e7\u00e3o de ensino reconhecida pelo Minist\u00e9rio da Educa\u00e7\u00e3o (MEC). Registro ativo no Conselho Regional de Psicologia (CRP).\" data-balloon-pos=\"up\">Especialista T\u00e9cnico - Psic\u00f3logo\/a Unidade de Atua\u00e7\u00e3o: Subsede Grande ABC<\/span><\/td>\r\n<td class=\"cvagas\">CR<\/td>\r\n<td class=\"cremuneracao\">R$ 9.453,19 \/30h<\/td>\r\n<\/tr><tr>\r\n<td class=\"ccargos\">\r\n<span data-balloon-length=\"medium\" aria-label=\"Diploma ou certificado, devidamente registrado, de conclus\u00e3o de curso de gradua\u00e7\u00e3o de n\u00edvel superior em Psicologia, fornecido por institui\u00e7\u00e3o de ensino reconhecida pelo Minist\u00e9rio da Educa\u00e7\u00e3o (MEC). Registro ativo no Conselho Regional de Psicologia (CRP).\" data-balloon-pos=\"up\">Especialista T\u00e9cnico - Psic\u00f3logo\/a Unidade de Atua\u00e7\u00e3o: Subsede Metropolitana<\/span><\/td>\r\n<td class=\"cvagas\">CR<\/td>\r\n<td class=\"cremuneracao\">R$ 9.453,19 \/30h<\/td>\r\n<\/tr><tr>\r\n<td class=\"ccargos\">\r\n<span data-balloon-length=\"medium\" aria-label=\"Diploma ou certificado, devidamente registrado, de conclus\u00e3o de curso de gradua\u00e7\u00e3o de n\u00edvel superior em Psicologia, fornecido por institui\u00e7\u00e3o de ensino reconhecida pelo Minist\u00e9rio da Educa\u00e7\u00e3o (MEC). Registro ativo no Conselho Regional de Psicologia (CRP).\" data-balloon-pos=\"up\">Especialista T\u00e9cnico - Psic\u00f3logo\/a Unidade de Atua\u00e7\u00e3o: Subsede Ribeir\u00e3o Preto<\/span><\/td>\r\n<td class=\"cvagas\">CR<\/td>\r\n<td class=\"cremuneracao\">R$ 9.453,19 \/30h<\/td>\r\n<\/tr><tr>\r\n<td class=\"ccargos\">\r\n<span data-balloon-length=\"medium\" aria-label=\"Diploma ou certificado, devidamente registrado, de conclus\u00e3o de curso de gradua\u00e7\u00e3o de n\u00edvel superior em Psicologia, fornecido por institui\u00e7\u00e3o de ensino reconhecida pelo Minist\u00e9rio da Educa\u00e7\u00e3o (MEC). Registro ativo no Conselho Regional de Psicologia (CRP).\" data-balloon-pos=\"up\">Especialista T\u00e9cnico - Psic\u00f3logo\/a Unidade de Atua\u00e7\u00e3o: Subsede S\u00e3o Jos\u00e9 do Rio Preto<\/span><\/td>\r\n<td class=\"cvagas\">CR<\/td>\r\n<td class=\"cremuneracao\">R$ 9.453,19 \/30h<\/td>\r\n<\/tr><tr>\r\n<td class=\"ccargos\">\r\n<span data-balloon-length=\"medium\" aria-label=\"Diploma ou certificado, devidamente registrado, de conclus\u00e3o de curso de gradua\u00e7\u00e3o de n\u00edvel superior em Psicologia, fornecido por institui\u00e7\u00e3o de ensino reconhecida pelo Minist\u00e9rio da Educa\u00e7\u00e3o (MEC). Registro ativo no Conselho Regional de Psicologia (CRP).\" data-balloon-pos=\"up\">Especialista T\u00e9cnico - Psic\u00f3logo\/a Unidade de Atua\u00e7\u00e3o: Subsede Sorocaba<\/span><\/td>\r\n<td class=\"cvagas\">CR<\/td>\r\n<td class=\"cremuneracao\">R$ 9.453,19 \/30h<\/td>\r\n<\/tr><tr>\r\n<td class=\"ccargos\">\r\n<span data-balloon-length=\"medium\" aria-label=\"Diploma ou certificado, devidamente registrado, de conclus\u00e3o de curso de gradua\u00e7\u00e3o de n\u00edvel superior em Psicologia, fornecido por institui\u00e7\u00e3o de ensino reconhecida pelo Minist\u00e9rio da Educa\u00e7\u00e3o (MEC). Registro ativo no Conselho Regional de Psicologia (CRP).\" data-balloon-pos=\"up\">Especialista T\u00e9cnico - Psic\u00f3logo\/a Unidade de Atua\u00e7\u00e3o: Subsede Vale do Para\u00edba e Litoral Norte<\/span><\/td>\r\n<td class=\"cvagas\">CR<\/td>\r\n<td class=\"cremuneracao\">R$ 9.453,19 \/30h<\/td>\r\n<\/tr>\r\n    <\/tbody>\r\n  <\/table>\r\n<\/div>"},"_links":{"self":[{"href":"https:\/\/www.agrobase.com.br\/concursos\/wp-json\/wp\/v2\/posts\/268099","targetHints":{"allow":["GET"]}}],"collection":[{"href":"https:\/\/www.agrobase.com.br\/concursos\/wp-json\/wp\/v2\/posts"}],"about":[{"href":"https:\/\/www.agrobase.com.br\/concursos\/wp-json\/wp\/v2\/types\/post"}],"author":[{"embeddable":true,"href":"https:\/\/www.agrobase.com.br\/concursos\/wp-json\/wp\/v2\/users\/7"}],"replies":[{"embeddable":true,"href":"https:\/\/www.agrobase.com.br\/concursos\/wp-json\/wp\/v2\/comments?post=268099"}],"version-history":[{"count":2,"href":"https:\/\/www.agrobase.com.br\/concursos\/wp-json\/wp\/v2\/posts\/268099\/revisions"}],"predecessor-version":[{"id":268105,"href":"https:\/\/www.agrobase.com.br\/concursos\/wp-json\/wp\/v2\/posts\/268099\/revisions\/268105"}],"wp:featuredmedia":[{"embeddable":true,"href":"https:\/\/www.agrobase.com.br\/concursos\/wp-json\/wp\/v2\/media\/268098"}],"wp:attachment":[{"href":"https:\/\/www.agrobase.com.br\/concursos\/wp-json\/wp\/v2\/media?parent=268099"}],"wp:term":[{"taxonomy":"category","embeddable":true,"href":"https:\/\/www.agrobase.com.br\/concursos\/wp-json\/wp\/v2\/categories?post=268099"},{"taxonomy":"post_tag","embeddable":true,"href":"https:\/\/www.agrobase.com.br\/concursos\/wp-json\/wp\/v2\/tags?post=268099"},{"taxonomy":"_amplo","embeddable":true,"href":"https:\/\/www.agrobase.com.br\/concursos\/wp-json\/wp\/v2\/_amplo?post=268099"},{"taxonomy":"destaque","embeddable":true,"href":"https:\/\/www.agrobase.com.br\/concursos\/wp-json\/wp\/v2\/destaque?post=268099"},{"taxonomy":"instituicoes","embeddable":true,"href":"https:\/\/www.agrobase.com.br\/concursos\/wp-json\/wp\/v2\/instituicoes?post=268099"}],"curies":[{"name":"wp","href":"https:\/\/api.w.org\/{rel}","templated":true}]}}