{"id":268037,"date":"2025-07-02T08:20:50","date_gmt":"2025-07-02T11:20:50","guid":{"rendered":"https:\/\/www.agrobase.com.br\/concursos\/?p=268037"},"modified":"2025-07-01T15:45:19","modified_gmt":"2025-07-01T18:45:19","slug":"prefeitura-rio-de-janeiro-rj-concurso-36-2025","status":"publish","type":"post","link":"https:\/\/www.agrobase.com.br\/concursos\/2025\/prefeitura-rio-de-janeiro-rj-concurso-36-2025\/","title":{"rendered":"Prefeitura Rio de Janeiro (RJ) &#8211; Concurso 36\/2025"},"content":{"rendered":"<h2>Informa\u00e7\u00f5es Gerais<\/h2>\n<p>O edital do Concurso P\u00fablico para a Procuradoria-Geral do Munic\u00edpio do Rio de Janeiro (PGM-Rio), a Procuradoria-Geral da C\u00e2mara Municipal e a C\u00e2mara Municipal do Rio de Janeiro foi publicado. Organizado pela Funda\u00e7\u00e3o Getulio Vargas (FGV), o certame, regido pelo Edital F\/SUBGGC \u2116 36\/2025, visa o preenchimento de <strong>45 vagas imediatas e a forma\u00e7\u00e3o de cadastro de reserva<\/strong> para cargos de Apoio.<\/p>\n<p>As oportunidades s\u00e3o para profissionais de <strong>N\u00edvel Superior<\/strong>, com vagas distribu\u00eddas entre as \u00e1reas de Direito, Gest\u00e3o, Comunica\u00e7\u00e3o e Administrativa. A contrata\u00e7\u00e3o dos aprovados ser\u00e1 pelo <strong>regime Estatut\u00e1rio<\/strong>, garantindo estabilidade. Este concurso representa uma excelente oportunidade para ingressar em \u00f3rg\u00e3os de grande relev\u00e2ncia no cen\u00e1rio municipal.<\/p>\n<p>Nas se\u00e7\u00f5es seguintes, voc\u00ea encontrar\u00e1 informa\u00e7\u00f5es detalhadas sobre o processo de inscri\u00e7\u00e3o, as etapas de avalia\u00e7\u00e3o e os crit\u00e9rios de classifica\u00e7\u00e3o. Continue a leitura para se preparar da melhor forma para este importante certame.<\/p>\n<h2>Inscri\u00e7\u00f5es<\/h2>\n<p>As inscri\u00e7\u00f5es para o concurso est\u00e3o abertas e devem ser realizadas exclusivamente pela internet. O per\u00edodo para se candidatar inicia <strong>\u00e0s 16h do dia 30 de junho de 2025 e encerra \u00e0s 16h do dia 31 de julho de 2025<\/strong>, no site oficial da banca organizadora.<\/p>\n<p>Para confirmar a participa\u00e7\u00e3o, \u00e9 necess\u00e1rio seguir estes passos:<\/p>\n<ul>\n<li>Acessar o endere\u00e7o eletr\u00f4nico <strong><a href=\"https:\/\/conhecimento.fgv.br\/concursos\/pgmcmrio\" target=\"_blank\" rel=\"noopener noreferrer\">https:\/\/conhecimento.fgv.br\/concursos\/pgmcmrio<\/a><\/strong> e preencher o formul\u00e1rio de inscri\u00e7\u00e3o.<\/li>\n<li>Gerar o Documento de Arrecada\u00e7\u00e3o de Receitas Municipais (DARM RIO) no valor de <strong>R$ 100,00<\/strong>.<\/li>\n<li>Efetuar o pagamento do boleto at\u00e9 o dia <strong>1 de agosto de 2025<\/strong>.<\/li>\n<\/ul>\n<p>O edital prev\u00ea a possibilidade de solicitar isen\u00e7\u00e3o da taxa de inscri\u00e7\u00e3o, e os crit\u00e9rios para o benef\u00edcio devem ser consultados no documento oficial. \u00c9 permitido se inscrever para mais de um cargo, desde que as provas ocorram em turnos distintos ou para o grupo de cargos da \u00e1rea de Direito, que ter\u00e3o prova unificada. Cada inscri\u00e7\u00e3o exige o pagamento de uma taxa. Ap\u00f3s a confirma\u00e7\u00e3o, o candidato deve acompanhar o status da sua inscri\u00e7\u00e3o na \u00e1rea restrita do site da FGV.<\/p>\n<p>\u00c9 fundamental a leitura completa do edital para conhecer todas as regras e procedimentos.<\/p>\n<h2>Etapas e Provas<\/h2>\n<p>O processo seletivo ser\u00e1 composto por duas etapas principais, ambas de car\u00e1ter eliminat\u00f3rio e classificat\u00f3rio, realizadas na cidade do Rio de Janeiro\/RJ na data prov\u00e1vel de <strong>14 de setembro de 2025<\/strong>. As provas ocorrer\u00e3o em turnos distintos, com dura\u00e7\u00e3o total de 5 horas por turno.<\/p>\n<ul>\n<li><strong>Prova Objetiva:<\/strong> Composta por quest\u00f5es de m\u00faltipla escolha com cinco alternativas, abrangendo Conhecimentos Gerais e Conhecimentos Espec\u00edficos. Para ser aprovado, o candidato dever\u00e1 atingir a pontua\u00e7\u00e3o m\u00ednima exigida em cada m\u00f3dulo, conforme o cargo pretendido.<\/li>\n<li><strong>Prova Dissertativa:<\/strong> Consistir\u00e1 na elabora\u00e7\u00e3o de um texto dissertativo de 20 a 30 linhas. Apenas ser\u00e3o corrigidas as provas dos candidatos habilitados na Prova Objetiva e classificados dentro do limite de vagas estipulado no edital. A aprova\u00e7\u00e3o nesta fase depende da obten\u00e7\u00e3o de uma nota m\u00ednima, que tamb\u00e9m varia de acordo com o cargo.<\/li>\n<\/ul>\n<p>As avalia\u00e7\u00f5es para os cargos de Analista (Direito) ocorrer\u00e3o no turno da manh\u00e3, das 8h \u00e0s 13h. Para os demais cargos, as provas ser\u00e3o aplicadas no turno da tarde, das 15h \u00e0s 20h. \u00c9 permitido levar o caderno de quest\u00f5es apenas nos 30 minutos finais da prova.<\/p>\n<p>Para informa\u00e7\u00f5es detalhadas sobre o conte\u00fado program\u00e1tico, crit\u00e9rios de avalia\u00e7\u00e3o e o cronograma completo, \u00e9 indispens\u00e1vel a consulta ao edital oficial do concurso.<\/p>\n<h2>Resultados e Gabarito<\/h2>\n<p>A divulga\u00e7\u00e3o dos gabaritos preliminares, resultados de cada etapa e a classifica\u00e7\u00e3o final ocorrer\u00e1 no endere\u00e7o eletr\u00f4nico da FGV. A nota final dos candidatos ser\u00e1 calculada pela soma das pontua\u00e7\u00f5es obtidas na Prova Objetiva e na Prova Dissertativa.<\/p>\n<p>Em caso de empate na classifica\u00e7\u00e3o final, ser\u00e3o aplicados os seguintes crit\u00e9rios de desempate, nesta ordem:<\/p>\n<ul>\n<li>Idade igual ou superior a 60 anos;<\/li>\n<li>Maior pontua\u00e7\u00e3o no m\u00f3dulo de Conhecimentos Espec\u00edficos da Prova Objetiva;<\/li>\n<li>Maior pontua\u00e7\u00e3o na Prova Dissertativa;<\/li>\n<li>Maior pontua\u00e7\u00e3o no m\u00f3dulo de Conhecimentos Gerais da Prova Objetiva;<\/li>\n<li>Ter exercido a fun\u00e7\u00e3o de jurado;<\/li>\n<li>Maior idade.<\/li>\n<\/ul>\n<p>Ap\u00f3s a an\u00e1lise de todos os recursos, o resultado final do concurso ser\u00e1 homologado e publicado. A convoca\u00e7\u00e3o dos candidatos aprovados seguir\u00e1 rigorosamente a ordem de classifica\u00e7\u00e3o. O certame ter\u00e1 validade de 2 anos, a contar da data de homologa\u00e7\u00e3o, podendo ser prorrogado uma vez por igual per\u00edodo.<\/p>\n<p>\u00c9 de responsabilidade exclusiva do candidato acompanhar todas as publica\u00e7\u00f5es oficiais, incluindo editais, comunicados e resultados, no site da banca organizadora, a FGV.<\/p>\n","protected":false},"excerpt":{"rendered":"<p>Concurso Pref. Rio de Janeiro (RJ) com edital publicado! Vagas p\/ Analista de Procuradoria\/Direito (Superior). Inscri\u00e7\u00f5es a partir de 30\/06. At\u00e9 R$14.9k. Confira!<\/p>\n","protected":false},"author":7,"featured_media":268036,"comment_status":"open","ping_status":"open","sticky":false,"template":"","format":"standard","meta":{"_acf_changed":false,"_breakdance_hide_in_design_set":false,"_breakdance_tags":"","footnotes":""},"categories":[3,120,10,117,99,124,110],"tags":[56],"_amplo":[],"destaque":[],"instituicoes":[],"class_list":["post-268037","post","type-post","status-publish","format-standard","has-post-thumbnail","hentry","category-administracao","category-comunicacao-social","category-direito","category-economia","category-jornalismo","category-publicidade","category-relacoes-publicas","tag-rio-de-janeiro"],"acf":{"_tipo_vagas":"vagas","_numero_vagas":"","_quadro_vagas":"","_cargos":"diversos","_cargos_especificos":"","_salario_max":"R$ 14966.23","_abertura":"20250630","_encerramento":"20250731","_inscricoes":"https:\/\/conhecimento.fgv.br\/concursos\/pgmcmrio","_executora_concurso":"","_instituicao_concurso":[],"_link_adicional":null,"_anexos":null,"_produtos":null,"_vagas":"45 vagas + CR","_salario_min":"R$ 12405.92","_instituicao":"Prefeitura de Rio de Janeiro","_edital":"https:\/\/www.agrobase.com.br\/concursos\/wp-content\/uploads\/sites\/4\/2025\/07\/edital-36-2025-prefeitura-de-rio-de-janeiro-rj.pdf","_anexos_edital":"https:\/\/www.agrobase.com.br\/concursos\/wp-content\/uploads\/sites\/4\/2025\/07\/anexos-edital-36-2025-prefeitura-de-rio-de-janeiro-rj.pdf","_fund_incompleto":"","_fund_completo":"","_medio":"","_superior":"<div>\r\n<table class=\"quadro\">\r\n<thead>\r\n<tr>\r\n<th class=\"hcargo\">Cargo<\/th>\r\n<th class=\"hvagas\">Vagas<\/th>\r\n<th class=\"hremuneracao\">Remunera\u00e7\u00e3o<\/th>\r\n<\/tr>\r\n<\/thead>\r\n    <tbody>\r\n      <tr>\r\n<td class=\"ccargos\">\r\n<span data-balloon-length=\"medium\" aria-label=\"Diploma, devidamente registrado, de conclus\u00e3o de curso de n\u00edvel superior em Direito, fornecido por institui\u00e7\u00e3o de ensino superior reconhecida pelo Minist\u00e9rio da Educa\u00e7\u00e3o (MEC).\" data-balloon-pos=\"up\">Analista de Procuradoria - Especialidade Direito<\/span><\/td>\r\n<td class=\"cvagas\">24 + CR<\/td>\r\n<td class=\"cremuneracao\">R$ 12.405,92<\/td>\r\n<\/tr><tr>\r\n<td class=\"ccargos\">\r\n<span data-balloon-length=\"medium\" aria-label=\"Diploma, devidamente registrado, de conclus\u00e3o de curso de n\u00edvel superior, fornecido por institui\u00e7\u00e3o de ensino superior reconhecida pelo Minist\u00e9rio da Educa\u00e7\u00e3o (MEC) nas \u00e1reas de Administra\u00e7\u00e3o ou Economia.\" data-balloon-pos=\"up\">Analista de Procuradoria - Especialidade Gest\u00e3o<\/span><\/td>\r\n<td class=\"cvagas\">14 + CR<\/td>\r\n<td class=\"cremuneracao\">R$ 12.405,92<\/td>\r\n<\/tr><tr>\r\n<td class=\"ccargos\">\r\n<span data-balloon-length=\"medium\" aria-label=\"Diploma, devidamente registrado, de conclus\u00e3o de curso de n\u00edvel superior, fornecido por institui\u00e7\u00e3o de ensino superior reconhecida pelo Minist\u00e9rio da Educa\u00e7\u00e3o (MEC) nas \u00e1reas de Jornalismo, Comunica\u00e7\u00e3o, Publicidade e Propaganda, Rela\u00e7\u00f5es P\u00fablicas ou Marketing.\" data-balloon-pos=\"up\">Analista de Procuradoria - Especialidade Comunica\u00e7\u00e3o<\/span><\/td>\r\n<td class=\"cvagas\">1 + CR<\/td>\r\n<td class=\"cremuneracao\">R$ 12.405,92<\/td>\r\n<\/tr><tr>\r\n<td class=\"ccargos\">\r\n<span data-balloon-length=\"medium\" aria-label=\"Diploma, devidamente registrado, de conclus\u00e3o de curso de n\u00edvel superior, fornecido por institui\u00e7\u00e3o de ensino superior reconhecida pelo Minist\u00e9rio da Educa\u00e7\u00e3o (MEC).\" data-balloon-pos=\"up\">Analista de Procuradoria - Especialidade Administrativa<\/span><\/td>\r\n<td class=\"cvagas\">2 + CR<\/td>\r\n<td class=\"cremuneracao\">R$ 12.405,92<\/td>\r\n<\/tr><tr>\r\n<td class=\"ccargos\">\r\n<span data-balloon-length=\"medium\" aria-label=\"Diploma, devidamente registrado, de conclus\u00e3o de curso de gradua\u00e7\u00e3o de n\u00edvel superior em Direito, fornecido por institui\u00e7\u00e3o de ensino superior reconhecida pelo Minist\u00e9rio da Educa\u00e7\u00e3o (MEC).\" data-balloon-pos=\"up\">Analista de Procuradoria<\/span><\/td>\r\n<td class=\"cvagas\">2 + CR<\/td>\r\n<td class=\"cremuneracao\">R$ 14.966,23<\/td>\r\n<\/tr><tr>\r\n<td class=\"ccargos\">\r\n<span data-balloon-length=\"medium\" aria-label=\"Diploma, devidamente registrado, de conclus\u00e3o de curso de n\u00edvel superior em Direito, fornecido por institui\u00e7\u00e3o de ensino superior reconhecida pelo Minist\u00e9rio da Educa\u00e7\u00e3o.\" data-balloon-pos=\"up\">Analista Legislativo - Especialidade Direito<\/span><\/td>\r\n<td class=\"cvagas\">2 + CR<\/td>\r\n<td class=\"cremuneracao\">R$ 14.966,23<\/td>\r\n<\/tr>\r\n    <\/tbody>\r\n  <\/table>\r\n<\/div>"},"_links":{"self":[{"href":"https:\/\/www.agrobase.com.br\/concursos\/wp-json\/wp\/v2\/posts\/268037","targetHints":{"allow":["GET"]}}],"collection":[{"href":"https:\/\/www.agrobase.com.br\/concursos\/wp-json\/wp\/v2\/posts"}],"about":[{"href":"https:\/\/www.agrobase.com.br\/concursos\/wp-json\/wp\/v2\/types\/post"}],"author":[{"embeddable":true,"href":"https:\/\/www.agrobase.com.br\/concursos\/wp-json\/wp\/v2\/users\/7"}],"replies":[{"embeddable":true,"href":"https:\/\/www.agrobase.com.br\/concursos\/wp-json\/wp\/v2\/comments?post=268037"}],"version-history":[{"count":2,"href":"https:\/\/www.agrobase.com.br\/concursos\/wp-json\/wp\/v2\/posts\/268037\/revisions"}],"predecessor-version":[{"id":268041,"href":"https:\/\/www.agrobase.com.br\/concursos\/wp-json\/wp\/v2\/posts\/268037\/revisions\/268041"}],"wp:featuredmedia":[{"embeddable":true,"href":"https:\/\/www.agrobase.com.br\/concursos\/wp-json\/wp\/v2\/media\/268036"}],"wp:attachment":[{"href":"https:\/\/www.agrobase.com.br\/concursos\/wp-json\/wp\/v2\/media?parent=268037"}],"wp:term":[{"taxonomy":"category","embeddable":true,"href":"https:\/\/www.agrobase.com.br\/concursos\/wp-json\/wp\/v2\/categories?post=268037"},{"taxonomy":"post_tag","embeddable":true,"href":"https:\/\/www.agrobase.com.br\/concursos\/wp-json\/wp\/v2\/tags?post=268037"},{"taxonomy":"_amplo","embeddable":true,"href":"https:\/\/www.agrobase.com.br\/concursos\/wp-json\/wp\/v2\/_amplo?post=268037"},{"taxonomy":"destaque","embeddable":true,"href":"https:\/\/www.agrobase.com.br\/concursos\/wp-json\/wp\/v2\/destaque?post=268037"},{"taxonomy":"instituicoes","embeddable":true,"href":"https:\/\/www.agrobase.com.br\/concursos\/wp-json\/wp\/v2\/instituicoes?post=268037"}],"curies":[{"name":"wp","href":"https:\/\/api.w.org\/{rel}","templated":true}]}}