{"id":267969,"date":"2025-07-21T07:10:07","date_gmt":"2025-07-21T10:10:07","guid":{"rendered":"https:\/\/www.agrobase.com.br\/concursos\/?p=267969"},"modified":"2025-07-18T12:09:38","modified_gmt":"2025-07-18T15:09:38","slug":"prefeitura-pesqueira-pe-selecao-simplificada-01-2025","status":"publish","type":"post","link":"https:\/\/www.agrobase.com.br\/concursos\/2025\/prefeitura-pesqueira-pe-selecao-simplificada-01-2025\/","title":{"rendered":"Prefeitura Pesqueira (PE) &#8211; Sele\u00e7\u00e3o Simplificada 01\/2025 [prorrogado]"},"content":{"rendered":"<h2>Informa\u00e7\u00f5es Gerais<\/h2>\n<p>O edital para a <strong>Sele\u00e7\u00e3o P\u00fablica Simplificada da Secretaria de Sa\u00fade de Pesqueira<\/strong>, em Pernambuco, foi publicado. Organizado pelo Instituto Igeduc, o certame visa o preenchimento de <strong>277 vagas<\/strong> para 37 fun\u00e7\u00f5es distintas, sob regime de contrata\u00e7\u00e3o tempor\u00e1ria por excepcional interesse p\u00fablico. As oportunidades abrangem os n\u00edveis de escolaridade fundamental, m\u00e9dio, t\u00e9cnico e superior, destinadas a refor\u00e7ar as equipes da Secretaria de Sa\u00fade do munic\u00edpio.<\/p>\n<p>O processo seletivo se destaca por oferecer vagas em diversas \u00e1reas da sa\u00fade, incluindo cargos administrativos, t\u00e9cnicos e de n\u00edvel superior. Para os profissionais das \u00e1reas de ci\u00eancias agr\u00e1rias e biol\u00f3gicas, o certame oferece oportunidades para <strong>M\u00e9dico Veterin\u00e1rio<\/strong> e <strong>Nutricionista<\/strong>, al\u00e9m de outras fun\u00e7\u00f5es como Biom\u00e9dico, Enfermeiro, Fisioterapeuta e M\u00e9dico.<\/p>\n<p>A sele\u00e7\u00e3o ser\u00e1 realizada em etapa \u00fanica, por meio de avalia\u00e7\u00e3o de t\u00edtulos e experi\u00eancia profissional, dispensando a aplica\u00e7\u00e3o de provas objetivas. Continue a leitura para conferir os detalhes sobre o processo de inscri\u00e7\u00e3o, as etapas de avalia\u00e7\u00e3o e o cronograma de resultados.<\/p>\n<h2>Inscri\u00e7\u00f5es<\/h2>\n<p>As inscri\u00e7\u00f5es para a sele\u00e7\u00e3o p\u00fablica da Secretaria de Sa\u00fade de Pesqueira estar\u00e3o abertas no per\u00edodo de <strong>27 de junho de 2025 a 30 de julho de 2025<\/strong>. Todo o processo deve ser realizado <em>exclusivamente de forma online<\/em>, por meio do preenchimento do formul\u00e1rio dispon\u00edvel na \u00c1rea do Candidato no site da banca organizadora, o Instituto Igeduc.<\/p>\n<p>Os valores da taxa de inscri\u00e7\u00e3o variam conforme o n\u00edvel de escolaridade do cargo pretendido:<\/p>\n<ul>\n<li><strong>N\u00edvel Fundamental:<\/strong> R$ 40,00<\/li>\n<li><strong>N\u00edvel M\u00e9dio e T\u00e9cnico:<\/strong> R$ 45,00<\/li>\n<li><strong>N\u00edvel Superior:<\/strong> R$ 50,00<\/li>\n<\/ul>\n<p>O pagamento pode ser efetuado via boleto banc\u00e1rio ou PIX, que ser\u00e1 gerado ao final do preenchimento do formul\u00e1rio. \u00c9 fundamental que o candidato observe rigorosamente a data de vencimento para garantir sua participa\u00e7\u00e3o. O edital prev\u00ea a possibilidade de solicitar isen\u00e7\u00e3o da taxa para candidatos hipossuficientes, e os crit\u00e9rios e procedimentos para o pedido devem ser consultados no documento oficial.<\/p>\n<p>Ap\u00f3s a confirma\u00e7\u00e3o do pagamento ou o deferimento do pedido de isen\u00e7\u00e3o, o candidato poder\u00e1 acompanhar o status de sua inscri\u00e7\u00e3o e emitir o Cart\u00e3o de Confirma\u00e7\u00e3o de Inscri\u00e7\u00e3o (CCI) diretamente na \u00c1rea do Candidato.<\/p>\n<h2>Etapas e Provas<\/h2>\n<p>Este processo seletivo ser\u00e1 conduzido em uma <strong>etapa \u00fanica<\/strong>, de car\u00e1ter eliminat\u00f3rio e classificat\u00f3rio, denominada <strong>Avalia\u00e7\u00e3o de T\u00edtulos e Experi\u00eancia Profissional<\/strong>. Diferentemente de concursos tradicionais, n\u00e3o haver\u00e1 aplica\u00e7\u00e3o de provas escritas. A classifica\u00e7\u00e3o final ser\u00e1 baseada na pontua\u00e7\u00e3o obtida a partir da an\u00e1lise dos documentos enviados pelos candidatos.<\/p>\n<p>A pontua\u00e7\u00e3o m\u00e1xima \u00e9 de 100 pontos, distribu\u00edda da seguinte forma:<\/p>\n<ul>\n<li><strong>Avalia\u00e7\u00e3o de T\u00edtulos e Forma\u00e7\u00e3o Educacional (at\u00e9 40 pontos):<\/strong> Ser\u00e3o pontuados cursos de aperfei\u00e7oamento, especializa\u00e7\u00e3o, resid\u00eancia, mestrado e doutorado, desde que sejam diretamente relacionados \u00e0 fun\u00e7\u00e3o pretendida.<\/li>\n<li><strong>Avalia\u00e7\u00e3o de Experi\u00eancia Profissional (at\u00e9 60 pontos):<\/strong> A pontua\u00e7\u00e3o ser\u00e1 calculada com base no tempo de servi\u00e7o comprovado em atividades correlatas ao cargo. A comprova\u00e7\u00e3o pode ser feita por meio da Carteira de Trabalho (CTPS), contratos de trabalho ou declara\u00e7\u00f5es de tempo de servi\u00e7o.<\/li>\n<\/ul>\n<p>Toda a documenta\u00e7\u00e3o comprobat\u00f3ria deve ser digitalizada e enviada (upload) atrav\u00e9s da \u00c1rea do Candidato no site do IGEDUC, nos formatos e prazos estabelecidos no edital. A apresenta\u00e7\u00e3o dos documentos que comprovam os requisitos m\u00ednimos para o cargo (como diploma e registro profissional) \u00e9 obrigat\u00f3ria e tem car\u00e1ter eliminat\u00f3rio. A n\u00e3o apresenta\u00e7\u00e3o ou a obten\u00e7\u00e3o de nota zero na avalia\u00e7\u00e3o resultar\u00e1 na elimina\u00e7\u00e3o do candidato.<\/p>\n<h2>Resultados e Gabarito<\/h2>\n<p>O cronograma oficial do certame prev\u00ea a divulga\u00e7\u00e3o do <strong>resultado preliminar<\/strong> para o dia <strong>05 de agosto de 2025<\/strong>. A lista ser\u00e1 publicada no site do Instituto Igeduc. Ap\u00f3s essa publica\u00e7\u00e3o, os candidatos poder\u00e3o interpor recursos contra o resultado entre os dias 05 e 07 de agosto de 2025 (at\u00e9 as 12h), utilizando o formul\u00e1rio eletr\u00f4nico dispon\u00edvel na \u00c1rea do Candidato.<\/p>\n<p>O <strong>resultado definitivo<\/strong> da sele\u00e7\u00e3o, j\u00e1 considerando a an\u00e1lise dos recursos, est\u00e1 previsto para ser divulgado em <strong>13 de agosto de 2025<\/strong>. A homologa\u00e7\u00e3o do resultado final ser\u00e1 realizada pela Secretaria de Sa\u00fade do Munic\u00edpio de Pesqueira e publicada na imprensa oficial.<\/p>\n<p>Os crit\u00e9rios de desempate, caso ocorra igualdade na pontua\u00e7\u00e3o final, seguir\u00e3o esta ordem de prioridade:<\/p>\n<ul>\n<li>Candidato com idade igual ou superior a 60 anos;<\/li>\n<li>Maior pontua\u00e7\u00e3o no crit\u00e9rio de t\u00edtulos;<\/li>\n<li>Maior pontua\u00e7\u00e3o no crit\u00e9rio de experi\u00eancia profissional;<\/li>\n<li>Maior idade (considerando data de nascimento);<\/li>\n<li>Candidato que exerceu a fun\u00e7\u00e3o de jurado;<\/li>\n<li>Sorteio p\u00fablico.<\/li>\n<\/ul>\n<p>A convoca\u00e7\u00e3o dos aprovados ser\u00e1 feita pela Prefeitura de Pesqueira, de acordo com a necessidade e a ordem de classifica\u00e7\u00e3o, por meio de publica\u00e7\u00e3o na imprensa oficial e no site da prefeitura. Embora notifica\u00e7\u00f5es possam ser enviadas por e-mail ou telegrama, \u00e9 de responsabilidade exclusiva do candidato acompanhar todas as publica\u00e7\u00f5es oficiais no site da banca e da prefeitura.<\/p>\n","protected":false},"excerpt":{"rendered":"<p>Sele\u00e7\u00e3o Simplificada Pref. Pesqueira (PE) com edital publicado! Vagas p\/ M\u00e9dico e T\u00e9cnico Enfermagem (Fund. a Sup.). Inscri\u00e7\u00f5es a partir de 27\/06. Confira detalhes!<\/p>\n","protected":false},"author":7,"featured_media":267968,"comment_status":"open","ping_status":"open","sticky":false,"template":"","format":"standard","meta":{"_acf_changed":false,"_breakdance_hide_in_design_set":false,"_breakdance_tags":"","footnotes":""},"categories":[7,11,12,17,18,19,21,22,23,24,26,101,108,143],"tags":[54],"_amplo":[6427],"destaque":[],"instituicoes":[],"class_list":["post-267969","post","type-post","status-publish","format-standard","has-post-thumbnail","hentry","category-biomedicina","category-educacao-fisica","category-enfermagem","category-farmacia","category-fisioterapia","category-fonoaudiologia","category-medicina","category-veterinaria","category-nutricao","category-odontologia","category-psicologia","category-servico-social","category-tecnico-enfermagem","category-tecnico-odontologia","tag-pernambuco","_amplo-nivel-medio"],"acf":{"_tipo_vagas":"vagas","_numero_vagas":"","_quadro_vagas":"","_cargos":"diversos","_cargos_especificos":"","_salario_max":"R$ 6500","_abertura":"20250627","_encerramento":"20250730","_inscricoes":"https:\/\/igeduc.selecao.net.br\/informacoes\/101\/","_executora_concurso":"","_instituicao_concurso":[],"_link_adicional":null,"_anexos":[{"_arquivo_anexo":268942,"_titulo_anexo":"Edital de Prorroga\u00e7\u00e3o"}],"_produtos":null,"_vagas":"277 vagas","_salario_min":"R$ 1518","_instituicao":"Prefeitura de Pesqueira","_edital":"https:\/\/www.agrobase.com.br\/concursos\/wp-content\/uploads\/sites\/4\/2025\/06\/edital-01-2025-prefeitura-de-pesqueira-pe.pdf","_anexos_edital":"https:\/\/www.agrobase.com.br\/concursos\/wp-content\/uploads\/sites\/4\/2025\/06\/anexos-edital-01-2025-prefeitura-de-pesqueira-pe.pdf","_fund_incompleto":"<div>\r\n<table class=\"quadro\">\r\n<thead>\r\n<tr>\r\n<th class=\"hcargo\">Cargo<\/th>\r\n<th class=\"hvagas\">Vagas<\/th>\r\n<th class=\"hremuneracao\">Remunera\u00e7\u00e3o<\/th>\r\n<\/tr>\r\n<\/thead>\r\n    <tbody>\r\n      <td class=\"ccargos\">\r\n<span data-balloon-length=\"medium\" aria-label=\"Possuir hist\u00f3rico escolar que comprove que o candidato fez, pelo menos, at\u00e9 o 5\u00ba ano do Ensino Fundamental, expedido por institui\u00e7\u00e3o de ensino reconhecida pelo \u00f3rg\u00e3o competente.\" data-balloon-pos=\"up\">Auxiliar de Servi\u00e7os Gerais<\/span><\/td>\r\n<td class=\"cvagas\">27<\/td>\r\n<td class=\"cremuneracao\">R$ 1.518,00 \/40h<\/td>\r\n<\/tr>\r\n    <\/tbody>\r\n  <\/table>\r\n<\/div>","_fund_completo":"<div>\r\n<table class=\"quadro\">\r\n<thead>\r\n<tr>\r\n<th class=\"hcargo\">Cargo<\/th>\r\n<th class=\"hvagas\">Vagas<\/th>\r\n<th class=\"hremuneracao\">Remunera\u00e7\u00e3o<\/th>\r\n<\/tr>\r\n<\/thead>\r\n    <tbody>\r\n      <td class=\"ccargos\">\r\n<span data-balloon-length=\"medium\" aria-label=\"Possuir Ensino Fundamental completo.\" data-balloon-pos=\"up\">Auxiliar de Manuten\u00e7\u00e3o Predial<\/span><\/td>\r\n<td class=\"cvagas\">04<\/td>\r\n<td class=\"cremuneracao\">R$ 1.518,00 \/40h<\/td>\r\n<\/tr><td class=\"ccargos\">\r\n<span data-balloon-length=\"medium\" aria-label=\"Possuir Ensino Fundamental completo.\" data-balloon-pos=\"up\">Cozinheiro<\/span><\/td>\r\n<td class=\"cvagas\">03<\/td>\r\n<td class=\"cremuneracao\">R$ 1.518,00 \/40h<\/td>\r\n<\/tr>\r\n    <\/tbody>\r\n  <\/table>\r\n<\/div>","_medio":"<div>\r\n<table class=\"quadro\">\r\n<thead>\r\n<tr>\r\n<th class=\"hcargo\">Cargo<\/th>\r\n<th class=\"hvagas\">Vagas<\/th>\r\n<th class=\"hremuneracao\">Remunera\u00e7\u00e3o<\/th>\r\n<\/tr>\r\n<\/thead>\r\n    <tbody>\r\n      <td class=\"ccargos\">\r\n<span data-balloon-length=\"medium\" aria-label=\"Possuir Ensino M\u00e9dio completo.\" data-balloon-pos=\"up\">Agente de Vigil\u00e2ncia em Sa\u00fade<\/span><\/td>\r\n<td class=\"cvagas\">05<\/td>\r\n<td class=\"cremuneracao\">R$ 1.518,00 \/40h<\/td>\r\n<\/tr><td class=\"ccargos\">\r\n<span data-balloon-length=\"medium\" aria-label=\"Possuir Ensino M\u00e9dio completo.\" data-balloon-pos=\"up\">Artes\u00e3o do CAPS<\/span><\/td>\r\n<td class=\"cvagas\">01<\/td>\r\n<td class=\"cremuneracao\">R$ 1.518,00 \/40h<\/td>\r\n<\/tr><td class=\"ccargos\">\r\n<span data-balloon-length=\"medium\" aria-label=\"Possuir Ensino M\u00e9dio completo.\" data-balloon-pos=\"up\">Auxiliar Administrativo<\/span><\/td>\r\n<td class=\"cvagas\">15<\/td>\r\n<td class=\"cremuneracao\">R$ 1.518,00 \/40h<\/td>\r\n<\/tr><td class=\"ccargos\">\r\n<span data-balloon-length=\"medium\" aria-label=\"Possuir Ensino M\u00e9dio completo.\" data-balloon-pos=\"up\">Auxiliar de Laborat\u00f3rio<\/span><\/td>\r\n<td class=\"cvagas\">01<\/td>\r\n<td class=\"cremuneracao\">R$ 1.518,00 \/40h<\/td>\r\n<\/tr><td class=\"ccargos\">\r\n<span data-balloon-length=\"medium\" aria-label=\"Possuir diploma ou certificado de Ensino m\u00e9dio com registro profissional no CRO.\" data-balloon-pos=\"up\">Auxiliar de Sa\u00fade Bucal<\/span><\/td>\r\n<td class=\"cvagas\">18<\/td>\r\n<td class=\"cremuneracao\">R$ 1.518,00 \/40h<\/td>\r\n<\/tr><td class=\"ccargos\">\r\n<span data-balloon-length=\"medium\" data-balloon-pos=\"up\">Condutor de Assist\u00eancia Farmac\u00eautica<\/span><\/td>\r\n<td class=\"cvagas\">01<\/td>\r\n<td class=\"cremuneracao\">R$ 1.518,00 \/40h<\/td>\r\n<\/tr><td class=\"ccargos\">\r\n<span data-balloon-length=\"medium\" data-balloon-pos=\"up\">Condutor de Ve\u00edculo de Emerg\u00eancia \u2013 SAMU<\/span><\/td>\r\n<td class=\"cvagas\">03<\/td>\r\n<td class=\"cremuneracao\">R$ 1.518,00 \/40h<\/td>\r\n<\/tr><td class=\"ccargos\">\r\n<span data-balloon-length=\"medium\" aria-label=\"Possuir Ensino M\u00e9dio completo, Carteira Nacional de habilita\u00e7\u00e3o na categoria D e curso completo e atualizado para condutores de ve\u00edculos de emerg\u00eancia.\" data-balloon-pos=\"up\">Condutor de Ve\u00edculo de Emerg\u00eancia \u2013 ZONA RURAL<\/span><\/td>\r\n<td class=\"cvagas\">12<\/td>\r\n<td class=\"cremuneracao\">R$ 1.518,00 \/40h<\/td>\r\n<\/tr><td class=\"ccargos\">\r\n<span data-balloon-length=\"medium\" data-balloon-pos=\"up\">Motorista \"B\"<\/span><\/td>\r\n<td class=\"cvagas\">10<\/td>\r\n<td class=\"cremuneracao\">R$ 1.518,00 \/40h<\/td>\r\n<\/tr><td class=\"ccargos\">\r\n<span data-balloon-length=\"medium\" data-balloon-pos=\"up\">Motorista \"D\"<\/span><\/td>\r\n<td class=\"cvagas\">17<\/td>\r\n<td class=\"cremuneracao\">R$ 1.518,00 \/40h<\/td>\r\n<\/tr><td class=\"ccargos\">\r\n<span data-balloon-length=\"medium\" aria-label=\"Possuir Ensino M\u00e9dio completo.\" data-balloon-pos=\"up\">Terapeuta Hol\u00edstico<\/span><\/td>\r\n<td class=\"cvagas\">01<\/td>\r\n<td class=\"cremuneracao\">R$ 1.518,00 \/40h<\/td>\r\n<\/tr><td class=\"ccargos\">\r\n<span data-balloon-length=\"medium\" aria-label=\"Possuir Ensino M\u00e9dio completo, curso de T\u00e9cnico em enfermagem completo, e registro no conselho de classe. Remunera\u00e7\u00e3o: R$ 1.518,00 + complemento (piso salarial).\" data-balloon-pos=\"up\">T\u00e9cnico de Enfermagem \u2013 Aten\u00e7\u00e3o Especializada<\/span><\/td>\r\n<td class=\"cvagas\">11<\/td>\r\n<td class=\"cremuneracao\">R$ 1.518,00 \/40h<\/td>\r\n<\/tr><td class=\"ccargos\">\r\n<span data-balloon-length=\"medium\" aria-label=\"Possuir Ensino M\u00e9dio reconhecido pelo MEC e curso de T\u00e9cnico em enfermagem completo, e registro no conselho de classe. Remunera\u00e7\u00e3o: R$ 1.518,00 + complemento (piso salarial).\" data-balloon-pos=\"up\">T\u00e9cnico de Enfermagem - Aten\u00e7\u00e3o Prim\u00e1ria em Sa\u00fade<\/span><\/td>\r\n<td class=\"cvagas\">42<\/td>\r\n<td class=\"cremuneracao\">R$ 1.518,00 \/40h<\/td>\r\n<\/tr><td class=\"ccargos\">\r\n<span data-balloon-length=\"medium\" aria-label=\"Possuir Ensino M\u00e9dio completo, curso de T\u00e9cnico em enfermagem completo, e registro no conselho de classe. Remunera\u00e7\u00e3o: R$ 1.518,00 + complemento (piso salarial).\" data-balloon-pos=\"up\">T\u00e9cnico de Enfermagem - SAMU<\/span><\/td>\r\n<td class=\"cvagas\">03<\/td>\r\n<td class=\"cremuneracao\">R$ 1.518,00 \/40h<\/td>\r\n<\/tr><td class=\"ccargos\">\r\n<span data-balloon-length=\"medium\" aria-label=\"Possuir Ensino M\u00e9dio completo, curso de T\u00e9cnico em enfermagem completo, e registro no conselho de classe. Remunera\u00e7\u00e3o: R$ 1.518,00 + complemento (piso salarial).\" data-balloon-pos=\"up\">T\u00e9cnico de Enfermagem - TFD<\/span><\/td>\r\n<td class=\"cvagas\">08<\/td>\r\n<td class=\"cremuneracao\">R$ 1.518,00 \/40h<\/td>\r\n<\/tr><td class=\"ccargos\">\r\n<span data-balloon-length=\"medium\" aria-label=\"Possuir Ensino M\u00e9dio completo, curso de T\u00e9cnico em enfermagem completo, e registro no conselho de classe. Remunera\u00e7\u00e3o: R$ 1.518,00 + complemento (piso salarial).\" data-balloon-pos=\"up\">T\u00e9cnico de Enfermagem \u2013 Vigil\u00e2ncia em Sa\u00fade<\/span><\/td>\r\n<td class=\"cvagas\">03<\/td>\r\n<td class=\"cremuneracao\">R$ 1.518,00 \/40h<\/td>\r\n<\/tr><td class=\"ccargos\">\r\n<span data-balloon-length=\"medium\" aria-label=\"Possuir Ensino M\u00e9dio completo com Curso T\u00e9cnico em Veterin\u00e1ria devidamente reconhecido pelo \u00f3rg\u00e3o competente.\" data-balloon-pos=\"up\">T\u00e9cnico Veterin\u00e1rio<\/span><\/td>\r\n<td class=\"cvagas\">01<\/td>\r\n<td class=\"cremuneracao\">R$ 1.518,00 \/40h<\/td>\r\n<\/tr>\r\n    <\/tbody>\r\n  <\/table>\r\n<\/div>","_superior":"<div>\r\n<table class=\"quadro\">\r\n<thead>\r\n<tr>\r\n<th class=\"hcargo\">Cargo<\/th>\r\n<th class=\"hvagas\">Vagas<\/th>\r\n<th class=\"hremuneracao\">Remunera\u00e7\u00e3o<\/th>\r\n<\/tr>\r\n<\/thead>\r\n    <tbody>\r\n      <tr>\r\n<td class=\"ccargos\">\r\n<span data-balloon-length=\"medium\" aria-label=\"Possuir diploma ou certificado de conclus\u00e3o de Ensino Superior completo em Servi\u00e7o Social, reconhecido pelo MEC, e registro no conselho de classe.\" data-balloon-pos=\"up\">Assistente Social<\/span><\/td>\r\n<td class=\"cvagas\">04<\/td>\r\n<td class=\"cremuneracao\">R$ 1.800,00 \/30h<\/td>\r\n<\/tr><tr>\r\n<td class=\"ccargos\">\r\n<span data-balloon-length=\"medium\" aria-label=\"Possuir Ensino Superior completo em Biomedicina ou Farm\u00e1cia com habilita\u00e7\u00e3o em an\u00e1lises cl\u00ednicas, reconhecido pelo MEC, e registro no conselho de classe competente.\" data-balloon-pos=\"up\">Biom\u00e9dico<\/span><\/td>\r\n<td class=\"cvagas\">02<\/td>\r\n<td class=\"cremuneracao\">R$ 1.800,00 \/40h<\/td>\r\n<\/tr><tr>\r\n<td class=\"ccargos\">\r\n<span data-balloon-length=\"medium\" aria-label=\"Possuir Ensino Superior completo, reconhecido pelo MEC, em Odontologia, e registro no conselho de classe.\" data-balloon-pos=\"up\">Cirurgi\u00e3o Dentista<\/span><\/td>\r\n<td class=\"cvagas\">12<\/td>\r\n<td class=\"cremuneracao\">R$ 2.500,00 \/40h<\/td>\r\n<\/tr><tr>\r\n<td class=\"ccargos\">\r\n<span data-balloon-length=\"medium\" aria-label=\"Possuir Ensino Superior completo, reconhecido pelo MEC, em Odontologia, e registro no conselho de classe.\" data-balloon-pos=\"up\">Cirurgi\u00e3o Dentista Bucomaxilofacial<\/span><\/td>\r\n<td class=\"cvagas\">02<\/td>\r\n<td class=\"cremuneracao\">R$ 2.500,00 \/30h<\/td>\r\n<\/tr><tr>\r\n<td class=\"ccargos\">\r\n<span data-balloon-length=\"medium\" aria-label=\"Possuir Ensino Superior completo, reconhecido pelo MEC e registro no conselho de classe.\" data-balloon-pos=\"up\">Educador F\u00edsico da Academia de Sa\u00fade<\/span><\/td>\r\n<td class=\"cvagas\">05<\/td>\r\n<td class=\"cremuneracao\">R$ 1.800,00 \/40h<\/td>\r\n<\/tr><tr>\r\n<td class=\"ccargos\">\r\n<span data-balloon-length=\"medium\" aria-label=\"Possuir Ensino Superior completo, curso, reconhecido pelo MEC, em Enfermagem e registro no Conselho Nacional da Ordem dos Enfermeiros. Remunera\u00e7\u00e3o: R$ 2.500,00 + complemento (piso salarial).\" data-balloon-pos=\"up\">Enfermeiro da Aten\u00e7\u00e3o Prim\u00e1ria em Sa\u00fade<\/span><\/td>\r\n<td class=\"cvagas\">21<\/td>\r\n<td class=\"cremuneracao\">R$ 2.500,00 \/40h<\/td>\r\n<\/tr><tr>\r\n<td class=\"ccargos\">\r\n<span data-balloon-length=\"medium\" aria-label=\"Possuir Ensino Superior completo, curso, reconhecido pelo MEC, em Farm\u00e1cia, e registro no Conselho Regional de Farm\u00e1cia.\" data-balloon-pos=\"up\">Farmac\u00eautico<\/span><\/td>\r\n<td class=\"cvagas\">04<\/td>\r\n<td class=\"cremuneracao\">R$ 1.800,00 \/40h<\/td>\r\n<\/tr><tr>\r\n<td class=\"ccargos\">\r\n<span data-balloon-length=\"medium\" aria-label=\"Possuir Ensino Superior completo, curso, reconhecido pelo MEC, em Farm\u00e1cia, e registro no Conselho Regional de Farm\u00e1cia.\" data-balloon-pos=\"up\">Farmac\u00eautico da Vigil\u00e2ncia em Sa\u00fade<\/span><\/td>\r\n<td class=\"cvagas\">01<\/td>\r\n<td class=\"cremuneracao\">R$ 2.000,00 \/40h<\/td>\r\n<\/tr><tr>\r\n<td class=\"ccargos\">\r\n<span data-balloon-length=\"medium\" aria-label=\"Possuir Ensino Superior completo, curso, reconhecido pelo MEC, em Fisioterapia, e registro no Conselho Federal de Fisioterapia e Terapia Ocupacional.\" data-balloon-pos=\"up\">Fisioterapeuta<\/span><\/td>\r\n<td class=\"cvagas\">07<\/td>\r\n<td class=\"cremuneracao\">R$ 1.800,00 \/30h<\/td>\r\n<\/tr><tr>\r\n<td class=\"ccargos\">\r\n<span data-balloon-length=\"medium\" aria-label=\"Possuir Ensino Superior completo, curso, reconhecido pelo MEC, em Fonoaudiologia, e registro no Conselho Federal de Fonoaudiologia.\" data-balloon-pos=\"up\">Fonoaudi\u00f3logo<\/span><\/td>\r\n<td class=\"cvagas\">02<\/td>\r\n<td class=\"cremuneracao\">R$ 1.800,00 \/30h<\/td>\r\n<\/tr><tr>\r\n<td class=\"ccargos\">\r\n<span data-balloon-length=\"medium\" aria-label=\"Possuir Ensino Superior em Medicina e registro no Conselho de Classe.\" data-balloon-pos=\"up\">M\u00e9dico da Aten\u00e7\u00e3o Prim\u00e1ria em Sa\u00fade<\/span><\/td>\r\n<td class=\"cvagas\">16<\/td>\r\n<td class=\"cremuneracao\">R$ 6.500,00 \/40h<\/td>\r\n<\/tr><tr>\r\n<td class=\"ccargos\">\r\n<span data-balloon-length=\"medium\" aria-label=\"Possuir Ensino Superior completo.\" data-balloon-pos=\"up\">M\u00e9dico Infectologista<\/span><\/td>\r\n<td class=\"cvagas\">01<\/td>\r\n<td class=\"cremuneracao\">R$ 5.000,00 \/30h<\/td>\r\n<\/tr><tr>\r\n<td class=\"ccargos\">\r\n<span data-balloon-length=\"medium\" aria-label=\"Possuir Ensino Superior completo em Medicina, reconhecido pelo MEC, registro no Conselho Regional de Medicina, certificado de conclus\u00e3o de Resid\u00eancia M\u00e9dica em Pediatria reconhecido pela Comiss\u00e3o Nacional de Resid\u00eancia M\u00e9dica, ou Especializa\u00e7\u00e3o em Pediatria reconhecido pelo MEC.\" data-balloon-pos=\"up\">M\u00e9dico Pediatra<\/span><\/td>\r\n<td class=\"cvagas\">01<\/td>\r\n<td class=\"cremuneracao\">R$ 6.500,00 \/30h<\/td>\r\n<\/tr><tr>\r\n<td class=\"ccargos\">\r\n<span data-balloon-length=\"medium\" aria-label=\"Possuir Ensino Superior completo, curso, reconhecido pelo MEC, em Veterin\u00e1ria, e registro no Conselho Regional de Medicina Veterin\u00e1ria.\" data-balloon-pos=\"up\">M\u00e9dico Veterin\u00e1rio da Vigil\u00e2ncia em Sa\u00fade \u2013 150H<\/span><\/td>\r\n<td class=\"cvagas\">01<\/td>\r\n<td class=\"cremuneracao\">R$ 1.800,00 \/37.5h<\/td>\r\n<\/tr><tr>\r\n<td class=\"ccargos\">\r\n<span data-balloon-length=\"medium\" aria-label=\"Possuir Ensino Superior completo, reconhecido pelo MEC, em Nutricionista, e registro no conselho de classe.\" data-balloon-pos=\"up\">Nutricionista<\/span><\/td>\r\n<td class=\"cvagas\">04<\/td>\r\n<td class=\"cremuneracao\">R$ 1.800,00 \/40h<\/td>\r\n<\/tr><tr>\r\n<td class=\"ccargos\">\r\n<span data-balloon-length=\"medium\" aria-label=\"Possuir Ensino Superior completo, reconhecido pelo MEC, em Psicologia, e registro no conselho de classe.\" data-balloon-pos=\"up\">Psic\u00f3logo<\/span><\/td>\r\n<td class=\"cvagas\">07<\/td>\r\n<td class=\"cremuneracao\">R$ 1.800,00 \/40h<\/td>\r\n<\/tr><tr>\r\n<td class=\"ccargos\">\r\n<span data-balloon-length=\"medium\" aria-label=\"Possuir Ensino Superior completo, reconhecido pelo MEC, em Psicopedagogia, e registro no conselho de classe.\" data-balloon-pos=\"up\">Psicopedagogo<\/span><\/td>\r\n<td class=\"cvagas\">01<\/td>\r\n<td class=\"cremuneracao\">R$ 1.800,00 \/40h<\/td>\r\n<\/tr>\r\n    <\/tbody>\r\n  <\/table>\r\n<\/div>"},"_links":{"self":[{"href":"https:\/\/www.agrobase.com.br\/concursos\/wp-json\/wp\/v2\/posts\/267969","targetHints":{"allow":["GET"]}}],"collection":[{"href":"https:\/\/www.agrobase.com.br\/concursos\/wp-json\/wp\/v2\/posts"}],"about":[{"href":"https:\/\/www.agrobase.com.br\/concursos\/wp-json\/wp\/v2\/types\/post"}],"author":[{"embeddable":true,"href":"https:\/\/www.agrobase.com.br\/concursos\/wp-json\/wp\/v2\/users\/7"}],"replies":[{"embeddable":true,"href":"https:\/\/www.agrobase.com.br\/concursos\/wp-json\/wp\/v2\/comments?post=267969"}],"version-history":[{"count":6,"href":"https:\/\/www.agrobase.com.br\/concursos\/wp-json\/wp\/v2\/posts\/267969\/revisions"}],"predecessor-version":[{"id":268943,"href":"https:\/\/www.agrobase.com.br\/concursos\/wp-json\/wp\/v2\/posts\/267969\/revisions\/268943"}],"wp:featuredmedia":[{"embeddable":true,"href":"https:\/\/www.agrobase.com.br\/concursos\/wp-json\/wp\/v2\/media\/267968"}],"wp:attachment":[{"href":"https:\/\/www.agrobase.com.br\/concursos\/wp-json\/wp\/v2\/media?parent=267969"}],"wp:term":[{"taxonomy":"category","embeddable":true,"href":"https:\/\/www.agrobase.com.br\/concursos\/wp-json\/wp\/v2\/categories?post=267969"},{"taxonomy":"post_tag","embeddable":true,"href":"https:\/\/www.agrobase.com.br\/concursos\/wp-json\/wp\/v2\/tags?post=267969"},{"taxonomy":"_amplo","embeddable":true,"href":"https:\/\/www.agrobase.com.br\/concursos\/wp-json\/wp\/v2\/_amplo?post=267969"},{"taxonomy":"destaque","embeddable":true,"href":"https:\/\/www.agrobase.com.br\/concursos\/wp-json\/wp\/v2\/destaque?post=267969"},{"taxonomy":"instituicoes","embeddable":true,"href":"https:\/\/www.agrobase.com.br\/concursos\/wp-json\/wp\/v2\/instituicoes?post=267969"}],"curies":[{"name":"wp","href":"https:\/\/api.w.org\/{rel}","templated":true}]}}