{"id":267883,"date":"2025-06-30T07:30:02","date_gmt":"2025-06-30T10:30:02","guid":{"rendered":"https:\/\/www.agrobase.com.br\/concursos\/?p=267883"},"modified":"2025-06-27T13:39:45","modified_gmt":"2025-06-27T16:39:45","slug":"prefeitura-itapoa-sc-selecao-simplificada-37-2025","status":"publish","type":"post","link":"https:\/\/www.agrobase.com.br\/concursos\/2025\/prefeitura-itapoa-sc-selecao-simplificada-37-2025\/","title":{"rendered":"Prefeitura Itapo\u00e1 (SC) &#8211; Sele\u00e7\u00e3o Simplificada 37\/2025"},"content":{"rendered":"<h2>Informa\u00e7\u00f5es Gerais<\/h2>\n<p>A Prefeitura Municipal de Itapo\u00e1, em Santa Catarina, atrav\u00e9s da Secretaria de Educa\u00e7\u00e3o, anunciou a abertura do Processo Seletivo Simplificado regido pelo Edital n\u00ba 037\/2025. O certame, com edital publicado, visa a forma\u00e7\u00e3o de <strong>cadastro de reserva<\/strong> para contrata\u00e7\u00e3o tempor\u00e1ria de profissionais do magist\u00e9rio. As oportunidades s\u00e3o para cargos de n\u00edvel superior (habilitados e n\u00e3o habilitados) para atuar na Rede Municipal de Ensino.<\/p>\n<p>As vagas destinam-se a diversas \u00e1reas da educa\u00e7\u00e3o, como Administra\u00e7\u00e3o Escolar, Coordena\u00e7\u00e3o Pedag\u00f3gica, Orienta\u00e7\u00e3o Educacional e doc\u00eancia em disciplinas como Arte, Educa\u00e7\u00e3o F\u00edsica, Geografia, Ingl\u00eas, Libras, Matem\u00e1tica, M\u00fasica e Portugu\u00eas. Destaca-se a oportunidade para a \u00e1rea de <strong>Ci\u00eancias<\/strong>, de interesse para bi\u00f3logos e profissionais de \u00e1reas afins. A sele\u00e7\u00e3o ser\u00e1 organizada pela pr\u00f3pria Secretaria Municipal de Educa\u00e7\u00e3o.<\/p>\n<h2>Inscri\u00e7\u00f5es<\/h2>\n<p>As inscri\u00e7\u00f5es para o processo seletivo da Prefeitura de Itapo\u00e1 ser\u00e3o realizadas exclusivamente online, atrav\u00e9s do portal de autoatendimento do munic\u00edpio. O per\u00edodo para se candidatar inicia \u00e0s <strong>08h do dia 04 de julho de 2025 e encerra \u00e0s 12h do dia 11 de julho de 2025<\/strong>. N\u00e3o h\u00e1 men\u00e7\u00e3o sobre taxa de inscri\u00e7\u00e3o no edital.<\/p>\n<p>Para se inscrever, o candidato deve acessar o link oficial, realizar o cadastro (caso n\u00e3o possua) e iniciar um \u201cProcesso Digital\u201d. No formul\u00e1rio, \u00e9 preciso selecionar o assunto \u201cCOMISS\u00c3O DE PROCESSO SELETIVO EDUCA\u00c7\u00c3O\u201d e o sub-assunto correspondente ao cargo desejado. Em seguida, o candidato dever\u00e1 anexar todos os documentos obrigat\u00f3rios digitalizados, como o formul\u00e1rio de inscri\u00e7\u00e3o (Anexo I), documentos de identifica\u00e7\u00e3o e comprovantes de habilita\u00e7\u00e3o ou matr\u00edcula, conforme a modalidade (habilitado ou n\u00e3o habilitado). Apenas a \u00faltima inscri\u00e7\u00e3o protocolada por um mesmo candidato ser\u00e1 considerada v\u00e1lida. \u00c9 fundamental ler o edital completo para conferir a lista de documentos e os procedimentos detalhados.<\/p>\n<h2>Etapas e Provas<\/h2>\n<p>O processo seletivo ser\u00e1 composto por tr\u00eas etapas principais, sendo elas:<\/p>\n<ul>\n<li><strong>1\u00aa Etapa &#8211; Inscri\u00e7\u00e3o:<\/strong> De car\u00e1ter eliminat\u00f3rio, consiste no envio correto da documenta\u00e7\u00e3o exigida no edital.<\/li>\n<li><strong>2\u00aa Etapa &#8211; Prova Objetiva:<\/strong> De car\u00e1ter eliminat\u00f3rio e classificat\u00f3rio, ser\u00e1 aplicada a todos os candidatos no dia <strong>03 de agosto de 2025<\/strong>, das 08h \u00e0s 10h. A prova ter\u00e1 dura\u00e7\u00e3o de 2 horas e ser\u00e1 composta por 12 quest\u00f5es de m\u00faltipla escolha, sendo 6 de Conhecimentos Gerais e 6 de Conhecimentos Espec\u00edficos. Cada quest\u00e3o valer\u00e1 0,5 ponto, totalizando 6,0 pontos.<\/li>\n<li><strong>3\u00aa Etapa &#8211; An\u00e1lise de T\u00edtulos:<\/strong> De car\u00e1ter classificat\u00f3rio, avaliar\u00e1 os documentos comprobat\u00f3rios de forma\u00e7\u00e3o e experi\u00eancia profissional. Ser\u00e3o pontuados t\u00edtulos de Mestrado na \u00e1rea da educa\u00e7\u00e3o (1,0 ponto), P\u00f3s-Gradua\u00e7\u00e3o na \u00e1rea da educa\u00e7\u00e3o (1,0 ponto), P\u00f3s-Gradua\u00e7\u00e3o em Educa\u00e7\u00e3o Especial (1,0 ponto) e tempo de servi\u00e7o no magist\u00e9rio (0,2 ponto por ano, at\u00e9 o m\u00e1ximo de 1,0 ponto).<\/li>\n<\/ul>\n<p>Para informa\u00e7\u00f5es detalhadas sobre o conte\u00fado program\u00e1tico, crit\u00e9rios de avalia\u00e7\u00e3o e regras de cada fase, \u00e9 imprescind\u00edvel a consulta ao edital completo.<\/p>\n<h2>Resultados e Gabarito<\/h2>\n<p>A divulga\u00e7\u00e3o dos resultados seguir\u00e1 um cronograma definido. O <strong>gabarito preliminar<\/strong> da prova objetiva ser\u00e1 publicado a partir das 08h do dia 04 de agosto de 2025, e o <strong>gabarito definitivo<\/strong> sair\u00e1 \u00e0s 14h do dia 06 de agosto de 2025. O resultado parcial do certame est\u00e1 previsto para 11 de agosto de 2025, e a <strong>homologa\u00e7\u00e3o do resultado final<\/strong> ocorrer\u00e1 em 14 de agosto de 2025.<\/p>\n<p>A nota final ser\u00e1 a soma dos pontos da prova objetiva e da prova de t\u00edtulos, e ser\u00e3o classificados os candidatos que obtiverem pontua\u00e7\u00e3o final acima de 5,0. Em caso de empate, os crit\u00e9rios de desempate s\u00e3o, nesta ordem: maior n\u00famero de filhos menores de 18 anos e maior idade. A convoca\u00e7\u00e3o dos aprovados ocorrer\u00e1 de acordo com a necessidade da Secretaria de Educa\u00e7\u00e3o e dever\u00e1 ser acompanhada nos sites da Prefeitura de Itapo\u00e1 e da Secretaria Municipal de Educa\u00e7\u00e3o.<\/p>\n<p>\u00c9 de responsabilidade exclusiva do candidato acompanhar todas as publica\u00e7\u00f5es oficiais, incluindo convoca\u00e7\u00f5es, nos canais de comunica\u00e7\u00e3o indicados no edital e no Di\u00e1rio Oficial dos Munic\u00edpios.<\/p>\n","protected":false},"excerpt":{"rendered":"<p>Aguardando in\u00edcio: Processo Seletivo Pref. Itapo\u00e1 (SC) com vagas p\/ Professores e Adm. Escolar (Superior). Inscri\u00e7\u00f5es a partir de 04\/07. Confira detalhes!<\/p>\n","protected":false},"author":7,"featured_media":267882,"comment_status":"open","ping_status":"open","sticky":false,"template":"","format":"standard","meta":{"_acf_changed":false,"_breakdance_hide_in_design_set":false,"_breakdance_tags":"","footnotes":""},"categories":[140,6433,141,6434,111,20,6871,116,119,25],"tags":[61],"_amplo":[],"destaque":[],"instituicoes":[],"class_list":["post-267883","post","type-post","status-publish","format-standard","has-post-thumbnail","hentry","category-artes-plasticas","category-biologia-licenciatura","category-educacao-artistica","category-educacao-fisica-licenciatura","category-geografia","category-letras","category-letras-ingles","category-matematica","category-musica","category-pedagogia","tag-santa-catarina"],"acf":{"_tipo_vagas":"vagas","_numero_vagas":"","_quadro_vagas":"","_cargos":"diversos","_cargos_especificos":"","_salario_max":"R$ 4.959,51","_abertura":"20250704","_encerramento":"20250711","_inscricoes":"https:\/\/itapoa.atende.net\/?pg=autoatendimento","_executora_concurso":"","_instituicao_concurso":[],"_link_adicional":null,"_anexos":null,"_produtos":null,"_vagas":"CR","_salario_min":"R$ 2.975,53","_instituicao":"Prefeitura de Itapo\u00e1","_edital":"https:\/\/www.agrobase.com.br\/concursos\/wp-content\/uploads\/sites\/4\/2025\/06\/edital-37-2025-prefeitura-de-itapoa-sc-1-1.pdf","_anexos_edital":"","_fund_incompleto":"","_fund_completo":"","_medio":"","_superior":"<div>\r\n<table class=\"quadro\">\r\n<thead>\r\n<tr>\r\n<th class=\"hcargo\">Cargo<\/th>\r\n<th class=\"hvagas\">Vagas<\/th>\r\n<th class=\"hremuneracao\">Remunera\u00e7\u00e3o<\/th>\r\n<\/tr>\r\n<\/thead>\r\n    <tbody>\r\n      <tr>\r\n<td class=\"ccargos\">\r\n<span data-balloon-length=\"medium\" aria-label=\"Diploma e Hist\u00f3rico Escolar de Licenciatura Plena com Habilita\u00e7\u00e3o em PEDAGOGIA e comprovante de 02 anos de experi\u00eancia de professor\" data-balloon-pos=\"up\">ADMINISTRADOR ESCOLAR (habilitado)<\/span><\/td>\r\n<td class=\"cvagas\">CR<\/td>\r\n<td class=\"cremuneracao\"> R$ 4.959,51 \/20h ou 40h<\/td>\r\n<\/tr><tr>\r\n<td class=\"ccargos\">\r\n<span data-balloon-length=\"medium\" aria-label=\"Diploma e Hist\u00f3rico Escolar de Licenciatura Plena com Habilita\u00e7\u00e3o em ARTE\" data-balloon-pos=\"up\">Professor de ARTE (habilitado)<\/span><\/td>\r\n<td class=\"cvagas\">CR<\/td>\r\n<td class=\"cremuneracao\"> R$ 4.959,51 \/10h, 20h, 30h ou 40h<\/td>\r\n<\/tr><tr>\r\n<td class=\"ccargos\">\r\n<span data-balloon-length=\"medium\" aria-label=\"Diploma e Hist\u00f3rico Escolar de Licenciatura Plena com Habilita\u00e7\u00e3o em CI\u00caNCIAS\" data-balloon-pos=\"up\">Professor de CI\u00caNCIAS (habilitado)<\/span><\/td>\r\n<td class=\"cvagas\">CR<\/td>\r\n<td class=\"cremuneracao\"> R$ 4.959,51 \/10h, 20h, 30h ou 40h<\/td>\r\n<\/tr><tr>\r\n<td class=\"ccargos\">\r\n<span data-balloon-length=\"medium\" aria-label=\"Diploma e Hist\u00f3rico Escolar de Licenciatura Plena com Habilita\u00e7\u00e3o em PEDAGOGIA e comprovante de 02 anos de experi\u00eancia de professor\" data-balloon-pos=\"up\">COORDENADOR PEDAG\u00d3GICO (habilitado)<\/span><\/td>\r\n<td class=\"cvagas\">CR<\/td>\r\n<td class=\"cremuneracao\"> R$ 4.959,51 \/20h ou 40h<\/td>\r\n<\/tr><tr>\r\n<td class=\"ccargos\">\r\n<span data-balloon-length=\"medium\" aria-label=\"Diploma e Hist\u00f3rico Escolar de Licenciatura Plena com Habilita\u00e7\u00e3o em EDUCA\u00c7\u00c3O F\u00cdSICA\" data-balloon-pos=\"up\">Professor de EDUCA\u00c7\u00c3O F\u00cdSICA (habilitado)<\/span><\/td>\r\n<td class=\"cvagas\">CR<\/td>\r\n<td class=\"cremuneracao\"> R$ 4.959,51 \/10h, 20h, 30h ou 40h<\/td>\r\n<\/tr><tr>\r\n<td class=\"ccargos\">\r\n<span data-balloon-length=\"medium\" aria-label=\"Diploma e Hist\u00f3rico Escolar de Licenciatura Plena com Habilita\u00e7\u00e3o em GEOGRAFIA\" data-balloon-pos=\"up\">Professor de GEOGRAFIA (habilitado)<\/span><\/td>\r\n<td class=\"cvagas\">CR<\/td>\r\n<td class=\"cremuneracao\"> R$ 4.959,51 \/10h, 20h, 30h ou 40h<\/td>\r\n<\/tr><tr>\r\n<td class=\"ccargos\">\r\n<span data-balloon-length=\"medium\" aria-label=\"Diploma e Hist\u00f3rico Escolar de Licenciatura Plena com Habilita\u00e7\u00e3o em INGL\u00caS\" data-balloon-pos=\"up\">Professor de INGL\u00caS (habilitado)<\/span><\/td>\r\n<td class=\"cvagas\">CR<\/td>\r\n<td class=\"cremuneracao\"> R$ 4.959,51 \/10h, 20h, 30h ou 40h<\/td>\r\n<\/tr><tr>\r\n<td class=\"ccargos\">\r\n<span data-balloon-length=\"medium\" aria-label=\"Diploma e Hist\u00f3rico Escolar de Licenciatura Plena na \u00e1rea de atua\u00e7\u00e3o com habilita\u00e7\u00e3o em LIBRAS\" data-balloon-pos=\"up\">Professor LIBRAS (habilitado)<\/span><\/td>\r\n<td class=\"cvagas\">CR<\/td>\r\n<td class=\"cremuneracao\"> R$ 4.959,51 \/20h ou 40h<\/td>\r\n<\/tr><tr>\r\n<td class=\"ccargos\">\r\n<span data-balloon-length=\"medium\" aria-label=\"Diploma e Hist\u00f3rico Escolar de Licenciatura Plena com Habilita\u00e7\u00e3o em MATEM\u00c1TICA\" data-balloon-pos=\"up\">Professor de MATEM\u00c1TICA (habilitado)<\/span><\/td>\r\n<td class=\"cvagas\">CR<\/td>\r\n<td class=\"cremuneracao\"> R$ 4.959,51 \/10h, 20h, 30h ou 40h<\/td>\r\n<\/tr><tr>\r\n<td class=\"ccargos\">\r\n<span data-balloon-length=\"medium\" aria-label=\"Diploma e Hist\u00f3rico Escolar de Licenciatura Plena com Habilita\u00e7\u00e3o em M\u00daSICA\" data-balloon-pos=\"up\">Professor de M\u00daSICA (habilitado)<\/span><\/td>\r\n<td class=\"cvagas\">CR<\/td>\r\n<td class=\"cremuneracao\"> R$ 4.959,51 \/10h, 20h, 30h ou 40h<\/td>\r\n<\/tr><tr>\r\n<td class=\"ccargos\">\r\n<span data-balloon-length=\"medium\" aria-label=\"Diploma e Hist\u00f3rico Escolar de Licenciatura Plena com Habilita\u00e7\u00e3o em PEDAGOGIA e comprovante de 02 anos de experi\u00eancia de professor\" data-balloon-pos=\"up\">ORIENTADOR EDUCACIONAL (habilitado)<\/span><\/td>\r\n<td class=\"cvagas\">CR<\/td>\r\n<td class=\"cremuneracao\"> R$ 4.959,51\/20h ou 40h<\/td>\r\n<\/tr><tr>\r\n<td class=\"ccargos\">\r\n<span data-balloon-length=\"medium\" aria-label=\"Diploma e Hist\u00f3rico Escolar de Licenciatura Plena com Habilita\u00e7\u00e3o em PORTUGU\u00caS\" data-balloon-pos=\"up\">Professor PORTUGU\u00caS (habilitado)<\/span><\/td>\r\n<td class=\"cvagas\">CR<\/td>\r\n<td class=\"cremuneracao\"> R$ 4.959,51 \/10h, 20h, 30h ou 40h<\/td>\r\n<\/tr><tr>\r\n<td class=\"ccargos\">\r\n<span data-balloon-length=\"medium\" aria-label=\"Diploma e Hist\u00f3rico Escolar de Licenciatura Plena com Habilita\u00e7\u00e3o em PEDAGOGIA e comprovante de 02 anos de experi\u00eancia de professor\" data-balloon-pos=\"up\">SUPERVISOR ESCOLAR (habilitado)<\/span><\/td>\r\n<td class=\"cvagas\">CR<\/td>\r\n<td class=\"cremuneracao\">R$ 4.959,51\/20h ou 40h<\/td>\r\n<\/tr><tr>\r\n<td class=\"ccargos\">\r\n<span data-balloon-length=\"medium\" aria-label=\"Certid\u00e3o de Matr\u00edcula atualizada no Curso de Licenciatura Plena com Habilita\u00e7\u00e3o em ARTE\" data-balloon-pos=\"up\">Professor de ARTE (N\u00e3o Habilitado)<\/span><\/td>\r\n<td class=\"cvagas\">CR<\/td>\r\n<td class=\"cremuneracao\">R$ 2.975,53 \/10h, 20h, 30h ou 40h<\/td>\r\n<\/tr><tr>\r\n<td class=\"ccargos\">\r\n<span data-balloon-length=\"medium\" aria-label=\"Certid\u00e3o de Matr\u00edcula atualizada no Curso de Licenciatura Plena com Habilita\u00e7\u00e3o em CI\u00caNCIAS\" data-balloon-pos=\"up\">Professor de CI\u00caNCIAS (N\u00e3o Habilitado)<\/span><\/td>\r\n<td class=\"cvagas\">CR<\/td>\r\n<td class=\"cremuneracao\">R$ 2.975,53 \/10h, 20h, 30h ou 40h<\/td>\r\n<\/tr><tr>\r\n<td class=\"ccargos\">\r\n<span data-balloon-length=\"medium\" aria-label=\"Certid\u00e3o de Matr\u00edcula atualizada no Curso de Licenciatura Plena com Habilita\u00e7\u00e3o em EDUCA\u00c7\u00c3O F\u00cdSICA\" data-balloon-pos=\"up\">Professor de EDUCA\u00c7\u00c3O F\u00cdSICA (N\u00e3o Habilitado)<\/span><\/td>\r\n<td class=\"cvagas\">CR<\/td>\r\n<td class=\"cremuneracao\">R$ 2.975,53 \/10h, 20h, 30h ou 40h<\/td>\r\n<\/tr><tr>\r\n<td class=\"ccargos\">\r\n<span data-balloon-length=\"medium\" aria-label=\"Certid\u00e3o de Matr\u00edcula atualizada no Curso de Licenciatura Plena com Habilita\u00e7\u00e3o em GEOGRAFIA\" data-balloon-pos=\"up\">Professor GEOGRAFIA (N\u00e3o Habilitado)<\/span><\/td>\r\n<td class=\"cvagas\">CR<\/td>\r\n<td class=\"cremuneracao\">R$ 2.975,53 \/10h, 20h, 30h ou 40h<\/td>\r\n<\/tr><tr>\r\n<td class=\"ccargos\">\r\n<span data-balloon-length=\"medium\" aria-label=\"Certid\u00e3o de Matr\u00edcula atualizada no Curso de Licenciatura Plena com Habilita\u00e7\u00e3o em INGL\u00caS\" data-balloon-pos=\"up\">Professor INGL\u00caS (N\u00e3o Habilitado)<\/span><\/td>\r\n<td class=\"cvagas\">CR<\/td>\r\n<td class=\"cremuneracao\">R$ 2.975,53 \/10h, 20h, 30h ou 40h<\/td>\r\n<\/tr><tr>\r\n<td class=\"ccargos\">\r\n<span data-balloon-length=\"medium\" aria-label=\"Certid\u00e3o de Matr\u00edcula atualizada no Curso de Licenciatura Plena com habilita\u00e7\u00e3o em LIBRAS\" data-balloon-pos=\"up\">Professor LIBRAS (N\u00e3o Habilitado)<\/span><\/td>\r\n<td class=\"cvagas\">CR<\/td>\r\n<td class=\"cremuneracao\">R$ 2.975,53 \/20h ou 40h<\/td>\r\n<\/tr><tr>\r\n<td class=\"ccargos\">\r\n<span data-balloon-length=\"medium\" aria-label=\"Certid\u00e3o de Matr\u00edcula atualizada no Curso de Licenciatura Plena com Habilita\u00e7\u00e3o em MATEM\u00c1TICA\" data-balloon-pos=\"up\">Professor de MATEM\u00c1TICA (N\u00e3o Habilitado)<\/span><\/td>\r\n<td class=\"cvagas\">CR<\/td>\r\n<td class=\"cremuneracao\">R$ 2.975,53 \/10h, 20h, 30h ou 40h<\/td>\r\n<\/tr><tr>\r\n<td class=\"ccargos\">\r\n<span data-balloon-length=\"medium\" aria-label=\"Certid\u00e3o de Matr\u00edcula atualizada no Curso de Licenciatura Plena com Habilita\u00e7\u00e3o M\u00daSICA\" data-balloon-pos=\"up\">Professor de M\u00daSICA (N\u00e3o Habilitado)<\/span><\/td>\r\n<td class=\"cvagas\">CR<\/td>\r\n<td class=\"cremuneracao\">R$ 2.975,53 \/10h, 20h, 30h ou 40h<\/td>\r\n<\/tr><tr>\r\n<td class=\"ccargos\">\r\n<span data-balloon-length=\"medium\" aria-label=\"Certid\u00e3o de Matr\u00edcula atualizada no Curso de Licenciatura Plena com Habilita\u00e7\u00e3o em PORTUGU\u00caS\" data-balloon-pos=\"up\">Professor de PORTUGU\u00caS (N\u00e3o Habilitado)<\/span><\/td>\r\n<td class=\"cvagas\">CR<\/td>\r\n<td class=\"cremuneracao\">R$ 2.975,53 \/10h, 20h, 30h ou 40h<\/td>\r\n<\/tr>\r\n    <\/tbody>\r\n  <\/table>\r\n<\/div>"},"_links":{"self":[{"href":"https:\/\/www.agrobase.com.br\/concursos\/wp-json\/wp\/v2\/posts\/267883","targetHints":{"allow":["GET"]}}],"collection":[{"href":"https:\/\/www.agrobase.com.br\/concursos\/wp-json\/wp\/v2\/posts"}],"about":[{"href":"https:\/\/www.agrobase.com.br\/concursos\/wp-json\/wp\/v2\/types\/post"}],"author":[{"embeddable":true,"href":"https:\/\/www.agrobase.com.br\/concursos\/wp-json\/wp\/v2\/users\/7"}],"replies":[{"embeddable":true,"href":"https:\/\/www.agrobase.com.br\/concursos\/wp-json\/wp\/v2\/comments?post=267883"}],"version-history":[{"count":3,"href":"https:\/\/www.agrobase.com.br\/concursos\/wp-json\/wp\/v2\/posts\/267883\/revisions"}],"predecessor-version":[{"id":267892,"href":"https:\/\/www.agrobase.com.br\/concursos\/wp-json\/wp\/v2\/posts\/267883\/revisions\/267892"}],"wp:featuredmedia":[{"embeddable":true,"href":"https:\/\/www.agrobase.com.br\/concursos\/wp-json\/wp\/v2\/media\/267882"}],"wp:attachment":[{"href":"https:\/\/www.agrobase.com.br\/concursos\/wp-json\/wp\/v2\/media?parent=267883"}],"wp:term":[{"taxonomy":"category","embeddable":true,"href":"https:\/\/www.agrobase.com.br\/concursos\/wp-json\/wp\/v2\/categories?post=267883"},{"taxonomy":"post_tag","embeddable":true,"href":"https:\/\/www.agrobase.com.br\/concursos\/wp-json\/wp\/v2\/tags?post=267883"},{"taxonomy":"_amplo","embeddable":true,"href":"https:\/\/www.agrobase.com.br\/concursos\/wp-json\/wp\/v2\/_amplo?post=267883"},{"taxonomy":"destaque","embeddable":true,"href":"https:\/\/www.agrobase.com.br\/concursos\/wp-json\/wp\/v2\/destaque?post=267883"},{"taxonomy":"instituicoes","embeddable":true,"href":"https:\/\/www.agrobase.com.br\/concursos\/wp-json\/wp\/v2\/instituicoes?post=267883"}],"curies":[{"name":"wp","href":"https:\/\/api.w.org\/{rel}","templated":true}]}}