{"id":267866,"date":"2025-06-30T07:00:02","date_gmt":"2025-06-30T10:00:02","guid":{"rendered":"https:\/\/www.agrobase.com.br\/concursos\/?p=267866"},"modified":"2025-06-27T12:29:58","modified_gmt":"2025-06-27T15:29:58","slug":"ifes-es-selecao-simplificada-09-2025","status":"publish","type":"post","link":"https:\/\/www.agrobase.com.br\/concursos\/2025\/ifes-es-selecao-simplificada-09-2025\/","title":{"rendered":"IFES (ES) &#8211; Sele\u00e7\u00e3o Simplificada 09\/2025"},"content":{"rendered":"<h2>Informa\u00e7\u00f5es Gerais<\/h2>\n<p>Edital publicado para o Processo Seletivo Simplificado do Instituto Federal de Educa\u00e7\u00e3o, Ci\u00eancia e Tecnologia do Esp\u00edrito Santo (Ifes) \u2013 Campus Santa Teresa, regido pelo <strong>Edital n\u00ba 09\/2025<\/strong>. O certame visa a contrata\u00e7\u00e3o tempor\u00e1ria de Professores Substitutos para atender a necessidades de excepcional interesse p\u00fablico, com regime de contrata\u00e7\u00e3o baseado na Lei n\u00ba 8.745\/93.<\/p>\n<p>As oportunidades s\u00e3o destinadas a candidatos de n\u00edvel superior, com vagas para as \u00e1reas de Artes, Educa\u00e7\u00e3o F\u00edsica e, com <strong>destaque especial para a \u00e1rea de Agronomia<\/strong>. Este processo seletivo \u00e9 uma excelente chance para profissionais que buscam uma coloca\u00e7\u00e3o em uma renomada institui\u00e7\u00e3o federal de ensino.<\/p>\n<p>Para saber como participar, continue a leitura e confira os detalhes sobre inscri\u00e7\u00f5es, etapas e cronograma de resultados.<\/p>\n<h2>Inscri\u00e7\u00f5es<\/h2>\n<p>As inscri\u00e7\u00f5es para o processo seletivo do Ifes &#8211; Campus Santa Teresa est\u00e3o abertas e devem ser realizadas entre <strong>26 de junho de 2025 e 06 de julho de 2025<\/strong>, com prazo final \u00e0s 23h59 do \u00faltimo dia. O procedimento \u00e9 totalmente online e gratuito, sendo efetuado exclusivamente atrav\u00e9s do preenchimento de um formul\u00e1rio eletr\u00f4nico no Google Forms.<\/p>\n<p>No ato da inscri\u00e7\u00e3o, \u00e9 obrigat\u00f3rio anexar as c\u00f3pias de toda a documenta\u00e7\u00e3o comprobat\u00f3ria de t\u00edtulos que ser\u00e1 utilizada na avalia\u00e7\u00e3o. \u00c9 fundamental que os documentos estejam leg\u00edveis. Caso o candidato perceba algum erro ou omiss\u00e3o ap\u00f3s o envio, dever\u00e1 realizar uma nova inscri\u00e7\u00e3o completa, pois a submiss\u00e3o anterior ser\u00e1 automaticamente desconsiderada.<\/p>\n<p>Ap\u00f3s a conclus\u00e3o, um e-mail de confirma\u00e7\u00e3o ser\u00e1 enviado pela plataforma, mas a responsabilidade pelo correto envio dos documentos \u00e9 inteiramente do candidato. Para garantir sua participa\u00e7\u00e3o, \u00e9 indispens\u00e1vel a leitura completa do edital.<\/p>\n<h2>Etapas e Provas<\/h2>\n<p>O Processo Seletivo Simplificado do Ifes ser\u00e1 constitu\u00eddo por uma <strong>etapa \u00fanica: a Avalia\u00e7\u00e3o de T\u00edtulos<\/strong>, de car\u00e1ter eliminat\u00f3rio e classificat\u00f3rio. Nesta fase, a banca examinadora analisar\u00e1 os documentos enviados pelo candidato no momento da inscri\u00e7\u00e3o, atribuindo uma pontua\u00e7\u00e3o total de 0 a 100 pontos.<\/p>\n<p>A pontua\u00e7\u00e3o ser\u00e1 distribu\u00edda de acordo com os seguintes crit\u00e9rios principais:<\/p>\n<ul>\n<li><strong>Experi\u00eancia Profissional:<\/strong> at\u00e9 40 pontos;<\/li>\n<li><strong>Doutorado:<\/strong> 30 pontos;<\/li>\n<li><strong>Mestrado:<\/strong> 25 pontos;<\/li>\n<li><strong>Especializa\u00e7\u00e3o (P\u00f3s-gradua\u00e7\u00e3o Lato Sensu):<\/strong> 15 pontos;<\/li>\n<li><strong>Orienta\u00e7\u00e3o de trabalhos acad\u00eamicos:<\/strong> at\u00e9 12 pontos;<\/li>\n<li><strong>Habilita\u00e7\u00e3o em curso de gradua\u00e7\u00e3o:<\/strong> 10 pontos;<\/li>\n<li><strong>Cursos de capacita\u00e7\u00e3o na \u00e1rea:<\/strong> at\u00e9 6 pontos;<\/li>\n<li><strong>Participa\u00e7\u00e3o em bancas:<\/strong> at\u00e9 2 pontos.<\/li>\n<\/ul>\n<p>Importante: entre os t\u00edtulos de p\u00f3s-gradua\u00e7\u00e3o (Doutorado, Mestrado e Especializa\u00e7\u00e3o), apenas o de maior valor ser\u00e1 pontuado. O candidato que n\u00e3o apresentar os documentos n\u00e3o ser\u00e1 eliminado, mas receber\u00e1 nota zero na avalia\u00e7\u00e3o. Para conhecer todos os detalhes sobre os crit\u00e9rios, documentos aceitos e regras espec\u00edficas, a leitura do edital \u00e9 fundamental.<\/p>\n<h2>Resultados e Gabarito<\/h2>\n<p>O cronograma de divulga\u00e7\u00e3o dos resultados j\u00e1 est\u00e1 definido. O resultado preliminar da Avalia\u00e7\u00e3o de T\u00edtulos ser\u00e1 publicado em <strong>09 de julho de 2025<\/strong>. Ap\u00f3s o per\u00edodo de recursos, o resultado definitivo desta etapa ser\u00e1 divulgado em <strong>14 de julho de 2025<\/strong>.<\/p>\n<p>O resultado final do processo seletivo ser\u00e1 publicado em 15 de julho de 2025, com a homologa\u00e7\u00e3o no Di\u00e1rio Oficial da Uni\u00e3o prevista para <strong>16 de julho de 2025<\/strong>. Em caso de empate na classifica\u00e7\u00e3o, os crit\u00e9rios de desempate seguir\u00e3o esta ordem: maior tempo de exerc\u00edcio profissional na \u00e1rea, possuir doutorado, mestrado, especializa\u00e7\u00e3o e, por fim, maior idade. Candidatos idosos (conforme Lei n\u00ba 10.741\/2003) ter\u00e3o prefer\u00eancia no crit\u00e9rio de idade sobre os demais.<\/p>\n<p>A convoca\u00e7\u00e3o dos aprovados ser\u00e1 realizada por e-mail. Ap\u00f3s o recebimento, o candidato ter\u00e1 o prazo de 2 dias \u00fateis para manifestar interesse na vaga. A previs\u00e3o para o in\u00edcio das contrata\u00e7\u00f5es \u00e9 agosto de 2025.<\/p>\n<p>\u00c9 de responsabilidade exclusiva do candidato acompanhar todas as publica\u00e7\u00f5es oficiais, incluindo convoca\u00e7\u00f5es e resultados, no site do Ifes e no Di\u00e1rio Oficial da Uni\u00e3o.<\/p>\n","protected":false},"excerpt":{"rendered":"<p>Aguardando in\u00edcio: Processo Seletivo IFES (ES) com edital publicado! Vagas p\/ Professores Substitutos (Superior). Inscri\u00e7\u00f5es a partir de 26\/06. Confira detalhes!<\/p>\n","protected":false},"author":7,"featured_media":267865,"comment_status":"open","ping_status":"open","sticky":false,"template":"","format":"standard","meta":{"_acf_changed":false,"_breakdance_hide_in_design_set":false,"_breakdance_tags":"","footnotes":""},"categories":[4,141,11,6434],"tags":[45],"_amplo":[],"destaque":[],"instituicoes":[],"class_list":["post-267866","post","type-post","status-publish","format-standard","has-post-thumbnail","hentry","category-agronomia","category-educacao-artistica","category-educacao-fisica","category-educacao-fisica-licenciatura","tag-espirito-santo"],"acf":{"_tipo_vagas":"vagas","_numero_vagas":"","_quadro_vagas":"","_cargos":"diversos","_cargos_especificos":"","_salario_max":"R$ 9058.29","_abertura":"20250626","_encerramento":"20250706","_inscricoes":"https:\/\/forms.gle\/8wRmJF2GkkzJ330C7","_executora_concurso":"","_instituicao_concurso":[],"_link_adicional":null,"_anexos":null,"_produtos":null,"_vagas":"3 vagas","_salario_min":"R$ 3090.43","_instituicao":"IFES","_edital":"https:\/\/www.agrobase.com.br\/concursos\/wp-content\/uploads\/sites\/4\/2025\/06\/edital-09-2025-ifes-es.pdf","_anexos_edital":"","_fund_incompleto":"","_fund_completo":"","_medio":"","_superior":"<div>\r\n<table class=\"quadro\">\r\n<thead>\r\n<tr>\r\n<th class=\"hcargo\">Cargo<\/th>\r\n<th class=\"hvagas\">Vagas<\/th>\r\n<th class=\"hremuneracao\">Remunera\u00e7\u00e3o<\/th>\r\n<\/tr>\r\n<\/thead>\r\n    <tbody>\r\n      <tr>\r\n<td class=\"ccargos\">\r\n<span data-balloon-length=\"medium\" aria-label=\"Bacharelado em Agronomia. Podendo ter curso de Aperfei\u00e7oamento, Especializa\u00e7\u00e3o ou Mestrado em Agronomia ou \u00e1reas afins.\" data-balloon-pos=\"up\">Professor(a) Substituto(a) - Agronomia<\/span><\/td>\r\n<td class=\"cvagas\">01<\/td>\r\n<td class=\"cremuneracao\">R$ 5.326,60 \/40h<\/td>\r\n<\/tr><tr>\r\n<td class=\"ccargos\">\r\n<span data-balloon-length=\"medium\" aria-label=\"Licenciatura em Artes; ou Bacharelado em Artes, ou outra Gradua\u00e7\u00e3o com complementa\u00e7\u00e3o pedag\u00f3gica em Artes. Podendo ter curso de Aperfei\u00e7oamento, Especializa\u00e7\u00e3o, Mestrado ou Doutorado em Artes, Hist\u00f3ria ou Educa\u00e7\u00e3o.\" data-balloon-pos=\"up\">Professor(a) Substituto(a) - Artes<\/span><\/td>\r\n<td class=\"cvagas\">01<\/td>\r\n<td class=\"cremuneracao\">R$ 3.090,43 \/20h<\/td>\r\n<\/tr><tr>\r\n<td class=\"ccargos\">\r\n<span data-balloon-length=\"medium\" aria-label=\"Licenciatura em Educa\u00e7\u00e3o F\u00edsica; ou Bacharelado em Educa\u00e7\u00e3o F\u00edsica com complementa\u00e7\u00e3o pedag\u00f3gica. Podendo ter curso de Aperfei\u00e7oamento, Especializa\u00e7\u00e3o, Mestrado ou Doutorado em Educa\u00e7\u00e3o F\u00edsica ou Educa\u00e7\u00e3o.\" data-balloon-pos=\"up\">Professor(a) Substituto(a) - Educa\u00e7\u00e3o F\u00edsica<\/span><\/td>\r\n<td class=\"cvagas\">01<\/td>\r\n<td class=\"cremuneracao\">R$ 5.326,60 \/40h<\/td>\r\n<\/tr>\r\n    <\/tbody>\r\n  <\/table>\r\n<\/div>"},"_links":{"self":[{"href":"https:\/\/www.agrobase.com.br\/concursos\/wp-json\/wp\/v2\/posts\/267866","targetHints":{"allow":["GET"]}}],"collection":[{"href":"https:\/\/www.agrobase.com.br\/concursos\/wp-json\/wp\/v2\/posts"}],"about":[{"href":"https:\/\/www.agrobase.com.br\/concursos\/wp-json\/wp\/v2\/types\/post"}],"author":[{"embeddable":true,"href":"https:\/\/www.agrobase.com.br\/concursos\/wp-json\/wp\/v2\/users\/7"}],"replies":[{"embeddable":true,"href":"https:\/\/www.agrobase.com.br\/concursos\/wp-json\/wp\/v2\/comments?post=267866"}],"version-history":[{"count":3,"href":"https:\/\/www.agrobase.com.br\/concursos\/wp-json\/wp\/v2\/posts\/267866\/revisions"}],"predecessor-version":[{"id":267870,"href":"https:\/\/www.agrobase.com.br\/concursos\/wp-json\/wp\/v2\/posts\/267866\/revisions\/267870"}],"wp:featuredmedia":[{"embeddable":true,"href":"https:\/\/www.agrobase.com.br\/concursos\/wp-json\/wp\/v2\/media\/267865"}],"wp:attachment":[{"href":"https:\/\/www.agrobase.com.br\/concursos\/wp-json\/wp\/v2\/media?parent=267866"}],"wp:term":[{"taxonomy":"category","embeddable":true,"href":"https:\/\/www.agrobase.com.br\/concursos\/wp-json\/wp\/v2\/categories?post=267866"},{"taxonomy":"post_tag","embeddable":true,"href":"https:\/\/www.agrobase.com.br\/concursos\/wp-json\/wp\/v2\/tags?post=267866"},{"taxonomy":"_amplo","embeddable":true,"href":"https:\/\/www.agrobase.com.br\/concursos\/wp-json\/wp\/v2\/_amplo?post=267866"},{"taxonomy":"destaque","embeddable":true,"href":"https:\/\/www.agrobase.com.br\/concursos\/wp-json\/wp\/v2\/destaque?post=267866"},{"taxonomy":"instituicoes","embeddable":true,"href":"https:\/\/www.agrobase.com.br\/concursos\/wp-json\/wp\/v2\/instituicoes?post=267866"}],"curies":[{"name":"wp","href":"https:\/\/api.w.org\/{rel}","templated":true}]}}