{"id":267861,"date":"2025-06-27T08:40:12","date_gmt":"2025-06-27T11:40:12","guid":{"rendered":"https:\/\/www.agrobase.com.br\/concursos\/?p=267861"},"modified":"2025-06-27T11:37:36","modified_gmt":"2025-06-27T14:37:36","slug":"prefeitura-penaforte-ce-selecao-simplificada-01-2025","status":"publish","type":"post","link":"https:\/\/www.agrobase.com.br\/concursos\/2025\/prefeitura-penaforte-ce-selecao-simplificada-01-2025\/","title":{"rendered":"Prefeitura Penaforte (CE) &#8211; Sele\u00e7\u00e3o Simplificada 01\/2025"},"content":{"rendered":"<h2>Informa\u00e7\u00f5es Gerais<\/h2>\n<p>A Prefeitura Municipal de Penaforte, no Cear\u00e1, publicou o edital do <strong>Processo Seletivo Unificado Simplificado n\u00ba 001\/2025<\/strong>. Organizado pela empresa MOTIVA\u00c7\u00c3O &amp; RESULTADOS, o certame tem como objetivo formar um banco de cadastro reserva para eventuais contrata\u00e7\u00f5es tempor\u00e1rias em diversas secretarias municipais. As oportunidades abrangem os n\u00edveis de escolaridade fundamental, m\u00e9dio, t\u00e9cnico e superior.<\/p>\n<p>O processo oferece vagas para \u00e1reas como sa\u00fade, educa\u00e7\u00e3o e servi\u00e7os gerais. <strong>Destaca-se a oportunidade para o cargo de Nutricionista<\/strong>, de n\u00edvel superior. Este certame \u00e9 uma excelente chance para quem busca uma coloca\u00e7\u00e3o no servi\u00e7o p\u00fablico municipal.<\/p>\n<h2>Inscri\u00e7\u00f5es<\/h2>\n<p>As inscri\u00e7\u00f5es para o Processo Seletivo da Prefeitura de Penaforte s\u00e3o <strong>gratuitas<\/strong> e devem ser realizadas exclusivamente de forma <strong>presencial<\/strong>, nos dias <strong>26 e 27 de junho de 2025<\/strong>. Os interessados devem comparecer \u00e0 Secretaria Municipal de Educa\u00e7\u00e3o, nos hor\u00e1rios de 8h \u00e0s 12h e de 14h \u00e0s 16h.<\/p>\n<p>Para se inscrever, o candidato dever\u00e1 preencher a Ficha de Inscri\u00e7\u00e3o, dispon\u00edvel no site da banca organizadora, e entreg\u00e1-la junto com as c\u00f3pias e originais dos documentos exigidos, que incluem identidade, CPF, comprovantes de quita\u00e7\u00e3o eleitoral e militar, comprovante de resid\u00eancia e os t\u00edtulos para a an\u00e1lise curricular. A inscri\u00e7\u00e3o s\u00f3 ser\u00e1 confirmada ap\u00f3s a confer\u00eancia da documenta\u00e7\u00e3o. \u00c9 permitido se inscrever para apenas uma fun\u00e7\u00e3o.<\/p>\n<h2>Etapas e Provas<\/h2>\n<p>O processo seletivo ser\u00e1 realizado em duas etapas, ambas de car\u00e1ter eliminat\u00f3rio e classificat\u00f3rio, com pontua\u00e7\u00e3o m\u00e1xima de 100 pontos. Para ser aprovado, o candidato dever\u00e1 obter no m\u00ednimo 70 pontos na soma total e n\u00e3o zerar em nenhuma das fases.<\/p>\n<ul>\n<li><strong>An\u00e1lise Curricular (Eliminat\u00f3ria e Classificat\u00f3ria):<\/strong> Com valor m\u00e1ximo de 20 pontos, esta etapa avaliar\u00e1 os t\u00edtulos e a experi\u00eancia profissional comprovada no ato da inscri\u00e7\u00e3o. Ser\u00e3o considerados diplomas, certificados e comprovantes de experi\u00eancia, como c\u00f3pia da carteira de trabalho ou declara\u00e7\u00e3o oficial. <em>Aten\u00e7\u00e3o: est\u00e1gios e trabalhos volunt\u00e1rios n\u00e3o ser\u00e3o pontuados.<\/em><\/li>\n<li><strong>Entrevista (Eliminat\u00f3ria e Classificat\u00f3ria):<\/strong> Valendo at\u00e9 80 pontos, a entrevista buscar\u00e1 avaliar as compet\u00eancias e o perfil do candidato para a fun\u00e7\u00e3o. Ser\u00e3o analisados crit\u00e9rios como conhecimento t\u00e9cnico, determina\u00e7\u00e3o, controle emocional, postura profissional e motiva\u00e7\u00e3o. A convoca\u00e7\u00e3o para as entrevistas, com data, hor\u00e1rio e local, ser\u00e1 divulgada em 1\u00ba de julho de 2025.<\/li>\n<\/ul>\n<h2>Resultados e Gabarito<\/h2>\n<p>O cronograma de divulga\u00e7\u00e3o dos resultados j\u00e1 est\u00e1 definido. O resultado geral preliminar do processo seletivo ser\u00e1 publicado at\u00e9 o dia <strong>09 de julho de 2025<\/strong>. Ap\u00f3s a an\u00e1lise de eventuais recursos, o resultado final ser\u00e1 divulgado at\u00e9 <strong>12 de julho de 2025<\/strong>. Todas as publica\u00e7\u00f5es ser\u00e3o feitas no site da banca organizadora, MOTIVA\u00c7\u00c3O &amp; RESULTADOS.<\/p>\n<p>A classifica\u00e7\u00e3o final ser\u00e1 por ordem decrescente de pontua\u00e7\u00e3o. Os crit\u00e9rios de desempate, em ordem de prioridade, s\u00e3o: <em>maior nota na entrevista, maior nota na an\u00e1lise curricular e maior idade<\/em>. Ap\u00f3s a homologa\u00e7\u00e3o do resultado, as convoca\u00e7\u00f5es ser\u00e3o realizadas conforme a necessidade da administra\u00e7\u00e3o p\u00fablica, por meio de edital espec\u00edfico publicado no di\u00e1rio oficial e no site da Prefeitura de Penaforte.<\/p>\n<p>\u00c9 de responsabilidade exclusiva do candidato acompanhar todas as publica\u00e7\u00f5es oficiais no site da banca organizadora e nos canais de comunica\u00e7\u00e3o da prefeitura para n\u00e3o perder prazos e convoca\u00e7\u00f5es.<\/p>\n","protected":false},"excerpt":{"rendered":"<p>Aguardando in\u00edcio: Sel. Simplificada Pref. Penaforte (CE) c\/ vagas p\/ Professor, ACS, Enfermeiro (Fund. a Sup.). Inscri\u00e7\u00f5es a partir de 26\/06. At\u00e9 R$ 14.8k. Confira detalhes!<\/p>\n","protected":false},"author":7,"featured_media":267860,"comment_status":"open","ping_status":"open","sticky":false,"template":"","format":"standard","meta":{"_acf_changed":false,"_breakdance_hide_in_design_set":false,"_breakdance_tags":"","footnotes":""},"categories":[6433,6434,12,18,111,100,20,6871,116,21,23,24,25,26,6435,101,108,161,143],"tags":[43],"_amplo":[],"destaque":[],"instituicoes":[],"class_list":["post-267861","post","type-post","status-publish","format-standard","has-post-thumbnail","hentry","category-biologia-licenciatura","category-educacao-fisica-licenciatura","category-enfermagem","category-fisioterapia","category-geografia","category-historia","category-letras","category-letras-ingles","category-matematica","category-medicina","category-nutricao","category-odontologia","category-pedagogia","category-psicologia","category-quimica-licenciatura","category-servico-social","category-tecnico-enfermagem","category-tecnico-laboratorio","category-tecnico-odontologia","tag-ceara"],"acf":{"_tipo_vagas":"vagas","_numero_vagas":"","_quadro_vagas":"","_cargos":"diversos","_cargos_especificos":"","_salario_max":"R$ 14805","_abertura":"20250626","_encerramento":"20250627","_inscricoes":"http:\/\/www.mrassessoriaeducacional.com","_executora_concurso":"","_instituicao_concurso":[],"_link_adicional":null,"_anexos":null,"_produtos":null,"_vagas":"CR","_salario_min":"R$ 1518","_instituicao":"Prefeitura de Penaforte","_edital":"https:\/\/www.agrobase.com.br\/concursos\/wp-content\/uploads\/sites\/4\/2025\/06\/edital-01-2025-prefeitura-de-penaforte-ce.pdf","_anexos_edital":"","_fund_incompleto":"","_fund_completo":"<div>\r\n<table class=\"quadro\">\r\n<thead>\r\n<tr>\r\n<th class=\"hcargo\">Cargo<\/th>\r\n<th class=\"hvagas\">Vagas<\/th>\r\n<th class=\"hremuneracao\">Remunera\u00e7\u00e3o<\/th>\r\n<\/tr>\r\n<\/thead>\r\n    <tbody>\r\n      <td class=\"ccargos\">\r\n<span data-balloon-length=\"medium\" aria-label=\"Ensino Fundamental\" data-balloon-pos=\"up\">Auxiliar de Servi\u00e7os Gerais<\/span><\/td>\r\n<td class=\"cvagas\">CR<\/td>\r\n<td class=\"cremuneracao\">R$ 1.518,00 \/40h<\/td>\r\n<\/tr><td class=\"ccargos\">\r\n<span data-balloon-length=\"medium\" aria-label=\"Ensino Fundamental\" data-balloon-pos=\"up\">Coveiro<\/span><\/td>\r\n<td class=\"cvagas\">CR<\/td>\r\n<td class=\"cremuneracao\">R$ 1.518,00 \/40h<\/td>\r\n<\/tr><td class=\"ccargos\">\r\n<span data-balloon-length=\"medium\" aria-label=\"Ensino Fundamental\" data-balloon-pos=\"up\">Motorista categoria B<\/span><\/td>\r\n<td class=\"cvagas\">CR<\/td>\r\n<td class=\"cremuneracao\">R$ 1.538,00 \/40h<\/td>\r\n<\/tr><td class=\"ccargos\">\r\n<span data-balloon-length=\"medium\" aria-label=\"Ensino Fundamental\" data-balloon-pos=\"up\">Motorista categoria D<\/span><\/td>\r\n<td class=\"cvagas\">CR<\/td>\r\n<td class=\"cremuneracao\">R$ 1.538,00 \/40h<\/td>\r\n<\/tr><td class=\"ccargos\">\r\n<span data-balloon-length=\"medium\" aria-label=\"Ensino Fundamental\" data-balloon-pos=\"up\">Recepcionista<\/span><\/td>\r\n<td class=\"cvagas\">CR<\/td>\r\n<td class=\"cremuneracao\">R$ 1.518,00 \/40h<\/td>\r\n<\/tr>\r\n    <\/tbody>\r\n  <\/table>\r\n<\/div>","_medio":"<div>\r\n<table class=\"quadro\">\r\n<thead>\r\n<tr>\r\n<th class=\"hcargo\">Cargo<\/th>\r\n<th class=\"hvagas\">Vagas<\/th>\r\n<th class=\"hremuneracao\">Remunera\u00e7\u00e3o<\/th>\r\n<\/tr>\r\n<\/thead>\r\n    <tbody>\r\n      <td class=\"ccargos\">\r\n<span data-balloon-length=\"medium\" aria-label=\"Ensino M\u00e9dio\" data-balloon-pos=\"up\">Agente Comunit\u00e1rio de Sa\u00fade<\/span><\/td>\r\n<td class=\"cvagas\">CR<\/td>\r\n<td class=\"cremuneracao\">R$ 3.035,00 \/40h<\/td>\r\n<\/tr><td class=\"ccargos\">\r\n<span data-balloon-length=\"medium\" aria-label=\"Curso T\u00e9cnico e Registro Profissional\" data-balloon-pos=\"up\">T\u00e9cnico em Enfermagem<\/span><\/td>\r\n<td class=\"cvagas\">CR<\/td>\r\n<td class=\"cremuneracao\">R$ 3.574,00 \/40h<\/td>\r\n<\/tr><td class=\"ccargos\">\r\n<span data-balloon-length=\"medium\" aria-label=\"Curso T\u00e9cnico\" data-balloon-pos=\"up\">T\u00e9cnico em Labora\u00f3rio<\/span><\/td>\r\n<td class=\"cvagas\">CR<\/td>\r\n<td class=\"cremuneracao\">R$ 1.518,00 \/40h<\/td>\r\n<\/tr><td class=\"ccargos\">\r\n<span data-balloon-length=\"medium\" aria-label=\"Curso T\u00e9cnico\" data-balloon-pos=\"up\">T\u00e9cnico em Sa\u00fade Bucal<\/span><\/td>\r\n<td class=\"cvagas\">CR<\/td>\r\n<td class=\"cremuneracao\">R$ 1.518,00 \/40h<\/td>\r\n<\/tr><td class=\"ccargos\">\r\n<span data-balloon-length=\"medium\" aria-label=\"Curso T\u00e9cnico\" data-balloon-pos=\"up\">T\u00e9cnico em Pr\u00f3tese Dent\u00e1ria<\/span><\/td>\r\n<td class=\"cvagas\">CR<\/td>\r\n<td class=\"cremuneracao\">R$ 1.518,00 \/40h<\/td>\r\n<\/tr>\r\n    <\/tbody>\r\n  <\/table>\r\n<\/div>","_superior":"<div>\r\n<table class=\"quadro\">\r\n<thead>\r\n<tr>\r\n<th class=\"hcargo\">Cargo<\/th>\r\n<th class=\"hvagas\">Vagas<\/th>\r\n<th class=\"hremuneracao\">Remunera\u00e7\u00e3o<\/th>\r\n<\/tr>\r\n<\/thead>\r\n    <tbody>\r\n      <tr>\r\n<td class=\"ccargos\">\r\n<span data-balloon-length=\"medium\" aria-label=\"Ensino Superior e Registro Profissional\" data-balloon-pos=\"up\">Assistente Social<\/span><\/td>\r\n<td class=\"cvagas\">CR<\/td>\r\n<td class=\"cremuneracao\">R$ 2.077,00 \/20h<\/td>\r\n<\/tr><tr>\r\n<td class=\"ccargos\">\r\n<span data-balloon-length=\"medium\" aria-label=\"Ensino Superior e Registro Profissional\" data-balloon-pos=\"up\">Enfermeiro<\/span><\/td>\r\n<td class=\"cvagas\">CR<\/td>\r\n<td class=\"cremuneracao\">R$ 5.183,00 \/40h<\/td>\r\n<\/tr><tr>\r\n<td class=\"ccargos\">\r\n<span data-balloon-length=\"medium\" aria-label=\"Ensino Superior e Registro Profissional\" data-balloon-pos=\"up\">Fisioterapeuta<\/span><\/td>\r\n<td class=\"cvagas\">CR<\/td>\r\n<td class=\"cremuneracao\">R$ 4.154,00 \/40h<\/td>\r\n<\/tr><tr>\r\n<td class=\"ccargos\">\r\n<span data-balloon-length=\"medium\" aria-label=\"Ensino Superior e Registro Profissional\" data-balloon-pos=\"up\">M\u00e9dico<\/span><\/td>\r\n<td class=\"cvagas\">CR<\/td>\r\n<td class=\"cremuneracao\">R$ 14.805,00 \/40h<\/td>\r\n<\/tr><tr>\r\n<td class=\"ccargos\">\r\n<span data-balloon-length=\"medium\" aria-label=\"Ensino Superior e Registro Profissional\" data-balloon-pos=\"up\">Nutricionista<\/span><\/td>\r\n<td class=\"cvagas\">CR<\/td>\r\n<td class=\"cremuneracao\">R$ 4.154,00 \/40h<\/td>\r\n<\/tr><tr>\r\n<td class=\"ccargos\">\r\n<span data-balloon-length=\"medium\" aria-label=\"Ensino Superior e Registro Profissional\" data-balloon-pos=\"up\">Odont\u00f3logo<\/span><\/td>\r\n<td class=\"cvagas\">CR<\/td>\r\n<td class=\"cremuneracao\">R$ 2.772,00 \/20h<\/td>\r\n<\/tr><tr>\r\n<td class=\"ccargos\">\r\n<span data-balloon-length=\"medium\" aria-label=\"Ensino Superior e Registro Profissional\" data-balloon-pos=\"up\">Psic\u00f3logo<\/span><\/td>\r\n<td class=\"cvagas\">CR<\/td>\r\n<td class=\"cremuneracao\">R$ 2.077,00 \/20h<\/td>\r\n<\/tr><tr>\r\n<td class=\"ccargos\">\r\n<span data-balloon-length=\"medium\" aria-label=\"Ensino Superior\" data-balloon-pos=\"up\">Psicopedagogo Educacional<\/span><\/td>\r\n<td class=\"cvagas\">CR<\/td>\r\n<td class=\"cremuneracao\">R$ 2.077,00 \/20h<\/td>\r\n<\/tr><tr>\r\n<td class=\"ccargos\">\r\n<span data-balloon-length=\"medium\" aria-label=\"Curso superior de licenciatura Plena em Pedagogia\" data-balloon-pos=\"up\">Professor Pedagogo<\/span><\/td>\r\n<td class=\"cvagas\">CR<\/td>\r\n<td class=\"cremuneracao\">R$ 2.433,00 \/20h<\/td>\r\n<\/tr><tr>\r\n<td class=\"ccargos\">\r\n<span data-balloon-length=\"medium\" aria-label=\"Curso superior de licenciatura plena em Letras e\/ou L\u00edngua Portuguesa\/L\u00edngua Inglesa e\/ou Portugu\u00eas; Licenciatura plena em Pedagogia com habilita\u00e7\u00e3o em L\u00edngua Portuguesa\" data-balloon-pos=\"up\">Professor do Ensino Fundamental anos finais (6\u00b0 ao 9\u00b0) - Linguagens e C\u00f3digos. Disciplina: L\u00edngua Portuguesa<\/span><\/td>\r\n<td class=\"cvagas\">CR<\/td>\r\n<td class=\"cremuneracao\">R$ 2.433,00 \/20h<\/td>\r\n<\/tr><tr>\r\n<td class=\"ccargos\">\r\n<span data-balloon-length=\"medium\" aria-label=\"Curso superior de licenciatura plena em Educa\u00e7\u00e3o F\u00edsica.\" data-balloon-pos=\"up\">Professor do Ensino Fundamental anos finais (6\u00b0 ao 9\u00b0) - Disciplina: Educa\u00e7\u00e3o F\u00edsica<\/span><\/td>\r\n<td class=\"cvagas\">CR<\/td>\r\n<td class=\"cremuneracao\">R$ 2.433,00 \/20h<\/td>\r\n<\/tr><tr>\r\n<td class=\"ccargos\">\r\n<span data-balloon-length=\"medium\" aria-label=\"Curso superior de licenciatura plena em Ci\u00eancias; Licenciatura plena em Pedagogia com habilita\u00e7\u00e3o em Ci\u00eancias.\" data-balloon-pos=\"up\">Professor do Ensino Fundamental anos finais (6\u00b0 ao 9\u00b0) - Ci\u00eancias da Natureza. Disciplinas: Ci\u00eancias<\/span><\/td>\r\n<td class=\"cvagas\">CR<\/td>\r\n<td class=\"cremuneracao\">R$ 2.433,00 \/20h<\/td>\r\n<\/tr><tr>\r\n<td class=\"ccargos\">\r\n<span data-balloon-length=\"medium\" aria-label=\"Curso superior de licenciatura plena em Matem\u00e1tica; Licenciatura plena em Pedagogia com habilita\u00e7\u00e3o em Matem\u00e1tica.\" data-balloon-pos=\"up\">Professor do Ensino Fundamental anos finais (6\u00b0 ao 9\u00b0) Disciplina: Matem\u00e1tica<\/span><\/td>\r\n<td class=\"cvagas\">CR<\/td>\r\n<td class=\"cremuneracao\">R$ 2.433,00 \/20h<\/td>\r\n<\/tr><tr>\r\n<td class=\"ccargos\">\r\n<span data-balloon-length=\"medium\" aria-label=\"Curso superior de licenciatura plena em Geografia; licenciatura plena em Pedagogia com habilita\u00e7\u00e3o em Geografia.\" data-balloon-pos=\"up\">Professor do Ensino Fundamental anos finais (6\u00b0 ao 9\u00b0) Disciplina: Geografia<\/span><\/td>\r\n<td class=\"cvagas\">CR<\/td>\r\n<td class=\"cremuneracao\">R$ 2.433,00 \/20h<\/td>\r\n<\/tr><tr>\r\n<td class=\"ccargos\">\r\n<span data-balloon-length=\"medium\" aria-label=\"Curso superior de licenciatura plena em Hist\u00f3ria; licenciatura plena em Pedagogia com habilita\u00e7\u00e3o em Hist\u00f3ria.\" data-balloon-pos=\"up\">Professor do Ensino Fundamental anos finais (6\u00b0 ao 9\u00b0) Disciplina: Hist\u00f3ria<\/span><\/td>\r\n<td class=\"cvagas\">CR<\/td>\r\n<td class=\"cremuneracao\">R$ 2.433,00 \/20h<\/td>\r\n<\/tr><tr>\r\n<td class=\"ccargos\">\r\n<span data-balloon-length=\"medium\" aria-label=\"Curso superior de licenciatura plena em L\u00edgua Inglesa; licenciatura plena em Pedagogia com habilita\u00e7\u00e3o em L\u00edngua Inglesa.\" data-balloon-pos=\"up\">Professor do Ensino Fundamental anos finais (6\u00b0 ao 9\u00b0) Disciplina: L\u00edngua Inglesa<\/span><\/td>\r\n<td class=\"cvagas\">CR<\/td>\r\n<td class=\"cremuneracao\">R$ 2.433,00 \/20h<\/td>\r\n<\/tr>\r\n    <\/tbody>\r\n  <\/table>\r\n<\/div>"},"_links":{"self":[{"href":"https:\/\/www.agrobase.com.br\/concursos\/wp-json\/wp\/v2\/posts\/267861","targetHints":{"allow":["GET"]}}],"collection":[{"href":"https:\/\/www.agrobase.com.br\/concursos\/wp-json\/wp\/v2\/posts"}],"about":[{"href":"https:\/\/www.agrobase.com.br\/concursos\/wp-json\/wp\/v2\/types\/post"}],"author":[{"embeddable":true,"href":"https:\/\/www.agrobase.com.br\/concursos\/wp-json\/wp\/v2\/users\/7"}],"replies":[{"embeddable":true,"href":"https:\/\/www.agrobase.com.br\/concursos\/wp-json\/wp\/v2\/comments?post=267861"}],"version-history":[{"count":2,"href":"https:\/\/www.agrobase.com.br\/concursos\/wp-json\/wp\/v2\/posts\/267861\/revisions"}],"predecessor-version":[{"id":267864,"href":"https:\/\/www.agrobase.com.br\/concursos\/wp-json\/wp\/v2\/posts\/267861\/revisions\/267864"}],"wp:featuredmedia":[{"embeddable":true,"href":"https:\/\/www.agrobase.com.br\/concursos\/wp-json\/wp\/v2\/media\/267860"}],"wp:attachment":[{"href":"https:\/\/www.agrobase.com.br\/concursos\/wp-json\/wp\/v2\/media?parent=267861"}],"wp:term":[{"taxonomy":"category","embeddable":true,"href":"https:\/\/www.agrobase.com.br\/concursos\/wp-json\/wp\/v2\/categories?post=267861"},{"taxonomy":"post_tag","embeddable":true,"href":"https:\/\/www.agrobase.com.br\/concursos\/wp-json\/wp\/v2\/tags?post=267861"},{"taxonomy":"_amplo","embeddable":true,"href":"https:\/\/www.agrobase.com.br\/concursos\/wp-json\/wp\/v2\/_amplo?post=267861"},{"taxonomy":"destaque","embeddable":true,"href":"https:\/\/www.agrobase.com.br\/concursos\/wp-json\/wp\/v2\/destaque?post=267861"},{"taxonomy":"instituicoes","embeddable":true,"href":"https:\/\/www.agrobase.com.br\/concursos\/wp-json\/wp\/v2\/instituicoes?post=267861"}],"curies":[{"name":"wp","href":"https:\/\/api.w.org\/{rel}","templated":true}]}}