{"id":267779,"date":"2025-06-26T08:00:01","date_gmt":"2025-06-26T11:00:01","guid":{"rendered":"https:\/\/www.agrobase.com.br\/concursos\/?p=267779"},"modified":"2025-06-25T15:08:52","modified_gmt":"2025-06-25T18:08:52","slug":"prefeitura-frei-rogerio-sc-selecao-publica-05-2025","status":"publish","type":"post","link":"https:\/\/www.agrobase.com.br\/concursos\/2025\/prefeitura-frei-rogerio-sc-selecao-publica-05-2025\/","title":{"rendered":"Prefeitura Frei Rog\u00e9rio (SC) &#8211; Sele\u00e7\u00e3o P\u00fablica 05\/2025"},"content":{"rendered":"<h2>Informa\u00e7\u00f5es Gerais<\/h2>\n<p>A Prefeitura Municipal de Frei Rog\u00e9rio, em Santa Catarina, lan\u00e7ou o edital para seu Processo Seletivo de 2025, sob responsabilidade da empresa SC Treinamentos. O certame, com edital j\u00e1 publicado, visa \u00e0 forma\u00e7\u00e3o de cadastro reserva para contrata\u00e7\u00e3o em car\u00e1ter tempor\u00e1rio, buscando atender necessidades do quadro de pessoal do Poder Executivo Municipal. As oportunidades abrangem diversos n\u00edveis de escolaridade: Fundamental Incompleto, Fundamental Completo, M\u00e9dio\/T\u00e9cnico e Superior.<\/p>\n<p>As vagas contemplam \u00e1reas como servi\u00e7os gerais, operacional (motorista, operador de m\u00e1quinas, pedreiro\/carpinteiro), sa\u00fade (agente comunit\u00e1rio de sa\u00fade em diversas localidades), educa\u00e7\u00e3o (agente de apoio educacional, auxiliar de transporte escolar, professor) e administrativa. <strong>Destacamos a oportunidade para o cargo de Agr\u00f4nomo<\/strong>, de n\u00edvel superior. Este processo seletivo \u00e9 uma excelente chance para profissionais que buscam uma coloca\u00e7\u00e3o no servi\u00e7o p\u00fablico municipal.<\/p>\n<h2>Inscri\u00e7\u00f5es<\/h2>\n<p>As inscri\u00e7\u00f5es para o Processo Seletivo de Frei Rog\u00e9rio &#8211; SC est\u00e3o abertas e devem ser realizadas exclusivamente pela internet, atrav\u00e9s do site da banca organizadora, SC Treinamentos, no endere\u00e7o <a href=\"https:\/\/portal.sctreinamentos.selecao.site\" target=\"_blank\" rel=\"noopener noreferrer\">https:\/\/portal.sctreinamentos.selecao.site<\/a>. O per\u00edodo para se inscrever iniciou em <strong>27 de junho de 2025 e se encerra \u00e0s 23h59min do dia 27 de julho de 2025<\/strong>. Para os candidatos que n\u00e3o possuem acesso \u00e0 internet, ser\u00e1 disponibilizado um ponto de apoio na Prefeitura Municipal de Frei Rog\u00e9rio (Rua Adolfo Soletti 750, Setor de RH).<\/p>\n<p><strong>R$ 30,00:<\/strong> Cargos de N\u00edvel Fundamental;<br \/>\n<strong>R$ 50,00:<\/strong> Cargos de N\u00edvel M\u00e9dio;<br \/>\n<strong>R$ 80,00:<\/strong> Cargos de N\u00edvel Superior.<\/p>\n<p>Os interessados em solicitar isen\u00e7\u00e3o da taxa de inscri\u00e7\u00e3o t\u00eam entre os dias 27 de junho e 16 de julho de 2025 para realizar o pedido, conforme os crit\u00e9rios estabelecidos no edital. A lista de isentos ser\u00e1 divulgada em 18 de julho de 2025. O pagamento da taxa de inscri\u00e7\u00e3o, por meio de boleto banc\u00e1rio gerado no ato da inscri\u00e7\u00e3o, deve ser efetuado at\u00e9 o dia <strong>28 de julho de 2025<\/strong>. \u00c9 fundamental que o candidato imprima e guarde o comprovante de pagamento. Acompanhe o status da sua inscri\u00e7\u00e3o e demais comunicados na \u00e1rea restrita do candidato no site da SC Treinamentos. Recomenda-se a leitura integral do edital para pleno conhecimento de todas as normas e condi\u00e7\u00f5es do certame.<\/p>\n<h2>Etapas e Provas<\/h2>\n<p>O Processo Seletivo da Prefeitura de Frei Rog\u00e9rio &#8211; SC ser\u00e1 constitu\u00eddo por diferentes etapas, variando conforme o cargo pretendido:<\/p>\n<ul>\n<li><strong>Prova Objetiva (PO):<\/strong> De car\u00e1ter eliminat\u00f3rio e classificat\u00f3rio, ser\u00e1 aplicada a todos os candidatos. Consistir\u00e1 em quest\u00f5es de m\u00faltipla escolha com quatro alternativas cada. A prova ter\u00e1 dura\u00e7\u00e3o m\u00e1xima de 2 horas e m\u00ednima de 30 minutos. Para aprova\u00e7\u00e3o, o candidato dever\u00e1 obter nota igual ou superior a 3,0 pontos (30% do total). A data prov\u00e1vel para realiza\u00e7\u00e3o \u00e9 <strong>17 de agosto de 2025<\/strong>. As disciplinas cobradas est\u00e3o detalhadas no Anexo I do edital.<\/li>\n<li><strong>Prova de T\u00edtulos (PT):<\/strong> De car\u00e1ter exclusivamente classificat\u00f3rio, destinada apenas aos cargos de Professor (Habilitado e N\u00e3o Habilitado). Os candidatos aprovados na prova objetiva dever\u00e3o enviar eletronicamente os documentos comprobat\u00f3rios de titula\u00e7\u00e3o (como Doutorado, Mestrado, Especializa\u00e7\u00e3o para habilitados, e cursos\/semin\u00e1rios para n\u00e3o habilitados) at\u00e9 o dia <strong>16 de agosto de 2025<\/strong>, atrav\u00e9s da \u201c\u00c1rea do Candidato\u201d no site da banca.<\/li>\n<li><strong>Prova Pr\u00e1tica (PP):<\/strong> De car\u00e1ter eliminat\u00f3rio e classificat\u00f3rio, ser\u00e1 aplicada somente aos candidatos aos cargos de Motorista e Operador de M\u00e1quinas Pesadas que estiverem presentes na prova objetiva. Esta etapa avaliar\u00e1 a habilidade do candidato na condu\u00e7\u00e3o de ve\u00edculos ou opera\u00e7\u00e3o de m\u00e1quinas. Para ser aprovado, o candidato precisa alcan\u00e7ar no m\u00ednimo 3,0 pontos (30%) na prova pr\u00e1tica, al\u00e9m da aprova\u00e7\u00e3o na prova objetiva. A apresenta\u00e7\u00e3o da Carteira Nacional de Habilita\u00e7\u00e3o (CNH) na categoria compat\u00edvel \u00e9 obrigat\u00f3ria. A data prov\u00e1vel para esta etapa tamb\u00e9m \u00e9 <strong>17 de agosto de 2025<\/strong>.<\/li>\n<\/ul>\n<p>Para informa\u00e7\u00f5es completas sobre o conte\u00fado program\u00e1tico, crit\u00e9rios de avalia\u00e7\u00e3o de cada etapa, regras espec\u00edficas e cronograma detalhado, \u00e9 indispens\u00e1vel a consulta ao edital oficial do Processo Seletivo.<\/p>\n<h2>Resultados e Gabarito<\/h2>\n<p>A divulga\u00e7\u00e3o dos resultados do Processo Seletivo de Frei Rog\u00e9rio seguir\u00e1 um cronograma espec\u00edfico. O gabarito provis\u00f3rio da prova objetiva est\u00e1 previsto para ser publicado no dia <strong>17 de agosto de 2025<\/strong>, ap\u00f3s as 20h, no site da SC Treinamentos. Ap\u00f3s o per\u00edodo de recursos, o gabarito oficial, juntamente com as notas e a classifica\u00e7\u00e3o provis\u00f3ria, ser\u00e1 divulgado em <strong>26 de agosto de 2025<\/strong>. Haver\u00e1 um novo prazo para recursos contra as notas e a classifica\u00e7\u00e3o provis\u00f3ria, com o julgamento e a publica\u00e7\u00e3o do resultado final e a homologa\u00e7\u00e3o do certame previstos para ocorrer a partir de <strong>01 de setembro de 2025<\/strong>.<\/p>\n<p>Os crit\u00e9rios de classifica\u00e7\u00e3o final variam: para Professores, ser\u00e1 a m\u00e9dia ponderada da Prova Objetiva (80%) e Prova de T\u00edtulos (20%); para Motorista e Operador de M\u00e1quinas Pesadas, Prova Objetiva (40%) e Prova Pr\u00e1tica (60%); para os demais cargos, a nota da Prova Objetiva. Em caso de empate, os crit\u00e9rios de desempate incluem: idade igual ou superior a 60 anos, maior nota em Conhecimentos Espec\u00edficos, maior nota em Conhecimentos B\u00e1sicos, maior idade, exerc\u00edcio da fun\u00e7\u00e3o de jurado e, por fim, sorteio p\u00fablico. A convoca\u00e7\u00e3o dos aprovados, respeitando a ordem de classifica\u00e7\u00e3o, ser\u00e1 realizada conforme a necessidade da administra\u00e7\u00e3o municipal e os candidatos dever\u00e3o acompanhar as publica\u00e7\u00f5es no site da banca e da prefeitura, al\u00e9m de manter seus dados de contato atualizados.<\/p>\n<p>\u00c9 de responsabilidade exclusiva do candidato acompanhar todas as publica\u00e7\u00f5es oficiais, comunicados e convoca\u00e7\u00f5es referentes a este Processo Seletivo no site da banca organizadora, <a href=\"https:\/\/portal.sctreinamentos.selecao.site\" target=\"_blank\" rel=\"noopener noreferrer\">https:\/\/portal.sctreinamentos.selecao.site<\/a>, e no site oficial do Munic\u00edpio de Frei Rog\u00e9rio.<\/p>\n","protected":false},"excerpt":{"rendered":"<p>Processo Seletivo Pref. Frei Rog\u00e9rio (SC) com edital publicado! Vagas p\/ Professor, Agr\u00f4nomo (Fund. a Sup.). Inscri\u00e7\u00f5es a partir de 27\/06. Confira detalhes!<\/p>\n","protected":false},"author":7,"featured_media":267778,"comment_status":"open","ping_status":"open","sticky":false,"template":"","format":"standard","meta":{"_acf_changed":false,"_breakdance_hide_in_design_set":false,"_breakdance_tags":"","footnotes":""},"categories":[4,25,130],"tags":[61],"_amplo":[],"destaque":[],"instituicoes":[],"class_list":["post-267779","post","type-post","status-publish","format-standard","has-post-thumbnail","hentry","category-agronomia","category-pedagogia","category-tecnico-informatica","tag-santa-catarina"],"acf":{"_tipo_vagas":"vagas","_numero_vagas":"","_quadro_vagas":"","_cargos":"diversos","_cargos_especificos":"","_salario_max":"R$ 6802.2","_abertura":"20250627","_encerramento":"20250727","_inscricoes":"https:\/\/portal.sctreinamentos.selecao.site","_executora_concurso":"","_instituicao_concurso":[],"_link_adicional":null,"_anexos":null,"_produtos":null,"_vagas":"CR","_salario_min":"R$ 1530.47","_instituicao":"Prefeitura Frei Rog\u00e9rio","_edital":"https:\/\/www.agrobase.com.br\/concursos\/wp-content\/uploads\/sites\/4\/2025\/06\/edital-05-2025-prefeitura-frei-rogerio-sc.pdf","_anexos_edital":"https:\/\/www.agrobase.com.br\/concursos\/wp-content\/uploads\/sites\/4\/2025\/06\/anexos-edital-05-2025-prefeitura-frei-rogerio-sc.pdf","_fund_incompleto":"<div>\r\n<table class=\"quadro\">\r\n<thead>\r\n<tr>\r\n<th class=\"hcargo\">Cargo<\/th>\r\n<th class=\"hvagas\">Vagas<\/th>\r\n<th class=\"hremuneracao\">Remunera\u00e7\u00e3o<\/th>\r\n<\/tr>\r\n<\/thead>\r\n    <tbody>\r\n      <td class=\"ccargos\">\r\n<span data-balloon-length=\"medium\" aria-label=\"S\u00e9ries Iniciais do Ensino Fundamental (4\u00aa s\u00e9rie), portador de Carteira Nacional de Habilita\u00e7\u00e3o categoria \u201cC\u201d ou superior.\" data-balloon-pos=\"up\">Operador de M\u00e1quinas Pesadas<\/span><\/td>\r\n<td class=\"cvagas\">CR<\/td>\r\n<td class=\"cremuneracao\">R$ 2.210,71 \/40h<\/td>\r\n<\/tr>\r\n    <\/tbody>\r\n  <\/table>\r\n<\/div>","_fund_completo":"<div>\r\n<table class=\"quadro\">\r\n<thead>\r\n<tr>\r\n<th class=\"hcargo\">Cargo<\/th>\r\n<th class=\"hvagas\">Vagas<\/th>\r\n<th class=\"hremuneracao\">Remunera\u00e7\u00e3o<\/th>\r\n<\/tr>\r\n<\/thead>\r\n    <tbody>\r\n      <td class=\"ccargos\">\r\n<span data-balloon-length=\"medium\" aria-label=\"Ensino Fundamental\" data-balloon-pos=\"up\">Agente de Servi\u00e7os Gerais<\/span><\/td>\r\n<td class=\"cvagas\">CR<\/td>\r\n<td class=\"cremuneracao\">R$ 1.530,47 \/40h<\/td>\r\n<\/tr><td class=\"ccargos\">\r\n<span data-balloon-length=\"medium\" data-balloon-pos=\"up\">Motorista<\/span><\/td>\r\n<td class=\"cvagas\">CR<\/td>\r\n<td class=\"cremuneracao\">R$ 2.210,71 \/40h<\/td>\r\n<\/tr><td class=\"ccargos\">\r\n<span data-balloon-length=\"medium\" aria-label=\"Ensino Fundamental\" data-balloon-pos=\"up\">Pedreiro\/Carpinteiro<\/span><\/td>\r\n<td class=\"cvagas\">CR<\/td>\r\n<td class=\"cremuneracao\">R$ 2.720,85 \/40h<\/td>\r\n<\/tr><td class=\"ccargos\">\r\n<span data-balloon-length=\"medium\" aria-label=\"Ensino Fundamental\" data-balloon-pos=\"up\">Servente<\/span><\/td>\r\n<td class=\"cvagas\">CR<\/td>\r\n<td class=\"cremuneracao\">R$ 1.530,47 \/40h<\/td>\r\n<\/tr><td class=\"ccargos\">\r\n<span data-balloon-length=\"medium\" aria-label=\"Ensino Fundamental\" data-balloon-pos=\"up\">Servente\/Merendeira<\/span><\/td>\r\n<td class=\"cvagas\">CR<\/td>\r\n<td class=\"cremuneracao\">R$ 1.530,47 \/40h<\/td>\r\n<\/tr>\r\n    <\/tbody>\r\n  <\/table>\r\n<\/div>","_medio":"<div>\r\n<table class=\"quadro\">\r\n<thead>\r\n<tr>\r\n<th class=\"hcargo\">Cargo<\/th>\r\n<th class=\"hvagas\">Vagas<\/th>\r\n<th class=\"hremuneracao\">Remunera\u00e7\u00e3o<\/th>\r\n<\/tr>\r\n<\/thead>\r\n    <tbody>\r\n      <td class=\"ccargos\">\r\n<span data-balloon-length=\"medium\" aria-label=\"Ensino M\u00e9dio Completo (com a ressalva estabelecida pela Lei 13595\/2018). Curso Introdut\u00f3rio de Forma\u00e7\u00e3o Inicial (com aproveitamento). Residir no local de atua\u00e7\u00e3o desde a data de publica\u00e7\u00e3o deste Edital.\" data-balloon-pos=\"up\">Agente comunit\u00e1rio de Sa\u00fade - ACS - Atua\u00e7\u00e3o: Sede (Frei Rog\u00e9rio)<\/span><\/td>\r\n<td class=\"cvagas\">CR<\/td>\r\n<td class=\"cremuneracao\">R$ 3.036,00 \/40h<\/td>\r\n<\/tr><td class=\"ccargos\">\r\n<span data-balloon-length=\"medium\" aria-label=\"Ensino M\u00e9dio Completo (com a ressalva estabelecida pela Lei 13595\/2018). Curso Introdut\u00f3rio de Forma\u00e7\u00e3o Inicial (com aproveitamento). Residir no local de atua\u00e7\u00e3o desde a data de publica\u00e7\u00e3o deste Edital.\" data-balloon-pos=\"up\">Agente comunit\u00e1rio de Sa\u00fade - ACS \u2013 Atua\u00e7\u00e3o: Taquaru\u00e7u de Cima e \u00cdndio Galdino<\/span><\/td>\r\n<td class=\"cvagas\">CR<\/td>\r\n<td class=\"cremuneracao\">R$ 3.036,00 \/40h<\/td>\r\n<\/tr><td class=\"ccargos\">\r\n<span data-balloon-length=\"medium\" aria-label=\"Ensino M\u00e9dio Completo (com a ressalva estabelecida pela Lei 13595\/2018). Curso Introdut\u00f3rio de Forma\u00e7\u00e3o Inicial (com aproveitamento). Residir no local de atua\u00e7\u00e3o desde a data de publica\u00e7\u00e3o deste Edital.\" data-balloon-pos=\"up\">Agente comunit\u00e1rio de Sa\u00fade - ACS - Atua\u00e7\u00e3o: N\u00facleo Trit\u00edcola<\/span><\/td>\r\n<td class=\"cvagas\">CR<\/td>\r\n<td class=\"cremuneracao\">R$ 3.036,00 \/40h<\/td>\r\n<\/tr><td class=\"ccargos\">\r\n<span data-balloon-length=\"medium\" aria-label=\"Ensino M\u00e9dio Completo (com a ressalva estabelecida pela Lei 13595\/2018). Curso Introdut\u00f3rio de Forma\u00e7\u00e3o Inicial (com aproveitamento). Residir no local de atua\u00e7\u00e3o desde a data de publica\u00e7\u00e3o deste Edital.\" data-balloon-pos=\"up\">Agente comunit\u00e1rio de Sa\u00fade - ACS - Atua\u00e7\u00e3o: Lote 14<\/span><\/td>\r\n<td class=\"cvagas\">CR<\/td>\r\n<td class=\"cremuneracao\">R$ 3.036,00 \/40h<\/td>\r\n<\/tr><td class=\"ccargos\">\r\n<span data-balloon-length=\"medium\" aria-label=\"Ensino M\u00e9dio Completo (com a ressalva estabelecida pela Lei 13595\/2018). Curso Introdut\u00f3rio de Forma\u00e7\u00e3o Inicial (com aproveitamento). Residir no local de atua\u00e7\u00e3o desde a data de publica\u00e7\u00e3o deste Edital.\" data-balloon-pos=\"up\">Agente comunit\u00e1rio de Sa\u00fade - ACS - Atua\u00e7\u00e3o: N\u00facleo Celso Ramos<\/span><\/td>\r\n<td class=\"cvagas\">CR<\/td>\r\n<td class=\"cremuneracao\">R$ 3.036,00 \/40h<\/td>\r\n<\/tr><td class=\"ccargos\">\r\n<span data-balloon-length=\"medium\" aria-label=\"Ensino M\u00e9dio Completo (com a ressalva estabelecida pela Lei 13595\/2018). Curso Introdut\u00f3rio de Forma\u00e7\u00e3o Inicial (com aproveitamento). Residir no local de atua\u00e7\u00e3o desde a data de publica\u00e7\u00e3o deste Edital.\" data-balloon-pos=\"up\">Agente comunit\u00e1rio de Sa\u00fade - ACS - Atua\u00e7\u00e3o: S\u00e3o Jos\u00e9<\/span><\/td>\r\n<td class=\"cvagas\">CR<\/td>\r\n<td class=\"cremuneracao\">R$ 3.036,00 \/40h<\/td>\r\n<\/tr><td class=\"ccargos\">\r\n<span data-balloon-length=\"medium\" aria-label=\"Ensino M\u00e9dio Completo (com a ressalva estabelecida pela Lei 13595\/2018). Curso Introdut\u00f3rio de Forma\u00e7\u00e3o Inicial (com aproveitamento). Residir no local de atua\u00e7\u00e3o desde a data de publica\u00e7\u00e3o deste Edital.\" data-balloon-pos=\"up\">Agente comunit\u00e1rio de Sa\u00fade - ACS - Atua\u00e7\u00e3o: Santa Luzia<\/span><\/td>\r\n<td class=\"cvagas\">CR<\/td>\r\n<td class=\"cremuneracao\">R$ 3.036,00 \/40h<\/td>\r\n<\/tr><td class=\"ccargos\">\r\n<span data-balloon-length=\"medium\" aria-label=\"Ensino M\u00e9dio Completo (com a ressalva estabelecida pela Lei 13595\/2018). Curso Introdut\u00f3rio de Forma\u00e7\u00e3o Inicial (com aproveitamento). Residir no local de atua\u00e7\u00e3o desde a data de publica\u00e7\u00e3o deste Edital.\" data-balloon-pos=\"up\">Agente comunit\u00e1rio de Sa\u00fade - ACS - Atua\u00e7\u00e3o: Salto Correntes<\/span><\/td>\r\n<td class=\"cvagas\">CR<\/td>\r\n<td class=\"cremuneracao\">R$ 3.036,00 \/40h<\/td>\r\n<\/tr><td class=\"ccargos\">\r\n<span data-balloon-length=\"medium\" aria-label=\"Forma\u00e7\u00e3o de N\u00edvel M\u00e9dio ou Equivalente.\" data-balloon-pos=\"up\">Agente de Apoio Educacional<\/span><\/td>\r\n<td class=\"cvagas\">CR<\/td>\r\n<td class=\"cremuneracao\">R$ 1.658,03 \/30h<\/td>\r\n<\/tr><td class=\"ccargos\">\r\n<span data-balloon-length=\"medium\" aria-label=\"Ensino M\u00e9dio\" data-balloon-pos=\"up\">Auxiliar de Transporte Escolar<\/span><\/td>\r\n<td class=\"cvagas\">CR<\/td>\r\n<td class=\"cremuneracao\">R$ 2.210,71 \/40h<\/td>\r\n<\/tr>\r\n    <\/tbody>\r\n  <\/table>\r\n<\/div>","_superior":"<div>\r\n<table class=\"quadro\">\r\n<thead>\r\n<tr>\r\n<th class=\"hcargo\">Cargo<\/th>\r\n<th class=\"hvagas\">Vagas<\/th>\r\n<th class=\"hremuneracao\">Remunera\u00e7\u00e3o<\/th>\r\n<\/tr>\r\n<\/thead>\r\n    <tbody>\r\n      <tr>\r\n<td class=\"ccargos\">\r\n<span data-balloon-length=\"medium\" aria-label=\"Curso Superior em Agronomia Registro no \u00d3rg\u00e3o de Classe\" data-balloon-pos=\"up\">Agr\u00f4nomo<\/span><\/td>\r\n<td class=\"cvagas\">CR<\/td>\r\n<td class=\"cremuneracao\">R$ 6.802,20 \/40h<\/td>\r\n<\/tr><tr>\r\n<td class=\"ccargos\">\r\n<span data-balloon-length=\"medium\" aria-label=\"Habilita\u00e7\u00e3o obtida em curso de n\u00edvel superior de dura\u00e7\u00e3o plena, na \u00e1rea de Inform\u00e1tica.\" data-balloon-pos=\"up\">Professor de Inform\u00e1tica<\/span><\/td>\r\n<td class=\"cvagas\">CR<\/td>\r\n<td class=\"cremuneracao\">R$ 4.407,80 \/40h<\/td>\r\n<\/tr><tr>\r\n<td class=\"ccargos\">\r\n<span data-balloon-length=\"medium\" aria-label=\"Habilitado (Superior): Habilita\u00e7\u00e3o obtida em curso de n\u00edvel Superior Pedagogia.\" data-balloon-pos=\"up\">Professor Pedagogo Habilitado<\/span><\/td>\r\n<td class=\"cvagas\">CR<\/td>\r\n<td class=\"cremuneracao\">R$ 2.203,90 \/20h<\/td>\r\n<\/tr><tr>\r\n<td class=\"ccargos\">\r\n<span data-balloon-length=\"medium\" aria-label=\"N\u00e3o Habilitado: Cursando a partir da 4\u00aa Fase do curso de Pedagogia\" data-balloon-pos=\"up\">Professor Pedagogo N\u00e3o Habilitado<\/span><\/td>\r\n<td class=\"cvagas\">CR<\/td>\r\n<td class=\"cremuneracao\">R$ 1.652,91 \/20h<\/td>\r\n<\/tr>\r\n    <\/tbody>\r\n  <\/table>\r\n<\/div>"},"_links":{"self":[{"href":"https:\/\/www.agrobase.com.br\/concursos\/wp-json\/wp\/v2\/posts\/267779","targetHints":{"allow":["GET"]}}],"collection":[{"href":"https:\/\/www.agrobase.com.br\/concursos\/wp-json\/wp\/v2\/posts"}],"about":[{"href":"https:\/\/www.agrobase.com.br\/concursos\/wp-json\/wp\/v2\/types\/post"}],"author":[{"embeddable":true,"href":"https:\/\/www.agrobase.com.br\/concursos\/wp-json\/wp\/v2\/users\/7"}],"replies":[{"embeddable":true,"href":"https:\/\/www.agrobase.com.br\/concursos\/wp-json\/wp\/v2\/comments?post=267779"}],"version-history":[{"count":4,"href":"https:\/\/www.agrobase.com.br\/concursos\/wp-json\/wp\/v2\/posts\/267779\/revisions"}],"predecessor-version":[{"id":267785,"href":"https:\/\/www.agrobase.com.br\/concursos\/wp-json\/wp\/v2\/posts\/267779\/revisions\/267785"}],"wp:featuredmedia":[{"embeddable":true,"href":"https:\/\/www.agrobase.com.br\/concursos\/wp-json\/wp\/v2\/media\/267778"}],"wp:attachment":[{"href":"https:\/\/www.agrobase.com.br\/concursos\/wp-json\/wp\/v2\/media?parent=267779"}],"wp:term":[{"taxonomy":"category","embeddable":true,"href":"https:\/\/www.agrobase.com.br\/concursos\/wp-json\/wp\/v2\/categories?post=267779"},{"taxonomy":"post_tag","embeddable":true,"href":"https:\/\/www.agrobase.com.br\/concursos\/wp-json\/wp\/v2\/tags?post=267779"},{"taxonomy":"_amplo","embeddable":true,"href":"https:\/\/www.agrobase.com.br\/concursos\/wp-json\/wp\/v2\/_amplo?post=267779"},{"taxonomy":"destaque","embeddable":true,"href":"https:\/\/www.agrobase.com.br\/concursos\/wp-json\/wp\/v2\/destaque?post=267779"},{"taxonomy":"instituicoes","embeddable":true,"href":"https:\/\/www.agrobase.com.br\/concursos\/wp-json\/wp\/v2\/instituicoes?post=267779"}],"curies":[{"name":"wp","href":"https:\/\/api.w.org\/{rel}","templated":true}]}}