{"id":267761,"date":"2025-06-26T07:30:16","date_gmt":"2025-06-26T10:30:16","guid":{"rendered":"https:\/\/www.agrobase.com.br\/concursos\/?p=267761"},"modified":"2025-06-25T13:14:58","modified_gmt":"2025-06-25T16:14:58","slug":"etec-adamantina-sp-selecao-simplificada-063-04-2025","status":"publish","type":"post","link":"https:\/\/www.agrobase.com.br\/concursos\/2025\/etec-adamantina-sp-selecao-simplificada-063-04-2025\/","title":{"rendered":"ETEC Adamantina (SP) &#8211; Sele\u00e7\u00e3o Simplificada 063\/04\/2025"},"content":{"rendered":"<h2>Informa\u00e7\u00f5es Gerais<\/h2>\n<p>O Processo Seletivo Simplificado da <strong>ESCOLA T\u00c9CNICA ESTADUAL ENGENHEIRO HERVAL BELLUSCI<\/strong>, vinculada ao Centro Paula Souza (Ceeteps), regido pelo Edital N\u00b0 063\/04\/2025, est\u00e1 com edital publicado e visa formar cadastro reserva para a fun\u00e7\u00e3o de Professor de Ensino M\u00e9dio e T\u00e9cnico. A contrata\u00e7\u00e3o ser\u00e1 pelo regime CLT, com remunera\u00e7\u00e3o de R$ 29,21 por hora-aula, para candidatos de n\u00edvel superior. As oportunidades s\u00e3o para lecionar no componente curricular &#8216;Pr\u00e1ticas em Ci\u00eancias da Terra (Meio Ambiente)&#8217;, sendo de <em>especial interesse para profissionais formados em Agronomia, Engenharia Ambiental, Engenharia Florestal, Geologia, Gest\u00e3o Ambiental<\/em> e outras \u00e1reas correlatas detalhadas no edital. Continue lendo para saber como se inscrever e quais s\u00e3o as etapas deste processo seletivo.<\/p>\n<h2>Inscri\u00e7\u00f5es<\/h2>\n<p>As inscri\u00e7\u00f5es para este processo seletivo estar\u00e3o abertas no per\u00edodo de <em>26 de junho de 2025 at\u00e9 \u00e0s 23h59 do dia 10 de julho de 2025<\/em>. Os interessados dever\u00e3o se inscrever exclusivamente pela internet, atrav\u00e9s do site oficial <a href=\"https:\/\/urhsistemas.cps.sp.gov.br\/dgsdad\/selecaopublica\/\" target=\"_blank\" rel=\"noopener noreferrer\">https:\/\/urhsistemas.cps.sp.gov.br\/dgsdad\/selecaopublica\/<\/a>. <strong>N\u00e3o haver\u00e1 cobran\u00e7a de taxa de inscri\u00e7\u00e3o<\/strong>. Durante o processo de inscri\u00e7\u00e3o online, ser\u00e1 necess\u00e1rio preencher a ficha de inscri\u00e7\u00e3o e realizar o upload do Memorial Circunstanciado juntamente com a respectiva documenta\u00e7\u00e3o comprobat\u00f3ria, em arquivo \u00fanico no formato PDF, com tamanho m\u00e1ximo de 25MB. O deferimento das inscri\u00e7\u00f5es ser\u00e1 divulgado posteriormente pela unidade de ensino. \u00c9 fundamental que o candidato leia atentamente o edital completo para conhecer todos os requisitos e procedimentos.<\/p>\n<h2>Etapas e Provas<\/h2>\n<p>O processo seletivo ser\u00e1 constitu\u00eddo por duas fases, ambas de car\u00e1ter eliminat\u00f3rio e classificat\u00f3rio:<\/p>\n<ul>\n<li><strong>Exame de Memorial Circunstanciado (Prova de T\u00edtulos):<\/strong> Consiste na an\u00e1lise dos documentos comprobat\u00f3rios de forma\u00e7\u00e3o acad\u00eamica e experi\u00eancias profissionais, conforme crit\u00e9rios e pontua\u00e7\u00f5es detalhados no edital. Esta etapa valer\u00e1 de 0 a 100 pontos, e os 10 primeiros candidatos mais bem classificados (al\u00e9m dos empatados nesta posi\u00e7\u00e3o) ser\u00e3o convocados para a fase seguinte.<\/li>\n<li><strong>Prova de M\u00e9todos Pedag\u00f3gicos (Prova Objetiva de Habilidades Operacionais ou T\u00e9cnicas):<\/strong> Trata-se da apresenta\u00e7\u00e3o de uma aula perante a Banca Examinadora, sobre um tema do componente curricular sorteado no dia. O candidato dever\u00e1 preparar um plano de aula para os temas propostos. Esta prova tamb\u00e9m valer\u00e1 de 0 a 100 pontos, sendo necess\u00e1rio obter no m\u00ednimo 50 pontos para ser considerado aprovado.<\/li>\n<\/ul>\n<p>Para informa\u00e7\u00f5es detalhadas sobre o conte\u00fado program\u00e1tico, crit\u00e9rios de avalia\u00e7\u00e3o de cada etapa e cronograma, consulte o edital completo.<\/p>\n<h2>Resultados e Gabarito<\/h2>\n<p>O resultado do Exame de Memorial Circunstanciado tem previs\u00e3o de divulga\u00e7\u00e3o entre <em>12 de julho e 06 de agosto de 2025<\/em>, enquanto o resultado da Prova de M\u00e9todos Pedag\u00f3gicos e a classifica\u00e7\u00e3o final s\u00e3o esperados entre <em>19 de julho e 13 de agosto de 2025<\/em>. A nota final ser\u00e1 a soma das pontua\u00e7\u00f5es das duas etapas, com classifica\u00e7\u00e3o em listas distintas para Licenciados (com prefer\u00eancia) e Graduados. Os crit\u00e9rios de desempate incluem idade (&gt;=60 anos), pontua\u00e7\u00e3o nas etapas, fun\u00e7\u00e3o de jurado, Cad\u00danico e idade (&lt;60 anos), podendo haver sorteio. A homologa\u00e7\u00e3o do certame, prevista para publica\u00e7\u00e3o em DOE entre <em>22 de julho e 21 de agosto de 2025<\/em>, ter\u00e1 validade de um ano, prorrog\u00e1vel por igual per\u00edodo. As convoca\u00e7\u00f5es seguir\u00e3o a ordem de classifica\u00e7\u00e3o e ser\u00e3o comunicadas pelos canais oficiais e por e-mail.<\/p>\n<p>\u00c9 fundamental que o candidato acompanhe todas as publica\u00e7\u00f5es oficiais no site do Centro Paula Souza e no Di\u00e1rio Oficial do Estado, pois este acompanhamento \u00e9 de sua inteira responsabilidade.<\/p>\n","protected":false},"excerpt":{"rendered":"<p>Sel. Simplificada ETEC Adamantina (SP) com edital publicado! Vaga p\/ Professor (Superior). Inscri\u00e7\u00f5es a partir de 26\/06. Sal\u00e1rio de R$ 29,21\/h. Confira detalhes!<\/p>\n","protected":false},"author":7,"featured_media":267760,"comment_status":"open","ping_status":"open","sticky":false,"template":"","format":"standard","meta":{"_acf_changed":false,"_breakdance_hide_in_design_set":false,"_breakdance_tags":"","footnotes":""},"categories":[4,5,97,95,13,14,125,15,16,111,115,155],"tags":[62],"_amplo":[],"destaque":[],"instituicoes":[],"class_list":["post-267761","post","type-post","status-publish","format-standard","has-post-thumbnail","hentry","category-agronomia","category-arquitetura","category-ecologia","category-engenharia-agricola","category-engenharia-ambiental","category-engenharia","category-engenharia-producao","category-engenharia-florestal","category-engenharia-sanitaria","category-geografia","category-geologia","category-gestao-ambiental","tag-sao-paulo"],"acf":{"_tipo_vagas":"vagas","_numero_vagas":"","_quadro_vagas":"","_cargos":"diversos","_cargos_especificos":"","_salario_max":"R$ 29.21","_abertura":"20250626","_encerramento":"20250710","_inscricoes":"https:\/\/urhsistemas.cps.sp.gov.br\/dgsdad\/selecaopublica\/","_executora_concurso":"","_instituicao_concurso":[],"_link_adicional":null,"_anexos":null,"_produtos":null,"_vagas":"CR","_salario_min":"R$ 29.21","_instituicao":"ETEC Adamantina","_edital":"https:\/\/www.agrobase.com.br\/concursos\/wp-content\/uploads\/sites\/4\/2025\/06\/edital-063-04-2025-etec-adamantina-sp.pdf","_anexos_edital":"","_fund_incompleto":"","_fund_completo":"","_medio":"","_superior":"<div>\r\n<table class=\"quadro\">\r\n<thead>\r\n<tr>\r\n<th class=\"hcargo\">Cargo<\/th>\r\n<th class=\"hvagas\">Vagas<\/th>\r\n<th class=\"hremuneracao\">Remunera\u00e7\u00e3o<\/th>\r\n<\/tr>\r\n<\/thead>\r\n    <tbody>\r\n      <tr>\r\n<td class=\"ccargos\">\r\n<span data-balloon-length=\"medium\" data-balloon-pos=\"up\">Professor de Ensino M\u00e9dio e T\u00e9cnico - Componente Curricular: Pr\u00e1ticas em Ci\u00eancias da Terra (Meio Ambiente)<\/span><\/td>\r\n<td class=\"cvagas\">CR<\/td>\r\n<td class=\"cremuneracao\">R$ 29,21 \/44h<\/td>\r\n<\/tr>\r\n    <\/tbody>\r\n  <\/table>\r\n<\/div>"},"_links":{"self":[{"href":"https:\/\/www.agrobase.com.br\/concursos\/wp-json\/wp\/v2\/posts\/267761","targetHints":{"allow":["GET"]}}],"collection":[{"href":"https:\/\/www.agrobase.com.br\/concursos\/wp-json\/wp\/v2\/posts"}],"about":[{"href":"https:\/\/www.agrobase.com.br\/concursos\/wp-json\/wp\/v2\/types\/post"}],"author":[{"embeddable":true,"href":"https:\/\/www.agrobase.com.br\/concursos\/wp-json\/wp\/v2\/users\/7"}],"replies":[{"embeddable":true,"href":"https:\/\/www.agrobase.com.br\/concursos\/wp-json\/wp\/v2\/comments?post=267761"}],"version-history":[{"count":2,"href":"https:\/\/www.agrobase.com.br\/concursos\/wp-json\/wp\/v2\/posts\/267761\/revisions"}],"predecessor-version":[{"id":267764,"href":"https:\/\/www.agrobase.com.br\/concursos\/wp-json\/wp\/v2\/posts\/267761\/revisions\/267764"}],"wp:featuredmedia":[{"embeddable":true,"href":"https:\/\/www.agrobase.com.br\/concursos\/wp-json\/wp\/v2\/media\/267760"}],"wp:attachment":[{"href":"https:\/\/www.agrobase.com.br\/concursos\/wp-json\/wp\/v2\/media?parent=267761"}],"wp:term":[{"taxonomy":"category","embeddable":true,"href":"https:\/\/www.agrobase.com.br\/concursos\/wp-json\/wp\/v2\/categories?post=267761"},{"taxonomy":"post_tag","embeddable":true,"href":"https:\/\/www.agrobase.com.br\/concursos\/wp-json\/wp\/v2\/tags?post=267761"},{"taxonomy":"_amplo","embeddable":true,"href":"https:\/\/www.agrobase.com.br\/concursos\/wp-json\/wp\/v2\/_amplo?post=267761"},{"taxonomy":"destaque","embeddable":true,"href":"https:\/\/www.agrobase.com.br\/concursos\/wp-json\/wp\/v2\/destaque?post=267761"},{"taxonomy":"instituicoes","embeddable":true,"href":"https:\/\/www.agrobase.com.br\/concursos\/wp-json\/wp\/v2\/instituicoes?post=267761"}],"curies":[{"name":"wp","href":"https:\/\/api.w.org\/{rel}","templated":true}]}}