{"id":267726,"date":"2025-06-25T08:20:56","date_gmt":"2025-06-25T11:20:56","guid":{"rendered":"https:\/\/www.agrobase.com.br\/concursos\/?p=267726"},"modified":"2025-06-24T15:15:49","modified_gmt":"2025-06-24T18:15:49","slug":"prefeitura-uberlandia-mg-concurso-01-2025","status":"publish","type":"post","link":"https:\/\/www.agrobase.com.br\/concursos\/2025\/prefeitura-uberlandia-mg-concurso-01-2025\/","title":{"rendered":"Prefeitura Uberl\u00e2ndia (MG) &#8211; Concurso 01\/2025"},"content":{"rendered":"<h2>Informa\u00e7\u00f5es Gerais<\/h2>\n<p>O MUNIC\u00cdPIO DE UBERL\u00c2NDIA\/MG anuncia a realiza\u00e7\u00e3o de seu Concurso P\u00fablico, regido por este Edital e executado pelo Instituto Consulplan. O certame, com edital publicado, visa o preenchimento de vagas efetivas e a forma\u00e7\u00e3o de cadastro de reserva para o quadro de servidores municipais, conforme estabelecido na Lei Org\u00e2nica do Munic\u00edpio e no Estatuto dos Servidores P\u00fablicos do Munic\u00edpio de Uberl\u00e2ndia.<\/p>\n<p>As oportunidades abrangem os n\u00edveis Fundamental, M\u00e9dio, T\u00e9cnico e Superior, sob o regime estatut\u00e1rio. H\u00e1 vagas em diversas \u00e1reas da administra\u00e7\u00e3o p\u00fablica municipal, incluindo setores administrativos, operacionais, de fiscaliza\u00e7\u00e3o, sa\u00fade e educa\u00e7\u00e3o.<\/p>\n<p><strong>Destacamos a oferta de vagas para profissionais de Agronomia (Engenheiro Agr\u00f4nomo), Medicina Veterin\u00e1ria, Zootecnia, Biologia, Engenharia Ambiental, Nutri\u00e7\u00e3o, e para cargos relacionados \u00e0 Engenharia de Alimentos como T\u00e9cnico em Alimentos e Fiscal Sanit\u00e1rio\/Alimentos.<\/strong><\/p>\n<p>Este \u00e9 um convite para voc\u00ea conhecer em detalhes as etapas, prazos e requisitos deste concurso. Continue a leitura para se informar sobre o processo de inscri\u00e7\u00e3o, as fases da sele\u00e7\u00e3o e como acompanhar os resultados.<\/p>\n<h2>Inscri\u00e7\u00f5es<\/h2>\n<p>As inscri\u00e7\u00f5es para o Concurso P\u00fablico do Munic\u00edpio de Uberl\u00e2ndia\/MG estar\u00e3o abertas e ser\u00e3o realizadas exclusivamente pela internet, atrav\u00e9s do site da banca organizadora, Instituto Consulplan (www.institutoconsulplan.org.br). O per\u00edodo para se inscrever ser\u00e1 das <strong>16h00min do dia 13 de agosto de 2025 at\u00e9 as 16h00min do dia 15 de setembro de 2025<\/strong> (hor\u00e1rio oficial de Bras\u00edlia\/DF).<\/p>\n<p>Os valores das taxas de inscri\u00e7\u00e3o s\u00e3o:<\/p>\n<ul>\n<li>R$ 43,00 para cargos de N\u00edvel Fundamental;<\/li>\n<li>R$ 58,00 para cargos de N\u00edvel M\u00e9dio e T\u00e9cnico;<\/li>\n<li>R$ 59,00 para cargos de N\u00edvel Superior.<\/li>\n<\/ul>\n<p>Para efetivar a inscri\u00e7\u00e3o, o candidato dever\u00e1 preencher o formul\u00e1rio online e efetuar o pagamento do boleto banc\u00e1rio, que poder\u00e1 ser quitado em ag\u00eancias da Caixa Econ\u00f4mica Federal, loterias, salas de autoatendimento e internet banking, at\u00e9 a data de vencimento. \u00c9 importante ressaltar que n\u00e3o ser\u00e3o aceitas outras formas de pagamento como dep\u00f3sito em caixa eletr\u00f4nico, transfer\u00eancia, DOC, PIX ou ordem de pagamento. O boleto poder\u00e1 ser reimpresso, se necess\u00e1rio, at\u00e9 as 20h00min do dia 16 de setembro de 2025, primeiro dia \u00fatil ap\u00f3s o encerramento das inscri\u00e7\u00f5es. O candidato deve conferir todos os seus dados cadastrais e da inscri\u00e7\u00e3o no boleto antes de efetuar o pagamento.<\/p>\n<p>A lista das inscri\u00e7\u00f5es deferidas e indeferidas ser\u00e1 divulgada a partir das 16h00min do dia 30 de setembro de 2025, no site do Instituto Consulplan, permitindo a interposi\u00e7\u00e3o de recursos no prazo legal. Acompanhe o status da sua inscri\u00e7\u00e3o na \u00e1rea restrita do candidato no site da banca. Recomenda-se a leitura atenta e completa do edital para pleno conhecimento de todas as normas e procedimentos relativos \u00e0 inscri\u00e7\u00e3o.<\/p>\n<h2>Etapas e Provas<\/h2>\n<p>O Concurso P\u00fablico do Munic\u00edpio de Uberl\u00e2ndia\/MG ser\u00e1 composto por diversas etapas, variando conforme o cargo pretendido. As provas ser\u00e3o realizadas em Uberl\u00e2ndia\/MG, podendo se estender a cidades vizinhas caso necess\u00e1rio.<\/p>\n<ul>\n<li><strong>Provas Objetivas de M\u00faltipla Escolha:<\/strong> De car\u00e1ter eliminat\u00f3rio e classificat\u00f3rio, aplic\u00e1veis a todos os cargos. As provas ter\u00e3o quest\u00f5es com 4 alternativas (A a D) e apenas uma resposta correta. Para aprova\u00e7\u00e3o, o candidato dever\u00e1 obter no m\u00ednimo 60% de aproveitamento dos pontos totais e ao menos 1 ponto em cada uma das disciplinas que comp\u00f5em a prova. As disciplinas variam conforme o cargo e n\u00edvel de escolaridade, geralmente incluindo L\u00edngua Portuguesa, Matem\u00e1tica\/Racioc\u00ednio L\u00f3gico, Legisla\u00e7\u00e3o e Conhecimentos Espec\u00edficos. A dura\u00e7\u00e3o das provas objetivas ser\u00e1 de 3 horas para cargos que possuem apenas esta etapa, 4 horas para cargos com prova objetiva e discursiva (exceto Procurador Municipal), e 5 horas para o cargo de Procurador Municipal (objetiva e discursiva).<\/li>\n<li><strong>Provas Discursivas:<\/strong> De car\u00e1ter eliminat\u00f3rio e classificat\u00f3rio, aplicadas no mesmo dia das provas objetivas para os cargos de Analista Pedag\u00f3gico, Inspetor Escolar, Procurador Municipal, Professor de Arte, Professor de Hist\u00f3ria, Professor de Ingl\u00eas, Professor de L\u00edngua Portuguesa e Professor de Matem\u00e1tica. Consistir\u00e1 em uma disserta\u00e7\u00e3o (para a maioria dos cargos) ou uma pe\u00e7a pr\u00e1tico-profissional (para Procurador Municipal), valendo at\u00e9 30 pontos. Ser\u00e1 considerado aprovado o candidato que obtiver no m\u00ednimo 60% de aproveitamento. Somente ser\u00e3o corrigidas as provas discursivas dos candidatos aprovados na prova objetiva e classificados at\u00e9 um limite de posi\u00e7\u00f5es especificado no edital para cada cargo.<\/li>\n<li><strong>Teste de Aptid\u00e3o F\u00edsica (TAF):<\/strong> De car\u00e1ter eliminat\u00f3rio, destinado aos candidatos aos cargos de Agente de Apoio Operacional, Agente da Autoridade de Tr\u00e2nsito, Agente de Seguran\u00e7a Patrimonial e Fiscal de Transportes, desde que aprovados nas etapas anteriores e classificados dentro do quantitativo de corte. O TAF consistir\u00e1 em flex\u00e3o de bra\u00e7o com apoio de frente ao solo (m\u00ednimo de 10 repeti\u00e7\u00f5es para o sexo feminino e 12 para o masculino) e corrida de m\u00e9dia dist\u00e2ncia (1.000 metros para o sexo feminino e 1.200 metros para o masculino, em 12 minutos). Ser\u00e1 exigida a apresenta\u00e7\u00e3o de atestado m\u00e9dico espec\u00edfico para a realiza\u00e7\u00e3o do TAF.<\/li>\n<li><strong>Prova Pr\u00e1tica:<\/strong> De car\u00e1ter eliminat\u00f3rio, para os candidatos aos cargos de Assistente T\u00e9cnico de Som, Desenhista, Int\u00e9rprete Educacional, Professor de Libras, M\u00fasico Instrumentista (diversos instrumentos) e Oficial de Manuten\u00e7\u00e3o (Carpinteiro, Marceneiro, Pintor, Serralheiro), desde que aprovados nas etapas anteriores e classificados dentro do quantitativo de corte. Esta etapa avaliar\u00e1 habilidades espec\u00edficas da fun\u00e7\u00e3o, com pontua\u00e7\u00e3o total de 40 pontos, sendo necess\u00e1rio obter no m\u00ednimo 60% de aproveitamento. Os detalhes das tarefas e crit\u00e9rios de avalia\u00e7\u00e3o variam por cargo, podendo incluir manuseio de equipamentos, execu\u00e7\u00e3o de desenhos t\u00e9cnicos, apresenta\u00e7\u00e3o\/interpreta\u00e7\u00e3o em LIBRAS e execu\u00e7\u00e3o de pe\u00e7as musicais.<\/li>\n<li><strong>Avalia\u00e7\u00e3o de T\u00edtulos:<\/strong> De car\u00e1ter classificat\u00f3rio, exclusivamente para os cargos de n\u00edvel superior aprovados nas provas objetivas. Ser\u00e3o considerados t\u00edtulos de doutorado (at\u00e9 5,0 pontos), mestrado (at\u00e9 3,0 pontos) e especializa\u00e7\u00e3o lato sensu com carga hor\u00e1ria m\u00ednima de 360 horas (at\u00e9 2,0 pontos, limitado a dois cursos), todos na \u00e1rea espec\u00edfica do cargo pretendido, totalizando no m\u00e1ximo 10 pontos. O envio dos t\u00edtulos ser\u00e1 realizado via upload no site da banca organizadora, em per\u00edodo especificado.<\/li>\n<\/ul>\n<p>Para informa\u00e7\u00f5es detalhadas sobre o conte\u00fado program\u00e1tico de cada disciplina, os crit\u00e9rios espec\u00edficos de avalia\u00e7\u00e3o de cada etapa, o cronograma completo e todas as regras do certame, \u00e9 fundamental a leitura integral do edital e seus anexos.<\/p>\n<h2>Resultados e Gabarito<\/h2>\n<p>Os gabaritos oficiais preliminares das provas objetivas ser\u00e3o divulgados na internet, nos endere\u00e7os eletr\u00f4nicos do Instituto Consulplan (www.institutoconsulplan.org.br) e da Prefeitura de Uberl\u00e2ndia (www.uberlandia.mg.gov.br), a partir das 16h00min da segunda-feira subsequente \u00e0 realiza\u00e7\u00e3o das provas. Ap\u00f3s a an\u00e1lise dos recursos, ser\u00e3o publicados os gabaritos definitivos e os resultados preliminares das etapas subsequentes, seguindo o cronograma do concurso.<\/p>\n<p>A classifica\u00e7\u00e3o final dos candidatos ser\u00e1 feita pela soma dos pontos obtidos nas provas objetivas de m\u00faltipla escolha, nas provas discursivas (quando houver) e na avalia\u00e7\u00e3o de t\u00edtulos (para cargos de n\u00edvel superior). Em caso de empate, os crit\u00e9rios de desempate variar\u00e3o conforme o n\u00edvel e o cargo, priorizando, de forma geral: maior pontua\u00e7\u00e3o nas disciplinas de Conhecimentos Espec\u00edficos, L\u00edngua Portuguesa, Legisla\u00e7\u00e3o Municipal e Conhecimentos de Administra\u00e7\u00e3o P\u00fablica (para alguns cargos); maior idade; e, por fim, o exerc\u00edcio da fun\u00e7\u00e3o de jurado. Para candidatos com idade igual ou superior a 60 anos, completos at\u00e9 o \u00faltimo dia de inscri\u00e7\u00e3o, a idade ser\u00e1 o primeiro crit\u00e9rio de desempate.<\/p>\n<p>O resultado final do Concurso P\u00fablico poder\u00e1 ser homologado parcialmente, considerando o t\u00e9rmino das etapas de cada cargo, por meio de Ato do Prefeito do Munic\u00edpio de Uberl\u00e2ndia. A homologa\u00e7\u00e3o ser\u00e1 disponibilizada nos sites da Prefeitura e do Instituto Consulplan, com extrato publicado no Di\u00e1rio Oficial do Munic\u00edpio. A validade do concurso \u00e9 de 2 (dois) anos, contados da data de publica\u00e7\u00e3o do ato de homologa\u00e7\u00e3o, podendo ser prorrogado uma vez, por igual per\u00edodo.<\/p>\n<p>A convoca\u00e7\u00e3o dos candidatos aprovados, observada estritamente a ordem de classifica\u00e7\u00e3o, ocorrer\u00e1 ap\u00f3s a homologa\u00e7\u00e3o do concurso, de acordo com a necessidade e conveni\u00eancia do Munic\u00edpio. A convoca\u00e7\u00e3o ser\u00e1 realizada mediante publica\u00e7\u00e3o em Di\u00e1rio Oficial e no site da Prefeitura Municipal. Os candidatos convocados passar\u00e3o pela etapa de comprova\u00e7\u00e3o de requisitos e exames m\u00e9dicos, de car\u00e1ter eliminat\u00f3rio.<\/p>\n<p>\u00c9 de responsabilidade exclusiva do candidato o acompanhamento de todas as publica\u00e7\u00f5es oficiais, incluindo editais, comunicados, convoca\u00e7\u00f5es e resultados, divulgados nos endere\u00e7os eletr\u00f4nicos www.institutoconsulplan.org.br e www.uberlandia.mg.gov.br, bem como no Di\u00e1rio Oficial do Munic\u00edpio.<\/p>\n","protected":false},"excerpt":{"rendered":"<p>Concurso Pref. Uberl\u00e2ndia (MG) com edital publicado! Vagas p\/ Arquiteto, Assistente Social (Fund. a Sup.). Inscri\u00e7\u00f5es a partir de 13\/08. Confira detalhes!<\/p>\n","protected":false},"author":7,"featured_media":267725,"comment_status":"open","ping_status":"open","sticky":false,"template":"","format":"standard","meta":{"_acf_changed":false,"_breakdance_hide_in_design_set":false,"_breakdance_tags":"","footnotes":""},"categories":[3,4,5,140,94,6,106,9,120,10,117,141,11,12,13,14,103,152,17,18,19,111,100,20,6871,116,21,22,23,25,26,124,101,30,108,157,6525,28],"tags":[50],"_amplo":[],"destaque":[],"instituicoes":[],"class_list":["post-267726","post","type-post","status-publish","format-standard","has-post-thumbnail","hentry","category-administracao","category-agronomia","category-arquitetura","category-artes-plasticas","category-biblioteconomia","category-biologia","category-bioquimica","category-ciencias-contabeis","category-comunicacao-social","category-direito","category-economia","category-educacao-artistica","category-educacao-fisica","category-enfermagem","category-engenharia-ambiental","category-engenharia","category-engenharia-eletrica","category-engenharia-seguranca-trabalho","category-farmacia","category-fisioterapia","category-fonoaudiologia","category-geografia","category-historia","category-letras","category-letras-ingles","category-matematica","category-medicina","category-veterinaria","category-nutricao","category-pedagogia","category-psicologia","category-publicidade","category-servico-social","category-tecnico-agropecuaria","category-tecnico-enfermagem","category-tecnico-seguranca-trabalho","category-tecnologia-de-alimentos","category-zootecnia","tag-minas-gerais"],"acf":{"_tipo_vagas":"vagas","_numero_vagas":"","_quadro_vagas":"","_cargos":"diversos","_cargos_especificos":"","_salario_max":"R$ 10538.64","_abertura":"20250813","_encerramento":"20250915","_inscricoes":"https:\/\/www.institutoconsulplan.org.br","_executora_concurso":"","_instituicao_concurso":[],"_link_adicional":null,"_anexos":null,"_produtos":null,"_vagas":"172 vagas + CR","_salario_min":"R$ 2305.59","_instituicao":"Prefeitura de Uberl\u00e2ndia","_edital":"https:\/\/www.agrobase.com.br\/concursos\/wp-content\/uploads\/sites\/4\/2025\/06\/edital-01-2025-prefeitura-de-uberlandia-mg.pdf","_anexos_edital":"https:\/\/www.agrobase.com.br\/concursos\/wp-content\/uploads\/sites\/4\/2025\/06\/anexos-edital-01-2025-prefeitura-de-uberlandia-mg.pdf","_fund_incompleto":"","_fund_completo":"<div>\r\n<table class=\"quadro\">\r\n<thead>\r\n<tr>\r\n<th class=\"hcargo\">Cargo<\/th>\r\n<th class=\"hvagas\">Vagas<\/th>\r\n<th class=\"hremuneracao\">Remunera\u00e7\u00e3o<\/th>\r\n<\/tr>\r\n<\/thead>\r\n    <tbody>\r\n      <td class=\"ccargos\">\r\n<span data-balloon-length=\"medium\" aria-label=\"Ensino Fundamental\" data-balloon-pos=\"up\">Agente de Apoio Operacional<\/span><\/td>\r\n<td class=\"cvagas\">CR<\/td>\r\n<td class=\"cremuneracao\">R$ 2.305,59 \/30h<\/td>\r\n<\/tr><td class=\"ccargos\">\r\n<span data-balloon-length=\"medium\" aria-label=\"Ensino Fundamental\" data-balloon-pos=\"up\">Agente de Seguran\u00e7a Patrimonial<\/span><\/td>\r\n<td class=\"cvagas\">10 + CR<\/td>\r\n<td class=\"cremuneracao\">R$ 2.305,59 \/30h<\/td>\r\n<\/tr><td class=\"ccargos\">\r\n<span data-balloon-length=\"medium\" aria-label=\"Ensino Fundamental e conhecimento pr\u00e1tico para o exerc\u00edcio das atividades do cargo\" data-balloon-pos=\"up\">Oficial de Manuten\u00e7\u00e3o\/Carpinteiro<\/span><\/td>\r\n<td class=\"cvagas\">1 + CR<\/td>\r\n<td class=\"cremuneracao\">R$ 2.739,31 \/30h<\/td>\r\n<\/tr><td class=\"ccargos\">\r\n<span data-balloon-length=\"medium\" aria-label=\"Ensino Fundamental e conhecimento pr\u00e1tico para o exerc\u00edcio das atividades do cargo\" data-balloon-pos=\"up\">Oficial de Manuten\u00e7\u00e3o\/Marceneiro<\/span><\/td>\r\n<td class=\"cvagas\">1 + CR<\/td>\r\n<td class=\"cremuneracao\">R$ 2.739,31 \/30h<\/td>\r\n<\/tr><td class=\"ccargos\">\r\n<span data-balloon-length=\"medium\" aria-label=\"Ensino Fundamental e conhecimento pr\u00e1tico para o exerc\u00edcio das atividades do cargo\" data-balloon-pos=\"up\">Oficial de Manuten\u00e7\u00e3o\/Pintor<\/span><\/td>\r\n<td class=\"cvagas\">1 + CR<\/td>\r\n<td class=\"cremuneracao\">R$ 2.739,31 \/30h<\/td>\r\n<\/tr><td class=\"ccargos\">\r\n<span data-balloon-length=\"medium\" aria-label=\"Ensino Fundamental e conhecimento pr\u00e1tico para o exerc\u00edcio das atividades do cargo\" data-balloon-pos=\"up\">Oficial de Manuten\u00e7\u00e3o\/Serralheiro<\/span><\/td>\r\n<td class=\"cvagas\">1 + CR<\/td>\r\n<td class=\"cremuneracao\">R$ 2.739,31 \/30h<\/td>\r\n<\/tr><td class=\"ccargos\">\r\n<span data-balloon-length=\"medium\" aria-label=\"Ensino Fundamental e forma\u00e7\u00e3o em inform\u00e1tica b\u00e1sica\" data-balloon-pos=\"up\">Operador de Teleatendimento<\/span><\/td>\r\n<td class=\"cvagas\">2 + CR<\/td>\r\n<td class=\"cremuneracao\">R$ 2.305,59 \/30h<\/td>\r\n<\/tr>\r\n    <\/tbody>\r\n  <\/table>\r\n<\/div>","_medio":"<div>\r\n<table class=\"quadro\">\r\n<thead>\r\n<tr>\r\n<th class=\"hcargo\">Cargo<\/th>\r\n<th class=\"hvagas\">Vagas<\/th>\r\n<th class=\"hremuneracao\">Remunera\u00e7\u00e3o<\/th>\r\n<\/tr>\r\n<\/thead>\r\n    <tbody>\r\n      <td class=\"ccargos\">\r\n<span data-balloon-length=\"medium\" aria-label=\"Curso T\u00e9cnico de n\u00edvel m\u00e9dio em Alimentos, Agropecu\u00e1ria, Agroind\u00fastria, Qu\u00edmica ou Nutri\u00e7\u00e3o. Registro profissional ativo e CNH categoria \u201cA\u201d e \u201cB\u201d\" data-balloon-pos=\"up\">Fiscal de Abastecimento<\/span><\/td>\r\n<td class=\"cvagas\">1 + CR<\/td>\r\n<td class=\"cremuneracao\">R$ 3.417,07 \/30h<\/td>\r\n<\/tr><td class=\"ccargos\">\r\n<span data-balloon-length=\"medium\" aria-label=\"Curso T\u00e9cnico de nivel m\u00e9dio em Edifica\u00e7\u00f5es, Registro profissional ativo e CNH categoria \u201cA\u201d e \u201cB\u201d\" data-balloon-pos=\"up\">Fiscal de Obras<\/span><\/td>\r\n<td class=\"cvagas\">1 + CR<\/td>\r\n<td class=\"cremuneracao\">R$ 3.417,07 \/30h<\/td>\r\n<\/tr><td class=\"ccargos\">\r\n<span data-balloon-length=\"medium\" aria-label=\"Curso T\u00e9cnico de n\u00edvel m\u00e9dio em Alimentos; CNH categoria \u201cA\u201d e \u201cB\u201d\" data-balloon-pos=\"up\">Fiscal Sanit\u00e1rio\/Alimentos<\/span><\/td>\r\n<td class=\"cvagas\">1 + CR<\/td>\r\n<td class=\"cremuneracao\">R$ 3.417,07 \/30h<\/td>\r\n<\/tr><td class=\"ccargos\">\r\n<span data-balloon-length=\"medium\" aria-label=\"Curso T\u00e9cnico de n\u00edvel m\u00e9dio em Enfermagem; CNH categoria \u201cA\u201d e \u201cB\u201d\" data-balloon-pos=\"up\">Fiscal Sanit\u00e1rio\/Enfermagem<\/span><\/td>\r\n<td class=\"cvagas\">1 + CR<\/td>\r\n<td class=\"cremuneracao\">R$ 3.417,07 \/30h<\/td>\r\n<\/tr><td class=\"ccargos\">\r\n<span data-balloon-length=\"medium\" aria-label=\"Curso T\u00e9cnico de n\u00edvel m\u00e9dio em Farm\u00e1cia; CNH categoria \u201cA\u201d e \u201cB\u201d\" data-balloon-pos=\"up\">Fiscal Sanit\u00e1rio\/Farm\u00e1cia<\/span><\/td>\r\n<td class=\"cvagas\">1 + CR<\/td>\r\n<td class=\"cremuneracao\">R$ 3.417,07 \/30h<\/td>\r\n<\/tr><td class=\"ccargos\">\r\n<span data-balloon-length=\"medium\" aria-label=\"Curso T\u00e9cnico de N\u00edvel M\u00e9dio na modalidade Normal ou Magist\u00e9rio ou Licenciatura Plena em Pedagogia ou Normal Superior; Acrescido de Curso de Cuidador para apoio ao aluno com defici\u00eancia nas escolas, com carga hor\u00e1ria m\u00ednima de 80 (oitenta) horas\" data-balloon-pos=\"up\">Profissional de Apoio Escolar<\/span><\/td>\r\n<td class=\"cvagas\">50 + CR<\/td>\r\n<td class=\"cremuneracao\">R$ 2.999,36 \/25h<\/td>\r\n<\/tr><td class=\"ccargos\">\r\n<span data-balloon-length=\"medium\" aria-label=\"Curso T\u00e9cnico de n\u00edvel m\u00e9dio em Agropecu\u00e1ria e Registro Profissional ativo\" data-balloon-pos=\"up\">T\u00e9cnico em Agropecu\u00e1ria<\/span><\/td>\r\n<td class=\"cvagas\">1 + CR<\/td>\r\n<td class=\"cremuneracao\">R$ 3.417,07 \/30h<\/td>\r\n<\/tr><td class=\"ccargos\">\r\n<span data-balloon-length=\"medium\" aria-label=\"Curso T\u00e9cnico de n\u00edvel m\u00e9dio em Alimentos e Registro profissional ativo\" data-balloon-pos=\"up\">T\u00e9cnico em Alimentos<\/span><\/td>\r\n<td class=\"cvagas\">1 + CR<\/td>\r\n<td class=\"cremuneracao\">R$ 3.417,07 \/30h<\/td>\r\n<\/tr><td class=\"ccargos\">\r\n<span data-balloon-length=\"medium\" aria-label=\"Curso T\u00e9cnico em Enfermagem e Registro Profissional Ativo\" data-balloon-pos=\"up\">T\u00e9cnico em Enfermagem<\/span><\/td>\r\n<td class=\"cvagas\">1 + CR<\/td>\r\n<td class=\"cremuneracao\">R$ 3.417,07 \/30h<\/td>\r\n<\/tr><td class=\"ccargos\">\r\n<span data-balloon-length=\"medium\" data-balloon-pos=\"up\">Agente da Autoridade de Tr\u00e2nsito<\/span><\/td>\r\n<td class=\"cvagas\">1 + CR<\/td>\r\n<td class=\"cremuneracao\">R$ 3.170,05 \/30h<\/td>\r\n<\/tr><td class=\"ccargos\">\r\n<span data-balloon-length=\"medium\" aria-label=\"Ensino M\u00e9dio e conhecimento pr\u00e1tico em transporte, montagem e opera\u00e7\u00e3o de equipamentos de sonoriza\u00e7\u00e3o profissional, em mesa mixadora digital, processador digital, compressor, gate, processador de efeito e equalizador gr\u00e1fico\" data-balloon-pos=\"up\">Assistente T\u00e9cnico de Som<\/span><\/td>\r\n<td class=\"cvagas\">1 + CR<\/td>\r\n<td class=\"cremuneracao\">R$ 2.739,31 \/30h<\/td>\r\n<\/tr><td class=\"ccargos\">\r\n<span data-balloon-length=\"medium\" aria-label=\"Ensino M\u00e9dio e forma\u00e7\u00e3o em Desenho T\u00e9cnico na \u00e1rea urban\u00edstica, de arquitetura, ou de engenharia civil; Conhecimento pr\u00e9vio em software de CAD (Computer Aided Design)\" data-balloon-pos=\"up\">Desenhista<\/span><\/td>\r\n<td class=\"cvagas\">1 + CR<\/td>\r\n<td class=\"cremuneracao\">R$ 3.170,05 \/30h<\/td>\r\n<\/tr><td class=\"ccargos\">\r\n<span data-balloon-length=\"medium\" aria-label=\"Ensino M\u00e9dio e CNH categoria \u201cA\u201d e \u201cB\u201d\" data-balloon-pos=\"up\">Fiscal de Defesa do Consumidor<\/span><\/td>\r\n<td class=\"cvagas\">1 + CR<\/td>\r\n<td class=\"cremuneracao\">R$ 3.170,05 \/30h<\/td>\r\n<\/tr><td class=\"ccargos\">\r\n<span data-balloon-length=\"medium\" data-balloon-pos=\"up\">Fiscal de Transportes<\/span><\/td>\r\n<td class=\"cvagas\">1 + CR<\/td>\r\n<td class=\"cremuneracao\">R$ 3.170,05 \/30h<\/td>\r\n<\/tr><td class=\"ccargos\">\r\n<span data-balloon-length=\"medium\" aria-label=\"Ensino M\u00e9dio e forma\u00e7\u00e3o musical correspondente ao naipe\" data-balloon-pos=\"up\">M\u00fasico Instrumentista\/Bombardino<\/span><\/td>\r\n<td class=\"cvagas\">1 + CR<\/td>\r\n<td class=\"cremuneracao\">R$ 3.170,05 \/15h<\/td>\r\n<\/tr><td class=\"ccargos\">\r\n<span data-balloon-length=\"medium\" aria-label=\"Ensino M\u00e9dio e forma\u00e7\u00e3o musical correspondente ao naipe\" data-balloon-pos=\"up\">M\u00fasico Instrumentista\/Clarone<\/span><\/td>\r\n<td class=\"cvagas\">1 + CR<\/td>\r\n<td class=\"cremuneracao\">R$ 3.170,05 \/15h<\/td>\r\n<\/tr><td class=\"ccargos\">\r\n<span data-balloon-length=\"medium\" aria-label=\"Ensino M\u00e9dio e forma\u00e7\u00e3o musical correspondente ao naipe\" data-balloon-pos=\"up\">M\u00fasico Instrumentista\/Fagote<\/span><\/td>\r\n<td class=\"cvagas\">1 + CR<\/td>\r\n<td class=\"cremuneracao\">R$ 3.170,05 \/15h<\/td>\r\n<\/tr><td class=\"ccargos\">\r\n<span data-balloon-length=\"medium\" aria-label=\"Ensino M\u00e9dio e forma\u00e7\u00e3o musical correspondente ao naipe\" data-balloon-pos=\"up\">M\u00fasico Instrumentista\/Flauta<\/span><\/td>\r\n<td class=\"cvagas\">CR<\/td>\r\n<td class=\"cremuneracao\">R$ 3.170,05 \/15h<\/td>\r\n<\/tr><td class=\"ccargos\">\r\n<span data-balloon-length=\"medium\" aria-label=\"Ensino M\u00e9dio e forma\u00e7\u00e3o musical correspondente ao naipe\" data-balloon-pos=\"up\">M\u00fasico Instrumentista\/Flugelhoren<\/span><\/td>\r\n<td class=\"cvagas\">CR<\/td>\r\n<td class=\"cremuneracao\">R$ 3.170,05 \/15h<\/td>\r\n<\/tr><td class=\"ccargos\">\r\n<span data-balloon-length=\"medium\" aria-label=\"Ensino M\u00e9dio e forma\u00e7\u00e3o musical correspondente ao naipe\" data-balloon-pos=\"up\">M\u00fasico Instrumentista\/Obo\u00e9<\/span><\/td>\r\n<td class=\"cvagas\">CR<\/td>\r\n<td class=\"cremuneracao\">R$ 3.170,05 \/15h<\/td>\r\n<\/tr><td class=\"ccargos\">\r\n<span data-balloon-length=\"medium\" aria-label=\"Ensino M\u00e9dio e forma\u00e7\u00e3o musical correspondente ao naipe\" data-balloon-pos=\"up\">M\u00fasico Instrumentista\/Percussionista<\/span><\/td>\r\n<td class=\"cvagas\">CR<\/td>\r\n<td class=\"cremuneracao\">R$ 3.170,05 \/15h<\/td>\r\n<\/tr><td class=\"ccargos\">\r\n<span data-balloon-length=\"medium\" aria-label=\"Ensino M\u00e9dio e forma\u00e7\u00e3o musical correspondente ao naipe\" data-balloon-pos=\"up\">M\u00fasico Instrumentista\/Saxofone Alto<\/span><\/td>\r\n<td class=\"cvagas\">CR<\/td>\r\n<td class=\"cremuneracao\">R$ 3.170,05 \/15h<\/td>\r\n<\/tr><td class=\"ccargos\">\r\n<span data-balloon-length=\"medium\" aria-label=\"Ensino M\u00e9dio e forma\u00e7\u00e3o musical correspondente ao naipe\" data-balloon-pos=\"up\">M\u00fasico Instrumentista\/Saxofone Soprano<\/span><\/td>\r\n<td class=\"cvagas\">CR<\/td>\r\n<td class=\"cremuneracao\">R$ 3.170,05 \/15h<\/td>\r\n<\/tr><td class=\"ccargos\">\r\n<span data-balloon-length=\"medium\" aria-label=\"Ensino M\u00e9dio e forma\u00e7\u00e3o musical correspondente ao naipe\" data-balloon-pos=\"up\">M\u00fasico Instrumentista\/Saxofone Tenor<\/span><\/td>\r\n<td class=\"cvagas\">CR<\/td>\r\n<td class=\"cremuneracao\">R$ 3.170,05 \/15h<\/td>\r\n<\/tr><td class=\"ccargos\">\r\n<span data-balloon-length=\"medium\" aria-label=\"Ensino M\u00e9dio e forma\u00e7\u00e3o musical correspondente ao naipe\" data-balloon-pos=\"up\">M\u00fasico Instrumentista\/Trombone Baixo<\/span><\/td>\r\n<td class=\"cvagas\">CR<\/td>\r\n<td class=\"cremuneracao\">R$ 3.170,05 \/15h<\/td>\r\n<\/tr><td class=\"ccargos\">\r\n<span data-balloon-length=\"medium\" aria-label=\"Ensino M\u00e9dio e forma\u00e7\u00e3o musical correspondente ao naipe\" data-balloon-pos=\"up\">M\u00fasico Instrumentista\/Trombone Tenor<\/span><\/td>\r\n<td class=\"cvagas\">1 + CR<\/td>\r\n<td class=\"cremuneracao\">R$ 3.170,05 \/15h<\/td>\r\n<\/tr><td class=\"ccargos\">\r\n<span data-balloon-length=\"medium\" aria-label=\"Ensino M\u00e9dio e forma\u00e7\u00e3o musical correspondente ao naipe\" data-balloon-pos=\"up\">M\u00fasico Instrumentista\/Trompa<\/span><\/td>\r\n<td class=\"cvagas\">1 + CR<\/td>\r\n<td class=\"cremuneracao\">R$ 3.170,05 \/15h<\/td>\r\n<\/tr><td class=\"ccargos\">\r\n<span data-balloon-length=\"medium\" aria-label=\"Ensino M\u00e9dio e forma\u00e7\u00e3o em aplicativos de inform\u00e1tica - Editor de textos, Planilha Eletr\u00f4nica, Editor de Slides e Internet\" data-balloon-pos=\"up\">Oficial Administrativo<\/span><\/td>\r\n<td class=\"cvagas\">20 + CR<\/td>\r\n<td class=\"cremuneracao\">R$ 3.170,05 \/30h<\/td>\r\n<\/tr>\r\n    <\/tbody>\r\n  <\/table>\r\n<\/div>","_superior":"<div>\r\n<table class=\"quadro\">\r\n<thead>\r\n<tr>\r\n<th class=\"hcargo\">Cargo<\/th>\r\n<th class=\"hvagas\">Vagas<\/th>\r\n<th class=\"hremuneracao\">Remunera\u00e7\u00e3o<\/th>\r\n<\/tr>\r\n<\/thead>\r\n    <tbody>\r\n      <tr>\r\n<td class=\"ccargos\">\r\n<span data-balloon-length=\"medium\" aria-label=\"Gradua\u00e7\u00e3o em Administra\u00e7\u00e3o, Ci\u00eancias Cont\u00e1beis, Economia, Direito ou Engenharia\" data-balloon-pos=\"up\">Analista em Controle Interno<\/span><\/td>\r\n<td class=\"cvagas\">1 + CR<\/td>\r\n<td class=\"cremuneracao\">R$ 6.311,04 \/30h<\/td>\r\n<\/tr><tr>\r\n<td class=\"ccargos\">\r\n<span data-balloon-length=\"medium\" aria-label=\"Gradua\u00e7\u00e3o em Arquitetura e Urbanismo e Registro profissional ativo\" data-balloon-pos=\"up\">Arquiteto<\/span><\/td>\r\n<td class=\"cvagas\">1 + CR<\/td>\r\n<td class=\"cremuneracao\">R$ 7.408,16 \/30h<\/td>\r\n<\/tr><tr>\r\n<td class=\"ccargos\">\r\n<span data-balloon-length=\"medium\" aria-label=\"Gradua\u00e7\u00e3o em Servi\u00e7o Social e Registro profissional ativo\" data-balloon-pos=\"up\">Assistente Social<\/span><\/td>\r\n<td class=\"cvagas\">1 + CR<\/td>\r\n<td class=\"cremuneracao\">R$ 6.311,04 \/30h<\/td>\r\n<\/tr><tr>\r\n<td class=\"ccargos\">\r\n<span data-balloon-length=\"medium\" aria-label=\"Gradua\u00e7\u00e3o em Sistema de Informa\u00e7\u00e3o, ou em Administra\u00e7\u00e3o, ou em Ci\u00eancias Cont\u00e1beis, ou em Economia, ou em Direito, ou em Engenharia, ou em Arquitetura, ou em Ci\u00eancia da Computa\u00e7\u00e3o\" data-balloon-pos=\"up\">Auditor Fiscal Tribut\u00e1rio<\/span><\/td>\r\n<td class=\"cvagas\">1 + CR<\/td>\r\n<td class=\"cremuneracao\">R$ 6.311,04 \/30h<\/td>\r\n<\/tr><tr>\r\n<td class=\"ccargos\">\r\n<span data-balloon-length=\"medium\" aria-label=\"Gradua\u00e7\u00e3o em Biblioteconomia e Registro profissional ativo\" data-balloon-pos=\"up\">Bibliotec\u00e1rio<\/span><\/td>\r\n<td class=\"cvagas\">1 + CR<\/td>\r\n<td class=\"cremuneracao\">R$ 6.311,04 \/30h<\/td>\r\n<\/tr><tr>\r\n<td class=\"ccargos\">\r\n<span data-balloon-length=\"medium\" aria-label=\"Gradua\u00e7\u00e3o em Biologia e Registro profissional ativo\" data-balloon-pos=\"up\">Bi\u00f3logo<\/span><\/td>\r\n<td class=\"cvagas\">1 + CR<\/td>\r\n<td class=\"cremuneracao\">R$ 6.311,04 \/30h<\/td>\r\n<\/tr><tr>\r\n<td class=\"ccargos\">\r\n<span data-balloon-length=\"medium\" aria-label=\"Gradua\u00e7\u00e3o em Artes Pl\u00e1sticas ou Arquitetura, com curso de especializa\u00e7\u00e3o na \u00e1rea; ou Gradua\u00e7\u00e3o em Conserva\u00e7\u00e3o-Restaura\u00e7\u00e3o, e Registro Profissional ativo, quando for o caso\" data-balloon-pos=\"up\">Conservador-Restaurador<\/span><\/td>\r\n<td class=\"cvagas\">1 + CR<\/td>\r\n<td class=\"cremuneracao\">R$ 6.311,04 \/30h<\/td>\r\n<\/tr><tr>\r\n<td class=\"ccargos\">\r\n<span data-balloon-length=\"medium\" aria-label=\"Gradua\u00e7\u00e3o em Ci\u00eancias Cont\u00e1beis e Registro profissional ativo\" data-balloon-pos=\"up\">Contador<\/span><\/td>\r\n<td class=\"cvagas\">1 + CR<\/td>\r\n<td class=\"cremuneracao\">R$ 6.311,04 \/30h<\/td>\r\n<\/tr><tr>\r\n<td class=\"ccargos\">\r\n<span data-balloon-length=\"medium\" aria-label=\"Gradua\u00e7\u00e3o em Agronomia e Registro profissional ativo\" data-balloon-pos=\"up\">Engenheiro Agr\u00f4nomo<\/span><\/td>\r\n<td class=\"cvagas\">1 + CR<\/td>\r\n<td class=\"cremuneracao\">R$ 7.408,16 \/30h<\/td>\r\n<\/tr><tr>\r\n<td class=\"ccargos\">\r\n<span data-balloon-length=\"medium\" aria-label=\"Gradua\u00e7\u00e3o em Engenharia Ambiental e Registro profissional ativo\" data-balloon-pos=\"up\">Engenheiro Ambiental<\/span><\/td>\r\n<td class=\"cvagas\">1 + CR<\/td>\r\n<td class=\"cremuneracao\">R$ 7.408,16 \/30h<\/td>\r\n<\/tr><tr>\r\n<td class=\"ccargos\">\r\n<span data-balloon-length=\"medium\" aria-label=\"Gradua\u00e7\u00e3o em Engenharia Civil e Registro profissional ativo\" data-balloon-pos=\"up\">Engenheiro Civil<\/span><\/td>\r\n<td class=\"cvagas\">1 + CR<\/td>\r\n<td class=\"cremuneracao\">R$ 7.408,16 \/30h<\/td>\r\n<\/tr><tr>\r\n<td class=\"ccargos\">\r\n<span data-balloon-length=\"medium\" aria-label=\"Gradua\u00e7\u00e3o em Engenharia El\u00e9trica e Registro profissional ativo\" data-balloon-pos=\"up\">Engenheiro Eletricista<\/span><\/td>\r\n<td class=\"cvagas\">1 + CR<\/td>\r\n<td class=\"cremuneracao\">R$ 7.408,16 \/30h<\/td>\r\n<\/tr><tr>\r\n<td class=\"ccargos\">\r\n<span data-balloon-length=\"medium\" aria-label=\"Gradua\u00e7\u00e3o em Engenharia ou Arquitetura, Curso de Especializa\u00e7\u00e3o em Engenharia de Seguran\u00e7a do Trabalho e Registro profissional ativo\" data-balloon-pos=\"up\">Engenheiro de Seguran\u00e7a do Trabalho<\/span><\/td>\r\n<td class=\"cvagas\">1 + CR<\/td>\r\n<td class=\"cremuneracao\">R$ 7.408,16 \/30h<\/td>\r\n<\/tr><tr>\r\n<td class=\"ccargos\">\r\n<span data-balloon-length=\"medium\" aria-label=\"Gradua\u00e7\u00e3o em Farm\u00e1cia e\/ ou Bioqu\u00edmica e Registro profissional ativo\" data-balloon-pos=\"up\">Farmac\u00eautico-Bioqu\u00edmico<\/span><\/td>\r\n<td class=\"cvagas\">1 + CR<\/td>\r\n<td class=\"cremuneracao\">R$ 6.311,04 \/30h<\/td>\r\n<\/tr><tr>\r\n<td class=\"ccargos\">\r\n<span data-balloon-length=\"medium\" aria-label=\"Gradua\u00e7\u00e3o em Fonoaudiologia e Registro profissional ativo\" data-balloon-pos=\"up\">Fonoaudi\u00f3logo<\/span><\/td>\r\n<td class=\"cvagas\">1 + CR<\/td>\r\n<td class=\"cremuneracao\">R$ 6.311,04 \/30h<\/td>\r\n<\/tr><tr>\r\n<td class=\"ccargos\">\r\n<span data-balloon-length=\"medium\" aria-label=\"Gradua\u00e7\u00e3o em Geografia e Registro profissional ativo\" data-balloon-pos=\"up\">Ge\u00f3grafo<\/span><\/td>\r\n<td class=\"cvagas\">1 + CR<\/td>\r\n<td class=\"cremuneracao\">R$ 7.408,16 \/30h<\/td>\r\n<\/tr><tr>\r\n<td class=\"ccargos\">\r\n<span data-balloon-length=\"medium\" aria-label=\"Gradua\u00e7\u00e3o em Medicina, Especializa\u00e7\u00e3o em Medicina do Trabalho e Registro Profissional ativo\" data-balloon-pos=\"up\">M\u00e9dico do Trabalho<\/span><\/td>\r\n<td class=\"cvagas\">1 + CR<\/td>\r\n<td class=\"cremuneracao\">R$ 6.311,04 \/20h<\/td>\r\n<\/tr><tr>\r\n<td class=\"ccargos\">\r\n<span data-balloon-length=\"medium\" aria-label=\"Gradua\u00e7\u00e3o em Medicina Veterin\u00e1ria e Registro profissional ativo\" data-balloon-pos=\"up\">M\u00e9dico Veterin\u00e1rio<\/span><\/td>\r\n<td class=\"cvagas\">1 + CR<\/td>\r\n<td class=\"cremuneracao\">R$ 7.408,16 \/30h<\/td>\r\n<\/tr><tr>\r\n<td class=\"ccargos\">\r\n<span data-balloon-length=\"medium\" aria-label=\"Gradua\u00e7\u00e3o em Nutri\u00e7\u00e3o e Registro profissional ativo\" data-balloon-pos=\"up\">Nutricionista<\/span><\/td>\r\n<td class=\"cvagas\">1 + CR<\/td>\r\n<td class=\"cremuneracao\">R$ 6.311,04 \/30h<\/td>\r\n<\/tr><tr>\r\n<td class=\"ccargos\">\r\n<span data-balloon-length=\"medium\" aria-label=\"Gradua\u00e7\u00e3o em Educa\u00e7\u00e3o F\u00edsica na modalidade bacharelado e Registro profissional ativo\" data-balloon-pos=\"up\">Profissional de Educa\u00e7\u00e3o F\u00edsica<\/span><\/td>\r\n<td class=\"cvagas\">1 + CR<\/td>\r\n<td class=\"cremuneracao\">R$ 6.311,04 \/30h<\/td>\r\n<\/tr><tr>\r\n<td class=\"ccargos\">\r\n<span data-balloon-length=\"medium\" aria-label=\"Gradua\u00e7\u00e3o em Programa\u00e7\u00e3o Visual, ou Gradua\u00e7\u00e3o em Comunica\u00e7\u00e3o Visual, ou Gradua\u00e7\u00e3o em Comunica\u00e7\u00e3o Social com habilita\u00e7\u00e3o em Publicidade, ou Gradua\u00e7\u00e3o em Desenho Industrial com habilita\u00e7\u00e3o em Programa\u00e7\u00e3o Visual\" data-balloon-pos=\"up\">Programador Visual<\/span><\/td>\r\n<td class=\"cvagas\">1 + CR<\/td>\r\n<td class=\"cremuneracao\">R$ 6.311,04 \/30h<\/td>\r\n<\/tr><tr>\r\n<td class=\"ccargos\">\r\n<span data-balloon-length=\"medium\" aria-label=\"Gradua\u00e7\u00e3o em Psicologia e Registro profissional ativo\" data-balloon-pos=\"up\">Psic\u00f3logo<\/span><\/td>\r\n<td class=\"cvagas\">1 + CR<\/td>\r\n<td class=\"cremuneracao\">R$ 6.311,04 \/30h<\/td>\r\n<\/tr><tr>\r\n<td class=\"ccargos\">\r\n<span data-balloon-length=\"medium\" aria-label=\"Gradua\u00e7\u00e3o em Zootecnia e Registro profissional ativo\" data-balloon-pos=\"up\">Zootecnista<\/span><\/td>\r\n<td class=\"cvagas\">1 + CR<\/td>\r\n<td class=\"cremuneracao\">R$ 6.311,04 \/30h<\/td>\r\n<\/tr><tr>\r\n<td class=\"ccargos\">\r\n<span data-balloon-length=\"medium\" aria-label=\"Gradua\u00e7\u00e3o em Direito e Registro Profissional Ativo\" data-balloon-pos=\"up\">Procurador Municipal<\/span><\/td>\r\n<td class=\"cvagas\">1 + CR<\/td>\r\n<td class=\"cremuneracao\">R$ 10.538,64 \/30h<\/td>\r\n<\/tr><tr>\r\n<td class=\"ccargos\">\r\n<span data-balloon-length=\"medium\" aria-label=\"Licenciatura Plena em Pedagogia e habilita\u00e7\u00e3o ou Curso de Especializa\u00e7\u00e3o a n\u00edvel de p\u00f3s-gradua\u00e7\u00e3o lato sensu em Orienta\u00e7\u00e3o Educacional ou Supervis\u00e3o Escolar, com carga hor\u00e1ria m\u00ednima de 360 (trezentas e sessenta) horas; ou Licenciatura Plena em qualquer \u00e1rea do conhecimento e Curso de Especializa\u00e7\u00e3o a n\u00edvel de p\u00f3s-gradua\u00e7\u00e3o lato sensu em Orienta\u00e7\u00e3o Educacional ou Supervis\u00e3o Escolar, com carga hor\u00e1ria m\u00ednima de 360 (trezentas e sessenta) horas\" data-balloon-pos=\"up\">Analista Pedag\u00f3gico<\/span><\/td>\r\n<td class=\"cvagas\">10 + CR<\/td>\r\n<td class=\"cremuneracao\">R$ 4.969,42 \/30h<\/td>\r\n<\/tr><tr>\r\n<td class=\"ccargos\">\r\n<span data-balloon-length=\"medium\" aria-label=\"Licenciatura Plena em Pedagogia e habilita\u00e7\u00e3o ou Curso de Especializa\u00e7\u00e3o a n\u00edvel de p\u00f3s-gradua\u00e7\u00e3o lato sensu em Inspe\u00e7\u00e3o Escolar, com carga hor\u00e1ria m\u00ednima de 360 (trezentas e sessenta) horas; ou Licenciatura Plena em qualquer \u00e1rea do conhecimento e Curso de Especializa\u00e7\u00e3o a n\u00edvel de p\u00f3s-gradua\u00e7\u00e3o lato sensu em Inspe\u00e7\u00e3o Escolar, com carga hor\u00e1ria m\u00ednima de 360 (trezentas e sessenta) horas\" data-balloon-pos=\"up\">Inspetor Escolar<\/span><\/td>\r\n<td class=\"cvagas\">CR<\/td>\r\n<td class=\"cremuneracao\">R$ 4.969,42 \/30h<\/td>\r\n<\/tr><tr>\r\n<td class=\"ccargos\">\r\n<span data-balloon-length=\"medium\" aria-label=\"Profissional ouvinte com curso de bacharelado em Tradu\u00e7\u00e3o e Interpreta\u00e7\u00e3o, com habilita\u00e7\u00e3o em Libras\/L\u00edngua Portuguesa (nos termos do Decreto 5.626 de 22 de dezembro de 2005); ou curso de licenciatura em Letras com habilita\u00e7\u00e3o em Libras ou Letras\/Libras; ou curso de gradua\u00e7\u00e3o em qualquer \u00e1rea com certifica\u00e7\u00e3o de profici\u00eancia na tradu\u00e7\u00e3o e interpreta\u00e7\u00e3o de Libras-L\u00edngua Portuguesa e L\u00edngua Portuguesa-Libras (Prolibras), comprovada por certificado obtido por meio de exame promovido pelo MEC ou expedido por institui\u00e7\u00e3o de ensino superior credenciada pelo MEC ou CEE, ou por Associa\u00e7\u00f5es de Pessoas com Surdez ou Federa\u00e7\u00e3o Nacional de Educa\u00e7\u00e3o e Integra\u00e7\u00e3o dos Surdos - FENEIS ou por institui\u00e7\u00f5es credenciadas por Secretarias Estaduais de Educa\u00e7\u00e3o com Centros de Atendimento \u00e0s Pessoas com Surdez (CAS)\" data-balloon-pos=\"up\">Int\u00e9rprete Educacional<\/span><\/td>\r\n<td class=\"cvagas\">4 + CR<\/td>\r\n<td class=\"cremuneracao\">R$ 3.546,27 \/25h<\/td>\r\n<\/tr><tr>\r\n<td class=\"ccargos\">\r\n<span data-balloon-length=\"medium\" aria-label=\"Licenciatura Plena em Educa\u00e7\u00e3o Art\u00edstica, ou Licenciatura Plena em Artes Visuais ou Licenciatura Plena em Artes C\u00eanicas ou Teatro ou Licenciatura Plena em M\u00fasica ou Licenciatura Plena em Dan\u00e7a ou Licenciatura Plena em Artes Pl\u00e1stica\" data-balloon-pos=\"up\">Professor de Arte<\/span><\/td>\r\n<td class=\"cvagas\">7 + CR<\/td>\r\n<td class=\"cremuneracao\">R$ 3.546,27 \/20h<\/td>\r\n<\/tr><tr>\r\n<td class=\"ccargos\">\r\n<span data-balloon-length=\"medium\" aria-label=\"Licenciatura Plena em Hist\u00f3ria\" data-balloon-pos=\"up\">Professor de Hist\u00f3ria<\/span><\/td>\r\n<td class=\"cvagas\">3 + CR<\/td>\r\n<td class=\"cremuneracao\">R$ 3.546,27 \/20h<\/td>\r\n<\/tr><tr>\r\n<td class=\"ccargos\">\r\n<span data-balloon-length=\"medium\" aria-label=\"Licenciatura Plena em Ingl\u00eas; ou Licenciatura Plena em Letras com habilita\u00e7\u00e3o em Ingl\u00eas\" data-balloon-pos=\"up\">Professor de Ingl\u00eas<\/span><\/td>\r\n<td class=\"cvagas\">2 + CR<\/td>\r\n<td class=\"cremuneracao\">R$ 3.546,27 \/20h<\/td>\r\n<\/tr><tr>\r\n<td class=\"ccargos\">\r\n<span data-balloon-length=\"medium\" aria-label=\"Licenciatura Plena em Libras ou em Letras (Libras\/L\u00edngua Portuguesa como segunda L\u00edngua); ou Licenciatura em qualquer \u00e1rea com P\u00f3s-Gradua\u00e7\u00e3o lato sensu em LIBRAS, ou em Educa\u00e7\u00e3o Especial, ou em Atendimento Educacional Especializado, com carga hor\u00e1ria m\u00ednima de 360 (trezentas e sessenta) horas; Ambos acrescidos de certifica\u00e7\u00e3o de profici\u00eancia em Libras (Prolibras), comprovada por certificado obtido por meio de exame promovido pelo MEC ou expedido por institui\u00e7\u00e3o de ensino superior credenciada pelo MEC ou CEE, ou por Associa\u00e7\u00f5es de Pessoas com Surdez ou Federa\u00e7\u00e3o Nacional de Educa\u00e7\u00e3o e Integra\u00e7\u00e3o dos Surdos - FENEIS ou por institui\u00e7\u00f5es credenciadas por Secretarias Estaduais de Educa\u00e7\u00e3o com Centros de Atendimento \u00e0s Pessoas com Surdez (CAS)\" data-balloon-pos=\"up\">Professor de Libras<\/span><\/td>\r\n<td class=\"cvagas\">CR<\/td>\r\n<td class=\"cremuneracao\">R$ 3.546,27 \/20h<\/td>\r\n<\/tr><tr>\r\n<td class=\"ccargos\">\r\n<span data-balloon-length=\"medium\" aria-label=\"Licenciatura Plena em Letras, com habilita\u00e7\u00e3o em L\u00edngua Portuguesa ou Licenciatura Plena em L\u00edngua Portuguesa\" data-balloon-pos=\"up\">Professor de L\u00edngua Portuguesa<\/span><\/td>\r\n<td class=\"cvagas\">5 + CR<\/td>\r\n<td class=\"cremuneracao\">R$ 3.546,27 \/20h<\/td>\r\n<\/tr><tr>\r\n<td class=\"ccargos\">\r\n<span data-balloon-length=\"medium\" aria-label=\"Licenciatura Plena em Matem\u00e1tica ou Licenciatura Plena em Ci\u00eancias com Habilita\u00e7\u00e3o em Matem\u00e1tica\" data-balloon-pos=\"up\">Professor de Matem\u00e1tica<\/span><\/td>\r\n<td class=\"cvagas\">13 + CR<\/td>\r\n<td class=\"cremuneracao\">R$ 3.546,27 \/20h<\/td>\r\n<\/tr>\r\n    <\/tbody>\r\n  <\/table>\r\n<\/div>"},"_links":{"self":[{"href":"https:\/\/www.agrobase.com.br\/concursos\/wp-json\/wp\/v2\/posts\/267726","targetHints":{"allow":["GET"]}}],"collection":[{"href":"https:\/\/www.agrobase.com.br\/concursos\/wp-json\/wp\/v2\/posts"}],"about":[{"href":"https:\/\/www.agrobase.com.br\/concursos\/wp-json\/wp\/v2\/types\/post"}],"author":[{"embeddable":true,"href":"https:\/\/www.agrobase.com.br\/concursos\/wp-json\/wp\/v2\/users\/7"}],"replies":[{"embeddable":true,"href":"https:\/\/www.agrobase.com.br\/concursos\/wp-json\/wp\/v2\/comments?post=267726"}],"version-history":[{"count":2,"href":"https:\/\/www.agrobase.com.br\/concursos\/wp-json\/wp\/v2\/posts\/267726\/revisions"}],"predecessor-version":[{"id":267730,"href":"https:\/\/www.agrobase.com.br\/concursos\/wp-json\/wp\/v2\/posts\/267726\/revisions\/267730"}],"wp:featuredmedia":[{"embeddable":true,"href":"https:\/\/www.agrobase.com.br\/concursos\/wp-json\/wp\/v2\/media\/267725"}],"wp:attachment":[{"href":"https:\/\/www.agrobase.com.br\/concursos\/wp-json\/wp\/v2\/media?parent=267726"}],"wp:term":[{"taxonomy":"category","embeddable":true,"href":"https:\/\/www.agrobase.com.br\/concursos\/wp-json\/wp\/v2\/categories?post=267726"},{"taxonomy":"post_tag","embeddable":true,"href":"https:\/\/www.agrobase.com.br\/concursos\/wp-json\/wp\/v2\/tags?post=267726"},{"taxonomy":"_amplo","embeddable":true,"href":"https:\/\/www.agrobase.com.br\/concursos\/wp-json\/wp\/v2\/_amplo?post=267726"},{"taxonomy":"destaque","embeddable":true,"href":"https:\/\/www.agrobase.com.br\/concursos\/wp-json\/wp\/v2\/destaque?post=267726"},{"taxonomy":"instituicoes","embeddable":true,"href":"https:\/\/www.agrobase.com.br\/concursos\/wp-json\/wp\/v2\/instituicoes?post=267726"}],"curies":[{"name":"wp","href":"https:\/\/api.w.org\/{rel}","templated":true}]}}