{"id":267691,"date":"2025-06-25T07:20:52","date_gmt":"2025-06-25T10:20:52","guid":{"rendered":"https:\/\/www.agrobase.com.br\/concursos\/?p=267691"},"modified":"2025-06-24T12:14:20","modified_gmt":"2025-06-24T15:14:20","slug":"prefeitura-terra-nova-do-norte-mt-selecao-simplificada-24-2025","status":"publish","type":"post","link":"https:\/\/www.agrobase.com.br\/concursos\/2025\/prefeitura-terra-nova-do-norte-mt-selecao-simplificada-24-2025\/","title":{"rendered":"Prefeitura Terra Nova do Norte (MT) &#8211; Sele\u00e7\u00e3o Simplificada 24\/2025"},"content":{"rendered":"<h2>Informa\u00e7\u00f5es Gerais<\/h2>\n<p>O Munic\u00edpio de Terra Nova do Norte, localizado no estado de Mato Grosso, anunciou a abertura do <strong>Processo Seletivo Simplificado n\u00ba 24\/2025<\/strong>, uma excelente oportunidade para profissionais que buscam uma coloca\u00e7\u00e3o no setor p\u00fablico. Conforme o edital publicado, o certame \u00e9 organizado pela pr\u00f3pria prefeitura, com atua\u00e7\u00e3o direta da Secretaria Municipal de Sa\u00fade, e tem como objetivo principal a <em>contrata\u00e7\u00e3o tempor\u00e1ria de pessoal e a forma\u00e7\u00e3o de cadastro reserva<\/em> para o ano de 2025, com possibilidade de prorroga\u00e7\u00e3o por mais um ano, a crit\u00e9rio da administra\u00e7\u00e3o p\u00fablica. O regime jur\u00eddico adotado para as fun\u00e7\u00f5es \u00e9 o de Contrato Tempor\u00e1rio por Excepcional Interesse P\u00fablico, e as contribui\u00e7\u00f5es previdenci\u00e1rias ser\u00e3o recolhidas junto ao Regime Geral da Previd\u00eancia Social (RGPS\/INSS). As vagas dispon\u00edveis contemplam candidatos com n\u00edvel <strong>fundamental completo, m\u00e9dio\/t\u00e9cnico e superior<\/strong>, abrangendo diversas \u00e1reas essenciais para o funcionamento dos servi\u00e7os de sa\u00fade municipais. Para os profissionais da \u00e1rea de alimenta\u00e7\u00e3o e sa\u00fade, ressaltamos que h\u00e1 oportunidades para <strong>Nutricionista<\/strong>. Convidamos voc\u00ea a explorar as informa\u00e7\u00f5es detalhadas sobre o processo de inscri\u00e7\u00e3o, as etapas da sele\u00e7\u00e3o e como acompanhar os resultados nas se\u00e7\u00f5es seguintes.<\/p>\n<h2>Inscri\u00e7\u00f5es<\/h2>\n<p>As inscri\u00e7\u00f5es para o Processo Seletivo Simplificado de Terra Nova do Norte-MT estar\u00e3o abertas no per\u00edodo de <strong>23 de junho de 2025 a 29 de junho de 2025<\/strong>. Os interessados dever\u00e3o entregar os curr\u00edculos e a documenta\u00e7\u00e3o exigida presencialmente na Secretaria Municipal de Sa\u00fade, localizada na sala de administra\u00e7\u00e3o, durante o hor\u00e1rio de atendimento: das 7h \u00e0s 11h e das 13h \u00e0s 17h. Alternativamente, os curr\u00edculos tamb\u00e9m poder\u00e3o ser enviados via postal ou por e-mail para o endere\u00e7o eletr\u00f4nico <em>rhsaudetnn@gmail.com<\/em>. N\u00e3o foi informada taxa de inscri\u00e7\u00e3o no edital.<\/p>\n<p>No ato da inscri\u00e7\u00e3o, \u00e9 imprescind\u00edvel o preenchimento da ficha de inscri\u00e7\u00e3o (dispon\u00edvel no edital) e a anexa\u00e7\u00e3o das c\u00f3pias dos documentos comprobat\u00f3rios, que devem ser acompanhadas dos originais para autentica\u00e7\u00e3o pela Comiss\u00e3o Organizadora, caso a entrega seja presencial. Entre os documentos solicitados est\u00e3o: CPF, Carteira de Identidade, comprovante de escolaridade, diploma (quando aplic\u00e1vel), registro no conselho de classe e certid\u00e3o de regularidade, t\u00edtulo de eleitor, entre outros detalhados no item 6.1 do edital. \u00c9 fundamental que o candidato leia atentamente o edital para certificar-se de que preenche todos os requisitos e para conhecer a lista completa de documentos. A inscri\u00e7\u00e3o implica na aceita\u00e7\u00e3o t\u00e1cita de todas as normas do certame.<\/p>\n<p>Recomenda-se a leitura integral do edital para obter todas as informa\u00e7\u00f5es sobre o processo de inscri\u00e7\u00e3o.<\/p>\n<h2>Etapas e Provas<\/h2>\n<p>O Processo Seletivo Simplificado do Munic\u00edpio de Terra Nova do Norte-MT ser\u00e1 conduzido pela Secretaria Municipal de Sa\u00fade e compreender\u00e1 duas etapas principais:<\/p>\n<ul>\n<li><strong>1\u00aa Etapa: An\u00e1lise Curricular<\/strong>\n<p>Esta etapa possui car\u00e1ter <em>classificat\u00f3rio<\/em>. A Comiss\u00e3o Organizadora realizar\u00e1 a an\u00e1lise e sele\u00e7\u00e3o dos curr\u00edculos com base em crit\u00e9rios de forma\u00e7\u00e3o acad\u00eamica e cursos complementares relacionados \u00e0 \u00e1rea de atua\u00e7\u00e3o do cargo pretendido, conforme os limites fixados no edital. Ser\u00e3o avaliados t\u00edtulos como forma\u00e7\u00e3o espec\u00edfica para odont\u00f3logo\/nutricionista e t\u00e9cnico em enfermagem. Para cursos de p\u00f3s-gradua\u00e7\u00e3o (mestrado e especializa\u00e7\u00e3o), \u00e9 necess\u00e1rio que sejam reconhecidos pelo MEC\/CAPES e que os certificados ou declara\u00e7\u00f5es atendam \u00e0s especifica\u00e7\u00f5es do edital, incluindo hist\u00f3rico escolar e carga hor\u00e1ria. A experi\u00eancia profissional ser\u00e1 contabilizada para per\u00edodos m\u00ednimos de 365 dias de atua\u00e7\u00e3o, comprovada mediante carteira de trabalho.<\/p>\n<\/li>\n<li><strong>2\u00aa Etapa: Comprova\u00e7\u00e3o de Requisitos e Apresenta\u00e7\u00e3o de Documentos<\/strong>\n<p>Esta etapa tem car\u00e1ter <em>eliminat\u00f3rio<\/em> e ocorrer\u00e1 ap\u00f3s a homologa\u00e7\u00e3o do resultado final do processo seletivo. Os candidatos convocados dever\u00e3o apresentar os documentos que comprovam os requisitos exigidos para o cargo, al\u00e9m de um atestado m\u00e9dico admissional.<\/p>\n<\/li>\n<\/ul>\n<p>\u00c9 crucial que os candidatos consultem o edital completo para obter informa\u00e7\u00f5es detalhadas sobre os crit\u00e9rios de pontua\u00e7\u00e3o da an\u00e1lise curricular, os documentos exigidos em cada fase e o cronograma completo do certame.<\/p>\n<h2>Resultados e Gabarito<\/h2>\n<p>A divulga\u00e7\u00e3o dos resultados do Processo Seletivo Simplificado de Terra Nova do Norte-MT seguir\u00e1 um cronograma espec\u00edfico. A Comiss\u00e3o Organizadora proceder\u00e1 \u00e0 an\u00e1lise dos curr\u00edculos e \u00e0 contagem de pontos no dia <strong>30 de junho de 2025, a partir das 8h<\/strong>, na Secretaria Municipal de Sa\u00fade. O <em>resultado preliminar<\/em> ser\u00e1 publicado nos grupos de WhatsApp da Secretaria Municipal de Sa\u00fade, nas redes sociais da Prefeitura Municipal e no site oficial (www.terranovadonorte.mt.gov.br), bem como no Di\u00e1rio Oficial da Associa\u00e7\u00e3o Mato-Grossense dos Munic\u00edpios (AMM). Ap\u00f3s essa divulga\u00e7\u00e3o, ser\u00e1 aberto o prazo para interposi\u00e7\u00e3o de recursos, conforme estabelecido no edital.<\/p>\n<p>Os candidatos ser\u00e3o classificados em ordem decrescente de pontos obtidos na an\u00e1lise curricular. Em caso de empate, os crit\u00e9rios de desempate ser\u00e3o, nesta ordem: <em>maior pontua\u00e7\u00e3o em titula\u00e7\u00e3o acad\u00eamica<\/em> e, persistindo o empate, <em>maior idade entre os candidatos n\u00e3o idosos<\/em>.<\/p>\n<p>A homologa\u00e7\u00e3o do resultado final preceder\u00e1 a convoca\u00e7\u00e3o para a segunda etapa (comprova\u00e7\u00e3o de requisitos). A convoca\u00e7\u00e3o dos candidatos classificados ocorrer\u00e1 seguindo rigorosamente a ordem de classifica\u00e7\u00e3o, por meio de e-mail, contato telef\u00f4nico e\/ou edital de convoca\u00e7\u00e3o a ser disponibilizado no site do Munic\u00edpio e no Di\u00e1rio Oficial da AMM. O edital menciona que o ato de Admiss\u00e3o\/Contrata\u00e7\u00e3o para os convocados na primeira etapa est\u00e1 previsto para o dia <strong>27 de junho de 2025, \u00e0s 8:00 horas<\/strong>, na sede da Secretaria Municipal de Sa\u00fade; o n\u00e3o comparecimento resultar\u00e1 na elimina\u00e7\u00e3o do candidato.<\/p>\n<p>\u00c9 de responsabilidade exclusiva do candidato acompanhar todas as publica\u00e7\u00f5es oficiais referentes ao certame no site da Prefeitura Municipal de Terra Nova do Norte, nos canais de comunica\u00e7\u00e3o da Secretaria Municipal de Sa\u00fade e no Di\u00e1rio Oficial indicado no edital.<\/p>\n","protected":false},"excerpt":{"rendered":"<p>Processo Seletivo Pref. Terra Nova do Norte (MT) com edital publicado! Vagas p\/ T\u00e9cnico, Odonto (Fund. a Sup.). Inscri\u00e7\u00f5es a partir de 23\/06. Confira detalhes!<\/p>\n","protected":false},"author":7,"featured_media":267690,"comment_status":"open","ping_status":"open","sticky":false,"template":"","format":"standard","meta":{"_acf_changed":false,"_breakdance_hide_in_design_set":false,"_breakdance_tags":"","footnotes":""},"categories":[23,24,108],"tags":[47],"_amplo":[],"destaque":[],"instituicoes":[],"class_list":["post-267691","post","type-post","status-publish","format-standard","has-post-thumbnail","hentry","category-nutricao","category-odontologia","category-tecnico-enfermagem","tag-mato-grosso"],"acf":{"_tipo_vagas":"vagas","_numero_vagas":"","_quadro_vagas":"","_cargos":"diversos","_cargos_especificos":"","_salario_max":"R$ 3.761,01","_abertura":"20250623","_encerramento":"20250629","_inscricoes":"http:\/\/rhsaudetnn@gmail.com","_executora_concurso":"","_instituicao_concurso":[],"_link_adicional":null,"_anexos":null,"_produtos":null,"_vagas":"CR","_salario_min":"R$ 1.594,19","_instituicao":"Prefeitura de Terra Nova do Norte","_edital":"https:\/\/www.agrobase.com.br\/concursos\/wp-content\/uploads\/sites\/4\/2025\/06\/edital-24-2025-prefeitura-de-terra-nova-do-norte-mt.pdf","_anexos_edital":"","_fund_incompleto":"","_fund_completo":"<div>\r\n<table class=\"quadro\">\r\n<thead>\r\n<tr>\r\n<th class=\"hcargo\">Cargo<\/th>\r\n<th class=\"hvagas\">Vagas<\/th>\r\n\r\n<\/tr>\r\n<\/thead>\r\n    <tbody>\r\n      <td class=\"ccargos\">AUXILIAR DE LIMPEZA E MANUTEN\u00c7\u00c3O<\/td>\r\n<td class=\"cvagas\">CR<\/td>\r\n\r\n<\/tr>\r\n    <\/tbody>\r\n  <\/table>\r\n<\/div>","_medio":"<div>\r\n<table class=\"quadro\">\r\n<thead>\r\n<tr>\r\n<th class=\"hcargo\">Cargo<\/th>\r\n<th class=\"hvagas\">Vagas<\/th>\r\n\r\n<\/tr>\r\n<\/thead>\r\n    <tbody>\r\n      <td class=\"ccargos\">T\u00c9CNICO DE ENFERMAGEM<\/td>\r\n<td class=\"cvagas\">CR<\/td>\r\n\r\n<\/tr><td class=\"ccargos\">AUXILIAR DE LABORAT\u00d3RIO<\/td>\r\n<td class=\"cvagas\">CR<\/td>\r\n\r\n<\/tr>\r\n    <\/tbody>\r\n  <\/table>\r\n<\/div>","_superior":"<div>\r\n<table class=\"quadro\">\r\n<thead>\r\n<tr>\r\n<th class=\"hcargo\">Cargo<\/th>\r\n<th class=\"hvagas\">Vagas<\/th>\r\n\r\n<\/tr>\r\n<\/thead>\r\n    <tbody>\r\n      <tr>\r\n<td class=\"ccargos\">ODONTOLOGO<\/td>\r\n<td class=\"cvagas\">CR<\/td>\r\n\r\n<\/tr><tr>\r\n<td class=\"ccargos\">NUTRICIONISTA<\/td>\r\n<td class=\"cvagas\">CR<\/td>\r\n\r\n<\/tr>\r\n    <\/tbody>\r\n  <\/table>\r\n<\/div>"},"_links":{"self":[{"href":"https:\/\/www.agrobase.com.br\/concursos\/wp-json\/wp\/v2\/posts\/267691","targetHints":{"allow":["GET"]}}],"collection":[{"href":"https:\/\/www.agrobase.com.br\/concursos\/wp-json\/wp\/v2\/posts"}],"about":[{"href":"https:\/\/www.agrobase.com.br\/concursos\/wp-json\/wp\/v2\/types\/post"}],"author":[{"embeddable":true,"href":"https:\/\/www.agrobase.com.br\/concursos\/wp-json\/wp\/v2\/users\/7"}],"replies":[{"embeddable":true,"href":"https:\/\/www.agrobase.com.br\/concursos\/wp-json\/wp\/v2\/comments?post=267691"}],"version-history":[{"count":2,"href":"https:\/\/www.agrobase.com.br\/concursos\/wp-json\/wp\/v2\/posts\/267691\/revisions"}],"predecessor-version":[{"id":267694,"href":"https:\/\/www.agrobase.com.br\/concursos\/wp-json\/wp\/v2\/posts\/267691\/revisions\/267694"}],"wp:featuredmedia":[{"embeddable":true,"href":"https:\/\/www.agrobase.com.br\/concursos\/wp-json\/wp\/v2\/media\/267690"}],"wp:attachment":[{"href":"https:\/\/www.agrobase.com.br\/concursos\/wp-json\/wp\/v2\/media?parent=267691"}],"wp:term":[{"taxonomy":"category","embeddable":true,"href":"https:\/\/www.agrobase.com.br\/concursos\/wp-json\/wp\/v2\/categories?post=267691"},{"taxonomy":"post_tag","embeddable":true,"href":"https:\/\/www.agrobase.com.br\/concursos\/wp-json\/wp\/v2\/tags?post=267691"},{"taxonomy":"_amplo","embeddable":true,"href":"https:\/\/www.agrobase.com.br\/concursos\/wp-json\/wp\/v2\/_amplo?post=267691"},{"taxonomy":"destaque","embeddable":true,"href":"https:\/\/www.agrobase.com.br\/concursos\/wp-json\/wp\/v2\/destaque?post=267691"},{"taxonomy":"instituicoes","embeddable":true,"href":"https:\/\/www.agrobase.com.br\/concursos\/wp-json\/wp\/v2\/instituicoes?post=267691"}],"curies":[{"name":"wp","href":"https:\/\/api.w.org\/{rel}","templated":true}]}}