{"id":267630,"date":"2025-06-24T07:20:09","date_gmt":"2025-06-24T10:20:09","guid":{"rendered":"https:\/\/www.agrobase.com.br\/concursos\/?p=267630"},"modified":"2025-06-23T13:17:35","modified_gmt":"2025-06-23T16:17:35","slug":"unesp-sp-concurso-04-2025","status":"publish","type":"post","link":"https:\/\/www.agrobase.com.br\/concursos\/2025\/unesp-sp-concurso-04-2025\/","title":{"rendered":"UNESP (SP) &#8211; Concurso 04\/2025"},"content":{"rendered":"<h2>Informa\u00e7\u00f5es Gerais<\/h2>\n<p>A Universidade Estadual Paulista &#8216;J\u00falio de Mesquita Filho&#8217; (UNESP), por meio de sua Reitoria, anunciou a abertura do Concurso P\u00fablico N\u00ba 04\/2025, regido pelo Edital N\u00ba 04\/2025 e organizado pela Funda\u00e7\u00e3o VUNESP. O objetivo principal \u00e9 o provimento de empregos p\u00fablicos efetivos, com vagas existentes e forma\u00e7\u00e3o de cadastro reserva para futuras oportunidades que possam surgir durante o prazo de validade do certame, que \u00e9 de 2 anos, prorrog\u00e1vel uma vez por igual per\u00edodo. As contrata\u00e7\u00f5es ser\u00e3o realizadas sob o regime Celetista, em conformidade com a Consolida\u00e7\u00e3o das Leis do Trabalho (CLT). Este concurso contempla oportunidades para candidatos com forma\u00e7\u00e3o de n\u00edvel M\u00e9dio\/T\u00e9cnico e n\u00edvel Superior, abrangendo diversas \u00e1reas de atua\u00e7\u00e3o, incluindo setores administrativos, t\u00e9cnicos especializados, sa\u00fade e comunica\u00e7\u00e3o. <strong>\u00c9 uma \u00f3tima not\u00edcia para profissionais de Ci\u00eancias Agr\u00e1rias, pois h\u00e1 vaga para T\u00e9cnico Agropecu\u00e1rio.<\/strong><\/p>\n<h2>Inscri\u00e7\u00f5es<\/h2>\n<p>As inscri\u00e7\u00f5es para o Concurso P\u00fablico da UNESP Reitoria estar\u00e3o abertas e devem ser realizadas exclusivamente pela internet, atrav\u00e9s do site da Funda\u00e7\u00e3o VUNESP (www.vunesp.com.br). O per\u00edodo para se inscrever inicia \u00e0s <em>10h do dia 30 de junho de 2025 e encerra \u00e0s 23h59min do dia 29 de julho de 2025<\/em>. Os valores das taxas de inscri\u00e7\u00e3o s\u00e3o de <strong>R$ 136,00<\/strong> para os cargos de ensino m\u00e9dio\/t\u00e9cnico e <strong>R$ 202,00<\/strong> para os de ensino superior. O pagamento da taxa deve ser feito por meio de boleto banc\u00e1rio, gerado no site da VUNESP at\u00e9 o \u00faltimo dia de inscri\u00e7\u00e3o, e pode ser quitado em qualquer ag\u00eancia banc\u00e1ria at\u00e9 o dia 30 de julho de 2025. \u00c9 fundamental observar que n\u00e3o ser\u00e3o aceitos pagamentos por outros meios, como dep\u00f3sito em caixa eletr\u00f4nico ou transfer\u00eancia. Candidatos amparados pela Lei Estadual n\u00ba 12.782\/2007 poder\u00e3o solicitar a isen\u00e7\u00e3o da taxa, conforme os procedimentos detalhados no edital. Ap\u00f3s a inscri\u00e7\u00e3o, \u00e9 importante que o candidato acompanhe a situa\u00e7\u00e3o de sua inscri\u00e7\u00e3o na \u00e1rea restrita do site da Funda\u00e7\u00e3o VUNESP. Lembre-se, a inscri\u00e7\u00e3o implica na aceita\u00e7\u00e3o de todas as normas do edital.<\/p>\n<h2>Etapas e Provas<\/h2>\n<p>O processo seletivo do Concurso P\u00fablico da UNESP Reitoria ser\u00e1 composto por diferentes etapas, variando conforme o emprego p\u00fablico pretendido. \u00c9 crucial que os candidatos consultem o Anexo II do edital para o conte\u00fado program\u00e1tico espec\u00edfico de cada cargo. As etapas previstas s\u00e3o:<\/p>\n<ul>\n<li><strong>Prova Objetiva:<\/strong> De car\u00e1ter eliminat\u00f3rio e classificat\u00f3rio, ser\u00e1 aplicada a todos os candidatos. Consistir\u00e1 em quest\u00f5es de m\u00faltipla escolha com 5 alternativas, abrangendo conhecimentos gerais e espec\u00edficos, e ter\u00e1 dura\u00e7\u00e3o de 4 horas. A data prevista para sua realiza\u00e7\u00e3o \u00e9 <em>21 de setembro de 2025<\/em>, no per\u00edodo da tarde.<\/li>\n<li><strong>Prova Dissertativa:<\/strong> De car\u00e1ter eliminat\u00f3rio e classificat\u00f3rio, ser\u00e1 aplicada simultaneamente \u00e0 prova objetiva para determinados cargos de n\u00edvel superior. Visa avaliar conhecimentos espec\u00edficos e a capacidade de escrita formal, com duas quest\u00f5es relacionadas ao conte\u00fado program\u00e1tico e \u00e0s atribui\u00e7\u00f5es do cargo.<\/li>\n<li><strong>Prova de Reda\u00e7\u00e3o:<\/strong> De car\u00e1ter eliminat\u00f3rio e classificat\u00f3rio, tamb\u00e9m realizada junto com a prova objetiva para outros cargos (incluindo T\u00e9cnico Agropecu\u00e1rio e T\u00e9cnico em Seguran\u00e7a do Trabalho). Consistir\u00e1 na elabora\u00e7\u00e3o de um texto dissertativo-argumentativo.<\/li>\n<li><strong>Prova Pr\u00e1tica:<\/strong> De car\u00e1ter eliminat\u00f3rio e classificat\u00f3rio, exclusiva para os candidatos ao cargo de <strong>T\u00e9cnico Agropecu\u00e1rio<\/strong> aprovados na reda\u00e7\u00e3o. Avaliar\u00e1 habilidades pr\u00e1ticas relacionadas \u00e0s atribui\u00e7\u00f5es do cargo, conforme Anexo I do edital.<\/li>\n<li><strong>Prova de T\u00edtulos:<\/strong> De car\u00e1ter classificat\u00f3rio, destinada exclusivamente aos candidatos ao cargo de <strong>M\u00e9dico (\u00c1rea de atua\u00e7\u00e3o: Sa\u00fade Coletiva)<\/strong> habilitados na prova dissertativa. Ser\u00e3o considerados t\u00edtulos de p\u00f3s-gradua\u00e7\u00e3o (especializa\u00e7\u00e3o, mestrado e doutorado), enviados digitalmente durante o per\u00edodo de inscri\u00e7\u00e3o.<\/li>\n<\/ul>\n<p>As provas ser\u00e3o aplicadas em diversas cidades do estado de S\u00e3o Paulo, atreladas \u00e0 cidade sede da vaga.<\/p>\n<h2>Resultados e Gabarito<\/h2>\n<p>O acompanhamento dos resultados \u00e9 uma fase crucial para os candidatos do Concurso P\u00fablico da UNESP Reitoria. A Funda\u00e7\u00e3o VUNESP e o Di\u00e1rio Oficial do Estado de S\u00e3o Paulo (DOE) ser\u00e3o os canais oficiais para todas as publica\u00e7\u00f5es. O <strong>gabarito oficial<\/strong> da prova objetiva tem previs\u00e3o de divulga\u00e7\u00e3o a partir das 10h do 3\u00ba dia \u00fatil subsequente \u00e0 sua aplica\u00e7\u00e3o. Os cadernos de quest\u00f5es da prova objetiva e da prova dissertativa (em branco) ser\u00e3o disponibilizados no site da VUNESP no 1\u00ba dia \u00fatil ap\u00f3s a aplica\u00e7\u00e3o. Os resultados preliminares e finais de cada etapa, bem como a classifica\u00e7\u00e3o final, ser\u00e3o publicados nessas mesmas fontes.<\/p>\n<p>A classifica\u00e7\u00e3o dos candidatos aprovados ser\u00e1 feita em ordem decrescente da pontua\u00e7\u00e3o final. Os crit\u00e9rios de desempate, aplicados sucessivamente, incluem: idade igual ou superior a 60 anos (com prefer\u00eancia ao mais idoso), maior nota na prova dissertativa, de reda\u00e7\u00e3o ou pr\u00e1tica (conforme o cargo), maior n\u00famero de acertos em Conhecimentos Espec\u00edficos, L\u00edngua Portuguesa, e Matem\u00e1tica e Racioc\u00ednio L\u00f3gico, maior idade para candidatos com menos de 60 anos, e exerc\u00edcio da fun\u00e7\u00e3o de jurado. A <strong>homologa\u00e7\u00e3o do concurso<\/strong>, que \u00e9 o ato de aprova\u00e7\u00e3o oficial do resultado final, ser\u00e1 publicada no DOE, marcando o in\u00edcio da contagem do prazo de validade do certame (2 anos, prorrog\u00e1vel por igual per\u00edodo). A <strong>convoca\u00e7\u00e3o<\/strong> para contrata\u00e7\u00e3o ocorrer\u00e1 por meio de Edital espec\u00edfico, tamb\u00e9m publicado no DOE, seguindo rigorosamente a ordem de classifica\u00e7\u00e3o e as necessidades da UNESP.<\/p>\n<p>\u00c9 de responsabilidade exclusiva do candidato acompanhar todas as publica\u00e7\u00f5es oficiais no site da Funda\u00e7\u00e3o VUNESP (www.vunesp.com.br) e no Di\u00e1rio Oficial do Estado referentes a este concurso p\u00fablico.<\/p>\n","protected":false},"excerpt":{"rendered":"<p>Concurso UNESP (SP) com edital publicado! Vagas p\/ T\u00e9cnico Agropecu\u00e1rio e M\u00e9dico (M\u00e9dio\/Superior). Inscri\u00e7\u00f5es a partir de 30\/06. Sal\u00e1rios at\u00e9 R$ 18.3k. Confira detalhes!<\/p>\n","protected":false},"author":7,"featured_media":267629,"comment_status":"open","ping_status":"open","sticky":false,"template":"","format":"standard","meta":{"_acf_changed":false,"_breakdance_hide_in_design_set":false,"_breakdance_tags":"","footnotes":""},"categories":[12,99,21,25,26,124,110,101,29,30,157],"tags":[62],"_amplo":[],"destaque":[],"instituicoes":[],"class_list":["post-267630","post","type-post","status-publish","format-standard","has-post-thumbnail","hentry","category-enfermagem","category-jornalismo","category-medicina","category-pedagogia","category-psicologia","category-publicidade","category-relacoes-publicas","category-servico-social","category-tecnico-agricola","category-tecnico-agropecuaria","category-tecnico-seguranca-trabalho","tag-sao-paulo"],"acf":{"_tipo_vagas":"vagas","_numero_vagas":"","_quadro_vagas":"","_cargos":"diversos","_cargos_especificos":"","_salario_max":"R$ 18346.42","_abertura":"20250630","_encerramento":"20250729","_inscricoes":"https:\/\/www.vunesp.com.br","_executora_concurso":"","_instituicao_concurso":[],"_link_adicional":null,"_anexos":null,"_produtos":null,"_vagas":"22 vagas","_salario_min":"R$ 6110.83","_instituicao":"UNESP","_edital":"https:\/\/www.agrobase.com.br\/concursos\/wp-content\/uploads\/sites\/4\/2025\/06\/edital-04-2025-unesp-sp.pdf","_anexos_edital":"","_fund_incompleto":"","_fund_completo":"","_medio":"<div>\r\n<table class=\"quadro\">\r\n<thead>\r\n<tr>\r\n<th class=\"hcargo\">Cargo<\/th>\r\n<th class=\"hvagas\">Vagas<\/th>\r\n<th class=\"hremuneracao\">Remunera\u00e7\u00e3o<\/th>\r\n<\/tr>\r\n<\/thead>\r\n    <tbody>\r\n      <td class=\"ccargos\">\r\n<span data-balloon-length=\"medium\" aria-label=\"Curso T\u00e9cnico Agr\u00edcola ou em Agropecu\u00e1ria\" data-balloon-pos=\"up\">T\u00e9cnico Agropecu\u00e1rio<\/span><\/td>\r\n<td class=\"cvagas\">01<\/td>\r\n<td class=\"cremuneracao\">R$ 6.110,83 \/40h<\/td>\r\n<\/tr><td class=\"ccargos\">\r\n<span data-balloon-length=\"medium\" aria-label=\"Ensino M\u00e9dio completo de T\u00e9cnico de Seguran\u00e7a do Trabalho; e- Registro no Minist\u00e9rio do Trabalho.\" data-balloon-pos=\"up\">T\u00e9cnico em Seguran\u00e7a do Trabalho<\/span><\/td>\r\n<td class=\"cvagas\">01<\/td>\r\n<td class=\"cremuneracao\">R$ 6.110,83 \/40h<\/td>\r\n<\/tr>\r\n    <\/tbody>\r\n  <\/table>\r\n<\/div>","_superior":"<div>\r\n<table class=\"quadro\">\r\n<thead>\r\n<tr>\r\n<th class=\"hcargo\">Cargo<\/th>\r\n<th class=\"hvagas\">Vagas<\/th>\r\n<th class=\"hremuneracao\">Remunera\u00e7\u00e3o<\/th>\r\n<\/tr>\r\n<\/thead>\r\n    <tbody>\r\n      <tr>\r\n<td class=\"ccargos\">\r\n<span data-balloon-length=\"medium\" aria-label=\"Diploma de Gradua\u00e7\u00e3o de N\u00edvel Superior em Servi\u00e7o Social.e- Registro no Conselho Regional de Servi\u00e7o Social - CRESS.\" data-balloon-pos=\"up\">Assistente Social (\u00c1rea de atua\u00e7\u00e3o: Assist\u00eancia e Perman\u00eancia Estudantil)<\/span><\/td>\r\n<td class=\"cvagas\">04<\/td>\r\n<td class=\"cremuneracao\">R$ 7.685,83 \/30h<\/td>\r\n<\/tr><tr>\r\n<td class=\"ccargos\">\r\n<span data-balloon-length=\"medium\" aria-label=\"Certificado de conclus\u00e3o de curso de n\u00edvel superior (Pedagogia ou Licenciaturas na \u00e1rea) com especializa\u00e7\u00e3o\/ com forma\u00e7\u00e3o espec\u00edfica em Educa\u00e7\u00e3o Especial e Inclusiva ou Psicopedagogia ou equivalente\" data-balloon-pos=\"up\">Assistente T\u00e9cnico Administrativo I (\u00c1rea de atua\u00e7\u00e3o: Atendimento Educacional Especializado - Educa\u00e7\u00e3o Especial)<\/span><\/td>\r\n<td class=\"cvagas\">01<\/td>\r\n<td class=\"cremuneracao\">R$ 10.247,69 \/40h<\/td>\r\n<\/tr><tr>\r\n<td class=\"ccargos\">\r\n<span data-balloon-length=\"medium\" aria-label=\"Diploma de Gradua\u00e7\u00e3o de N\u00edvel Superior em Pedagogia com Habilita\u00e7\u00e3o ou Complementa\u00e7\u00e3o ou Especializa\u00e7\u00e3o conforme o Incisos II e III do artigo 4 da Lei n\u00ba 12.319, de 1\u00ba de setembro de 2010.\" data-balloon-pos=\"up\">Assistente T\u00e9cnico Administrativo I (\u00c1rea de atua\u00e7\u00e3o: Atendimento Educacional Especializado)<\/span><\/td>\r\n<td class=\"cvagas\">01<\/td>\r\n<td class=\"cremuneracao\">R$ 10.247,69 \/40h<\/td>\r\n<\/tr><tr>\r\n<td class=\"ccargos\">\r\n<span data-balloon-length=\"medium\" aria-label=\"Ensino Superior Completo ou equivalente\" data-balloon-pos=\"up\">Assistente T\u00e9cnico Administrativo I (\u00c1rea de atua\u00e7\u00e3o: \u00d3rg\u00e3os Colegiados e Registros Documentais)<\/span><\/td>\r\n<td class=\"cvagas\">02<\/td>\r\n<td class=\"cremuneracao\">R$ 10.247,69 \/40h<\/td>\r\n<\/tr><tr>\r\n<td class=\"ccargos\">\r\n<span data-balloon-length=\"medium\" aria-label=\"Certificado de conclus\u00e3o de curso de n\u00edvel superior com especializa\u00e7\u00e3o em Tecnologia Assistiva\" data-balloon-pos=\"up\">Assistente T\u00e9cnico Administrativo II (\u00c1rea de atua\u00e7\u00e3o: Tecnologia Assistiva e Acessibilidade)<\/span><\/td>\r\n<td class=\"cvagas\">01<\/td>\r\n<td class=\"cremuneracao\">R$ 12.456,12 \/40h<\/td>\r\n<\/tr><tr>\r\n<td class=\"ccargos\">\r\n<span data-balloon-length=\"medium\" aria-label=\"Diploma de Gradua\u00e7\u00e3o de N\u00edvel Superior em Enfermagem; e- Certificado de conclus\u00e3o de curso de especializa\u00e7\u00e3o em Enfermagem Psiquiatria e Sa\u00fade Mental reconhecido pelo Minist\u00e9rio da Educa\u00e7\u00e3o; e- Registro no Conselho Regional de Enfermagem - COREN.\" data-balloon-pos=\"up\">Enfermeiro (\u00c1rea de atua\u00e7\u00e3o: Sa\u00fade Mental)<\/span><\/td>\r\n<td class=\"cvagas\">01<\/td>\r\n<td class=\"cremuneracao\">R$ 10.247,69 \/40h<\/td>\r\n<\/tr><tr>\r\n<td class=\"ccargos\">\r\n<span data-balloon-length=\"medium\" aria-label=\"Diploma de curso superior em Jornalismo, Comunica\u00e7\u00e3o Social, Rela\u00e7\u00f5es P\u00fablicas, Publicidade e Propaganda ou \u00e1reas correlatas, emitido por institui\u00e7\u00e3o reconhecida pelo Minist\u00e9rio da Educa\u00e7\u00e3o.\" data-balloon-pos=\"up\">Jornalista (\u00c1rea de atua\u00e7\u00e3o: Produ\u00e7\u00e3o Jornal\u00edstica)<\/span><\/td>\r\n<td class=\"cvagas\">05<\/td>\r\n<td class=\"cremuneracao\">R$ 7.685,83 \/30h<\/td>\r\n<\/tr><tr>\r\n<td class=\"ccargos\">\r\n<span data-balloon-length=\"medium\" aria-label=\"Diploma de gradua\u00e7\u00e3o de n\u00edvel superior em Medicina; e- Certificado de conclus\u00e3o de Resid\u00eancia M\u00e9dica em Psiquiatria, reconhecido pela Comiss\u00e3o Nacional de Resid\u00eancia M\u00e9dica; e- T\u00edtulo de Especialista em Psiquiatria, reconhecido pela Associa\u00e7\u00e3o M\u00e9dica Brasileira e registrado no Conselho Regional de Medicina; e- Registro no Conselho Regional de Medicina - CRM.\" data-balloon-pos=\"up\">M\u00e9dico (\u00c1rea de atua\u00e7\u00e3o: Psiquiatria)<\/span><\/td>\r\n<td class=\"cvagas\">01<\/td>\r\n<td class=\"cremuneracao\">R$ 18.346,42 \/20h<\/td>\r\n<\/tr><tr>\r\n<td class=\"ccargos\">\r\n<span data-balloon-length=\"medium\" aria-label=\"Diploma de Gradua\u00e7\u00e3o de N\u00edvel Superior em Medicina- Resid\u00eancia M\u00e9dica em Medicina Preventiva e Social- Registro no Conselho Regional de Medicina - CRM\" data-balloon-pos=\"up\">M\u00e9dico (\u00c1rea de atua\u00e7\u00e3o: Sa\u00fade Coletiva)<\/span><\/td>\r\n<td class=\"cvagas\">01<\/td>\r\n<td class=\"cremuneracao\">R$ 18.346,42 \/20h<\/td>\r\n<\/tr><tr>\r\n<td class=\"ccargos\">\r\n<span data-balloon-length=\"medium\" aria-label=\"Diploma de Gradua\u00e7\u00e3o de N\u00edvel Superior em Psicologia com especializa\u00e7\u00e3o em Psicologia Escolar\/Educacional, ou Psicopedagogia, ou Educa\u00e7\u00e3o Especial ou Educa\u00e7\u00e3o Inclusiva, e \u00e1reas similares da Inclus\u00e3o e- Registro no Conselho Regional de Psicologia - CRP.\" data-balloon-pos=\"up\">Psic\u00f3logo (\u00c1rea de atua\u00e7\u00e3o: Atendimento Educacional Especializado)<\/span><\/td>\r\n<td class=\"cvagas\">01<\/td>\r\n<td class=\"cremuneracao\">R$ 10.247,69 \/40h<\/td>\r\n<\/tr><tr>\r\n<td class=\"ccargos\">\r\n<span data-balloon-length=\"medium\" aria-label=\"Diploma de Gradua\u00e7\u00e3o de N\u00edvel Superior em Psicologia; e- Registro no Conselho Regional de Psicologia - CRP.\" data-balloon-pos=\"up\">Psic\u00f3logo (\u00c1rea de atua\u00e7\u00e3o: Sa\u00fade do Estudante)<\/span><\/td>\r\n<td class=\"cvagas\">02<\/td>\r\n<td class=\"cremuneracao\">R$ 10.247,69 \/40h<\/td>\r\n<\/tr>\r\n    <\/tbody>\r\n  <\/table>\r\n<\/div>"},"_links":{"self":[{"href":"https:\/\/www.agrobase.com.br\/concursos\/wp-json\/wp\/v2\/posts\/267630","targetHints":{"allow":["GET"]}}],"collection":[{"href":"https:\/\/www.agrobase.com.br\/concursos\/wp-json\/wp\/v2\/posts"}],"about":[{"href":"https:\/\/www.agrobase.com.br\/concursos\/wp-json\/wp\/v2\/types\/post"}],"author":[{"embeddable":true,"href":"https:\/\/www.agrobase.com.br\/concursos\/wp-json\/wp\/v2\/users\/7"}],"replies":[{"embeddable":true,"href":"https:\/\/www.agrobase.com.br\/concursos\/wp-json\/wp\/v2\/comments?post=267630"}],"version-history":[{"count":2,"href":"https:\/\/www.agrobase.com.br\/concursos\/wp-json\/wp\/v2\/posts\/267630\/revisions"}],"predecessor-version":[{"id":267633,"href":"https:\/\/www.agrobase.com.br\/concursos\/wp-json\/wp\/v2\/posts\/267630\/revisions\/267633"}],"wp:featuredmedia":[{"embeddable":true,"href":"https:\/\/www.agrobase.com.br\/concursos\/wp-json\/wp\/v2\/media\/267629"}],"wp:attachment":[{"href":"https:\/\/www.agrobase.com.br\/concursos\/wp-json\/wp\/v2\/media?parent=267630"}],"wp:term":[{"taxonomy":"category","embeddable":true,"href":"https:\/\/www.agrobase.com.br\/concursos\/wp-json\/wp\/v2\/categories?post=267630"},{"taxonomy":"post_tag","embeddable":true,"href":"https:\/\/www.agrobase.com.br\/concursos\/wp-json\/wp\/v2\/tags?post=267630"},{"taxonomy":"_amplo","embeddable":true,"href":"https:\/\/www.agrobase.com.br\/concursos\/wp-json\/wp\/v2\/_amplo?post=267630"},{"taxonomy":"destaque","embeddable":true,"href":"https:\/\/www.agrobase.com.br\/concursos\/wp-json\/wp\/v2\/destaque?post=267630"},{"taxonomy":"instituicoes","embeddable":true,"href":"https:\/\/www.agrobase.com.br\/concursos\/wp-json\/wp\/v2\/instituicoes?post=267630"}],"curies":[{"name":"wp","href":"https:\/\/api.w.org\/{rel}","templated":true}]}}