{"id":267616,"date":"2025-06-24T07:00:06","date_gmt":"2025-06-24T10:00:06","guid":{"rendered":"https:\/\/www.agrobase.com.br\/concursos\/?p=267616"},"modified":"2025-06-24T10:14:42","modified_gmt":"2025-06-24T13:14:42","slug":"prefeitura-jaguaretama-ce-selecao-simplificada-05-2025","status":"publish","type":"post","link":"https:\/\/www.agrobase.com.br\/concursos\/2025\/prefeitura-jaguaretama-ce-selecao-simplificada-05-2025\/","title":{"rendered":"Prefeitura Jaguaretama (CE) &#8211; Sele\u00e7\u00e3o Simplificada 05\/2025"},"content":{"rendered":"<h2>Informa\u00e7\u00f5es Gerais<\/h2>\n<p>A Prefeitura Municipal de Jaguaretama, no estado do Cear\u00e1, por meio da Secretaria Municipal de Educa\u00e7\u00e3o, publicou o edital do Processo Seletivo Simplificado Unificado N\u00b0 005\/2025. O certame visa \u00e0 contrata\u00e7\u00e3o tempor\u00e1ria de profissionais e \u00e0 forma\u00e7\u00e3o de cadastro reserva para atender necessidades emergenciais e garantir a continuidade dos servi\u00e7os educacionais no munic\u00edpio. As contrata\u00e7\u00f5es ser\u00e3o regidas pelo regime tempor\u00e1rio, fundamentado no artigo 37, inciso IX da Constitui\u00e7\u00e3o Federal e na Lei Municipal n\u00ba 752\/2009.<\/p>\n<p>S\u00e3o ofertadas oportunidades para candidatos com n\u00edveis de escolaridade fundamental incompleto, m\u00e9dio\/t\u00e9cnico e superior, abrangendo diversas fun\u00e7\u00f5es na \u00e1rea da educa\u00e7\u00e3o. <strong>Destaca-se a oferta de vagas para Nutricionista<\/strong>, al\u00e9m de outras carreiras essenciais para o funcionamento da rede municipal de ensino. O prazo de validade deste processo seletivo ser\u00e1 de 1 (um) ano, contado da data de sua homologa\u00e7\u00e3o, podendo ser prorrogado uma \u00fanica vez por igual per\u00edodo.<\/p>\n<h2>Inscri\u00e7\u00f5es<\/h2>\n<p>As inscri\u00e7\u00f5es para o Processo Seletivo Simplificado da Prefeitura de Jaguaretama estar\u00e3o abertas no per\u00edodo de <strong>23 de junho de 2025 a 27 de junho de 2025<\/strong>. Os interessados dever\u00e3o realizar sua inscri\u00e7\u00e3o de forma <strong>presencial<\/strong>, na sede da Secretaria Municipal de Educa\u00e7\u00e3o, localizada na Avenida Juarez de Queiroz Ol\u00edmpio, 36, Centro, Jaguaretama\/CE, no hor\u00e1rio das 08h00 \u00e0s 16h00, conforme cronograma do edital.<\/p>\n<p><strong>N\u00e3o haver\u00e1 cobran\u00e7a de taxa de inscri\u00e7\u00e3o<\/strong> para participa\u00e7\u00e3o neste certame. No ato da inscri\u00e7\u00e3o, o candidato dever\u00e1 entregar o formul\u00e1rio de inscri\u00e7\u00e3o (Anexo IV do edital) devidamente preenchido, o curr\u00edculo padronizado (conforme Anexos V, VI ou VII, dependendo do cargo), acompanhado das c\u00f3pias dos t\u00edtulos e documentos comprobat\u00f3rios de escolaridade, identidade oficial com foto, CPF, comprovante de quita\u00e7\u00e3o eleitoral, certificado de reservista (para candidatos do sexo masculino) e comprovante de resid\u00eancia atualizado. Todas as informa\u00e7\u00f5es e os anexos do edital est\u00e3o dispon\u00edveis no site oficial da prefeitura: <a href=\"https:\/\/www.jaguaretama.ce.gov.br\/\" target=\"_blank\" rel=\"noopener noreferrer\">https:\/\/www.jaguaretama.ce.gov.br\/<\/a>. \u00c9 fundamental que o candidato acompanhe todas as publica\u00e7\u00f5es e atualiza\u00e7\u00f5es referentes ao processo seletivo neste mesmo endere\u00e7o eletr\u00f4nico e no Di\u00e1rio Oficial dos Munic\u00edpios (APRECE).<\/p>\n<h2>Etapas e Provas<\/h2>\n<p>O Processo Seletivo Simplificado da Prefeitura de Jaguaretama ser\u00e1 realizado em duas etapas principais, com crit\u00e9rios espec\u00edficos conforme o n\u00edvel de escolaridade do cargo pretendido:<\/p>\n<ul>\n<li><strong>1\u00aa Etapa: An\u00e1lise Curricular<\/strong>\n<ul>\n<li><strong>Car\u00e1ter:<\/strong> Classificat\u00f3rio.<\/li>\n<li><strong>Formato:<\/strong> Avalia\u00e7\u00e3o documental da experi\u00eancia profissional e, para os n\u00edveis m\u00e9dio e superior, de t\u00edtulos e cursos. Os documentos comprobat\u00f3rios devem ser entregues no ato da inscri\u00e7\u00e3o.<\/li>\n<li><strong>Pontua\u00e7\u00e3o M\u00e1xima:<\/strong>\n<ul>\n<li><em>N\u00edvel Fundamental Incompleto:<\/em> at\u00e9 10 pontos, com foco em experi\u00eancia profissional na \u00e1rea de atua\u00e7\u00e3o do cargo.<\/li>\n<li><em>N\u00edvel M\u00e9dio:<\/em> at\u00e9 10 pontos, considerando cursos correlatos \u00e0 \u00e1rea (com carga hor\u00e1ria m\u00ednima de 40h e 60h) e experi\u00eancia profissional.<\/li>\n<li><em>N\u00edvel Superior (Prova de T\u00edtulos):<\/em> at\u00e9 20 pontos, considerando cursos (com carga hor\u00e1ria m\u00ednima de 60h e 80h), especializa\u00e7\u00e3o lato sensu, mestrado e experi\u00eancia profissional na \u00e1rea de atua\u00e7\u00e3o.<\/li>\n<\/ul>\n<\/li>\n<\/ul>\n<\/li>\n<li><strong>2\u00aa Etapa: Entrevista<\/strong> (para todos os cargos)\n<ul>\n<li><strong>Car\u00e1ter:<\/strong> Eliminat\u00f3rio e classificat\u00f3rio.<\/li>\n<li><strong>Formato:<\/strong> Entrevista individual conduzida por uma banca examinadora. Ser\u00e3o avaliados crit\u00e9rios como aptid\u00e3o comportamental e emocional, capacidade de comunica\u00e7\u00e3o e express\u00e3o, conhecimento t\u00e9cnico e pr\u00e1tico relacionado \u00e0s atividades do cargo, capacidade de solu\u00e7\u00e3o de problemas e tomada de decis\u00f5es, e postura profissional e motiva\u00e7\u00e3o.<\/li>\n<li><strong>Pontua\u00e7\u00e3o M\u00e1xima:<\/strong>\n<ul>\n<li><em>N\u00edvel Fundamental Incompleto e M\u00e9dio:<\/em> at\u00e9 10 pontos.<\/li>\n<li><em>N\u00edvel Superior:<\/em> at\u00e9 20 pontos.<\/li>\n<\/ul>\n<\/li>\n<li><strong>Observa\u00e7\u00e3o:<\/strong> Os candidatos dever\u00e3o apresentar documento de identifica\u00e7\u00e3o original com foto, v\u00e1lido nos termos do edital, no dia da entrevista. As entrevistas ser\u00e3o registradas e transcritas.<\/li>\n<\/ul>\n<\/li>\n<\/ul>\n<p>Para informa\u00e7\u00f5es detalhadas sobre os crit\u00e9rios de pontua\u00e7\u00e3o de cada t\u00edtulo, as compet\u00eancias avaliadas na entrevista e o cronograma completo, \u00e9 imprescind\u00edvel a consulta ao edital oficial dispon\u00edvel no site da Prefeitura de Jaguaretama.<\/p>\n<h2>Resultados e Gabarito<\/h2>\n<p>A divulga\u00e7\u00e3o dos resultados preliminares e finais de cada etapa do Processo Seletivo Simplificado N\u00b0 005\/2025, incluindo as listas de candidatos habilitados e os resultados de eventuais recursos, ser\u00e1 realizada no site oficial da Prefeitura de Jaguaretama, em <a href=\"https:\/\/www.jaguaretama.ce.gov.br\/\" target=\"_blank\" rel=\"noopener noreferrer\">https:\/\/www.jaguaretama.ce.gov.br\/<\/a>, e tamb\u00e9m no Di\u00e1rio Oficial dos Munic\u00edpios (APRECE). A classifica\u00e7\u00e3o final dos candidatos ser\u00e1 feita em ordem decrescente da pontua\u00e7\u00e3o total obtida. Ser\u00e1 desclassificado o candidato que obtiver menos de 50% da pontua\u00e7\u00e3o final.<\/p>\n<p>Os crit\u00e9rios de desempate, caso ocorram, seguir\u00e3o a seguinte ordem de prioridade: <\/p>\n<ul>\n<li>Candidato com idade igual ou superior a 60 anos, conforme o Estatuto do Idoso.<\/li>\n<li>Maior pontua\u00e7\u00e3o na An\u00e1lise Curricular.<\/li>\n<li>Maior nota na Entrevista.<\/li>\n<li>Candidato de mais idade (entre os n\u00e3o contemplados pelo Estatuto do Idoso).<\/li>\n<li>Candidato que tiver exercido a fun\u00e7\u00e3o de jurado (conforme art. 440 do C\u00f3digo de Processo Penal, mediante comprova\u00e7\u00e3o).<\/li>\n<\/ul>\n<p>A homologa\u00e7\u00e3o do resultado final do processo seletivo ser\u00e1 publicada por Ato do Chefe do Poder Executivo. A convoca\u00e7\u00e3o dos candidatos aprovados, seja para as vagas imediatas ou para o cadastro de reserva, obedecer\u00e1 rigorosamente \u00e0 ordem de classifica\u00e7\u00e3o e ser\u00e1 comunicada pelos mesmos canais oficiais. \u00c9 fundamental que os candidatos aprovados mantenham seus dados cadastrais (endere\u00e7o e telefone) atualizados junto \u00e0 Prefeitura Municipal de Jaguaretama.<\/p>\n<p>Ressalta-se que \u00e9 de responsabilidade exclusiva do candidato acompanhar todas as publica\u00e7\u00f5es oficiais referentes ao certame no site da Prefeitura de Jaguaretama e no Di\u00e1rio Oficial dos Munic\u00edpios.<\/p>\n","protected":false},"excerpt":{"rendered":"<p>Aguardando in\u00edcio! Sel. Simplificada Pref. Jaguaretama (CE) p\/ Assistente Social e + (Fund. a Sup.). Inscri\u00e7\u00f5es a partir de 23\/06. Sal\u00e1rios at\u00e9 R$ 2.5k. Confira!<\/p>\n","protected":false},"author":7,"featured_media":267615,"comment_status":"open","ping_status":"open","sticky":false,"template":"","format":"standard","meta":{"_acf_changed":false,"_breakdance_hide_in_design_set":false,"_breakdance_tags":"","footnotes":""},"categories":[6433,6434,20,6871,116,23,25,26,101],"tags":[43],"_amplo":[],"destaque":[],"instituicoes":[],"class_list":["post-267616","post","type-post","status-publish","format-standard","has-post-thumbnail","hentry","category-biologia-licenciatura","category-educacao-fisica-licenciatura","category-letras","category-letras-ingles","category-matematica","category-nutricao","category-pedagogia","category-psicologia","category-servico-social","tag-ceara"],"acf":{"_tipo_vagas":"vagas","_numero_vagas":"","_quadro_vagas":"","_cargos":"diversos","_cargos_especificos":"","_salario_max":"R$ 2500","_abertura":"20250623","_encerramento":"20250627","_inscricoes":"https:\/\/www.jaguaretama.ce.gov.br\/","_executora_concurso":"","_instituicao_concurso":[],"_link_adicional":null,"_anexos":null,"_produtos":null,"_vagas":"62 vagas + CR","_salario_min":"R$ 1518","_instituicao":"Prefeitura de Jaguaretama","_edital":"https:\/\/www.agrobase.com.br\/concursos\/wp-content\/uploads\/sites\/4\/2025\/06\/edital-05-2025-prefeitura-de-jaguaretama-ce.pdf","_anexos_edital":"","_fund_incompleto":"<div>\r\n<table class=\"quadro\">\r\n<thead>\r\n<tr>\r\n<th class=\"hcargo\">Cargo<\/th>\r\n<th class=\"hvagas\">Vagas<\/th>\r\n<th class=\"hremuneracao\">Remunera\u00e7\u00e3o<\/th>\r\n<\/tr>\r\n<\/thead>\r\n    <tbody>\r\n      <td class=\"ccargos\">\r\n<span data-balloon-length=\"medium\" aria-label=\"Ensino Fundamental Incompleto\" data-balloon-pos=\"up\">Auxiliar de Servi\u00e7os Gerais<\/span><\/td>\r\n<td class=\"cvagas\">04<\/td>\r\n<td class=\"cremuneracao\">R$ 1.518,00 \/40h<\/td>\r\n<\/tr><td class=\"ccargos\">\r\n<span data-balloon-length=\"medium\" aria-label=\"Ensino Fundamental Incompleto, com Habilita\u00e7\u00e3o CNH-D e Curso de Transporte Escolar.\" data-balloon-pos=\"up\">Motorista (Transporte Escolar)<\/span><\/td>\r\n<td class=\"cvagas\">02<\/td>\r\n<td class=\"cremuneracao\">R$ 1.518,00 \/40h<\/td>\r\n<\/tr>\r\n    <\/tbody>\r\n  <\/table>\r\n<\/div>","_fund_completo":"","_medio":"<div>\r\n<table class=\"quadro\">\r\n<thead>\r\n<tr>\r\n<th class=\"hcargo\">Cargo<\/th>\r\n<th class=\"hvagas\">Vagas<\/th>\r\n<th class=\"hremuneracao\">Remunera\u00e7\u00e3o<\/th>\r\n<\/tr>\r\n<\/thead>\r\n    <tbody>\r\n      <td class=\"ccargos\">\r\n<span data-balloon-length=\"medium\" aria-label=\"Ensino M\u00e9dio\" data-balloon-pos=\"up\">Agente de Apoio \u00e0 Inclus\u00e3o<\/span><\/td>\r\n<td class=\"cvagas\">12<\/td>\r\n<td class=\"cremuneracao\">R$ 1.518,00 \/40h<\/td>\r\n<\/tr><td class=\"ccargos\">\r\n<span data-balloon-length=\"medium\" aria-label=\"Ensino M\u00e9dio\" data-balloon-pos=\"up\">Cuidador no Transporte Escolar<\/span><\/td>\r\n<td class=\"cvagas\">03<\/td>\r\n<td class=\"cremuneracao\">R$ 1.518,00 \/40h<\/td>\r\n<\/tr><td class=\"ccargos\">\r\n<span data-balloon-length=\"medium\" aria-label=\"Ensino M\u00e9dio\" data-balloon-pos=\"up\">Monitor de Xadrez\/Dama<\/span><\/td>\r\n<td class=\"cvagas\">01<\/td>\r\n<td class=\"cremuneracao\">R$ 1.518,00 \/40h<\/td>\r\n<\/tr><td class=\"ccargos\">\r\n<span data-balloon-length=\"medium\" aria-label=\"Ensino M\u00e9dio\" data-balloon-pos=\"up\">Monitor de Capoeira<\/span><\/td>\r\n<td class=\"cvagas\">01<\/td>\r\n<td class=\"cremuneracao\">R$ 1.518,00 \/40h<\/td>\r\n<\/tr>\r\n    <\/tbody>\r\n  <\/table>\r\n<\/div>","_superior":"<div>\r\n<table class=\"quadro\">\r\n<thead>\r\n<tr>\r\n<th class=\"hcargo\">Cargo<\/th>\r\n<th class=\"hvagas\">Vagas<\/th>\r\n<th class=\"hremuneracao\">Remunera\u00e7\u00e3o<\/th>\r\n<\/tr>\r\n<\/thead>\r\n    <tbody>\r\n      <tr>\r\n<td class=\"ccargos\">\r\n<span data-balloon-length=\"medium\" aria-label=\"Ensino Superior Completo em Servi\u00e7o Social, com registro ativo no respectivo conselho profissional.\" data-balloon-pos=\"up\">Assistente Social<\/span><\/td>\r\n<td class=\"cvagas\">02<\/td>\r\n<td class=\"cremuneracao\">R$ 2.300,00 \/30h<\/td>\r\n<\/tr><tr>\r\n<td class=\"ccargos\">\r\n<span data-balloon-length=\"medium\" aria-label=\"Ensino Superior Completo em Nutri\u00e7\u00e3o, com registro ativo no respectivo conselho profissional.\" data-balloon-pos=\"up\">Nutricionista<\/span><\/td>\r\n<td class=\"cvagas\">01<\/td>\r\n<td class=\"cremuneracao\">R$ 2.300,00 \/30h<\/td>\r\n<\/tr><tr>\r\n<td class=\"ccargos\">\r\n<span data-balloon-length=\"medium\" aria-label=\"Ensino Superior Completo em Psicologia, com registro ativo no respectivo conselho profissional.\" data-balloon-pos=\"up\">Psic\u00f3logo<\/span><\/td>\r\n<td class=\"cvagas\">02<\/td>\r\n<td class=\"cremuneracao\">R$ 2.500,00 \/40h<\/td>\r\n<\/tr><tr>\r\n<td class=\"ccargos\">\r\n<span data-balloon-length=\"medium\" aria-label=\"Ensino Superior Completo em Pedagogia e\/ou Segunda Licenciatura em Pedagogia.\" data-balloon-pos=\"up\">Professor de Educa\u00e7\u00e3o B\u00e1sica \u00c1rea Espec\u00edfica em Pedagogia<\/span><\/td>\r\n<td class=\"cvagas\">19<\/td>\r\n<td class=\"cremuneracao\">R$ 0,00 \/R$33,05\/POR HORA AULA TRABALHADA<\/td>\r\n<\/tr><tr>\r\n<td class=\"ccargos\">\r\n<span data-balloon-length=\"medium\" aria-label=\"Ensino Superior Completo em \u00e1reas afins a Ci\u00eancias Humanas e\/ou Segunda Licenciatura em \u00e1reas afins.\" data-balloon-pos=\"up\">Professor de Educa\u00e7\u00e3o B\u00e1sica \u00c1rea Espec\u00edfica em Ci\u00eancias Humanas<\/span><\/td>\r\n<td class=\"cvagas\">03<\/td>\r\n<td class=\"cremuneracao\">R$ 0,00 \/R$33,05\/POR HORA AULA TRABALHADA<\/td>\r\n<\/tr><tr>\r\n<td class=\"ccargos\">\r\n<span data-balloon-length=\"medium\" aria-label=\"Ensino Superior Completo em Matem\u00e1tica, Habilita\u00e7\u00e3o e ou Segunda Licenciatura em Matem\u00e1tica.\" data-balloon-pos=\"up\">Professor de Educa\u00e7\u00e3o B\u00e1sica \u00c1rea Espec\u00edfica em Matem\u00e1tica<\/span><\/td>\r\n<td class=\"cvagas\">03<\/td>\r\n<td class=\"cremuneracao\">R$ 0,00 \/R$33,05\/POR HORA AULA TRABALHADA<\/td>\r\n<\/tr><tr>\r\n<td class=\"ccargos\">\r\n<span data-balloon-length=\"medium\" aria-label=\"Ensino Superior Completo em Letras, L\u00edngua Portuguesa Habilita\u00e7\u00e3o e\/ou Segunda Licenciatura em L\u00edngua Portuguesa.\" data-balloon-pos=\"up\">Professor de Educa\u00e7\u00e3o B\u00e1sica \u00c1rea Espec\u00edfica em Portugu\u00eas<\/span><\/td>\r\n<td class=\"cvagas\">03<\/td>\r\n<td class=\"cremuneracao\">R$ 0,00 \/R$33,05\/POR HORA AULA TRABALHADA<\/td>\r\n<\/tr><tr>\r\n<td class=\"ccargos\">\r\n<span data-balloon-length=\"medium\" aria-label=\"Ensino Superior Completo em Educa\u00e7\u00e3o F\u00edsica (Bacharelado), com registro ativo no respectivo conselho profissional.\" data-balloon-pos=\"up\">Professor de Educa\u00e7\u00e3o B\u00e1sica \u00c1rea Espec\u00edfica em Educa\u00e7\u00e3o F\u00edsica<\/span><\/td>\r\n<td class=\"cvagas\">04<\/td>\r\n<td class=\"cremuneracao\">R$ 0,00 \/R$33,05\/POR HORA AULA TRABALHADA<\/td>\r\n<\/tr><tr>\r\n<td class=\"ccargos\">\r\n<span data-balloon-length=\"medium\" aria-label=\"Ensino Superior Completo em Ci\u00eancias ou \u00e1reas afins Habilita\u00e7\u00e3o e\/ou Segunda Licenciatura em Ci\u00eancias.\" data-balloon-pos=\"up\">Professor de Educa\u00e7\u00e3o B\u00e1sica \u00c1rea Espec\u00edfica em Ci\u00eancias<\/span><\/td>\r\n<td class=\"cvagas\">02<\/td>\r\n<td class=\"cremuneracao\">R$ 0,00 \/R$33,05\/POR HORA AULA TRABALHADA<\/td>\r\n<\/tr><tr>\r\n<td class=\"ccargos\">\r\n<span data-balloon-length=\"medium\" aria-label=\"Ensino Superior Completo em Ingl\u00eas, Habilita\u00e7\u00e3o e\/ou Segunda Licenciatura em Ingl\u00eas.\" data-balloon-pos=\"up\">Professor de Educa\u00e7\u00e3o B\u00e1sica \u00c1rea Espec\u00edfica em Ingl\u00eas<\/span><\/td>\r\n<td class=\"cvagas\">01<\/td>\r\n<td class=\"cremuneracao\">R$ 0,00 \/R$33,05\/POR HORA AULA TRABALHADA<\/td>\r\n<\/tr>\r\n    <\/tbody>\r\n  <\/table>\r\n<\/div>"},"_links":{"self":[{"href":"https:\/\/www.agrobase.com.br\/concursos\/wp-json\/wp\/v2\/posts\/267616","targetHints":{"allow":["GET"]}}],"collection":[{"href":"https:\/\/www.agrobase.com.br\/concursos\/wp-json\/wp\/v2\/posts"}],"about":[{"href":"https:\/\/www.agrobase.com.br\/concursos\/wp-json\/wp\/v2\/types\/post"}],"author":[{"embeddable":true,"href":"https:\/\/www.agrobase.com.br\/concursos\/wp-json\/wp\/v2\/users\/7"}],"replies":[{"embeddable":true,"href":"https:\/\/www.agrobase.com.br\/concursos\/wp-json\/wp\/v2\/comments?post=267616"}],"version-history":[{"count":2,"href":"https:\/\/www.agrobase.com.br\/concursos\/wp-json\/wp\/v2\/posts\/267616\/revisions"}],"predecessor-version":[{"id":267620,"href":"https:\/\/www.agrobase.com.br\/concursos\/wp-json\/wp\/v2\/posts\/267616\/revisions\/267620"}],"wp:featuredmedia":[{"embeddable":true,"href":"https:\/\/www.agrobase.com.br\/concursos\/wp-json\/wp\/v2\/media\/267615"}],"wp:attachment":[{"href":"https:\/\/www.agrobase.com.br\/concursos\/wp-json\/wp\/v2\/media?parent=267616"}],"wp:term":[{"taxonomy":"category","embeddable":true,"href":"https:\/\/www.agrobase.com.br\/concursos\/wp-json\/wp\/v2\/categories?post=267616"},{"taxonomy":"post_tag","embeddable":true,"href":"https:\/\/www.agrobase.com.br\/concursos\/wp-json\/wp\/v2\/tags?post=267616"},{"taxonomy":"_amplo","embeddable":true,"href":"https:\/\/www.agrobase.com.br\/concursos\/wp-json\/wp\/v2\/_amplo?post=267616"},{"taxonomy":"destaque","embeddable":true,"href":"https:\/\/www.agrobase.com.br\/concursos\/wp-json\/wp\/v2\/destaque?post=267616"},{"taxonomy":"instituicoes","embeddable":true,"href":"https:\/\/www.agrobase.com.br\/concursos\/wp-json\/wp\/v2\/instituicoes?post=267616"}],"curies":[{"name":"wp","href":"https:\/\/api.w.org\/{rel}","templated":true}]}}