{"id":267479,"date":"2025-06-20T07:30:26","date_gmt":"2025-06-20T10:30:26","guid":{"rendered":"https:\/\/www.agrobase.com.br\/concursos\/?p=267479"},"modified":"2025-06-18T13:22:46","modified_gmt":"2025-06-18T16:22:46","slug":"if-sudeste-mg-mg-selecao-simplificada-44-2025","status":"publish","type":"post","link":"https:\/\/www.agrobase.com.br\/concursos\/2025\/if-sudeste-mg-mg-selecao-simplificada-44-2025\/","title":{"rendered":"IF Sudeste MG (MG) &#8211; Sele\u00e7\u00e3o Simplificada 44\/2025"},"content":{"rendered":"<h2>Informa\u00e7\u00f5es Gerais<\/h2>\n<p>O Instituto Federal de Educa\u00e7\u00e3o, Ci\u00eancia e Tecnologia do Sudeste de Minas Gerais (IF Sudeste MG) publicou o <strong>EDITAL\/PSS N\u00ba 44\/2025<\/strong> referente ao Processo Seletivo Simplificado para Professor Substituto. As inscri\u00e7\u00f5es est\u00e3o abertas. O objetivo do certame \u00e9 o preenchimento de <strong>uma vaga<\/strong> para Professor Substituto no Campus Barbacena, visando atender a uma necessidade tempor\u00e1ria de excepcional interesse p\u00fablico. A contrata\u00e7\u00e3o ser\u00e1 tempor\u00e1ria, regida pela Lei n\u00ba 8.745\/1993 e legisla\u00e7\u00f5es complementares.<\/p>\n<p>Este processo seletivo contempla vagas de N\u00edvel Superior. A oportunidade dispon\u00edvel \u00e9 para a \u00e1rea de <strong>Ci\u00eancia e Tecnologia de Alimentos<\/strong>, um campo de grande relev\u00e2ncia e interesse.<\/p>\n<h2>Inscri\u00e7\u00f5es<\/h2>\n<p>As inscri\u00e7\u00f5es para o Processo Seletivo Simplificado do IF Sudeste MG est\u00e3o abertas e podem ser realizadas no per\u00edodo de <strong>17 de junho de 2025<\/strong> at\u00e9 as <strong>23h59min do dia 01 de julho de 2025<\/strong>. Os interessados devem se inscrever exclusivamente online, atrav\u00e9s do portal oficial <a href=\"https:\/\/concursos.ifsudestemg.edu.br\/\" target=\"_blank\" rel=\"noopener noreferrer\">https:\/\/concursos.ifsudestemg.edu.br\/<\/a>, acessando a op\u00e7\u00e3o &#8220;inscri\u00e7\u00f5es&#8221; e, em seguida, &#8220;nova inscri\u00e7\u00e3o&#8221;.<\/p>\n<p>O edital n\u00e3o especifica valores de taxa de inscri\u00e7\u00e3o nem menciona procedimentos para solicita\u00e7\u00e3o de isen\u00e7\u00e3o. \u00c9 fundamental que o candidato preencha o campo de &#8220;confirma\u00e7\u00e3o de inscri\u00e7\u00e3o&#8221; para que sua solicita\u00e7\u00e3o seja devidamente processada. Ap\u00f3s a cria\u00e7\u00e3o da conta no sistema, o candidato ter\u00e1 acesso \u00e0 \u00c1rea do Candidato, onde poder\u00e1 acompanhar o status de sua inscri\u00e7\u00e3o, obter comprovantes e realizar outras a\u00e7\u00f5es pertinentes ao certame.<\/p>\n<p>O comprovante definitivo de inscri\u00e7\u00e3o, que conter\u00e1 informa\u00e7\u00f5es essenciais como o tema da prova de desempenho did\u00e1tico, local, data e hor\u00e1rio, estar\u00e1 dispon\u00edvel para impress\u00e3o a partir das 14h do dia 09 de julho de 2025.<\/p>\n<h2>Etapas e Provas<\/h2>\n<p>O Processo Seletivo Simplificado do IF Sudeste MG ser\u00e1 constitu\u00eddo por duas etapas principais:<\/p>\n<ul>\n<li><strong>Prova de Desempenho Did\u00e1tico:<\/strong> de car\u00e1ter eliminat\u00f3rio e classificat\u00f3rio.<\/li>\n<li><strong>Prova de T\u00edtulos (Avalia\u00e7\u00e3o Curricular):<\/strong> de car\u00e1ter classificat\u00f3rio.<\/li>\n<\/ul>\n<p>A <strong>Prova de Desempenho Did\u00e1tico<\/strong> consistir\u00e1 em uma aula p\u00fablica com dura\u00e7\u00e3o de 30 minutos. O tema da aula ser\u00e1 sorteado no dia 07 de julho de 2025 e divulgado no comprovante definitivo de inscri\u00e7\u00e3o. Durante esta etapa, uma banca examinadora avaliar\u00e1 crit\u00e9rios como o plano de aula (at\u00e9 20 pontos), clareza dos objetivos, motiva\u00e7\u00e3o e manejo de classe, dom\u00ednio da t\u00e9cnica e do conte\u00fado, distribui\u00e7\u00e3o cronol\u00f3gica do tempo, adequa\u00e7\u00e3o dos recursos did\u00e1ticos utilizados, sequ\u00eancia l\u00f3gica de racioc\u00ednio e habilidade de comunica\u00e7\u00e3o, totalizando at\u00e9 100 pontos. Ser\u00e1 eliminado do processo seletivo o candidato que obtiver aproveitamento inferior a 60 pontos. \u00c9 obrigat\u00f3rio entregar \u00e0 banca c\u00f3pia da identidade, do comprovante de habilita\u00e7\u00e3o exigida, do comprovante definitivo de inscri\u00e7\u00e3o e o plano de aula em tr\u00eas vias.<\/p>\n<p>A <strong>Prova de T\u00edtulos<\/strong> ter\u00e1 car\u00e1ter apenas classificat\u00f3rio. Os candidatos dever\u00e3o apresentar os documentos comprobat\u00f3rios de sua titula\u00e7\u00e3o na mesma data da Prova de Desempenho Did\u00e1tico. As c\u00f3pias dos t\u00edtulos devem ser autenticadas ou acompanhadas dos originais para confer\u00eancia. Ser\u00e3o pontuados t\u00edtulos de Doutorado, Mestrado, Especializa\u00e7\u00e3o e Aperfei\u00e7oamento, al\u00e9m de Licenciatura Plena ou Forma\u00e7\u00e3o Pedag\u00f3gica e Experi\u00eancia Docente, conforme os crit\u00e9rios detalhados no edital.<\/p>\n<h2>Resultados e Gabarito<\/h2>\n<p>A divulga\u00e7\u00e3o dos resultados da Prova de Desempenho Did\u00e1tico e da Avalia\u00e7\u00e3o Curricular seguir\u00e1 o cronograma estabelecido no Anexo II do edital. Conforme o documento, a previs\u00e3o para divulga\u00e7\u00e3o do resultado \u00e9 <strong>18 de julho de 2025<\/strong>, e o Resultado Final est\u00e1 previsto para <strong>06 de agosto de 2025<\/strong>.<\/p>\n<p>A pontua\u00e7\u00e3o final de cada candidato ser\u00e1 calculada pela soma dos pontos obtidos nas duas etapas do processo seletivo. Ser\u00e3o classificados os candidatos que alcan\u00e7arem, no m\u00ednimo, 60 pontos na Prova de Desempenho Did\u00e1tico e obtiverem uma pontua\u00e7\u00e3o final igual ou superior a 60 pontos. Em caso de empate na classifica\u00e7\u00e3o final, ser\u00e3o aplicados os seguintes crit\u00e9rios de desempate, nesta ordem: idade mais elevada (conforme Lei 10.741\/2003), ter participado como jurado (Artigo 440 do C\u00f3digo de Processo Penal), maior pontua\u00e7\u00e3o na Prova de Desempenho Did\u00e1tico, maior pontua\u00e7\u00e3o na Prova de T\u00edtulos e, por fim, possuir maior n\u00famero de dependentes para fins de Imposto de Renda.<\/p>\n<p>A homologa\u00e7\u00e3o do Resultado Final ser\u00e1 realizada pelo Reitor do IF Sudeste MG e publicada no Di\u00e1rio Oficial da Uni\u00e3o (DOU). Ap\u00f3s a homologa\u00e7\u00e3o, os candidatos aprovados ser\u00e3o convocados, respeitando rigorosamente a ordem de classifica\u00e7\u00e3o, para comparecerem \u00e0 Coordena\u00e7\u00e3o Geral de Gest\u00e3o de Pessoas do Campus Barbacena. O acompanhamento das convoca\u00e7\u00f5es \u00e9 de responsabilidade do candidato e deve ser feito por meio das publica\u00e7\u00f5es oficiais.<\/p>\n<p>\u00c9 de inteira responsabilidade do candidato acompanhar todas as publica\u00e7\u00f5es oficiais referentes ao Processo Seletivo Simplificado, divulgadas no site do IF Sudeste MG e no Di\u00e1rio Oficial da Uni\u00e3o.<\/p>\n","protected":false},"excerpt":{"rendered":"<p>Proc. Seletivo IF Sudeste MG p\/ Prof. Substituto (Superior) com edital publicado! Inscri\u00e7\u00f5es a partir de 17\/06. Confira detalhes!<\/p>\n","protected":false},"author":7,"featured_media":267478,"comment_status":"open","ping_status":"open","sticky":false,"template":"","format":"standard","meta":{"_acf_changed":false,"_breakdance_hide_in_design_set":false,"_breakdance_tags":"","footnotes":""},"categories":[79,6525],"tags":[50],"_amplo":[],"destaque":[],"instituicoes":[],"class_list":["post-267479","post","type-post","status-publish","format-standard","has-post-thumbnail","hentry","category-engenharia-alimentos","category-tecnologia-de-alimentos","tag-minas-gerais"],"acf":{"_tipo_vagas":"vagas","_numero_vagas":"","_quadro_vagas":"","_cargos":"diversos","_cargos_especificos":"","_salario_max":"R$ 8.059,29","_abertura":"20250617","_encerramento":"20250701","_inscricoes":"https:\/\/concursos.ifsudestemg.edu.br\/","_executora_concurso":"","_instituicao_concurso":[],"_link_adicional":null,"_anexos":null,"_produtos":null,"_vagas":"1 vaga","_salario_min":"R$ 4.326,60","_instituicao":"Instituto Federal de Educa\u00e7\u00e3o, Ci\u00eancia e Tecnologia do Sudeste de Minas Gerais","_edital":"https:\/\/www.agrobase.com.br\/concursos\/wp-content\/uploads\/sites\/4\/2025\/06\/edital-44-2025-if-sudeste-de-minas.pdf","_anexos_edital":"https:\/\/www.agrobase.com.br\/concursos\/wp-content\/uploads\/sites\/4\/2025\/06\/anexos-edital-44-2025-if-sudeste-de-minas.pdf","_fund_incompleto":"","_fund_completo":"","_medio":"","_superior":"<div>\r\n<table class=\"quadro\">\r\n<thead>\r\n<tr>\r\n<th class=\"hcargo\">Cargo<\/th>\r\n<th class=\"hvagas\">Vagas<\/th>\r\n<th class=\"hremuneracao\">Remunera\u00e7\u00e3o<\/th>\r\n<\/tr>\r\n<\/thead>\r\n    <tbody>\r\n      <tr>\r\n<td class=\"ccargos\">\r\n<span data-balloon-length=\"medium\" aria-label=\"Bacharelado em Agroind\u00fastria ou Ci\u00eancia e Tecnologia de Alimentos ou Ci\u00eancia e Tecnologia de Latic\u00ednios ou Ci\u00eancia de Alimentos ou Engenharia de Alimentos ou Tecnologia em Agroind\u00fastria ou Tecnologia em Alimentos ou Tecnologia em Latic\u00ednios; OU Bacharelado em Agroind\u00fastria ou Ci\u00eancia e Tecnologia de Alimentos ou Ci\u00eancia e Tecnologia de Latic\u00ednios ou Ci\u00eancia de Alimentos ou Engenharia de Alimentos ou Tecnologia em Agroind\u00fastria ou Tecnologia em Alimentos ou Tecnologia em Latic\u00ednios, com Especializa\u00e7\u00e3o na disciplina ou \u00e1rea\/concentra\u00e7\u00e3o; OU Bacharelado em Agroind\u00fastria ou Ci\u00eancia e Tecnologia de Alimentos ou Ci\u00eancia e Tecnologia de Latic\u00ednios ou Ci\u00eancia de Alimentos ou Engenharia de Alimentos ou Tecnologia em Agroind\u00fastria ou Tecnologia em Alimentos ou Tecnologia em Latic\u00ednios, com Mestrado na disciplina ou \u00e1rea\/concentra\u00e7\u00e3o, de acordo com as \u00e1reas da tabela da Capes; OU Bacharelado em Agroind\u00fastria ou Ci\u00eancia e Tecnologia de Alimentos ou Ci\u00eancia e Tecnologia de Latic\u00ednios ou Ci\u00eancia de Alimentos ou Engenharia de Alimentos ou Tecnologia em Agroind\u00fastria ou Tecnologia em Alimentos ou Tecnologia em Latic\u00ednios, com Doutorado na disciplina ou \u00e1rea\/concentra\u00e7\u00e3o, de acordo com as \u00e1reas da tabela da Capes.\" data-balloon-pos=\"up\">Ci\u00eancia e Tecnologia de Alimentos<\/span><\/td>\r\n<td class=\"cvagas\">01<\/td>\r\n<td class=\"cremuneracao\">R$ 0,00 \/40h<\/td>\r\n<\/tr>\r\n    <\/tbody>\r\n  <\/table>\r\n<\/div>"},"_links":{"self":[{"href":"https:\/\/www.agrobase.com.br\/concursos\/wp-json\/wp\/v2\/posts\/267479","targetHints":{"allow":["GET"]}}],"collection":[{"href":"https:\/\/www.agrobase.com.br\/concursos\/wp-json\/wp\/v2\/posts"}],"about":[{"href":"https:\/\/www.agrobase.com.br\/concursos\/wp-json\/wp\/v2\/types\/post"}],"author":[{"embeddable":true,"href":"https:\/\/www.agrobase.com.br\/concursos\/wp-json\/wp\/v2\/users\/7"}],"replies":[{"embeddable":true,"href":"https:\/\/www.agrobase.com.br\/concursos\/wp-json\/wp\/v2\/comments?post=267479"}],"version-history":[{"count":3,"href":"https:\/\/www.agrobase.com.br\/concursos\/wp-json\/wp\/v2\/posts\/267479\/revisions"}],"predecessor-version":[{"id":267489,"href":"https:\/\/www.agrobase.com.br\/concursos\/wp-json\/wp\/v2\/posts\/267479\/revisions\/267489"}],"wp:featuredmedia":[{"embeddable":true,"href":"https:\/\/www.agrobase.com.br\/concursos\/wp-json\/wp\/v2\/media\/267478"}],"wp:attachment":[{"href":"https:\/\/www.agrobase.com.br\/concursos\/wp-json\/wp\/v2\/media?parent=267479"}],"wp:term":[{"taxonomy":"category","embeddable":true,"href":"https:\/\/www.agrobase.com.br\/concursos\/wp-json\/wp\/v2\/categories?post=267479"},{"taxonomy":"post_tag","embeddable":true,"href":"https:\/\/www.agrobase.com.br\/concursos\/wp-json\/wp\/v2\/tags?post=267479"},{"taxonomy":"_amplo","embeddable":true,"href":"https:\/\/www.agrobase.com.br\/concursos\/wp-json\/wp\/v2\/_amplo?post=267479"},{"taxonomy":"destaque","embeddable":true,"href":"https:\/\/www.agrobase.com.br\/concursos\/wp-json\/wp\/v2\/destaque?post=267479"},{"taxonomy":"instituicoes","embeddable":true,"href":"https:\/\/www.agrobase.com.br\/concursos\/wp-json\/wp\/v2\/instituicoes?post=267479"}],"curies":[{"name":"wp","href":"https:\/\/api.w.org\/{rel}","templated":true}]}}