{"id":267415,"date":"2025-07-18T07:00:22","date_gmt":"2025-07-18T10:00:22","guid":{"rendered":"https:\/\/www.agrobase.com.br\/concursos\/?p=267415"},"modified":"2025-07-17T11:06:00","modified_gmt":"2025-07-17T14:06:00","slug":"if-sertao-pe-pe-concurso-68-2025","status":"publish","type":"post","link":"https:\/\/www.agrobase.com.br\/concursos\/2025\/if-sertao-pe-pe-concurso-68-2025\/","title":{"rendered":"IF Sert\u00e3o-PE (PE) &#8211; Concurso 68\/2025 [prorrogado]"},"content":{"rendered":"<h2>Informa\u00e7\u00f5es Gerais<\/h2>\n<p>O Instituto Federal de Educa\u00e7\u00e3o, Ci\u00eancia e Tecnologia do Sert\u00e3o Pernambucano (IFSert\u00e3oPE) anuncia a abertura de seu Concurso P\u00fablico. O certame tem como objetivo o preenchimento de 27 vagas imediatas, al\u00e9m da forma\u00e7\u00e3o de cadastro reserva, para cargos efetivos da carreira de T\u00e9cnico-Administrativo em Educa\u00e7\u00e3o (TAE). Os aprovados ser\u00e3o contratados sob o Regime Jur\u00eddico \u00danico dos Servidores P\u00fablicos Civis da Uni\u00e3o, conforme a Lei n\u00ba 8.112\/1990, garantindo estabilidade empregat\u00edcia.<\/p>\n<p>As oportunidades s\u00e3o destinadas a profissionais com N\u00edvel M\u00e9dio\/T\u00e9cnico Completo e N\u00edvel Superior Completo. As vagas abrangem diversas \u00e1reas de atua\u00e7\u00e3o dentro da institui\u00e7\u00e3o, incluindo setores administrativos, de tecnologia da informa\u00e7\u00e3o, sa\u00fade (enfermagem), apoio discente e laborat\u00f3rios t\u00e9cnicos. <strong>Para os profissionais das ci\u00eancias agr\u00e1rias e \u00e1reas afins, destaca-se a oferta de vagas para T\u00e9cnico de Laborat\u00f3rio na \u00e1rea de Agropecu\u00e1ria<\/strong>, uma excelente chance para quem possui forma\u00e7\u00e3o t\u00e9cnica no setor e deseja integrar o quadro do IFSert\u00e3oPE.<\/p>\n<h2>Inscri\u00e7\u00f5es<\/h2>\n<p>As inscri\u00e7\u00f5es para o concurso do IFSert\u00e3oPE estar\u00e3o abertas a partir das <strong>00h00 do dia 13 de junho de 2025 e se encerram \u00e0s 17h00 do dia <del datetime=\"2025-07-17T14:03:05+00:00\">14<\/del>18 de julho de 2025<\/strong>. Todo o processo de inscri\u00e7\u00e3o ser\u00e1 realizado exclusivamente pela internet, atrav\u00e9s do site da banca organizadora, a Fundatec, no endere\u00e7o eletr\u00f4nico <em>www.fundatec.org.br<\/em>. Um link alternativo para acesso tamb\u00e9m poder\u00e1 ser encontrado no site do IFSert\u00e3oPE (<em>https:\/\/ifsertaope.edu.br\/concursos\/<\/em>).<\/p>\n<p>Os valores das taxas de inscri\u00e7\u00e3o foram definidos da seguinte forma: R$ 150,00 para os cargos de N\u00edvel Superior Completo (classifica\u00e7\u00e3o E) e R$ 120,00 para os cargos de N\u00edvel M\u00e9dio\/T\u00e9cnico Completo (classifica\u00e7\u00f5es C e D). Para efetivar a inscri\u00e7\u00e3o, \u00e9 imprescind\u00edvel possuir o n\u00famero do Cadastro de Pessoa F\u00edsica (CPF). Durante o procedimento online, ser\u00e1 gerado um boleto banc\u00e1rio ou guia de arrecada\u00e7\u00e3o, que dever\u00e1 ser pago at\u00e9 a data de vencimento indicada no documento. A confirma\u00e7\u00e3o do pagamento poder\u00e1 ser consultada no site da Fundatec ap\u00f3s dois dias \u00fateis banc\u00e1rios.<\/p>\n<p>Candidatos que desejarem solicitar a isen\u00e7\u00e3o da taxa de inscri\u00e7\u00e3o dever\u00e3o verificar os crit\u00e9rios, procedimentos e prazos espec\u00edficos detalhados no edital completo, pois estes n\u00e3o s\u00e3o explicitados na se\u00e7\u00e3o de inscri\u00e7\u00f5es do documento fornecido. \u00c9 fundamental que, ao se inscrever, o candidato declare o conhecimento e a aceita\u00e7\u00e3o de todas as normas estabelecidas.<\/p>\n<h2>Etapas e Provas<\/h2>\n<p>O Concurso P\u00fablico do IFSert\u00e3oPE ser\u00e1 constitu\u00eddo por uma <strong>\u00fanica etapa: a Prova Te\u00f3rico-Objetiva<\/strong>, de car\u00e1ter eliminat\u00f3rio e classificat\u00f3rio, aplicada a todos os cargos. Esta prova ser\u00e1 elaborada com base nos programas definidos no Anexo V do edital e ter\u00e1 quest\u00f5es com grau de dificuldade compat\u00edvel com o n\u00edvel de escolaridade exigido para cada cargo.<\/p>\n<p>A avalia\u00e7\u00e3o poder\u00e1 contemplar habilidades de compreens\u00e3o, an\u00e1lise, s\u00edntese e avalia\u00e7\u00e3o, valorizando o racioc\u00ednio e situa\u00e7\u00f5es relacionadas \u00e0s atribui\u00e7\u00f5es do cargo. As disciplinas que compor\u00e3o a prova, conforme informa\u00e7\u00f5es do edital, incluem:<\/p>\n<ul>\n<li>L\u00edngua Portuguesa<\/li>\n<li>No\u00e7\u00f5es B\u00e1sicas de Inform\u00e1tica<\/li>\n<li>Legisla\u00e7\u00e3o e \u00c9tica na Administra\u00e7\u00e3o P\u00fablica<\/li>\n<li>Conhecimentos Espec\u00edficos (variando conforme o cargo\/\u00e1rea\/sub\u00e1rea)<\/li>\n<\/ul>\n<p>A Prova Te\u00f3rico-Objetiva ter\u00e1 dura\u00e7\u00e3o total de <strong>4 (quatro) horas<\/strong>. Os candidatos dever\u00e3o permanecer no local de prova por, no m\u00ednimo, 1 (uma) hora ap\u00f3s o in\u00edcio, e s\u00f3 poder\u00e3o levar o caderno de quest\u00f5es ap\u00f3s 2 (duas) horas do in\u00edcio do certame. A aplica\u00e7\u00e3o est\u00e1 prevista para o dia <strong>24 de agosto de 2025 (domingo)<\/strong>, no munic\u00edpio de Petrolina\/PE, com possibilidade de realiza\u00e7\u00e3o em cidades vizinhas caso necess\u00e1rio. Os cargos de N\u00edvel Superior (Classifica\u00e7\u00e3o E) far\u00e3o a prova no per\u00edodo da manh\u00e3, enquanto os de N\u00edvel M\u00e9dio (Classifica\u00e7\u00f5es C e D) realizar\u00e3o no per\u00edodo da tarde. O n\u00famero de quest\u00f5es, a pontua\u00e7\u00e3o por quest\u00e3o e os crit\u00e9rios m\u00ednimos para aprova\u00e7\u00e3o est\u00e3o detalhados no Anexo II do edital.<\/p>\n<p>Para informa\u00e7\u00f5es completas sobre o conte\u00fado program\u00e1tico de cada disciplina, regras espec\u00edficas da prova, o quadro demonstrativo de provas e o cronograma detalhado, \u00e9 indispens\u00e1vel a consulta ao edital oficial do concurso.<\/p>\n<h2>Resultados e Gabarito<\/h2>\n<p>O cronograma de divulga\u00e7\u00e3o dos resultados do concurso do IFSert\u00e3oPE inicia-se com a publica\u00e7\u00e3o dos <strong>gabaritos preliminares<\/strong> da Prova Te\u00f3rico-Objetiva em 25 de agosto de 2025. Ap\u00f3s o per\u00edodo de recursos, os <strong>gabaritos definitivos<\/strong> ser\u00e3o divulgados em 10 de setembro de 2025. As <strong>notas preliminares<\/strong> da prova estar\u00e3o dispon\u00edveis em 17 de setembro de 2025, e as <strong>notas definitivas<\/strong>, juntamente com a classifica\u00e7\u00e3o na prova, ser\u00e3o publicadas em 30 de setembro de 2025.<\/p>\n<p>A classifica\u00e7\u00e3o final dos candidatos aprovados ser\u00e1 em ordem decrescente da nota obtida na Prova Te\u00f3rico-Objetiva. Em caso de empate, os crit\u00e9rios de desempate seguir\u00e3o a seguinte ordem, conforme o edital:<\/p>\n<ul>\n<li>Candidato idoso (maior de 60 anos, com prefer\u00eancia ao de idade mais elevada);<\/li>\n<li>Maior pontua\u00e7\u00e3o na Prova de Conhecimentos Espec\u00edficos;<\/li>\n<li>Maior pontua\u00e7\u00e3o na Prova de Legisla\u00e7\u00e3o e \u00c9tica na Administra\u00e7\u00e3o P\u00fablica;<\/li>\n<li>Maior pontua\u00e7\u00e3o na Prova de L\u00edngua Portuguesa;<\/li>\n<li>Maior pontua\u00e7\u00e3o na Prova de No\u00e7\u00f5es B\u00e1sicas de Inform\u00e1tica;<\/li>\n<li>Participa\u00e7\u00e3o efetiva como jurado em Tribunal do J\u00fari;<\/li>\n<li>Maior idade (exceto os casos j\u00e1 citados para idosos).<\/li>\n<\/ul>\n<p>Persistindo o empate, ser\u00e1 realizado Sorteio P\u00fablico.<\/p>\n<p>A <strong>homologa\u00e7\u00e3o do resultado final<\/strong> do concurso est\u00e1 prevista para 12 de novembro de 2025, com a publica\u00e7\u00e3o de listas de classificados por ampla concorr\u00eancia, pessoas com defici\u00eancia, e pessoas pretas, pardas, ind\u00edgenas e quilombolas. O concurso ter\u00e1 validade de 02 (dois) anos, contados da data de publica\u00e7\u00e3o da homologa\u00e7\u00e3o, podendo ser prorrogado uma \u00fanica vez por igual per\u00edodo, a crit\u00e9rio do IFSert\u00e3oPE. A convoca\u00e7\u00e3o dos aprovados ser\u00e1 realizada por meio de edital espec\u00edfico, divulgado no site <em>https:\/\/ifsertaope.edu.br\/concursos\/<\/em>, conforme a necessidade e conveni\u00eancia da institui\u00e7\u00e3o, respeitando a ordem de classifica\u00e7\u00e3o e as reservas de vagas.<\/p>\n<p>\u00c9 de responsabilidade exclusiva do candidato acompanhar todas as publica\u00e7\u00f5es oficiais referentes ao concurso, incluindo editais, comunicados e resultados, tanto no site da banca organizadora (Fundatec) e no portal do IFSert\u00e3oPE, quanto no Di\u00e1rio Oficial da Uni\u00e3o.<\/p>\n","protected":false},"excerpt":{"rendered":"<p>Concurso IF Sert\u00e3o-PE com edital publicado! Vagas p\/ Administrador e TI (M\u00e9dio\/Superior). Inscri\u00e7\u00f5es a partir de 13\/06. Sal\u00e1rios at\u00e9 R$ 4.9k. Confira detalhes!<\/p>\n","protected":false},"author":7,"featured_media":267431,"comment_status":"open","ping_status":"open","sticky":false,"template":"","format":"standard","meta":{"_acf_changed":false,"_breakdance_hide_in_design_set":false,"_breakdance_tags":"","footnotes":""},"categories":[3,126,12,30,130,161,159],"tags":[54],"_amplo":[],"destaque":[],"instituicoes":[],"class_list":["post-267415","post","type-post","status-publish","format-standard","has-post-thumbnail","hentry","category-administracao","category-ciencia-computacao","category-enfermagem","category-tecnico-agropecuaria","category-tecnico-informatica","category-tecnico-laboratorio","category-tecnologia-da-informacao","tag-pernambuco"],"acf":{"_tipo_vagas":"vagas","_numero_vagas":"","_quadro_vagas":"","_cargos":"diversos","_cargos_especificos":"","_salario_max":"R$ 4967.04","_abertura":"20250613","_encerramento":"20250718","_inscricoes":"https:\/\/www.fundatec.org.br","_executora_concurso":"","_instituicao_concurso":[],"_link_adicional":null,"_anexos":[{"_arquivo_anexo":268887,"_titulo_anexo":"Edital de Retifica\u00e7\u00e3o"}],"_produtos":null,"_vagas":"27 vagas + CR","_salario_min":"R$ 2483.52","_instituicao":"Instituto Federal de Educa\u00e7\u00e3o, Ci\u00eancia e Tecnologia do Sert\u00e3o Pernambucano","_edital":"https:\/\/www.agrobase.com.br\/concursos\/wp-content\/uploads\/sites\/4\/2025\/06\/edital-68-2025-if-sertao-pernambucano.pdf","_anexos_edital":"https:\/\/www.agrobase.com.br\/concursos\/wp-content\/uploads\/sites\/4\/2025\/06\/anexos-edital-68-2025-if-sertao-pernambucano.pdf","_fund_incompleto":"","_fund_completo":"","_medio":"<div>\r\n<table class=\"quadro\">\r\n<thead>\r\n<tr>\r\n<th class=\"hcargo\">Cargo<\/th>\r\n<th class=\"hvagas\">Vagas<\/th>\r\n<th class=\"hremuneracao\">Remunera\u00e7\u00e3o<\/th>\r\n<\/tr>\r\n<\/thead>\r\n    <tbody>\r\n      <td class=\"ccargos\">\r\n<span data-balloon-length=\"medium\" aria-label=\"Curso de Ensino M\u00e9dio Completo e Experi\u00eancia Profissional m\u00ednima de 6 (seis) meses na \u00e1rea.\" data-balloon-pos=\"up\">Assistente de Aluno<\/span><\/td>\r\n<td class=\"cvagas\">06 + CR<\/td>\r\n<td class=\"cremuneracao\">R$ 2.483,52 \/40h<\/td>\r\n<\/tr><td class=\"ccargos\">\r\n<span data-balloon-length=\"medium\" aria-label=\"Curso de Ensino M\u00e9dio com Forma\u00e7\u00e3o T\u00e9cnica na \u00c1rea de Administra\u00e7\u00e3o ou M\u00e9dio Completo com Experi\u00eancia Profissional m\u00ednima de 12 (doze) meses na \u00e1rea.\" data-balloon-pos=\"up\">Assistente em Administra\u00e7\u00e3o<\/span><\/td>\r\n<td class=\"cvagas\">08 + CR<\/td>\r\n<td class=\"cremuneracao\">R$ 3.029,89 \/40h<\/td>\r\n<\/tr><td class=\"ccargos\">\r\n<span data-balloon-length=\"medium\" aria-label=\"M\u00e9dio Profissionalizante na respectiva \u00e1rea ou M\u00e9dio Completo e Curso T\u00e9cnico em Eletr\u00f4nica com \u00canfase em Sistemas Computacionais.\" data-balloon-pos=\"up\">T\u00e9cnico em Tecnologia da Informa\u00e7\u00e3o<\/span><\/td>\r\n<td class=\"cvagas\">03 + CR<\/td>\r\n<td class=\"cremuneracao\">R$ 3.029,89 \/40h<\/td>\r\n<\/tr><td class=\"ccargos\">\r\n<span data-balloon-length=\"medium\" aria-label=\"\" data-balloon-pos=\"up\">T\u00e9cnico Laborat\u00f3rio - \u00c1rea Agropecu\u00e1ria<\/span><\/td>\r\n<td class=\"cvagas\">01 + CR<\/td>\r\n<td class=\"cremuneracao\">R$ 3.029,89 \/40h<\/td>\r\n<\/tr><td class=\"ccargos\">\r\n<span data-balloon-length=\"medium\" aria-label=\"\" data-balloon-pos=\"up\">T\u00e9cnico Laborat\u00f3rio - \u00c1rea F\u00edsica<\/span><\/td>\r\n<td class=\"cvagas\">01 + CR<\/td>\r\n<td class=\"cremuneracao\">R$ 3.029,89 \/40h<\/td>\r\n<\/tr><td class=\"ccargos\">\r\n<span data-balloon-length=\"medium\" aria-label=\"M\u00e9dio Profissionalizante na respectiva \u00e1rea ou M\u00e9dio Completo e Curso T\u00e9cnico na respectiva \u00e1rea.\" data-balloon-pos=\"up\">T\u00e9cnico Laborat\u00f3rio - \u00c1rea Inform\u00e1tica<\/span><\/td>\r\n<td class=\"cvagas\">01 + CR<\/td>\r\n<td class=\"cremuneracao\">R$ 3.029,89 \/40h<\/td>\r\n<\/tr><td class=\"ccargos\">\r\n<span data-balloon-length=\"medium\" aria-label=\"\" data-balloon-pos=\"up\">T\u00e9cnico Laborat\u00f3rio - \u00c1rea Mec\u00e2nica<\/span><\/td>\r\n<td class=\"cvagas\">01 + CR<\/td>\r\n<td class=\"cremuneracao\">R$ 3.029,89 \/40h<\/td>\r\n<\/tr><td class=\"ccargos\">\r\n<span data-balloon-length=\"medium\" aria-label=\"\" data-balloon-pos=\"up\">T\u00e9cnico Laborat\u00f3rio - \u00c1rea Qu\u00edmica<\/span><\/td>\r\n<td class=\"cvagas\">02 + CR<\/td>\r\n<td class=\"cremuneracao\">R$ 3.029,89 \/40h<\/td>\r\n<\/tr>\r\n    <\/tbody>\r\n  <\/table>\r\n<\/div>","_superior":"<div>\r\n<table class=\"quadro\">\r\n<thead>\r\n<tr>\r\n<th class=\"hcargo\">Cargo<\/th>\r\n<th class=\"hvagas\">Vagas<\/th>\r\n<th class=\"hremuneracao\">Remunera\u00e7\u00e3o<\/th>\r\n<\/tr>\r\n<\/thead>\r\n    <tbody>\r\n      <tr>\r\n<td class=\"ccargos\">\r\n<span data-balloon-length=\"medium\" aria-label=\"Curso Superior Completo em Administra\u00e7\u00e3o com registro no respectivo Conselho de Classe.\" data-balloon-pos=\"up\">Administrador<\/span><\/td>\r\n<td class=\"cvagas\">01 + CR<\/td>\r\n<td class=\"cremuneracao\">R$ 4.967,04 \/40h<\/td>\r\n<\/tr><tr>\r\n<td class=\"ccargos\">\r\n<span data-balloon-length=\"medium\" aria-label=\"Bacharelado ou Tecnol\u00f3gico Completo em cursos na \u00e1rea de Computa\u00e7\u00e3o ou Inform\u00e1tica.\" data-balloon-pos=\"up\">Analista de Tecnologia da Informa\u00e7\u00e3o<\/span><\/td>\r\n<td class=\"cvagas\">01 + CR<\/td>\r\n<td class=\"cremuneracao\">R$ 4.967,04 \/40h<\/td>\r\n<\/tr><tr>\r\n<td class=\"ccargos\">\r\n<span data-balloon-length=\"medium\" aria-label=\"Curso Superior Completo na \u00e1rea de Enfermagem.\" data-balloon-pos=\"up\">Enfermeiro<\/span><\/td>\r\n<td class=\"cvagas\">02 + CR<\/td>\r\n<td class=\"cremuneracao\">R$ 4.967,04 \/40h<\/td>\r\n<\/tr>\r\n    <\/tbody>\r\n  <\/table>\r\n<\/div>"},"_links":{"self":[{"href":"https:\/\/www.agrobase.com.br\/concursos\/wp-json\/wp\/v2\/posts\/267415","targetHints":{"allow":["GET"]}}],"collection":[{"href":"https:\/\/www.agrobase.com.br\/concursos\/wp-json\/wp\/v2\/posts"}],"about":[{"href":"https:\/\/www.agrobase.com.br\/concursos\/wp-json\/wp\/v2\/types\/post"}],"author":[{"embeddable":true,"href":"https:\/\/www.agrobase.com.br\/concursos\/wp-json\/wp\/v2\/users\/7"}],"replies":[{"embeddable":true,"href":"https:\/\/www.agrobase.com.br\/concursos\/wp-json\/wp\/v2\/comments?post=267415"}],"version-history":[{"count":7,"href":"https:\/\/www.agrobase.com.br\/concursos\/wp-json\/wp\/v2\/posts\/267415\/revisions"}],"predecessor-version":[{"id":268888,"href":"https:\/\/www.agrobase.com.br\/concursos\/wp-json\/wp\/v2\/posts\/267415\/revisions\/268888"}],"wp:featuredmedia":[{"embeddable":true,"href":"https:\/\/www.agrobase.com.br\/concursos\/wp-json\/wp\/v2\/media\/267431"}],"wp:attachment":[{"href":"https:\/\/www.agrobase.com.br\/concursos\/wp-json\/wp\/v2\/media?parent=267415"}],"wp:term":[{"taxonomy":"category","embeddable":true,"href":"https:\/\/www.agrobase.com.br\/concursos\/wp-json\/wp\/v2\/categories?post=267415"},{"taxonomy":"post_tag","embeddable":true,"href":"https:\/\/www.agrobase.com.br\/concursos\/wp-json\/wp\/v2\/tags?post=267415"},{"taxonomy":"_amplo","embeddable":true,"href":"https:\/\/www.agrobase.com.br\/concursos\/wp-json\/wp\/v2\/_amplo?post=267415"},{"taxonomy":"destaque","embeddable":true,"href":"https:\/\/www.agrobase.com.br\/concursos\/wp-json\/wp\/v2\/destaque?post=267415"},{"taxonomy":"instituicoes","embeddable":true,"href":"https:\/\/www.agrobase.com.br\/concursos\/wp-json\/wp\/v2\/instituicoes?post=267415"}],"curies":[{"name":"wp","href":"https:\/\/api.w.org\/{rel}","templated":true}]}}