{"id":267408,"date":"2025-07-18T07:10:23","date_gmt":"2025-07-18T10:10:23","guid":{"rendered":"https:\/\/www.agrobase.com.br\/concursos\/?p=267408"},"modified":"2025-07-17T11:08:08","modified_gmt":"2025-07-17T14:08:08","slug":"if-sertao-pe-pe-concurso-69-2025","status":"publish","type":"post","link":"https:\/\/www.agrobase.com.br\/concursos\/2025\/if-sertao-pe-pe-concurso-69-2025\/","title":{"rendered":"IF Sert\u00e3o-PE (PE) &#8211; Concurso 69\/2025"},"content":{"rendered":"<h2>Informa\u00e7\u00f5es Gerais<\/h2>\n<p>O Instituto Federal de Educa\u00e7\u00e3o, Ci\u00eancia e Tecnologia do Sert\u00e3o Pernambucano (IFSert\u00e3oPE) publicou o edital de seu Concurso P\u00fablico, regido pelo Processo SEI n\u00ba 23302.101598\/2024-30, destinado ao provimento de cargos efetivos e \u00e0 forma\u00e7\u00e3o de cadastro reserva para Professor da Carreira do Magist\u00e9rio do Ensino B\u00e1sico, T\u00e9cnico e Tecnol\u00f3gico (EBTT). As contrata\u00e7\u00f5es ocorrer\u00e3o sob o Regime Jur\u00eddico \u00danico dos Servidores P\u00fablicos Civis da Uni\u00e3o (Lei n\u00ba 8.112\/1990). Todas as oportunidades exigem n\u00edvel superior de escolaridade e s\u00e3o para diversas \u00e1reas do conhecimento. O certame \u00e9 organizado pela Funda\u00e7\u00e3o Universidade Empresa de Tecnologia e Ci\u00eancias (Fundatec).<\/p>\n<p>Este concurso oferece vagas em \u00e1reas como Administra\u00e7\u00e3o, Agroind\u00fastria, Arquitetura, Biotecnologia, Educa\u00e7\u00e3o F\u00edsica, Engenharias, Filosofia, F\u00edsica, Geografia, Hist\u00f3ria, Inform\u00e1tica, L\u00ednguas (Ingl\u00eas, Portugu\u00eas, Libras), Matem\u00e1tica, M\u00fasica, Pedagogia, Qu\u00edmica e Seguran\u00e7a do Trabalho. <strong>Destacamos as oportunidades para profissionais de Agronomia, Biologia e Agroind\u00fastria, esta \u00faltima abrangendo forma\u00e7\u00f5es em Engenharia de Alimentos e Nutri\u00e7\u00e3o.<\/strong><\/p>\n<h2>Inscri\u00e7\u00f5es<\/h2>\n<p>As inscri\u00e7\u00f5es para o Concurso P\u00fablico do IFSert\u00e3oPE estar\u00e3o abertas e dever\u00e3o ser realizadas exclusivamente pela internet. O per\u00edodo para se inscrever inicia em <strong>16 de junho de 2025<\/strong> e se encerra \u00e0s <strong>17h00 do dia <del datetime=\"2025-07-17T14:03:05+00:00\">14<\/del>18 de julho de 2025<\/strong> (hor\u00e1rio oficial de Bras\u00edlia).<\/p>\n<p>Para efetivar a inscri\u00e7\u00e3o, os candidatos devem acessar o site da banca organizadora, Fundatec, no endere\u00e7o eletr\u00f4nico <strong>www.fundatec.org.br<\/strong>. O valor da taxa de inscri\u00e7\u00e3o \u00e9 de R$ 200,00 (duzentos reais) para todos os cargos de Professor da Carreira do Magist\u00e9rio do Ensino B\u00e1sico, T\u00e9cnico e Tecnol\u00f3gico.<\/p>\n<p>\u00c9 imprescind\u00edvel o n\u00famero do Cadastro de Pessoa F\u00edsica (CPF) para realizar a inscri\u00e7\u00e3o. O boleto banc\u00e1rio ser\u00e1 gerado durante o processo de inscri\u00e7\u00e3o e o pagamento dever\u00e1 ser efetuado at\u00e9 a data de vencimento indicada no documento. A confirma\u00e7\u00e3o do pagamento poder\u00e1 ser consultada no site da Fundatec ap\u00f3s dois dias \u00fateis banc\u00e1rios. Os candidatos poder\u00e3o reimprimir o boleto, caso necess\u00e1rio, atentando-se ao prazo final de pagamento estipulado no cronograma.<\/p>\n<p>Os procedimentos e crit\u00e9rios para solicita\u00e7\u00e3o de isen\u00e7\u00e3o da taxa de inscri\u00e7\u00e3o, bem como as regras detalhadas para pagamento e acompanhamento do status da inscri\u00e7\u00e3o na \u00e1rea restrita do candidato, devem ser consultados integralmente no edital de abertura.<\/p>\n<h2>Etapas e Provas<\/h2>\n<p>O Concurso P\u00fablico do IFSert\u00e3oPE ser\u00e1 composto por tr\u00eas etapas principais, todas realizadas sob responsabilidade da Fundatec. Acompanhe os detalhes de cada uma:<\/p>\n<ul>\n<li><strong>Prova Te\u00f3rico-Objetiva:<\/strong> De car\u00e1ter eliminat\u00f3rio e classificat\u00f3rio, valendo at\u00e9 100 pontos. Ser\u00e1 composta por quest\u00f5es de m\u00faltipla escolha, elaboradas com base nos programas definidos no Anexo VI do edital. A dura\u00e7\u00e3o total da prova ser\u00e1 de 4 horas. O n\u00famero de quest\u00f5es, valor unit\u00e1rio e pontua\u00e7\u00e3o m\u00ednima para aprova\u00e7\u00e3o est\u00e3o detalhados no Anexo I do edital.<\/li>\n<li><strong>Prova de Desempenho Did\u00e1tico:<\/strong> De car\u00e1ter eliminat\u00f3rio e classificat\u00f3rio, valendo at\u00e9 100 pontos. Consistir\u00e1 na simula\u00e7\u00e3o de uma aula, com dura\u00e7\u00e3o entre 40 e 50 minutos, sobre um tema sorteado do conte\u00fado program\u00e1tico da \u00e1rea, seguida por at\u00e9 10 minutos de argui\u00e7\u00e3o pela Banca Examinadora. Ser\u00e3o convocados para esta etapa os candidatos mais bem classificados na Prova Te\u00f3rico-Objetiva que atingirem no m\u00ednimo 60 pontos e n\u00e3o zerarem nenhum componente. A aprova\u00e7\u00e3o exige nota igual ou superior a 60 pontos. O tema ser\u00e1 sorteado com anteced\u00eancia m\u00ednima de 36 horas. Candidatos das \u00e1reas de Libras realizar\u00e3o a prova em L\u00edngua Brasileira de Sinais.<\/li>\n<li><strong>Prova de T\u00edtulos:<\/strong> De car\u00e1ter classificat\u00f3rio, valendo at\u00e9 50 pontos. Participar\u00e3o desta etapa os candidatos convocados para a Prova de Desempenho Did\u00e1tico que n\u00e3o forem eliminados.<\/li>\n<\/ul>\n<h2>Resultados e Gabarito<\/h2>\n<p>A divulga\u00e7\u00e3o dos resultados do Concurso P\u00fablico do IFSert\u00e3oPE seguir\u00e1 um cronograma estabelecido pela Fundatec. Os gabaritos preliminares e definitivos da Prova Te\u00f3rico-Objetiva, assim como os resultados preliminares e finais de cada etapa (Prova Te\u00f3rico-Objetiva, Prova de Desempenho Did\u00e1tico e Prova de T\u00edtulos), ser\u00e3o publicados no site da banca organizadora (www.fundatec.org.br).<\/p>\n<p>Os crit\u00e9rios de classifica\u00e7\u00e3o e desempate entre os candidatos est\u00e3o detalhadamente descritos nos itens 11.1 e 11.2 do edital. Ap\u00f3s a conclus\u00e3o de todas as etapas e o julgamento de eventuais recursos, o resultado final do concurso ser\u00e1 homologado. A homologa\u00e7\u00e3o \u00e9 o ato administrativo que torna o resultado oficial e v\u00e1lido, sendo publicada no Di\u00e1rio Oficial da Uni\u00e3o (DOU) e divulgada nos sites do IFSert\u00e3oPE e da Fundatec.<\/p>\n<p>Os candidatos aprovados e classificados dentro do n\u00famero de vagas ofertadas dever\u00e3o acompanhar atentamente as publica\u00e7\u00f5es oficiais para a convoca\u00e7\u00e3o, que informar\u00e1 os procedimentos para nomea\u00e7\u00e3o e posse. As convoca\u00e7\u00f5es ser\u00e3o realizadas pelo IFSert\u00e3oPE, por meio de publica\u00e7\u00f5es em seu site oficial e no Di\u00e1rio Oficial da Uni\u00e3o.<\/p>\n<p>\u00c9 de responsabilidade exclusiva do candidato acompanhar todas as publica\u00e7\u00f5es oficiais referentes ao concurso, incluindo editais de convoca\u00e7\u00e3o, comunicados e resultados, no site da banca organizadora (Fundatec), no site do IFSert\u00e3oPE e no Di\u00e1rio Oficial da Uni\u00e3o.<\/p>\n","protected":false},"excerpt":{"rendered":"<p>Concurso IF Sert\u00e3o-PE com edital publicado! Vagas p\/ Professor\/Administra\u00e7\u00e3o (Superior). Inscri\u00e7\u00f5es a partir de 16\/06. Sal\u00e1rios at\u00e9 R$ 13.2k. Confira detalhes!<\/p>\n","protected":false},"author":7,"featured_media":267429,"comment_status":"open","ping_status":"open","sticky":false,"template":"","format":"standard","meta":{"_acf_changed":false,"_breakdance_hide_in_design_set":false,"_breakdance_tags":"","footnotes":""},"categories":[3,4,5,6,8,141,11,95,13,79,103,152,112,122,111,100,20,6871,116,119,23,25,27],"tags":[54],"_amplo":[],"destaque":[],"instituicoes":[],"class_list":["post-267408","post","type-post","status-publish","format-standard","has-post-thumbnail","hentry","category-administracao","category-agronomia","category-arquitetura","category-biologia","category-biotecnologia","category-educacao-artistica","category-educacao-fisica","category-engenharia-agricola","category-engenharia-ambiental","category-engenharia-alimentos","category-engenharia-eletrica","category-engenharia-seguranca-trabalho","category-filosofia","category-fisica","category-geografia","category-historia","category-letras","category-letras-ingles","category-matematica","category-musica","category-nutricao","category-pedagogia","category-quimica","tag-pernambuco"],"acf":{"_tipo_vagas":"vagas","_numero_vagas":"","_quadro_vagas":"","_cargos":"diversos","_cargos_especificos":"","_salario_max":"R$ 13288.85","_abertura":"20250616","_encerramento":"20250714","_inscricoes":"https:\/\/www.fundatec.org.br","_executora_concurso":"","_instituicao_concurso":[],"_link_adicional":null,"_anexos":[{"_arquivo_anexo":268889,"_titulo_anexo":"Edital de Retifica\u00e7\u00e3o"}],"_produtos":null,"_vagas":"51 vagas + CR","_salario_min":"R$ 6180.86","_instituicao":"Instituto Federal de Educa\u00e7\u00e3o, Ci\u00eancia e Tecnologia do Sert\u00e3o Pernambucano","_edital":"https:\/\/www.agrobase.com.br\/concursos\/wp-content\/uploads\/sites\/4\/2025\/06\/edital-69-2025-if-sertao-pernambucano.pdf","_anexos_edital":"https:\/\/www.agrobase.com.br\/concursos\/wp-content\/uploads\/sites\/4\/2025\/06\/anexos-edital-69-2025-if-sertao-pernambucano.pdf","_fund_incompleto":"","_fund_completo":"","_medio":"","_superior":"<div>\r\n<table class=\"quadro\">\r\n<thead>\r\n<tr>\r\n<th class=\"hcargo\">Cargo<\/th>\r\n<th class=\"hvagas\">Vagas<\/th>\r\n<th class=\"hremuneracao\">Remunera\u00e7\u00e3o<\/th>\r\n<\/tr>\r\n<\/thead>\r\n    <tbody>\r\n      <tr>\r\n<td class=\"ccargos\">\r\n<span data-balloon-length=\"medium\" aria-label=\"Gradua\u00e7\u00e3o em Administra\u00e7\u00e3o.\" data-balloon-pos=\"up\">Administra\u00e7\u00e3o<\/span><\/td>\r\n<td class=\"cvagas\">01+CR<\/td>\r\n<td class=\"cremuneracao\">R$ 6.180,86 \/40h<\/td>\r\n<\/tr><tr>\r\n<td class=\"ccargos\">\r\n<span data-balloon-length=\"medium\" aria-label=\"Gradua\u00e7\u00e3o em Ci\u00eancia dos Alimentos ou Engenharia de Alimentos ou Nutri\u00e7\u00e3o ou Tecnologia em Gastronomia ou Tecnologia em Agroind\u00fastria ou Tecnologia em Alimentos.\" data-balloon-pos=\"up\">Agroind\u00fastria<\/span><\/td>\r\n<td class=\"cvagas\">01+CR<\/td>\r\n<td class=\"cremuneracao\">R$ 6.180,86 \/40h<\/td>\r\n<\/tr><tr>\r\n<td class=\"ccargos\">\r\n<span data-balloon-length=\"medium\" aria-label=\"Gradua\u00e7\u00e3o em Agronomia ou Engenharia Agron\u00f4mica ou Engenharia Agr\u00edcola e Ambiental ou Tecnologia em Horticultura ou Ci\u00eancias Agr\u00edcolas ou Ci\u00eancias Agr\u00e1rias.\" data-balloon-pos=\"up\">Agronomia<\/span><\/td>\r\n<td class=\"cvagas\">03+CR<\/td>\r\n<td class=\"cremuneracao\">R$ 6.180,86 \/40h<\/td>\r\n<\/tr><tr>\r\n<td class=\"ccargos\">\r\n<span data-balloon-length=\"medium\" aria-label=\"Gradua\u00e7\u00e3o em Arquitetura ou Arquitetura e Urbanismo.\" data-balloon-pos=\"up\">Arquitetura<\/span><\/td>\r\n<td class=\"cvagas\">01+CR<\/td>\r\n<td class=\"cremuneracao\">R$ 6.180,86 \/40h<\/td>\r\n<\/tr><tr>\r\n<td class=\"ccargos\">\r\n<span data-balloon-length=\"medium\" aria-label=\"Gradua\u00e7\u00e3o em Ci\u00eancias Biol\u00f3gicas ou Biologia.\" data-balloon-pos=\"up\">Biologia<\/span><\/td>\r\n<td class=\"cvagas\">01+CR<\/td>\r\n<td class=\"cremuneracao\">R$ 6.180,86 \/40h<\/td>\r\n<\/tr><tr>\r\n<td class=\"ccargos\">\r\n<span data-balloon-length=\"medium\" aria-label=\"Gradua\u00e7\u00e3o em Biotecnologia ou Bioprocessos e Biotecnologia ou Ci\u00eancias Biol\u00f3gicas ou Engenharia de Bioprocessos e Biotecnologia ou Engenharia de Bioprocessos.\" data-balloon-pos=\"up\">Biotecnologia<\/span><\/td>\r\n<td class=\"cvagas\">01+CR<\/td>\r\n<td class=\"cremuneracao\">R$ 6.180,86 \/40h<\/td>\r\n<\/tr><tr>\r\n<td class=\"ccargos\">\r\n<span data-balloon-length=\"medium\" aria-label=\"Gradua\u00e7\u00e3o em Educa\u00e7\u00e3o F\u00edsica.\" data-balloon-pos=\"up\">Educa\u00e7\u00e3o F\u00edsica<\/span><\/td>\r\n<td class=\"cvagas\">01+CR<\/td>\r\n<td class=\"cremuneracao\">R$ 6.180,86 \/40h<\/td>\r\n<\/tr><tr>\r\n<td class=\"ccargos\">\r\n<span data-balloon-length=\"medium\" aria-label=\"Gradua\u00e7\u00e3o em Engenharia El\u00e9trica com especializa\u00e7\u00e3o em Seguran\u00e7a do Trabalho.\" data-balloon-pos=\"up\">Engenharia El\u00e9trica com \u00eanfase em Seguran\u00e7a do Trabalho<\/span><\/td>\r\n<td class=\"cvagas\">01+CR<\/td>\r\n<td class=\"cremuneracao\">R$ 6.180,86 \/40h<\/td>\r\n<\/tr><tr>\r\n<td class=\"ccargos\">\r\n<span data-balloon-length=\"medium\" aria-label=\"Gradua\u00e7\u00e3o em cursos na \u00e1rea de Viticultura e Enologia.\" data-balloon-pos=\"up\">Enologia<\/span><\/td>\r\n<td class=\"cvagas\">01+CR<\/td>\r\n<td class=\"cremuneracao\">R$ 6.180,86 \/40h<\/td>\r\n<\/tr><tr>\r\n<td class=\"ccargos\">\r\n<span data-balloon-length=\"medium\" aria-label=\"Gradua\u00e7\u00e3o em Filosofia.\" data-balloon-pos=\"up\">Filosofia<\/span><\/td>\r\n<td class=\"cvagas\">02+CR<\/td>\r\n<td class=\"cremuneracao\">R$ 6.180,86 \/40h<\/td>\r\n<\/tr><tr>\r\n<td class=\"ccargos\">\r\n<span data-balloon-length=\"medium\" aria-label=\"Gradua\u00e7\u00e3o em F\u00edsica.\" data-balloon-pos=\"up\">F\u00edsica<\/span><\/td>\r\n<td class=\"cvagas\">05+CR<\/td>\r\n<td class=\"cremuneracao\">R$ 6.180,86 \/40h<\/td>\r\n<\/tr><tr>\r\n<td class=\"ccargos\">\r\n<span data-balloon-length=\"medium\" aria-label=\"Gradua\u00e7\u00e3o em Geografia.\" data-balloon-pos=\"up\">Geografia<\/span><\/td>\r\n<td class=\"cvagas\">01+CR<\/td>\r\n<td class=\"cremuneracao\">R$ 6.180,86 \/40h<\/td>\r\n<\/tr><tr>\r\n<td class=\"ccargos\">\r\n<span data-balloon-length=\"medium\" aria-label=\"Gradua\u00e7\u00e3o em Hist\u00f3ria.\" data-balloon-pos=\"up\">Hist\u00f3ria<\/span><\/td>\r\n<td class=\"cvagas\">01+CR<\/td>\r\n<td class=\"cremuneracao\">R$ 6.180,86 \/40h<\/td>\r\n<\/tr><tr>\r\n<td class=\"ccargos\">\r\n<span data-balloon-length=\"medium\" aria-label=\"Gradua\u00e7\u00e3o em cursos na \u00e1rea Tecnologia da Informa\u00e7\u00e3o.\" data-balloon-pos=\"up\">Inform\u00e1tica<\/span><\/td>\r\n<td class=\"cvagas\">04+CR<\/td>\r\n<td class=\"cremuneracao\">R$ 6.180,86 \/40h<\/td>\r\n<\/tr><tr>\r\n<td class=\"ccargos\">\r\n<span data-balloon-length=\"medium\" aria-label=\"Gradua\u00e7\u00e3o em L\u00edngua Inglesa ou em Letras com Habilita\u00e7\u00e3o em L\u00edngua Portuguesa e L\u00edngua Inglesa ou em Letras com habilita\u00e7\u00e3o em L\u00edngua Inglesa.\" data-balloon-pos=\"up\">Ingl\u00eas<\/span><\/td>\r\n<td class=\"cvagas\">04+CR<\/td>\r\n<td class=\"cremuneracao\">R$ 6.180,86 \/40h<\/td>\r\n<\/tr><tr>\r\n<td class=\"ccargos\">\r\n<span data-balloon-length=\"medium\" aria-label=\"Gradua\u00e7\u00e3o em Libras ou Letras-Libras.\" data-balloon-pos=\"up\">Libras<\/span><\/td>\r\n<td class=\"cvagas\">01+CR<\/td>\r\n<td class=\"cremuneracao\">R$ 6.180,86 \/40h<\/td>\r\n<\/tr><tr>\r\n<td class=\"ccargos\">\r\n<span data-balloon-length=\"medium\" aria-label=\"Gradua\u00e7\u00e3o em Matem\u00e1tica ou Ci\u00eancias com habilita\u00e7\u00e3o em Matem\u00e1tica.\" data-balloon-pos=\"up\">Matem\u00e1tica<\/span><\/td>\r\n<td class=\"cvagas\">11+CR<\/td>\r\n<td class=\"cremuneracao\">R$ 6.180,86 \/40h<\/td>\r\n<\/tr><tr>\r\n<td class=\"ccargos\">\r\n<span data-balloon-length=\"medium\" aria-label=\"Gradua\u00e7\u00e3o em M\u00fasica ou em Educa\u00e7\u00e3o Art\u00edstica com habilita\u00e7\u00e3o em M\u00fasica ou em Educa\u00e7\u00e3o Musical.\" data-balloon-pos=\"up\">M\u00fasica com \u00eanfase em Educa\u00e7\u00e3o Musical e Cordas Friccionadas<\/span><\/td>\r\n<td class=\"cvagas\">01+CR<\/td>\r\n<td class=\"cremuneracao\">R$ 6.180,86 \/40h<\/td>\r\n<\/tr><tr>\r\n<td class=\"ccargos\">\r\n<span data-balloon-length=\"medium\" aria-label=\"Gradua\u00e7\u00e3o em Pedagogia.\" data-balloon-pos=\"up\">Pedagogia<\/span><\/td>\r\n<td class=\"cvagas\">01+CR<\/td>\r\n<td class=\"cremuneracao\">R$ 6.180,86 \/40h<\/td>\r\n<\/tr><tr>\r\n<td class=\"ccargos\">\r\n<span data-balloon-length=\"medium\" aria-label=\"Gradua\u00e7\u00e3o em Libras ou Letras-Libras ou em Pedagogia mais certificado de conclus\u00e3o de curso de Especializa\u00e7\u00e3o em L\u00edngua Brasileira de Sinais (carga hor\u00e1ria m\u00ednima de 360 horas)\" data-balloon-pos=\"up\">Libras com \u00eanfase em Pedagogia<\/span><\/td>\r\n<td class=\"cvagas\">01+CR<\/td>\r\n<td class=\"cremuneracao\">R$ 6.180,86 \/40h<\/td>\r\n<\/tr><tr>\r\n<td class=\"ccargos\">\r\n<span data-balloon-length=\"medium\" aria-label=\"Gradua\u00e7\u00e3o em Letras com habilita\u00e7\u00e3o em L\u00edngua Portuguesa.\" data-balloon-pos=\"up\">Portugu\u00eas<\/span><\/td>\r\n<td class=\"cvagas\">03+CR<\/td>\r\n<td class=\"cremuneracao\">R$ 6.180,86 \/40h<\/td>\r\n<\/tr><tr>\r\n<td class=\"ccargos\">\r\n<span data-balloon-length=\"medium\" aria-label=\"Gradua\u00e7\u00e3o em Qu\u00edmica.\" data-balloon-pos=\"up\">Qu\u00edmica<\/span><\/td>\r\n<td class=\"cvagas\">01+CR<\/td>\r\n<td class=\"cremuneracao\">R$ 6.180,86 \/40h<\/td>\r\n<\/tr><tr>\r\n<td class=\"ccargos\">\r\n<span data-balloon-length=\"medium\" aria-label=\"Gradua\u00e7\u00e3o na \u00e1rea de Seguran\u00e7a do Trabalho ou qualquer Engenharia com especializa\u00e7\u00e3o em Seguran\u00e7a do Trabalho.\" data-balloon-pos=\"up\">Seguran\u00e7a do Trabalho<\/span><\/td>\r\n<td class=\"cvagas\">01+CR<\/td>\r\n<td class=\"cremuneracao\">R$ 6.180,86 \/40h<\/td>\r\n<\/tr>\r\n    <\/tbody>\r\n  <\/table>\r\n<\/div>"},"_links":{"self":[{"href":"https:\/\/www.agrobase.com.br\/concursos\/wp-json\/wp\/v2\/posts\/267408","targetHints":{"allow":["GET"]}}],"collection":[{"href":"https:\/\/www.agrobase.com.br\/concursos\/wp-json\/wp\/v2\/posts"}],"about":[{"href":"https:\/\/www.agrobase.com.br\/concursos\/wp-json\/wp\/v2\/types\/post"}],"author":[{"embeddable":true,"href":"https:\/\/www.agrobase.com.br\/concursos\/wp-json\/wp\/v2\/users\/7"}],"replies":[{"embeddable":true,"href":"https:\/\/www.agrobase.com.br\/concursos\/wp-json\/wp\/v2\/comments?post=267408"}],"version-history":[{"count":5,"href":"https:\/\/www.agrobase.com.br\/concursos\/wp-json\/wp\/v2\/posts\/267408\/revisions"}],"predecessor-version":[{"id":268891,"href":"https:\/\/www.agrobase.com.br\/concursos\/wp-json\/wp\/v2\/posts\/267408\/revisions\/268891"}],"wp:featuredmedia":[{"embeddable":true,"href":"https:\/\/www.agrobase.com.br\/concursos\/wp-json\/wp\/v2\/media\/267429"}],"wp:attachment":[{"href":"https:\/\/www.agrobase.com.br\/concursos\/wp-json\/wp\/v2\/media?parent=267408"}],"wp:term":[{"taxonomy":"category","embeddable":true,"href":"https:\/\/www.agrobase.com.br\/concursos\/wp-json\/wp\/v2\/categories?post=267408"},{"taxonomy":"post_tag","embeddable":true,"href":"https:\/\/www.agrobase.com.br\/concursos\/wp-json\/wp\/v2\/tags?post=267408"},{"taxonomy":"_amplo","embeddable":true,"href":"https:\/\/www.agrobase.com.br\/concursos\/wp-json\/wp\/v2\/_amplo?post=267408"},{"taxonomy":"destaque","embeddable":true,"href":"https:\/\/www.agrobase.com.br\/concursos\/wp-json\/wp\/v2\/destaque?post=267408"},{"taxonomy":"instituicoes","embeddable":true,"href":"https:\/\/www.agrobase.com.br\/concursos\/wp-json\/wp\/v2\/instituicoes?post=267408"}],"curies":[{"name":"wp","href":"https:\/\/api.w.org\/{rel}","templated":true}]}}