{"id":267358,"date":"2025-07-14T07:00:02","date_gmt":"2025-07-14T10:00:02","guid":{"rendered":"https:\/\/www.agrobase.com.br\/concursos\/?p=267358"},"modified":"2025-07-11T11:39:24","modified_gmt":"2025-07-11T14:39:24","slug":"prefeitura-braco-do-norte-sc-selecao-publica-052-2025","status":"publish","type":"post","link":"https:\/\/www.agrobase.com.br\/concursos\/2025\/prefeitura-braco-do-norte-sc-selecao-publica-052-2025\/","title":{"rendered":"Prefeitura Bra\u00e7o do Norte (SC) &#8211; Sele\u00e7\u00e3o P\u00fablica 01\/2025 [prorrogado]"},"content":{"rendered":"<h2>Informa\u00e7\u00f5es Gerais<\/h2>\n<p>A Prefeitura Municipal de Bra\u00e7o do Norte, em Santa Catarina, publicou o edital para seu Processo Seletivo destinado \u00e0 forma\u00e7\u00e3o de cadastro de reserva para eventual contrata\u00e7\u00e3o de servidores tempor\u00e1rios. O certame \u00e9 organizado pelo Instituto de Estudos, Pesquisa e Projetos &#8211; Instituto Fucap. Com o edital j\u00e1 divulgado, as inscri\u00e7\u00f5es se iniciam em breve, representando uma oportunidade para profissionais de diversos n\u00edveis de escolaridade.<\/p>\n<p>Este processo seletivo visa selecionar candidatos para futuras vagas tempor\u00e1rias, regidas por contrato administrativo conforme o inciso IX do art. 37 da Constitui\u00e7\u00e3o Federal. As oportunidades abrangem os n\u00edveis Fundamental (completo e incompleto), M\u00e9dio\/T\u00e9cnico e Superior. H\u00e1 vagas previstas em \u00e1reas como Sa\u00fade (incluindo m\u00e9dicos, enfermeiros, farmac\u00eauticos, fisioterapeutas, psic\u00f3logos), Assist\u00eancia Social, Administra\u00e7\u00e3o, Fiscaliza\u00e7\u00e3o, Operacional e Educa\u00e7\u00e3o.<\/p>\n<p><strong>Especialmente para os profissionais das \u00e1reas de Ci\u00eancias Agr\u00e1rias e Sa\u00fade, destacam-se oportunidades para M\u00e9dico Veterin\u00e1rio e Nutricionista, al\u00e9m de Engenheiro Sanitarista (com forma\u00e7\u00e3o em engenharia sanit\u00e1ria e ambiental).<\/strong><\/p>\n<h2>Inscri\u00e7\u00f5es<\/h2>\n<p>As inscri\u00e7\u00f5es para o Processo Seletivo da Prefeitura de Bra\u00e7o do Norte &#8211; SC estar\u00e3o abertas a partir do dia <strong>12 de junho de 2025 e se encerram no dia <del datetime=\"2025-07-11T14:31:46+00:00\">10<\/del>17 de julho de 2025<\/strong>. Todo o processo de inscri\u00e7\u00e3o ser\u00e1 realizado exclusivamente online, atrav\u00e9s do site oficial do Instituto Fucap: <a href=\"https:\/\/www.institutofucap.org.br\/concursos\/\" target=\"_blank\" rel=\"noopener noreferrer\">https:\/\/www.institutofucap.org.br\/concursos\/<\/a>.<\/p>\n<p>Os valores das taxas de inscri\u00e7\u00e3o s\u00e3o definidos de acordo com o n\u00edvel de escolaridade do cargo pretendido:<\/p>\n<ul>\n<li>N\u00edvel Superior: R$ 100,00<\/li>\n<li>N\u00edvel M\u00e9dio\/T\u00e9cnico: R$ 80,00<\/li>\n<li>N\u00edvel Fundamental: R$ 60,00<\/li>\n<\/ul>\n<p>Para se inscrever, o candidato dever\u00e1 preencher o formul\u00e1rio de inscri\u00e7\u00e3o no site da banca e, em seguida, imprimir o boleto banc\u00e1rio para pagamento da taxa. O pagamento poder\u00e1 ser efetuado em qualquer ag\u00eancia banc\u00e1ria, posto de autoatendimento ou via home banking, respeitando o prazo de vencimento impresso no boleto e o hor\u00e1rio limite para transa\u00e7\u00f5es do estabelecimento. \u00c9 importante ressaltar que o boleto deve ser quitado dentro do per\u00edodo de inscri\u00e7\u00e3o. A confirma\u00e7\u00e3o da inscri\u00e7\u00e3o ocorrer\u00e1 ap\u00f3s a certifica\u00e7\u00e3o do pagamento pela institui\u00e7\u00e3o financeira. Caso o pagamento seja efetuado e a inscri\u00e7\u00e3o conste como indeferida, o candidato dever\u00e1 protocolar recurso administrativo conforme prazos do edital, anexando o comprovante. O valor da inscri\u00e7\u00e3o, uma vez pago, n\u00e3o ser\u00e1 restitu\u00eddo, salvo em caso de cancelamento do Processo Seletivo.<\/p>\n<h2>Etapas e Provas<\/h2>\n<p>O Processo Seletivo da Prefeitura de Bra\u00e7o do Norte-SC ser\u00e1 composto por diferentes etapas, variando conforme o cargo pretendido:<\/p>\n<ul>\n<li><strong>Para todos os cargos:<\/strong>\n<ul>\n<li>Prova Objetiva: de car\u00e1ter eliminat\u00f3rio e classificat\u00f3rio.<\/li>\n<\/ul>\n<\/li>\n<li><strong>Para os cargos de Agente Motorista (todos), Agente Patroleiro Operador de M\u00e1quinas Pesadas, Agente Operador de Trator Agr\u00edcola, Agente Pedreiro\/Carpinteiro &#8211; Obras:<\/strong>\n<ul>\n<li>Prova Objetiva: de car\u00e1ter eliminat\u00f3rio e classificat\u00f3rio.<\/li>\n<li>Prova de Aptid\u00e3o Pr\u00e1tica: de car\u00e1ter eliminat\u00f3rio.<\/li>\n<\/ul>\n<\/li>\n<li><strong>Para os demais cargos de n\u00edvel fundamental, m\u00e9dio e t\u00e9cnico (que n\u00e3o possuem prova pr\u00e1tica):<\/strong>\n<ul>\n<li>Prova Objetiva: de car\u00e1ter eliminat\u00f3rio e classificat\u00f3rio.<\/li>\n<\/ul>\n<\/li>\n<li><strong>Para os cargos de n\u00edvel superior:<\/strong>\n<ul>\n<li>Prova Objetiva: de car\u00e1ter eliminat\u00f3rio e classificat\u00f3rio.<\/li>\n<li>Prova de Avalia\u00e7\u00e3o de T\u00edtulos: de car\u00e1ter classificat\u00f3rio.<\/li>\n<\/ul>\n<\/li>\n<\/ul>\n<p>A <strong>Prova Objetiva<\/strong>, prevista para <strong>20 de julho de 2025<\/strong>, consistir\u00e1 em quest\u00f5es de m\u00faltipla escolha com 5 alternativas cada, sendo apenas uma correta. A dura\u00e7\u00e3o ser\u00e1 de 2 horas e 30 minutos. Para ser classificado, o candidato dever\u00e1 obter nota m\u00ednima de 4,0 pontos. As disciplinas cobradas ser\u00e3o:<\/p>\n<ul>\n<li><em>Para cargos de N\u00edvel Superior e M\u00e9dio\/T\u00e9cnico:<\/em> L\u00edngua Portuguesa (10 quest\u00f5es), Legisla\u00e7\u00e3o (5 quest\u00f5es) e Conhecimentos Espec\u00edficos da \u00c1rea\/Disciplina (10 quest\u00f5es).<\/li>\n<li><em>Para cargos de N\u00edvel Fundamental:<\/em> L\u00edngua Portuguesa (5 quest\u00f5es), Legisla\u00e7\u00e3o (10 quest\u00f5es) e Conhecimentos Espec\u00edficos da \u00c1rea\/Disciplina (10 quest\u00f5es).<\/li>\n<\/ul>\n<p>A prova objetiva ser\u00e1 aplicada em <strong>27 de julho de 2025<\/strong>.<\/p>\n<p>A <strong>Prova de Aptid\u00e3o Pr\u00e1tica<\/strong>, agendada para <strong><del datetime=\"2025-07-11T14:31:46+00:00\">17<\/del>24 de agosto de 2025<\/strong>, avaliar\u00e1 os conhecimentos pr\u00e1ticos dos candidatos para os cargos espec\u00edficos. \u00c9 obrigat\u00f3ria a apresenta\u00e7\u00e3o de CNH v\u00e1lida e na categoria exigida para o cargo.<\/p>\n<h2>Resultados e Gabarito<\/h2>\n<p>A divulga\u00e7\u00e3o dos resultados do Processo Seletivo da Prefeitura de Bra\u00e7o do Norte-SC seguir\u00e1 um cronograma espec\u00edfico. O <strong>gabarito preliminar<\/strong> da Prova Objetiva est\u00e1 previsto para ser divulgado em <del datetime=\"2025-07-11T14:31:46+00:00\">21 de julho de 2025<\/del><strong>28 de julho de 2025<\/strong>. Ap\u00f3s a an\u00e1lise de eventuais recursos, o gabarito definitivo ser\u00e1 publicado.<\/p>\n<p>Os resultados preliminares seguir\u00e3o as seguintes datas:<\/p>\n<ul>\n<li>Resultado preliminar da Avalia\u00e7\u00e3o Escrita Objetiva e da Avalia\u00e7\u00e3o de T\u00edtulos: <strong><del datetime=\"2025-07-11T14:31:46+00:00\">12<\/del>19 de agosto de 2025<\/strong>.<\/li>\n<li>Resultado final da Avalia\u00e7\u00e3o Escrita Objetiva e da Avalia\u00e7\u00e3o de T\u00edtulos: <strong><del datetime=\"2025-07-11T14:31:46+00:00\">14<\/del>21 de agosto de 2025<\/strong>.<\/li>\n<li>Divulga\u00e7\u00e3o dos candidatos classificados, hor\u00e1rios e local para a Avalia\u00e7\u00e3o de Aptid\u00e3o Pr\u00e1tica: <strong><del datetime=\"2025-07-11T14:31:46+00:00\">15<\/del>22 de agosto de 2025<\/strong>.<\/li>\n<li>Resultado preliminar da Avalia\u00e7\u00e3o de Aptid\u00e3o Pr\u00e1tica: <strong><del datetime=\"2025-07-11T14:31:46+00:00\">19<\/del>26 de agosto de 2025<\/strong>.<\/li>\n<\/ul>\n<p>O <strong>resultado definitivo do Processo Seletivo<\/strong> e a <strong>homologa\u00e7\u00e3o<\/strong> est\u00e3o previstos para <strong><del datetime=\"2025-07-11T14:31:46+00:00\">22<\/del>29 de agosto de 2025<\/strong>. A homologa\u00e7\u00e3o torna p\u00fablicos os resultados finais e a classifica\u00e7\u00e3o dos candidatos aprovados.<\/p>\n<p>A classifica\u00e7\u00e3o final dos candidatos ser\u00e1 obtida pela somat\u00f3ria da nota da prova objetiva e, para os cargos de n\u00edvel superior, da pontua\u00e7\u00e3o da avalia\u00e7\u00e3o de t\u00edtulos. Em caso de empate, os crit\u00e9rios de desempate seguir\u00e3o a ordem: idade igual ou superior a 60 anos, maior n\u00famero de acertos em conhecimentos espec\u00edficos, maior n\u00famero de acertos em conhecimentos gerais, maior idade, e exerc\u00edcio da fun\u00e7\u00e3o de jurado.<\/p>\n<p>A convoca\u00e7\u00e3o dos candidatos aprovados, conforme a necessidade da administra\u00e7\u00e3o municipal e a ordem de classifica\u00e7\u00e3o, ser\u00e1 realizada via WhatsApp e\/ou e-mail informados no ato da inscri\u00e7\u00e3o. \u00c9 crucial que os candidatos mantenham seus dados de contato atualizados.<\/p>\n<p>\u00c9 de responsabilidade exclusiva do candidato acompanhar todas as publica\u00e7\u00f5es oficiais referentes ao certame no site do Instituto Fucap (<a href=\"https:\/\/www.institutofucap.org.br\/concursos\/\" target=\"_blank\" rel=\"noopener noreferrer\">https:\/\/www.institutofucap.org.br\/concursos\/<\/a>) e no site da Prefeitura de Bra\u00e7o do Norte (<a href=\"https:\/\/www.bracodonorte.sc.gov.br\/\" target=\"_blank\" rel=\"noopener noreferrer\">https:\/\/www.bracodonorte.sc.gov.br\/<\/a>).<\/p>\n","protected":false},"excerpt":{"rendered":"<p>Processo Seletivo Pref. Bra\u00e7o do Norte (SC) com edital publicado! Vagas p\/ M\u00e9dico e Agente (Fund. a Sup.). Inscri\u00e7\u00f5es a partir de 12\/06. Confira detalhes!<\/p>\n","protected":false},"author":7,"featured_media":267357,"comment_status":"open","ping_status":"open","sticky":false,"template":"","format":"standard","meta":{"_acf_changed":false,"_breakdance_hide_in_design_set":false,"_breakdance_tags":"","footnotes":""},"categories":[5,94,106,9,12,13,14,16,17,18,19,21,22,23,24,25,26,101,118,128,108,143,134],"tags":[61],"_amplo":[],"destaque":[],"instituicoes":[],"class_list":["post-267358","post","type-post","status-publish","format-standard","has-post-thumbnail","hentry","category-arquitetura","category-biblioteconomia","category-bioquimica","category-ciencias-contabeis","category-enfermagem","category-engenharia-ambiental","category-engenharia","category-engenharia-sanitaria","category-farmacia","category-fisioterapia","category-fonoaudiologia","category-medicina","category-veterinaria","category-nutricao","category-odontologia","category-pedagogia","category-psicologia","category-servico-social","category-sociologia","category-tecnico-em-contabilidade","category-tecnico-enfermagem","category-tecnico-odontologia","category-terapia-ocupacional","tag-santa-catarina"],"acf":{"_tipo_vagas":"vagas","_numero_vagas":"","_quadro_vagas":"","_cargos":"diversos","_cargos_especificos":"","_salario_max":"R$ 14348.61","_abertura":"20250612","_encerramento":"20250717","_inscricoes":"https:\/\/www.institutofucap.org.br\/concursos\/","_executora_concurso":"","_instituicao_concurso":[],"_link_adicional":null,"_anexos":[{"_arquivo_anexo":268654,"_titulo_anexo":"Edital de Prorroga\u00e7\u00e3o"}],"_produtos":null,"_vagas":"CR","_salario_min":"R$ 1535.7","_instituicao":"Prefeitura Municipal de Bra\u00e7o do Norte","_edital":"https:\/\/www.agrobase.com.br\/concursos\/wp-content\/uploads\/sites\/4\/2025\/06\/edital-01-2025-braco-do-norte-sc.pdf","_anexos_edital":"https:\/\/www.agrobase.com.br\/concursos\/wp-content\/uploads\/sites\/4\/2025\/06\/anexos-edital-01-2025-braco-do-norte-sc.pdf","_fund_incompleto":"<div>\r\n<table class=\"quadro\">\r\n<thead>\r\n<tr>\r\n<th class=\"hcargo\">Cargo<\/th>\r\n<th class=\"hvagas\">Vagas<\/th>\r\n<th class=\"hremuneracao\">Remunera\u00e7\u00e3o<\/th>\r\n<\/tr>\r\n<\/thead>\r\n    <tbody>\r\n      <td class=\"ccargos\">\r\n<span data-balloon-length=\"medium\" aria-label=\"Alfabetizado.\" data-balloon-pos=\"up\">Auxiliar de Servi\u00e7os Diversos<\/span><\/td>\r\n<td class=\"cvagas\">CR<\/td>\r\n<td class=\"cremuneracao\">R$ 2.183,77 \/44h<\/td>\r\n<\/tr><td class=\"ccargos\">\r\n<span data-balloon-length=\"medium\" aria-label=\"Alfabetizado.\" data-balloon-pos=\"up\">Auxiliar de Servi\u00e7os Gerais<\/span><\/td>\r\n<td class=\"cvagas\">CR<\/td>\r\n<td class=\"cremuneracao\">R$ 1.548,57 \/30h<\/td>\r\n<\/tr>\r\n    <\/tbody>\r\n  <\/table>\r\n<\/div>","_fund_completo":"<div>\r\n<table class=\"quadro\">\r\n<thead>\r\n<tr>\r\n<th class=\"hcargo\">Cargo<\/th>\r\n<th class=\"hvagas\">Vagas<\/th>\r\n<th class=\"hremuneracao\">Remunera\u00e7\u00e3o<\/th>\r\n<\/tr>\r\n<\/thead>\r\n    <tbody>\r\n      <td class=\"ccargos\">\r\n<span data-balloon-length=\"medium\" aria-label=\"Certificado de conclus\u00e3o do ensino fundamental.\" data-balloon-pos=\"up\">Ag. Assen. Tubos con. Dren. Canaliz. Esgoto- obras<\/span><\/td>\r\n<td class=\"cvagas\">CR<\/td>\r\n<td class=\"cremuneracao\">R$ 1.808,21 \/44h<\/td>\r\n<\/tr><td class=\"ccargos\">\r\n<span data-balloon-length=\"medium\" aria-label=\"Certificado de conclus\u00e3o do ensino fundamental e comprovante de 1 (um) ano de experi\u00eancia\" data-balloon-pos=\"up\">Ag. Geral bor., lavador e lub. De ve\u00edculos - obras<\/span><\/td>\r\n<td class=\"cvagas\">CR<\/td>\r\n<td class=\"cremuneracao\">R$ 2.474,50 \/44h<\/td>\r\n<\/tr><td class=\"ccargos\">\r\n<span data-balloon-length=\"medium\" aria-label=\"Certificado de conclus\u00e3o do ensino fundamental.\" data-balloon-pos=\"up\">Agente instrutor confec\u00e7\u00e3o artesanato<\/span><\/td>\r\n<td class=\"cvagas\">CR<\/td>\r\n<td class=\"cremuneracao\">R$ 2.183,77 \/44h<\/td>\r\n<\/tr><td class=\"ccargos\">\r\n<span data-balloon-length=\"medium\" data-balloon-pos=\"up\">Agente motorista<\/span><\/td>\r\n<td class=\"cvagas\">CR<\/td>\r\n<td class=\"cremuneracao\">R$ 2.049,18 \/44h<\/td>\r\n<\/tr><td class=\"ccargos\">\r\n<span data-balloon-length=\"medium\" data-balloon-pos=\"up\">Agente motorista - obras<\/span><\/td>\r\n<td class=\"cvagas\">CR<\/td>\r\n<td class=\"cremuneracao\">R$ 2.096,78 \/44h<\/td>\r\n<\/tr><td class=\"ccargos\">\r\n<span data-balloon-length=\"medium\" data-balloon-pos=\"up\">Agente motorista ca\u00e7ambeiro Lastreador - obras<\/span><\/td>\r\n<td class=\"cvagas\">CR<\/td>\r\n<td class=\"cremuneracao\">R$ 2.474,50 \/44h<\/td>\r\n<\/tr><td class=\"ccargos\">\r\n<span data-balloon-length=\"medium\" aria-label=\"Certificado de conclus\u00e3o do ensino fundamental.\" data-balloon-pos=\"up\">Agente operacional de servi\u00e7os diversos I<\/span><\/td>\r\n<td class=\"cvagas\">CR<\/td>\r\n<td class=\"cremuneracao\">R$ 1.535,70 \/44h<\/td>\r\n<\/tr><td class=\"ccargos\">\r\n<span data-balloon-length=\"medium\" aria-label=\"Certificado de conclus\u00e3o do ensino fundamental.\" data-balloon-pos=\"up\">Agente Operador Trator Agr\u00edcola<\/span><\/td>\r\n<td class=\"cvagas\">CR<\/td>\r\n<td class=\"cremuneracao\">R$ 1.653,16 \/44h<\/td>\r\n<\/tr><td class=\"ccargos\">\r\n<span data-balloon-length=\"medium\" aria-label=\"Certificado de conclus\u00e3o do ensino Fundamental e carteira nacional de habilita\u00e7\u00e3o no m\u00ednimo Categoria \u201cC\u201d e comprova\u00e7\u00e3o de 02 anos de experi\u00eancia.\" data-balloon-pos=\"up\">Agente patroleiro operador de m\u00e1quinas pesadas - obras<\/span><\/td>\r\n<td class=\"cvagas\">CR<\/td>\r\n<td class=\"cremuneracao\">R$ 2.684,40 \/44h<\/td>\r\n<\/tr><td class=\"ccargos\">\r\n<span data-balloon-length=\"medium\" data-balloon-pos=\"up\">Agente Patroleiro Operador de M\u00e1quinas Pesadas<\/span><\/td>\r\n<td class=\"cvagas\">CR<\/td>\r\n<td class=\"cremuneracao\">R$ 2.559,74 \/44h<\/td>\r\n<\/tr><td class=\"ccargos\">\r\n<span data-balloon-length=\"medium\" aria-label=\"Certificado de conclus\u00e3o do ensino Fundamental.\" data-balloon-pos=\"up\">Agente pedreiro\/carpinteiro obras<\/span><\/td>\r\n<td class=\"cvagas\">CR<\/td>\r\n<td class=\"cremuneracao\">R$ 2.474,50 \/44h<\/td>\r\n<\/tr>\r\n    <\/tbody>\r\n  <\/table>\r\n<\/div>","_medio":"<div>\r\n<table class=\"quadro\">\r\n<thead>\r\n<tr>\r\n<th class=\"hcargo\">Cargo<\/th>\r\n<th class=\"hvagas\">Vagas<\/th>\r\n<th class=\"hremuneracao\">Remunera\u00e7\u00e3o<\/th>\r\n<\/tr>\r\n<\/thead>\r\n    <tbody>\r\n      <td class=\"ccargos\">\r\n<span data-balloon-length=\"medium\" aria-label=\"Certificado de conclus\u00e3o do ensino M\u00e9dio e residir Na \u00e1rea da comunidade em que ir\u00e1 Atuar desde a data da publica\u00e7\u00e3o do Edital com comprovante de resid\u00eancia registrado em cart\u00f3rio no ato da inscri\u00e7\u00e3o e ter conclu\u00eddo com Aproveitamento o curso de Forma\u00e7\u00e3o inicial.\" data-balloon-pos=\"up\">Agente comunit\u00e1ria de sa\u00fade: ESF Travess\u00e3o - e no ato da inscri\u00e7\u00e3o comprovar resid\u00eancia e incluir a declara\u00e7\u00e3o modelo no edital.<\/span><\/td>\r\n<td class=\"cvagas\">CR<\/td>\r\n<td class=\"cremuneracao\">R$ 3.036,00 \/40h<\/td>\r\n<\/tr><td class=\"ccargos\">\r\n<span data-balloon-length=\"medium\" aria-label=\"Certificado de conclus\u00e3o do ensino M\u00e9dio e residir Na \u00e1rea da comunidade em que ir\u00e1 Atuar desde a data da publica\u00e7\u00e3o do Edital com comprovante de resid\u00eancia registrado em cart\u00f3rio no ato da inscri\u00e7\u00e3o e ter conclu\u00eddo com Aproveitamento o curso de Forma\u00e7\u00e3o inicial.\" data-balloon-pos=\"up\">Agente comunit\u00e1ria de sa\u00fade: ESF Rio Bonito- e no ato da inscri\u00e7\u00e3o comprovar resid\u00eancia e incluir a declara\u00e7\u00e3o modelo no edital.<\/span><\/td>\r\n<td class=\"cvagas\">CR<\/td>\r\n<td class=\"cremuneracao\">R$ 3.036,00 \/40h<\/td>\r\n<\/tr><td class=\"ccargos\">\r\n<span data-balloon-length=\"medium\" aria-label=\"Certificado de conclus\u00e3o do ensino m\u00e9dio e residir Na \u00e1rea da comunidade em que ir\u00e1 Atuar desde a data da publica\u00e7\u00e3o do Edital com comprovante de resid\u00eancia registrado em cart\u00f3rio no ato da inscri\u00e7\u00e3o e ter conclu\u00eddo com Aproveitamento o curso de Forma\u00e7\u00e3o inicial.\" data-balloon-pos=\"up\">Agente comunit\u00e1ria de sa\u00fade: ESF Floresta- e no ato da inscri\u00e7\u00e3o comprovar resid\u00eancia e incluir a declara\u00e7\u00e3o modelo no edital.<\/span><\/td>\r\n<td class=\"cvagas\">CR<\/td>\r\n<td class=\"cremuneracao\">R$ 3.036,00 \/40h<\/td>\r\n<\/tr><td class=\"ccargos\">\r\n<span data-balloon-length=\"medium\" aria-label=\"Certificado de conclus\u00e3o do ensino M\u00e9dio e residir na \u00e1rea da comunidade em que ir\u00e1 atuar desde a data da publica\u00e7\u00e3o do Edital com comprovante de resid\u00eancia registrado em cart\u00f3rio no ato da inscri\u00e7\u00e3o e ter conclu\u00eddo com Aproveitamento o curso de Forma\u00e7\u00e3o inicial.\" data-balloon-pos=\"up\">Agente comunit\u00e1ria de sa\u00fade: ESF S\u00e3o Francisco de Assis- e no ato da inscri\u00e7\u00e3o comprovar<\/span><\/td>\r\n<td class=\"cvagas\">CR<\/td>\r\n<td class=\"cremuneracao\">R$ 3.036,00 \/40h<\/td>\r\n<\/tr><td class=\"ccargos\">\r\n<span data-balloon-length=\"medium\" aria-label=\"Certificado de conclus\u00e3o do ensino M\u00e9dio e residir na \u00e1rea da comunidade em que ir\u00e1 atuar desde a data da publica\u00e7\u00e3o do Edital com comprovante de resid\u00eancia registrado em cart\u00f3rio no ato da inscri\u00e7\u00e3o e ter conclu\u00eddo com Aproveitamento o curso de Forma\u00e7\u00e3o inicial.\" data-balloon-pos=\"up\">Agente comunit\u00e1ria de sa\u00fade: ESF Lado da Uni\u00e3o- e no ato da inscri\u00e7\u00e3o comprovar resid\u00eancia e incluir a declara\u00e7\u00e3o modelo no edital.<\/span><\/td>\r\n<td class=\"cvagas\">CR<\/td>\r\n<td class=\"cremuneracao\">R$ 3.036,00 \/40h<\/td>\r\n<\/tr><td class=\"ccargos\">\r\n<span data-balloon-length=\"medium\" aria-label=\"Certificado de conclus\u00e3o do ensino M\u00e9dio e residir na \u00e1rea da comunidade em que ir\u00e1 atuar desde a data da publica\u00e7\u00e3o do Edital com comprovante de resid\u00eancia registrado em cart\u00f3rio no ato da inscri\u00e7\u00e3o e ter conclu\u00eddo com Aproveitamento o curso de Forma\u00e7\u00e3o inicial.\" data-balloon-pos=\"up\">Agente comunit\u00e1ria de sa\u00fade: ESF S\u00e3o Bas\u00edlio- e no ato da inscri\u00e7\u00e3o comprovar resid\u00eancia e incluir a declara\u00e7\u00e3o modelo no edital.<\/span><\/td>\r\n<td class=\"cvagas\">CR<\/td>\r\n<td class=\"cremuneracao\">R$ 3.036,00 \/40h<\/td>\r\n<\/tr><td class=\"ccargos\">\r\n<span data-balloon-length=\"medium\" aria-label=\"Certificado de conclus\u00e3o do ensino M\u00e9dio e residir na \u00e1rea da comunidade em que ir\u00e1 atuar desde a data da publica\u00e7\u00e3o do Edital com comprovante de resid\u00eancia registrado em cart\u00f3rio no ato da inscri\u00e7\u00e3o e ter conclu\u00eddo com Aproveitamento o curso de Forma\u00e7\u00e3o inicial.\" data-balloon-pos=\"up\">Agente comunit\u00e1ria de sa\u00fade: ESF Nossa Sra. De F\u00e1tima- e no ato da inscri\u00e7\u00e3o comprovar resid\u00eancia e incluir a declara\u00e7\u00e3o modelo no edital.<\/span><\/td>\r\n<td class=\"cvagas\">CR<\/td>\r\n<td class=\"cremuneracao\">R$ 3.036,00 \/40h<\/td>\r\n<\/tr><td class=\"ccargos\">\r\n<span data-balloon-length=\"medium\" aria-label=\"Certificado de conclus\u00e3o do ensino M\u00e9dio e residir na \u00e1rea da comunidade em que ir\u00e1 atuar desde a data da publica\u00e7\u00e3o do Edital com comprovante de resid\u00eancia registrado em cart\u00f3rio no ato da inscri\u00e7\u00e3o e ter conclu\u00eddo com Aproveitamento o curso de Forma\u00e7\u00e3o inicial.\" data-balloon-pos=\"up\">Agente comunit\u00e1ria de sa\u00fade: ESF Pinheiral- e no ato da inscri\u00e7\u00e3o comprovar resid\u00eancia e incluir a declara\u00e7\u00e3o modelo no edital.<\/span><\/td>\r\n<td class=\"cvagas\">CR<\/td>\r\n<td class=\"cremuneracao\">R$ 3.036,00 \/40h<\/td>\r\n<\/tr><td class=\"ccargos\">\r\n<span data-balloon-length=\"medium\" aria-label=\"Certificado de conclus\u00e3o do ensino M\u00e9dio e residir na \u00e1rea da comunidade em que ir\u00e1 atuar desde a data da publica\u00e7\u00e3o do Edital com comprovante de resid\u00eancia registrado em cart\u00f3rio no ato da inscri\u00e7\u00e3o e ter conclu\u00eddo com Aproveitamento o curso de Forma\u00e7\u00e3o inicial.\" data-balloon-pos=\"up\">Agente comunit\u00e1ria de sa\u00fade: ESF S\u00e3o Jos\u00e9- e no ato da inscri\u00e7\u00e3o comprovar resid\u00eancia e incluir a declara\u00e7\u00e3o modelo no edital.<\/span><\/td>\r\n<td class=\"cvagas\">CR<\/td>\r\n<td class=\"cremuneracao\">R$ 3.036,00 \/40h<\/td>\r\n<\/tr><td class=\"ccargos\">\r\n<span data-balloon-length=\"medium\" aria-label=\"Certificado de conclus\u00e3o do ensino M\u00e9dio e residir na \u00e1rea da comunidade em que ir\u00e1 atuar desde a data da publica\u00e7\u00e3o do Edital com comprovante de resid\u00eancia registrado em cart\u00f3rio no ato da inscri\u00e7\u00e3o e ter conclu\u00eddo com Aproveitamento o curso de Forma\u00e7\u00e3o inicial.\" data-balloon-pos=\"up\">Agente comunit\u00e1ria de sa\u00fade: ESF S\u00e3o Mauricio- e no ato da inscri\u00e7\u00e3o comprovar<\/span><\/td>\r\n<td class=\"cvagas\">CR<\/td>\r\n<td class=\"cremuneracao\">R$ 3.036,00 \/40h<\/td>\r\n<\/tr><td class=\"ccargos\">\r\n<span data-balloon-length=\"medium\" aria-label=\"Certificado de conclus\u00e3o do ensino M\u00e9dio e residir na \u00e1rea da comunidade em que ir\u00e1 atuar desde a data da publica\u00e7\u00e3o do Edital com comprovante de resid\u00eancia registrado em cart\u00f3rio no ato da inscri\u00e7\u00e3o e ter conclu\u00eddo com Aproveitamento o curso de Forma\u00e7\u00e3o inicial.\" data-balloon-pos=\"up\">Agente comunit\u00e1ria de sa\u00fade: ESF Sert\u00e3o Rio Bonito- e no ato da inscri\u00e7\u00e3o comprovar resid\u00eancia e incluir a declara\u00e7\u00e3o modelo no edital.<\/span><\/td>\r\n<td class=\"cvagas\">CR<\/td>\r\n<td class=\"cremuneracao\">R$ 3.036,00 \/40h<\/td>\r\n<\/tr><td class=\"ccargos\">\r\n<span data-balloon-length=\"medium\" aria-label=\"Certificado de conclus\u00e3o do ensino M\u00e9dio e residir na \u00e1rea da comunidade em que ir\u00e1 atuar desde a data da publica\u00e7\u00e3o do Edital com comprovante de resid\u00eancia registrado em cart\u00f3rio no ato da inscri\u00e7\u00e3o e ter conclu\u00eddo com Aproveitamento o curso de Forma\u00e7\u00e3o inicial.\" data-balloon-pos=\"up\">Agente comunit\u00e1ria de sa\u00fade: ESF Centro- e no ato da inscri\u00e7\u00e3o comprovar resid\u00eancia e incluir a declara\u00e7\u00e3o modelo no edital.<\/span><\/td>\r\n<td class=\"cvagas\">CR<\/td>\r\n<td class=\"cremuneracao\">R$ 3.036,00 \/40h<\/td>\r\n<\/tr><td class=\"ccargos\">\r\n<span data-balloon-length=\"medium\" aria-label=\"Certificado de conclus\u00e3o do ensino M\u00e9dio e ter conclu\u00eddo com aproveitamento o Curso de forma\u00e7\u00e3o inicial\" data-balloon-pos=\"up\">Agente de combate as endemias<\/span><\/td>\r\n<td class=\"cvagas\">CR<\/td>\r\n<td class=\"cremuneracao\">R$ 3.036,00 \/40h<\/td>\r\n<\/tr><td class=\"ccargos\">\r\n<span data-balloon-length=\"medium\" aria-label=\"Certificado de conclus\u00e3o do ensino M\u00e9dio, urso T\u00e9cnico em mec\u00e2nica e experi\u00eancia comprovada de 2 (dois) anos na fun\u00e7\u00e3o.\" data-balloon-pos=\"up\">Agente mec\u00e2nico geral - obras (prova pr\u00e1tica)<\/span><\/td>\r\n<td class=\"cvagas\">CR<\/td>\r\n<td class=\"cremuneracao\">R$ 3.851,24 \/44h<\/td>\r\n<\/tr><td class=\"ccargos\">\r\n<span data-balloon-length=\"medium\" data-balloon-pos=\"up\">Agente motorista SAMU<\/span><\/td>\r\n<td class=\"cvagas\">CR<\/td>\r\n<td class=\"cremuneracao\">R$ 2.583,04 \/44h<\/td>\r\n<\/tr><td class=\"ccargos\">\r\n<span data-balloon-length=\"medium\" aria-label=\"Certificado de conclus\u00e3o do ensino M\u00e9dio\" data-balloon-pos=\"up\">Artes\u00e3o caps<\/span><\/td>\r\n<td class=\"cvagas\">CR<\/td>\r\n<td class=\"cremuneracao\">R$ 1.535,70 \/30h<\/td>\r\n<\/tr><td class=\"ccargos\">\r\n<span data-balloon-length=\"medium\" aria-label=\"Curso t\u00e9cnico em enfermagem.\" data-balloon-pos=\"up\">Auxiliar de Farm\u00e1cia<\/span><\/td>\r\n<td class=\"cvagas\">CR<\/td>\r\n<td class=\"cremuneracao\">R$ 2.183,77 \/30h<\/td>\r\n<\/tr><td class=\"ccargos\">\r\n<span data-balloon-length=\"medium\" aria-label=\"Certificado de conclus\u00e3o do ensino M\u00e9dio e conclus\u00e3o do curso de auxiliar em sa\u00fade bucal e registro no \u00f3rg\u00e3o da classe (CRO).\" data-balloon-pos=\"up\">Auxiliar de odont\u00f3logo ESF<\/span><\/td>\r\n<td class=\"cvagas\">CR<\/td>\r\n<td class=\"cremuneracao\">R$ 1.950,30 \/40h<\/td>\r\n<\/tr><td class=\"ccargos\">\r\n<span data-balloon-length=\"medium\" aria-label=\"Certificado de conclus\u00e3o do ensino M\u00e9dio e conclus\u00e3o do curso de T\u00e9cnico em sa\u00fade bucal e registro no \u00f3rg\u00e3o da classe (CRO).\" data-balloon-pos=\"up\">Auxiliar De Sa\u00fade Bucal CEO<\/span><\/td>\r\n<td class=\"cvagas\">CR<\/td>\r\n<td class=\"cremuneracao\">R$ 1.849,15 \/40h<\/td>\r\n<\/tr><td class=\"ccargos\">\r\n<span data-balloon-length=\"medium\" aria-label=\"Certificado de conclus\u00e3o do ensino m\u00e9dio e curso t\u00e9cnico em vigil\u00e2ncia sanit\u00e1ria.\" data-balloon-pos=\"up\">Fiscal Sanitarista<\/span><\/td>\r\n<td class=\"cvagas\">CR<\/td>\r\n<td class=\"cremuneracao\">R$ 3.344,39 \/40h<\/td>\r\n<\/tr><td class=\"ccargos\">\r\n<span data-balloon-length=\"medium\" aria-label=\"Ensino M\u00e9dio Completo.\" data-balloon-pos=\"up\">Fiscal de Obras<\/span><\/td>\r\n<td class=\"cvagas\">CR<\/td>\r\n<td class=\"cremuneracao\">R$ 5.073,94 \/30h<\/td>\r\n<\/tr><td class=\"ccargos\">\r\n<span data-balloon-length=\"medium\" aria-label=\"Ensino M\u00e9dio Completo.\" data-balloon-pos=\"up\">Fiscal de Postura<\/span><\/td>\r\n<td class=\"cvagas\">CR<\/td>\r\n<td class=\"cremuneracao\">R$ 5.598,29 \/30h<\/td>\r\n<\/tr><td class=\"ccargos\">\r\n<span data-balloon-length=\"medium\" aria-label=\"Certificado de conclus\u00e3o do ensino M\u00e9dio.\" data-balloon-pos=\"up\">T\u00e9cnico Administrativo CAPS I<\/span><\/td>\r\n<td class=\"cvagas\">CR<\/td>\r\n<td class=\"cremuneracao\">R$ 2.118,25 \/40h<\/td>\r\n<\/tr><td class=\"ccargos\">\r\n<span data-balloon-length=\"medium\" aria-label=\"Habilita\u00e7\u00e3o em curso t\u00e9cnico em contabilidade e experi\u00eancia em computador\" data-balloon-pos=\"up\">T\u00e9cnico Cont\u00e1bil<\/span><\/td>\r\n<td class=\"cvagas\">CR<\/td>\r\n<td class=\"cremuneracao\">R$ 6.251,70 \/30h<\/td>\r\n<\/tr><td class=\"ccargos\">\r\n<span data-balloon-length=\"medium\" aria-label=\"Certificado de conclus\u00e3o do ensino M\u00e9dio\" data-balloon-pos=\"up\">T\u00e9cnico Central De Regula\u00e7\u00e3o<\/span><\/td>\r\n<td class=\"cvagas\">CR<\/td>\r\n<td class=\"cremuneracao\">R$ 2.501,50 \/30h<\/td>\r\n<\/tr><td class=\"ccargos\">\r\n<span data-balloon-length=\"medium\" aria-label=\"No m\u00ednimo 2\u00ba grau completo e certificado de conclus\u00e3o de curso de t\u00e9cnico de enfermagem e registro no \u00f3rg\u00e3o de classe.\" data-balloon-pos=\"up\">T\u00e9cnico Em Enfermagem<\/span><\/td>\r\n<td class=\"cvagas\">CR<\/td>\r\n<td class=\"cremuneracao\">R$ 2.236,84 \/30h<\/td>\r\n<\/tr><td class=\"ccargos\">\r\n<span data-balloon-length=\"medium\" aria-label=\"Ensino m\u00e9dio completo e forma\u00e7\u00e3o t\u00e9cnica complementar e registro no conselho.\" data-balloon-pos=\"up\">T\u00e9cnico Em Enfermagem - CAPS I<\/span><\/td>\r\n<td class=\"cvagas\">CR<\/td>\r\n<td class=\"cremuneracao\">R$ 2.724,33 \/40h<\/td>\r\n<\/tr><td class=\"ccargos\">\r\n<span data-balloon-length=\"medium\" aria-label=\"Certificado de curso de t\u00e9cnico em enfermagem com registro no \u00f3rg\u00e3o da classe.\" data-balloon-pos=\"up\">T\u00e9cnico Em Enfermagem - ESF<\/span><\/td>\r\n<td class=\"cvagas\">CR<\/td>\r\n<td class=\"cremuneracao\">R$ 2.724,33 \/40h<\/td>\r\n<\/tr><td class=\"ccargos\">\r\n<span data-balloon-length=\"medium\" aria-label=\"Diploma de curso de t\u00e9cnico em enfermagem e registro no \u00f3rg\u00e3o da classe (COREN).\" data-balloon-pos=\"up\">T\u00e9cnico Em Enfermagem II<\/span><\/td>\r\n<td class=\"cvagas\">CR<\/td>\r\n<td class=\"cremuneracao\">R$ 2.583,04 \/40h<\/td>\r\n<\/tr><td class=\"ccargos\">\r\n<span data-balloon-length=\"medium\" aria-label=\"Diploma de curso t\u00e9cnico em enfermagem e registro no \u00f3rg\u00e3o da classe (COREN) e curso de atendimento pr\u00e9-hospitalar (APH).\" data-balloon-pos=\"up\">T\u00e9cnico Em Enfermagem Samu<\/span><\/td>\r\n<td class=\"cvagas\">CR<\/td>\r\n<td class=\"cremuneracao\">R$ 2.583,04 \/44h<\/td>\r\n<\/tr>\r\n    <\/tbody>\r\n  <\/table>\r\n<\/div>","_superior":"<div>\r\n<table class=\"quadro\">\r\n<thead>\r\n<tr>\r\n<th class=\"hcargo\">Cargo<\/th>\r\n<th class=\"hvagas\">Vagas<\/th>\r\n<th class=\"hremuneracao\">Remunera\u00e7\u00e3o<\/th>\r\n<\/tr>\r\n<\/thead>\r\n    <tbody>\r\n      <tr>\r\n<td class=\"ccargos\">\r\n<span data-balloon-length=\"medium\" aria-label=\"Diploma de curso superior em Assist\u00eancia Social e registro no \u00f3rg\u00e3o de classe.\" data-balloon-pos=\"up\">Assistente Social<\/span><\/td>\r\n<td class=\"cvagas\">CR<\/td>\r\n<td class=\"cremuneracao\">R$ 4.011,78 \/30h<\/td>\r\n<\/tr><tr>\r\n<td class=\"ccargos\">\r\n<span data-balloon-length=\"medium\" aria-label=\"Diploma de curso superior em Biblioteconomia.\" data-balloon-pos=\"up\">Biblioteconomista<\/span><\/td>\r\n<td class=\"cvagas\">CR<\/td>\r\n<td class=\"cremuneracao\">R$ 2.096,27 \/30h<\/td>\r\n<\/tr><tr>\r\n<td class=\"ccargos\">\r\n<span data-balloon-length=\"medium\" aria-label=\"Diploma de curso superior em Odontologia e registro no \u00f3rg\u00e3o de Classe (CRO).\" data-balloon-pos=\"up\">Cirurgi\u00e3o dentista CEO<\/span><\/td>\r\n<td class=\"cvagas\">CR<\/td>\r\n<td class=\"cremuneracao\">R$ 5.089,22 \/40h<\/td>\r\n<\/tr><tr>\r\n<td class=\"ccargos\">\r\n<span data-balloon-length=\"medium\" aria-label=\"Diploma de curso superior em Enfermagem e registro no \u00f3rg\u00e3o de classe (COREN).\" data-balloon-pos=\"up\">Enfermeiro<\/span><\/td>\r\n<td class=\"cvagas\">CR<\/td>\r\n<td class=\"cremuneracao\">R$ 3.527,32 \/30h<\/td>\r\n<\/tr><tr>\r\n<td class=\"ccargos\">\r\n<span data-balloon-length=\"medium\" aria-label=\"Diploma de curso superior em Enfermagem e registro no \u00f3rg\u00e3o de classe (COREN).\" data-balloon-pos=\"up\">Enfermeiro CAPS<\/span><\/td>\r\n<td class=\"cvagas\">CR<\/td>\r\n<td class=\"cremuneracao\">R$ 4.703,10 \/40h<\/td>\r\n<\/tr><tr>\r\n<td class=\"ccargos\">\r\n<span data-balloon-length=\"medium\" aria-label=\"Diploma de curso superior em Enfermagem e registro no \u00f3rg\u00e3o de Classe (COREN).\" data-balloon-pos=\"up\">Enfermeiro ESF<\/span><\/td>\r\n<td class=\"cvagas\">CR<\/td>\r\n<td class=\"cremuneracao\">R$ 4.703,10 \/40h<\/td>\r\n<\/tr><tr>\r\n<td class=\"ccargos\">\r\n<span data-balloon-length=\"medium\" aria-label=\"Diploma de curso superior em Enfermagem e registro no \u00f3rg\u00e3o de classe (COREN).\" data-balloon-pos=\"up\">Enfermeiro II<\/span><\/td>\r\n<td class=\"cvagas\">CR<\/td>\r\n<td class=\"cremuneracao\">R$ 4.459,19 \/40h<\/td>\r\n<\/tr><tr>\r\n<td class=\"ccargos\">\r\n<span data-balloon-length=\"medium\" aria-label=\"Diploma de curso superior em Enfermagem e registro no \u00f3rg\u00e3o de Classe (COREN) e curso de atendimento pr\u00e9-hospitalar (APH).\" data-balloon-pos=\"up\">Enfermeiro SAMU<\/span><\/td>\r\n<td class=\"cvagas\">CR<\/td>\r\n<td class=\"cremuneracao\">R$ 4.459,19 \/40h<\/td>\r\n<\/tr><tr>\r\n<td class=\"ccargos\">\r\n<span data-balloon-length=\"medium\" aria-label=\"Habilita\u00e7\u00e3o profissional: curso de gradua\u00e7\u00e3o em engenharia sanit\u00e1ria e ambiental e registro no \u00f3rg\u00e3o de classe.\" data-balloon-pos=\"up\">Engenheiro Sanitarista<\/span><\/td>\r\n<td class=\"cvagas\">CR<\/td>\r\n<td class=\"cremuneracao\">R$ 2.924,17 \/30h<\/td>\r\n<\/tr><tr>\r\n<td class=\"ccargos\">\r\n<span data-balloon-length=\"medium\" aria-label=\"Diploma de curso superior em Farm\u00e1cia e registro no \u00f3rg\u00e3o de classe.\" data-balloon-pos=\"up\">Farmac\u00eautico CAPS<\/span><\/td>\r\n<td class=\"cvagas\">CR<\/td>\r\n<td class=\"cremuneracao\">R$ 4.176,26 \/40h<\/td>\r\n<\/tr><tr>\r\n<td class=\"ccargos\">\r\n<span data-balloon-length=\"medium\" aria-label=\"Habilita\u00e7\u00e3o profissional: diploma de curso superior em farm\u00e1cia e bioqu\u00edmica. e registro no \u00f3rg\u00e3o de classe.\" data-balloon-pos=\"up\">Farmac\u00eautico Bioqu\u00edmico<\/span><\/td>\r\n<td class=\"cvagas\">CR<\/td>\r\n<td class=\"cremuneracao\">R$ 3.852,47 \/44h<\/td>\r\n<\/tr><tr>\r\n<td class=\"ccargos\">\r\n<span data-balloon-length=\"medium\" aria-label=\"Diploma de curso superior em farm\u00e1cia e bioqu\u00edmica e registro no \u00f3rg\u00e3o de classe.\" data-balloon-pos=\"up\">Farmac\u00eautico Bioqu\u00edmico Vigil\u00e2ncia sanit\u00e1ria<\/span><\/td>\r\n<td class=\"cvagas\">CR<\/td>\r\n<td class=\"cremuneracao\">R$ 3.467,98 \/20h<\/td>\r\n<\/tr><tr>\r\n<td class=\"ccargos\">\r\n<span data-balloon-length=\"medium\" aria-label=\"Diploma de curso superior em Arquitetura ou Engenharia Civil. e registro no \u00f3rg\u00e3o de classe.\" data-balloon-pos=\"up\">Fiscal de Cadastro Imobili\u00e1rio<\/span><\/td>\r\n<td class=\"cvagas\">CR<\/td>\r\n<td class=\"cremuneracao\">R$ 7.365,10 \/30h<\/td>\r\n<\/tr><tr>\r\n<td class=\"ccargos\">\r\n<span data-balloon-length=\"medium\" aria-label=\"Diploma de curso superior em ci\u00eancias cont\u00e1beis e, experi\u00eancia em computador\" data-balloon-pos=\"up\">Fiscal de fazenda<\/span><\/td>\r\n<td class=\"cvagas\">CR<\/td>\r\n<td class=\"cremuneracao\">R$ 7.889,45 \/30h<\/td>\r\n<\/tr><tr>\r\n<td class=\"ccargos\">\r\n<span data-balloon-length=\"medium\" aria-label=\"Diploma de curso superior em Fisioterapia e registro no \u00f3rg\u00e3o da Classe (CREFITO).\" data-balloon-pos=\"up\">Fisioterapeuta<\/span><\/td>\r\n<td class=\"cvagas\">CR<\/td>\r\n<td class=\"cremuneracao\">R$ 3.527,32 \/30h<\/td>\r\n<\/tr><tr>\r\n<td class=\"ccargos\">\r\n<span data-balloon-length=\"medium\" aria-label=\"Diploma de curso superior em Fonoaudiologia e registro no \u00f3rg\u00e3o Da classe (CREFONO).\" data-balloon-pos=\"up\">Fonoaudi\u00f3logo<\/span><\/td>\r\n<td class=\"cvagas\">CR<\/td>\r\n<td class=\"cremuneracao\">R$ 2.098,57 \/20h<\/td>\r\n<\/tr><tr>\r\n<td class=\"ccargos\">\r\n<span data-balloon-length=\"medium\" aria-label=\"Diploma de curso superior em Fonoaudiologia e registro no \u00f3rg\u00e3o Da classe (CREFONO).\" data-balloon-pos=\"up\">Fonoaudi\u00f3logo II<\/span><\/td>\r\n<td class=\"cvagas\">CR<\/td>\r\n<td class=\"cremuneracao\">R$ 3.527,32 \/30h<\/td>\r\n<\/tr><tr>\r\n<td class=\"ccargos\">\r\n<span data-balloon-length=\"medium\" aria-label=\"Diploma de curso superior em Medicina e registro no \u00f3rg\u00e3o de Classe (CRM).\" data-balloon-pos=\"up\">M\u00e9dico cl\u00ednica b\u00e1sica<\/span><\/td>\r\n<td class=\"cvagas\">CR<\/td>\r\n<td class=\"cremuneracao\">R$ 6.965,35 \/20h<\/td>\r\n<\/tr><tr>\r\n<td class=\"ccargos\">\r\n<span data-balloon-length=\"medium\" aria-label=\"Diploma de curso superior em Medicina e diploma de Especializa\u00e7\u00e3o em sa\u00fade mental \/ Psiquiatria e registro nos \u00f3rg\u00e3os da Classe (CRM)\" data-balloon-pos=\"up\">M\u00e9dico de sa\u00fade mental CAPS<\/span><\/td>\r\n<td class=\"cvagas\">CR<\/td>\r\n<td class=\"cremuneracao\">R$ 6.965,35 \/8h<\/td>\r\n<\/tr><tr>\r\n<td class=\"ccargos\">\r\n<span data-balloon-length=\"medium\" aria-label=\"Diploma de curso superior em Medicina e registro no \u00f3rg\u00e3o de Classe (CRM).\" data-balloon-pos=\"up\">M\u00e9dico ESF<\/span><\/td>\r\n<td class=\"cvagas\">CR<\/td>\r\n<td class=\"cremuneracao\">R$ 14.348,61 \/40h<\/td>\r\n<\/tr><tr>\r\n<td class=\"ccargos\">\r\n<span data-balloon-length=\"medium\" aria-label=\"Diploma de curso superior em Medicina e diploma de Especializa\u00e7\u00e3o em gastroenterologia e registro nos \u00f3rg\u00e3os da classe (CRM).\" data-balloon-pos=\"up\">M\u00e9dico gastroenterologista<\/span><\/td>\r\n<td class=\"cvagas\">CR<\/td>\r\n<td class=\"cremuneracao\">R$ 8.157,05 \/20h<\/td>\r\n<\/tr><tr>\r\n<td class=\"ccargos\">\r\n<span data-balloon-length=\"medium\" aria-label=\"Diploma de curso superior em Medicina e diploma de Especializa\u00e7\u00e3o em ginecologia e registro nos \u00f3rg\u00e3os da classe (CRM).\" data-balloon-pos=\"up\">M\u00e9dico ginecologista<\/span><\/td>\r\n<td class=\"cvagas\">CR<\/td>\r\n<td class=\"cremuneracao\">R$ 8.157,05 \/20h<\/td>\r\n<\/tr><tr>\r\n<td class=\"ccargos\">\r\n<span data-balloon-length=\"medium\" aria-label=\"Diploma de curso superior em Medicina e diploma de Especializa\u00e7\u00e3o em infectologia e registro nos \u00f3rg\u00e3os da classe (CRM).\" data-balloon-pos=\"up\">M\u00e9dico infectologista<\/span><\/td>\r\n<td class=\"cvagas\">CR<\/td>\r\n<td class=\"cremuneracao\">R$ 8.157,05 \/20h<\/td>\r\n<\/tr><tr>\r\n<td class=\"ccargos\">\r\n<span data-balloon-length=\"medium\" aria-label=\"Diploma de curso superior em medicina e diploma de especializa\u00e7\u00e3o em neuropediatria e registro nos \u00f3rg\u00e3os da classe (CRM).\" data-balloon-pos=\"up\">M\u00e9dico Neuropediatra<\/span><\/td>\r\n<td class=\"cvagas\">CR<\/td>\r\n<td class=\"cremuneracao\">R$ 8.157,05 \/20h<\/td>\r\n<\/tr><tr>\r\n<td class=\"ccargos\">\r\n<span data-balloon-length=\"medium\" aria-label=\"Diploma de curso superior em Medicina e diploma de especializa\u00e7\u00e3o em obstetr\u00edcia e registro nos \u00f3rg\u00e3os da classe (CRM).\" data-balloon-pos=\"up\">M\u00e9dico obstetra<\/span><\/td>\r\n<td class=\"cvagas\">CR<\/td>\r\n<td class=\"cremuneracao\">R$ 8.157,05 \/20h<\/td>\r\n<\/tr><tr>\r\n<td class=\"ccargos\">\r\n<span data-balloon-length=\"medium\" aria-label=\"Diploma de curso superior em Medicina e diploma de Especializa\u00e7\u00e3o em ortopedia e Registro nos \u00f3rg\u00e3os da classe (CRM).\" data-balloon-pos=\"up\">M\u00e9dico ortopedista<\/span><\/td>\r\n<td class=\"cvagas\">CR<\/td>\r\n<td class=\"cremuneracao\">R$ 8.157,05 \/20h<\/td>\r\n<\/tr><tr>\r\n<td class=\"ccargos\">\r\n<span data-balloon-length=\"medium\" aria-label=\"Diploma de curso superior em Medicina e diploma de Especializa\u00e7\u00e3o em Otorrinolaringologia e registro nos \u00d3rg\u00e3os da classe (CRM).\" data-balloon-pos=\"up\">M\u00e9dico otorrinolaringologia<\/span><\/td>\r\n<td class=\"cvagas\">CR<\/td>\r\n<td class=\"cremuneracao\">R$ 8.157,05 \/20h<\/td>\r\n<\/tr><tr>\r\n<td class=\"ccargos\">\r\n<span data-balloon-length=\"medium\" aria-label=\"Diploma de curso superior em Medicina e diploma de Especializa\u00e7\u00e3o em pediatria e Registro nos \u00f3rg\u00e3os da classe (CRM)\" data-balloon-pos=\"up\">M\u00e9dico pediatria<\/span><\/td>\r\n<td class=\"cvagas\">CR<\/td>\r\n<td class=\"cremuneracao\">R$ 8.157,05 \/20h<\/td>\r\n<\/tr><tr>\r\n<td class=\"ccargos\">\r\n<span data-balloon-length=\"medium\" aria-label=\"Diploma de curso superior na medicina humana, na \u00e1rea da psiquiatria. e registro no \u00f3rg\u00e3o de classe,\" data-balloon-pos=\"up\">M\u00e9dico psiquiatra<\/span><\/td>\r\n<td class=\"cvagas\">CR<\/td>\r\n<td class=\"cremuneracao\">R$ 8.157,05 \/20h<\/td>\r\n<\/tr><tr>\r\n<td class=\"ccargos\">\r\n<span data-balloon-length=\"medium\" aria-label=\"Diploma de curso superior em Medicina e diploma de Especializa\u00e7\u00e3o em psiquiatria Infantil e registro nos \u00f3rg\u00e3os da Classe (CRM).\" data-balloon-pos=\"up\">M\u00e9dico psiquiatra infantil<\/span><\/td>\r\n<td class=\"cvagas\">CR<\/td>\r\n<td class=\"cremuneracao\">R$ 8.157,05 \/20h<\/td>\r\n<\/tr><tr>\r\n<td class=\"ccargos\">\r\n<span data-balloon-length=\"medium\" aria-label=\"Diploma de curso superior em Medicina e diploma de Especializa\u00e7\u00e3o em urologia e registro nos \u00f3rg\u00e3os da classe (CRM).\" data-balloon-pos=\"up\">M\u00e9dico urologista<\/span><\/td>\r\n<td class=\"cvagas\">CR<\/td>\r\n<td class=\"cremuneracao\">R$ 8.157,05 \/20h<\/td>\r\n<\/tr><tr>\r\n<td class=\"ccargos\">\r\n<span data-balloon-length=\"medium\" aria-label=\"Diploma de curso superior na \u00e1rea de medicina veterin\u00e1ria e registro no \u00f3rg\u00e3o de classe.\" data-balloon-pos=\"up\">M\u00e9dico veterin\u00e1rio<\/span><\/td>\r\n<td class=\"cvagas\">CR<\/td>\r\n<td class=\"cremuneracao\">R$ 3.358,71 \/20h<\/td>\r\n<\/tr><tr>\r\n<td class=\"ccargos\">\r\n<span data-balloon-length=\"medium\" aria-label=\"Diploma de curso superior na \u00e1rea de medicina veterin\u00e1ria e registro no \u00f3rg\u00e3o de classe.\" data-balloon-pos=\"up\">M\u00e9dico veterin\u00e1rio II<\/span><\/td>\r\n<td class=\"cvagas\">CR<\/td>\r\n<td class=\"cremuneracao\">R$ 5.073,94 \/30h<\/td>\r\n<\/tr><tr>\r\n<td class=\"ccargos\">\r\n<span data-balloon-length=\"medium\" aria-label=\"Diploma de curso superior em Nutri\u00e7\u00e3o e registro no \u00f3rg\u00e3o da classe (CRN).\" data-balloon-pos=\"up\">Nutricionista II<\/span><\/td>\r\n<td class=\"cvagas\">CR<\/td>\r\n<td class=\"cremuneracao\">R$ 3.527,32 \/30h<\/td>\r\n<\/tr><tr>\r\n<td class=\"ccargos\">\r\n<span data-balloon-length=\"medium\" aria-label=\"Diploma de curso superior em Odontologia e registro no \u00f3rg\u00e3o da Classe (CRO).\" data-balloon-pos=\"up\">Odont\u00f3logo<\/span><\/td>\r\n<td class=\"cvagas\">CR<\/td>\r\n<td class=\"cremuneracao\">R$ 3.016,71 \/20h<\/td>\r\n<\/tr><tr>\r\n<td class=\"ccargos\">\r\n<span data-balloon-length=\"medium\" aria-label=\"Diploma de curso superior em Odontologia e registro no \u00f3rg\u00e3o da classe (CRO).\" data-balloon-pos=\"up\">Odont\u00f3logo\/ESF<\/span><\/td>\r\n<td class=\"cvagas\">CR<\/td>\r\n<td class=\"cremuneracao\">R$ 5.367,60 \/40h<\/td>\r\n<\/tr><tr>\r\n<td class=\"ccargos\">\r\n<span data-balloon-length=\"medium\" aria-label=\"N\u00edvel superior com forma\u00e7\u00e3o em uma das seguintes \u00e1reas: antropologia, economia, dom\u00e9stica, pedagogia, sociologia, terapia ocupacional, musicoterapia.\" data-balloon-pos=\"up\">Orientador social<\/span><\/td>\r\n<td class=\"cvagas\">CR<\/td>\r\n<td class=\"cremuneracao\">R$ 3.602,22 \/30h<\/td>\r\n<\/tr><tr>\r\n<td class=\"ccargos\">\r\n<span data-balloon-length=\"medium\" aria-label=\"Diploma de curso superior em Psicologia e registro no \u00f3rg\u00e3o da Classe (CRP).\" data-balloon-pos=\"up\">Psic\u00f3logo<\/span><\/td>\r\n<td class=\"cvagas\">CR<\/td>\r\n<td class=\"cremuneracao\">R$ 4.011,78 \/30h<\/td>\r\n<\/tr><tr>\r\n<td class=\"ccargos\">\r\n<span data-balloon-length=\"medium\" aria-label=\"Diploma de curso superior em Psicologia e registro no \u00f3rg\u00e3o da Classe (CRP).\" data-balloon-pos=\"up\">Psic\u00f3logo II<\/span><\/td>\r\n<td class=\"cvagas\">CR<\/td>\r\n<td class=\"cremuneracao\">R$ 4.459,19 \/40h<\/td>\r\n<\/tr><tr>\r\n<td class=\"ccargos\">\r\n<span data-balloon-length=\"medium\" aria-label=\"Diploma de curso superior em psicologia e registro no \u00d3rg\u00e3o da classe (CRP).\" data-balloon-pos=\"up\">Psic\u00f3logo\/CAPS<\/span><\/td>\r\n<td class=\"cvagas\">CR<\/td>\r\n<td class=\"cremuneracao\">R$ 5.349,03 \/40h<\/td>\r\n<\/tr><tr>\r\n<td class=\"ccargos\">\r\n<span data-balloon-length=\"medium\" aria-label=\"Diploma de curso superior em Psicologia e especializa\u00e7\u00e3o em psicologia infantil e registro no \u00f3rg\u00e3o da classe (CRP).\" data-balloon-pos=\"up\">Psic\u00f3logo infantil<\/span><\/td>\r\n<td class=\"cvagas\">CR<\/td>\r\n<td class=\"cremuneracao\">R$ 4.011,78 \/20h<\/td>\r\n<\/tr><tr>\r\n<td class=\"ccargos\">\r\n<span data-balloon-length=\"medium\" aria-label=\"Diploma de curso superior em Terapia ocupacional e registro no \u00f3rg\u00e3o da classe (CREFITO).\" data-balloon-pos=\"up\">Terapeuta ocupacional<\/span><\/td>\r\n<td class=\"cvagas\">CR<\/td>\r\n<td class=\"cremuneracao\">R$ 3.344,39 \/20h<\/td>\r\n<\/tr><tr>\r\n<td class=\"ccargos\">\r\n<span data-balloon-length=\"medium\" aria-label=\"Diploma de curso superior em Terapia ocupacional e registro no \u00f3rg\u00e3o da classe (CREFITO).\" data-balloon-pos=\"up\">Terapeuta ocupacional - CAPS I<\/span><\/td>\r\n<td class=\"cvagas\">CR<\/td>\r\n<td class=\"cremuneracao\">R$ 4.176,26 \/40h<\/td>\r\n<\/tr>\r\n    <\/tbody>\r\n  <\/table>\r\n<\/div>"},"_links":{"self":[{"href":"https:\/\/www.agrobase.com.br\/concursos\/wp-json\/wp\/v2\/posts\/267358","targetHints":{"allow":["GET"]}}],"collection":[{"href":"https:\/\/www.agrobase.com.br\/concursos\/wp-json\/wp\/v2\/posts"}],"about":[{"href":"https:\/\/www.agrobase.com.br\/concursos\/wp-json\/wp\/v2\/types\/post"}],"author":[{"embeddable":true,"href":"https:\/\/www.agrobase.com.br\/concursos\/wp-json\/wp\/v2\/users\/7"}],"replies":[{"embeddable":true,"href":"https:\/\/www.agrobase.com.br\/concursos\/wp-json\/wp\/v2\/comments?post=267358"}],"version-history":[{"count":4,"href":"https:\/\/www.agrobase.com.br\/concursos\/wp-json\/wp\/v2\/posts\/267358\/revisions"}],"predecessor-version":[{"id":268655,"href":"https:\/\/www.agrobase.com.br\/concursos\/wp-json\/wp\/v2\/posts\/267358\/revisions\/268655"}],"wp:featuredmedia":[{"embeddable":true,"href":"https:\/\/www.agrobase.com.br\/concursos\/wp-json\/wp\/v2\/media\/267357"}],"wp:attachment":[{"href":"https:\/\/www.agrobase.com.br\/concursos\/wp-json\/wp\/v2\/media?parent=267358"}],"wp:term":[{"taxonomy":"category","embeddable":true,"href":"https:\/\/www.agrobase.com.br\/concursos\/wp-json\/wp\/v2\/categories?post=267358"},{"taxonomy":"post_tag","embeddable":true,"href":"https:\/\/www.agrobase.com.br\/concursos\/wp-json\/wp\/v2\/tags?post=267358"},{"taxonomy":"_amplo","embeddable":true,"href":"https:\/\/www.agrobase.com.br\/concursos\/wp-json\/wp\/v2\/_amplo?post=267358"},{"taxonomy":"destaque","embeddable":true,"href":"https:\/\/www.agrobase.com.br\/concursos\/wp-json\/wp\/v2\/destaque?post=267358"},{"taxonomy":"instituicoes","embeddable":true,"href":"https:\/\/www.agrobase.com.br\/concursos\/wp-json\/wp\/v2\/instituicoes?post=267358"}],"curies":[{"name":"wp","href":"https:\/\/api.w.org\/{rel}","templated":true}]}}