{"id":267323,"date":"2025-06-17T07:20:32","date_gmt":"2025-06-17T10:20:32","guid":{"rendered":"https:\/\/www.agrobase.com.br\/concursos\/?p=267323"},"modified":"2025-06-16T12:39:25","modified_gmt":"2025-06-16T15:39:25","slug":"prefeitura-rodrigues-alves-ac-selecao-simplificada-84-2025","status":"publish","type":"post","link":"https:\/\/www.agrobase.com.br\/concursos\/2025\/prefeitura-rodrigues-alves-ac-selecao-simplificada-84-2025\/","title":{"rendered":"Prefeitura Rodrigues Alves (AC) &#8211; Sele\u00e7\u00e3o Simplificada 84\/2025"},"content":{"rendered":"<h2>Informa\u00e7\u00f5es Gerais<\/h2>\n<p>A Prefeitura Municipal de Rodrigues Alves, no estado do Acre, anunciou a abertura do <strong>Processo Seletivo Simplificado<\/strong>, regido pelo edital publicado em 11 de junho de 2025. Este certame, organizado pela DECORP\u00ae, tem como objetivo o preenchimento de <strong>172 vagas tempor\u00e1rias<\/strong> para suprir as necessidades do quadro funcional do munic\u00edpio, especificamente para a Secretaria Municipal de Educa\u00e7\u00e3o, Secretaria Municipal de Sa\u00fade e Secretaria Municipal de Assist\u00eancia Social. As contrata\u00e7\u00f5es ser\u00e3o realizadas em car\u00e1ter tempor\u00e1rio, conforme a Lei Federal n\u00ba 8.745\/1993, com validade do processo seletivo de 1 (um) ano, podendo ser prorrogado por igual per\u00edodo.<\/p>\n<p>As oportunidades s\u00e3o destinadas a candidatos com n\u00edveis de escolaridade <strong>Fundamental, M\u00e9dio, T\u00e9cnico e Superior<\/strong>. As vagas est\u00e3o distribu\u00eddas entre as \u00e1reas de educa\u00e7\u00e3o, sa\u00fade e assist\u00eancia social, oferecendo um leque variado de atua\u00e7\u00e3o. Destacamos a presen\u00e7a de vagas para <strong>Nutricionista<\/strong>. A remunera\u00e7\u00e3o varia de R$ 1.518,00 a R$ 4.842,64, dependendo do cargo e da carga hor\u00e1ria.<\/p>\n<h2>Inscri\u00e7\u00f5es<\/h2>\n<p>As inscri\u00e7\u00f5es para o Processo Seletivo Simplificado da Prefeitura de Rodrigues Alves\/AC est\u00e3o <strong>abertas<\/strong> e devem ser realizadas exclusivamente pela internet. O per\u00edodo para se inscrever inicia em <strong>13 de junho de 2025<\/strong> e se encerra \u00e0s <strong>23h59min do dia 22 de junho de 2025<\/strong> (pagamento da taxa segue o hor\u00e1rio de Bras\u00edlia-DF).<\/p>\n<p>Para efetivar a inscri\u00e7\u00e3o, acesse o site da banca organizadora DECORP\u00ae atrav\u00e9s do link <a href=\"https:\/\/portal.decorp.selecao.site\/\" target=\"_blank\" rel=\"noopener noreferrer\">https:\/\/portal.decorp.selecao.site\/<\/a>, que tamb\u00e9m pode ser acessado via portal oficial do munic\u00edpio. Os valores das taxas de inscri\u00e7\u00e3o s\u00e3o:<\/p>\n<ul>\n<li>N\u00edvel Fundamental: <strong>R$ 35,00<\/strong><\/li>\n<li>N\u00edvel M\u00e9dio: <strong>R$ 45,00<\/strong><\/li>\n<li>N\u00edvel T\u00e9cnico: <strong>R$ 60,00<\/strong><\/li>\n<li>N\u00edvel Superior: <strong>R$ 80,00<\/strong><\/li>\n<\/ul>\n<p>O pagamento da taxa deve ser feito por boleto banc\u00e1rio (c\u00f3digo de barras ou PIX), gerado no ato da inscri\u00e7\u00e3o, respeitando o prazo de vencimento e o hor\u00e1rio de funcionamento das institui\u00e7\u00f5es financeiras. Candidatos que se enquadram nos crit\u00e9rios para isen\u00e7\u00e3o da taxa devem consultar os procedimentos e prazos especificados no Anexo IV do edital. \u00c9 fundamental preencher o formul\u00e1rio com dados exatos e ver\u00eddicos, al\u00e9m de anexar os documentos solicitados em formato PDF, como documento de identifica\u00e7\u00e3o oficial com foto e fotografia atualizada. Acompanhe o status da sua inscri\u00e7\u00e3o e demais comunicados na \u00e1rea restrita do candidato no site da DECORP\u00ae.<\/p>\n<h2>Etapas e Provas<\/h2>\n<p>O Processo Seletivo Simplificado da Prefeitura de Rodrigues Alves\/AC ser\u00e1 constitu\u00eddo por uma \u00fanica etapa principal para todos os cargos:<\/p>\n<ul>\n<li><strong>Prova Objetiva:<\/strong> De car\u00e1ter <em>eliminat\u00f3rio e classificat\u00f3rio<\/em>, esta etapa ser\u00e1 composta por quest\u00f5es de m\u00faltipla escolha, com 4 (quatro) alternativas cada, sendo apenas uma correta.\n<ul>\n<li>Para cargos de <strong>N\u00edvel Fundamental<\/strong>, a prova ter\u00e1 um total de 25 quest\u00f5es.<\/li>\n<li>Para cargos de <strong>N\u00edvel M\u00e9dio, T\u00e9cnico e Superior<\/strong>, a prova contar\u00e1 com 30 quest\u00f5es.<\/li>\n<\/ul>\n<\/li>\n<\/ul>\n<p>As disciplinas cobradas variar\u00e3o conforme o n\u00edvel de escolaridade e o cargo pretendido, abrangendo conhecimentos gerais e, quando aplic\u00e1vel, espec\u00edficos, conforme detalhado no Anexo III do edital. A dura\u00e7\u00e3o m\u00e1xima para a realiza\u00e7\u00e3o da prova objetiva ser\u00e1 de <strong>3 horas<\/strong>, incluindo o tempo para preenchimento do cart\u00e3o de respostas. Para ser aprovado, o candidato dever\u00e1 obter, no m\u00ednimo, <strong>50% (cinquenta por cento)<\/strong> da pontua\u00e7\u00e3o total da prova. Conforme o item 8.1 do edital, este certame n\u00e3o contempla etapa de Avalia\u00e7\u00e3o Curricular (Prova de T\u00edtulos).<\/p>\n<h2>Resultados e Gabarito<\/h2>\n<p>A divulga\u00e7\u00e3o dos gabaritos preliminares e definitivos da prova objetiva, bem como os resultados preliminares e finais do Processo Seletivo Simplificado da Prefeitura de Rodrigues Alves\/AC, seguir\u00e1 o cronograma previsto no Anexo IV do edital. Todas essas publica\u00e7\u00f5es ser\u00e3o disponibilizadas no site da banca organizadora DECORP\u00ae (<a href=\"https:\/\/portal.decorp.selecao.site\/\" target=\"_blank\" rel=\"noopener noreferrer\">https:\/\/portal.decorp.selecao.site\/<\/a>) e replicadas no portal oficial da Prefeitura.<\/p>\n<p>A classifica\u00e7\u00e3o final dos candidatos ser\u00e1 feita em ordem decrescente da pontua\u00e7\u00e3o total obtida na prova objetiva. Em caso de empate, ser\u00e3o aplicados os seguintes crit\u00e9rios, sucessivamente, conforme item 11.1 do edital:<\/p>\n<ul>\n<li>Idade igual ou superior a 60 anos (com prioridade aos maiores de 80 anos, conforme Estatuto do Idoso);<\/li>\n<li>Maior n\u00famero de pontos nas quest\u00f5es de Conhecimentos Espec\u00edficos;<\/li>\n<li>Maior n\u00famero de pontos nas quest\u00f5es de L\u00edngua Portuguesa;<\/li>\n<li>Maior n\u00famero de pontos nas quest\u00f5es de Matem\u00e1tica e Racioc\u00ednio L\u00f3gico;<\/li>\n<li>Maior n\u00famero de pontos nas quest\u00f5es de Inform\u00e1tica e Tecnologia;<\/li>\n<li>Maior n\u00famero de pontos nas quest\u00f5es de Conhecimentos Gerais e Atualidades;<\/li>\n<li>Maior idade (para candidatos com menos de 60 anos, considerando dia, m\u00eas, ano e hor\u00e1rio de nascimento, se constar);<\/li>\n<li>Sorteio, se persistir o empate.<\/li>\n<\/ul>\n<p>A homologa\u00e7\u00e3o do resultado final ser\u00e1 publicada primeiramente no site oficial da Prefeitura Municipal de Rodrigues Alves e, em at\u00e9 2 (dois) dias \u00fateis, no Di\u00e1rio Oficial do Estado do Acre (DOEAC). As convoca\u00e7\u00f5es dos candidatos aprovados dentro do n\u00famero de vagas e do cadastro de reserva tamb\u00e9m seguir\u00e3o por esses canais.<\/p>\n<p>\u00c9 de responsabilidade exclusiva do candidato acompanhar todas as publica\u00e7\u00f5es oficiais referentes ao certame no site da banca organizadora e nos ve\u00edculos oficiais de comunica\u00e7\u00e3o da Prefeitura e do Estado.<\/p>\n","protected":false},"excerpt":{"rendered":"<p>Processo Seletivo Pref. Rodrigues Alves (AC) com edital publicado! Vagas p\/ Professor e M\u00e9dico (Fund. a Sup.). Inscri\u00e7\u00f5es a partir de 13\/06. Confira detalhes!<\/p>\n","protected":false},"author":7,"featured_media":267322,"comment_status":"open","ping_status":"open","sticky":false,"template":"","format":"standard","meta":{"_acf_changed":false,"_breakdance_hide_in_design_set":false,"_breakdance_tags":"","footnotes":""},"categories":[6433,7,11,12,17,18,19,111,100,20,116,21,23,24,25,26,101,108,134],"tags":[38],"_amplo":[],"destaque":[],"instituicoes":[],"class_list":["post-267323","post","type-post","status-publish","format-standard","has-post-thumbnail","hentry","category-biologia-licenciatura","category-biomedicina","category-educacao-fisica","category-enfermagem","category-farmacia","category-fisioterapia","category-fonoaudiologia","category-geografia","category-historia","category-letras","category-matematica","category-medicina","category-nutricao","category-odontologia","category-pedagogia","category-psicologia","category-servico-social","category-tecnico-enfermagem","category-terapia-ocupacional","tag-acre"],"acf":{"_tipo_vagas":"vagas","_numero_vagas":"","_quadro_vagas":"","_cargos":"diversos","_cargos_especificos":"","_salario_max":"R$ 4842.64","_abertura":"20250613","_encerramento":"20250622","_inscricoes":"https:\/\/portal.decorp.selecao.site\/","_executora_concurso":"","_instituicao_concurso":[],"_link_adicional":null,"_anexos":null,"_produtos":null,"_vagas":"172 vagas","_salario_min":"R$ 1518","_instituicao":"Prefeitura Municipal de Rodrigues Alves","_edital":"https:\/\/www.agrobase.com.br\/concursos\/wp-content\/uploads\/sites\/4\/2025\/06\/edital-02-2025-rodrigues-alves-ac.pdf","_anexos_edital":"https:\/\/www.agrobase.com.br\/concursos\/wp-content\/uploads\/sites\/4\/2025\/06\/anexos-edital-02-2025-rodrigues-alves-ac.pdf","_fund_incompleto":"","_fund_completo":"<div>\r\n<table class=\"quadro\">\r\n<thead>\r\n<tr>\r\n<th class=\"hcargo\">Cargo<\/th>\r\n<th class=\"hvagas\">Vagas<\/th>\r\n<th class=\"hremuneracao\">Remunera\u00e7\u00e3o<\/th>\r\n<\/tr>\r\n<\/thead>\r\n    <tbody>\r\n      <td class=\"ccargos\">\r\n<span data-balloon-length=\"medium\" aria-label=\"Ensino Fundamental completo, com certificado reconhecido por \u00f3rg\u00e3o competente.\" data-balloon-pos=\"up\">MERENDEIRA<\/span><\/td>\r\n<td class=\"cvagas\">01<\/td>\r\n<td class=\"cremuneracao\">R$ 1.518,00 \/40h<\/td>\r\n<\/tr><td class=\"ccargos\">\r\n<span data-balloon-length=\"medium\" aria-label=\"Ensino Fundamental completo, com certificado reconhecido por \u00f3rg\u00e3o competente.\" data-balloon-pos=\"up\">SERVI\u00c7OS GERAIS<\/span><\/td>\r\n<td class=\"cvagas\">02<\/td>\r\n<td class=\"cremuneracao\">R$ 1.518,00 \/40h<\/td>\r\n<\/tr><td class=\"ccargos\">\r\n<span data-balloon-length=\"medium\" aria-label=\"Ensino Fundamental completo, com certificado reconhecido por \u00f3rg\u00e3o competente.\" data-balloon-pos=\"up\">MERENDEIRA<\/span><\/td>\r\n<td class=\"cvagas\">12<\/td>\r\n<td class=\"cremuneracao\">R$ 1.518,00 \/40h<\/td>\r\n<\/tr><td class=\"ccargos\">\r\n<span data-balloon-length=\"medium\" aria-label=\"Ensino Fundamental completo, com certificado reconhecido por \u00f3rg\u00e3o competente.\" data-balloon-pos=\"up\">SERVENTE<\/span><\/td>\r\n<td class=\"cvagas\">20<\/td>\r\n<td class=\"cremuneracao\">R$ 1.518,00 \/40h<\/td>\r\n<\/tr><td class=\"ccargos\">\r\n<span data-balloon-length=\"medium\" aria-label=\"Ensino Fundamental completo, com certificado reconhecido por \u00f3rg\u00e3o competente.\" data-balloon-pos=\"up\">VIGIA<\/span><\/td>\r\n<td class=\"cvagas\">07<\/td>\r\n<td class=\"cremuneracao\">R$ 1.518,00 \/40h<\/td>\r\n<\/tr><td class=\"ccargos\">\r\n<span data-balloon-length=\"medium\" aria-label=\"Ensino Fundamental completo, com certificado reconhecido por \u00f3rg\u00e3o competente.\" data-balloon-pos=\"up\">AUXILIAR DE SERVI\u00c7OS GERAIS<\/span><\/td>\r\n<td class=\"cvagas\">04<\/td>\r\n<td class=\"cremuneracao\">R$ 1.518,00 \/40h<\/td>\r\n<\/tr><td class=\"ccargos\">\r\n<span data-balloon-length=\"medium\" aria-label=\"Ensino Fundamental completo, com certificado reconhecido por \u00f3rg\u00e3o competente.\" data-balloon-pos=\"up\">COZINHEIRO<\/span><\/td>\r\n<td class=\"cvagas\">02<\/td>\r\n<td class=\"cremuneracao\">R$ 1.518,00 \/40h<\/td>\r\n<\/tr>\r\n    <\/tbody>\r\n  <\/table>\r\n<\/div>","_medio":"<div>\r\n<table class=\"quadro\">\r\n<thead>\r\n<tr>\r\n<th class=\"hcargo\">Cargo<\/th>\r\n<th class=\"hvagas\">Vagas<\/th>\r\n<th class=\"hremuneracao\">Remunera\u00e7\u00e3o<\/th>\r\n<\/tr>\r\n<\/thead>\r\n    <tbody>\r\n      <td class=\"ccargos\">\r\n<span data-balloon-length=\"medium\" aria-label=\"Ensino M\u00e9dio completo, com certificado reconhecido por \u00f3rg\u00e3o competente.\" data-balloon-pos=\"up\">CUIDADOR DE IDOSOS<\/span><\/td>\r\n<td class=\"cvagas\">01<\/td>\r\n<td class=\"cremuneracao\">R$ 1.518,00 \/40h<\/td>\r\n<\/tr><td class=\"ccargos\">\r\n<span data-balloon-length=\"medium\" aria-label=\"Ensino M\u00e9dio completo, com certificado reconhecido por \u00f3rg\u00e3o competente.\" data-balloon-pos=\"up\">FACILITADOR SOCIAL<\/span><\/td>\r\n<td class=\"cvagas\">02<\/td>\r\n<td class=\"cremuneracao\">R$ 1.518,00 \/40h<\/td>\r\n<\/tr><td class=\"ccargos\">\r\n<span data-balloon-length=\"medium\" aria-label=\"Ensino M\u00e9dio completo, com certificado reconhecido por \u00f3rg\u00e3o competente.\" data-balloon-pos=\"up\">ORIENTADOR SOCIAL<\/span><\/td>\r\n<td class=\"cvagas\">03<\/td>\r\n<td class=\"cremuneracao\">R$ 1.518,00 \/40h<\/td>\r\n<\/tr><td class=\"ccargos\">\r\n<span data-balloon-length=\"medium\" aria-label=\"Ensino M\u00e9dio completo, com certificado reconhecido por \u00f3rg\u00e3o competente.\" data-balloon-pos=\"up\">ASSISTENTE EDUCACIONAL<\/span><\/td>\r\n<td class=\"cvagas\">10<\/td>\r\n<td class=\"cremuneracao\">R$ 1.900,00 \/40h<\/td>\r\n<\/tr><td class=\"ccargos\">\r\n<span data-balloon-length=\"medium\" aria-label=\"Ensino M\u00e9dio completo, com certificado reconhecido por \u00f3rg\u00e3o competente; e ter conclu\u00eddo, com aproveitamento, curso de forma\u00e7\u00e3o inicial de 40h em agente comunit\u00e1rio de sa\u00fade, e residir na \u00e1rea da comunidade em que ir\u00e1 atuar desde a data de publica\u00e7\u00e3o do edital, conforme Lei Federal n\u00ba 11.350\/2006.\" data-balloon-pos=\"up\">AGENTE COMUNIT\u00c1RIO DE SA\u00daDE<\/span><\/td>\r\n<td class=\"cvagas\">06<\/td>\r\n<td class=\"cremuneracao\">R$ 3.036,00 \/40h<\/td>\r\n<\/tr><td class=\"ccargos\">\r\n<span data-balloon-length=\"medium\" aria-label=\"Ensino M\u00e9dio completo, com certificado reconhecido por \u00f3rg\u00e3o competente; e ter conclu\u00eddo, com aproveitamento, curso de forma\u00e7\u00e3o inicial de 40h desde a data de publica\u00e7\u00e3o do edital, conforme Lei Federal n\u00ba 11.350\/2006.\" data-balloon-pos=\"up\">AGENTE DE COMBATE \u00c0S ENDEMIAS<\/span><\/td>\r\n<td class=\"cvagas\">12<\/td>\r\n<td class=\"cremuneracao\">R$ 3.036,00 \/40h<\/td>\r\n<\/tr><td class=\"ccargos\">\r\n<span data-balloon-length=\"medium\" aria-label=\"Ensino M\u00e9dio completo, com certificado reconhecido por \u00f3rg\u00e3o competente.\" data-balloon-pos=\"up\">AGENTE DE VIGIL\u00c2NCIA SANIT\u00c1RIA<\/span><\/td>\r\n<td class=\"cvagas\">02<\/td>\r\n<td class=\"cremuneracao\">R$ 1.518,00 \/40h<\/td>\r\n<\/tr><td class=\"ccargos\">\r\n<span data-balloon-length=\"medium\" aria-label=\"Ensino M\u00e9dio completo, com certificado reconhecido por \u00f3rg\u00e3o competente.\" data-balloon-pos=\"up\">ASSISTENTE ADMINISTRATIVO (DIGITADOR)<\/span><\/td>\r\n<td class=\"cvagas\">02<\/td>\r\n<td class=\"cremuneracao\">R$ 1.518,00 \/40h<\/td>\r\n<\/tr><td class=\"ccargos\">\r\n<span data-balloon-length=\"medium\" aria-label=\"Ensino m\u00e9dio completo, com certificado reconhecido pelo \u00f3rg\u00e3o competente e registro no conselho de classe.\" data-balloon-pos=\"up\">AUXILIAR DE CONSULT\u00d3RIO ODONTOL\u00d3GICO<\/span><\/td>\r\n<td class=\"cvagas\">03<\/td>\r\n<td class=\"cremuneracao\">R$ 1.518,00 \/40h<\/td>\r\n<\/tr><td class=\"ccargos\">\r\n<span data-balloon-length=\"medium\" aria-label=\"Ensino M\u00e9dio completo, com certificado reconhecido por \u00f3rg\u00e3o competente.\" data-balloon-pos=\"up\">AUXILIAR DE FARM\u00c1CIA<\/span><\/td>\r\n<td class=\"cvagas\">02<\/td>\r\n<td class=\"cremuneracao\">R$ 1.518,00 \/40h<\/td>\r\n<\/tr><td class=\"ccargos\">\r\n<span data-balloon-length=\"medium\" aria-label=\"Ensino M\u00e9dio completo, com certificado reconhecido por \u00f3rg\u00e3o competente e curso na \u00e1rea espec\u00edfica.\" data-balloon-pos=\"up\">MICROSCOPISTA<\/span><\/td>\r\n<td class=\"cvagas\">03<\/td>\r\n<td class=\"cremuneracao\">R$ 3.036,00 \/40h<\/td>\r\n<\/tr><td class=\"ccargos\">\r\n<span data-balloon-length=\"medium\" aria-label=\"Ensino M\u00e9dio completo, com certificado reconhecido por \u00f3rg\u00e3o competente, e Carteira Nacional de Habilita\u00e7\u00e3o (CNH) nas categorias A e B, v\u00e1lida e regular, sem restri\u00e7\u00f5es, suspens\u00e3o ou excesso de pontos que impe\u00e7am a condu\u00e7\u00e3o de ve\u00edculos conforme as normas do C\u00f3digo de Tr\u00e2nsito Brasileiro (CTB).\" data-balloon-pos=\"up\">MOTORISTA HABILITADO - CATEGORIA AB<\/span><\/td>\r\n<td class=\"cvagas\">02<\/td>\r\n<td class=\"cremuneracao\">R$ 1.518,00 \/40h<\/td>\r\n<\/tr><td class=\"ccargos\">\r\n<span data-balloon-length=\"medium\" aria-label=\"Ensino M\u00e9dio completo, com certificado reconhecido por \u00f3rg\u00e3o competente.\" data-balloon-pos=\"up\">RECEPCIONISTA<\/span><\/td>\r\n<td class=\"cvagas\">01<\/td>\r\n<td class=\"cremuneracao\">R$ 1.518,00 \/40h<\/td>\r\n<\/tr><td class=\"ccargos\">\r\n<span data-balloon-length=\"medium\" aria-label=\"Ensino m\u00e9dio completo e curso t\u00e9cnico de enfermagem, com certificado reconhecido por \u00f3rg\u00e3o competente e registro no conselho de classe.\" data-balloon-pos=\"up\">T\u00c9CNICO DE ENFERMAGEM<\/span><\/td>\r\n<td class=\"cvagas\">04<\/td>\r\n<td class=\"cremuneracao\">R$ 1.518,00 \/40h<\/td>\r\n<\/tr><td class=\"ccargos\">\r\n<span data-balloon-length=\"medium\" aria-label=\"Ensino M\u00e9dio completo, com certificado reconhecido por \u00f3rg\u00e3o competente.\" data-balloon-pos=\"up\">T\u00c9CNICO EDUCACIONAL<\/span><\/td>\r\n<td class=\"cvagas\">01<\/td>\r\n<td class=\"cremuneracao\">R$ 1.518,00 \/40h<\/td>\r\n<\/tr><td class=\"ccargos\">\r\n<span data-balloon-length=\"medium\" aria-label=\"Curso t\u00e9cnico completo em an\u00e1lises cl\u00ednicas, com certificado reconhecido por \u00f3rg\u00e3o competente e registro no conselho de classe.\" data-balloon-pos=\"up\">T\u00c9CNICO EM AN\u00c1LISES CL\u00cdNICAS E LABORATORIAIS<\/span><\/td>\r\n<td class=\"cvagas\">01<\/td>\r\n<td class=\"cremuneracao\">R$ 1.518,00 \/40h<\/td>\r\n<\/tr>\r\n    <\/tbody>\r\n  <\/table>\r\n<\/div>","_superior":"<div>\r\n<table class=\"quadro\">\r\n<thead>\r\n<tr>\r\n<th class=\"hcargo\">Cargo<\/th>\r\n<th class=\"hvagas\">Vagas<\/th>\r\n<th class=\"hremuneracao\">Remunera\u00e7\u00e3o<\/th>\r\n<\/tr>\r\n<\/thead>\r\n    <tbody>\r\n      <tr>\r\n<td class=\"ccargos\">\r\n<span data-balloon-length=\"medium\" aria-label=\"Gradua\u00e7\u00e3o conclu\u00edda em servi\u00e7o social ou similar, reconhecida pelo MEC e registro no conselho de classe.\" data-balloon-pos=\"up\">ASSISTENTE SOCIAL<\/span><\/td>\r\n<td class=\"cvagas\">02<\/td>\r\n<td class=\"cremuneracao\">R$ 2.200,00 \/30h<\/td>\r\n<\/tr><tr>\r\n<td class=\"ccargos\">\r\n<span data-balloon-length=\"medium\" aria-label=\"Gradua\u00e7\u00e3o em psicologia com registro ativo no conselho de classe.\" data-balloon-pos=\"up\">PSIC\u00d3LOGO<\/span><\/td>\r\n<td class=\"cvagas\">01<\/td>\r\n<td class=\"cremuneracao\">R$ 2.200,00 \/30h<\/td>\r\n<\/tr><tr>\r\n<td class=\"ccargos\">\r\n<span data-balloon-length=\"medium\" aria-label=\"Gradua\u00e7\u00e3o conclu\u00edda em servi\u00e7o social ou similar, reconhecida pelo MEC e registro no conselho de classe.\" data-balloon-pos=\"up\">ASSISTENTE SOCIAL<\/span><\/td>\r\n<td class=\"cvagas\">01<\/td>\r\n<td class=\"cremuneracao\">R$ 2.200,00 \/30h<\/td>\r\n<\/tr><tr>\r\n<td class=\"ccargos\">\r\n<span data-balloon-length=\"medium\" aria-label=\"Gradua\u00e7\u00e3o conclu\u00edda em fonoaudiologia, reconhecida pelo MEC e registro no conselho de classe.\" data-balloon-pos=\"up\">FONOAUDI\u00d3LOGO<\/span><\/td>\r\n<td class=\"cvagas\">01<\/td>\r\n<td class=\"cremuneracao\">R$ 2.200,00 \/30h<\/td>\r\n<\/tr><tr>\r\n<td class=\"ccargos\">\r\n<span data-balloon-length=\"medium\" aria-label=\"Gradua\u00e7\u00e3o em nutri\u00e7\u00e3o com registro ativo no conselho de classe.\" data-balloon-pos=\"up\">NUTRICIONISTA<\/span><\/td>\r\n<td class=\"cvagas\">01<\/td>\r\n<td class=\"cremuneracao\">R$ 2.200,00 \/30h<\/td>\r\n<\/tr><tr>\r\n<td class=\"ccargos\">\r\n<span data-balloon-length=\"medium\" aria-label=\"Gradua\u00e7\u00e3o superior em pedagogia ou licenciatura plena em qualquer \u00e1rea de atua\u00e7\u00e3o, reconhecida pelo MEC e experi\u00eancia comprovada.\" data-balloon-pos=\"up\">PROFESSOR ED. INFANTIL<\/span><\/td>\r\n<td class=\"cvagas\">15<\/td>\r\n<td class=\"cremuneracao\">R$ 2.862,86 \/25h<\/td>\r\n<\/tr><tr>\r\n<td class=\"ccargos\">\r\n<span data-balloon-length=\"medium\" aria-label=\"Gradua\u00e7\u00e3o superior em pedagogia ou licenciatura plena em qualquer \u00e1rea de atua\u00e7\u00e3o, reconhecida pelo MEC e experi\u00eancia comprovada.\" data-balloon-pos=\"up\">PROFESSOR EJA I<\/span><\/td>\r\n<td class=\"cvagas\">07<\/td>\r\n<td class=\"cremuneracao\">R$ 2.862,86 \/25h<\/td>\r\n<\/tr><tr>\r\n<td class=\"ccargos\">\r\n<span data-balloon-length=\"medium\" aria-label=\"Gradua\u00e7\u00e3o superior em pedagogia ou licenciatura plena em qualquer \u00e1rea de atua\u00e7\u00e3o, reconhecida pelo MEC e experi\u00eancia comprovada.\" data-balloon-pos=\"up\">PROFESSOR ENSINO FUNDAMENTAL I<\/span><\/td>\r\n<td class=\"cvagas\">17<\/td>\r\n<td class=\"cremuneracao\">R$ 2.862,86 \/25h<\/td>\r\n<\/tr><tr>\r\n<td class=\"ccargos\">\r\n<span data-balloon-length=\"medium\" aria-label=\"Licenciatura plena na \u00e1rea espec\u00edfica de atua\u00e7\u00e3o (L\u00edngua Portuguesa), reconhecida pelo MEC, com especializa\u00e7\u00e3o na disciplina correspondente e experi\u00eancia comprovada.\" data-balloon-pos=\"up\">PROF ENS FUND II L\u00edngua Portuguesa<\/span><\/td>\r\n<td class=\"cvagas\">01<\/td>\r\n<td class=\"cremuneracao\">R$ 2.862,86 \/25h<\/td>\r\n<\/tr><tr>\r\n<td class=\"ccargos\">\r\n<span data-balloon-length=\"medium\" aria-label=\"Licenciatura plena na \u00e1rea espec\u00edfica de atua\u00e7\u00e3o (Matem\u00e1tica), reconhecida pelo MEC, com especializa\u00e7\u00e3o na disciplina correspondente e experi\u00eancia comprovada.\" data-balloon-pos=\"up\">PROF ENS FUND II Matem\u00e1tica<\/span><\/td>\r\n<td class=\"cvagas\">01<\/td>\r\n<td class=\"cremuneracao\">R$ 2.862,86 \/25h<\/td>\r\n<\/tr><tr>\r\n<td class=\"ccargos\">\r\n<span data-balloon-length=\"medium\" aria-label=\"Licenciatura plena na \u00e1rea espec\u00edfica de atua\u00e7\u00e3o (Geografia), reconhecida pelo MEC, com especializa\u00e7\u00e3o na disciplina correspondente e experi\u00eancia comprovada.\" data-balloon-pos=\"up\">PROF ENS FUND II Geografia<\/span><\/td>\r\n<td class=\"cvagas\">01<\/td>\r\n<td class=\"cremuneracao\">R$ 2.862,86 \/25h<\/td>\r\n<\/tr><tr>\r\n<td class=\"ccargos\">\r\n<span data-balloon-length=\"medium\" aria-label=\"Licenciatura plena na \u00e1rea espec\u00edfica de atua\u00e7\u00e3o (Linguagens, c\u00f3digos e suas tecnologias), reconhecida pelo MEC, com especializa\u00e7\u00e3o na disciplina correspondente e experi\u00eancia comprovada.\" data-balloon-pos=\"up\">PROF ENS FUND II Linguagens, c\u00f3digos e suas tecnologias<\/span><\/td>\r\n<td class=\"cvagas\">01<\/td>\r\n<td class=\"cremuneracao\">R$ 2.862,86 \/25h<\/td>\r\n<\/tr><tr>\r\n<td class=\"ccargos\">\r\n<span data-balloon-length=\"medium\" aria-label=\"Licenciatura plena na \u00e1rea espec\u00edfica de atua\u00e7\u00e3o (Matem\u00e1tica e suas tecnologias), reconhecida pelo MEC, com especializa\u00e7\u00e3o na disciplina correspondente e experi\u00eancia comprovada.\" data-balloon-pos=\"up\">PROF ENS FUND II Matem\u00e1tica e suas tecnologias<\/span><\/td>\r\n<td class=\"cvagas\">01<\/td>\r\n<td class=\"cremuneracao\">R$ 2.862,86 \/25h<\/td>\r\n<\/tr><tr>\r\n<td class=\"ccargos\">\r\n<span data-balloon-length=\"medium\" aria-label=\"Licenciatura plena na \u00e1rea espec\u00edfica de atua\u00e7\u00e3o (Ci\u00eancias Humanas e Sociais Aplicadas), reconhecida pelo MEC, com especializa\u00e7\u00e3o na disciplina correspondente e experi\u00eancia comprovada.\" data-balloon-pos=\"up\">PROF ENS FUND II Ci\u00eancias Humanas e Sociais Aplicadas<\/span><\/td>\r\n<td class=\"cvagas\">01<\/td>\r\n<td class=\"cremuneracao\">R$ 2.862,86 \/25h<\/td>\r\n<\/tr><tr>\r\n<td class=\"ccargos\">\r\n<span data-balloon-length=\"medium\" aria-label=\"Gradua\u00e7\u00e3o em psicologia com registro ativo no conselho de classe.\" data-balloon-pos=\"up\">PSIC\u00d3LOGO<\/span><\/td>\r\n<td class=\"cvagas\">01<\/td>\r\n<td class=\"cremuneracao\">R$ 2.200,00 \/30h<\/td>\r\n<\/tr><tr>\r\n<td class=\"ccargos\">\r\n<span data-balloon-length=\"medium\" aria-label=\"Gradua\u00e7\u00e3o conclu\u00edda em servi\u00e7o social ou similar, reconhecida pelo MEC e registro no conselho de classe.\" data-balloon-pos=\"up\">ASSISTENTE SOCIAL<\/span><\/td>\r\n<td class=\"cvagas\">02<\/td>\r\n<td class=\"cremuneracao\">R$ 2.751,50 \/40h<\/td>\r\n<\/tr><tr>\r\n<td class=\"ccargos\">\r\n<span data-balloon-length=\"medium\" aria-label=\"Gradua\u00e7\u00e3o conclu\u00edda em biomedicina, reconhecida pelo MEC e registro no conselho de classe.\" data-balloon-pos=\"up\">BIOM\u00c9DICO<\/span><\/td>\r\n<td class=\"cvagas\">01<\/td>\r\n<td class=\"cremuneracao\">R$ 2.751,50 \/40h<\/td>\r\n<\/tr><tr>\r\n<td class=\"ccargos\">\r\n<span data-balloon-length=\"medium\" aria-label=\"Gradua\u00e7\u00e3o conclu\u00edda em Odontologia, reconhecida pelo MEC, com registro no conselho de classe e especializa\u00e7\u00e3o em Cirurgia bucomaxilofacial, implantodontia ou periodontia avan\u00e7ada.\" data-balloon-pos=\"up\">CIRURGI\u00c3O DENTISTA<\/span><\/td>\r\n<td class=\"cvagas\">03<\/td>\r\n<td class=\"cremuneracao\">R$ 2.751,50 \/30h<\/td>\r\n<\/tr><tr>\r\n<td class=\"ccargos\">\r\n<span data-balloon-length=\"medium\" aria-label=\"Gradua\u00e7\u00e3o conclu\u00edda em educa\u00e7\u00e3o f\u00edsica, reconhecida pelo MEC e registro no conselho de classe.\" data-balloon-pos=\"up\">EDUCADOR F\u00cdSICO<\/span><\/td>\r\n<td class=\"cvagas\">03<\/td>\r\n<td class=\"cremuneracao\">R$ 2.751,50 \/40h<\/td>\r\n<\/tr><tr>\r\n<td class=\"ccargos\">\r\n<span data-balloon-length=\"medium\" aria-label=\"Gradua\u00e7\u00e3o conclu\u00edda em enfermagem, reconhecida pelo MEC e registro no conselho de classe.\" data-balloon-pos=\"up\">ENFERMEIRO<\/span><\/td>\r\n<td class=\"cvagas\">04<\/td>\r\n<td class=\"cremuneracao\">R$ 2.751,50 \/40h<\/td>\r\n<\/tr><tr>\r\n<td class=\"ccargos\">\r\n<span data-balloon-length=\"medium\" aria-label=\"Gradua\u00e7\u00e3o conclu\u00edda em farm\u00e1cia ou farm\u00e1cia bioqu\u00edmica, reconhecida pelo MEC e registro no conselho de classe.\" data-balloon-pos=\"up\">FARMAC\u00caUTICO<\/span><\/td>\r\n<td class=\"cvagas\">01<\/td>\r\n<td class=\"cremuneracao\">R$ 2.751,50 \/40h<\/td>\r\n<\/tr><tr>\r\n<td class=\"ccargos\">\r\n<span data-balloon-length=\"medium\" aria-label=\"Gradua\u00e7\u00e3o conclu\u00edda em fisioterapia, reconhecida pelo MEC e registro no conselho de classe.\" data-balloon-pos=\"up\">FISIOTERAPEUTA<\/span><\/td>\r\n<td class=\"cvagas\">02<\/td>\r\n<td class=\"cremuneracao\">R$ 2.751,50 \/40h<\/td>\r\n<\/tr><tr>\r\n<td class=\"ccargos\">\r\n<span data-balloon-length=\"medium\" aria-label=\"Gradua\u00e7\u00e3o conclu\u00edda em fonoaudiologia, reconhecida pelo MEC e registro no conselho de classe.\" data-balloon-pos=\"up\">FONOAUDI\u00d3LOGO<\/span><\/td>\r\n<td class=\"cvagas\">01<\/td>\r\n<td class=\"cremuneracao\">R$ 2.751,50 \/40h<\/td>\r\n<\/tr><tr>\r\n<td class=\"ccargos\">\r\n<span data-balloon-length=\"medium\" aria-label=\"Gradua\u00e7\u00e3o em medicina com registro ativo no conselho de classe.\" data-balloon-pos=\"up\">M\u00c9DICO CL\u00cdNICO GERAL<\/span><\/td>\r\n<td class=\"cvagas\">03<\/td>\r\n<td class=\"cremuneracao\">R$ 4.842,64 \/30h<\/td>\r\n<\/tr><tr>\r\n<td class=\"ccargos\">\r\n<span data-balloon-length=\"medium\" aria-label=\"Gradua\u00e7\u00e3o em medicina com registro ativo no conselho de classe e registro de qualifica\u00e7\u00e3o de especialidade na \u00e1rea correspondente.\" data-balloon-pos=\"up\">M\u00c9DICO GINECOLOGISTA<\/span><\/td>\r\n<td class=\"cvagas\">01<\/td>\r\n<td class=\"cremuneracao\">R$ 4.842,64 \/30h<\/td>\r\n<\/tr><tr>\r\n<td class=\"ccargos\">\r\n<span data-balloon-length=\"medium\" aria-label=\"Gradua\u00e7\u00e3o em medicina com registro ativo no conselho de classe e registro de qualifica\u00e7\u00e3o de especialidade na \u00e1rea correspondente.\" data-balloon-pos=\"up\">M\u00c9DICO PEDIATRA<\/span><\/td>\r\n<td class=\"cvagas\">01<\/td>\r\n<td class=\"cremuneracao\">R$ 4.842,64 \/30h<\/td>\r\n<\/tr><tr>\r\n<td class=\"ccargos\">\r\n<span data-balloon-length=\"medium\" aria-label=\"Gradua\u00e7\u00e3o em medicina com registro ativo no conselho de classe e registro de qualifica\u00e7\u00e3o de especialidade na \u00e1rea correspondente.\" data-balloon-pos=\"up\">M\u00c9DICO ULTRASSONOGRAFISTA<\/span><\/td>\r\n<td class=\"cvagas\">01<\/td>\r\n<td class=\"cremuneracao\">R$ 4.842,64 \/30h<\/td>\r\n<\/tr><tr>\r\n<td class=\"ccargos\">\r\n<span data-balloon-length=\"medium\" aria-label=\"Gradua\u00e7\u00e3o em nutri\u00e7\u00e3o com registro ativo no conselho de classe.\" data-balloon-pos=\"up\">NUTRICIONISTA<\/span><\/td>\r\n<td class=\"cvagas\">02<\/td>\r\n<td class=\"cremuneracao\">R$ 2.751,50 \/40h<\/td>\r\n<\/tr><tr>\r\n<td class=\"ccargos\">\r\n<span data-balloon-length=\"medium\" aria-label=\"Gradua\u00e7\u00e3o em psicologia com registro ativo no conselho de classe.\" data-balloon-pos=\"up\">PSIC\u00d3LOGO<\/span><\/td>\r\n<td class=\"cvagas\">03<\/td>\r\n<td class=\"cremuneracao\">R$ 2.751,50 \/40h<\/td>\r\n<\/tr><tr>\r\n<td class=\"ccargos\">\r\n<span data-balloon-length=\"medium\" aria-label=\"Gradua\u00e7\u00e3o conclu\u00edda em Pedagogia ou Psicologia, com p\u00f3s-gradua\u00e7\u00e3o em Psicopedagogia, reconhecida pelo MEC ou Gradua\u00e7\u00e3o em psicopedagogia.\" data-balloon-pos=\"up\">PSICOPEDAGOGO<\/span><\/td>\r\n<td class=\"cvagas\">01<\/td>\r\n<td class=\"cremuneracao\">R$ 2.751,50 \/40h<\/td>\r\n<\/tr><tr>\r\n<td class=\"ccargos\">\r\n<span data-balloon-length=\"medium\" aria-label=\"Gradua\u00e7\u00e3o em terapia ocupacional com registro ativo no conselho de classe.\" data-balloon-pos=\"up\">TERAPEUTA OCUPACIONAL<\/span><\/td>\r\n<td class=\"cvagas\">01<\/td>\r\n<td class=\"cremuneracao\">R$ 2.751,50 \/40h<\/td>\r\n<\/tr>\r\n    <\/tbody>\r\n  <\/table>\r\n<\/div>"},"_links":{"self":[{"href":"https:\/\/www.agrobase.com.br\/concursos\/wp-json\/wp\/v2\/posts\/267323","targetHints":{"allow":["GET"]}}],"collection":[{"href":"https:\/\/www.agrobase.com.br\/concursos\/wp-json\/wp\/v2\/posts"}],"about":[{"href":"https:\/\/www.agrobase.com.br\/concursos\/wp-json\/wp\/v2\/types\/post"}],"author":[{"embeddable":true,"href":"https:\/\/www.agrobase.com.br\/concursos\/wp-json\/wp\/v2\/users\/7"}],"replies":[{"embeddable":true,"href":"https:\/\/www.agrobase.com.br\/concursos\/wp-json\/wp\/v2\/comments?post=267323"}],"version-history":[{"count":4,"href":"https:\/\/www.agrobase.com.br\/concursos\/wp-json\/wp\/v2\/posts\/267323\/revisions"}],"predecessor-version":[{"id":267330,"href":"https:\/\/www.agrobase.com.br\/concursos\/wp-json\/wp\/v2\/posts\/267323\/revisions\/267330"}],"wp:featuredmedia":[{"embeddable":true,"href":"https:\/\/www.agrobase.com.br\/concursos\/wp-json\/wp\/v2\/media\/267322"}],"wp:attachment":[{"href":"https:\/\/www.agrobase.com.br\/concursos\/wp-json\/wp\/v2\/media?parent=267323"}],"wp:term":[{"taxonomy":"category","embeddable":true,"href":"https:\/\/www.agrobase.com.br\/concursos\/wp-json\/wp\/v2\/categories?post=267323"},{"taxonomy":"post_tag","embeddable":true,"href":"https:\/\/www.agrobase.com.br\/concursos\/wp-json\/wp\/v2\/tags?post=267323"},{"taxonomy":"_amplo","embeddable":true,"href":"https:\/\/www.agrobase.com.br\/concursos\/wp-json\/wp\/v2\/_amplo?post=267323"},{"taxonomy":"destaque","embeddable":true,"href":"https:\/\/www.agrobase.com.br\/concursos\/wp-json\/wp\/v2\/destaque?post=267323"},{"taxonomy":"instituicoes","embeddable":true,"href":"https:\/\/www.agrobase.com.br\/concursos\/wp-json\/wp\/v2\/instituicoes?post=267323"}],"curies":[{"name":"wp","href":"https:\/\/api.w.org\/{rel}","templated":true}]}}