{"id":267270,"date":"2025-06-16T07:30:01","date_gmt":"2025-06-16T10:30:01","guid":{"rendered":"https:\/\/www.agrobase.com.br\/concursos\/?p=267270"},"modified":"2025-06-13T13:16:15","modified_gmt":"2025-06-13T16:16:15","slug":"uff-rj-concurso-96-2025","status":"publish","type":"post","link":"https:\/\/www.agrobase.com.br\/concursos\/2025\/uff-rj-concurso-96-2025\/","title":{"rendered":"UFF (RJ) &#8211; Concurso 96\/2025"},"content":{"rendered":"<h2>Informa\u00e7\u00f5es Gerais<\/h2>\n<p>O concurso p\u00fablico da <strong>Universidade Federal Fluminense (UFF)<\/strong>, regido pelo Edital UFF 2025, est\u00e1 com edital publicado e oferece <strong>105 vagas efetivas<\/strong> para cargos t\u00e9cnico-administrativos em educa\u00e7\u00e3o. A sele\u00e7\u00e3o visa ao provimento de cargos de n\u00edveis m\u00e9dio\/t\u00e9cnico (Classifica\u00e7\u00e3o D) e superior (Classifica\u00e7\u00e3o E), sob o <strong>Regime Jur\u00eddico \u00danico<\/strong> dos servidores p\u00fablicos federais (Lei n\u00ba 8.112\/1990).<\/p>\n<p>As oportunidades est\u00e3o distribu\u00eddas entre diversas unidades acad\u00eamicas e administrativas da UFF no estado do Rio de Janeiro, com jornada de trabalho de 40 horas semanais (exceto para cargos m\u00e9dicos, com 20h). H\u00e1 vagas para \u00e1reas administrativas, t\u00e9cnicas, sa\u00fade, engenharia e ci\u00eancias biol\u00f3gicas.<\/p>\n<p>Destacam-se vagas em \u00e1reas de interesse como <strong>Biologia (Bi\u00f3logo)<\/strong> e <strong>Engenharia Florestal<\/strong>, ampliando as possibilidades para profissionais dessas forma\u00e7\u00f5es.<\/p>\n<h2>Inscri\u00e7\u00f5es<\/h2>\n<p>As inscri\u00e7\u00f5es para o concurso p\u00fablico da UFF 2025 estar\u00e3o <strong>abertas de 9 de junho a 7 de julho de 2025<\/strong>, exclusivamente pela internet, no site <a href=\"https:\/\/portal.coseac.uff.br\/concursouff2025\" target=\"_blank\" rel=\"noopener\">https:\/\/portal.coseac.uff.br\/concursouff2025<\/a>.<\/p>\n<p>O valor da taxa de inscri\u00e7\u00e3o \u00e9 de <strong>R$ 145,00<\/strong> para cargos de n\u00edvel m\u00e9dio\/t\u00e9cnico (Classifica\u00e7\u00e3o D) e <strong>R$ 195,00<\/strong> para cargos de n\u00edvel superior (Classifica\u00e7\u00e3o E). O pagamento deve ser feito por boleto banc\u00e1rio gerado ao final do preenchimento do Requerimento de Inscri\u00e7\u00e3o, com vencimento at\u00e9 7 de julho de 2025.<\/p>\n<p>O candidato poder\u00e1 solicitar isen\u00e7\u00e3o da taxa conforme as condi\u00e7\u00f5es previstas no edital, respeitando os prazos e crit\u00e9rios legais. Ap\u00f3s o pagamento, o status da inscri\u00e7\u00e3o ser\u00e1 atualizado em at\u00e9 dois dias \u00fateis, e poder\u00e1 ser acompanhado na \u00e1rea restrita do site.<\/p>\n<p>\u00c9 poss\u00edvel se inscrever para mais de um cargo, desde que as provas sejam aplicadas em dias diferentes. O local de prova dever\u00e1 ser escolhido no momento da inscri\u00e7\u00e3o e n\u00e3o poder\u00e1 ser alterado posteriormente.<\/p>\n<h2>Etapas e Provas<\/h2>\n<p>O concurso da UFF 2025 ser\u00e1 composto por <strong>Prova Escrita<\/strong>, de car\u00e1ter eliminat\u00f3rio e classificat\u00f3rio, aplicada a todos os cargos. A prova ser\u00e1 realizada em dois dias distintos, conforme o n\u00edvel do cargo:<\/p>\n<ul>\n<li><strong>31 de agosto de 2025<\/strong> para cargos de N\u00edvel D (m\u00e9dio\/t\u00e9cnico)<\/li>\n<li><strong>14 de setembro de 2025<\/strong> para cargos de N\u00edvel E (superior)<\/li>\n<\/ul>\n<p>A prova ter\u00e1 dura\u00e7\u00e3o de at\u00e9 4h30 e ser\u00e1 composta por quest\u00f5es de m\u00faltipla escolha, divididas em tr\u00eas partes:<\/p>\n<ul>\n<li><strong>L\u00edngua Portuguesa<\/strong><\/li>\n<li><strong>No\u00e7\u00f5es de Administra\u00e7\u00e3o P\u00fablica<\/strong><\/li>\n<li><strong>Conhecimentos Espec\u00edficos<\/strong><\/li>\n<\/ul>\n<p>Para alguns cargos (como Assistente em Administra\u00e7\u00e3o, Psic\u00f3logo, Produtor Cultural, entre outros), haver\u00e1 ainda uma <strong>Reda\u00e7\u00e3o<\/strong>, tamb\u00e9m de car\u00e1ter eliminat\u00f3rio.<\/p>\n<p>Os crit\u00e9rios de aprova\u00e7\u00e3o variam conforme o cargo, sendo necess\u00e1rio atingir pontua\u00e7\u00e3o m\u00ednima em cada parte da prova. A reda\u00e7\u00e3o ser\u00e1 corrigida apenas dos candidatos habilitados nas partes objetivas.<\/p>\n<h2>Resultados e Gabarito<\/h2>\n<p>Os <strong>gabaritos preliminares<\/strong> ser\u00e3o divulgados no site oficial do concurso (<a href=\"https:\/\/portal.coseac.uff.br\/concursouff2025\" target=\"_blank\" rel=\"noopener\">portal.coseac.uff.br\/concursouff2025<\/a>) nas seguintes datas:<\/p>\n<ul>\n<li><strong>31 de agosto de 2025<\/strong> \u2013 provas aplicadas neste dia<\/li>\n<li><strong>14 de setembro de 2025<\/strong> \u2013 provas aplicadas neste dia<\/li>\n<\/ul>\n<p>O <strong>gabarito final<\/strong> e o <strong>resultado preliminar das provas objetivas<\/strong> ser\u00e3o publicados em <strong>7 de outubro de 2025<\/strong>. Os candidatos poder\u00e3o solicitar revis\u00e3o da contagem de acertos at\u00e9 <strong>8 de outubro<\/strong>, com resultado das revis\u00f5es previsto para <strong>10 de outubro<\/strong>.<\/p>\n<p>Para cargos com reda\u00e7\u00e3o, o resultado preliminar dessa etapa ser\u00e1 divulgado em <strong>21 de outubro de 2025<\/strong>, com prazo para vista e pedido de revis\u00e3o at\u00e9 <strong>22 de outubro<\/strong>. O resultado da revis\u00e3o ser\u00e1 publicado em <strong>30 de outubro<\/strong>, mesma data da divulga\u00e7\u00e3o da <strong>nota final preliminar<\/strong>.<\/p>\n<p>O resultado final e a <strong>homologa\u00e7\u00e3o do concurso<\/strong> ser\u00e3o publicados no <strong>Di\u00e1rio Oficial da Uni\u00e3o<\/strong>, com convoca\u00e7\u00e3o dos aprovados feita pela Pr\u00f3-Reitoria de Gest\u00e3o de Pessoas da UFF, via e-mail e telegrama com AR. A classifica\u00e7\u00e3o seguir\u00e1 crit\u00e9rios objetivos, como pontua\u00e7\u00e3o nas provas e idade, em caso de empate.<\/p>\n<p>\u00c9 responsabilidade exclusiva do candidato acompanhar todas as publica\u00e7\u00f5es no site da banca organizadora e no Di\u00e1rio Oficial da Uni\u00e3o.<\/p>\n","protected":false},"excerpt":{"rendered":"<p>Concurso UFF (RJ) com edital publicado! Vagas p\/ Assistente e TI (M\u00e9dio\/Superior). Inscri\u00e7\u00f5es a partir de 09\/06. 105 vagas. Confira detalhes!<\/p>\n","protected":false},"author":7,"featured_media":267269,"comment_status":"open","ping_status":"open","sticky":false,"template":"","format":"standard","meta":{"_acf_changed":false,"_breakdance_hide_in_design_set":false,"_breakdance_tags":"","footnotes":""},"categories":[3,144,94,6,9,120,10,117,103,15,104,17,21,26,128,150,161,159],"tags":[56],"_amplo":[],"destaque":[],"instituicoes":[],"class_list":["post-267270","post","type-post","status-publish","format-standard","has-post-thumbnail","hentry","category-administracao","category-arquivologia","category-biblioteconomia","category-biologia","category-ciencias-contabeis","category-comunicacao-social","category-direito","category-economia","category-engenharia-eletrica","category-engenharia-florestal","category-engenharia-mecanica","category-farmacia","category-medicina","category-psicologia","category-tecnico-em-contabilidade","category-tecnico-eletronica","category-tecnico-laboratorio","category-tecnologia-da-informacao","tag-rio-de-janeiro"],"acf":{"_tipo_vagas":"vagas","_numero_vagas":"","_quadro_vagas":"","_cargos":"diversos","_cargos_especificos":"","_salario_max":"R$ 4.967,04","_abertura":"20250609","_encerramento":"20250707","_inscricoes":"https:\/\/portal.coseac.uff.br\/concursouff2025","_executora_concurso":"","_instituicao_concurso":[],"_link_adicional":null,"_anexos":null,"_produtos":null,"_vagas":"105 vagas","_salario_min":"R$ 3.029,90","_instituicao":"Universidade Federal Fluminense","_edital":"https:\/\/www.agrobase.com.br\/concursos\/wp-content\/uploads\/sites\/4\/2025\/06\/edital-96-2025-uff-rj.pdf","_anexos_edital":"https:\/\/www.agrobase.com.br\/concursos\/wp-content\/uploads\/sites\/4\/2025\/06\/anexos-edital-96-2025-uff-rj.pdf","_fund_incompleto":"","_fund_completo":"","_medio":"<div>\r\n<table class=\"quadro\">\r\n<thead>\r\n<tr>\r\n<th class=\"hcargo\">Cargo<\/th>\r\n<th class=\"hvagas\">Vagas<\/th>\r\n<th class=\"hremuneracao\">Remunera\u00e7\u00e3o<\/th>\r\n<\/tr>\r\n<\/thead>\r\n    <tbody>\r\n      <td class=\"ccargos\">\r\n<span data-balloon-length=\"medium\" aria-label=\"Forma\u00e7\u00e3o completa de N\u00edvel M\u00e9dio Profissionalizante de T\u00e9cnico em Administra\u00e7\u00e3o OU Ensino M\u00e9dio completo e comprova\u00e7\u00e3o de experi\u00eancia profissional de, no m\u00ednimo, doze meses em \u00e1rea Administrativa.\" data-balloon-pos=\"up\">Assistente em Administra\u00e7\u00e3o<\/span><\/td>\r\n<td class=\"cvagas\">46<\/td>\r\n<td class=\"cremuneracao\">R$ 0,00 \/40h<\/td>\r\n<\/tr><td class=\"ccargos\">\r\n<span data-balloon-length=\"medium\" aria-label=\"Forma\u00e7\u00e3o completa de N\u00edvel M\u00e9dio Profissionalizante na \u00e1rea de Biot\u00e9rio OU Ensino M\u00e9dio completo mais Curso T\u00e9cnico na \u00e1rea de Biot\u00e9rio; e Registro no \u00d3rg\u00e3o Fiscalizador competente, se for o caso, e comprova\u00e7\u00e3o de regularidade.\" data-balloon-pos=\"up\">T\u00e9cnico de Laborat\u00f3rio\/\u00c1rea: Biot\u00e9rio<\/span><\/td>\r\n<td class=\"cvagas\">01<\/td>\r\n<td class=\"cremuneracao\">R$ 0,00 \/40h<\/td>\r\n<\/tr><td class=\"ccargos\">\r\n<span data-balloon-length=\"medium\" aria-label=\"Forma\u00e7\u00e3o completa de N\u00edvel M\u00e9dio Profissionalizante de Eletr\u00f4nica OU Ensino M\u00e9dio completo mais Curso T\u00e9cnico em Eletr\u00f4nica; e Registro no Conselho Regional de T\u00e9cnicos Industriais e comprova\u00e7\u00e3o de regularidade.\" data-balloon-pos=\"up\">T\u00e9cnico de Laborat\u00f3rio\/\u00c1rea: Eletr\u00f4nica<\/span><\/td>\r\n<td class=\"cvagas\">01<\/td>\r\n<td class=\"cremuneracao\">R$ 0,00 \/40h<\/td>\r\n<\/tr><td class=\"ccargos\">\r\n<span data-balloon-length=\"medium\" aria-label=\"Forma\u00e7\u00e3o completa de N\u00edvel M\u00e9dio Profissionalizante de Eletrot\u00e9cnica OU Ensino M\u00e9dio completo mais Curso T\u00e9cnico em Eletrot\u00e9cnica; e Registro no Conselho Regional de T\u00e9cnicos Industriais e comprova\u00e7\u00e3o de regularidade.\" data-balloon-pos=\"up\">T\u00e9cnico de Laborat\u00f3rio\/\u00c1rea: Eletrot\u00e9cnica<\/span><\/td>\r\n<td class=\"cvagas\">01<\/td>\r\n<td class=\"cremuneracao\">R$ 0,00 \/40h<\/td>\r\n<\/tr><td class=\"ccargos\">\r\n<span data-balloon-length=\"medium\" aria-label=\"Forma\u00e7\u00e3o completa de N\u00edvel M\u00e9dio Profissionalizante na \u00e1rea de Qu\u00edmica OU Ensino M\u00e9dio completo mais Curso T\u00e9cnico na \u00e1rea de Qu\u00edmica; e Registro no Conselho Regional de Qu\u00edmica e comprova\u00e7\u00e3o de regularidade.\" data-balloon-pos=\"up\">T\u00e9cnico de Laborat\u00f3rio\/\u00c1rea: Qu\u00edmica<\/span><\/td>\r\n<td class=\"cvagas\">05<\/td>\r\n<td class=\"cremuneracao\">R$ 0,00 \/40h<\/td>\r\n<\/tr><td class=\"ccargos\">\r\n<span data-balloon-length=\"medium\" aria-label=\"Forma\u00e7\u00e3o completa de N\u00edvel M\u00e9dio Profissionalizante na \u00e1rea de Tecnologia da Informa\u00e7\u00e3o OU Ensino M\u00e9dio completo mais Curso T\u00e9cnico em Eletr\u00f4nica com \u00eanfase em Sistemas Computacionais.\" data-balloon-pos=\"up\">T\u00e9cnico de Tecnologia da Informa\u00e7\u00e3o<\/span><\/td>\r\n<td class=\"cvagas\">19<\/td>\r\n<td class=\"cremuneracao\">R$ 0,00 \/40h<\/td>\r\n<\/tr><td class=\"ccargos\">\r\n<span data-balloon-length=\"medium\" aria-label=\"Forma\u00e7\u00e3o completa de N\u00edvel M\u00e9dio Profissionalizante em Contabilidade OU Ensino M\u00e9dio completo mais Curso de T\u00e9cnico em Contabilidade; e Registro no Conselho Regional de Contabilidade, se for o caso, e comprova\u00e7\u00e3o de regularidade.\" data-balloon-pos=\"up\">T\u00e9cnico em Contabilidade<\/span><\/td>\r\n<td class=\"cvagas\">01<\/td>\r\n<td class=\"cremuneracao\">R$ 0,00 \/40h<\/td>\r\n<\/tr>\r\n    <\/tbody>\r\n  <\/table>\r\n<\/div>","_superior":"<div>\r\n<table class=\"quadro\">\r\n<thead>\r\n<tr>\r\n<th class=\"hcargo\">Cargo<\/th>\r\n<th class=\"hvagas\">Vagas<\/th>\r\n<th class=\"hremuneracao\">Remunera\u00e7\u00e3o<\/th>\r\n<\/tr>\r\n<\/thead>\r\n    <tbody>\r\n      <tr>\r\n<td class=\"ccargos\">\r\n<span data-balloon-length=\"medium\" aria-label=\"Forma\u00e7\u00e3o superior completa em Curso de Gradua\u00e7\u00e3o em Arquivologia; e Registro na Superintend\u00eancia Regional do Trabalho e Emprego, do Minist\u00e9rio do Trabalho e Emprego.\" data-balloon-pos=\"up\">Arquivista<\/span><\/td>\r\n<td class=\"cvagas\">05<\/td>\r\n<td class=\"cremuneracao\">R$ 0,00 \/40h<\/td>\r\n<\/tr><tr>\r\n<td class=\"ccargos\">\r\n<span data-balloon-length=\"medium\" aria-label=\"Forma\u00e7\u00e3o superior completa em Curso de Gradua\u00e7\u00e3o em Economia ou Direito ou Ci\u00eancias Cont\u00e1beis.\" data-balloon-pos=\"up\">Auditor<\/span><\/td>\r\n<td class=\"cvagas\">02<\/td>\r\n<td class=\"cremuneracao\">R$ 0,00 \/40h<\/td>\r\n<\/tr><tr>\r\n<td class=\"ccargos\">\r\n<span data-balloon-length=\"medium\" aria-label=\"Forma\u00e7\u00e3o superior completa em Curso de Gradua\u00e7\u00e3o em Biblioteconomia ou Ci\u00eancias da Informa\u00e7\u00e3o; e Registro no Conselho Regional de Biblioteconomia do Estado do Rio de Janeiro e comprova\u00e7\u00e3o de regularidade.\" data-balloon-pos=\"up\">Bibliotec\u00e1rio-Documentalista<\/span><\/td>\r\n<td class=\"cvagas\">06<\/td>\r\n<td class=\"cremuneracao\">R$ 0,00 \/40h<\/td>\r\n<\/tr><tr>\r\n<td class=\"ccargos\">\r\n<span data-balloon-length=\"medium\" aria-label=\"Forma\u00e7\u00e3o superior completa em Curso de Gradua\u00e7\u00e3o em Ci\u00eancias Biol\u00f3gicas; e Registro no Conselho Regional de Biologia do Estado do Rio de Janeiro e comprova\u00e7\u00e3o de regularidade.\" data-balloon-pos=\"up\">Bi\u00f3logo<\/span><\/td>\r\n<td class=\"cvagas\">01<\/td>\r\n<td class=\"cremuneracao\">R$ 0,00 \/40h<\/td>\r\n<\/tr><tr>\r\n<td class=\"ccargos\">\r\n<span data-balloon-length=\"medium\" aria-label=\"Forma\u00e7\u00e3o superior completa em Curso de Gradua\u00e7\u00e3o em Ci\u00eancias Cont\u00e1beis; e Registro no Conselho Regional de Contabilidade do Estado do Rio de Janeiro e comprova\u00e7\u00e3o de regularidade.\" data-balloon-pos=\"up\">Contador<\/span><\/td>\r\n<td class=\"cvagas\">03<\/td>\r\n<td class=\"cremuneracao\">R$ 0,00 \/40h<\/td>\r\n<\/tr><tr>\r\n<td class=\"ccargos\">\r\n<span data-balloon-length=\"medium\" aria-label=\"Forma\u00e7\u00e3o superior completa em Curso de Gradua\u00e7\u00e3o em Engenharia El\u00e9trica; e Registro no Conselho Regional de Engenharia e Agronomia do Estado do Rio de Janeiro e comprova\u00e7\u00e3o de regularidade.\" data-balloon-pos=\"up\">Engenheiro\/\u00c1rea: El\u00e9trica<\/span><\/td>\r\n<td class=\"cvagas\">01<\/td>\r\n<td class=\"cremuneracao\">R$ 0,00 \/40h<\/td>\r\n<\/tr><tr>\r\n<td class=\"ccargos\">\r\n<span data-balloon-length=\"medium\" aria-label=\"Forma\u00e7\u00e3o superior completa em Curso de Gradua\u00e7\u00e3o em Engenharia Florestal; e Registro no Conselho Regional de Engenharia e Agronomia do Estado do Rio de Janeiro e comprova\u00e7\u00e3o de regularidade.\" data-balloon-pos=\"up\">Engenheiro\/\u00c1rea: Florestal<\/span><\/td>\r\n<td class=\"cvagas\">01<\/td>\r\n<td class=\"cremuneracao\">R$ 0,00 \/40h<\/td>\r\n<\/tr><tr>\r\n<td class=\"ccargos\">\r\n<span data-balloon-length=\"medium\" aria-label=\"Forma\u00e7\u00e3o superior completa em Curso de Gradua\u00e7\u00e3o em Engenharia Mec\u00e2nica; e Registro no Conselho Regional de Engenharia e Agronomia do Estado do Rio de Janeiro e comprova\u00e7\u00e3o de regularidade.\" data-balloon-pos=\"up\">Engenheiro\/\u00c1rea: Mec\u00e2nica<\/span><\/td>\r\n<td class=\"cvagas\">02<\/td>\r\n<td class=\"cremuneracao\">R$ 0,00 \/40h<\/td>\r\n<\/tr><tr>\r\n<td class=\"ccargos\">\r\n<span data-balloon-length=\"medium\" aria-label=\"Forma\u00e7\u00e3o superior completa em Curso de Gradua\u00e7\u00e3o em Farm\u00e1cia; e Registro no Conselho Regional de Farm\u00e1cia no Estado do Rio de Janeiro e comprova\u00e7\u00e3o de regularidade.\" data-balloon-pos=\"up\">Farmac\u00eautico<\/span><\/td>\r\n<td class=\"cvagas\">01<\/td>\r\n<td class=\"cremuneracao\">R$ 0,00 \/40h<\/td>\r\n<\/tr><tr>\r\n<td class=\"ccargos\">\r\n<span data-balloon-length=\"medium\" aria-label=\"Forma\u00e7\u00e3o superior completa em Curso de Gradua\u00e7\u00e3o em Medicina; e Conclus\u00e3o de Resid\u00eancia M\u00e9dica em Cardiologia OU T\u00edtulo de Especialista em Cardiologia; e Registro no Conselho Regional de Medicina do Estado do Rio de Janeiro e comprova\u00e7\u00e3o de regularidade.\" data-balloon-pos=\"up\">M\u00e9dico\/\u00c1rea: Cardiologia<\/span><\/td>\r\n<td class=\"cvagas\">01<\/td>\r\n<td class=\"cremuneracao\">R$ 0,00 \/20h<\/td>\r\n<\/tr><tr>\r\n<td class=\"ccargos\">\r\n<span data-balloon-length=\"medium\" aria-label=\"Forma\u00e7\u00e3o superior completa em Curso de Gradua\u00e7\u00e3o em Medicina; e Conclus\u00e3o de Resid\u00eancia M\u00e9dica em Dermatologia OU T\u00edtulo de Especialista em Dermatologia; e Registro no Conselho Regional de Medicina do Estado do Rio de Janeiro e comprova\u00e7\u00e3o de regularidade.\" data-balloon-pos=\"up\">M\u00e9dico\/\u00c1rea: Dermatologia<\/span><\/td>\r\n<td class=\"cvagas\">01<\/td>\r\n<td class=\"cremuneracao\">R$ 0,00 \/20h<\/td>\r\n<\/tr><tr>\r\n<td class=\"ccargos\">\r\n<span data-balloon-length=\"medium\" aria-label=\"Forma\u00e7\u00e3o superior completa em Curso de Gradua\u00e7\u00e3o em Medicina; e Conclus\u00e3o de Resid\u00eancia M\u00e9dica em Endocrinologia e Metabologia OU T\u00edtulo de Especialista em Endocrinologia e Metabologia; e Registro no Conselho Regional de Medicina do Estado do Rio de Janeiro e comprova\u00e7\u00e3o de regularidade.\" data-balloon-pos=\"up\">M\u00e9dico\/\u00c1rea: Endocrinologia e Metabologia<\/span><\/td>\r\n<td class=\"cvagas\">01<\/td>\r\n<td class=\"cremuneracao\">R$ 0,00 \/20h<\/td>\r\n<\/tr><tr>\r\n<td class=\"ccargos\">\r\n<span data-balloon-length=\"medium\" aria-label=\"Forma\u00e7\u00e3o superior completa em Curso de Gradua\u00e7\u00e3o em Medicina; e Conclus\u00e3o de Resid\u00eancia M\u00e9dica em Medicina do Trabalho OU T\u00edtulo de Especialista em Medicina do Trabalho; e Registro no Conselho Regional de Medicina e comprova\u00e7\u00e3o de regularidade.\" data-balloon-pos=\"up\">M\u00e9dico\/\u00c1rea: Medicina do Trabalho<\/span><\/td>\r\n<td class=\"cvagas\">01<\/td>\r\n<td class=\"cremuneracao\">R$ 0,00 \/20h<\/td>\r\n<\/tr><tr>\r\n<td class=\"ccargos\">\r\n<span data-balloon-length=\"medium\" aria-label=\"Forma\u00e7\u00e3o superior completa em Curso de Gradua\u00e7\u00e3o em Medicina; e Conclus\u00e3o de Resid\u00eancia M\u00e9dica em Cl\u00ednica M\u00e9dica OU T\u00edtulo de Especialista em Cl\u00ednica M\u00e9dica; e Registro no Conselho Regional de Medicina do Estado do Rio de Janeiro e comprova\u00e7\u00e3o de regularidade.\" data-balloon-pos=\"up\">M\u00e9dico\/\u00c1rea: Cl\u00ednica M\u00e9dica<\/span><\/td>\r\n<td class=\"cvagas\">01<\/td>\r\n<td class=\"cremuneracao\">R$ 0,00 \/20h<\/td>\r\n<\/tr><tr>\r\n<td class=\"ccargos\">\r\n<span data-balloon-length=\"medium\" aria-label=\"Forma\u00e7\u00e3o Superior completa em Curso de Gradua\u00e7\u00e3o em Produ\u00e7\u00e3o Cultural ou Comunica\u00e7\u00e3o Social.\" data-balloon-pos=\"up\">Produtor Cultural<\/span><\/td>\r\n<td class=\"cvagas\">02<\/td>\r\n<td class=\"cremuneracao\">R$ 0,00 \/40h<\/td>\r\n<\/tr><tr>\r\n<td class=\"ccargos\">\r\n<span data-balloon-length=\"medium\" aria-label=\"Forma\u00e7\u00e3o superior completa em Curso de Gradua\u00e7\u00e3o em Psicologia; e Registro no Conselho Regional de Psicologia do Estado do Rio de Janeiro e comprova\u00e7\u00e3o de regularidade.\" data-balloon-pos=\"up\">Psic\u00f3logo\/\u00c1rea: Organizacional e do Trabalho<\/span><\/td>\r\n<td class=\"cvagas\">02<\/td>\r\n<td class=\"cremuneracao\">R$ 0,00 \/40h<\/td>\r\n<\/tr>\r\n    <\/tbody>\r\n  <\/table>\r\n<\/div>"},"_links":{"self":[{"href":"https:\/\/www.agrobase.com.br\/concursos\/wp-json\/wp\/v2\/posts\/267270","targetHints":{"allow":["GET"]}}],"collection":[{"href":"https:\/\/www.agrobase.com.br\/concursos\/wp-json\/wp\/v2\/posts"}],"about":[{"href":"https:\/\/www.agrobase.com.br\/concursos\/wp-json\/wp\/v2\/types\/post"}],"author":[{"embeddable":true,"href":"https:\/\/www.agrobase.com.br\/concursos\/wp-json\/wp\/v2\/users\/7"}],"replies":[{"embeddable":true,"href":"https:\/\/www.agrobase.com.br\/concursos\/wp-json\/wp\/v2\/comments?post=267270"}],"version-history":[{"count":2,"href":"https:\/\/www.agrobase.com.br\/concursos\/wp-json\/wp\/v2\/posts\/267270\/revisions"}],"predecessor-version":[{"id":267274,"href":"https:\/\/www.agrobase.com.br\/concursos\/wp-json\/wp\/v2\/posts\/267270\/revisions\/267274"}],"wp:featuredmedia":[{"embeddable":true,"href":"https:\/\/www.agrobase.com.br\/concursos\/wp-json\/wp\/v2\/media\/267269"}],"wp:attachment":[{"href":"https:\/\/www.agrobase.com.br\/concursos\/wp-json\/wp\/v2\/media?parent=267270"}],"wp:term":[{"taxonomy":"category","embeddable":true,"href":"https:\/\/www.agrobase.com.br\/concursos\/wp-json\/wp\/v2\/categories?post=267270"},{"taxonomy":"post_tag","embeddable":true,"href":"https:\/\/www.agrobase.com.br\/concursos\/wp-json\/wp\/v2\/tags?post=267270"},{"taxonomy":"_amplo","embeddable":true,"href":"https:\/\/www.agrobase.com.br\/concursos\/wp-json\/wp\/v2\/_amplo?post=267270"},{"taxonomy":"destaque","embeddable":true,"href":"https:\/\/www.agrobase.com.br\/concursos\/wp-json\/wp\/v2\/destaque?post=267270"},{"taxonomy":"instituicoes","embeddable":true,"href":"https:\/\/www.agrobase.com.br\/concursos\/wp-json\/wp\/v2\/instituicoes?post=267270"}],"curies":[{"name":"wp","href":"https:\/\/api.w.org\/{rel}","templated":true}]}}