{"id":267184,"date":"2025-06-13T07:00:24","date_gmt":"2025-06-13T10:00:24","guid":{"rendered":"https:\/\/www.agrobase.com.br\/concursos\/?p=267184"},"modified":"2025-06-12T11:35:39","modified_gmt":"2025-06-12T14:35:39","slug":"prefeitura-duque-de-caxias-rj-selecao-simplificada-01-2025","status":"publish","type":"post","link":"https:\/\/www.agrobase.com.br\/concursos\/2025\/prefeitura-duque-de-caxias-rj-selecao-simplificada-01-2025\/","title":{"rendered":"Prefeitura Duque de Caxias (RJ) &#8211; Sele\u00e7\u00e3o Simplificada 01\/2025"},"content":{"rendered":"<h2>Informa\u00e7\u00f5es Gerais<\/h2>\n<p>A Prefeitura Municipal de Duque de Caxias publicou o Edital N\u00ba 01\/2025 referente ao <strong>Processo Seletivo Simplificado<\/strong> para contrata\u00e7\u00e3o por prazo determinado e forma\u00e7\u00e3o de cadastro reserva. O objetivo \u00e9 selecionar profissionais para atuarem na sede e nos equipamentos da SMASDH.<\/p>\n<p>Este certame visa preencher vagas sob regime de contrato administrativo de presta\u00e7\u00e3o de servi\u00e7o por tempo determinado, conforme a Lei Municipal n\u00ba 1.922\/2005. As oportunidades contemplam os n\u00edveis de escolaridade <strong>Fundamental Incompleto, Fundamental Completo, M\u00e9dio\/T\u00e9cnico e Superior<\/strong>.<\/p>\n<p>As vagas s\u00e3o destinadas a diversas \u00e1reas de atua\u00e7\u00e3o no \u00e2mbito da assist\u00eancia social e direitos humanos. Destacamos a presen\u00e7a de oportunidades para profissionais da \u00e1rea de <strong>Nutri\u00e7\u00e3o<\/strong>, como Nutricionista e Respons\u00e1vel T\u00e9cnico Nutricional.<\/p>\n<p>Se voc\u00ea busca uma oportunidade para contribuir com os servi\u00e7os sociais em Duque de Caxias, continue a leitura para conhecer os detalhes sobre inscri\u00e7\u00f5es, etapas e como acompanhar os resultados deste processo seletivo.<\/p>\n<h2>Inscri\u00e7\u00f5es<\/h2>\n<p>As inscri\u00e7\u00f5es para o Processo Seletivo Simplificado da SMASDH de Duque de Caxias estar\u00e3o abertas no per\u00edodo de <strong>12 de junho de 2025 at\u00e9 \u00e0s 23h59min do dia 18 de junho de 2025<\/strong>. A participa\u00e7\u00e3o \u00e9 <strong>gratuita<\/strong>.<\/p>\n<p>Os interessados dever\u00e3o realizar suas inscri\u00e7\u00f5es exclusivamente de forma online, atrav\u00e9s do endere\u00e7o eletr\u00f4nico: <a href=\"http:\/\/seasdih.duquedecaxias.rj.gov.br\" target=\"_blank\" rel=\"noopener noreferrer\">http:\/\/seasdih.duquedecaxias.rj.gov.br<\/a>. \u00c9 crucial preencher a ficha de inscri\u00e7\u00e3o com aten\u00e7\u00e3o, pois dados incorretos ou incompletos podem resultar na desclassifica\u00e7\u00e3o do candidato. S\u00f3 ser\u00e1 permitida uma \u00fanica inscri\u00e7\u00e3o por candidato.<\/p>\n<p>Ap\u00f3s a conclus\u00e3o da inscri\u00e7\u00e3o, o candidato receber\u00e1, em at\u00e9 24 horas, um c\u00f3digo por e-mail para o acompanhamento de todas as etapas do processo seletivo. Caso n\u00e3o receba este c\u00f3digo no prazo estipulado, o candidato dever\u00e1 entrar em contato atrav\u00e9s do e-mail <code>smasdh.epss@gmail.com<\/code>, utilizando no assunto a descri\u00e7\u00e3o: &#8220;ESCLARECIMENTOS \u2013 C\u00d3DIGO DE INSCRI\u00c7\u00c3O&#8221;.<\/p>\n<h2>Etapas e Provas<\/h2>\n<p>O Processo Seletivo Simplificado da SMASDH de Duque de Caxias ser\u00e1 realizado em duas etapas principais, ambas conduzidas de forma eletr\u00f4nica:<\/p>\n<ul>\n<li><strong>ETAPA I: An\u00e1lise Sist\u00eamica da Forma\u00e7\u00e3o e Experi\u00eancia Profissional<\/strong>\n<ul>\n<li><strong>Car\u00e1ter:<\/strong> Eliminat\u00f3rio.<\/li>\n<li><strong>Formato:<\/strong> Avalia\u00e7\u00e3o dos dados e documentos comprobat\u00f3rios de qualifica\u00e7\u00e3o e experi\u00eancia profissional informados pelo candidato no ato da inscri\u00e7\u00e3o online.<\/li>\n<li><strong>Pontua\u00e7\u00e3o:<\/strong> At\u00e9 10 pontos, com crit\u00e9rios espec\u00edficos de pontua\u00e7\u00e3o para experi\u00eancia profissional, participa\u00e7\u00e3o em projetos\/eventos, conhecimento de inform\u00e1tica e titula\u00e7\u00e3o, variando conforme o n\u00edvel de escolaridade da vaga (Fundamental, M\u00e9dio e Superior).<\/li>\n<li><strong>Crit\u00e9rio de Aprova\u00e7\u00e3o para seguir para a Etapa II:<\/strong> Obter nota igual ou superior a 5 pontos nesta etapa.<\/li>\n<\/ul>\n<\/li>\n<li><strong>ETAPA II: Prova Eletr\u00f4nica<\/strong>\n<ul>\n<li><strong>Car\u00e1ter:<\/strong> Eliminat\u00f3rio e Classificat\u00f3rio.<\/li>\n<li><strong>Formato:<\/strong> Prova realizada eletronicamente, em notebooks ou computadores.<\/li>\n<li><strong>Conte\u00fado Avaliado:<\/strong> Capacidade do candidato de expressar-se de maneira clara, concisa e objetiva, observando o conhecimento te\u00f3rico e a estrutura textual (introdu\u00e7\u00e3o, desenvolvimento e conclus\u00e3o).<\/li>\n<li><strong>Dura\u00e7\u00e3o:<\/strong> At\u00e9 1 (uma) hora.<\/li>\n<li><strong>Pontua\u00e7\u00e3o:<\/strong> At\u00e9 10 pontos.<\/li>\n<li><strong>Crit\u00e9rio de Aprova\u00e7\u00e3o:<\/strong> Obter nota igual ou superior a 5 pontos na prova.<\/li>\n<li><strong>Datas da Prova:<\/strong> A convoca\u00e7\u00e3o dos aprovados na Etapa I para a Etapa II est\u00e1 prevista para <strong>04 de julho de 2025<\/strong>. As provas ocorrer\u00e3o em datas espec\u00edficas, conforme o grupo de fun\u00e7\u00f5es: <strong>07 de julho de 2025<\/strong>, <strong>08 de julho de 2025<\/strong> e <strong>09 de julho de 2025<\/strong>. Os candidatos devem consultar o edital para verificar a data correspondente \u00e0 fun\u00e7\u00e3o pretendida.<\/li>\n<\/ul>\n<\/li>\n<\/ul>\n<h2>Resultados e Gabarito<\/h2>\n<p>O acompanhamento dos resultados do Processo Seletivo Simplificado da SMASDH de Duque de Caxias \u00e9 de responsabilidade dos candidatos e dever\u00e1 ser feito atrav\u00e9s do endere\u00e7o eletr\u00f4nico <a href=\"http:\/\/seasdih.duquedecaxias.rj.gov.br\" target=\"_blank\" rel=\"noopener noreferrer\">http:\/\/seasdih.duquedecaxias.rj.gov.br<\/a>. As principais datas previstas para divulga\u00e7\u00e3o s\u00e3o:<\/p>\n<ul>\n<li><strong>Homologa\u00e7\u00e3o das Inscri\u00e7\u00f5es:<\/strong> 19 de junho de 2025.<\/li>\n<li><strong>Resultado da Etapa I (An\u00e1lise Sist\u00eamica):<\/strong> 25 de junho de 2025.<\/li>\n<li><strong>Convoca\u00e7\u00e3o dos aprovados na Etapa I para a Etapa II:<\/strong> 04 de julho de 2025.<\/li>\n<li><strong>Resultado da Etapa II (Prova Eletr\u00f4nica):<\/strong> 17 de julho de 2025.<\/li>\n<li><strong>Lista Final dos Classificados:<\/strong> 25 de julho de 2025.<\/li>\n<li><strong>Divulga\u00e7\u00e3o da lista da 1\u00aa chamada para contrata\u00e7\u00e3o:<\/strong> 25 de julho de 2025.<\/li>\n<\/ul>\n<p>Em caso de empate na pontua\u00e7\u00e3o da Etapa II, os crit\u00e9rios de desempate ser\u00e3o: <em>1\u00ba)<\/em> maior pontua\u00e7\u00e3o obtida na Etapa I; <em>2\u00ba)<\/em> persistindo o empate, ter\u00e1 prefer\u00eancia o candidato com idade mais elevada, conforme o Estatuto do Idoso (Lei Federal n.\u00ba 10.741\/2003).<\/p>\n<p>A homologa\u00e7\u00e3o do resultado final do processo seletivo ser\u00e1 publicada no site oficial e no Boletim Oficial do Munic\u00edpio. Este Processo Seletivo Simplificado ter\u00e1 validade de <strong>24 (vinte e quatro) meses<\/strong>, podendo ser prorrogado por igual per\u00edodo, a crit\u00e9rio da Administra\u00e7\u00e3o.<\/p>\n<p>Os candidatos classificados, tanto dentro do n\u00famero de vagas quanto os que comp\u00f5em o cadastro de reserva, dever\u00e3o acompanhar atentamente as convoca\u00e7\u00f5es no site mencionado. \u00c9 imprescind\u00edvel manter os dados cadastrais (endere\u00e7o f\u00edsico e eletr\u00f4nico) atualizados junto \u00e0 SMASDH.<\/p>\n<p>Ressaltamos que o acompanhamento de todas as publica\u00e7\u00f5es oficiais, incluindo convoca\u00e7\u00f5es e eventuais retifica\u00e7\u00f5es do edital, no site da Prefeitura e no Di\u00e1rio Oficial, \u00e9 de responsabilidade exclusiva do candidato.<\/p>\n","protected":false},"excerpt":{"rendered":"<p>Processo Seletivo Pref. Duque de Caxias (RJ) com edital publicado! Vagas p\/ T\u00e9cnico\/Assessor (Fund. a Sup.). Inscri\u00e7\u00f5es a partir de 12\/06. Confira detalhes!<\/p>\n","protected":false},"author":7,"featured_media":267183,"comment_status":"open","ping_status":"open","sticky":false,"template":"","format":"standard","meta":{"_acf_changed":false,"_breakdance_hide_in_design_set":false,"_breakdance_tags":"","footnotes":""},"categories":[9,10,11,12,18,19,23,25,26,101,118,159],"tags":[56],"_amplo":[],"destaque":[],"instituicoes":[],"class_list":["post-267184","post","type-post","status-publish","format-standard","has-post-thumbnail","hentry","category-ciencias-contabeis","category-direito","category-educacao-fisica","category-enfermagem","category-fisioterapia","category-fonoaudiologia","category-nutricao","category-pedagogia","category-psicologia","category-servico-social","category-sociologia","category-tecnologia-da-informacao","tag-rio-de-janeiro"],"acf":{"_tipo_vagas":"vagas","_numero_vagas":"","_quadro_vagas":"","_cargos":"diversos","_cargos_especificos":"","_salario_max":"R$ 4109.88","_abertura":"20250612","_encerramento":"20250618","_inscricoes":"http:\/\/seasdih.duquedecaxias.rj.gov.br","_executora_concurso":"","_instituicao_concurso":[],"_link_adicional":null,"_anexos":null,"_produtos":null,"_vagas":"574 vagas","_salario_min":"R$ 1610","_instituicao":"Prefeitura Municipal de Duque de Caxias","_edital":"https:\/\/www.agrobase.com.br\/concursos\/wp-content\/uploads\/sites\/4\/2025\/06\/edital-01-2025-duque-de-caxias-rj.pdf","_anexos_edital":"https:\/\/www.agrobase.com.br\/concursos\/wp-content\/uploads\/sites\/4\/2025\/06\/anexos-edital-01-2025-duque-de-caxias-rj.pdf","_fund_incompleto":"<div>\r\n<table class=\"quadro\">\r\n<thead>\r\n<tr>\r\n<th class=\"hcargo\">Cargo<\/th>\r\n<th class=\"hvagas\">Vagas<\/th>\r\n<th class=\"hremuneracao\">Remunera\u00e7\u00e3o<\/th>\r\n<\/tr>\r\n<\/thead>\r\n    <tbody>\r\n      <td class=\"ccargos\">\r\n<span data-balloon-length=\"medium\" aria-label=\"N\u00edvel Fundamental Incompleto\" data-balloon-pos=\"up\">ART\u00cdFICE DE MANUTEN\u00c7\u00c3O<\/span><\/td>\r\n<td class=\"cvagas\">04<\/td>\r\n<td class=\"cremuneracao\">R$ 1.675,00 \/24h<\/td>\r\n<\/tr><td class=\"ccargos\">\r\n<span data-balloon-length=\"medium\" aria-label=\"N\u00edvel fundamental incompleto\" data-balloon-pos=\"up\">AUXILIAR DE SERVI\u00c7OS GERAIS<\/span><\/td>\r\n<td class=\"cvagas\">40<\/td>\r\n<td class=\"cremuneracao\">R$ 1.610,00 \/40h<\/td>\r\n<\/tr><td class=\"ccargos\">\r\n<span data-balloon-length=\"medium\" aria-label=\"N\u00edvel fundamental incompleto, com experi\u00eancia comprovada.\" data-balloon-pos=\"up\">COZINHEIRO<\/span><\/td>\r\n<td class=\"cvagas\">18<\/td>\r\n<td class=\"cremuneracao\">R$ 1.713,00 \/40h<\/td>\r\n<\/tr><td class=\"ccargos\">\r\n<span data-balloon-length=\"medium\" aria-label=\"N\u00edvel fundamental incompleto\" data-balloon-pos=\"up\">MOTORISTA D<\/span><\/td>\r\n<td class=\"cvagas\">04<\/td>\r\n<td class=\"cremuneracao\">R$ 3.158,96 \/40h<\/td>\r\n<\/tr><td class=\"ccargos\">\r\n<span data-balloon-length=\"medium\" aria-label=\"N\u00edvel fundamental incompleto.\" data-balloon-pos=\"up\">OFICINEIRO I<\/span><\/td>\r\n<td class=\"cvagas\">20<\/td>\r\n<td class=\"cremuneracao\">R$ 1.760,12 \/24h<\/td>\r\n<\/tr><td class=\"ccargos\">\r\n<span data-balloon-length=\"medium\" aria-label=\"N\u00edvel fundamental incompleto\" data-balloon-pos=\"up\">PORTEIRO<\/span><\/td>\r\n<td class=\"cvagas\">12<\/td>\r\n<td class=\"cremuneracao\">R$ 1.783,92 \/40h<\/td>\r\n<\/tr>\r\n    <\/tbody>\r\n  <\/table>\r\n<\/div>","_fund_completo":"<div>\r\n<table class=\"quadro\">\r\n<thead>\r\n<tr>\r\n<th class=\"hcargo\">Cargo<\/th>\r\n<th class=\"hvagas\">Vagas<\/th>\r\n<th class=\"hremuneracao\">Remunera\u00e7\u00e3o<\/th>\r\n<\/tr>\r\n<\/thead>\r\n    <tbody>\r\n      <td class=\"ccargos\">\r\n<span data-balloon-length=\"medium\" aria-label=\"Comprovante e\/ou declara\u00e7\u00e3o de conclus\u00e3o do curso de n\u00edvel fundamental completo.\" data-balloon-pos=\"up\">CUIDADOR<\/span><\/td>\r\n<td class=\"cvagas\">30<\/td>\r\n<td class=\"cremuneracao\">R$ 1.930,00 \/40h<\/td>\r\n<\/tr>\r\n    <\/tbody>\r\n  <\/table>\r\n<\/div>","_medio":"<div>\r\n<table class=\"quadro\">\r\n<thead>\r\n<tr>\r\n<th class=\"hcargo\">Cargo<\/th>\r\n<th class=\"hvagas\">Vagas<\/th>\r\n<th class=\"hremuneracao\">Remunera\u00e7\u00e3o<\/th>\r\n<\/tr>\r\n<\/thead>\r\n    <tbody>\r\n      <td class=\"ccargos\">\r\n<span data-balloon-length=\"medium\" aria-label=\"Certificado de conclus\u00e3o do curso de n\u00edvel m\u00e9dio, expedido por institui\u00e7\u00e3o p\u00fablica ou particular de ensino, reconhecida por \u00f3rg\u00e3o oficial.\" data-balloon-pos=\"up\">ASSESSOR ADMINISTRATIVO<\/span><\/td>\r\n<td class=\"cvagas\">15<\/td>\r\n<td class=\"cremuneracao\">R$ 1.621,26 \/40h<\/td>\r\n<\/tr><td class=\"ccargos\">\r\n<span data-balloon-length=\"medium\" aria-label=\"Certificado de conclus\u00e3o do curso de n\u00edvel m\u00e9dio, expedido por institui\u00e7\u00e3o p\u00fablica ou particular de ensino reconhecida por \u00f3rg\u00e3o oficial.\" data-balloon-pos=\"up\">AGENTE OPERACIONAL I<\/span><\/td>\r\n<td class=\"cvagas\">10<\/td>\r\n<td class=\"cremuneracao\">R$ 2.900,00 \/40h<\/td>\r\n<\/tr><td class=\"ccargos\">\r\n<span data-balloon-length=\"medium\" aria-label=\"Certificado de conclus\u00e3o do curso de n\u00edvel m\u00e9dio, expedido por institui\u00e7\u00e3o p\u00fablica ou particular de ensino reconhecida pelo \u00f3rg\u00e3o oficial; com experi\u00eancia e flu\u00eancia em Libras.\" data-balloon-pos=\"up\">AGENTE OPERACIONAL II<\/span><\/td>\r\n<td class=\"cvagas\">02<\/td>\r\n<td class=\"cremuneracao\">R$ 2.800,00 \/40h<\/td>\r\n<\/tr><td class=\"ccargos\">\r\n<span data-balloon-length=\"medium\" aria-label=\"Certificado de conclus\u00e3o do curso de n\u00edvel m\u00e9dio, expedido por institui\u00e7\u00e3o p\u00fablica ou particular de ensino reconhecida por \u00f3rg\u00e3o oficial e inscri\u00e7\u00e3o no COREN.\" data-balloon-pos=\"up\">AUXILIAR DE ENFERMAGEM<\/span><\/td>\r\n<td class=\"cvagas\">10<\/td>\r\n<td class=\"cremuneracao\">R$ 1.800,00 \/20h<\/td>\r\n<\/tr><td class=\"ccargos\">\r\n<span data-balloon-length=\"medium\" aria-label=\"Certificado de conclus\u00e3o do curso de n\u00edvel m\u00e9dio, expedido por institui\u00e7\u00e3o p\u00fablica ou particular de ensino reconhecida por \u00f3rg\u00e3o oficial.\" data-balloon-pos=\"up\">COORDENADOR<\/span><\/td>\r\n<td class=\"cvagas\">20<\/td>\r\n<td class=\"cremuneracao\">R$ 3.294,44 \/40h<\/td>\r\n<\/tr><td class=\"ccargos\">\r\n<span data-balloon-length=\"medium\" aria-label=\"Certificado de conclus\u00e3o do curso n\u00edvel m\u00e9dio, expedido por institui\u00e7\u00e3o p\u00fablica ou particular reconhecida por \u00f3rg\u00e3o oficial.\" data-balloon-pos=\"up\">EDUCADOR SOCIAL<\/span><\/td>\r\n<td class=\"cvagas\">70<\/td>\r\n<td class=\"cremuneracao\">R$ 1.930,00 \/24h<\/td>\r\n<\/tr><td class=\"ccargos\">\r\n<span data-balloon-length=\"medium\" aria-label=\"Certificado de conclus\u00e3o do curso de n\u00edvel m\u00e9dio, expedido por institui\u00e7\u00e3o p\u00fablica ou particular de ensino reconhecida por \u00f3rg\u00e3o oficial.\" data-balloon-pos=\"up\">GEST\u00c3O DE APOIO<\/span><\/td>\r\n<td class=\"cvagas\">20<\/td>\r\n<td class=\"cremuneracao\">R$ 1.709,65 \/24h<\/td>\r\n<\/tr><td class=\"ccargos\">\r\n<span data-balloon-length=\"medium\" aria-label=\"Certificado de conclus\u00e3o do curso de n\u00edvel m\u00e9dio, expedido por institui\u00e7\u00e3o p\u00fablica ou particular de ensino reconhecida por \u00f3rg\u00e3o oficial.\" data-balloon-pos=\"up\">OPERADOR DE DADOS<\/span><\/td>\r\n<td class=\"cvagas\">40<\/td>\r\n<td class=\"cremuneracao\">R$ 1.810,00 \/40h<\/td>\r\n<\/tr><td class=\"ccargos\">\r\n<span data-balloon-length=\"medium\" aria-label=\"Certificado e\/ou declara\u00e7\u00e3o de conclus\u00e3o do curso de n\u00edvel m\u00e9dio, expedido por institui\u00e7\u00e3o p\u00fablica ou particular de ensino reconhecida por \u00f3rg\u00e3o oficial.\" data-balloon-pos=\"up\">ORIENTADOR SOCIAL<\/span><\/td>\r\n<td class=\"cvagas\">20<\/td>\r\n<td class=\"cremuneracao\">R$ 1.760,12 \/24h<\/td>\r\n<\/tr><td class=\"ccargos\">\r\n<span data-balloon-length=\"medium\" aria-label=\"Certificado de conclus\u00e3o do curso de n\u00edvel m\u00e9dio, expedido por institui\u00e7\u00e3o p\u00fablica ou particular de ensino reconhecida por \u00f3rg\u00e3o oficial.\" data-balloon-pos=\"up\">SUPERVISOR<\/span><\/td>\r\n<td class=\"cvagas\">11<\/td>\r\n<td class=\"cremuneracao\">R$ 2.890,00 \/24h<\/td>\r\n<\/tr>\r\n    <\/tbody>\r\n  <\/table>\r\n<\/div>","_superior":"<div>\r\n<table class=\"quadro\">\r\n<thead>\r\n<tr>\r\n<th class=\"hcargo\">Cargo<\/th>\r\n<th class=\"hvagas\">Vagas<\/th>\r\n<th class=\"hremuneracao\">Remunera\u00e7\u00e3o<\/th>\r\n<\/tr>\r\n<\/thead>\r\n    <tbody>\r\n      <tr>\r\n<td class=\"ccargos\">\r\n<span data-balloon-length=\"medium\" aria-label=\"Diploma do curso de gradua\u00e7\u00e3o de Bacharel de Direito expedido por institui\u00e7\u00e3o de ensino superior reconhecida pelo Minist\u00e9rio da Educa\u00e7\u00e3o. Com inscri\u00e7\u00e3o ativa na OAB\" data-balloon-pos=\"up\">ASSESSOR JURIDICO<\/span><\/td>\r\n<td class=\"cvagas\">19<\/td>\r\n<td class=\"cremuneracao\">R$ 3.700,00 \/24h<\/td>\r\n<\/tr><tr>\r\n<td class=\"ccargos\">\r\n<span data-balloon-length=\"medium\" aria-label=\"Diploma do curso de gradua\u00e7\u00e3o de n\u00edvel superior em Licenciatura por institui\u00e7\u00e3o de ensino superior reconhecida pelo Minist\u00e9rio de Educa\u00e7\u00e3o e participa\u00e7\u00e3o em cursos, semin\u00e1rios ou em palestras promovidos atrav\u00e9s do TCE\" data-balloon-pos=\"up\">ASSESSOR T\u00c9CNICO ESPECIALIZADO EM SUAS<\/span><\/td>\r\n<td class=\"cvagas\">03<\/td>\r\n<td class=\"cremuneracao\">R$ 4.109,88 \/40h<\/td>\r\n<\/tr><tr>\r\n<td class=\"ccargos\">\r\n<span data-balloon-length=\"medium\" aria-label=\"Diploma do curso de gradua\u00e7\u00e3o de n\u00edvel superior expedido por institui\u00e7\u00e3o de ensino superior reconhecida pelo Minist\u00e9rio da Educa\u00e7\u00e3o\" data-balloon-pos=\"up\">ASSISTENTE DE SUPORTE \u00c0 GEST\u00c3O<\/span><\/td>\r\n<td class=\"cvagas\">10<\/td>\r\n<td class=\"cremuneracao\">R$ 3.800,00 \/40h<\/td>\r\n<\/tr><tr>\r\n<td class=\"ccargos\">\r\n<span data-balloon-length=\"medium\" aria-label=\"Diploma do Curso de gradua\u00e7\u00e3o em Gest\u00e3o P\u00fablica expedido por institui\u00e7\u00e3o de ensino superior reconhecida pelo Minist\u00e9rio da Educa\u00e7\u00e3o.\" data-balloon-pos=\"up\">CONSULTOR DE GEST\u00c3O P\u00daBLICA<\/span><\/td>\r\n<td class=\"cvagas\">01<\/td>\r\n<td class=\"cremuneracao\">R$ 4.109,88 \/40h<\/td>\r\n<\/tr><tr>\r\n<td class=\"ccargos\">\r\n<span data-balloon-length=\"medium\" aria-label=\"Diploma do curso de gradua\u00e7\u00e3o de n\u00edvel superior em Ci\u00eancias Cont\u00e1beis expedido por institui\u00e7\u00e3o de ensino superior reconhecida pelo Minist\u00e9rio da Educa\u00e7\u00e3o, com registro no \u00f3rg\u00e3o de classe.\" data-balloon-pos=\"up\">CONTADOR<\/span><\/td>\r\n<td class=\"cvagas\">03<\/td>\r\n<td class=\"cremuneracao\">R$ 3.700,00 \/24h<\/td>\r\n<\/tr><tr>\r\n<td class=\"ccargos\">\r\n<span data-balloon-length=\"medium\" aria-label=\"Diploma do curso de gradua\u00e7\u00e3o de n\u00edvel superior em em Psicologia, Servi\u00e7o Social, Pedagogia, Sociologia, Direito ou Antropologia expedido por institui\u00e7\u00e3o de ensino superior reconhecida pelo Minist\u00e9rio de Educa\u00e7\u00e3o. Inscri\u00e7\u00e3o no Conselho da Categoria, se houver.\" data-balloon-pos=\"up\">COORDENADOR T\u00c9CNICO ESPECIALIZADO EM SUAS<\/span><\/td>\r\n<td class=\"cvagas\">16<\/td>\r\n<td class=\"cremuneracao\">R$ 4.109,88 \/40h<\/td>\r\n<\/tr><tr>\r\n<td class=\"ccargos\">\r\n<span data-balloon-length=\"medium\" aria-label=\"Diploma do curso de gradua\u00e7\u00e3o de n\u00edvel superior em Enfermagem expedido por institui\u00e7\u00e3o de ensino superior reconhecida pelo Minist\u00e9rio da Educa\u00e7\u00e3o e Inscri\u00e7\u00e3o no COREN.\" data-balloon-pos=\"up\">ENFERMEIRO<\/span><\/td>\r\n<td class=\"cvagas\">06<\/td>\r\n<td class=\"cremuneracao\">R$ 3.238,64 \/20h<\/td>\r\n<\/tr><tr>\r\n<td class=\"ccargos\">\r\n<span data-balloon-length=\"medium\" aria-label=\"Diploma do curso de gradua\u00e7\u00e3o de n\u00edvel superior em Fisioterapia expedido por institui\u00e7\u00e3o de ensino superior reconhecida pelo Minist\u00e9rio da Educa\u00e7\u00e3o. Inscri\u00e7\u00e3o no CREFITO e ter Conclu\u00eddo o curso b\u00e1sico de Equoterapia.\" data-balloon-pos=\"up\">FISIOTERAPEUTA<\/span><\/td>\r\n<td class=\"cvagas\">07<\/td>\r\n<td class=\"cremuneracao\">R$ 3.500,00 \/24h<\/td>\r\n<\/tr><tr>\r\n<td class=\"ccargos\">\r\n<span data-balloon-length=\"medium\" aria-label=\"Diploma do curso de gradua\u00e7\u00e3o de n\u00edvel superior em Fonoaudiologia expedido por institui\u00e7\u00e3o de ensino superior reconhecida pelo Minist\u00e9rio da Educa\u00e7\u00e3o. Inscri\u00e7\u00e3o no CRF.\" data-balloon-pos=\"up\">FONOAUDIOLOGO<\/span><\/td>\r\n<td class=\"cvagas\">02<\/td>\r\n<td class=\"cremuneracao\">R$ 3.298,73 \/24h<\/td>\r\n<\/tr><tr>\r\n<td class=\"ccargos\">\r\n<span data-balloon-length=\"medium\" aria-label=\"Diploma ou Certificado de Gradua\u00e7\u00e3o em Gest\u00e3o de Tecnologia da Informa\u00e7\u00e3o ou \u00e1reas relacionadas, fornecido por Institui\u00e7\u00e3o reconhecida pelo Minist\u00e9rio da Educa\u00e7\u00e3o.\" data-balloon-pos=\"up\">GER\u00caNCIA DE TI<\/span><\/td>\r\n<td class=\"cvagas\">01<\/td>\r\n<td class=\"cremuneracao\">R$ 4.109,88 \/40h<\/td>\r\n<\/tr><tr>\r\n<td class=\"ccargos\">\r\n<span data-balloon-length=\"medium\" aria-label=\"Diploma do curso de gradua\u00e7\u00e3o de n\u00edvel superior em Bacharelado de Educa\u00e7\u00e3o F\u00edsica expedido por institui\u00e7\u00e3o de ensino superior reconhecida pelo Minist\u00e9rio da Educa\u00e7\u00e3o. Com inscri\u00e7\u00e3o no CREF e com capacita\u00e7\u00e3o em Suporte B\u00e1sico a Vida - SBV, o qual dever\u00e1 estar ativo\/regular.\" data-balloon-pos=\"up\">INSTRUTOR DE PR\u00c1TICAS DESPORTIVAS<\/span><\/td>\r\n<td class=\"cvagas\">07<\/td>\r\n<td class=\"cremuneracao\">R$ 3.298,73 \/24h<\/td>\r\n<\/tr><tr>\r\n<td class=\"ccargos\">\r\n<span data-balloon-length=\"medium\" aria-label=\"Diploma do curso de gradua\u00e7\u00e3o de n\u00edvel superior em Nutri\u00e7\u00e3o expedido por institui\u00e7\u00e3o de ensino superior reconhecida pelo Minist\u00e9rio da Educa\u00e7\u00e3o. Inscri\u00e7\u00e3o no CRN.\" data-balloon-pos=\"up\">NUTRICIONISTA<\/span><\/td>\r\n<td class=\"cvagas\">01<\/td>\r\n<td class=\"cremuneracao\">R$ 3.343,68 \/24h<\/td>\r\n<\/tr><tr>\r\n<td class=\"ccargos\">\r\n<span data-balloon-length=\"medium\" aria-label=\"Diploma do curso de gradua\u00e7\u00e3o de n\u00edvel superior em Nutri\u00e7\u00e3o expedido por institui\u00e7\u00e3o de ensino superior reconhecida pelo Minist\u00e9rio da Educa\u00e7\u00e3o. Inscri\u00e7\u00e3o no CRN.\" data-balloon-pos=\"up\">RESPONS\u00c1VEL T\u00c9CNICO NUTRICIONAL<\/span><\/td>\r\n<td class=\"cvagas\">01<\/td>\r\n<td class=\"cremuneracao\">R$ 3.700,00 \/24h<\/td>\r\n<\/tr><tr>\r\n<td class=\"ccargos\">\r\n<span data-balloon-length=\"medium\" aria-label=\"Diploma do curso de gradua\u00e7\u00e3o de n\u00edvel superior (Servi\u00e7o Social) expedido por institui\u00e7\u00e3o de ensino superior reconhecida pelo Minist\u00e9rio da Educa\u00e7\u00e3o. Inscri\u00e7\u00e3o no \u00f3rg\u00e3o da categoria.\" data-balloon-pos=\"up\">T\u00c9CNICO EM GEST\u00c3O DO SUAS I<\/span><\/td>\r\n<td class=\"cvagas\">88<\/td>\r\n<td class=\"cremuneracao\">R$ 3.700,00 \/24h<\/td>\r\n<\/tr><tr>\r\n<td class=\"ccargos\">\r\n<span data-balloon-length=\"medium\" aria-label=\"Diploma do curso de gradua\u00e7\u00e3o de n\u00edvel superior (Psicologia) expedido por institui\u00e7\u00e3o de ensino superior reconhecida pelo Minist\u00e9rio da Educa\u00e7\u00e3o. Inscri\u00e7\u00e3o no \u00f3rg\u00e3o da categoria.\" data-balloon-pos=\"up\">T\u00c9CNICO EM GEST\u00c3O DO SUAS II<\/span><\/td>\r\n<td class=\"cvagas\">36<\/td>\r\n<td class=\"cremuneracao\">R$ 3.700,00 \/24h<\/td>\r\n<\/tr><tr>\r\n<td class=\"ccargos\">\r\n<span data-balloon-length=\"medium\" aria-label=\"Diploma do curso de gradua\u00e7\u00e3o de n\u00edvel superior (Pedagogia) expedido por institui\u00e7\u00e3o de ensino superior reconhecida pelo Minist\u00e9rio da Educa\u00e7\u00e3o. Inscri\u00e7\u00e3o no \u00f3rg\u00e3o da categoria\" data-balloon-pos=\"up\">T\u00c9CNICO EM GEST\u00c3O DO SUAS III<\/span><\/td>\r\n<td class=\"cvagas\">20<\/td>\r\n<td class=\"cremuneracao\">R$ 3.700,00 \/24h<\/td>\r\n<\/tr>\r\n    <\/tbody>\r\n  <\/table>\r\n<\/div>"},"_links":{"self":[{"href":"https:\/\/www.agrobase.com.br\/concursos\/wp-json\/wp\/v2\/posts\/267184","targetHints":{"allow":["GET"]}}],"collection":[{"href":"https:\/\/www.agrobase.com.br\/concursos\/wp-json\/wp\/v2\/posts"}],"about":[{"href":"https:\/\/www.agrobase.com.br\/concursos\/wp-json\/wp\/v2\/types\/post"}],"author":[{"embeddable":true,"href":"https:\/\/www.agrobase.com.br\/concursos\/wp-json\/wp\/v2\/users\/7"}],"replies":[{"embeddable":true,"href":"https:\/\/www.agrobase.com.br\/concursos\/wp-json\/wp\/v2\/comments?post=267184"}],"version-history":[{"count":3,"href":"https:\/\/www.agrobase.com.br\/concursos\/wp-json\/wp\/v2\/posts\/267184\/revisions"}],"predecessor-version":[{"id":267189,"href":"https:\/\/www.agrobase.com.br\/concursos\/wp-json\/wp\/v2\/posts\/267184\/revisions\/267189"}],"wp:featuredmedia":[{"embeddable":true,"href":"https:\/\/www.agrobase.com.br\/concursos\/wp-json\/wp\/v2\/media\/267183"}],"wp:attachment":[{"href":"https:\/\/www.agrobase.com.br\/concursos\/wp-json\/wp\/v2\/media?parent=267184"}],"wp:term":[{"taxonomy":"category","embeddable":true,"href":"https:\/\/www.agrobase.com.br\/concursos\/wp-json\/wp\/v2\/categories?post=267184"},{"taxonomy":"post_tag","embeddable":true,"href":"https:\/\/www.agrobase.com.br\/concursos\/wp-json\/wp\/v2\/tags?post=267184"},{"taxonomy":"_amplo","embeddable":true,"href":"https:\/\/www.agrobase.com.br\/concursos\/wp-json\/wp\/v2\/_amplo?post=267184"},{"taxonomy":"destaque","embeddable":true,"href":"https:\/\/www.agrobase.com.br\/concursos\/wp-json\/wp\/v2\/destaque?post=267184"},{"taxonomy":"instituicoes","embeddable":true,"href":"https:\/\/www.agrobase.com.br\/concursos\/wp-json\/wp\/v2\/instituicoes?post=267184"}],"curies":[{"name":"wp","href":"https:\/\/api.w.org\/{rel}","templated":true}]}}