{"id":267101,"date":"2025-06-11T08:10:15","date_gmt":"2025-06-11T11:10:15","guid":{"rendered":"https:\/\/www.agrobase.com.br\/concursos\/?p=267101"},"modified":"2025-06-11T10:41:48","modified_gmt":"2025-06-11T13:41:48","slug":"prefeitura-pao-de-acucar-al-concurso-01-2025","status":"publish","type":"post","link":"https:\/\/www.agrobase.com.br\/concursos\/2025\/prefeitura-pao-de-acucar-al-concurso-01-2025\/","title":{"rendered":"Prefeitura P\u00e3o de A\u00e7\u00facar (AL) &#8211; Concurso 01\/2025"},"content":{"rendered":"<h2>Informa\u00e7\u00f5es Gerais<\/h2>\n<p>A Prefeitura Municipal de P\u00e3o de A\u00e7\u00facar, em Alagoas, publicou o edital do <strong>Concurso P\u00fablico N\u00ba 01\/2025 (Edital N\u00ba 01\/2025, retificado em 05\/06\/2025)<\/strong>, abrindo uma excelente oportunidade para profissionais de diversas \u00e1reas. O certame, coordenado pela Funda\u00e7\u00e3o Alagoana de Pesquisa, Educa\u00e7\u00e3o e Cultura (FAPEC), visa o preenchimento de <strong>124 vagas imediatas mais forma\u00e7\u00e3o de Cadastro de Reserva (CR)<\/strong> para cargos de N\u00edvel Superior, N\u00edvel M\u00e9dio T\u00e9cnico e N\u00edvel M\u00e9dio.<\/p>\n<p>O regime de contrata\u00e7\u00e3o ser\u00e1 o <strong>Estatut\u00e1rio<\/strong>, garantindo estabilidade aos aprovados.<\/p>\n<p>As oportunidades abrangem setores como Educa\u00e7\u00e3o, Sa\u00fade, Administra\u00e7\u00e3o, Fiscaliza\u00e7\u00e3o, Tecnologia, Engenharia e Assist\u00eancia Social. Para os profissionais das \u00e1reas de ci\u00eancias agr\u00e1rias e biol\u00f3gicas, destacam-se vagas para <em>Zootecnista<\/em>, <em>Bi\u00f3logo<\/em>, <em>Nutricionista Educacional<\/em>, <em>T\u00e9cnico Agr\u00edcola\/Agropecu\u00e1rio<\/em> e <em>T\u00e9cnico em Agroind\u00fastria<\/em>. Este concurso representa uma chance significativa de ingressar no servi\u00e7o p\u00fablico municipal com remunera\u00e7\u00f5es que variam de R$ 1.518,00 a R$ 3.042,36. Continue lendo para saber mais sobre as inscri\u00e7\u00f5es, etapas e como se preparar para este certame.<\/p>\n<h2>Inscri\u00e7\u00f5es<\/h2>\n<p>As inscri\u00e7\u00f5es para o Concurso P\u00fablico da Prefeitura de P\u00e3o de A\u00e7\u00facar\/AL estar\u00e3o abertas e ser\u00e3o realizadas exclusivamente pela internet. Os interessados poder\u00e3o se inscrever a partir das <strong>14h00min do dia 02 de junho de 2025 at\u00e9 \u00e0s 14h00min do dia 03 de julho de 2025<\/strong>, atrav\u00e9s do site oficial da banca organizadora, FAPEC: <a href=\"https:\/\/www.fapec.org.br\" target=\"_blank\" rel=\"noopener noreferrer\">www.fapec.org.br<\/a>.<\/p>\n<p>Os valores das taxas de inscri\u00e7\u00e3o foram definidos da seguinte forma:<\/p>\n<ul>\n<li><strong>R$ 120,00<\/strong> (cento e vinte reais) para os cargos de N\u00edvel Superior;<\/li>\n<li><strong>R$ 100,00<\/strong> (cem reais) para os cargos de N\u00edvel T\u00e9cnico e N\u00edvel M\u00e9dio.<\/li>\n<\/ul>\n<p>\u00c9 permitido ao candidato inscrever-se para at\u00e9 dois cargos, desde que os turnos de prova sejam distintos. Caso haja m\u00faltiplas inscri\u00e7\u00f5es para o mesmo cargo ou turno, apenas a \u00faltima inscri\u00e7\u00e3o efetivada (paga ou isenta) ser\u00e1 considerada v\u00e1lida. O pagamento da taxa de inscri\u00e7\u00e3o dever\u00e1 ser realizado por meio de boleto banc\u00e1rio, n\u00e3o sendo aceitas outras formas como dep\u00f3sito, transfer\u00eancia, PIX ou agendamento. Os procedimentos e crit\u00e9rios para solicita\u00e7\u00e3o de isen\u00e7\u00e3o da taxa de inscri\u00e7\u00e3o devem ser consultados diretamente no edital completo. Ap\u00f3s a efetiva\u00e7\u00e3o da inscri\u00e7\u00e3o, o candidato dever\u00e1 acompanhar todas as publica\u00e7\u00f5es e o status de sua inscri\u00e7\u00e3o na \u00e1rea restrita do site da FAPEC. \u00c9 fundamental a leitura atenta e completa do edital para conhecer todas as normas e condi\u00e7\u00f5es do certame.<\/p>\n<h2>Etapas e Provas<\/h2>\n<p>O Concurso P\u00fablico da Prefeitura de P\u00e3o de A\u00e7\u00facar\/AL ser\u00e1 composto por diferentes etapas, variando conforme o cargo pretendido:<\/p>\n<ul>\n<li><strong>Prova Objetiva de M\u00faltipla Escolha:<\/strong> De car\u00e1ter eliminat\u00f3rio e classificat\u00f3rio, ser\u00e1 aplicada para <em>todos os cargos<\/em>. As quest\u00f5es ser\u00e3o de m\u00faltipla escolha com 4 op\u00e7\u00f5es (A a D). Para ser aprovado, o candidato dever\u00e1 obter, no m\u00ednimo, 50% de aproveitamento dos pontos. A dura\u00e7\u00e3o da prova ser\u00e1 de 3 horas. As disciplinas cobradas variam por grupo de cargos:\n<ul>\n<li><strong>N\u00edvel Superior (Professores):<\/strong> L\u00edngua Portuguesa, Racioc\u00ednio L\u00f3gico Matem\u00e1tico, Hist\u00f3ria e Geografia de P\u00e3o de A\u00e7\u00facar, Inform\u00e1tica, Conhecimentos Did\u00e1tico-pedag\u00f3gicos e Conhecimentos Espec\u00edficos.<\/li>\n<li><strong>N\u00edvel Superior (Demais cargos):<\/strong> L\u00edngua Portuguesa, Racioc\u00ednio L\u00f3gico Matem\u00e1tico, Hist\u00f3ria e Geografia de P\u00e3o de A\u00e7\u00facar, Inform\u00e1tica, Conhecimentos B\u00e1sicos e Conhecimentos Espec\u00edficos.<\/li>\n<li><strong>N\u00edvel M\u00e9dio e T\u00e9cnico:<\/strong> L\u00edngua Portuguesa, Racioc\u00ednio L\u00f3gico Matem\u00e1tico, Hist\u00f3ria e Geografia de P\u00e3o de A\u00e7\u00facar, Inform\u00e1tica e Conhecimentos Espec\u00edficos.<\/li>\n<\/ul>\n<\/li>\n<li><strong>Prova Did\u00e1tica:<\/strong> De car\u00e1ter eliminat\u00f3rio e classificat\u00f3rio, exclusiva para os candidatos aos cargos de <em>Professor<\/em> (todos os listados no edital). Consistir\u00e1 em uma aula com dura\u00e7\u00e3o m\u00ednima de 15 minutos e m\u00e1xima de 20 minutos, sobre tema sorteado com 48 horas de anteced\u00eancia. O candidato dever\u00e1 entregar 3 c\u00f3pias do plano de aula. A avalia\u00e7\u00e3o considerar\u00e1 Plano de Aula, Introdu\u00e7\u00e3o, Desenvolvimento, Metodologia, Recursos Did\u00e1ticos e Fechamento, totalizando 100 pontos, sendo necess\u00e1rio no m\u00ednimo 50 pontos para aprova\u00e7\u00e3o.<\/li>\n<li><strong>Avalia\u00e7\u00e3o de T\u00edtulos:<\/strong> De car\u00e1ter exclusivamente classificat\u00f3rio, aplic\u00e1vel apenas aos candidatos aos cargos de <em>Professor<\/em> aprovados na prova objetiva. A pontua\u00e7\u00e3o m\u00e1xima ser\u00e1 de 5 pontos, mesmo que a soma dos t\u00edtulos apresentados seja superior.<\/li>\n<\/ul>\n<p>As provas objetivas est\u00e3o previstas para o dia <strong>17 de agosto de 2025<\/strong>, em turnos matutino (N\u00edvel Superior) e vespertino (N\u00edvel M\u00e9dio e T\u00e9cnico). A Prova Did\u00e1tica est\u00e1 prevista para os dias <strong>14 a 16 de outubro de 2025<\/strong>. Recomenda-se a leitura integral do edital para obter detalhes sobre o conte\u00fado program\u00e1tico, as regras espec\u00edficas de cada etapa e o cronograma completo.<\/p>\n<h2>Resultados e Gabarito<\/h2>\n<p>A divulga\u00e7\u00e3o dos resultados do Concurso P\u00fablico da Prefeitura de P\u00e3o de A\u00e7\u00facar\/AL seguir\u00e1 um cronograma espec\u00edfico. Os <strong>gabaritos oficiais preliminares<\/strong> das provas objetivas ser\u00e3o disponibilizados no site da FAPEC (www.fapec.org.br) a partir das 16h00min da segunda-feira subsequente \u00e0 realiza\u00e7\u00e3o das provas. Ap\u00f3s a an\u00e1lise de eventuais recursos, os gabaritos definitivos e os resultados preliminares de cada etapa ser\u00e3o publicados.<\/p>\n<p>A classifica\u00e7\u00e3o final dos candidatos ser\u00e1 determinada pela soma dos pontos obtidos na prova objetiva e, para os cargos de Professor, tamb\u00e9m na avalia\u00e7\u00e3o de t\u00edtulos. Em caso de empate, os crit\u00e9rios de desempate seguir\u00e3o a seguinte ordem: 1\u00ba) idade igual ou superior a 60 anos (prefer\u00eancia ao mais idoso); 2\u00ba) maior pontua\u00e7\u00e3o nas quest\u00f5es de conhecimentos espec\u00edficos; 3\u00ba) persistindo o empate, ser\u00e1 realizado sorteio p\u00fablico.<\/p>\n<p>A <strong>homologa\u00e7\u00e3o do resultado final<\/strong> do concurso ser\u00e1 publicada ap\u00f3s a conclus\u00e3o de todas as etapas e prazos recursais. A partir da homologa\u00e7\u00e3o, os candidatos aprovados dentro do n\u00famero de vagas ser\u00e3o convocados para comprova\u00e7\u00e3o de requisitos e exames m\u00e9dicos admissionais, de car\u00e1ter eliminat\u00f3rio. A convoca\u00e7\u00e3o obedecer\u00e1 rigorosamente \u00e0 ordem de classifica\u00e7\u00e3o e dever\u00e1 ser acompanhada pelo candidato atrav\u00e9s do site da banca organizadora e do Di\u00e1rio Oficial.<\/p>\n<p>\u00c9 de <strong>responsabilidade exclusiva do candidato<\/strong> acompanhar todas as publica\u00e7\u00f5es oficiais, editais, comunicados e convoca\u00e7\u00f5es referentes ao concurso nos sites da FAPEC e nos meios oficiais de divulga\u00e7\u00e3o da Prefeitura Municipal de P\u00e3o de A\u00e7\u00facar\/AL.<\/p>\n","protected":false},"excerpt":{"rendered":"<p>Concurso Pref. P\u00e3o de A\u00e7\u00facar (AL) com edital publicado! Vagas p\/ Professores e Assistente (Fund. a Sup.). Inscri\u00e7\u00f5es a partir de 02\/06. Confira detalhes!<\/p>\n","protected":false},"author":7,"featured_media":267100,"comment_status":"open","ping_status":"open","sticky":false,"template":"","format":"standard","meta":{"_acf_changed":false,"_breakdance_hide_in_design_set":false,"_breakdance_tags":"","footnotes":""},"categories":[3,6,6433,126,9,10,117,141,11,6434,12,151,111,100,20,6871,116,21,23,25,26,6435,101,29,30,130,28],"tags":[39],"_amplo":[],"destaque":[],"instituicoes":[],"class_list":["post-267101","post","type-post","status-publish","format-standard","has-post-thumbnail","hentry","category-administracao","category-biologia","category-biologia-licenciatura","category-ciencia-computacao","category-ciencias-contabeis","category-direito","category-economia","category-educacao-artistica","category-educacao-fisica","category-educacao-fisica-licenciatura","category-enfermagem","category-engenharia-computacao","category-geografia","category-historia","category-letras","category-letras-ingles","category-matematica","category-medicina","category-nutricao","category-pedagogia","category-psicologia","category-quimica-licenciatura","category-servico-social","category-tecnico-agricola","category-tecnico-agropecuaria","category-tecnico-informatica","category-zootecnia","tag-alagoas"],"acf":{"_tipo_vagas":"vagas","_numero_vagas":"","_quadro_vagas":"","_cargos":"diversos","_cargos_especificos":"","_salario_max":"R$ 3042.36","_abertura":"20250602","_encerramento":"20250703","_inscricoes":"https:\/\/www.fapec.org.br","_executora_concurso":"","_instituicao_concurso":[],"_link_adicional":null,"_anexos":null,"_produtos":null,"_vagas":"124 vagas + CR","_salario_min":"R$ 1518","_instituicao":"Prefeitura Municipal de P\u00e3o de A\u00e7\u00facar","_edital":"https:\/\/www.agrobase.com.br\/concursos\/wp-content\/uploads\/sites\/4\/2025\/06\/edital-01-2025-pao-de-acucar-al.pdf","_anexos_edital":"https:\/\/www.agrobase.com.br\/concursos\/wp-content\/uploads\/sites\/4\/2025\/06\/anexos-edital-01-2025-pao-de-acucar-al.pdf","_fund_incompleto":"","_fund_completo":"","_medio":"<div>\r\n<table class=\"quadro\">\r\n<thead>\r\n<tr>\r\n<th class=\"hcargo\">Cargo<\/th>\r\n<th class=\"hvagas\">Vagas<\/th>\r\n<th class=\"hremuneracao\">Remunera\u00e7\u00e3o<\/th>\r\n<\/tr>\r\n<\/thead>\r\n    <tbody>\r\n      <td class=\"ccargos\">\r\n<span data-balloon-length=\"medium\" aria-label=\"Ensino M\u00e9dio Completo e Curso T\u00e9cnico reconhecido pelo MEC com habilita\u00e7\u00e3o na \u00e1rea de Servi\u00e7os de Apoio Escolar aprovadas pelo Conselho de Educa\u00e7\u00e3o competente ou Curso de gradua\u00e7\u00e3o completo em \u00e1rea pedag\u00f3gica ou afim.\" data-balloon-pos=\"up\">Auxiliar de Sala<\/span><\/td>\r\n<td class=\"cvagas\">10<\/td>\r\n<td class=\"cremuneracao\">R$ 1.518,00 \/40h<\/td>\r\n<\/tr><td class=\"ccargos\">\r\n<span data-balloon-length=\"medium\" aria-label=\"Ensino M\u00e9dio Completo e Curso T\u00e9cnico de Secretaria Escolar reconhecido pelo MEC..\" data-balloon-pos=\"up\">Secret\u00e1rio Escolar<\/span><\/td>\r\n<td class=\"cvagas\">05<\/td>\r\n<td class=\"cremuneracao\">R$ 1.560,17 \/30h<\/td>\r\n<\/tr><td class=\"ccargos\">\r\n<span data-balloon-length=\"medium\" aria-label=\"N\u00edvel M\u00e9dio Completo e Curso T\u00e9cnico em Tecnologia da Informa\u00e7\u00e3o reconhecido pelo MEC.\" data-balloon-pos=\"up\">T\u00e9cnico em Inform\u00e1tica<\/span><\/td>\r\n<td class=\"cvagas\">04<\/td>\r\n<td class=\"cremuneracao\">R$ 1.518,00 \/40h<\/td>\r\n<\/tr><td class=\"ccargos\">\r\n<span data-balloon-length=\"medium\" aria-label=\"Ensino M\u00e9dio Completo e Curso T\u00e9cnico em Agronomia\/Agropecu\u00e1ria reconhecido pelo MEC Registro no \u00f3rg\u00e3o Fiscalizador da Profiss\u00e3o\" data-balloon-pos=\"up\">T\u00e9cnico Agr\u00edcola\/Agropecu\u00e1rio<\/span><\/td>\r\n<td class=\"cvagas\">02<\/td>\r\n<td class=\"cremuneracao\">R$ 1.518,00 \/30h<\/td>\r\n<\/tr><td class=\"ccargos\">\r\n<span data-balloon-length=\"medium\" aria-label=\"N\u00edvel M\u00e9dio Completo e Curso T\u00e9cnico em Agroind\u00fastria reconhecido pelo MEC.\" data-balloon-pos=\"up\">T\u00e9cnico em Agroind\u00fastria<\/span><\/td>\r\n<td class=\"cvagas\">01<\/td>\r\n<td class=\"cremuneracao\">R$ 1.518,00 \/30h<\/td>\r\n<\/tr><td class=\"ccargos\">\r\n<span data-balloon-length=\"medium\" aria-label=\"N\u00edvel M\u00e9dio Completo e Curso T\u00e9cnico em Fiscaliza\u00e7\u00e3o de Obras e Servi\u00e7os de Engenharia ou T\u00e9cnico em Edifica\u00e7\u00f5es reconhecido pelo MEC\" data-balloon-pos=\"up\">Fiscal de obras<\/span><\/td>\r\n<td class=\"cvagas\">02<\/td>\r\n<td class=\"cremuneracao\">R$ 1.518,00 \/40h<\/td>\r\n<\/tr><td class=\"ccargos\">\r\n<span data-balloon-length=\"medium\" aria-label=\"N\u00edvel M\u00e9dio Completo e Curso T\u00e9cnico em T\u00e9cnico em Edifica\u00e7\u00f5es, T\u00e9cnico em Estradas, T\u00e9cnico em Topografia reconhecido pelo MEC\" data-balloon-pos=\"up\">T\u00e9cnico em Estradas<\/span><\/td>\r\n<td class=\"cvagas\">01<\/td>\r\n<td class=\"cremuneracao\">R$ 1.518,00 \/40h<\/td>\r\n<\/tr><td class=\"ccargos\">\r\n<span data-balloon-length=\"medium\" aria-label=\"N\u00edvel M\u00e9dio Completo\" data-balloon-pos=\"up\">Assistente Administrativo<\/span><\/td>\r\n<td class=\"cvagas\">08<\/td>\r\n<td class=\"cremuneracao\">R$ 1.518,00 \/40h<\/td>\r\n<\/tr>\r\n    <\/tbody>\r\n  <\/table>\r\n<\/div>","_superior":"<div>\r\n<table class=\"quadro\">\r\n<thead>\r\n<tr>\r\n<th class=\"hcargo\">Cargo<\/th>\r\n<th class=\"hvagas\">Vagas<\/th>\r\n<th class=\"hremuneracao\">Remunera\u00e7\u00e3o<\/th>\r\n<\/tr>\r\n<\/thead>\r\n    <tbody>\r\n      <tr>\r\n<td class=\"ccargos\">\r\n<span data-balloon-length=\"medium\" aria-label=\"Curso Superior completo, reconhecido pelo MEC em Ci\u00eancia da Computa\u00e7\u00e3o, Engenharia de Computa\u00e7\u00e3o ou Sistemas de Informa\u00e7\u00e3o\" data-balloon-pos=\"up\">Analista de Sistema<\/span><\/td>\r\n<td class=\"cvagas\">01<\/td>\r\n<td class=\"cremuneracao\">R$ 2.400,00 \/40h<\/td>\r\n<\/tr><tr>\r\n<td class=\"ccargos\">\r\n<span data-balloon-length=\"medium\" aria-label=\"Curso Superior em Servi\u00e7o Social reconhecido pelo MEC e registro no \u00f3rg\u00e3o competente.\" data-balloon-pos=\"up\">Assistente Social<\/span><\/td>\r\n<td class=\"cvagas\">01<\/td>\r\n<td class=\"cremuneracao\">R$ 2.311,20 \/30h<\/td>\r\n<\/tr><tr>\r\n<td class=\"ccargos\">\r\n<span data-balloon-length=\"medium\" aria-label=\"Curso Superior de Bacharelado Em Biologia ou Ci\u00eancias Biol\u00f3gicas reconhecido pelo MEC e registro no \u00f3rg\u00e3o competente\" data-balloon-pos=\"up\">Bi\u00f3logo<\/span><\/td>\r\n<td class=\"cvagas\">01<\/td>\r\n<td class=\"cremuneracao\">R$ 2.000,00 \/30h<\/td>\r\n<\/tr><tr>\r\n<td class=\"ccargos\">\r\n<span data-balloon-length=\"medium\" aria-label=\"Curso Superior em Direito, Ci\u00eancias Cont\u00e1beis, Administra\u00e7\u00e3o ou Ci\u00eancias Econ\u00f4micas reconhecido pelo MEC e registro no \u00f3rg\u00e3o competente\" data-balloon-pos=\"up\">Fiscal de Tributos<\/span><\/td>\r\n<td class=\"cvagas\">02<\/td>\r\n<td class=\"cremuneracao\">R$ 1.770,92 \/40h<\/td>\r\n<\/tr><tr>\r\n<td class=\"ccargos\">\r\n<span data-balloon-length=\"medium\" aria-label=\"Ensino Superior em Medicina reconhecido pelo MEC e registro no respectivo \u00d3rg\u00e3o de Classe\" data-balloon-pos=\"up\">M\u00e9dico PSF<\/span><\/td>\r\n<td class=\"cvagas\">03<\/td>\r\n<td class=\"cremuneracao\">R$ 2.400,00 \/40h<\/td>\r\n<\/tr><tr>\r\n<td class=\"ccargos\">\r\n<span data-balloon-length=\"medium\" aria-label=\"Curso Superior em Psicologia reconhecido pelo MEC e registro no conselho competente.\" data-balloon-pos=\"up\">Psic\u00f3logo<\/span><\/td>\r\n<td class=\"cvagas\">01<\/td>\r\n<td class=\"cremuneracao\">R$ 1.799,98 \/30h<\/td>\r\n<\/tr><tr>\r\n<td class=\"ccargos\">\r\n<span data-balloon-length=\"medium\" aria-label=\"Curso Superior em Zootecnia reconhecido pelo MEC e registro no conselho competente.\" data-balloon-pos=\"up\">Zootecnista<\/span><\/td>\r\n<td class=\"cvagas\">01<\/td>\r\n<td class=\"cremuneracao\">R$ 2.000,00 \/30h<\/td>\r\n<\/tr><tr>\r\n<td class=\"ccargos\">\r\n<span data-balloon-length=\"medium\" aria-label=\"Curso Superior em Servi\u00e7o Social reconhecido pelo MEC e registro no \u00f3rg\u00e3o competente, com especializa\u00e7\u00e3o no \u00e2mbito educacional.\" data-balloon-pos=\"up\">Assistente Social Educacional<\/span><\/td>\r\n<td class=\"cvagas\">02<\/td>\r\n<td class=\"cremuneracao\">R$ 2.311,20 \/30h<\/td>\r\n<\/tr><tr>\r\n<td class=\"ccargos\">\r\n<span data-balloon-length=\"medium\" aria-label=\"Curso Superior em Pedagogia reconhecido pelo MEC e registro no \u00f3rg\u00e3o competente, com especializa\u00e7\u00e3o na \u00e1rea\" data-balloon-pos=\"up\">Inspetor Escolar<\/span><\/td>\r\n<td class=\"cvagas\">02<\/td>\r\n<td class=\"cremuneracao\">R$ 1.800,00 \/25h<\/td>\r\n<\/tr><tr>\r\n<td class=\"ccargos\">\r\n<span data-balloon-length=\"medium\" aria-label=\"Curso Superior em Pedagogia, com especializa\u00e7\u00e3o em Libras ou Curso Superior em Libras reconhecido pelo MEC e registro no \u00f3rg\u00e3o competente.\" data-balloon-pos=\"up\">Int\u00e9rprete de Libras<\/span><\/td>\r\n<td class=\"cvagas\">01<\/td>\r\n<td class=\"cremuneracao\">R$ 1.964,02 \/20h<\/td>\r\n<\/tr><tr>\r\n<td class=\"ccargos\">\r\n<span data-balloon-length=\"medium\" aria-label=\"Curso Superior em Nutri\u00e7\u00e3o reconhecido pelo MEC e registro no \u00f3rg\u00e3o competente, com especializa\u00e7\u00e3o no \u00e2mbito educacional\" data-balloon-pos=\"up\">Nutricionista Educacional<\/span><\/td>\r\n<td class=\"cvagas\">01<\/td>\r\n<td class=\"cremuneracao\">R$ 2.400,00 \/30h<\/td>\r\n<\/tr><tr>\r\n<td class=\"ccargos\">\r\n<span data-balloon-length=\"medium\" aria-label=\"Curso Superior em Pedagogia reconhecido pelo MEC e forma\u00e7\u00e3o Espec\u00edfica na Educa\u00e7\u00e3o Especial.\" data-balloon-pos=\"up\">Professor de Atendimento Escolar Especializado<\/span><\/td>\r\n<td class=\"cvagas\">05<\/td>\r\n<td class=\"cremuneracao\">R$ 3.042,36 \/25h<\/td>\r\n<\/tr><tr>\r\n<td class=\"ccargos\">\r\n<span data-balloon-length=\"medium\" aria-label=\"Curso Superior em Pedagogia reconhecido pelo MEC\" data-balloon-pos=\"up\">Professor de Educa\u00e7\u00e3o Infantil e do 1\u00ba ao 5\u00b0 ano.<\/span><\/td>\r\n<td class=\"cvagas\">40<\/td>\r\n<td class=\"cremuneracao\">R$ 3.042,36 \/25h<\/td>\r\n<\/tr><tr>\r\n<td class=\"ccargos\">\r\n<span data-balloon-length=\"medium\" aria-label=\"Curso Superior em Licenciatura Plena reconhecido pelo MEC na \u00e1rea de atua\u00e7\u00e3o\" data-balloon-pos=\"up\">Professor de Artes<\/span><\/td>\r\n<td class=\"cvagas\">01<\/td>\r\n<td class=\"cremuneracao\">R$ 2.433,88 \/20h<\/td>\r\n<\/tr><tr>\r\n<td class=\"ccargos\">\r\n<span data-balloon-length=\"medium\" aria-label=\"Curso Superior em Licenciatura Plena reconhecido pelo MEC em Qu\u00edmica, Biologia ou Ci\u00eancias da Natureza\" data-balloon-pos=\"up\">Professor de Ci\u00eancias<\/span><\/td>\r\n<td class=\"cvagas\">03<\/td>\r\n<td class=\"cremuneracao\">R$ 2.433,88 \/20h<\/td>\r\n<\/tr><tr>\r\n<td class=\"ccargos\">\r\n<span data-balloon-length=\"medium\" aria-label=\"Curso Superior em Licenciatura Plena reconhecido pelo MEC em Geografia\" data-balloon-pos=\"up\">Professor de Geografia<\/span><\/td>\r\n<td class=\"cvagas\">03<\/td>\r\n<td class=\"cremuneracao\">R$ 2.433,88 \/20h<\/td>\r\n<\/tr><tr>\r\n<td class=\"ccargos\">\r\n<span data-balloon-length=\"medium\" aria-label=\"Curso Superior em Licenciatura Plena reconhecido pelo MEC em Hist\u00f3ria\" data-balloon-pos=\"up\">Professor de Hist\u00f3ria<\/span><\/td>\r\n<td class=\"cvagas\">03<\/td>\r\n<td class=\"cremuneracao\">R$ 2.433,88 \/20h<\/td>\r\n<\/tr><tr>\r\n<td class=\"ccargos\">\r\n<span data-balloon-length=\"medium\" aria-label=\"Curso Superior em Licenciatura Plena reconhecido pelo MEC na \u00e1rea de atua\u00e7\u00e3o\" data-balloon-pos=\"up\">Professor de Ingl\u00eas<\/span><\/td>\r\n<td class=\"cvagas\">02<\/td>\r\n<td class=\"cremuneracao\">R$ 2.433,88 \/20h<\/td>\r\n<\/tr><tr>\r\n<td class=\"ccargos\">\r\n<span data-balloon-length=\"medium\" aria-label=\"Curso Superior em Licenciatura Plena reconhecido pelo MEC na \u00e1rea de atua\u00e7\u00e3o\" data-balloon-pos=\"up\">Professor de L\u00edngua Portuguesa<\/span><\/td>\r\n<td class=\"cvagas\">04<\/td>\r\n<td class=\"cremuneracao\">R$ 2.433,88 \/20h<\/td>\r\n<\/tr><tr>\r\n<td class=\"ccargos\">\r\n<span data-balloon-length=\"medium\" aria-label=\"Curso Superior em Licenciatura Plena reconhecido pelo MEC em na \u00e1rea de atua\u00e7\u00e3o\" data-balloon-pos=\"up\">Professor de Matem\u00e1tica<\/span><\/td>\r\n<td class=\"cvagas\">05<\/td>\r\n<td class=\"cremuneracao\">R$ 2.433,88 \/20h<\/td>\r\n<\/tr><tr>\r\n<td class=\"ccargos\">\r\n<span data-balloon-length=\"medium\" aria-label=\"Curso Superior em Licenciatura Plena reconhecido pelo MEC na \u00e1rea de atua\u00e7\u00e3o e registro no \u00f3rg\u00e3o competente\" data-balloon-pos=\"up\">Professor de Educa\u00e7\u00e3o F\u00edsica<\/span><\/td>\r\n<td class=\"cvagas\">03<\/td>\r\n<td class=\"cremuneracao\">R$ 2.433,88 \/20h<\/td>\r\n<\/tr><tr>\r\n<td class=\"ccargos\">\r\n<span data-balloon-length=\"medium\" aria-label=\"Curso Superior em Psicologia reconhecido pelo MEC com Especializa\u00e7\u00e3o no \u00e2mbito Educacional.\" data-balloon-pos=\"up\">Psic\u00f3logo Educacional<\/span><\/td>\r\n<td class=\"cvagas\">03<\/td>\r\n<td class=\"cremuneracao\">R$ 1.799,98 \/30h<\/td>\r\n<\/tr><tr>\r\n<td class=\"ccargos\">\r\n<span data-balloon-length=\"medium\" aria-label=\"Curso Superior em Licenciatura plena reconhecido pelo MEC na \u00e1rea de Pedagogia e Especializa\u00e7\u00e3o em curso de Psicopedagogia\" data-balloon-pos=\"up\">Psicopedagogo Educacional<\/span><\/td>\r\n<td class=\"cvagas\">02<\/td>\r\n<td class=\"cremuneracao\">R$ 2.316,10 \/30h<\/td>\r\n<\/tr>\r\n    <\/tbody>\r\n  <\/table>\r\n<\/div>"},"_links":{"self":[{"href":"https:\/\/www.agrobase.com.br\/concursos\/wp-json\/wp\/v2\/posts\/267101","targetHints":{"allow":["GET"]}}],"collection":[{"href":"https:\/\/www.agrobase.com.br\/concursos\/wp-json\/wp\/v2\/posts"}],"about":[{"href":"https:\/\/www.agrobase.com.br\/concursos\/wp-json\/wp\/v2\/types\/post"}],"author":[{"embeddable":true,"href":"https:\/\/www.agrobase.com.br\/concursos\/wp-json\/wp\/v2\/users\/7"}],"replies":[{"embeddable":true,"href":"https:\/\/www.agrobase.com.br\/concursos\/wp-json\/wp\/v2\/comments?post=267101"}],"version-history":[{"count":4,"href":"https:\/\/www.agrobase.com.br\/concursos\/wp-json\/wp\/v2\/posts\/267101\/revisions"}],"predecessor-version":[{"id":267120,"href":"https:\/\/www.agrobase.com.br\/concursos\/wp-json\/wp\/v2\/posts\/267101\/revisions\/267120"}],"wp:featuredmedia":[{"embeddable":true,"href":"https:\/\/www.agrobase.com.br\/concursos\/wp-json\/wp\/v2\/media\/267100"}],"wp:attachment":[{"href":"https:\/\/www.agrobase.com.br\/concursos\/wp-json\/wp\/v2\/media?parent=267101"}],"wp:term":[{"taxonomy":"category","embeddable":true,"href":"https:\/\/www.agrobase.com.br\/concursos\/wp-json\/wp\/v2\/categories?post=267101"},{"taxonomy":"post_tag","embeddable":true,"href":"https:\/\/www.agrobase.com.br\/concursos\/wp-json\/wp\/v2\/tags?post=267101"},{"taxonomy":"_amplo","embeddable":true,"href":"https:\/\/www.agrobase.com.br\/concursos\/wp-json\/wp\/v2\/_amplo?post=267101"},{"taxonomy":"destaque","embeddable":true,"href":"https:\/\/www.agrobase.com.br\/concursos\/wp-json\/wp\/v2\/destaque?post=267101"},{"taxonomy":"instituicoes","embeddable":true,"href":"https:\/\/www.agrobase.com.br\/concursos\/wp-json\/wp\/v2\/instituicoes?post=267101"}],"curies":[{"name":"wp","href":"https:\/\/api.w.org\/{rel}","templated":true}]}}