{"id":267076,"date":"2025-06-11T07:30:07","date_gmt":"2025-06-11T10:30:07","guid":{"rendered":"https:\/\/www.agrobase.com.br\/concursos\/?p=267076"},"modified":"2025-06-10T12:34:58","modified_gmt":"2025-06-10T15:34:58","slug":"ifam-am-selecao-simplificada-01-2025","status":"publish","type":"post","link":"https:\/\/www.agrobase.com.br\/concursos\/2025\/ifam-am-selecao-simplificada-01-2025\/","title":{"rendered":"IFAM (AM) &#8211; Sele\u00e7\u00e3o Simplificada 01\/2025"},"content":{"rendered":"<h2>Informa\u00e7\u00f5es Gerais<\/h2>\n<p>O Instituto Federal de Educa\u00e7\u00e3o, Ci\u00eancia e Tecnologia do Amazonas (IFAM) &#8211; Campus Manaus Centro divulgou o <strong>EDITAL N\u00b0 01 PSS\/DGP\/CMC\/IFAM, DE 06 DE JUNHO DE 2025<\/strong>, que rege o Processo Seletivo Simplificado para Professor Substituto. Com o edital j\u00e1 publicado, o certame visa o preenchimento de <strong>5 vagas<\/strong> para atender \u00e0 necessidade tempor\u00e1ria de excepcional interesse p\u00fablico do IFAM Campus Manaus Centro. A contrata\u00e7\u00e3o ser\u00e1 por tempo determinado, conforme a Lei n\u00ba 8.745, de 09 de dezembro de 1993, e o processo seletivo ter\u00e1 validade de um ano, podendo ser prorrogado uma \u00fanica vez por igual per\u00edodo.<\/p>\n<p>As oportunidades s\u00e3o para candidatos com n\u00edvel <strong>Superior<\/strong> de escolaridade, abrangendo diferentes \u00e1reas de atua\u00e7\u00e3o docente. Entre as \u00e1reas contempladas, h\u00e1 vagas para <em>Biologia<\/em>, Engenharia Mec\u00e2nica (com dois perfis), Engenharia Qu\u00edmica e Estat\u00edstica. Este processo \u00e9 uma excelente oportunidade para profissionais que buscam uma coloca\u00e7\u00e3o tempor\u00e1ria em uma institui\u00e7\u00e3o federal de ensino. Continue a leitura para conhecer os detalhes sobre como se inscrever, as etapas da sele\u00e7\u00e3o e o cronograma previsto.<\/p>\n<h2>Inscri\u00e7\u00f5es<\/h2>\n<p>As inscri\u00e7\u00f5es para o Processo Seletivo Simplificado do IFAM Campus Manaus Centro estar\u00e3o abertas no per\u00edodo de <strong>09 de junho de 2025 a 20 de junho de 2025<\/strong>, encerrando-se \u00e0s 23h59 do \u00faltimo dia, conforme item 3.3 do edital. Uma excelente not\u00edcia para os interessados \u00e9 que <strong>as inscri\u00e7\u00f5es ser\u00e3o gratuitas<\/strong>, de acordo com o item 3.2 do edital. Todo o processo de inscri\u00e7\u00e3o ser\u00e1 realizado exclusivamente pela internet, atrav\u00e9s do endere\u00e7o eletr\u00f4nico oficial: <a href=\"https:\/\/sistemascmc.ifam.edu.br\/prof-temp-cmc\/\" target=\"_blank\" rel=\"noopener noreferrer\">https:\/\/sistemascmc.ifam.edu.br\/prof-temp-cmc\/<\/a>.<\/p>\n<p>Para se inscrever, o candidato dever\u00e1 acessar o link fornecido, preencher a ficha de inscri\u00e7\u00e3o escolhendo uma \u00fanica \u00e1rea\/disciplina e transmiti-la. \u00c9 fundamental tamb\u00e9m enviar, pelo mesmo sistema online, a ficha de inscri\u00e7\u00e3o, o curriculum vitae (ou Lattes), diploma do curso de gradua\u00e7\u00e3o na \u00e1rea\/disciplina pretendida, os t\u00edtulos (sendo o diploma de Mestre obrigat\u00f3rio para as \u00e1reas de Biologia, Engenharia Mec\u00e2nica e Engenharia Qu\u00edmica), comprova\u00e7\u00e3o de experi\u00eancia profissional e a Declara\u00e7\u00e3o de Veracidade assinada (Anexo IX), respeitando o prazo previsto no cronograma. O candidato deve informar o n\u00famero do CPF e do documento oficial de identidade. \u00c9 importante acompanhar a homologa\u00e7\u00e3o da inscri\u00e7\u00e3o no mesmo site, cuja divulga\u00e7\u00e3o est\u00e1 prevista a partir das 19h do dia 17 de junho de 2025. Lembre-se que s\u00f3 \u00e9 permitida a inscri\u00e7\u00e3o em uma \u00fanica \u00e1rea\/disciplina. Para todos os detalhes, requisitos e procedimentos, a leitura completa do edital \u00e9 indispens\u00e1vel.<\/p>\n<h2>Etapas e Provas<\/h2>\n<p>O Processo Seletivo Simplificado do IFAM Campus Manaus Centro ser\u00e1 constitu\u00eddo por duas etapas principais, conforme detalhado no edital:<\/p>\n<ul>\n<li><strong>Prova de Desempenho Did\u00e1tico:<\/strong> De car\u00e1ter eliminat\u00f3rio e classificat\u00f3rio. Consistir\u00e1 em uma aula a ser ministrada pelo candidato perante a Comiss\u00e3o Espec\u00edfica de Avalia\u00e7\u00e3o, sobre um tema da \u00e1rea\/disciplina escolhida que ser\u00e1 previamente sorteado. O sorteio dos temas est\u00e1 agendado para o dia 25 de junho de 2025, \u00e0s 11h00min, e ser\u00e1 p\u00fablico. A prova did\u00e1tica ocorrer\u00e1 no dia 27 de junho de 2025. A aula dever\u00e1 ter dura\u00e7\u00e3o m\u00ednima de 30 minutos e m\u00e1xima de 45 minutos, acrescida de mais 10 minutos para argui\u00e7\u00e3o pela banca. A pontua\u00e7\u00e3o m\u00e1xima para esta etapa \u00e9 de 100 pontos, sendo eliminado o candidato que obtiver nota inferior a 60 pontos. O candidato dever\u00e1 apresentar um plano de aula \u00e0 comiss\u00e3o antes do in\u00edcio da prova.\n<\/li>\n<li><strong>Avalia\u00e7\u00e3o Curricular (Prova de T\u00edtulos):<\/strong> De car\u00e1ter classificat\u00f3rio. Esta etapa destina-se a avaliar o curriculum vitae ou Lattes e os t\u00edtulos dos candidatos que forem aprovados na Prova de Desempenho Did\u00e1tico. A Avalia\u00e7\u00e3o Curricular valer\u00e1 de zero a 40 pontos, independentemente da quantidade de t\u00edtulos apresentados, conforme os valores estabelecidos no Barema (Anexo III do edital). Os documentos comprobat\u00f3rios, incluindo diplomas e certificados, devem ser enviados no ato da inscri\u00e7\u00e3o, atrav\u00e9s do link indicado no edital.<\/li>\n<\/ul>\n<p>Recomenda-se a leitura atenta do edital para conhecer os temas pass\u00edveis de sorteio para a prova did\u00e1tica, os crit\u00e9rios detalhados de avalia\u00e7\u00e3o de cada etapa, o Barema completo da prova de t\u00edtulos e o cronograma oficial.<\/p>\n<h2>Resultados e Gabarito<\/h2>\n<p>Os candidatos dever\u00e3o acompanhar atentamente a divulga\u00e7\u00e3o dos resultados do Processo Seletivo Simplificado do IFAM Campus Manaus Centro. Conforme o cronograma, o resultado da <strong>Prova de Desempenho Did\u00e1tico<\/strong> e da <strong>Avalia\u00e7\u00e3o Curricular<\/strong> ser\u00e1 divulgado a partir das 14h do dia 30 de junho de 2025. O prazo para interposi\u00e7\u00e3o de recursos contra esses resultados ser\u00e1 at\u00e9 \u00e0s 15h do dia 01 de julho de 2025. Ap\u00f3s a an\u00e1lise dos recursos, o resultado da Prova de Desempenho Did\u00e1tico e da Avalia\u00e7\u00e3o Curricular ser\u00e1 publicado a partir das 16h do dia 03 de julho de 2025. O <strong>resultado final<\/strong> do certame tamb\u00e9m est\u00e1 previsto para ser divulgado a partir das 16h00min do dia 03 de julho de 2025.<\/p>\n<p>A pontua\u00e7\u00e3o final de cada candidato ser\u00e1 o somat\u00f3rio dos pontos obtidos nas duas etapas, sendo aprovado aquele que obtiver pontua\u00e7\u00e3o igual ou superior a 60 pontos. Em caso de empate na classifica\u00e7\u00e3o final, os crit\u00e9rios de desempate ser\u00e3o, sucessivamente: maior nota na prova de desempenho did\u00e1tico; maior nota na avalia\u00e7\u00e3o curricular; e maior idade. Para candidatos que se enquadrem na condi\u00e7\u00e3o de idoso (Lei n\u00ba 10.741\/2003), a idade ser\u00e1 o primeiro crit\u00e9rio de desempate. A <strong>homologa\u00e7\u00e3o do resultado final<\/strong> do processo seletivo ser\u00e1 publicada no Di\u00e1rio Oficial da Uni\u00e3o (DOU) em 04 de julho de 2025, e tamb\u00e9m divulgada nos murais do campus Manaus Centro e no site <a href=\"https:\/\/sistemascmc.ifam.edu.br\/prof-temp-cmc\/\" target=\"_blank\" rel=\"noopener noreferrer\">https:\/\/sistemascmc.ifam.edu.br\/prof-temp-cmc\/<\/a>. A <strong>convoca\u00e7\u00e3o dos candidatos aprovados<\/strong> est\u00e1 prevista para iniciar em 07 de julho de 2025, atrav\u00e9s de comunicado no mesmo site.<\/p>\n<p>\u00c9 de responsabilidade exclusiva do candidato o acompanhamento de todas as publica\u00e7\u00f5es oficiais, incluindo convoca\u00e7\u00f5es e outros comunicados, no site da institui\u00e7\u00e3o organizadora e no Di\u00e1rio Oficial da Uni\u00e3o, conforme aplic\u00e1vel.<\/p>\n","protected":false},"excerpt":{"rendered":"<p>Sel. Simplificada IFAM (AM) com edital publicado! Vagas p\/ Prof. Substituto em Biologia e Engenharias (Superior). Inscri\u00e7\u00f5es a partir de 09\/06. Confira detalhes!<\/p>\n","protected":false},"author":7,"featured_media":267075,"comment_status":"open","ping_status":"open","sticky":false,"template":"","format":"standard","meta":{"_acf_changed":false,"_breakdance_hide_in_design_set":false,"_breakdance_tags":"","footnotes":""},"categories":[6433,104,102,136,6435],"tags":[41],"_amplo":[],"destaque":[],"instituicoes":[],"class_list":["post-267076","post","type-post","status-publish","format-standard","has-post-thumbnail","hentry","category-biologia-licenciatura","category-engenharia-mecanica","category-engenharia-quimica","category-estatistica","category-quimica-licenciatura","tag-amazonas"],"acf":{"_tipo_vagas":"vagas","_numero_vagas":"","_quadro_vagas":"","_cargos":"diversos","_cargos_especificos":"","_salario_max":"R$ 5949.07","_abertura":"20250609","_encerramento":"20250620","_inscricoes":"https:\/\/sistemascmc.ifam.edu.br\/prof-temp-cmc\/","_executora_concurso":"","_instituicao_concurso":[],"_link_adicional":null,"_anexos":null,"_produtos":null,"_vagas":"5 vagas","_salario_min":"R$ 4326.6","_instituicao":"Instituto Federal de Educa\u00e7\u00e3o, Ci\u00eancia e Tecnologia do Amazonas","_edital":"https:\/\/www.agrobase.com.br\/concursos\/wp-content\/uploads\/sites\/4\/2025\/06\/edital-01-2025-ifam.pdf","_anexos_edital":"https:\/\/www.agrobase.com.br\/concursos\/wp-content\/uploads\/sites\/4\/2025\/06\/anexos-edital-01-2025-ifam.pdf","_fund_incompleto":"","_fund_completo":"","_medio":"","_superior":"<div>\r\n<table class=\"quadro\">\r\n<thead>\r\n<tr>\r\n<th class=\"hcargo\">Cargo<\/th>\r\n<th class=\"hvagas\">Vagas<\/th>\r\n<th class=\"hremuneracao\">Remunera\u00e7\u00e3o<\/th>\r\n<\/tr>\r\n<\/thead>\r\n    <tbody>\r\n      <tr>\r\n<td class=\"ccargos\">\r\n<span data-balloon-length=\"medium\" aria-label=\"Licenciatura em Biologia com Mestrado na \u00e1rea de Biologia\" data-balloon-pos=\"up\">Professor Substituto - Biologia<\/span><\/td>\r\n<td class=\"cvagas\">01<\/td>\r\n<td class=\"cremuneracao\">R$ 5.949,07 \/40h<\/td>\r\n<\/tr><tr>\r\n<td class=\"ccargos\">\r\n<span data-balloon-length=\"medium\" aria-label=\"Gradua\u00e7\u00e3o em Engenharia Mec\u00e2nica com Mestrado em Engenharias III\" data-balloon-pos=\"up\">Professor Substituto - Engenharia Mec\u00e2nica Perfil I<\/span><\/td>\r\n<td class=\"cvagas\">01<\/td>\r\n<td class=\"cremuneracao\">R$ 5.949,07 \/40h<\/td>\r\n<\/tr><tr>\r\n<td class=\"ccargos\">\r\n<span data-balloon-length=\"medium\" aria-label=\"Gradua\u00e7\u00e3o em Engenharia Mec\u00e2nica com Mestrado em Engenharias III\" data-balloon-pos=\"up\">Professor Substituto - Engenharia Mec\u00e2nica Perfil II<\/span><\/td>\r\n<td class=\"cvagas\">01<\/td>\r\n<td class=\"cremuneracao\">R$ 5.949,07 \/40h<\/td>\r\n<\/tr><tr>\r\n<td class=\"ccargos\">\r\n<span data-balloon-length=\"medium\" aria-label=\"Bacharelado em Qu\u00edmica\/ Qu\u00edmica Industrial\/ Tecn\u00f3logo em Processos Qu\u00edmicos ou\/ Engenharia Qu\u00edmica com Mestrado na \u00e1rea de Engenharia Qu\u00edmica ou Qu\u00edmica Industrial\" data-balloon-pos=\"up\">Professor Substituto - Engenharia Qu\u00edmica<\/span><\/td>\r\n<td class=\"cvagas\">01<\/td>\r\n<td class=\"cremuneracao\">R$ 5.949,07 \/40h<\/td>\r\n<\/tr><tr>\r\n<td class=\"ccargos\">\r\n<span data-balloon-length=\"medium\" aria-label=\"Bacharelado em Estat\u00edstica\" data-balloon-pos=\"up\">Professor Substituto - Estat\u00edstica<\/span><\/td>\r\n<td class=\"cvagas\">01<\/td>\r\n<td class=\"cremuneracao\">R$ 4.326,60 \/40h<\/td>\r\n<\/tr>\r\n    <\/tbody>\r\n  <\/table>\r\n<\/div>"},"_links":{"self":[{"href":"https:\/\/www.agrobase.com.br\/concursos\/wp-json\/wp\/v2\/posts\/267076","targetHints":{"allow":["GET"]}}],"collection":[{"href":"https:\/\/www.agrobase.com.br\/concursos\/wp-json\/wp\/v2\/posts"}],"about":[{"href":"https:\/\/www.agrobase.com.br\/concursos\/wp-json\/wp\/v2\/types\/post"}],"author":[{"embeddable":true,"href":"https:\/\/www.agrobase.com.br\/concursos\/wp-json\/wp\/v2\/users\/7"}],"replies":[{"embeddable":true,"href":"https:\/\/www.agrobase.com.br\/concursos\/wp-json\/wp\/v2\/comments?post=267076"}],"version-history":[{"count":3,"href":"https:\/\/www.agrobase.com.br\/concursos\/wp-json\/wp\/v2\/posts\/267076\/revisions"}],"predecessor-version":[{"id":267081,"href":"https:\/\/www.agrobase.com.br\/concursos\/wp-json\/wp\/v2\/posts\/267076\/revisions\/267081"}],"wp:featuredmedia":[{"embeddable":true,"href":"https:\/\/www.agrobase.com.br\/concursos\/wp-json\/wp\/v2\/media\/267075"}],"wp:attachment":[{"href":"https:\/\/www.agrobase.com.br\/concursos\/wp-json\/wp\/v2\/media?parent=267076"}],"wp:term":[{"taxonomy":"category","embeddable":true,"href":"https:\/\/www.agrobase.com.br\/concursos\/wp-json\/wp\/v2\/categories?post=267076"},{"taxonomy":"post_tag","embeddable":true,"href":"https:\/\/www.agrobase.com.br\/concursos\/wp-json\/wp\/v2\/tags?post=267076"},{"taxonomy":"_amplo","embeddable":true,"href":"https:\/\/www.agrobase.com.br\/concursos\/wp-json\/wp\/v2\/_amplo?post=267076"},{"taxonomy":"destaque","embeddable":true,"href":"https:\/\/www.agrobase.com.br\/concursos\/wp-json\/wp\/v2\/destaque?post=267076"},{"taxonomy":"instituicoes","embeddable":true,"href":"https:\/\/www.agrobase.com.br\/concursos\/wp-json\/wp\/v2\/instituicoes?post=267076"}],"curies":[{"name":"wp","href":"https:\/\/api.w.org\/{rel}","templated":true}]}}