{"id":267052,"date":"2025-06-10T08:30:31","date_gmt":"2025-06-10T11:30:31","guid":{"rendered":"https:\/\/www.agrobase.com.br\/concursos\/?p=267052"},"modified":"2025-06-09T15:54:59","modified_gmt":"2025-06-09T18:54:59","slug":"prefeitura-grao-para-sc-selecao-simplificada-14-2025","status":"publish","type":"post","link":"https:\/\/www.agrobase.com.br\/concursos\/2025\/prefeitura-grao-para-sc-selecao-simplificada-14-2025\/","title":{"rendered":"Prefeitura Gr\u00e3o-Par\u00e1 (SC) &#8211; Sele\u00e7\u00e3o Simplificada 14\/2025"},"content":{"rendered":"<h2>Informa\u00e7\u00f5es Gerais<\/h2>\n<p>O Munic\u00edpio de Gr\u00e3o-Par\u00e1 torna p\u00fablico, atrav\u00e9s do presente Edital, as normas e procedimentos para o Processo Seletivo Simplificado destinado \u00e0 Admiss\u00e3o em Car\u00e1ter Tempor\u00e1rio. O edital j\u00e1 foi publicado e o objetivo principal \u00e9 suprir vac\u00e2ncias existentes nos cargos da Educa\u00e7\u00e3o Municipal, especificamente para atua\u00e7\u00e3o no Ensino de Jovens e Adultos. Essas contrata\u00e7\u00f5es tempor\u00e1rias visam atender a necessidades emergenciais enquanto n\u00e3o ocorre um concurso p\u00fablico ou enquanto persistir a demanda extraordin\u00e1ria que justifica tais admiss\u00f5es. O regime de contrata\u00e7\u00e3o estabelecido \u00e9 o Jur\u00eddico Administrativo, em car\u00e1ter tempor\u00e1rio, com validade m\u00e1xima de doze meses, podendo ser prorrogado uma vez por igual per\u00edodo.<\/p>\n<p>Este processo seletivo \u00e9 voltado para profissionais com n\u00edvel superior de escolaridade, com foco em diversas disciplinas da \u00e1rea da educa\u00e7\u00e3o. \u00c9 uma excelente oportunidade para quem busca uma coloca\u00e7\u00e3o no setor p\u00fablico municipal. Dentre as oportunidades, destacamos a vaga para Professor de Ci\u00eancias e\/ou <strong>Biologia<\/strong>, al\u00e9m de outras \u00e1reas do conhecimento como Qu\u00edmica, F\u00edsica, Geografia, Sociologia\/Filosofia, Matem\u00e1tica, Portugu\u00eas\/Ingl\u00eas, Hist\u00f3ria, Educa\u00e7\u00e3o F\u00edsica e Artes. Acompanhe as informa\u00e7\u00f5es detalhadas sobre como participar, as etapas da sele\u00e7\u00e3o e a divulga\u00e7\u00e3o dos resultados nas se\u00e7\u00f5es a seguir.<\/p>\n<h2>Inscri\u00e7\u00f5es<\/h2>\n<p>As inscri\u00e7\u00f5es para o Processo Seletivo Simplificado do Munic\u00edpio de Gr\u00e3o-Par\u00e1 estar\u00e3o abertas e dever\u00e3o ser realizadas <strong>presencialmente<\/strong>. Os candidatos interessados poder\u00e3o se inscrever no per\u00edodo de <strong>10 de junho de 2025 a 02 de julho de 2025<\/strong>, no hor\u00e1rio das 12h30 \u00e0s 18h30. O local para realizar a inscri\u00e7\u00e3o \u00e9 o Pa\u00e7o Municipal Jo\u00e3o Batista Alberton, localizado na Rua Bar\u00e3o do Rio Branco, 187, Centro, Gr\u00e3o-Par\u00e1\/SC. Uma informa\u00e7\u00e3o importante \u00e9 que <strong>n\u00e3o haver\u00e1 cobran\u00e7a de taxa de inscri\u00e7\u00e3o<\/strong> para participa\u00e7\u00e3o neste processo seletivo, o que, consequentemente, dispensa procedimentos para solicita\u00e7\u00e3o de isen\u00e7\u00e3o de taxa.<\/p>\n<p>No momento da inscri\u00e7\u00e3o, ser\u00e1 imprescind\u00edvel que os candidatos entreguem a Ficha de Inscri\u00e7\u00e3o (conforme Anexo II do edital) e o Formul\u00e1rio de Prova de T\u00edtulos (conforme Anexo III do edital) completamente preenchidos. \u00c9 fundamental destacar que as informa\u00e7\u00f5es fornecidas s\u00e3o de inteira responsabilidade do candidato, e a presta\u00e7\u00e3o de informa\u00e7\u00f5es inver\u00eddicas pode levar \u00e0 exclus\u00e3o do processo seletivo, mesmo que constatada posteriormente, assegurando-se o direito \u00e0 ampla defesa e ao contradit\u00f3rio. Inscri\u00e7\u00f5es realizadas por terceiros n\u00e3o ser\u00e3o aceitas. Ap\u00f3s o per\u00edodo de inscri\u00e7\u00f5es, a rela\u00e7\u00e3o dos candidatos com inscri\u00e7\u00e3o homologada, ou seja, confirmada, ser\u00e1 divulgada no site oficial do munic\u00edpio: www.graopara.sc.gov.br. Para todos os detalhes, \u00e9 crucial a leitura integral do edital.<\/p>\n<h2>Etapas e Provas<\/h2>\n<p>O Processo Seletivo Simplificado conduzido pelo Munic\u00edpio de Gr\u00e3o-Par\u00e1 ser\u00e1 realizado em uma <strong>\u00fanica etapa<\/strong>, que consiste na <strong>Prova de T\u00edtulos<\/strong>. Esta etapa \u00e9 fundamental, possuindo car\u00e1ter <em>classificat\u00f3rio e eliminat\u00f3rio<\/em>, ou seja, al\u00e9m de definir a ordem dos candidatos, tamb\u00e9m pode desclassificar aqueles que n\u00e3o atenderem aos requisitos m\u00ednimos ou n\u00e3o apresentarem a documenta\u00e7\u00e3o adequada. Todos os candidatos que tiverem suas inscri\u00e7\u00f5es devidamente homologadas estar\u00e3o aptos a participar desta avalia\u00e7\u00e3o.<\/p>\n<p>A Prova de T\u00edtulos envolver\u00e1 a an\u00e1lise criteriosa da documenta\u00e7\u00e3o comprobat\u00f3ria de forma\u00e7\u00e3o e experi\u00eancia profissional, que deve ser entregue no ato da inscri\u00e7\u00e3o, juntamente com o Formul\u00e1rio de Prova de T\u00edtulos (Anexo III do edital). Ser\u00e3o aceitos como t\u00edtulos:<\/p>\n<ul>\n<li>Diplomas e Certificados definitivos de conclus\u00e3o de curso superior (Licenciatura Plena na \u00e1rea de atua\u00e7\u00e3o).<\/li>\n<li>Certificados de P\u00f3s-gradua\u00e7\u00e3o Lato Sensu (especializa\u00e7\u00e3o), com carga hor\u00e1ria m\u00ednima de 360 horas, em conformidade com a Resolu\u00e7\u00e3o CNE\/CES n\u00ba 1, de 8 de junho de 2007.<\/li>\n<li>Certificados de conclus\u00e3o de P\u00f3s-gradua\u00e7\u00e3o Stricto Sensu (Mestrado ou Doutorado), devendo constar a data de conclus\u00e3o e aprova\u00e7\u00e3o da disserta\u00e7\u00e3o ou tese.<\/li>\n<\/ul>\n<p>Todos os documentos devem ser expedidos por institui\u00e7\u00f5es de ensino devidamente regularizadas perante os \u00f3rg\u00e3os oficiais, em papel timbrado, contendo carimbo e identifica\u00e7\u00e3o da institui\u00e7\u00e3o e do respons\u00e1vel. Documentos em l\u00edngua estrangeira necessitam de tradu\u00e7\u00e3o juramentada. A pontua\u00e7\u00e3o para cada t\u00edtulo est\u00e1 detalhada no Anexo I do edital. \u00c9 crucial que o candidato apresente corretamente todos os comprovantes, pois n\u00e3o ser\u00e3o aceitas substitui\u00e7\u00f5es posteriores. Para um entendimento completo sobre os crit\u00e9rios de avalia\u00e7\u00e3o, pontua\u00e7\u00f5es e o cronograma espec\u00edfico, \u00e9 indispens\u00e1vel a leitura atenta do edital.<\/p>\n<h2>Resultados e Gabarito<\/h2>\n<p>O acompanhamento dos resultados do Processo Seletivo Simplificado do Munic\u00edpio de Gr\u00e3o-Par\u00e1 \u00e9 uma etapa crucial para os candidatos. Conforme o cronograma (Anexo V do edital), a publica\u00e7\u00e3o da lista de inscri\u00e7\u00f5es deferidas e a rela\u00e7\u00e3o das indeferidas ocorrer\u00e1 em <strong>03 de julho de 2025<\/strong>. Ap\u00f3s o per\u00edodo de recursos para inscri\u00e7\u00f5es indeferidas, a <strong>homologa\u00e7\u00e3o das inscri\u00e7\u00f5es e a publica\u00e7\u00e3o da classifica\u00e7\u00e3o preliminar<\/strong> est\u00e3o previstas para <strong>08 de julho de 2025<\/strong>. Os candidatos poder\u00e3o interpor recursos referentes \u00e0 classifica\u00e7\u00e3o preliminar nos dias 09 e 10 de julho de 2025. A <strong>publica\u00e7\u00e3o da classifica\u00e7\u00e3o final e da homologa\u00e7\u00e3o do processo seletivo<\/strong> est\u00e1 agendada para <strong>11 de julho de 2025<\/strong>. Todas essas informa\u00e7\u00f5es ser\u00e3o oficialmente divulgadas no s\u00edtio eletr\u00f4nico do munic\u00edpio: www.graopara.sc.gov.br.<\/p>\n<p>A classifica\u00e7\u00e3o dos candidatos ser\u00e1 realizada em ordem decrescente, com base na pontua\u00e7\u00e3o obtida na Prova de T\u00edtulos. Os crit\u00e9rios de desempate, caso haja candidatos com id\u00eantica pontua\u00e7\u00e3o final, s\u00e3o, sucessivamente: <em>a) Maior quantidade de horas de cursos de aperfei\u00e7oamento na \u00e1rea afim; b) Maior tempo de atua\u00e7\u00e3o na \u00e1rea; c) Maior idade.<\/em> A homologa\u00e7\u00e3o do resultado final \u00e9 o ato que oficializa o t\u00e9rmino do processo seletivo, validando a lista de classificados. \u00c9 importante notar que a classifica\u00e7\u00e3o n\u00e3o gera direito autom\u00e1tico \u00e0 contrata\u00e7\u00e3o, cabendo ao Munic\u00edpio convocar os aprovados conforme a necessidade e disponibilidade de vagas, sempre respeitando a ordem classificat\u00f3ria. As convoca\u00e7\u00f5es ser\u00e3o feitas a partir da homologa\u00e7\u00e3o do resultado final.<\/p>\n<p>Os candidatos convocados dever\u00e3o manifestar interesse e apresentar a documenta\u00e7\u00e3o exigida dentro dos prazos estipulados no edital. O n\u00e3o comparecimento ou a n\u00e3o aceita\u00e7\u00e3o da vaga pode resultar na passagem para o final da lista ou elimina\u00e7\u00e3o do processo. Portanto, \u00e9 de <strong>responsabilidade exclusiva do candidato<\/strong> acompanhar todas as publica\u00e7\u00f5es oficiais no site da Prefeitura de Gr\u00e3o-Par\u00e1 e, quando aplic\u00e1vel, no Di\u00e1rio Oficial dos Munic\u00edpios (DOM\/SC).<\/p>\n","protected":false},"excerpt":{"rendered":"<p>Proc. Seletivo Pref. Gr\u00e3o-Par\u00e1 (SC) com edital publicado! Vagas p\/ Professores (Superior). Inscri\u00e7\u00f5es a partir de 10\/06. Sal\u00e1rio R$ 1.056. Confira detalhes!<\/p>\n","protected":false},"author":7,"featured_media":267051,"comment_status":"open","ping_status":"open","sticky":false,"template":"","format":"standard","meta":{"_acf_changed":false,"_breakdance_hide_in_design_set":false,"_breakdance_tags":"","footnotes":""},"categories":[6433,141,6434,112,6436,111,100,6871,116,6435,118],"tags":[61],"_amplo":[],"destaque":[],"instituicoes":[],"class_list":["post-267052","post","type-post","status-publish","format-standard","has-post-thumbnail","hentry","category-biologia-licenciatura","category-educacao-artistica","category-educacao-fisica-licenciatura","category-filosofia","category-fisica-licenciatura","category-geografia","category-historia","category-letras-ingles","category-matematica","category-quimica-licenciatura","category-sociologia","tag-santa-catarina"],"acf":{"_tipo_vagas":"vagas","_numero_vagas":"","_quadro_vagas":"","_cargos":"diversos","_cargos_especificos":"","_salario_max":"R$ 1056.48","_abertura":"20250610","_encerramento":"20250702","_inscricoes":"","_executora_concurso":"","_instituicao_concurso":[],"_link_adicional":null,"_anexos":null,"_produtos":null,"_vagas":"10 vagas + CR","_salario_min":"R$ 1056.48","_instituicao":"Prefeitura Municipal de Gr\u00e3o-Par\u00e1","_edital":"https:\/\/www.agrobase.com.br\/concursos\/wp-content\/uploads\/sites\/4\/2025\/06\/edital-14-2025-grao-para-sc.pdf","_anexos_edital":"","_fund_incompleto":"","_fund_completo":"","_medio":"","_superior":"<div>\r\n<table class=\"quadro\">\r\n<thead>\r\n<tr>\r\n<th class=\"hcargo\">Cargo<\/th>\r\n<th class=\"hvagas\">Vagas<\/th>\r\n<th class=\"hremuneracao\">Remunera\u00e7\u00e3o<\/th>\r\n<\/tr>\r\n<\/thead>\r\n    <tbody>\r\n      <tr>\r\n<td class=\"ccargos\">\r\n<span data-balloon-length=\"medium\" aria-label=\"Forma\u00e7\u00e3o para o cargo de Professor, para disciplina de Qu\u00edmica: Certificado de Conclus\u00e3o de curso superior de Licenciatura Plena, na \u00e1rea de atua\u00e7\u00e3o, com registro no MEC;\" data-balloon-pos=\"up\">Professor Qu\u00edmica<\/span><\/td>\r\n<td class=\"cvagas\">1 + CR<\/td>\r\n<td class=\"cremuneracao\">R$ 1.056,48 \/10h<\/td>\r\n<\/tr><tr>\r\n<td class=\"ccargos\">\r\n<span data-balloon-length=\"medium\" aria-label=\"Forma\u00e7\u00e3o para o cargo de Professor, para disciplina de F\u00edsica: Certificado de Conclus\u00e3o de curso superior de Licenciatura Plena, na \u00e1rea de atua\u00e7\u00e3o, com registro no MEC;\" data-balloon-pos=\"up\">Professor F\u00edsica<\/span><\/td>\r\n<td class=\"cvagas\">1 + CR<\/td>\r\n<td class=\"cremuneracao\">R$ 1.056,48 \/10h<\/td>\r\n<\/tr><tr>\r\n<td class=\"ccargos\">\r\n<span data-balloon-length=\"medium\" aria-label=\"Forma\u00e7\u00e3o para o cargo de Professor, para disciplina de Geografia: Certificado de Conclus\u00e3o de curso superior de Licenciatura Plena, na \u00e1rea de atua\u00e7\u00e3o, com registro no MEC;\" data-balloon-pos=\"up\">Professor Geografia<\/span><\/td>\r\n<td class=\"cvagas\">1 + CR<\/td>\r\n<td class=\"cremuneracao\">R$ 1.056,48 \/10h<\/td>\r\n<\/tr><tr>\r\n<td class=\"ccargos\">\r\n<span data-balloon-length=\"medium\" aria-label=\"Forma\u00e7\u00e3o para o cargo de Professor, para disciplina de Ci\u00eancias e\/ou Biologia: Certificado de Conclus\u00e3o de curso superior de Licenciatura Plena, na \u00e1rea de atua\u00e7\u00e3o, com registro no MEC;\" data-balloon-pos=\"up\">Professor Ci\u00eancias e\/ou Biologia<\/span><\/td>\r\n<td class=\"cvagas\">1 + CR<\/td>\r\n<td class=\"cremuneracao\">R$ 1.056,48 \/10h<\/td>\r\n<\/tr><tr>\r\n<td class=\"ccargos\">\r\n<span data-balloon-length=\"medium\" aria-label=\"Forma\u00e7\u00e3o para o cargo de Professor, para disciplina de Sociologia e\/ou Filosofia: Certificado de Conclus\u00e3o de curso superior de Licenciatura Plena, na \u00e1rea de atua\u00e7\u00e3o, com registro no MEC;\" data-balloon-pos=\"up\">Professor Sociologia e\/ou Filosofia<\/span><\/td>\r\n<td class=\"cvagas\">1 + CR<\/td>\r\n<td class=\"cremuneracao\">R$ 1.056,48 \/10h<\/td>\r\n<\/tr><tr>\r\n<td class=\"ccargos\">\r\n<span data-balloon-length=\"medium\" aria-label=\"Forma\u00e7\u00e3o para o cargo de Professor, para disciplina de Matem\u00e1tica: Certificado de Conclus\u00e3o de curso superior de Licenciatura Plena, na \u00e1rea de atua\u00e7\u00e3o, com registro no MEC;\" data-balloon-pos=\"up\">Professor Matem\u00e1tica<\/span><\/td>\r\n<td class=\"cvagas\">1 + CR<\/td>\r\n<td class=\"cremuneracao\">R$ 1.056,48 \/10h<\/td>\r\n<\/tr><tr>\r\n<td class=\"ccargos\">\r\n<span data-balloon-length=\"medium\" aria-label=\"Forma\u00e7\u00e3o para o cargo de Professor, para disciplina de Portugu\u00eas e\/ou Ingl\u00eas: Certificado de Conclus\u00e3o de curso superior de Licenciatura Plena, na \u00e1rea de atua\u00e7\u00e3o, com registro no MEC;\" data-balloon-pos=\"up\">Professor Portugu\u00eas e\/ou Ingl\u00eas<\/span><\/td>\r\n<td class=\"cvagas\">1 + CR<\/td>\r\n<td class=\"cremuneracao\">R$ 1.056,48 \/10h<\/td>\r\n<\/tr><tr>\r\n<td class=\"ccargos\">\r\n<span data-balloon-length=\"medium\" aria-label=\"Forma\u00e7\u00e3o para o cargo de Professor, para disciplina de Hist\u00f3ria: Certificado de Conclus\u00e3o de curso superior de Licenciatura Plena, na \u00e1rea de atua\u00e7\u00e3o, com registro no MEC;\" data-balloon-pos=\"up\">Professor Hist\u00f3ria<\/span><\/td>\r\n<td class=\"cvagas\">1 + CR<\/td>\r\n<td class=\"cremuneracao\">R$ 1.056,48 \/10h<\/td>\r\n<\/tr><tr>\r\n<td class=\"ccargos\">\r\n<span data-balloon-length=\"medium\" aria-label=\"Forma\u00e7\u00e3o para o cargo de Professor, para disciplina de Educa\u00e7\u00e3o F\u00edsica: Certificado de Conclus\u00e3o de curso superior de Licenciatura Plena, na \u00e1rea de atua\u00e7\u00e3o, com registro no MEC;\" data-balloon-pos=\"up\">Professor Ed. f\u00edsica<\/span><\/td>\r\n<td class=\"cvagas\">1 + CR<\/td>\r\n<td class=\"cremuneracao\">R$ 1.056,48 \/10h<\/td>\r\n<\/tr><tr>\r\n<td class=\"ccargos\">\r\n<span data-balloon-length=\"medium\" aria-label=\"Forma\u00e7\u00e3o para o cargo de Professor, para disciplina de Artes: Certificado de Conclus\u00e3o de curso superior de Licenciatura Plena, na \u00e1rea de atua\u00e7\u00e3o, com registro no MEC;\" data-balloon-pos=\"up\">Professor Artes<\/span><\/td>\r\n<td class=\"cvagas\">1 + CR<\/td>\r\n<td class=\"cremuneracao\">R$ 1.056,48 \/10h<\/td>\r\n<\/tr>\r\n    <\/tbody>\r\n  <\/table>\r\n<\/div>"},"_links":{"self":[{"href":"https:\/\/www.agrobase.com.br\/concursos\/wp-json\/wp\/v2\/posts\/267052","targetHints":{"allow":["GET"]}}],"collection":[{"href":"https:\/\/www.agrobase.com.br\/concursos\/wp-json\/wp\/v2\/posts"}],"about":[{"href":"https:\/\/www.agrobase.com.br\/concursos\/wp-json\/wp\/v2\/types\/post"}],"author":[{"embeddable":true,"href":"https:\/\/www.agrobase.com.br\/concursos\/wp-json\/wp\/v2\/users\/7"}],"replies":[{"embeddable":true,"href":"https:\/\/www.agrobase.com.br\/concursos\/wp-json\/wp\/v2\/comments?post=267052"}],"version-history":[{"count":2,"href":"https:\/\/www.agrobase.com.br\/concursos\/wp-json\/wp\/v2\/posts\/267052\/revisions"}],"predecessor-version":[{"id":267057,"href":"https:\/\/www.agrobase.com.br\/concursos\/wp-json\/wp\/v2\/posts\/267052\/revisions\/267057"}],"wp:featuredmedia":[{"embeddable":true,"href":"https:\/\/www.agrobase.com.br\/concursos\/wp-json\/wp\/v2\/media\/267051"}],"wp:attachment":[{"href":"https:\/\/www.agrobase.com.br\/concursos\/wp-json\/wp\/v2\/media?parent=267052"}],"wp:term":[{"taxonomy":"category","embeddable":true,"href":"https:\/\/www.agrobase.com.br\/concursos\/wp-json\/wp\/v2\/categories?post=267052"},{"taxonomy":"post_tag","embeddable":true,"href":"https:\/\/www.agrobase.com.br\/concursos\/wp-json\/wp\/v2\/tags?post=267052"},{"taxonomy":"_amplo","embeddable":true,"href":"https:\/\/www.agrobase.com.br\/concursos\/wp-json\/wp\/v2\/_amplo?post=267052"},{"taxonomy":"destaque","embeddable":true,"href":"https:\/\/www.agrobase.com.br\/concursos\/wp-json\/wp\/v2\/destaque?post=267052"},{"taxonomy":"instituicoes","embeddable":true,"href":"https:\/\/www.agrobase.com.br\/concursos\/wp-json\/wp\/v2\/instituicoes?post=267052"}],"curies":[{"name":"wp","href":"https:\/\/api.w.org\/{rel}","templated":true}]}}