{"id":266918,"date":"2025-09-15T07:00:42","date_gmt":"2025-09-15T10:00:42","guid":{"rendered":"https:\/\/www.agrobase.com.br\/concursos\/?p=266918"},"modified":"2025-09-12T09:32:11","modified_gmt":"2025-09-12T12:32:11","slug":"prefeitura-recreio-mg-concurso-01-2025","status":"publish","type":"post","link":"https:\/\/www.agrobase.com.br\/concursos\/2025\/prefeitura-recreio-mg-concurso-01-2025\/","title":{"rendered":"Prefeitura Recreio (MG) &#8211; Concurso 01\/2025 [prorrogado]"},"content":{"rendered":"<h2>Informa\u00e7\u00f5es Gerais<\/h2>\n<p>O Munic\u00edpio de Recreio\/MG, por meio da Prefeitura Municipal, tornou p\u00fablico o edital para seu Concurso P\u00fablico de Provas e T\u00edtulos, com execu\u00e7\u00e3o t\u00e9cnico-administrativa a cargo do Instituto Refer\u00eancia. Este certame tem como objetivo principal o preenchimento de 34 vagas efetivas para compor o quadro de servidores municipais, sob o regime jur\u00eddico Estatut\u00e1rio, garantindo estabilidade aos aprovados.<\/p>\n<p>As oportunidades s\u00e3o destinadas a candidatos com forma\u00e7\u00e3o em N\u00edvel Fundamental Completo, N\u00edvel M\u00e9dio\/T\u00e9cnico e N\u00edvel Superior, abrangendo uma diversidade de \u00e1reas de atua\u00e7\u00e3o. Entre os setores contemplados est\u00e3o administra\u00e7\u00e3o, servi\u00e7os operacionais, fiscaliza\u00e7\u00e3o, sa\u00fade p\u00fablica, educa\u00e7\u00e3o e engenharia. <strong>\u00c9 importante ressaltar a disponibilidade de vagas de grande interesse para nossos leitores, como Engenheiro Ambiental e Nutricionista. Adicionalmente, o cargo de Fiscal Sanit\u00e1rio oferece oportunidades para graduados em Medicina Veterin\u00e1ria e Biologia, entre outras forma\u00e7\u00f5es da \u00e1rea da sa\u00fade.<\/strong> Este concurso representa uma excelente chance para ingressar no servi\u00e7o p\u00fablico municipal. Convidamos voc\u00ea a prosseguir com a leitura das pr\u00f3ximas se\u00e7\u00f5es para obter informa\u00e7\u00f5es detalhadas sobre o processo de inscri\u00e7\u00e3o, as etapas da sele\u00e7\u00e3o e como acompanhar os resultados.<\/p>\n<h2>Inscri\u00e7\u00f5es<\/h2>\n<p>As inscri\u00e7\u00f5es para o Concurso P\u00fablico da Prefeitura de Recreio\/MG estar\u00e3o abertas no per\u00edodo de <strong>10h00 do dia 11 de agosto de 2025 at\u00e9 as 23h59 do dia <del datetime=\"2025-09-12T12:30:16+00:00\">10<\/del>17 de setembro de 2025<\/strong> (hor\u00e1rio de Bras\u00edlia\/DF). Os interessados dever\u00e3o realizar sua inscri\u00e7\u00e3o exclusivamente via internet, atrav\u00e9s do site da banca organizadora, Instituto Refer\u00eancia: <em>www.institutoreferencia.org.br<\/em>. Para aqueles que n\u00e3o possuem acesso \u00e0 internet, ser\u00e1 disponibilizado um posto de inscri\u00e7\u00e3o presencial na sede da Prefeitura Municipal de Recreio, localizada no Hall do Pa\u00e7o Municipal (Rua Prefeito Jos\u00e9 Ant\u00f4nio, n\u00b0 126, Centro), em dias \u00fateis, das 12h00 \u00e0s 16h00.<\/p>\n<p>As taxas de inscri\u00e7\u00e3o s\u00e3o de <strong>R$ 100,00<\/strong> para cargos de N\u00edvel Superior, <strong>R$ 80,00<\/strong> para N\u00edvel M\u00e9dio e <strong>R$ 60,00<\/strong> para N\u00edvel Fundamental. O pagamento deve ser efetuado por meio de boleto banc\u00e1rio, gerado no ato da inscri\u00e7\u00e3o, pag\u00e1vel em qualquer banco, casas lot\u00e9ricas ou correspondentes banc\u00e1rios at\u00e9 a data de vencimento. A confirma\u00e7\u00e3o da inscri\u00e7\u00e3o ocorrer\u00e1 ap\u00f3s a compensa\u00e7\u00e3o do pagamento, o que pode levar at\u00e9 72 horas, e o candidato deve acompanhar esse status na \u00e1rea restrita do site da banca. O edital n\u00e3o detalha explicitamente os procedimentos para solicita\u00e7\u00e3o de isen\u00e7\u00e3o da taxa de inscri\u00e7\u00e3o, sendo necess\u00e1rio consultar o documento completo para verificar os requisitos gerais.<\/p>\n<p>\u00c9 fundamental que o candidato leia atentamente o edital completo para conhecer todos os requisitos e procedimentos.<\/p>\n<h2>Etapas e Provas<\/h2>\n<p>O Concurso P\u00fablico do Munic\u00edpio de Recreio\/MG ser\u00e1 composto por diversas etapas, elaboradas para avaliar de forma abrangente os candidatos. As etapas s\u00e3o:<\/p>\n<ul>\n<li><strong>Prova Objetiva (PO):<\/strong> De car\u00e1ter eliminat\u00f3rio e classificat\u00f3rio, aplic\u00e1vel a todos os candidatos. Consistir\u00e1 em 40 quest\u00f5es de m\u00faltipla escolha, com quatro alternativas cada, e ter\u00e1 dura\u00e7\u00e3o de 3 horas. Para aprova\u00e7\u00e3o, ser\u00e1 necess\u00e1rio obter no m\u00ednimo 60% do total de pontos e n\u00e3o zerar em nenhuma disciplina. As disciplinas cobradas variam conforme o cargo e o n\u00edvel de escolaridade, abrangendo conhecimentos gerais e espec\u00edficos, detalhados no edital. A data prov\u00e1vel para realiza\u00e7\u00e3o \u00e9 <em>05 de outubro de 2025<\/em>, com hor\u00e1rios distintos para os n\u00edveis de escolaridade.<\/li>\n<li><strong>Prova de T\u00edtulos (PT):<\/strong> De car\u00e1ter classificat\u00f3rio, destinada exclusivamente aos candidatos aos cargos do Magist\u00e9rio que forem aprovados na Prova Objetiva. A pontua\u00e7\u00e3o m\u00e1xima \u00e9 de 10 pontos. Os t\u00edtulos dever\u00e3o ser enviados eletronicamente pelo site do Instituto Refer\u00eancia ou, alternativamente, via Correios, conforme prazos e especifica\u00e7\u00f5es do edital.<\/li>\n<li><strong>Prova Pr\u00e1tica (PP):<\/strong> De car\u00e1ter eliminat\u00f3rio e classificat\u00f3rio, para os candidatos aos cargos de Motorista, Operadores de M\u00e1quinas (pesadas e leves) e Pedreiro, desde que aprovados na Prova Objetiva. Valer\u00e1 20 pontos e exigir\u00e1 aprova\u00e7\u00e3o com no m\u00ednimo 60% de aproveitamento.<\/li>\n<li><strong>Avalia\u00e7\u00e3o M\u00e9dica Admissional:<\/strong> De car\u00e1ter eliminat\u00f3rio, para todos os candidatos aprovados nas etapas anteriores e convocados para posse.<\/li>\n<li><strong>Checagem de Pr\u00e9-Requisitos e Comprova\u00e7\u00e3o de Documentos:<\/strong> De car\u00e1ter eliminat\u00f3rio, para todos os candidatos convocados para posse.<\/li>\n<\/ul>\n<p>Recomenda-se a leitura integral do edital para obter informa\u00e7\u00f5es detalhadas sobre o conte\u00fado program\u00e1tico de cada prova, os crit\u00e9rios espec\u00edficos de avalia\u00e7\u00e3o, as regras de cada etapa e o cronograma completo do certame.<\/p>\n<h2>Resultados e Gabarito<\/h2>\n<p>O cronograma para divulga\u00e7\u00e3o dos gabaritos preliminares e definitivos da Prova Objetiva, bem como dos resultados preliminares de cada etapa, ser\u00e1 publicado no site do Instituto Refer\u00eancia (<em>www.institutoreferencia.org.br<\/em>), conforme as datas previstas no Anexo I do edital. O resultado preliminar da Prova Objetiva ser\u00e1 divulgado por listagem, constando as notas por conte\u00fado; candidatos reprovados poder\u00e3o consultar sua situa\u00e7\u00e3o individualmente no site da banca.<\/p>\n<p>O resultado final do concurso, ap\u00f3s todas as etapas e recursos, ser\u00e1 publicado em duas listas: uma geral com todos os aprovados (incluindo Pessoas com Defici\u00eancia &#8211; PCD) e outra espec\u00edfica para PCDs. A classifica\u00e7\u00e3o final ser\u00e1 em ordem decrescente da pontua\u00e7\u00e3o total obtida. Os crit\u00e9rios de desempate, sucessivamente, s\u00e3o: <\/p>\n<ul>\n<li>Idade igual ou superior a 60 anos (conforme Estatuto do Idoso);<\/li>\n<li>Maior nota na parte Espec\u00edfica da prova objetiva;<\/li>\n<li>Maior nota na parte de Portugu\u00eas da prova objetiva;<\/li>\n<li>Maior nota na parte de Matem\u00e1tica (quando houver);<\/li>\n<li>Maior nota na Prova de T\u00edtulos ou Pr\u00e1tica (quando houver);<\/li>\n<li>Persistindo o empate, maior idade (entre os n\u00e3o amparados pelo Estatuto do Idoso);<\/li>\n<li>Ter exercido a fun\u00e7\u00e3o de jurado.<\/li>\n<\/ul>\n<p>A homologa\u00e7\u00e3o do resultado final ser\u00e1 publicada no site do Instituto Refer\u00eancia. A convoca\u00e7\u00e3o para posse dos candidatos aprovados, respeitando a ordem de classifica\u00e7\u00e3o e a conveni\u00eancia da administra\u00e7\u00e3o, ser\u00e1 realizada atrav\u00e9s dos sites <em>www.diariomunicipal.com.br\/amm-mg\/<\/em> e <em>www.recreio.mg.gov.br<\/em>.<\/p>\n<p>\u00c9 de responsabilidade exclusiva do candidato acompanhar todas as publica\u00e7\u00f5es oficiais referentes ao concurso nos sites da banca organizadora e nos meios de comunica\u00e7\u00e3o oficiais indicados pela Prefeitura Municipal de Recreio\/MG.<\/p>\n","protected":false},"excerpt":{"rendered":"<p>Concurso Pref. Recreio (MG) com edital publicado! Vagas p\/ Professor, M\u00e9dico (Fund. a Sup.). Inscri\u00e7\u00f5es a partir de 11\/08. Sal\u00e1rios at\u00e9 R$ 10.5k. Confira detalhes!<\/p>\n","protected":false},"author":7,"featured_media":266917,"comment_status":"open","ping_status":"open","sticky":false,"template":"","format":"standard","meta":{"_acf_changed":false,"_breakdance_hide_in_design_set":false,"_breakdance_tags":"","footnotes":""},"categories":[3,6,6433,7,106,9,10,141,6434,12,13,14,17,6436,18,19,111,6871,21,22,23,24,25,26,101,108,130,143,134],"tags":[50],"_amplo":[],"destaque":[],"instituicoes":[],"class_list":["post-266918","post","type-post","status-publish","format-standard","has-post-thumbnail","hentry","category-administracao","category-biologia","category-biologia-licenciatura","category-biomedicina","category-bioquimica","category-ciencias-contabeis","category-direito","category-educacao-artistica","category-educacao-fisica-licenciatura","category-enfermagem","category-engenharia-ambiental","category-engenharia","category-farmacia","category-fisica-licenciatura","category-fisioterapia","category-fonoaudiologia","category-geografia","category-letras-ingles","category-medicina","category-veterinaria","category-nutricao","category-odontologia","category-pedagogia","category-psicologia","category-servico-social","category-tecnico-enfermagem","category-tecnico-informatica","category-tecnico-odontologia","category-terapia-ocupacional","tag-minas-gerais"],"acf":{"_tipo_vagas":"vagas","_numero_vagas":"","_quadro_vagas":"","_cargos":"diversos","_cargos_especificos":"","_salario_max":"R$ 10500","_abertura":"20250811","_encerramento":"20250917","_inscricoes":"https:\/\/www.institutoreferencia.org.br","_executora_concurso":"","_instituicao_concurso":[],"_link_adicional":null,"_anexos":[{"_arquivo_anexo":271210,"_titulo_anexo":"Edital de Prorroga\u00e7\u00e3o"}],"_produtos":null,"_vagas":"34 vagas","_salario_min":"R$ 1518","_instituicao":"Prefeitura Municipal de Recreio","_edital":"https:\/\/www.agrobase.com.br\/concursos\/wp-content\/uploads\/sites\/4\/2025\/06\/edital-01-2025-recreio-mg.pdf","_anexos_edital":"https:\/\/www.agrobase.com.br\/concursos\/wp-content\/uploads\/sites\/4\/2025\/06\/anexos-edital-01-2025-recreio-mg.pdf","_fund_incompleto":"","_fund_completo":"<div>\r\n<table class=\"quadro\">\r\n<thead>\r\n<tr>\r\n<th class=\"hcargo\">Cargo<\/th>\r\n<th class=\"hvagas\">Vagas<\/th>\r\n<th class=\"hremuneracao\">Remunera\u00e7\u00e3o<\/th>\r\n<\/tr>\r\n<\/thead>\r\n    <tbody>\r\n      <td class=\"ccargos\">\r\n<span data-balloon-length=\"medium\" data-balloon-pos=\"up\">Operador de M\u00e1quinas Leves<\/span><\/td>\r\n<td class=\"cvagas\">01<\/td>\r\n<td class=\"cremuneracao\">R$ 1.518,00 \/40h<\/td>\r\n<\/tr><td class=\"ccargos\">\r\n<span data-balloon-length=\"medium\" data-balloon-pos=\"up\">Operador de M\u00e1quinas Pesadas<\/span><\/td>\r\n<td class=\"cvagas\">01<\/td>\r\n<td class=\"cremuneracao\">R$ 1.799,14 \/40h<\/td>\r\n<\/tr><td class=\"ccargos\">\r\n<span data-balloon-length=\"medium\" aria-label=\"Ensino Fundamental Completo.\" data-balloon-pos=\"up\">Pedreiro<\/span><\/td>\r\n<td class=\"cvagas\">01<\/td>\r\n<td class=\"cremuneracao\">R$ 1.518,00 \/40h<\/td>\r\n<\/tr>\r\n    <\/tbody>\r\n  <\/table>\r\n<\/div>","_medio":"<div>\r\n<table class=\"quadro\">\r\n<thead>\r\n<tr>\r\n<th class=\"hcargo\">Cargo<\/th>\r\n<th class=\"hvagas\">Vagas<\/th>\r\n<th class=\"hremuneracao\">Remunera\u00e7\u00e3o<\/th>\r\n<\/tr>\r\n<\/thead>\r\n    <tbody>\r\n      <td class=\"ccargos\">\r\n<span data-balloon-length=\"medium\" aria-label=\"Ensino M\u00e9dio Completo\" data-balloon-pos=\"up\">Auxiliar Administrativo<\/span><\/td>\r\n<td class=\"cvagas\">01<\/td>\r\n<td class=\"cremuneracao\">R$ 1.518,00 \/40h<\/td>\r\n<\/tr><td class=\"ccargos\">\r\n<span data-balloon-length=\"medium\" aria-label=\"Ensino M\u00e9dio Completo\" data-balloon-pos=\"up\">Fiscal Municipal<\/span><\/td>\r\n<td class=\"cvagas\">01<\/td>\r\n<td class=\"cremuneracao\">R$ 1.518,00 \/40h<\/td>\r\n<\/tr><td class=\"ccargos\">\r\n<span data-balloon-length=\"medium\" aria-label=\"Ensino M\u00e9dio Completo\" data-balloon-pos=\"up\">Servente Escolar<\/span><\/td>\r\n<td class=\"cvagas\">01<\/td>\r\n<td class=\"cremuneracao\">R$ 1.518,00 \/30h<\/td>\r\n<\/tr><td class=\"ccargos\">\r\n<span data-balloon-length=\"medium\" aria-label=\"Ensino M\u00e9dio Completo - Curso de T\u00e9cnico em Higiene Dental e registro profissional.\" data-balloon-pos=\"up\">T\u00e9cnico de Higiene Dental<\/span><\/td>\r\n<td class=\"cvagas\">01<\/td>\r\n<td class=\"cremuneracao\">R$ 1.518,00 \/40h<\/td>\r\n<\/tr><td class=\"ccargos\">\r\n<span data-balloon-length=\"medium\" aria-label=\"Ensino M\u00e9dio Completo - Curso de T\u00e9cnico em Inform\u00e1tica\" data-balloon-pos=\"up\">T\u00e9cnico de Inform\u00e1tica (TI)<\/span><\/td>\r\n<td class=\"cvagas\">01<\/td>\r\n<td class=\"cremuneracao\">R$ 2.150,00 \/40h<\/td>\r\n<\/tr><td class=\"ccargos\">\r\n<span data-balloon-length=\"medium\" aria-label=\"Ensino M\u00e9dio Completo - Curso de T\u00e9cnico em Enfermagem e registro profissional no COREN - Conselho Regional de Enfermagem\" data-balloon-pos=\"up\">T\u00e9cnico em Enfermagem<\/span><\/td>\r\n<td class=\"cvagas\">01<\/td>\r\n<td class=\"cremuneracao\">R$ 1.518,00 \/40h<\/td>\r\n<\/tr><td class=\"ccargos\">\r\n<span data-balloon-length=\"medium\" data-balloon-pos=\"up\">Motorista<\/span><\/td>\r\n<td class=\"cvagas\">01<\/td>\r\n<td class=\"cremuneracao\">R$ 1.518,00 \/40h<\/td>\r\n<\/tr>\r\n    <\/tbody>\r\n  <\/table>\r\n<\/div>","_superior":"<div>\r\n<table class=\"quadro\">\r\n<thead>\r\n<tr>\r\n<th class=\"hcargo\">Cargo<\/th>\r\n<th class=\"hvagas\">Vagas<\/th>\r\n<th class=\"hremuneracao\">Remunera\u00e7\u00e3o<\/th>\r\n<\/tr>\r\n<\/thead>\r\n    <tbody>\r\n      <tr>\r\n<td class=\"ccargos\">\r\n<span data-balloon-length=\"medium\" aria-label=\"Ensino Superior Completo em Direito e registro profissional (OAB)\" data-balloon-pos=\"up\">Advogado<\/span><\/td>\r\n<td class=\"cvagas\">01<\/td>\r\n<td class=\"cremuneracao\">R$ 2.150,48 \/20h<\/td>\r\n<\/tr><tr>\r\n<td class=\"ccargos\">\r\n<span data-balloon-length=\"medium\" aria-label=\"Curso Superior Completo de Servi\u00e7o Social e registro profissional\" data-balloon-pos=\"up\">Assistente Social<\/span><\/td>\r\n<td class=\"cvagas\">01<\/td>\r\n<td class=\"cremuneracao\">R$ 1.662,22 \/30h<\/td>\r\n<\/tr><tr>\r\n<td class=\"ccargos\">\r\n<span data-balloon-length=\"medium\" aria-label=\"Ensino Superior Completo em Ci\u00eancias Cont\u00e1beis e registro profissional.\" data-balloon-pos=\"up\">Contador<\/span><\/td>\r\n<td class=\"cvagas\">01<\/td>\r\n<td class=\"cremuneracao\">R$ 2.500,00 \/40h<\/td>\r\n<\/tr><tr>\r\n<td class=\"ccargos\">\r\n<span data-balloon-length=\"medium\" aria-label=\"Curso Superior Completo de Engenharia Ambiental e registro profissional.\" data-balloon-pos=\"up\">Engenheiro Ambiental<\/span><\/td>\r\n<td class=\"cvagas\">01<\/td>\r\n<td class=\"cremuneracao\">R$ 2.150,48 \/20h<\/td>\r\n<\/tr><tr>\r\n<td class=\"ccargos\">\r\n<span data-balloon-length=\"medium\" aria-label=\"Curso Superior Completo de Engenharia Civil e registro profissional.\" data-balloon-pos=\"up\">Engenheiro Civil<\/span><\/td>\r\n<td class=\"cvagas\">01<\/td>\r\n<td class=\"cremuneracao\">R$ 2.150,48 \/20h<\/td>\r\n<\/tr><tr>\r\n<td class=\"ccargos\">\r\n<span data-balloon-length=\"medium\" aria-label=\"Curso Superior Completo de Farm\u00e1cia-Bioqu\u00edmica e registro profissional.\" data-balloon-pos=\"up\">Farmac\u00eautico-Bioqu\u00edmico<\/span><\/td>\r\n<td class=\"cvagas\">01<\/td>\r\n<td class=\"cremuneracao\">R$ 2.197,26 \/20h<\/td>\r\n<\/tr><tr>\r\n<td class=\"ccargos\">\r\n<span data-balloon-length=\"medium\" aria-label=\"Ensino Superior Completo Registro no \u00f3rg\u00e3o de classe nos respectivos cursos de Enfermagem, Farm\u00e1cia, Medicina, Veterin\u00e1ria, Biologia, Biomedicina, Nutri\u00e7\u00e3o, Medicina Veterin\u00e1ria, Fisioterapia e Odontologia\" data-balloon-pos=\"up\">Fiscal Sanit\u00e1rio<\/span><\/td>\r\n<td class=\"cvagas\">01<\/td>\r\n<td class=\"cremuneracao\">R$ 2.150,00 \/40h<\/td>\r\n<\/tr><tr>\r\n<td class=\"ccargos\">\r\n<span data-balloon-length=\"medium\" aria-label=\"Ensino Superior Completo em Fisioterapia e registro profissional.\" data-balloon-pos=\"up\">Fisioterapeuta<\/span><\/td>\r\n<td class=\"cvagas\">01<\/td>\r\n<td class=\"cremuneracao\">R$ 2.274,18 \/20h<\/td>\r\n<\/tr><tr>\r\n<td class=\"ccargos\">\r\n<span data-balloon-length=\"medium\" aria-label=\"Curso Superior Completo em Fonoaudiologia e registro profissional.\" data-balloon-pos=\"up\">Fonoaudi\u00f3logo<\/span><\/td>\r\n<td class=\"cvagas\">01<\/td>\r\n<td class=\"cremuneracao\">R$ 2.150,48 \/30h<\/td>\r\n<\/tr><tr>\r\n<td class=\"ccargos\">\r\n<span data-balloon-length=\"medium\" aria-label=\"Curso Superior Completo em Medicina e registro profissional.\" data-balloon-pos=\"up\">M\u00e9dico Cl\u00ednico PSF<\/span><\/td>\r\n<td class=\"cvagas\">01<\/td>\r\n<td class=\"cremuneracao\">R$ 10.500,00 \/40h<\/td>\r\n<\/tr><tr>\r\n<td class=\"ccargos\">\r\n<span data-balloon-length=\"medium\" aria-label=\"Curso Superior Completo de Nutri\u00e7\u00e3o e registro profissional.\" data-balloon-pos=\"up\">Nutricionista<\/span><\/td>\r\n<td class=\"cvagas\">01<\/td>\r\n<td class=\"cremuneracao\">R$ 2.602,18 \/30h<\/td>\r\n<\/tr><tr>\r\n<td class=\"ccargos\">\r\n<span data-balloon-length=\"medium\" aria-label=\"Curso Superior Completo em Odontologia e registro profissional.\" data-balloon-pos=\"up\">Odont\u00f3logo do PSF<\/span><\/td>\r\n<td class=\"cvagas\">01<\/td>\r\n<td class=\"cremuneracao\">R$ 3.739,96 \/40h<\/td>\r\n<\/tr><tr>\r\n<td class=\"ccargos\">\r\n<span data-balloon-length=\"medium\" aria-label=\"Ensino Superior Completo\" data-balloon-pos=\"up\">Oficial Administrativo<\/span><\/td>\r\n<td class=\"cvagas\">01<\/td>\r\n<td class=\"cremuneracao\">R$ 1.518,00 \/40h<\/td>\r\n<\/tr><tr>\r\n<td class=\"ccargos\">\r\n<span data-balloon-length=\"medium\" aria-label=\"Curso Superior Completo em Pedagogia\" data-balloon-pos=\"up\">Pedagogo<\/span><\/td>\r\n<td class=\"cvagas\">01<\/td>\r\n<td class=\"cremuneracao\">R$ 3.065,06 \/24h<\/td>\r\n<\/tr><tr>\r\n<td class=\"ccargos\">\r\n<span data-balloon-length=\"medium\" aria-label=\"Curso Superior Completo na \u00e1rea de pedagogia ou normal superior\" data-balloon-pos=\"up\">Professor I<\/span><\/td>\r\n<td class=\"cvagas\">01<\/td>\r\n<td class=\"cremuneracao\">R$ 2.920,66 \/24h<\/td>\r\n<\/tr><tr>\r\n<td class=\"ccargos\">\r\n<span data-balloon-length=\"medium\" aria-label=\"Curso Superior na \u00e1rea de atua\u00e7\u00e3o\" data-balloon-pos=\"up\">Professor II (Ingl\u00eas)<\/span><\/td>\r\n<td class=\"cvagas\">01<\/td>\r\n<td class=\"cremuneracao\">R$ 2.920,66 \/24h<\/td>\r\n<\/tr><tr>\r\n<td class=\"ccargos\">\r\n<span data-balloon-length=\"medium\" aria-label=\"Curso Superior na \u00e1rea de atua\u00e7\u00e3o\" data-balloon-pos=\"up\">Professor II (Artes)<\/span><\/td>\r\n<td class=\"cvagas\">01<\/td>\r\n<td class=\"cremuneracao\">R$ 2.920,66 \/24h<\/td>\r\n<\/tr><tr>\r\n<td class=\"ccargos\">\r\n<span data-balloon-length=\"medium\" aria-label=\"Curso Superior na \u00e1rea de atua\u00e7\u00e3o\" data-balloon-pos=\"up\">Professor II (Ci\u00eancias)<\/span><\/td>\r\n<td class=\"cvagas\">01<\/td>\r\n<td class=\"cremuneracao\">R$ 2.920,66 \/24h<\/td>\r\n<\/tr><tr>\r\n<td class=\"ccargos\">\r\n<span data-balloon-length=\"medium\" aria-label=\"Curso Superior na \u00e1rea de atua\u00e7\u00e3o e registro profissional.\" data-balloon-pos=\"up\">Professor II (Ed. F\u00edsica)<\/span><\/td>\r\n<td class=\"cvagas\">01<\/td>\r\n<td class=\"cremuneracao\">R$ 2.920,66 \/24h<\/td>\r\n<\/tr><tr>\r\n<td class=\"ccargos\">\r\n<span data-balloon-length=\"medium\" aria-label=\"Curso Superior na \u00e1rea de atua\u00e7\u00e3o\" data-balloon-pos=\"up\">Professor II (Ens. Religioso)<\/span><\/td>\r\n<td class=\"cvagas\">01<\/td>\r\n<td class=\"cremuneracao\">R$ 2.920,66 \/24h<\/td>\r\n<\/tr><tr>\r\n<td class=\"ccargos\">\r\n<span data-balloon-length=\"medium\" aria-label=\"Curso Superior na \u00e1rea de atua\u00e7\u00e3o\" data-balloon-pos=\"up\">Professor II (Geografia)<\/span><\/td>\r\n<td class=\"cvagas\">01<\/td>\r\n<td class=\"cremuneracao\">R$ 2.920,66 \/24h<\/td>\r\n<\/tr><tr>\r\n<td class=\"ccargos\">\r\n<span data-balloon-length=\"medium\" aria-label=\"Ensino Superior Completo em Psicologia e registro profissional.\" data-balloon-pos=\"up\">Psic\u00f3logo<\/span><\/td>\r\n<td class=\"cvagas\">01<\/td>\r\n<td class=\"cremuneracao\">R$ 1.720,46 \/20h<\/td>\r\n<\/tr><tr>\r\n<td class=\"ccargos\">\r\n<span data-balloon-length=\"medium\" aria-label=\"Forma\u00e7\u00e3o Pedag\u00f3gica de N\u00edvel Superior Bacharelado em Psicopedagogia\" data-balloon-pos=\"up\">Psicopedagogo<\/span><\/td>\r\n<td class=\"cvagas\">01<\/td>\r\n<td class=\"cremuneracao\">R$ 2.150,48 \/20h<\/td>\r\n<\/tr><tr>\r\n<td class=\"ccargos\">\r\n<span data-balloon-length=\"medium\" aria-label=\"Ensino Superior Completo em Terapia Ocupacional e registro profissional.\" data-balloon-pos=\"up\">Terapeuta Ocupacional<\/span><\/td>\r\n<td class=\"cvagas\">01<\/td>\r\n<td class=\"cremuneracao\">R$ 2.150,48 \/20h<\/td>\r\n<\/tr>\r\n    <\/tbody>\r\n  <\/table>\r\n<\/div>"},"_links":{"self":[{"href":"https:\/\/www.agrobase.com.br\/concursos\/wp-json\/wp\/v2\/posts\/266918","targetHints":{"allow":["GET"]}}],"collection":[{"href":"https:\/\/www.agrobase.com.br\/concursos\/wp-json\/wp\/v2\/posts"}],"about":[{"href":"https:\/\/www.agrobase.com.br\/concursos\/wp-json\/wp\/v2\/types\/post"}],"author":[{"embeddable":true,"href":"https:\/\/www.agrobase.com.br\/concursos\/wp-json\/wp\/v2\/users\/7"}],"replies":[{"embeddable":true,"href":"https:\/\/www.agrobase.com.br\/concursos\/wp-json\/wp\/v2\/comments?post=266918"}],"version-history":[{"count":5,"href":"https:\/\/www.agrobase.com.br\/concursos\/wp-json\/wp\/v2\/posts\/266918\/revisions"}],"predecessor-version":[{"id":271211,"href":"https:\/\/www.agrobase.com.br\/concursos\/wp-json\/wp\/v2\/posts\/266918\/revisions\/271211"}],"wp:featuredmedia":[{"embeddable":true,"href":"https:\/\/www.agrobase.com.br\/concursos\/wp-json\/wp\/v2\/media\/266917"}],"wp:attachment":[{"href":"https:\/\/www.agrobase.com.br\/concursos\/wp-json\/wp\/v2\/media?parent=266918"}],"wp:term":[{"taxonomy":"category","embeddable":true,"href":"https:\/\/www.agrobase.com.br\/concursos\/wp-json\/wp\/v2\/categories?post=266918"},{"taxonomy":"post_tag","embeddable":true,"href":"https:\/\/www.agrobase.com.br\/concursos\/wp-json\/wp\/v2\/tags?post=266918"},{"taxonomy":"_amplo","embeddable":true,"href":"https:\/\/www.agrobase.com.br\/concursos\/wp-json\/wp\/v2\/_amplo?post=266918"},{"taxonomy":"destaque","embeddable":true,"href":"https:\/\/www.agrobase.com.br\/concursos\/wp-json\/wp\/v2\/destaque?post=266918"},{"taxonomy":"instituicoes","embeddable":true,"href":"https:\/\/www.agrobase.com.br\/concursos\/wp-json\/wp\/v2\/instituicoes?post=266918"}],"curies":[{"name":"wp","href":"https:\/\/api.w.org\/{rel}","templated":true}]}}