{"id":266911,"date":"2025-06-06T07:50:09","date_gmt":"2025-06-06T10:50:09","guid":{"rendered":"https:\/\/www.agrobase.com.br\/concursos\/?p=266911"},"modified":"2025-06-05T15:10:12","modified_gmt":"2025-06-05T18:10:12","slug":"seplag-see-mg-concurso-01-2025","status":"publish","type":"post","link":"https:\/\/www.agrobase.com.br\/concursos\/2025\/seplag-see-mg-concurso-01-2025\/","title":{"rendered":"SEPLAG &#8211; SEE (MG) &#8211; Concurso 01\/2025"},"content":{"rendered":"<h2>Informa\u00e7\u00f5es Gerais<\/h2>\n<p>A Secretaria de Estado de Planejamento e Gest\u00e3o (SEPLAG) e a Secretaria de Estado de Educa\u00e7\u00e3o (SEE) de Minas Gerais tornam p\u00fablico o <strong>Edital SEPLAG\/SEE N\u00b0 01\/2025<\/strong> (atualizado conforme Retifica\u00e7\u00e3o I), referente ao Concurso P\u00fablico para provimento de cargos efetivos em diversas carreiras da educa\u00e7\u00e3o b\u00e1sica. O edital j\u00e1 foi publicado e o certame, organizado pela CONSULPLAN, visa o preenchimento de <strong>13.795 vagas imediatas<\/strong> e a forma\u00e7\u00e3o de cadastro de reserva. Os candidatos aprovados e nomeados ser\u00e3o submetidos ao regime jur\u00eddico <strong>Estatut\u00e1rio<\/strong>.<\/p>\n<p>As oportunidades contemplam os n\u00edveis de escolaridade <strong>M\u00e9dio\/T\u00e9cnico e Superior<\/strong>, abrangendo diversas \u00e1reas de atua\u00e7\u00e3o no setor educacional, como doc\u00eancia, especializa\u00e7\u00e3o pedag\u00f3gica, an\u00e1lise educacional em diferentes frentes, al\u00e9m de cargos t\u00e9cnicos e de assist\u00eancia t\u00e9cnica. Este concurso representa uma excelente chance para profissionais que buscam ingressar no servi\u00e7o p\u00fablico estadual na \u00e1rea da educa\u00e7\u00e3o.<\/p>\n<p>Para os profissionais das \u00e1reas de interesse do nosso site, destacamos vagas para <em>Analista Educacional &#8211; Nutricionista<\/em> e <em>Professor de Educa\u00e7\u00e3o B\u00e1sica &#8211; Biologia\/Ci\u00eancias<\/em>. Se voc\u00ea possui forma\u00e7\u00e3o nessas \u00e1reas ou em outras contempladas pelo edital, continue a leitura para obter informa\u00e7\u00f5es detalhadas sobre o processo de inscri\u00e7\u00e3o, as etapas do certame e como acompanhar os resultados.<\/p>\n<h2>Inscri\u00e7\u00f5es<\/h2>\n<p>As inscri\u00e7\u00f5es para o Concurso P\u00fablico SEPLAG\/SEE MG estar\u00e3o abertas a partir das <strong>16h00min do dia 21 de julho de 2025 e se encerram \u00e0s 16h00min do dia 21 de agosto de 2025<\/strong> (hor\u00e1rio oficial de Bras\u00edlia). Todo o processo de inscri\u00e7\u00e3o ser\u00e1 realizado exclusivamente online, atrav\u00e9s do endere\u00e7o eletr\u00f4nico da banca organizadora, CONSULPLAN: <strong>www.consulplan.net<\/strong>.<\/p>\n<p>Os valores das taxas de inscri\u00e7\u00e3o s\u00e3o os seguintes:<\/p>\n<ul>\n<li>Cargos de N\u00edvel Superior (Professor de Educa\u00e7\u00e3o B\u00e1sica &#8211; PEB, Especialista em Educa\u00e7\u00e3o B\u00e1sica &#8211; EEB, Analista Educacional &#8211; ANE, Analista Educacional na fun\u00e7\u00e3o de Inspetor Escolar &#8211; ANE-IE, Analista de Educa\u00e7\u00e3o B\u00e1sica &#8211; AEB): <strong>R$ 33,00<\/strong>.<\/li>\n<li>Cargo de N\u00edvel M\u00e9dio\/T\u00e9cnico (T\u00e9cnico da Educa\u00e7\u00e3o &#8211; TDE): <strong>R$ 21,00<\/strong>.<\/li>\n<li>Cargo de N\u00edvel M\u00e9dio\/T\u00e9cnico (Assistente T\u00e9cnico de Educa\u00e7\u00e3o B\u00e1sica &#8211; ATB): <strong>R$ 27,50<\/strong>.<\/li>\n<\/ul>\n<p>O pagamento da taxa de inscri\u00e7\u00e3o dever\u00e1 ser efetuado por meio do Documento de Arrecada\u00e7\u00e3o Estadual (DAE), que deve ser gerado e impresso no ato da inscri\u00e7\u00e3o. A data limite para o pagamento do DAE \u00e9 <strong>22 de agosto de 2025<\/strong>. Caso o pagamento n\u00e3o seja realizado at\u00e9 esta data, a inscri\u00e7\u00e3o ser\u00e1 cancelada. Candidatos que necessitarem reimprimir o DAE poder\u00e3o faz\u00ea-lo at\u00e9 as 20h00min do dia 22 de agosto de 2025.<\/p>\n<p>Candidatos que se enquadrem nos crit\u00e9rios para <strong>isen\u00e7\u00e3o da taxa de inscri\u00e7\u00e3o<\/strong>, conforme detalhado no item 5 do edital, dever\u00e3o seguir os procedimentos e prazos especificados para solicitar o benef\u00edcio. Ap\u00f3s a conclus\u00e3o da inscri\u00e7\u00e3o, \u00e9 fundamental que o candidato acompanhe o status de sua solicita\u00e7\u00e3o e demais comunicados atrav\u00e9s da \u00e1rea restrita no site da CONSULPLAN.<\/p>\n<p>Recomenda-se a leitura atenta e integral do edital para pleno conhecimento de todas as normas, prazos e procedimentos do concurso.<\/p>\n<h2>Etapas e Provas<\/h2>\n<p>O Concurso P\u00fablico da SEPLAG\/SEE MG ser\u00e1 realizado em diferentes etapas, variando conforme o cargo pretendido. As etapas principais s\u00e3o:<\/p>\n<ul>\n<li><strong>Primeira Etapa: Prova Objetiva<\/strong>\n<ul>\n<li><strong>Car\u00e1ter:<\/strong> Eliminat\u00f3rio e classificat\u00f3rio, para todos os cargos.<\/li>\n<li><strong>Formato:<\/strong> M\u00faltipla escolha, com 50 quest\u00f5es (4 alternativas cada, apenas uma correta).<\/li>\n<li><strong>Disciplinas (todos os cargos):<\/strong> M\u00f3dulo I &#8211; Conhecimentos Gerais (L\u00edngua Portuguesa, Matem\u00e1tica Aplicada, Direitos Humanos, Legisla\u00e7\u00e3o Educacional) e M\u00f3dulo II &#8211; Conhecimentos Espec\u00edficos (vari\u00e1vel por cargo).<\/li>\n<li><strong>Pontua\u00e7\u00e3o:<\/strong> Cada quest\u00e3o valer\u00e1 1,6 pontos, totalizando 80 pontos.<\/li>\n<li><strong>Aprova\u00e7\u00e3o:<\/strong> M\u00ednimo de 50% do total de pontos (40 pontos), al\u00e9m de acertar ao menos uma quest\u00e3o do M\u00f3dulo I e uma do M\u00f3dulo II.<\/li>\n<\/ul>\n<\/li>\n<li><strong>Segunda Etapa: Reda\u00e7\u00e3o<\/strong>\n<ul>\n<li><strong>Car\u00e1ter:<\/strong> Eliminat\u00f3rio e classificat\u00f3rio, para todos os cargos.<\/li>\n<li><strong>Formato:<\/strong> Elabora\u00e7\u00e3o de texto dissertativo-argumentativo sobre tema in\u00e9dito e atual, com m\u00ednimo de 15 e m\u00e1ximo de 30 linhas.<\/li>\n<li><strong>Pontua\u00e7\u00e3o:<\/strong> Avaliada de 0 a 20 pontos.<\/li>\n<li><strong>Aprova\u00e7\u00e3o:<\/strong> M\u00ednimo de 50% dos pontos (10 pontos). Somente ser\u00e3o corrigidas as reda\u00e7\u00f5es dos candidatos aprovados na Prova Objetiva e classificados dentro do limite estabelecido no edital (at\u00e9 10 vezes o n\u00famero de vagas ou 10\u00aa posi\u00e7\u00e3o para cadastro reserva).<\/li>\n<\/ul>\n<\/li>\n<li><strong>Terceira Etapa: Avalia\u00e7\u00e3o de T\u00edtulos<\/strong>\n<ul>\n<li><strong>Car\u00e1ter:<\/strong> Classificat\u00f3rio.<\/li>\n<li><strong>Cargos:<\/strong> Apenas para os cargos de n\u00edvel superior (Professor de Educa\u00e7\u00e3o B\u00e1sica &#8211; PEB, Especialista em Educa\u00e7\u00e3o B\u00e1sica &#8211; EEB, Analista Educacional &#8211; ANE, e Analista de Educa\u00e7\u00e3o B\u00e1sica &#8211; AEB).<\/li>\n<li><strong>Envio:<\/strong> Os t\u00edtulos dever\u00e3o ser enviados eletronicamente, via link espec\u00edfico no site da CONSULPLAN, durante o per\u00edodo de inscri\u00e7\u00f5es, impreterivelmente at\u00e9 o dia 22 de agosto de 2025.<\/li>\n<\/ul>\n<\/li>\n<\/ul>\n<p>As Provas Objetivas e de Reda\u00e7\u00e3o ser\u00e3o realizadas no dia <strong>28 de setembro de 2025<\/strong>. Os cargos de Assistente T\u00e9cnico de Educa\u00e7\u00e3o B\u00e1sica (ATB), Analista Educacional (ANE-IE e demais \u00e1reas), Especialista em Educa\u00e7\u00e3o B\u00e1sica (EEB), Analista de Educa\u00e7\u00e3o B\u00e1sica (AEB) e T\u00e9cnico da Educa\u00e7\u00e3o (TDE) ter\u00e3o provas no <strong>turno da manh\u00e3<\/strong>. Os cargos de Professor de Educa\u00e7\u00e3o B\u00e1sica (PEB &#8211; todas as \u00e1reas) ter\u00e3o provas no <strong>turno da tarde<\/strong>. A dura\u00e7\u00e3o total para a Prova Objetiva e a Reda\u00e7\u00e3o ser\u00e1 de 4 horas. Os locais de realiza\u00e7\u00e3o das provas ser\u00e3o divulgados a partir de 22 de setembro de 2025 no site da CONSULPLAN.<\/p>\n<p>Para informa\u00e7\u00f5es completas sobre o conte\u00fado program\u00e1tico de cada disciplina, crit\u00e9rios detalhados de avalia\u00e7\u00e3o de cada etapa, e o cronograma completo, \u00e9 imprescind\u00edvel a consulta ao edital oficial do concurso.<\/p>\n<h2>Resultados e Gabarito<\/h2>\n<p>A divulga\u00e7\u00e3o dos resultados do Concurso P\u00fablico SEPLAG\/SEE MG seguir\u00e1 um cronograma estabelecido pela banca organizadora, CONSULPLAN, e disponibilizado em seu site oficial (www.consulplan.net). Os candidatos dever\u00e3o acompanhar a publica\u00e7\u00e3o dos gabaritos preliminares e definitivos da Prova Objetiva, bem como os resultados preliminares e finais de cada etapa, incluindo Reda\u00e7\u00e3o e Avalia\u00e7\u00e3o de T\u00edtulos.<\/p>\n<p>A <strong>nota final<\/strong> dos candidatos ser\u00e1 calculada da seguinte forma:<\/p>\n<ul>\n<li>Para os cargos de Professor de Educa\u00e7\u00e3o B\u00e1sica (PEB), Especialista em Educa\u00e7\u00e3o B\u00e1sica (EEB), Analista Educacional &#8211; Inspetor Escolar (ANE-IE), Analista Educacional (ANE) e Analista de Educa\u00e7\u00e3o B\u00e1sica (AEB): soma das notas da Prova Objetiva, Reda\u00e7\u00e3o e Avalia\u00e7\u00e3o de T\u00edtulos.<\/li>\n<li>Para os cargos de T\u00e9cnico da Educa\u00e7\u00e3o (TDE) e Assistente T\u00e9cnico de Educa\u00e7\u00e3o B\u00e1sica (ATB): soma das notas da Prova Objetiva e Reda\u00e7\u00e3o.<\/li>\n<\/ul>\n<p>A <strong>classifica\u00e7\u00e3o final<\/strong> dos aprovados ser\u00e1 em ordem decrescente da nota final, por cargo\/\u00e1rea de atua\u00e7\u00e3o\/unidade da SEE. Ser\u00e3o publicadas duas listas: uma geral (ampla concorr\u00eancia) e outra para pessoas com defici\u00eancia. Em caso de empate, os crit\u00e9rios de desempate seguir\u00e3o a ordem: idade igual ou superior a 60 anos, maior pontua\u00e7\u00e3o na Reda\u00e7\u00e3o, maior pontua\u00e7\u00e3o na Avalia\u00e7\u00e3o de T\u00edtulos (se aplic\u00e1vel), maior pontua\u00e7\u00e3o em Conhecimentos Espec\u00edficos, L\u00edngua Portuguesa, Legisla\u00e7\u00e3o Educacional, Matem\u00e1tica Aplicada, Direitos Humanos, maior idade (para n\u00e3o idosos), e exerc\u00edcio da fun\u00e7\u00e3o de jurado.<\/p>\n<p>A <strong>homologa\u00e7\u00e3o<\/strong> do resultado final do concurso ser\u00e1 realizada pela SEPLAG e SEE, com publica\u00e7\u00e3o no Di\u00e1rio Oficial dos Poderes do Estado de Minas Gerais e divulga\u00e7\u00e3o no site da CONSULPLAN. Ap\u00f3s a homologa\u00e7\u00e3o, a <strong>convoca\u00e7\u00e3o<\/strong> dos candidatos aprovados, dentro do n\u00famero de vagas, obedecer\u00e1 \u00e0 estrita ordem de classifica\u00e7\u00e3o e ao prazo de validade do concurso.<\/p>\n<p>\u00c9 de responsabilidade exclusiva do candidato acompanhar todas as publica\u00e7\u00f5es oficiais referentes ao concurso, incluindo convoca\u00e7\u00f5es, resultados e demais comunicados, no site da banca organizadora CONSULPLAN e no Di\u00e1rio Oficial dos Poderes do Estado de Minas Gerais.<\/p>\n","protected":false},"excerpt":{"rendered":"<p>Aguardando in\u00edcio: Concurso Gov. MG com edital publicado! Vagas p\/ Professor e Analista (M\u00e9dio a Sup.). Inscri\u00e7\u00f5es a partir de 21\/07. At\u00e9 R$ 6.9k. Confira detalhes!<\/p>\n","protected":false},"author":7,"featured_media":266923,"comment_status":"open","ping_status":"open","sticky":false,"template":"","format":"standard","meta":{"_acf_changed":false,"_breakdance_hide_in_design_set":false,"_breakdance_tags":"","footnotes":""},"categories":[3,5,94,6433,126,9,121,10,141,6434,14,112,6436,111,100,20,6871,116,23,25,26,6435,101,118,134],"tags":[50],"_amplo":[],"destaque":[],"instituicoes":[],"class_list":["post-266911","post","type-post","status-publish","format-standard","has-post-thumbnail","hentry","category-administracao","category-arquitetura","category-biblioteconomia","category-biologia-licenciatura","category-ciencia-computacao","category-ciencias-contabeis","category-ciencias-sociais","category-direito","category-educacao-artistica","category-educacao-fisica-licenciatura","category-engenharia","category-filosofia","category-fisica-licenciatura","category-geografia","category-historia","category-letras","category-letras-ingles","category-matematica","category-nutricao","category-pedagogia","category-psicologia","category-quimica-licenciatura","category-servico-social","category-sociologia","category-terapia-ocupacional","tag-minas-gerais"],"acf":{"_tipo_vagas":"vagas","_numero_vagas":"","_quadro_vagas":"","_cargos":"diversos","_cargos_especificos":"","_salario_max":"R$ 6937.06","_abertura":"20250721","_encerramento":"20250821","_inscricoes":"https:\/\/www.consulplan.net","_executora_concurso":"","_instituicao_concurso":[],"_link_adicional":null,"_anexos":null,"_produtos":null,"_vagas":"13795 vagas + CR","_salario_min":"R$ 1917.11","_instituicao":"Governo do Estado de Minas Gerais","_edital":"https:\/\/www.agrobase.com.br\/concursos\/wp-content\/uploads\/sites\/4\/2025\/06\/edital-01-2025-seplag-see-mg.pdf","_anexos_edital":"https:\/\/www.agrobase.com.br\/concursos\/wp-content\/uploads\/sites\/4\/2025\/06\/anexos-edital-01-2025-seplag-see-mg.pdf","_fund_incompleto":"","_fund_completo":"","_medio":"<div>\r\n<table class=\"quadro\">\r\n<thead>\r\n<tr>\r\n<th class=\"hcargo\">Cargo<\/th>\r\n<th class=\"hvagas\">Vagas<\/th>\r\n<th class=\"hremuneracao\">Remunera\u00e7\u00e3o<\/th>\r\n<\/tr>\r\n<\/thead>\r\n    <tbody>\r\n      <td class=\"ccargos\">\r\n<span data-balloon-length=\"medium\" aria-label=\"Diploma de curso t\u00e9cnico, de n\u00edvel m\u00e9dio de escolaridade ou curso de forma\u00e7\u00e3o em n\u00edvel m\u00e9dio na modalidade Normal (Magist\u00e9rio), legalmente reconhecido, expedido por institui\u00e7\u00e3o de ensino credenciada.\" data-balloon-pos=\"up\">Assistente T\u00e9cnico de Educa\u00e7\u00e3o B\u00e1sica<\/span><\/td>\r\n<td class=\"cvagas\">1735<\/td>\r\n<td class=\"cremuneracao\">R$ 1.917,11 \/30h<\/td>\r\n<\/tr><td class=\"ccargos\">\r\n<span data-balloon-length=\"medium\" aria-label=\"Diploma de curso t\u00e9cnico, de n\u00edvel m\u00e9dio de escolaridade ou curso de forma\u00e7\u00e3o em n\u00edvel m\u00e9dio na modalidade Normal (Magist\u00e9rio), legalmente reconhecido, expedido por institui\u00e7\u00e3o de ensino credenciada.\" data-balloon-pos=\"up\">T\u00e9cnico da Educa\u00e7\u00e3o<\/span><\/td>\r\n<td class=\"cvagas\">22 + CR<\/td>\r\n<td class=\"cremuneracao\">R$  \/40h<\/td>\r\n<\/tr>\r\n    <\/tbody>\r\n  <\/table>\r\n<\/div>","_superior":"<div>\r\n<table class=\"quadro\">\r\n<thead>\r\n<tr>\r\n<th class=\"hcargo\">Cargo<\/th>\r\n<th class=\"hvagas\">Vagas<\/th>\r\n<th class=\"hremuneracao\">Remunera\u00e7\u00e3o<\/th>\r\n<\/tr>\r\n<\/thead>\r\n    <tbody>\r\n      <tr>\r\n<td class=\"ccargos\">\r\n<span data-balloon-length=\"medium\" aria-label=\"Diploma de gradua\u00e7\u00e3o devidamente registrado de curso superior legalmente reconhecido de Bacharelado ou Tecn\u00f3logo em Administra\u00e7\u00e3o, ou Ci\u00eancia de Dados, ou Ci\u00eancias do Estado, ou Gest\u00e3o P\u00fablica, ou Ci\u00eancias Cont\u00e1beis, ou Ci\u00eancias Econ\u00f4micas ou Direito, ou Engenharia Civil, ou Arquitetura, ou Ci\u00eancias da Computa\u00e7\u00e3o, ou Inform\u00e1tica, ou Psicologia, ou Servi\u00e7o Social, expedido por institui\u00e7\u00e3o de ensino superior credenciada; ou Diploma de gradua\u00e7\u00e3o devidamente registrado de curso superior legalmente reconhecido de Licenciatura Plena em qualquer \u00e1rea do conhecimento ou em Pedagogia, expedido por institui\u00e7\u00e3o de ensino superior credenciada; ou Diploma de gradua\u00e7\u00e3o devidamente registrado de curso superior legalmente reconhecido de Bacharelado ou Tecnol\u00f3gico, acrescido de certificado de curso de forma\u00e7\u00e3o pedag\u00f3gica para graduados n\u00e3o licenciados, em qualquer \u00e1rea do conhecimento, realizado nos termos da legisla\u00e7\u00e3o espec\u00edfica, expedidos por Institui\u00e7\u00e3o de Ensino Superior credenciada.\" data-balloon-pos=\"up\">Analista Educacional: Administrativo\/Pedag\u00f3gico<\/span><\/td>\r\n<td class=\"cvagas\">02 + CR<\/td>\r\n<td class=\"cremuneracao\">R$ 4.624,71 \/40h<\/td>\r\n<\/tr><tr>\r\n<td class=\"ccargos\">\r\n<span data-balloon-length=\"medium\" aria-label=\"Diploma de gradua\u00e7\u00e3o devidamente registrado de curso superior legalmente reconhecido de Bacharelado em Nutri\u00e7\u00e3o, expedido por institui\u00e7\u00e3o de ensino superior credenciada e registro no(s) \u00f3rg\u00e3o(s) competente(s).\" data-balloon-pos=\"up\">Analista Educacional: Nutricionista<\/span><\/td>\r\n<td class=\"cvagas\">36 + CR<\/td>\r\n<td class=\"cremuneracao\">R$ 4.624,71 \/40h<\/td>\r\n<\/tr><tr>\r\n<td class=\"ccargos\">\r\n<span data-balloon-length=\"medium\" aria-label=\"Diploma de gradua\u00e7\u00e3o devidamente registrado de curso superior legalmente reconhecido de Bacharelado em Biblioteconomia, expedido por institui\u00e7\u00e3o de ensino superior credenciada e registro no(s) \u00f3rg\u00e3o(s) competente(s).\" data-balloon-pos=\"up\">Analista Educacional: Bibliotec\u00e1rio<\/span><\/td>\r\n<td class=\"cvagas\">40 + CR<\/td>\r\n<td class=\"cremuneracao\">R$ 4.624,71 \/40h<\/td>\r\n<\/tr><tr>\r\n<td class=\"ccargos\">\r\n<span data-balloon-length=\"medium\" aria-label=\"Diploma de gradua\u00e7\u00e3o devidamente registrado de curso superior legalmente reconhecido de Licenciatura Plena em Pedagogia, com habilita\u00e7\u00e3o espec\u00edfica em Inspe\u00e7\u00e3o Escolar, expedido por institui\u00e7\u00e3o de ensino superior credenciada; ou Diploma de gradua\u00e7\u00e3o devidamente registrado de curso superior legalmente reconhecido de Licenciatura Plena em Pedagogia, regulamentado pela Resolu\u00e7\u00e3o CNE\/CP n\u00ba 01, de 15\/05\/2006, expedido por institui\u00e7\u00e3o de ensino superior credenciada; ou Diploma de gradua\u00e7\u00e3o devidamente registrado de curso superior legalmente reconhecido de Licenciatura Plena em qualquer \u00e1rea do conhecimento, acrescido de certificado de p\u00f3s-gradua\u00e7\u00e3o em Inspe\u00e7\u00e3o Escolar, expedidos por institui\u00e7\u00e3o de ensino superior credenciada; ou Diploma de gradua\u00e7\u00e3o devidamente registrado de curso superior legalmente reconhecido de Bacharelado ou Tecnol\u00f3gico, acrescido de certificado de curso de forma\u00e7\u00e3o pedag\u00f3gica para graduados n\u00e3o licenciados, em qualquer \u00e1rea do conhecimento, realizado nos termos da legisla\u00e7\u00e3o espec\u00edfica, e acrescido de certificado de p\u00f3s-gradua\u00e7\u00e3o em Inspe\u00e7\u00e3o Escolar, expedidos por institui\u00e7\u00e3o de ensino superior credenciada.\" data-balloon-pos=\"up\">Analista Educacional - Inspetor Escolar<\/span><\/td>\r\n<td class=\"cvagas\">12 + CR<\/td>\r\n<td class=\"cremuneracao\">R$ 6.937,06 \/40h<\/td>\r\n<\/tr><tr>\r\n<td class=\"ccargos\">\r\n<span data-balloon-length=\"medium\" aria-label=\"Diploma de gradua\u00e7\u00e3o devidamente registrado de curso superior legalmente reconhecido de Bacharelado em Psicologia, expedido por institui\u00e7\u00e3o de ensino superior credenciada e registro no(s) \u00f3rg\u00e3o(s) competente(s).\" data-balloon-pos=\"up\">Analista de Educa\u00e7\u00e3o B\u00e1sica: Psic\u00f3logo<\/span><\/td>\r\n<td class=\"cvagas\">63 + CR<\/td>\r\n<td class=\"cremuneracao\">R$ 3.468,53 \/30h<\/td>\r\n<\/tr><tr>\r\n<td class=\"ccargos\">\r\n<span data-balloon-length=\"medium\" aria-label=\"Diploma de gradua\u00e7\u00e3o devidamente registrado de curso superior legalmente reconhecido de Bacharelado em Servi\u00e7o Social, expedido por institui\u00e7\u00e3o de ensino superior credenciada e registro no(s) \u00f3rg\u00e3o(s) competente(s).\" data-balloon-pos=\"up\">Analista de Educa\u00e7\u00e3o B\u00e1sica: Assistente Social<\/span><\/td>\r\n<td class=\"cvagas\">72 + CR<\/td>\r\n<td class=\"cremuneracao\">R$ 3.468,53 \/30h<\/td>\r\n<\/tr><tr>\r\n<td class=\"ccargos\">\r\n<span data-balloon-length=\"medium\" aria-label=\"Diploma de gradua\u00e7\u00e3o devidamente registrado de curso superior legalmente reconhecido de Bacharelado em Terapia Ocupacional, expedido por institui\u00e7\u00e3o de ensino superior credenciada e registro no(s) \u00f3rg\u00e3o(s) competente(s).\" data-balloon-pos=\"up\">Analista de Educa\u00e7\u00e3o B\u00e1sica: Terapeuta Ocupacional<\/span><\/td>\r\n<td class=\"cvagas\">33 + CR<\/td>\r\n<td class=\"cremuneracao\">R$ 3.468,53 \/30h<\/td>\r\n<\/tr><tr>\r\n<td class=\"ccargos\">\r\n<span data-balloon-length=\"medium\" aria-label=\"Diploma de gradua\u00e7\u00e3o devidamente registrado de curso superior legalmente reconhecido de Licenciatura Plena em Pedagogia, com habilita\u00e7\u00e3o em Supervis\u00e3o Pedag\u00f3gica ou Orienta\u00e7\u00e3o Educacional, expedido por institui\u00e7\u00e3o de ensino superior credenciada; ou Diploma de gradua\u00e7\u00e3o devidamente registrado de curso superior legalmente reconhecido de Licenciatura Plena em Pedagogia, regulamentado pela Resolu\u00e7\u00e3o CNE\/CP n\u00ba 01, de 15\/05\/2006, expedido por institui\u00e7\u00e3o de ensino superior credenciada; ou Diploma de gradua\u00e7\u00e3o devidamente registrado de curso superior legalmente reconhecido de Licenciatura Plena em qualquer \u00e1rea do conhecimento acrescido de certificado de p\u00f3s-gradua\u00e7\u00e3o em Supervis\u00e3o Pedag\u00f3gica ou Orienta\u00e7\u00e3o Educacional, expedidos por institui\u00e7\u00e3o de ensino superior credenciada; ou Diploma de gradua\u00e7\u00e3o devidamente registrado de curso superior legalmente reconhecido de Licenciatura Plena em qualquer \u00e1rea do conhecimento acrescido de certificado de p\u00f3s-gradua\u00e7\u00e3o em Coordena\u00e7\u00e3o Pedag\u00f3gica ou em Gest\u00e3o Escolar, estruturada em torno do eixo 'Organiza\u00e7\u00e3o do Trabalho Pedag\u00f3gico', expedidos por institui\u00e7\u00e3o de ensino superior credenciada; ou Diploma de gradua\u00e7\u00e3o devidamente registrado de curso superior legalmente reconhecido de Bacharelado ou Tecnol\u00f3gico, acrescido de certificado de curso de forma\u00e7\u00e3o pedag\u00f3gica para graduados n\u00e3o licenciados, em qualquer \u00e1rea do conhecimento, realizado nos termos da legisla\u00e7\u00e3o espec\u00edfica, e acrescido de certificado de p\u00f3s-gradua\u00e7\u00e3o em Supervis\u00e3o Pedag\u00f3gica ou Orienta\u00e7\u00e3o Educacional, expedidos por institui\u00e7\u00e3o de ensino superior credenciada; ou Diploma de gradua\u00e7\u00e3o devidamente registrado de curso superior legalmente reconhecido de Bacharelado ou Tecnol\u00f3gico, acrescido de certificado de curso de forma\u00e7\u00e3o pedag\u00f3gica para graduados n\u00e3o licenciados, em qualquer \u00e1rea do conhecimento, realizado nos termos da legisla\u00e7\u00e3o espec\u00edfica, e acrescido de certificado de p\u00f3s-gradua\u00e7\u00e3o em Coordena\u00e7\u00e3o Pedag\u00f3gica ou em Gest\u00e3o Escolar, estruturada em torno do eixo 'Organiza\u00e7\u00e3o do Trabalho Pedag\u00f3gico', expedidos por institui\u00e7\u00e3o de ensino superior credenciada.\" data-balloon-pos=\"up\">Especialista em Educa\u00e7\u00e3o B\u00e1sica<\/span><\/td>\r\n<td class=\"cvagas\">830<\/td>\r\n<td class=\"cremuneracao\">R$ 2.774,82 \/24h<\/td>\r\n<\/tr><tr>\r\n<td class=\"ccargos\">\r\n<span data-balloon-length=\"medium\" aria-label=\"Diploma de gradua\u00e7\u00e3o devidamente registrado de curso superior legalmente reconhecido de Licenciatura Plena em Arte\/Educa\u00e7\u00e3o Art\u00edstica, incluindo as diversas linguagens art\u00edsticas, expedido por institui\u00e7\u00e3o de ensino superior credenciada; ou Diploma de gradua\u00e7\u00e3o devidamente registrado de curso superior legalmente reconhecido de Licenciatura Plena na \u00e1rea de Linguagens, com habilita\u00e7\u00e3o para doc\u00eancia de Arte nos anos finais do ensino fundamental e no ensino m\u00e9dio; ou Diploma de gradua\u00e7\u00e3o devidamente registrado de curso superior legalmente reconhecido de Bacharelado ou Tecnol\u00f3gico, acrescido de certificado de curso de forma\u00e7\u00e3o pedag\u00f3gica para graduados n\u00e3o licenciados, realizado nos termos da legisla\u00e7\u00e3o espec\u00edfica, com habilita\u00e7\u00e3o espec\u00edfica em Arte\/Educa\u00e7\u00e3o Art\u00edstica, incluindo as diversas linguagens art\u00edsticas.\" data-balloon-pos=\"up\">Professor de Educa\u00e7\u00e3o B\u00e1sica: Arte\/Artes<\/span><\/td>\r\n<td class=\"cvagas\">1109<\/td>\r\n<td class=\"cremuneracao\">R$ 2.774,82 \/24h<\/td>\r\n<\/tr><tr>\r\n<td class=\"ccargos\">\r\n<span data-balloon-length=\"medium\" aria-label=\"Diploma de gradua\u00e7\u00e3o devidamente registrado de curso superior legalmente reconhecido de Licenciatura Plena em Ci\u00eancias Biol\u00f3gicas, expedido por institui\u00e7\u00e3o de ensino superior credenciada; ou Diploma de gradua\u00e7\u00e3o devidamente registrado de curso superior legalmente reconhecido de Licenciatura Plena na \u00e1rea de Ci\u00eancias da Natureza, com habilita\u00e7\u00e3o para doc\u00eancia de Biologia nos anos finais do ensino fundamental e no ensino m\u00e9dio; ou Diploma de gradua\u00e7\u00e3o devidamente registrado de curso superior legalmente reconhecido de Bacharelado ou Tecnol\u00f3gico, acrescido de certificado de curso de forma\u00e7\u00e3o pedag\u00f3gica para graduados n\u00e3o licenciados, realizado nos termos da legisla\u00e7\u00e3o espec\u00edfica, com habilita\u00e7\u00e3o espec\u00edfica em Ci\u00eancias Biol\u00f3gicas.\" data-balloon-pos=\"up\">Professor de Educa\u00e7\u00e3o B\u00e1sica: Biologia\/Ci\u00eancias<\/span><\/td>\r\n<td class=\"cvagas\">761<\/td>\r\n<td class=\"cremuneracao\">R$ 2.774,82 \/24h<\/td>\r\n<\/tr><tr>\r\n<td class=\"ccargos\">\r\n<span data-balloon-length=\"medium\" aria-label=\"Diploma de gradua\u00e7\u00e3o devidamente registrado de curso superior legalmente reconhecido de Licenciatura Plena em Educa\u00e7\u00e3o F\u00edsica, expedido por institui\u00e7\u00e3o de ensino superior credenciada; ou Diploma de gradua\u00e7\u00e3o devidamente registrado de curso superior legalmente reconhecido de Licenciatura Plena na \u00e1rea de Linguagens, com habilita\u00e7\u00e3o para doc\u00eancia de Educa\u00e7\u00e3o F\u00edsica nos anos finais do ensino fundamental e no ensino m\u00e9dio; ou Diploma de gradua\u00e7\u00e3o devidamente registrado de curso superior legalmente reconhecido de Bacharelado ou Tecnol\u00f3gico, acrescido de certificado de curso de forma\u00e7\u00e3o pedag\u00f3gica para graduados n\u00e3o licenciados, realizado nos termos da legisla\u00e7\u00e3o espec\u00edfica, com habilita\u00e7\u00e3o espec\u00edfica em Educa\u00e7\u00e3o F\u00edsica.\" data-balloon-pos=\"up\">Professor de Educa\u00e7\u00e3o B\u00e1sica: Educa\u00e7\u00e3o F\u00edsica<\/span><\/td>\r\n<td class=\"cvagas\">247<\/td>\r\n<td class=\"cremuneracao\">R$ 2.774,82 \/24h<\/td>\r\n<\/tr><tr>\r\n<td class=\"ccargos\">\r\n<span data-balloon-length=\"medium\" aria-label=\"Diploma devidamente registrado de curso superior legalmente reconhecido de Licenciatura Plena em Ensino Religioso, Ci\u00eancias da Religi\u00e3o ou Educa\u00e7\u00e3o Religiosa, expedido por institui\u00e7\u00e3o de ensino superior credenciada; ou Diploma devidamente registrado de curso superior legalmente reconhecido de Licenciatura Plena em qualquer \u00e1rea do conhecimento, expedido por institui\u00e7\u00e3o de ensino superior credenciada, cuja matriz curricular inclua conte\u00fado relativo a Ci\u00eancias da Religi\u00e3o, Metodologia e Filosofia do Ensino Religioso ou Educa\u00e7\u00e3o Religiosa, com carga hor\u00e1ria m\u00ednima de quinhentas horas; ou Diploma devidamente registrado de curso superior legalmente reconhecido de Licenciatura Plena em qualquer \u00e1rea do conhecimento acrescido de certificado de p\u00f3s-gradua\u00e7\u00e3o lato sensu em Ensino Religioso ou Ci\u00eancias da Religi\u00e3o, com carga hor\u00e1ria m\u00ednima de trezentas e sessenta horas, expedidos por institui\u00e7\u00e3o de ensino superior credenciada, em cujo caso o referido certificado n\u00e3o poder\u00e1 ser pontuado na prova de t\u00edtulos; ou Diploma devidamente registrado de curso superior legalmente reconhecido de Licenciatura Plena em qualquer \u00e1rea do conhecimento, expedido por institui\u00e7\u00e3o de ensino superior credenciada, acrescido de curso de p\u00f3s-gradua\u00e7\u00e3o stricto sensu, em n\u00edvel de Mestrado ou Doutorado, em Ensino Religioso ou Ci\u00eancias da Religi\u00e3o, reconhecido e recomendado pela CAPES, em cujo caso o diploma do referido curso de Mestrado ou Doutorado n\u00e3o poder\u00e1 ser pontuado na prova de t\u00edtulos; ou Diploma devidamente registrado de curso superior legalmente reconhecido de Licenciatura Plena em qualquer \u00e1rea do conhecimento, expedido por institui\u00e7\u00e3o de ensino superior credenciada, acrescido de curso de Metodologia e Filosofia do Ensino Religioso oferecido at\u00e9 6 de janeiro de 2005, data de publica\u00e7\u00e3o da Lei n\u00ba 15.434, de 5 de janeiro de 2005, por entidades ou institui\u00e7\u00f5es de ensino credenciadas e reconhecidas pela Secretaria de Estado de Educa\u00e7\u00e3o de Minas Gerais; ou Diploma devidamente registrado de curso superior legalmente reconhecido de Bacharelado ou Tecnol\u00f3gico, acrescido de certificado de curso de forma\u00e7\u00e3o pedag\u00f3gica para graduados n\u00e3o licenciados, realizado nos termos da legisla\u00e7\u00e3o espec\u00edfica, com habilita\u00e7\u00e3o espec\u00edfica em Ensino Religioso, Ci\u00eancias da Religi\u00e3o ou Educa\u00e7\u00e3o Religiosa.\" data-balloon-pos=\"up\">Professor de Educa\u00e7\u00e3o B\u00e1sica: Ensino Religioso<\/span><\/td>\r\n<td class=\"cvagas\">865<\/td>\r\n<td class=\"cremuneracao\">R$ 2.774,82 \/24h<\/td>\r\n<\/tr><tr>\r\n<td class=\"ccargos\">\r\n<span data-balloon-length=\"medium\" aria-label=\"Diploma de gradua\u00e7\u00e3o devidamente registrado de curso superior legalmente reconhecido de Licenciatura Plena em Filosofia, expedido por institui\u00e7\u00e3o de ensino superior credenciada; ou Diploma de gradua\u00e7\u00e3o devidamente registrado de curso superior legalmente reconhecido de Licenciatura Plena na \u00e1rea de Ci\u00eancias Humanas, com habilita\u00e7\u00e3o para doc\u00eancia de Filosofia no ensino m\u00e9dio; ou Diploma de gradua\u00e7\u00e3o devidamente registrado de curso superior legalmente reconhecido de Bacharelado ou Tecnol\u00f3gico, acrescido de certificado de curso de forma\u00e7\u00e3o pedag\u00f3gica para graduados n\u00e3o licenciados, realizado nos termos da legisla\u00e7\u00e3o espec\u00edfica, com habilita\u00e7\u00e3o espec\u00edfica em Filosofia.\" data-balloon-pos=\"up\">Professor de Educa\u00e7\u00e3o B\u00e1sica: Filosofia<\/span><\/td>\r\n<td class=\"cvagas\">462<\/td>\r\n<td class=\"cremuneracao\">R$ 2.774,82 \/24h<\/td>\r\n<\/tr><tr>\r\n<td class=\"ccargos\">\r\n<span data-balloon-length=\"medium\" aria-label=\"Diploma de gradua\u00e7\u00e3o devidamente registrado de curso superior legalmente reconhecido de Licenciatura Plena em F\u00edsica, expedido por institui\u00e7\u00e3o de ensino superior credenciada; ou Diploma de gradua\u00e7\u00e3o devidamente registrado de curso superior legalmente reconhecido de Licenciatura Plena na \u00e1rea de Ci\u00eancias da Natureza, com habilita\u00e7\u00e3o para doc\u00eancia de F\u00edsica no ensino m\u00e9dio; ou Diploma de gradua\u00e7\u00e3o devidamente registrado de curso superior legalmente reconhecido de Bacharelado ou Tecnol\u00f3gico, acrescido de certificado de curso de forma\u00e7\u00e3o pedag\u00f3gica para graduados n\u00e3o licenciados, realizado nos termos da legisla\u00e7\u00e3o espec\u00edfica, com habilita\u00e7\u00e3o espec\u00edfica em F\u00edsica.\" data-balloon-pos=\"up\">Professor de Educa\u00e7\u00e3o B\u00e1sica: F\u00edsica<\/span><\/td>\r\n<td class=\"cvagas\">486<\/td>\r\n<td class=\"cremuneracao\">R$ 2.774,82 \/24h<\/td>\r\n<\/tr><tr>\r\n<td class=\"ccargos\">\r\n<span data-balloon-length=\"medium\" aria-label=\"Diploma de gradua\u00e7\u00e3o devidamente registrado de curso superior legalmente reconhecido de Licenciatura Plena em Geografia, expedido por institui\u00e7\u00e3o de ensino superior credenciada; ou Diploma de gradua\u00e7\u00e3o devidamente registrado de curso superior legalmente reconhecido de Licenciatura Plena na \u00e1rea de Ci\u00eancias Humanas, com habilita\u00e7\u00e3o para doc\u00eancia de Geografia nos anos finais do ensino fundamental e no ensino m\u00e9dio; ou Diploma de gradua\u00e7\u00e3o devidamente registrado de curso superior legalmente reconhecido de Bacharelado ou Tecnol\u00f3gico, acrescido de certificado de curso de forma\u00e7\u00e3o pedag\u00f3gica para graduados n\u00e3o licenciados, realizado nos termos da legisla\u00e7\u00e3o espec\u00edfica, com habilita\u00e7\u00e3o espec\u00edfica em Geografia.\" data-balloon-pos=\"up\">Professor de Educa\u00e7\u00e3o B\u00e1sica: Geografia<\/span><\/td>\r\n<td class=\"cvagas\">605<\/td>\r\n<td class=\"cremuneracao\">R$ 2.774,82 \/24h<\/td>\r\n<\/tr><tr>\r\n<td class=\"ccargos\">\r\n<span data-balloon-length=\"medium\" aria-label=\"Diploma de gradua\u00e7\u00e3o devidamente registrado de curso superior legalmente reconhecido de Licenciatura Plena em Hist\u00f3ria, expedido por institui\u00e7\u00e3o de ensino superior credenciada; ou Diploma de gradua\u00e7\u00e3o devidamente registrado de curso superior legalmente reconhecido de Licenciatura Plena na \u00e1rea de Ci\u00eancias Humanas, com habilita\u00e7\u00e3o para doc\u00eancia de Hist\u00f3ria nos anos finais do ensino fundamental e no ensino m\u00e9dio; ou Diploma de gradua\u00e7\u00e3o devidamente registrado de curso superior legalmente reconhecido de Bacharelado ou Tecnol\u00f3gico, acrescido de certificado de curso de forma\u00e7\u00e3o pedag\u00f3gica para graduados n\u00e3o licenciados, realizado nos termos da legisla\u00e7\u00e3o espec\u00edfica, com habilita\u00e7\u00e3o espec\u00edfica em Hist\u00f3ria.\" data-balloon-pos=\"up\">Professor de Educa\u00e7\u00e3o B\u00e1sica: Hist\u00f3ria<\/span><\/td>\r\n<td class=\"cvagas\">539 + CR<\/td>\r\n<td class=\"cremuneracao\">R$ 2.774,82 \/24h<\/td>\r\n<\/tr><tr>\r\n<td class=\"ccargos\">\r\n<span data-balloon-length=\"medium\" aria-label=\"Diploma de gradua\u00e7\u00e3o devidamente registrado de curso superior legalmente reconhecido de Licenciatura Plena em Letras, com habilita\u00e7\u00e3o em Ingl\u00eas, expedido por institui\u00e7\u00e3o de ensino superior credenciada; ou Diploma de gradua\u00e7\u00e3o devidamente registrado de curso superior legalmente reconhecido de Licenciatura Plena na \u00e1rea de Linguagens, com habilita\u00e7\u00e3o para doc\u00eancia de Ingl\u00eas nos anos finais do ensino fundamental e no ensino m\u00e9dio; ou Diploma de gradua\u00e7\u00e3o devidamente registrado de curso superior legalmente reconhecido de Bacharelado ou Tecnol\u00f3gico, acrescido de certificado de curso de forma\u00e7\u00e3o pedag\u00f3gica para graduados n\u00e3o licenciados, realizado nos termos da legisla\u00e7\u00e3o espec\u00edfica, com habilita\u00e7\u00e3o espec\u00edfica em Letras\/Ingl\u00eas.\" data-balloon-pos=\"up\">Professor de Educa\u00e7\u00e3o B\u00e1sica: L\u00edngua Inglesa<\/span><\/td>\r\n<td class=\"cvagas\">712<\/td>\r\n<td class=\"cremuneracao\">R$ 2.774,82 \/24h<\/td>\r\n<\/tr><tr>\r\n<td class=\"ccargos\">\r\n<span data-balloon-length=\"medium\" aria-label=\"Diploma de gradua\u00e7\u00e3o devidamente registrado de curso superior legalmente reconhecido de Licenciatura Plena em Letras, com habilita\u00e7\u00e3o em L\u00edngua Portuguesa, expedido por institui\u00e7\u00e3o de ensino superior credenciada; ou Diploma de gradua\u00e7\u00e3o devidamente registrado de curso superior legalmente reconhecido de Licenciatura Plena na \u00e1rea de Linguagens, com habilita\u00e7\u00e3o para doc\u00eancia de L\u00edngua Portuguesa nos anos finais do ensino fundamental e no ensino m\u00e9dio; ou Diploma de gradua\u00e7\u00e3o devidamente registrado de curso superior legalmente reconhecido de Bacharelado ou Tecnol\u00f3gico, acrescido de certificado de curso de forma\u00e7\u00e3o pedag\u00f3gica para graduados n\u00e3o licenciados, realizado nos termos da legisla\u00e7\u00e3o espec\u00edfica, com habilita\u00e7\u00e3o espec\u00edfica em Letras\/L\u00edngua Portuguesa.\" data-balloon-pos=\"up\">Professor de Educa\u00e7\u00e3o B\u00e1sica: L\u00edngua Portuguesa<\/span><\/td>\r\n<td class=\"cvagas\">955<\/td>\r\n<td class=\"cremuneracao\">R$ 2.774,82 \/24h<\/td>\r\n<\/tr><tr>\r\n<td class=\"ccargos\">\r\n<span data-balloon-length=\"medium\" aria-label=\"Diploma de gradua\u00e7\u00e3o devidamente registrado de curso superior legalmente reconhecido de Licenciatura Plena em Matem\u00e1tica, expedido por institui\u00e7\u00e3o de ensino superior credenciada; ou Diploma de gradua\u00e7\u00e3o devidamente registrado de curso superior legalmente reconhecido de Licenciatura Plena na \u00e1rea de Matem\u00e1tica, com habilita\u00e7\u00e3o para doc\u00eancia de Matem\u00e1tica nos anos finais do ensino fundamental e no ensino m\u00e9dio; ou Diploma de gradua\u00e7\u00e3o devidamente registrado de curso superior legalmente reconhecido de Bacharelado ou Tecnol\u00f3gico, acrescido de certificado de curso de forma\u00e7\u00e3o pedag\u00f3gica para graduados n\u00e3o licenciados, realizado nos termos da legisla\u00e7\u00e3o espec\u00edfica, com habilita\u00e7\u00e3o espec\u00edfica em Matem\u00e1tica.\" data-balloon-pos=\"up\">Professor de Educa\u00e7\u00e3o B\u00e1sica: Matem\u00e1tica<\/span><\/td>\r\n<td class=\"cvagas\">1047<\/td>\r\n<td class=\"cremuneracao\">R$ 2.774,82 \/24h<\/td>\r\n<\/tr><tr>\r\n<td class=\"ccargos\">\r\n<span data-balloon-length=\"medium\" aria-label=\"Diploma de gradua\u00e7\u00e3o devidamente registrado de curso superior legalmente reconhecido de Licenciatura Plena em Qu\u00edmica, expedido por institui\u00e7\u00e3o de ensino superior credenciada; ou Diploma de gradua\u00e7\u00e3o devidamente registrado de curso superior legalmente reconhecido de Licenciatura Plena na \u00e1rea de Ci\u00eancias da Natureza, com habilita\u00e7\u00e3o para doc\u00eancia de Qu\u00edmica no ensino m\u00e9dio; ou Diploma de gradua\u00e7\u00e3o devidamente registrado de curso superior legalmente reconhecido de Bacharelado ou Tecnol\u00f3gico, acrescido de certificado de curso de forma\u00e7\u00e3o pedag\u00f3gica para graduados n\u00e3o licenciados, realizado nos termos da legisla\u00e7\u00e3o espec\u00edfica, com habilita\u00e7\u00e3o espec\u00edfica em Qu\u00edmica.\" data-balloon-pos=\"up\">Professor de Educa\u00e7\u00e3o B\u00e1sica: Qu\u00edmica<\/span><\/td>\r\n<td class=\"cvagas\">442<\/td>\r\n<td class=\"cremuneracao\">R$ 2.774,82 \/24h<\/td>\r\n<\/tr><tr>\r\n<td class=\"ccargos\">\r\n<span data-balloon-length=\"medium\" aria-label=\"Diploma de gradua\u00e7\u00e3o devidamente registrado de curso superior legalmente reconhecido de Licenciatura Plena em Ci\u00eancias Sociais ou Sociologia, expedido por institui\u00e7\u00e3o de ensino superior credenciada; ou Diploma de gradua\u00e7\u00e3o devidamente registrado de curso superior legalmente reconhecido de Licenciatura Plena na \u00e1rea de Ci\u00eancias Humanas, com habilita\u00e7\u00e3o para doc\u00eancia de Sociologia no ensino m\u00e9dio; ou Diploma de gradua\u00e7\u00e3o devidamente registrado de curso superior legalmente reconhecido de Bacharelado ou Tecnol\u00f3gico, acrescido de certificado de curso de forma\u00e7\u00e3o pedag\u00f3gica para graduados n\u00e3o licenciados, realizado nos termos da legisla\u00e7\u00e3o espec\u00edfica, com habilita\u00e7\u00e3o espec\u00edfica em Sociologia.\" data-balloon-pos=\"up\">Professor de Educa\u00e7\u00e3o B\u00e1sica: Sociologia<\/span><\/td>\r\n<td class=\"cvagas\">504<\/td>\r\n<td class=\"cremuneracao\">R$ 2.774,82 \/24h<\/td>\r\n<\/tr><tr>\r\n<td class=\"ccargos\">\r\n<span data-balloon-length=\"medium\" aria-label=\"Diploma de gradua\u00e7\u00e3o devidamente registrado de curso superior legalmente reconhecido de Licenciatura Plena em Educa\u00e7\u00e3o Especial, ou Normal Superior acrescido de certificado de p\u00f3s-gradua\u00e7\u00e3o em Educa\u00e7\u00e3o Especial, ou Pedagogia acrescido de certificado de p\u00f3s-gradua\u00e7\u00e3o em Educa\u00e7\u00e3o Especial, expedidos por institui\u00e7\u00e3o de ensino superior credenciada.\" data-balloon-pos=\"up\">Professor para atuar na Educa\u00e7\u00e3o Especial<\/span><\/td>\r\n<td class=\"cvagas\">846<\/td>\r\n<td class=\"cremuneracao\">R$ 2.774,82 \/24h<\/td>\r\n<\/tr>\r\n    <\/tbody>\r\n  <\/table>\r\n<\/div>"},"_links":{"self":[{"href":"https:\/\/www.agrobase.com.br\/concursos\/wp-json\/wp\/v2\/posts\/266911","targetHints":{"allow":["GET"]}}],"collection":[{"href":"https:\/\/www.agrobase.com.br\/concursos\/wp-json\/wp\/v2\/posts"}],"about":[{"href":"https:\/\/www.agrobase.com.br\/concursos\/wp-json\/wp\/v2\/types\/post"}],"author":[{"embeddable":true,"href":"https:\/\/www.agrobase.com.br\/concursos\/wp-json\/wp\/v2\/users\/7"}],"replies":[{"embeddable":true,"href":"https:\/\/www.agrobase.com.br\/concursos\/wp-json\/wp\/v2\/comments?post=266911"}],"version-history":[{"count":4,"href":"https:\/\/www.agrobase.com.br\/concursos\/wp-json\/wp\/v2\/posts\/266911\/revisions"}],"predecessor-version":[{"id":266924,"href":"https:\/\/www.agrobase.com.br\/concursos\/wp-json\/wp\/v2\/posts\/266911\/revisions\/266924"}],"wp:featuredmedia":[{"embeddable":true,"href":"https:\/\/www.agrobase.com.br\/concursos\/wp-json\/wp\/v2\/media\/266923"}],"wp:attachment":[{"href":"https:\/\/www.agrobase.com.br\/concursos\/wp-json\/wp\/v2\/media?parent=266911"}],"wp:term":[{"taxonomy":"category","embeddable":true,"href":"https:\/\/www.agrobase.com.br\/concursos\/wp-json\/wp\/v2\/categories?post=266911"},{"taxonomy":"post_tag","embeddable":true,"href":"https:\/\/www.agrobase.com.br\/concursos\/wp-json\/wp\/v2\/tags?post=266911"},{"taxonomy":"_amplo","embeddable":true,"href":"https:\/\/www.agrobase.com.br\/concursos\/wp-json\/wp\/v2\/_amplo?post=266911"},{"taxonomy":"destaque","embeddable":true,"href":"https:\/\/www.agrobase.com.br\/concursos\/wp-json\/wp\/v2\/destaque?post=266911"},{"taxonomy":"instituicoes","embeddable":true,"href":"https:\/\/www.agrobase.com.br\/concursos\/wp-json\/wp\/v2\/instituicoes?post=266911"}],"curies":[{"name":"wp","href":"https:\/\/api.w.org\/{rel}","templated":true}]}}